{"id":78271,"date":"2024-04-16T17:53:57","date_gmt":"2024-04-16T17:53:57","guid":{"rendered":"https:\/\/www.africa-press.net\/cotedivoire\/politique\/conflit-foncier-a-grand-bassam-le-village-de-modeste-reclame-la-restitution-de-ses-terres-et-appelle-a-la-justice"},"modified":"2024-04-16T19:33:18","modified_gmt":"2024-04-16T19:33:18","slug":"conflit-foncier-a-grand-bassam-le-village-de-modeste-reclame-la-restitution-de-ses-terres-et-appelle-a-la-justice","status":"publish","type":"post","link":"https:\/\/www.africa-press.net\/cotedivoire\/toutes-les-actualites\/conflit-foncier-a-grand-bassam-le-village-de-modeste-reclame-la-restitution-de-ses-terres-et-appelle-a-la-justice","title":{"rendered":"Conflit foncier \u00e0 Grand-Bassam, le village de Modeste r\u00e9clame la restitution de ses terres et appelle \u00e0 la justice"},"content":{"rendered":"<p><span style=\"color: #ff6600\"><strong>Africa-Press &#8211; C\u00f4te d&rsquo;Ivoire. <\/strong><\/span>Un conflit foncier oppose la localite\u0301 de Modeste au roi de Moossou depuis une vingtaine d&rsquo;anne\u0301es.<\/p>\n<p>C&rsquo;est dans ces profondeurs des terres ivoiriennes, au c\u0153ur du village de Modeste que re\u0301sonne un appel vibrant a\u0300 la justice et a\u0300 la restitution des terres dites spolie\u0301es.<\/p>\n<p>En effet, hier lundi 15 avril 2024, lors d&rsquo;une confe\u0301rence de presse tenue a\u0300 Modeste, les repre\u0301sentants de ce village ancestral ont porte\u0301 haut et fort leur voix, de\u0301nonc\u0327ant une histoire de spoliation et d&rsquo;injustice qui dure depuis trop longtemps.<\/p>\n<p>Au centre des de\u0301bats se trouve un conflit foncier de\u0301chirant opposant le village de Modeste au roi des Aboure\u0301 \u00ab\u00a0Ehe\u0301\u00a0\u00bb de Moossou, Nanan Assoumou Kangah, et a\u0300 certains acque\u0301reurs. L&rsquo;accusation est lourde: la vente abusive de pre\u0300s de 4000 hectares de terres, un acte perpe\u0301tre\u0301 par la royaute\u0301 de Moossou. Ces terres, vitales pour la subsistance et l&rsquo;identite\u0301 du village de Modeste, ont e\u0301te\u0301 arrache\u0301es de manie\u0300re injuste, privant le village de son patrimoine ancestral.<\/p>\n<p>En tout cas, c&rsquo;est ce qu&rsquo;a fait savoir Moossou Kouame\u0301, secre\u0301taire ge\u0301ne\u0301ral de la chefferie de Modeste qui s&rsquo;est exprime\u0301 avec passion.<\/p>\n<p>\u00ab\u00a0Nous avons e\u0301te\u0301 de\u0301pouille\u0301s de nos terres, notre he\u0301ritage sacre\u0301 vendu au plus offrant sans notre consentement. Pendant plus de deux de\u0301cennies, nous avons combattu pour notre droit a\u0300 la terre, pour notre droit a\u0300 la dignite\u0301.\u00a0\u00bb, a-t-il de\u0301clare\u0301.<\/p>\n<p>Selon Nanan Simon Koney Ahoua, chef du village, il faut que leurs terres soient restitue\u0301es. Il en a profite\u0301 pour lancer un appel a\u0300 l&rsquo;unite\u0301 et a\u0300 la justice.<\/p>\n<p>\u00ab\u00a0Nous re\u0301clamons la restitution de nos terres, mais nous re\u0301clamons surtout justice. Nous demandons que la de\u0301cision de la cour de cassation soit respecte\u0301e, que notre droit a\u0300 la terre soit reconnu et prote\u0301ge\u0301.\u00a0\u00bb, a-t-il plaide\u0301.<\/p>\n<p>Cette que\u0302te pour la justice et la restitution des terres a e\u0301te\u0301 jalonne\u0301e de luttes et de de\u0301fis. Depuis 2016, la chefferie du village de Modeste a bataille\u0301 dans les are\u0300nes judiciaires, remportant victoire apre\u0300s victoire, mais toujours confronte\u0301e a\u0300 l&rsquo;obstination des acque\u0301reurs et a\u0300 l&rsquo;inertie des autorite\u0301s locales.<\/p>\n<p>Moossou Kouame\u0301 a insiste\u0301 sur la volonte\u0301 pacifique du peuple de Modeste: \u00ab\u00a0Nous sommes un peuple de paix, mais notre patience a des limites. Nous appelons a\u0300 un re\u0300glement amiable, mais nous sommes pre\u0302ts a\u0300 de\u0301fendre nos droits avec de\u0301termination.\u00a0\u00bb<\/p>\n<p>Au-dela\u0300 de la lutte juridique, c&rsquo;est une lutte pour l&rsquo;a\u0302me et l&rsquo;identite\u0301 d&rsquo;un village qui se joue. Les terres de Modeste sont bien plus que de simples parcelles de terre ; elles sont le socle sur lequel repose l&rsquo;histoire, la culture et la subsistance de toute une communaute\u0301.<\/p>\n<p>Alors que le village de Modeste se bat pour sa survie et sa dignite\u0301, son appel a\u0300 la justice re\u0301sonne bien au-dela\u0300 de ses frontie\u0300res. C&rsquo;est un appel a\u0300 la solidarite\u0301, a\u0300 la compassion et a\u0300 la reconnaissance des droits fonciers ancestraux de tous les peuples autochtones.<\/p>\n<p>Dans cette saga de justice et de re\u0301silience, la notabilite\u0301 du village de Modeste affirme qu&rsquo;elle incarne l&rsquo;espoir et la de\u0301termination d&rsquo;une communaute\u0301 a\u0300 de\u0301fendre son he\u0301ritage contre vents et mare\u0301es. Et tant que la lutte continuera, le village de Modeste restera un symbole vivant de courage et de dignite\u0301.<\/p>\n<p><strong>Pour plus d&rsquo;informations et d&rsquo;analyses sur la <a href=\"https:\/\/www.africa-press.net\/cotedivoire\">C\u00f4te d&rsquo;Ivoire<\/a>, suivez <a href=\"https:\/\/www.africa-press.net\/\">Africa-Press<\/a><\/strong><\/p>\n","protected":false},"excerpt":{"rendered":"<p>Africa-Press &#8211; C\u00f4te d&rsquo;Ivoire. Un conflit foncier oppose la localite\u0301 de Modeste au roi de Moossou depuis une vingtaine d&rsquo;anne\u0301es. C&rsquo;est dans ces profondeurs des terres ivoiriennes, au c\u0153ur du village de Modeste que re\u0301sonne un appel vibrant a\u0300 la justice et a\u0300 la restitution des terres dites spolie\u0301es. En effet, hier lundi 15 avril [&hellip;]<\/p>\n","protected":false},"author":82,"featured_media":78269,"comment_status":"open","ping_status":"closed","sticky":false,"template":"","format":"standard","meta":{"footnotes":""},"categories":[21,10],"tags":[56,63,667,944,29,55,1096,5214,5450,13150,264],"class_list":["post-78271","post","type-post","status-publish","format-standard","has-post-thumbnail","hentry","category-communaute","category-toutes-les-actualites","tag-africa-press","tag-africa-press-cote-divoire","tag-bassam","tag-conflit","tag-cote-divoire","tag-justice","tag-modeste","tag-moossou","tag-nanan","tag-notabilite","tag-terre"],"yoast_head":"<!-- This site is optimized with the Yoast SEO Premium plugin v26.1 (Yoast SEO v27.0) - https:\/\/yoast.com\/product\/yoast-seo-premium-wordpress\/ -->\n<title>Conflit foncier \u00e0 Grand-Bassam, le village de Modeste r\u00e9clame la restitution de ses terres et appelle \u00e0 la justice - C\u00f4te d&#039;Ivoire<\/title>\n<meta name=\"description\" content=\"Un conflit foncier oppose la localite\u0301 de Modeste au roi de Moossou depuis une vingtaine d&#039;anne\u0301es. C&#039;est dans ces prof ...\" \/>\n<meta name=\"robots\" content=\"index, follow, max-snippet:-1, max-image-preview:large, max-video-preview:-1\" \/>\n<link rel=\"canonical\" href=\"https:\/\/www.africa-press.net\/cotedivoire\/toutes-les-actualites\/conflit-foncier-a-grand-bassam-le-village-de-modeste-reclame-la-restitution-de-ses-terres-et-appelle-a-la-justice\" \/>\n<meta property=\"og:locale\" content=\"fr_FR\" \/>\n<meta property=\"og:type\" content=\"article\" \/>\n<meta property=\"og:title\" content=\"Conflit foncier \u00e0 Grand-Bassam, le village de Modeste r\u00e9clame la restitution de ses terres et appelle \u00e0 la justice\" \/>\n<meta property=\"og:description\" content=\"Un conflit foncier oppose la localite\u0301 de Modeste au roi de Moossou depuis une vingtaine d&#039;anne\u0301es. C&#039;est dans ces prof ...\" \/>\n<meta property=\"og:url\" content=\"https:\/\/www.africa-press.net\/cotedivoire\/toutes-les-actualites\/conflit-foncier-a-grand-bassam-le-village-de-modeste-reclame-la-restitution-de-ses-terres-et-appelle-a-la-justice\" \/>\n<meta property=\"og:site_name\" content=\"C\u00f4te d&#039;Ivoire\" \/>\n<meta property=\"article:published_time\" content=\"2024-04-16T17:53:57+00:00\" \/>\n<meta property=\"article:modified_time\" content=\"2024-04-16T19:33:18+00:00\" \/>\n<meta property=\"og:image\" content=\"https:\/\/static.africa-press.net\/cote\/sites\/43\/2024\/04\/sm_1713283213.804728.jpg\" \/>\n\t<meta property=\"og:image:width\" content=\"720\" \/>\n\t<meta property=\"og:image:height\" content=\"400\" \/>\n\t<meta property=\"og:image:type\" content=\"image\/jpeg\" \/>\n<meta name=\"author\" content=\"cfeditorfr\" \/>\n<meta name=\"twitter:card\" content=\"summary_large_image\" \/>\n<meta name=\"twitter:label1\" content=\"\u00c9crit par\" \/>\n\t<meta name=\"twitter:data1\" content=\"cfeditorfr\" \/>\n\t<meta name=\"twitter:label2\" content=\"Dur\u00e9e de lecture estim\u00e9e\" \/>\n\t<meta name=\"twitter:data2\" content=\"3 minutes\" \/>\n<script type=\"application\/ld+json\" class=\"yoast-schema-graph\">{\"@context\":\"https:\/\/schema.org\",\"@graph\":[{\"@type\":\"Article\",\"@id\":\"https:\/\/www.africa-press.net\/cotedivoire\/toutes-les-actualites\/conflit-foncier-a-grand-bassam-le-village-de-modeste-reclame-la-restitution-de-ses-terres-et-appelle-a-la-justice#article\",\"isPartOf\":{\"@id\":\"https:\/\/www.africa-press.net\/cotedivoire\/toutes-les-actualites\/conflit-foncier-a-grand-bassam-le-village-de-modeste-reclame-la-restitution-de-ses-terres-et-appelle-a-la-justice\"},\"author\":{\"name\":\"cfeditorfr\",\"@id\":\"https:\/\/www.africa-press.net\/cotedivoire\/#\/schema\/person\/2b1cf3cd81a31e3cd26889ca66d677f1\"},\"headline\":\"Conflit foncier \u00e0 Grand-Bassam, le village de Modeste r\u00e9clame la restitution de ses terres et appelle \u00e0 la justice\",\"datePublished\":\"2024-04-16T17:53:57+00:00\",\"dateModified\":\"2024-04-16T19:33:18+00:00\",\"mainEntityOfPage\":{\"@id\":\"https:\/\/www.africa-press.net\/cotedivoire\/toutes-les-actualites\/conflit-foncier-a-grand-bassam-le-village-de-modeste-reclame-la-restitution-de-ses-terres-et-appelle-a-la-justice\"},\"wordCount\":627,\"commentCount\":0,\"image\":{\"@id\":\"https:\/\/www.africa-press.net\/cotedivoire\/toutes-les-actualites\/conflit-foncier-a-grand-bassam-le-village-de-modeste-reclame-la-restitution-de-ses-terres-et-appelle-a-la-justice#primaryimage\"},\"thumbnailUrl\":\"https:\/\/static.africa-press.net\/cote\/sites\/43\/2024\/04\/sm_1713283213.804728.jpg\",\"keywords\":[\"Africa Press\",\"Africa Press-C\u00f4te d'Ivoire\",\"Bassam\",\"conflit\",\"C\u00d4TE D'IVOIRE\",\"Justice\",\"Modeste\",\"Moossou\",\"Nanan\",\"notabilit\u00e9\",\"Terre\"],\"articleSection\":[\"Communaut\u00e9\",\"Toutes les actualit\u00e9s\"],\"inLanguage\":\"fr-FR\",\"potentialAction\":[{\"@type\":\"CommentAction\",\"name\":\"Comment\",\"target\":[\"https:\/\/www.africa-press.net\/cotedivoire\/toutes-les-actualites\/conflit-foncier-a-grand-bassam-le-village-de-modeste-reclame-la-restitution-de-ses-terres-et-appelle-a-la-justice#respond\"]}]},{\"@type\":\"WebPage\",\"@id\":\"https:\/\/www.africa-press.net\/cotedivoire\/toutes-les-actualites\/conflit-foncier-a-grand-bassam-le-village-de-modeste-reclame-la-restitution-de-ses-terres-et-appelle-a-la-justice\",\"url\":\"https:\/\/www.africa-press.net\/cotedivoire\/toutes-les-actualites\/conflit-foncier-a-grand-bassam-le-village-de-modeste-reclame-la-restitution-de-ses-terres-et-appelle-a-la-justice\",\"name\":\"Conflit foncier \u00e0 Grand-Bassam, le village de Modeste r\u00e9clame la restitution de ses terres et appelle \u00e0 la justice - C\u00f4te d&#039;Ivoire\",\"isPartOf\":{\"@id\":\"https:\/\/www.africa-press.net\/cotedivoire\/#website\"},\"primaryImageOfPage\":{\"@id\":\"https:\/\/www.africa-press.net\/cotedivoire\/toutes-les-actualites\/conflit-foncier-a-grand-bassam-le-village-de-modeste-reclame-la-restitution-de-ses-terres-et-appelle-a-la-justice#primaryimage\"},\"image\":{\"@id\":\"https:\/\/www.africa-press.net\/cotedivoire\/toutes-les-actualites\/conflit-foncier-a-grand-bassam-le-village-de-modeste-reclame-la-restitution-de-ses-terres-et-appelle-a-la-justice#primaryimage\"},\"thumbnailUrl\":\"https:\/\/static.africa-press.net\/cote\/sites\/43\/2024\/04\/sm_1713283213.804728.jpg\",\"datePublished\":\"2024-04-16T17:53:57+00:00\",\"dateModified\":\"2024-04-16T19:33:18+00:00\",\"author\":{\"@id\":\"https:\/\/www.africa-press.net\/cotedivoire\/#\/schema\/person\/2b1cf3cd81a31e3cd26889ca66d677f1\"},\"description\":\"Un conflit foncier oppose la localite\u0301 de Modeste au roi de Moossou depuis une vingtaine d'anne\u0301es. C'est dans ces prof ...\",\"breadcrumb\":{\"@id\":\"https:\/\/www.africa-press.net\/cotedivoire\/toutes-les-actualites\/conflit-foncier-a-grand-bassam-le-village-de-modeste-reclame-la-restitution-de-ses-terres-et-appelle-a-la-justice#breadcrumb\"},\"inLanguage\":\"fr-FR\",\"potentialAction\":[{\"@type\":\"ReadAction\",\"target\":[\"https:\/\/www.africa-press.net\/cotedivoire\/toutes-les-actualites\/conflit-foncier-a-grand-bassam-le-village-de-modeste-reclame-la-restitution-de-ses-terres-et-appelle-a-la-justice\"]}]},{\"@type\":\"ImageObject\",\"inLanguage\":\"fr-FR\",\"@id\":\"https:\/\/www.africa-press.net\/cotedivoire\/toutes-les-actualites\/conflit-foncier-a-grand-bassam-le-village-de-modeste-reclame-la-restitution-de-ses-terres-et-appelle-a-la-justice#primaryimage\",\"url\":\"https:\/\/static.africa-press.net\/cote\/sites\/43\/2024\/04\/sm_1713283213.804728.jpg\",\"contentUrl\":\"https:\/\/static.africa-press.net\/cote\/sites\/43\/2024\/04\/sm_1713283213.804728.jpg\",\"width\":720,\"height\":400,\"caption\":\"Conflit foncier \u00e0 Grand-Bassam, le village de Modeste r\u00e9clame la restitution de ses terres et appelle \u00e0 la justice\"},{\"@type\":\"BreadcrumbList\",\"@id\":\"https:\/\/www.africa-press.net\/cotedivoire\/toutes-les-actualites\/conflit-foncier-a-grand-bassam-le-village-de-modeste-reclame-la-restitution-de-ses-terres-et-appelle-a-la-justice#breadcrumb\",\"itemListElement\":[{\"@type\":\"ListItem\",\"position\":1,\"name\":\"Accueil\",\"item\":\"https:\/\/www.africa-press.net\/cotedivoire\/\"},{\"@type\":\"ListItem\",\"position\":2,\"name\":\"Conflit foncier \u00e0 Grand-Bassam, le village de Modeste r\u00e9clame la restitution de ses terres et appelle \u00e0 la justice\"}]},{\"@type\":\"WebSite\",\"@id\":\"https:\/\/www.africa-press.net\/cotedivoire\/#website\",\"url\":\"https:\/\/www.africa-press.net\/cotedivoire\/\",\"name\":\"C\u00f4te d&#039;Ivoire\",\"description\":\"Just another Africa News Agency Sites site\",\"potentialAction\":[{\"@type\":\"SearchAction\",\"target\":{\"@type\":\"EntryPoint\",\"urlTemplate\":\"https:\/\/www.africa-press.net\/cotedivoire\/?s={search_term_string}\"},\"query-input\":{\"@type\":\"PropertyValueSpecification\",\"valueRequired\":true,\"valueName\":\"search_term_string\"}}],\"inLanguage\":\"fr-FR\"},{\"@type\":\"Person\",\"@id\":\"https:\/\/www.africa-press.net\/cotedivoire\/#\/schema\/person\/2b1cf3cd81a31e3cd26889ca66d677f1\",\"name\":\"cfeditorfr\"}]}<\/script>\n<!-- \/ Yoast SEO Premium plugin. -->","yoast_head_json":{"title":"Conflit foncier \u00e0 Grand-Bassam, le village de Modeste r\u00e9clame la restitution de ses terres et appelle \u00e0 la justice - C\u00f4te d&#039;Ivoire","description":"Un conflit foncier oppose la localite\u0301 de Modeste au roi de Moossou depuis une vingtaine d'anne\u0301es. C'est dans ces prof ...","robots":{"index":"index","follow":"follow","max-snippet":"max-snippet:-1","max-image-preview":"max-image-preview:large","max-video-preview":"max-video-preview:-1"},"canonical":"https:\/\/www.africa-press.net\/cotedivoire\/toutes-les-actualites\/conflit-foncier-a-grand-bassam-le-village-de-modeste-reclame-la-restitution-de-ses-terres-et-appelle-a-la-justice","og_locale":"fr_FR","og_type":"article","og_title":"Conflit foncier \u00e0 Grand-Bassam, le village de Modeste r\u00e9clame la restitution de ses terres et appelle \u00e0 la justice","og_description":"Un conflit foncier oppose la localite\u0301 de Modeste au roi de Moossou depuis une vingtaine d'anne\u0301es. C'est dans ces prof ...","og_url":"https:\/\/www.africa-press.net\/cotedivoire\/toutes-les-actualites\/conflit-foncier-a-grand-bassam-le-village-de-modeste-reclame-la-restitution-de-ses-terres-et-appelle-a-la-justice","og_site_name":"C\u00f4te d&#039;Ivoire","article_published_time":"2024-04-16T17:53:57+00:00","article_modified_time":"2024-04-16T19:33:18+00:00","og_image":[{"width":720,"height":400,"url":"https:\/\/static.africa-press.net\/cote\/sites\/43\/2024\/04\/sm_1713283213.804728.jpg","type":"image\/jpeg"}],"author":"cfeditorfr","twitter_card":"summary_large_image","twitter_misc":{"\u00c9crit par":"cfeditorfr","Dur\u00e9e de lecture estim\u00e9e":"3 minutes"},"schema":{"@context":"https:\/\/schema.org","@graph":[{"@type":"Article","@id":"https:\/\/www.africa-press.net\/cotedivoire\/toutes-les-actualites\/conflit-foncier-a-grand-bassam-le-village-de-modeste-reclame-la-restitution-de-ses-terres-et-appelle-a-la-justice#article","isPartOf":{"@id":"https:\/\/www.africa-press.net\/cotedivoire\/toutes-les-actualites\/conflit-foncier-a-grand-bassam-le-village-de-modeste-reclame-la-restitution-de-ses-terres-et-appelle-a-la-justice"},"author":{"name":"cfeditorfr","@id":"https:\/\/www.africa-press.net\/cotedivoire\/#\/schema\/person\/2b1cf3cd81a31e3cd26889ca66d677f1"},"headline":"Conflit foncier \u00e0 Grand-Bassam, le village de Modeste r\u00e9clame la restitution de ses terres et appelle \u00e0 la justice","datePublished":"2024-04-16T17:53:57+00:00","dateModified":"2024-04-16T19:33:18+00:00","mainEntityOfPage":{"@id":"https:\/\/www.africa-press.net\/cotedivoire\/toutes-les-actualites\/conflit-foncier-a-grand-bassam-le-village-de-modeste-reclame-la-restitution-de-ses-terres-et-appelle-a-la-justice"},"wordCount":627,"commentCount":0,"image":{"@id":"https:\/\/www.africa-press.net\/cotedivoire\/toutes-les-actualites\/conflit-foncier-a-grand-bassam-le-village-de-modeste-reclame-la-restitution-de-ses-terres-et-appelle-a-la-justice#primaryimage"},"thumbnailUrl":"https:\/\/static.africa-press.net\/cote\/sites\/43\/2024\/04\/sm_1713283213.804728.jpg","keywords":["Africa Press","Africa Press-C\u00f4te d'Ivoire","Bassam","conflit","C\u00d4TE D'IVOIRE","Justice","Modeste","Moossou","Nanan","notabilit\u00e9","Terre"],"articleSection":["Communaut\u00e9","Toutes les actualit\u00e9s"],"inLanguage":"fr-FR","potentialAction":[{"@type":"CommentAction","name":"Comment","target":["https:\/\/www.africa-press.net\/cotedivoire\/toutes-les-actualites\/conflit-foncier-a-grand-bassam-le-village-de-modeste-reclame-la-restitution-de-ses-terres-et-appelle-a-la-justice#respond"]}]},{"@type":"WebPage","@id":"https:\/\/www.africa-press.net\/cotedivoire\/toutes-les-actualites\/conflit-foncier-a-grand-bassam-le-village-de-modeste-reclame-la-restitution-de-ses-terres-et-appelle-a-la-justice","url":"https:\/\/www.africa-press.net\/cotedivoire\/toutes-les-actualites\/conflit-foncier-a-grand-bassam-le-village-de-modeste-reclame-la-restitution-de-ses-terres-et-appelle-a-la-justice","name":"Conflit foncier \u00e0 Grand-Bassam, le village de Modeste r\u00e9clame la restitution de ses terres et appelle \u00e0 la justice - C\u00f4te d&#039;Ivoire","isPartOf":{"@id":"https:\/\/www.africa-press.net\/cotedivoire\/#website"},"primaryImageOfPage":{"@id":"https:\/\/www.africa-press.net\/cotedivoire\/toutes-les-actualites\/conflit-foncier-a-grand-bassam-le-village-de-modeste-reclame-la-restitution-de-ses-terres-et-appelle-a-la-justice#primaryimage"},"image":{"@id":"https:\/\/www.africa-press.net\/cotedivoire\/toutes-les-actualites\/conflit-foncier-a-grand-bassam-le-village-de-modeste-reclame-la-restitution-de-ses-terres-et-appelle-a-la-justice#primaryimage"},"thumbnailUrl":"https:\/\/static.africa-press.net\/cote\/sites\/43\/2024\/04\/sm_1713283213.804728.jpg","datePublished":"2024-04-16T17:53:57+00:00","dateModified":"2024-04-16T19:33:18+00:00","author":{"@id":"https:\/\/www.africa-press.net\/cotedivoire\/#\/schema\/person\/2b1cf3cd81a31e3cd26889ca66d677f1"},"description":"Un conflit foncier oppose la localite\u0301 de Modeste au roi de Moossou depuis une vingtaine d'anne\u0301es. C'est dans ces prof ...","breadcrumb":{"@id":"https:\/\/www.africa-press.net\/cotedivoire\/toutes-les-actualites\/conflit-foncier-a-grand-bassam-le-village-de-modeste-reclame-la-restitution-de-ses-terres-et-appelle-a-la-justice#breadcrumb"},"inLanguage":"fr-FR","potentialAction":[{"@type":"ReadAction","target":["https:\/\/www.africa-press.net\/cotedivoire\/toutes-les-actualites\/conflit-foncier-a-grand-bassam-le-village-de-modeste-reclame-la-restitution-de-ses-terres-et-appelle-a-la-justice"]}]},{"@type":"ImageObject","inLanguage":"fr-FR","@id":"https:\/\/www.africa-press.net\/cotedivoire\/toutes-les-actualites\/conflit-foncier-a-grand-bassam-le-village-de-modeste-reclame-la-restitution-de-ses-terres-et-appelle-a-la-justice#primaryimage","url":"https:\/\/static.africa-press.net\/cote\/sites\/43\/2024\/04\/sm_1713283213.804728.jpg","contentUrl":"https:\/\/static.africa-press.net\/cote\/sites\/43\/2024\/04\/sm_1713283213.804728.jpg","width":720,"height":400,"caption":"Conflit foncier \u00e0 Grand-Bassam, le village de Modeste r\u00e9clame la restitution de ses terres et appelle \u00e0 la justice"},{"@type":"BreadcrumbList","@id":"https:\/\/www.africa-press.net\/cotedivoire\/toutes-les-actualites\/conflit-foncier-a-grand-bassam-le-village-de-modeste-reclame-la-restitution-de-ses-terres-et-appelle-a-la-justice#breadcrumb","itemListElement":[{"@type":"ListItem","position":1,"name":"Accueil","item":"https:\/\/www.africa-press.net\/cotedivoire\/"},{"@type":"ListItem","position":2,"name":"Conflit foncier \u00e0 Grand-Bassam, le village de Modeste r\u00e9clame la restitution de ses terres et appelle \u00e0 la justice"}]},{"@type":"WebSite","@id":"https:\/\/www.africa-press.net\/cotedivoire\/#website","url":"https:\/\/www.africa-press.net\/cotedivoire\/","name":"C\u00f4te d&#039;Ivoire","description":"Just another Africa News Agency Sites site","potentialAction":[{"@type":"SearchAction","target":{"@type":"EntryPoint","urlTemplate":"https:\/\/www.africa-press.net\/cotedivoire\/?s={search_term_string}"},"query-input":{"@type":"PropertyValueSpecification","valueRequired":true,"valueName":"search_term_string"}}],"inLanguage":"fr-FR"},{"@type":"Person","@id":"https:\/\/www.africa-press.net\/cotedivoire\/#\/schema\/person\/2b1cf3cd81a31e3cd26889ca66d677f1","name":"cfeditorfr"}]}},"_links":{"self":[{"href":"https:\/\/www.africa-press.net\/cotedivoire\/wp-json\/wp\/v2\/posts\/78271","targetHints":{"allow":["GET"]}}],"collection":[{"href":"https:\/\/www.africa-press.net\/cotedivoire\/wp-json\/wp\/v2\/posts"}],"about":[{"href":"https:\/\/www.africa-press.net\/cotedivoire\/wp-json\/wp\/v2\/types\/post"}],"author":[{"embeddable":true,"href":"https:\/\/www.africa-press.net\/cotedivoire\/wp-json\/wp\/v2\/users\/82"}],"replies":[{"embeddable":true,"href":"https:\/\/www.africa-press.net\/cotedivoire\/wp-json\/wp\/v2\/comments?post=78271"}],"version-history":[{"count":0,"href":"https:\/\/www.africa-press.net\/cotedivoire\/wp-json\/wp\/v2\/posts\/78271\/revisions"}],"wp:featuredmedia":[{"embeddable":true,"href":"https:\/\/www.africa-press.net\/cotedivoire\/wp-json\/wp\/v2\/media\/78269"}],"wp:attachment":[{"href":"https:\/\/www.africa-press.net\/cotedivoire\/wp-json\/wp\/v2\/media?parent=78271"}],"wp:term":[{"taxonomy":"category","embeddable":true,"href":"https:\/\/www.africa-press.net\/cotedivoire\/wp-json\/wp\/v2\/categories?post=78271"},{"taxonomy":"post_tag","embeddable":true,"href":"https:\/\/www.africa-press.net\/cotedivoire\/wp-json\/wp\/v2\/tags?post=78271"}],"curies":[{"name":"wp","href":"https:\/\/api.w.org\/{rel}","templated":true}]}}