{"id":7831,"date":"2021-05-17T15:41:15","date_gmt":"2021-05-17T15:41:15","guid":{"rendered":"https:\/\/www.africa-press.net\/cotedivoire\/?p=7831"},"modified":"2021-05-17T16:52:31","modified_gmt":"2021-05-17T16:52:31","slug":"kkb-recoit-les-cadres-du-fpi-de-retour-en-cote-divoire-apres-10-ans-dexil-au-ghana","status":"publish","type":"post","link":"https:\/\/www.africa-press.net\/cotedivoire\/economie\/kkb-recoit-les-cadres-du-fpi-de-retour-en-cote-divoire-apres-10-ans-dexil-au-ghana","title":{"rendered":"KKB re\u00e7oit les cadres du FPI de retour en C\u00f4te-d\u2019Ivoire apr\u00e8s 10 ans d\u2019exil au Ghana"},"content":{"rendered":"<p><span style=\"color: #ff6600\"><strong><a href=\"https:\/\/www.africa-press.net\/\">Africa-Press<\/a> &#8211; <a href=\"https:\/\/www.africa-press.net\/cotedivoire\">C\u00f4te d&rsquo;Ivoire<\/a>. <\/strong><\/span>Le ministre ivoirien de la R\u00e9conciliation et de la coh\u00e9sion sociale a rencontr\u00e9 les cadres du Front Populaire Ivoirien, qui ont r\u00e9cemment regagn\u00e9 la C\u00f4te-d\u2019Ivoire apr\u00e8s dix ann\u00e9es d\u2019exil au Ghana.<\/p>\n<p><b>\u00abJ\u2019ai re\u00e7u des partisans de l\u2019Ex Pr\u00e9sident Ivoirien Laurent GBAGBO qui sont rentr\u00e9s du Ghana apr\u00e8s dix ans d\u2019exil.<br \/>\nIl s\u2019agit de Madame Jeannette Koudou, Monsieur Kon\u00e9 Katinan, Monsieur Damana Adia alias Pickass, Monsieur Tai Zi\u00e9 \u00c9tienne, Monsieur Vehi Tokpa et Monsieur Innocent Kouabenan.<br \/>\nIls ont tenu \u00e0 venir exprimer leur reconnaissance au chef de l\u2019\u00c9tat et \u00e0 son gouvernement par mon canal.\u00bb<\/b><\/p>\n<p>&nbsp;<\/p>\n","protected":false},"excerpt":{"rendered":"<p>Africa-Press &#8211; C\u00f4te d&rsquo;Ivoire. Le ministre ivoirien de la R\u00e9conciliation et de la coh\u00e9sion sociale a rencontr\u00e9 les cadres du Front Populaire Ivoirien, qui ont r\u00e9cemment regagn\u00e9 la C\u00f4te-d\u2019Ivoire apr\u00e8s dix ann\u00e9es d\u2019exil au Ghana. \u00abJ\u2019ai re\u00e7u des partisans de l\u2019Ex Pr\u00e9sident Ivoirien Laurent GBAGBO qui sont rentr\u00e9s du Ghana apr\u00e8s dix ans d\u2019exil. Il [&hellip;]<\/p>\n","protected":false},"author":82,"featured_media":7830,"comment_status":"open","ping_status":"closed","sticky":false,"template":"","format":"standard","meta":{"footnotes":""},"categories":[3,11,10],"tags":[56,63,29],"class_list":["post-7831","post","type-post","status-publish","format-standard","has-post-thumbnail","hentry","category-economie","category-homepage-french","category-toutes-les-actualites","tag-africa-press","tag-africa-press-cote-divoire","tag-cote-divoire"],"yoast_head":"<!-- This site is optimized with the Yoast SEO Premium plugin v26.1 (Yoast SEO v27.0) - https:\/\/yoast.com\/product\/yoast-seo-premium-wordpress\/ -->\n<title>KKB re\u00e7oit les cadres du FPI de retour en C\u00f4te-d\u2019Ivoire apr\u00e8s 10 ans d\u2019exil au Ghana - C\u00f4te d&#039;Ivoire<\/title>\n<meta name=\"description\" content=\"Le ministre ivoirien de la R\u00e9conciliation et de la coh\u00e9sion sociale a rencontr\u00e9 les cadres du Front Populaire Ivoirien, ...\" \/>\n<meta name=\"robots\" content=\"index, follow, max-snippet:-1, max-image-preview:large, max-video-preview:-1\" \/>\n<link rel=\"canonical\" href=\"https:\/\/www.africa-press.net\/cotedivoire\/economie\/kkb-recoit-les-cadres-du-fpi-de-retour-en-cote-divoire-apres-10-ans-dexil-au-ghana\" \/>\n<meta property=\"og:locale\" content=\"fr_FR\" \/>\n<meta property=\"og:type\" content=\"article\" \/>\n<meta property=\"og:title\" content=\"KKB re\u00e7oit les cadres du FPI de retour en C\u00f4te-d\u2019Ivoire apr\u00e8s 10 ans d\u2019exil au Ghana\" \/>\n<meta property=\"og:description\" content=\"Le ministre ivoirien de la R\u00e9conciliation et de la coh\u00e9sion sociale a rencontr\u00e9 les cadres du Front Populaire Ivoirien, ...\" \/>\n<meta property=\"og:url\" content=\"https:\/\/www.africa-press.net\/cotedivoire\/economie\/kkb-recoit-les-cadres-du-fpi-de-retour-en-cote-divoire-apres-10-ans-dexil-au-ghana\" \/>\n<meta property=\"og:site_name\" content=\"C\u00f4te d&#039;Ivoire\" \/>\n<meta property=\"article:published_time\" content=\"2021-05-17T15:41:15+00:00\" \/>\n<meta property=\"article:modified_time\" content=\"2021-05-17T16:52:31+00:00\" \/>\n<meta property=\"og:image\" content=\"https:\/\/static.africa-press.net\/cote\/sites\/43\/2021\/05\/img-60a28e1227e17.jpg\" \/>\n\t<meta property=\"og:image:width\" content=\"1392\" \/>\n\t<meta property=\"og:image:height\" content=\"781\" \/>\n\t<meta property=\"og:image:type\" content=\"image\/jpeg\" \/>\n<meta name=\"author\" content=\"cfeditorfr\" \/>\n<meta name=\"twitter:card\" content=\"summary_large_image\" \/>\n<meta name=\"twitter:label1\" content=\"\u00c9crit par\" \/>\n\t<meta name=\"twitter:data1\" content=\"cfeditorfr\" \/>\n\t<meta name=\"twitter:label2\" content=\"Dur\u00e9e de lecture estim\u00e9e\" \/>\n\t<meta name=\"twitter:data2\" content=\"1 minute\" \/>\n<script type=\"application\/ld+json\" class=\"yoast-schema-graph\">{\"@context\":\"https:\/\/schema.org\",\"@graph\":[{\"@type\":\"Article\",\"@id\":\"https:\/\/www.africa-press.net\/cotedivoire\/economie\/kkb-recoit-les-cadres-du-fpi-de-retour-en-cote-divoire-apres-10-ans-dexil-au-ghana#article\",\"isPartOf\":{\"@id\":\"https:\/\/www.africa-press.net\/cotedivoire\/economie\/kkb-recoit-les-cadres-du-fpi-de-retour-en-cote-divoire-apres-10-ans-dexil-au-ghana\"},\"author\":{\"name\":\"cfeditorfr\",\"@id\":\"https:\/\/www.africa-press.net\/cotedivoire\/#\/schema\/person\/2b1cf3cd81a31e3cd26889ca66d677f1\"},\"headline\":\"KKB re\u00e7oit les cadres du FPI de retour en C\u00f4te-d\u2019Ivoire apr\u00e8s 10 ans d\u2019exil au Ghana\",\"datePublished\":\"2021-05-17T15:41:15+00:00\",\"dateModified\":\"2021-05-17T16:52:31+00:00\",\"mainEntityOfPage\":{\"@id\":\"https:\/\/www.africa-press.net\/cotedivoire\/economie\/kkb-recoit-les-cadres-du-fpi-de-retour-en-cote-divoire-apres-10-ans-dexil-au-ghana\"},\"wordCount\":136,\"commentCount\":0,\"image\":{\"@id\":\"https:\/\/www.africa-press.net\/cotedivoire\/economie\/kkb-recoit-les-cadres-du-fpi-de-retour-en-cote-divoire-apres-10-ans-dexil-au-ghana#primaryimage\"},\"thumbnailUrl\":\"https:\/\/static.africa-press.net\/cote\/sites\/43\/2021\/05\/img-60a28e1227e17.jpg\",\"keywords\":[\"Africa Press\",\"Africa Press-C\u00f4te d'Ivoire\",\"C\u00d4TE D'IVOIRE\"],\"articleSection\":[\"\u00c9conomie\",\"homepage-french\",\"Toutes les actualit\u00e9s\"],\"inLanguage\":\"fr-FR\",\"potentialAction\":[{\"@type\":\"CommentAction\",\"name\":\"Comment\",\"target\":[\"https:\/\/www.africa-press.net\/cotedivoire\/economie\/kkb-recoit-les-cadres-du-fpi-de-retour-en-cote-divoire-apres-10-ans-dexil-au-ghana#respond\"]}]},{\"@type\":\"WebPage\",\"@id\":\"https:\/\/www.africa-press.net\/cotedivoire\/economie\/kkb-recoit-les-cadres-du-fpi-de-retour-en-cote-divoire-apres-10-ans-dexil-au-ghana\",\"url\":\"https:\/\/www.africa-press.net\/cotedivoire\/economie\/kkb-recoit-les-cadres-du-fpi-de-retour-en-cote-divoire-apres-10-ans-dexil-au-ghana\",\"name\":\"KKB re\u00e7oit les cadres du FPI de retour en C\u00f4te-d\u2019Ivoire apr\u00e8s 10 ans d\u2019exil au Ghana - C\u00f4te d&#039;Ivoire\",\"isPartOf\":{\"@id\":\"https:\/\/www.africa-press.net\/cotedivoire\/#website\"},\"primaryImageOfPage\":{\"@id\":\"https:\/\/www.africa-press.net\/cotedivoire\/economie\/kkb-recoit-les-cadres-du-fpi-de-retour-en-cote-divoire-apres-10-ans-dexil-au-ghana#primaryimage\"},\"image\":{\"@id\":\"https:\/\/www.africa-press.net\/cotedivoire\/economie\/kkb-recoit-les-cadres-du-fpi-de-retour-en-cote-divoire-apres-10-ans-dexil-au-ghana#primaryimage\"},\"thumbnailUrl\":\"https:\/\/static.africa-press.net\/cote\/sites\/43\/2021\/05\/img-60a28e1227e17.jpg\",\"datePublished\":\"2021-05-17T15:41:15+00:00\",\"dateModified\":\"2021-05-17T16:52:31+00:00\",\"author\":{\"@id\":\"https:\/\/www.africa-press.net\/cotedivoire\/#\/schema\/person\/2b1cf3cd81a31e3cd26889ca66d677f1\"},\"description\":\"Le ministre ivoirien de la R\u00e9conciliation et de la coh\u00e9sion sociale a rencontr\u00e9 les cadres du Front Populaire Ivoirien, ...\",\"breadcrumb\":{\"@id\":\"https:\/\/www.africa-press.net\/cotedivoire\/economie\/kkb-recoit-les-cadres-du-fpi-de-retour-en-cote-divoire-apres-10-ans-dexil-au-ghana#breadcrumb\"},\"inLanguage\":\"fr-FR\",\"potentialAction\":[{\"@type\":\"ReadAction\",\"target\":[\"https:\/\/www.africa-press.net\/cotedivoire\/economie\/kkb-recoit-les-cadres-du-fpi-de-retour-en-cote-divoire-apres-10-ans-dexil-au-ghana\"]}]},{\"@type\":\"ImageObject\",\"inLanguage\":\"fr-FR\",\"@id\":\"https:\/\/www.africa-press.net\/cotedivoire\/economie\/kkb-recoit-les-cadres-du-fpi-de-retour-en-cote-divoire-apres-10-ans-dexil-au-ghana#primaryimage\",\"url\":\"https:\/\/static.africa-press.net\/cote\/sites\/43\/2021\/05\/img-60a28e1227e17.jpg\",\"contentUrl\":\"https:\/\/static.africa-press.net\/cote\/sites\/43\/2021\/05\/img-60a28e1227e17.jpg\",\"width\":1392,\"height\":781,\"caption\":\"KKB re\u00e7oit les cadres du FPI de retour en C\u00f4te-d\u2019Ivoire apr\u00e8s 10 ans d\u2019exil au Ghana\"},{\"@type\":\"BreadcrumbList\",\"@id\":\"https:\/\/www.africa-press.net\/cotedivoire\/economie\/kkb-recoit-les-cadres-du-fpi-de-retour-en-cote-divoire-apres-10-ans-dexil-au-ghana#breadcrumb\",\"itemListElement\":[{\"@type\":\"ListItem\",\"position\":1,\"name\":\"Accueil\",\"item\":\"https:\/\/www.africa-press.net\/cotedivoire\/\"},{\"@type\":\"ListItem\",\"position\":2,\"name\":\"KKB re\u00e7oit les cadres du FPI de retour en C\u00f4te-d\u2019Ivoire apr\u00e8s 10 ans d\u2019exil au Ghana\"}]},{\"@type\":\"WebSite\",\"@id\":\"https:\/\/www.africa-press.net\/cotedivoire\/#website\",\"url\":\"https:\/\/www.africa-press.net\/cotedivoire\/\",\"name\":\"C\u00f4te d&#039;Ivoire\",\"description\":\"Just another Africa News Agency Sites site\",\"potentialAction\":[{\"@type\":\"SearchAction\",\"target\":{\"@type\":\"EntryPoint\",\"urlTemplate\":\"https:\/\/www.africa-press.net\/cotedivoire\/?s={search_term_string}\"},\"query-input\":{\"@type\":\"PropertyValueSpecification\",\"valueRequired\":true,\"valueName\":\"search_term_string\"}}],\"inLanguage\":\"fr-FR\"},{\"@type\":\"Person\",\"@id\":\"https:\/\/www.africa-press.net\/cotedivoire\/#\/schema\/person\/2b1cf3cd81a31e3cd26889ca66d677f1\",\"name\":\"cfeditorfr\"}]}<\/script>\n<!-- \/ Yoast SEO Premium plugin. -->","yoast_head_json":{"title":"KKB re\u00e7oit les cadres du FPI de retour en C\u00f4te-d\u2019Ivoire apr\u00e8s 10 ans d\u2019exil au Ghana - C\u00f4te d&#039;Ivoire","description":"Le ministre ivoirien de la R\u00e9conciliation et de la coh\u00e9sion sociale a rencontr\u00e9 les cadres du Front Populaire Ivoirien, ...","robots":{"index":"index","follow":"follow","max-snippet":"max-snippet:-1","max-image-preview":"max-image-preview:large","max-video-preview":"max-video-preview:-1"},"canonical":"https:\/\/www.africa-press.net\/cotedivoire\/economie\/kkb-recoit-les-cadres-du-fpi-de-retour-en-cote-divoire-apres-10-ans-dexil-au-ghana","og_locale":"fr_FR","og_type":"article","og_title":"KKB re\u00e7oit les cadres du FPI de retour en C\u00f4te-d\u2019Ivoire apr\u00e8s 10 ans d\u2019exil au Ghana","og_description":"Le ministre ivoirien de la R\u00e9conciliation et de la coh\u00e9sion sociale a rencontr\u00e9 les cadres du Front Populaire Ivoirien, ...","og_url":"https:\/\/www.africa-press.net\/cotedivoire\/economie\/kkb-recoit-les-cadres-du-fpi-de-retour-en-cote-divoire-apres-10-ans-dexil-au-ghana","og_site_name":"C\u00f4te d&#039;Ivoire","article_published_time":"2021-05-17T15:41:15+00:00","article_modified_time":"2021-05-17T16:52:31+00:00","og_image":[{"width":1392,"height":781,"url":"https:\/\/static.africa-press.net\/cote\/sites\/43\/2021\/05\/img-60a28e1227e17.jpg","type":"image\/jpeg"}],"author":"cfeditorfr","twitter_card":"summary_large_image","twitter_misc":{"\u00c9crit par":"cfeditorfr","Dur\u00e9e de lecture estim\u00e9e":"1 minute"},"schema":{"@context":"https:\/\/schema.org","@graph":[{"@type":"Article","@id":"https:\/\/www.africa-press.net\/cotedivoire\/economie\/kkb-recoit-les-cadres-du-fpi-de-retour-en-cote-divoire-apres-10-ans-dexil-au-ghana#article","isPartOf":{"@id":"https:\/\/www.africa-press.net\/cotedivoire\/economie\/kkb-recoit-les-cadres-du-fpi-de-retour-en-cote-divoire-apres-10-ans-dexil-au-ghana"},"author":{"name":"cfeditorfr","@id":"https:\/\/www.africa-press.net\/cotedivoire\/#\/schema\/person\/2b1cf3cd81a31e3cd26889ca66d677f1"},"headline":"KKB re\u00e7oit les cadres du FPI de retour en C\u00f4te-d\u2019Ivoire apr\u00e8s 10 ans d\u2019exil au Ghana","datePublished":"2021-05-17T15:41:15+00:00","dateModified":"2021-05-17T16:52:31+00:00","mainEntityOfPage":{"@id":"https:\/\/www.africa-press.net\/cotedivoire\/economie\/kkb-recoit-les-cadres-du-fpi-de-retour-en-cote-divoire-apres-10-ans-dexil-au-ghana"},"wordCount":136,"commentCount":0,"image":{"@id":"https:\/\/www.africa-press.net\/cotedivoire\/economie\/kkb-recoit-les-cadres-du-fpi-de-retour-en-cote-divoire-apres-10-ans-dexil-au-ghana#primaryimage"},"thumbnailUrl":"https:\/\/static.africa-press.net\/cote\/sites\/43\/2021\/05\/img-60a28e1227e17.jpg","keywords":["Africa Press","Africa Press-C\u00f4te d'Ivoire","C\u00d4TE D'IVOIRE"],"articleSection":["\u00c9conomie","homepage-french","Toutes les actualit\u00e9s"],"inLanguage":"fr-FR","potentialAction":[{"@type":"CommentAction","name":"Comment","target":["https:\/\/www.africa-press.net\/cotedivoire\/economie\/kkb-recoit-les-cadres-du-fpi-de-retour-en-cote-divoire-apres-10-ans-dexil-au-ghana#respond"]}]},{"@type":"WebPage","@id":"https:\/\/www.africa-press.net\/cotedivoire\/economie\/kkb-recoit-les-cadres-du-fpi-de-retour-en-cote-divoire-apres-10-ans-dexil-au-ghana","url":"https:\/\/www.africa-press.net\/cotedivoire\/economie\/kkb-recoit-les-cadres-du-fpi-de-retour-en-cote-divoire-apres-10-ans-dexil-au-ghana","name":"KKB re\u00e7oit les cadres du FPI de retour en C\u00f4te-d\u2019Ivoire apr\u00e8s 10 ans d\u2019exil au Ghana - C\u00f4te d&#039;Ivoire","isPartOf":{"@id":"https:\/\/www.africa-press.net\/cotedivoire\/#website"},"primaryImageOfPage":{"@id":"https:\/\/www.africa-press.net\/cotedivoire\/economie\/kkb-recoit-les-cadres-du-fpi-de-retour-en-cote-divoire-apres-10-ans-dexil-au-ghana#primaryimage"},"image":{"@id":"https:\/\/www.africa-press.net\/cotedivoire\/economie\/kkb-recoit-les-cadres-du-fpi-de-retour-en-cote-divoire-apres-10-ans-dexil-au-ghana#primaryimage"},"thumbnailUrl":"https:\/\/static.africa-press.net\/cote\/sites\/43\/2021\/05\/img-60a28e1227e17.jpg","datePublished":"2021-05-17T15:41:15+00:00","dateModified":"2021-05-17T16:52:31+00:00","author":{"@id":"https:\/\/www.africa-press.net\/cotedivoire\/#\/schema\/person\/2b1cf3cd81a31e3cd26889ca66d677f1"},"description":"Le ministre ivoirien de la R\u00e9conciliation et de la coh\u00e9sion sociale a rencontr\u00e9 les cadres du Front Populaire Ivoirien, ...","breadcrumb":{"@id":"https:\/\/www.africa-press.net\/cotedivoire\/economie\/kkb-recoit-les-cadres-du-fpi-de-retour-en-cote-divoire-apres-10-ans-dexil-au-ghana#breadcrumb"},"inLanguage":"fr-FR","potentialAction":[{"@type":"ReadAction","target":["https:\/\/www.africa-press.net\/cotedivoire\/economie\/kkb-recoit-les-cadres-du-fpi-de-retour-en-cote-divoire-apres-10-ans-dexil-au-ghana"]}]},{"@type":"ImageObject","inLanguage":"fr-FR","@id":"https:\/\/www.africa-press.net\/cotedivoire\/economie\/kkb-recoit-les-cadres-du-fpi-de-retour-en-cote-divoire-apres-10-ans-dexil-au-ghana#primaryimage","url":"https:\/\/static.africa-press.net\/cote\/sites\/43\/2021\/05\/img-60a28e1227e17.jpg","contentUrl":"https:\/\/static.africa-press.net\/cote\/sites\/43\/2021\/05\/img-60a28e1227e17.jpg","width":1392,"height":781,"caption":"KKB re\u00e7oit les cadres du FPI de retour en C\u00f4te-d\u2019Ivoire apr\u00e8s 10 ans d\u2019exil au Ghana"},{"@type":"BreadcrumbList","@id":"https:\/\/www.africa-press.net\/cotedivoire\/economie\/kkb-recoit-les-cadres-du-fpi-de-retour-en-cote-divoire-apres-10-ans-dexil-au-ghana#breadcrumb","itemListElement":[{"@type":"ListItem","position":1,"name":"Accueil","item":"https:\/\/www.africa-press.net\/cotedivoire\/"},{"@type":"ListItem","position":2,"name":"KKB re\u00e7oit les cadres du FPI de retour en C\u00f4te-d\u2019Ivoire apr\u00e8s 10 ans d\u2019exil au Ghana"}]},{"@type":"WebSite","@id":"https:\/\/www.africa-press.net\/cotedivoire\/#website","url":"https:\/\/www.africa-press.net\/cotedivoire\/","name":"C\u00f4te d&#039;Ivoire","description":"Just another Africa News Agency Sites site","potentialAction":[{"@type":"SearchAction","target":{"@type":"EntryPoint","urlTemplate":"https:\/\/www.africa-press.net\/cotedivoire\/?s={search_term_string}"},"query-input":{"@type":"PropertyValueSpecification","valueRequired":true,"valueName":"search_term_string"}}],"inLanguage":"fr-FR"},{"@type":"Person","@id":"https:\/\/www.africa-press.net\/cotedivoire\/#\/schema\/person\/2b1cf3cd81a31e3cd26889ca66d677f1","name":"cfeditorfr"}]}},"_links":{"self":[{"href":"https:\/\/www.africa-press.net\/cotedivoire\/wp-json\/wp\/v2\/posts\/7831","targetHints":{"allow":["GET"]}}],"collection":[{"href":"https:\/\/www.africa-press.net\/cotedivoire\/wp-json\/wp\/v2\/posts"}],"about":[{"href":"https:\/\/www.africa-press.net\/cotedivoire\/wp-json\/wp\/v2\/types\/post"}],"author":[{"embeddable":true,"href":"https:\/\/www.africa-press.net\/cotedivoire\/wp-json\/wp\/v2\/users\/82"}],"replies":[{"embeddable":true,"href":"https:\/\/www.africa-press.net\/cotedivoire\/wp-json\/wp\/v2\/comments?post=7831"}],"version-history":[{"count":0,"href":"https:\/\/www.africa-press.net\/cotedivoire\/wp-json\/wp\/v2\/posts\/7831\/revisions"}],"wp:featuredmedia":[{"embeddable":true,"href":"https:\/\/www.africa-press.net\/cotedivoire\/wp-json\/wp\/v2\/media\/7830"}],"wp:attachment":[{"href":"https:\/\/www.africa-press.net\/cotedivoire\/wp-json\/wp\/v2\/media?parent=7831"}],"wp:term":[{"taxonomy":"category","embeddable":true,"href":"https:\/\/www.africa-press.net\/cotedivoire\/wp-json\/wp\/v2\/categories?post=7831"},{"taxonomy":"post_tag","embeddable":true,"href":"https:\/\/www.africa-press.net\/cotedivoire\/wp-json\/wp\/v2\/tags?post=7831"}],"curies":[{"name":"wp","href":"https:\/\/api.w.org\/{rel}","templated":true}]}}