{"id":7834,"date":"2021-05-17T15:51:05","date_gmt":"2021-05-17T15:51:05","guid":{"rendered":"https:\/\/www.africa-press.net\/cotedivoire\/?p=7834"},"modified":"2021-05-17T16:52:41","modified_gmt":"2021-05-17T16:52:41","slug":"la-perception-excessive-du-risque-associee-a-lafrique-est-lun-des-obstacles-a-son-developpement","status":"publish","type":"post","link":"https:\/\/www.africa-press.net\/cotedivoire\/toutes-les-actualites\/la-perception-excessive-du-risque-associee-a-lafrique-est-lun-des-obstacles-a-son-developpement","title":{"rendered":"\u00ab\u00a0La perception excessive du risque associ\u00e9e \u00e0 l\u2019Afrique est l\u2019un des obstacles \u00e0 son d\u00e9veloppement\u00a0\u00bb"},"content":{"rendered":"<p><span style=\"color: #ff6600\"><strong><a href=\"https:\/\/www.africa-press.net\/\">Africa-Press<\/a> &#8211; <a href=\"https:\/\/www.africa-press.net\/cotedivoire\">C\u00f4te d&rsquo;Ivoire<\/a>. <\/strong><\/span><b>Tribune.<\/b><\/p>\n<p>Le 18 mai, le pr\u00e9sident fran\u00e7ais Emmanuel Macron, qui a appel\u00e9 \u00e0 des \u00ab r\u00e8gles de financement plus \u00e9quitables pour les \u00e9conomies africaines \u00bb, accueille un sommet international sur le financement de la reprise \u00e9conomique sur le continent.<\/p>\n<p>La coordination internationale sera essentielle pour \u00e9galiser l\u2019acc\u00e8s au financement du d\u00e9veloppement et att\u00e9nuer le risque d\u2019une reprise mondiale \u00e0 deux vitesses, qui menace de creuser encore davantage l\u2019\u00e9cart de revenus entre l\u2019Afrique et les autres r\u00e9gions du monde.<\/p>\n<p>En particulier, le ralentissement engendr\u00e9 par la pand\u00e9mie a amplifi\u00e9 l\u2019un des plus grands obstacles au d\u00e9veloppement de l\u2019Afrique, \u00e0 savoir la \u00ab prime de perception \u00bb, c\u2019est-\u00e0-dire la perception excessive du risque assign\u00e9e \u00e0 la r\u00e9gion chaque ann\u00e9e, ind\u00e9pendamment de l\u2019am\u00e9lioration des fondamentaux macro\u00e9conomiques ou de la conjoncture \u00e9conomique mondiale.<\/p>\n<p>Lors de la derni\u00e8re assembl\u00e9e g\u00e9n\u00e9rale annuelle du Fonds mon\u00e9taire international (FMI), la directrice g\u00e9n\u00e9rale Kristalina Georgieva a fait remarquer qu\u2019il fallait \u00ab s\u2019attacher \u00e0 r\u00e9duire le risque per\u00e7u et r\u00e9el li\u00e9 \u00e0 l\u2019investissement en Afrique, afin que l\u2019\u00e9norme disponibilit\u00e9 de financements pour le reste du monde profite \u00e9galement \u00e0 l\u2019Afrique \u00bb.<\/p>\n<p><b>R\u00e9trograder au niveau \u00ab risque \u00e9lev\u00e9 \u00bb<\/b><\/p>\n<p>Au cours des deux derni\u00e8res d\u00e9cennies, l\u2019Afrique a toujours \u00e9t\u00e9 l\u2019une des r\u00e9gions du monde \u00e0 la croissance la plus rapide, notamment gr\u00e2ce \u00e0 des \u00e9conomies en plein essor comme celles de l\u2019Ethiopie, du Rwanda et de la C\u00f4te d\u2019Ivoire. Signe de leur r\u00e9silience, plusieurs pays africains ont affich\u00e9 une croissance de leur PIB pendant le ralentissement engendr\u00e9 par la pand\u00e9mie.<\/p>\n<p>Malheureusement, ces succ\u00e8s semblent n\u2019avoir eu que peu ou pas d\u2019impact sur l\u2019appr\u00e9ciation des risques. L\u2019Afrique du Sud \u2013 l\u2019\u00e9conomie la plus d\u00e9velopp\u00e9e du continent, qui repr\u00e9sente plus de 20 % du commerce intra-africain et a \u00e9t\u00e9 le principal moteur du commerce et des investissements transfrontaliers dans la r\u00e9gion \u2013 et plusieurs autres pays ont \u00e9t\u00e9 r\u00e9trograd\u00e9s au niveau \u00ab risque \u00e9lev\u00e9 \u00bb. Ces d\u00e9classements ont allong\u00e9 la liste d\u00e9j\u00e0 longue des nations africaines consid\u00e9r\u00e9es comme tr\u00e8s risqu\u00e9es et soumises \u00e0 des taux d\u2019emprunt \u00e9lev\u00e9s.<\/p>\n<p>Les paiements des int\u00e9r\u00eats sont devenus l\u2019un des postes budg\u00e9taires qui augmente le plus vite, d\u00e9passant les budgets de sant\u00e9 de plusieurs pays. En Zambie, ils ont \u00e9t\u00e9 multipli\u00e9s par pr\u00e8s de treize en l\u2019espace d\u2019une d\u00e9cennie, passant d\u2019environ 63 millions de dollars par an \u00e0 plus de 804 millions de dollars par an \u00e0 la fin 2019. A travers l\u2019Afrique, les d\u00e9penses annuelles li\u00e9es aux taux d\u2019int\u00e9r\u00eat ont \u00e9t\u00e9 multipli\u00e9es par plus de trois sur la m\u00eame p\u00e9riode et repr\u00e9sentent environ 24,9 milliards de dollars.<\/p>\n<p>D\u2019apr\u00e8s une \u00e9tude r\u00e9alis\u00e9e en 2015 par l\u2019universit\u00e9 du Michigan, les Etats africains ont pay\u00e9 un suppl\u00e9ment d\u2019environ 2,9 % par rapport au reste du monde, soit 2,2 milliards en plus entre 2006 et 2014. Ce chiffre a probablement augment\u00e9 depuis, notamment \u00e0 la suite des nombreuses d\u00e9gradations des notations.<\/p>\n<p><b>Des taux d\u2019int\u00e9r\u00eat \u00e9lev\u00e9s<\/b><\/p>\n<p>Ceci constitue un obstacle majeur \u00e0 la viabilit\u00e9 des finances publiques et de la dette, et \u00e0 la transformation structurelle des \u00e9conomies africaines. Bien que la dette ext\u00e9rieure de l\u2019Afrique soit nettement inf\u00e9rieure \u2013 en termes absolus et par habitant \u2013 \u00e0 celle des \u00e9conomies avanc\u00e9es, le rapport entre les paiements du service de la dette ext\u00e9rieure et les recettes est nettement plus \u00e9lev\u00e9, illustrant le co\u00fbt prohibitif des taux d\u2019int\u00e9r\u00eat qui freine la croissance et augmente les services de la dette.<\/p>\n<p>L\u2019exposition de la r\u00e9gion aux chocs r\u00e9currents concernant les prix des produits de base, qui tendent \u00e0 creuser le d\u00e9ficit commercial et budg\u00e9taire et \u00e0 aggraver les contraintes de liquidit\u00e9, est un facteur de risque important. La transformation structurelle des \u00e9conomies africaines en vue de diversifier les sources de croissance et de commerce r\u00e9duira ces risques au fil du temps.<\/p>\n<p>A cette fin, il faudra, comme l\u2019ont soulign\u00e9 \u00e0 juste titre le pr\u00e9sident Macron et la directrice g\u00e9n\u00e9rale du FMI, Mme Georgieva, injecter r\u00e9guli\u00e8rement des sommes importantes de capitaux pour stimuler l\u2019investissement au-del\u00e0 du secteur des ressources naturelles. Toutefois, les taux d\u2019int\u00e9r\u00eat \u00e9lev\u00e9s et les surco\u00fbts de perception des risques exorbitants constituent probablement les obstacles les plus importants \u00e0 cette transformation structurelle.<\/p>\n<p>La communaut\u00e9 internationale a r\u00e9agi rapidement \u00e0 la pand\u00e9mie, et plusieurs initiatives ont \u00e9t\u00e9 adopt\u00e9es pour aider les pays \u00e0 faible revenu \u00e0 faire face aux contraintes de liquidit\u00e9 et aux pressions croissantes sur la balance des paiements. A court terme, ces initiatives sont susceptibles de r\u00e9duire les co\u00fbts du service de la dette et de renforcer la capacit\u00e9 des pays \u00e9ligibles \u00e0 g\u00e9rer la crise li\u00e9e au Covid-19. N\u00e9anmoins, elles ne s\u2019attaquent pas aux obstacles fondamentaux au d\u00e9veloppement de l\u2019Afrique.<\/p>\n<p>Tant que des mesures ne seront pas prises pour se d\u00e9faire des pr\u00e9jug\u00e9s historiques et int\u00e9grer des r\u00e9alit\u00e9s plus positives ainsi que la diversit\u00e9 des situations de l\u2019Afrique dans les mod\u00e8les d\u2019appr\u00e9ciation des risques, les pays de la r\u00e9gion continueront de conna\u00eetre le surendettement. La transformation structurelle des \u00e9conomies pour r\u00e9duire leur exposition \u00e0 la volatilit\u00e9 du march\u00e9 mondial restera difficile \u00e0 r\u00e9aliser.<\/p>\n<p>Les taux d\u2019int\u00e9r\u00eat \u00e9lev\u00e9s et les surco\u00fbts de perception ne sont pas justifi\u00e9s par les donn\u00e9es macro\u00e9conomiques fondamentales ni par les profils de risque des pays. Ils ne sont m\u00eame pas justifi\u00e9s par le contexte \u00e9conomique et financier mondial, o\u00f9 les taux d\u2019int\u00e9r\u00eat s\u2019approchent de z\u00e9ro \u00e0 la suite des programmes d\u2019assouplissement quantitatif mis en \u0153uvre par les banques centrales.<\/p>\n<p>Dans cette optique, il faut esp\u00e9rer que le sommet international du 18 mai permettra d\u2019\u00e9carter ce risque et d\u2019inciter les investisseurs et les d\u00e9cideurs politiques du monde entier \u00e0 permettre un acc\u00e8s \u00e9quitable aux ressources financi\u00e8res mondiales.<\/p>\n","protected":false},"excerpt":{"rendered":"<p>Africa-Press &#8211; C\u00f4te d&rsquo;Ivoire. Tribune. Le 18 mai, le pr\u00e9sident fran\u00e7ais Emmanuel Macron, qui a appel\u00e9 \u00e0 des \u00ab r\u00e8gles de financement plus \u00e9quitables pour les \u00e9conomies africaines \u00bb, accueille un sommet international sur le financement de la reprise \u00e9conomique sur le continent. La coordination internationale sera essentielle pour \u00e9galiser l\u2019acc\u00e8s au financement du d\u00e9veloppement [&hellip;]<\/p>\n","protected":false},"author":82,"featured_media":7833,"comment_status":"open","ping_status":"closed","sticky":false,"template":"","format":"standard","meta":{"footnotes":""},"categories":[22,11,10],"tags":[56,63,29],"class_list":["post-7834","post","type-post","status-publish","format-standard","has-post-thumbnail","hentry","category-divers","category-homepage-french","category-toutes-les-actualites","tag-africa-press","tag-africa-press-cote-divoire","tag-cote-divoire"],"yoast_head":"<!-- This site is optimized with the Yoast SEO Premium plugin v26.1 (Yoast SEO v27.0) - https:\/\/yoast.com\/product\/yoast-seo-premium-wordpress\/ -->\n<title>\u00ab\u00a0La perception excessive du risque associ\u00e9e \u00e0 l\u2019Afrique est l\u2019un des obstacles \u00e0 son d\u00e9veloppement\u00a0\u00bb - C\u00f4te d&#039;Ivoire<\/title>\n<meta name=\"description\" content=\"Tribune. Le 18 mai, le pr\u00e9sident fran\u00e7ais Emmanuel Macron, qui a appel\u00e9 \u00e0 des \u00ab r\u00e8gles de financement plus \u00e9quit ...\" \/>\n<meta name=\"robots\" content=\"index, follow, max-snippet:-1, max-image-preview:large, max-video-preview:-1\" \/>\n<link rel=\"canonical\" href=\"https:\/\/www.africa-press.net\/cotedivoire\/toutes-les-actualites\/la-perception-excessive-du-risque-associee-a-lafrique-est-lun-des-obstacles-a-son-developpement\" \/>\n<meta property=\"og:locale\" content=\"fr_FR\" \/>\n<meta property=\"og:type\" content=\"article\" \/>\n<meta property=\"og:title\" content=\"\u00ab\u00a0La perception excessive du risque associ\u00e9e \u00e0 l\u2019Afrique est l\u2019un des obstacles \u00e0 son d\u00e9veloppement\u00a0\u00bb\" \/>\n<meta property=\"og:description\" content=\"Tribune. Le 18 mai, le pr\u00e9sident fran\u00e7ais Emmanuel Macron, qui a appel\u00e9 \u00e0 des \u00ab r\u00e8gles de financement plus \u00e9quit ...\" \/>\n<meta property=\"og:url\" content=\"https:\/\/www.africa-press.net\/cotedivoire\/toutes-les-actualites\/la-perception-excessive-du-risque-associee-a-lafrique-est-lun-des-obstacles-a-son-developpement\" \/>\n<meta property=\"og:site_name\" content=\"C\u00f4te d&#039;Ivoire\" \/>\n<meta property=\"article:published_time\" content=\"2021-05-17T15:51:05+00:00\" \/>\n<meta property=\"article:modified_time\" content=\"2021-05-17T16:52:41+00:00\" \/>\n<meta property=\"og:image\" content=\"https:\/\/static.africa-press.net\/cote\/sites\/43\/2021\/05\/img-60a28e44ba048.jpg\" \/>\n\t<meta property=\"og:image:width\" content=\"1440\" \/>\n\t<meta property=\"og:image:height\" content=\"720\" \/>\n\t<meta property=\"og:image:type\" content=\"image\/jpeg\" \/>\n<meta name=\"author\" content=\"cfeditorfr\" \/>\n<meta name=\"twitter:card\" content=\"summary_large_image\" \/>\n<meta name=\"twitter:label1\" content=\"\u00c9crit par\" \/>\n\t<meta name=\"twitter:data1\" content=\"cfeditorfr\" \/>\n\t<meta name=\"twitter:label2\" content=\"Dur\u00e9e de lecture estim\u00e9e\" \/>\n\t<meta name=\"twitter:data2\" content=\"5 minutes\" \/>\n<script type=\"application\/ld+json\" class=\"yoast-schema-graph\">{\"@context\":\"https:\/\/schema.org\",\"@graph\":[{\"@type\":\"Article\",\"@id\":\"https:\/\/www.africa-press.net\/cotedivoire\/toutes-les-actualites\/la-perception-excessive-du-risque-associee-a-lafrique-est-lun-des-obstacles-a-son-developpement#article\",\"isPartOf\":{\"@id\":\"https:\/\/www.africa-press.net\/cotedivoire\/toutes-les-actualites\/la-perception-excessive-du-risque-associee-a-lafrique-est-lun-des-obstacles-a-son-developpement\"},\"author\":{\"name\":\"cfeditorfr\",\"@id\":\"https:\/\/www.africa-press.net\/cotedivoire\/#\/schema\/person\/2b1cf3cd81a31e3cd26889ca66d677f1\"},\"headline\":\"\u00ab\u00a0La perception excessive du risque associ\u00e9e \u00e0 l\u2019Afrique est l\u2019un des obstacles \u00e0 son d\u00e9veloppement\u00a0\u00bb\",\"datePublished\":\"2021-05-17T15:51:05+00:00\",\"dateModified\":\"2021-05-17T16:52:41+00:00\",\"mainEntityOfPage\":{\"@id\":\"https:\/\/www.africa-press.net\/cotedivoire\/toutes-les-actualites\/la-perception-excessive-du-risque-associee-a-lafrique-est-lun-des-obstacles-a-son-developpement\"},\"wordCount\":1065,\"commentCount\":0,\"image\":{\"@id\":\"https:\/\/www.africa-press.net\/cotedivoire\/toutes-les-actualites\/la-perception-excessive-du-risque-associee-a-lafrique-est-lun-des-obstacles-a-son-developpement#primaryimage\"},\"thumbnailUrl\":\"https:\/\/static.africa-press.net\/cote\/sites\/43\/2021\/05\/img-60a28e44ba048.jpg\",\"keywords\":[\"Africa Press\",\"Africa Press-C\u00f4te d'Ivoire\",\"C\u00d4TE D'IVOIRE\"],\"articleSection\":[\"Divers\",\"homepage-french\",\"Toutes les actualit\u00e9s\"],\"inLanguage\":\"fr-FR\",\"potentialAction\":[{\"@type\":\"CommentAction\",\"name\":\"Comment\",\"target\":[\"https:\/\/www.africa-press.net\/cotedivoire\/toutes-les-actualites\/la-perception-excessive-du-risque-associee-a-lafrique-est-lun-des-obstacles-a-son-developpement#respond\"]}]},{\"@type\":\"WebPage\",\"@id\":\"https:\/\/www.africa-press.net\/cotedivoire\/toutes-les-actualites\/la-perception-excessive-du-risque-associee-a-lafrique-est-lun-des-obstacles-a-son-developpement\",\"url\":\"https:\/\/www.africa-press.net\/cotedivoire\/toutes-les-actualites\/la-perception-excessive-du-risque-associee-a-lafrique-est-lun-des-obstacles-a-son-developpement\",\"name\":\"\u00ab\u00a0La perception excessive du risque associ\u00e9e \u00e0 l\u2019Afrique est l\u2019un des obstacles \u00e0 son d\u00e9veloppement\u00a0\u00bb - C\u00f4te d&#039;Ivoire\",\"isPartOf\":{\"@id\":\"https:\/\/www.africa-press.net\/cotedivoire\/#website\"},\"primaryImageOfPage\":{\"@id\":\"https:\/\/www.africa-press.net\/cotedivoire\/toutes-les-actualites\/la-perception-excessive-du-risque-associee-a-lafrique-est-lun-des-obstacles-a-son-developpement#primaryimage\"},\"image\":{\"@id\":\"https:\/\/www.africa-press.net\/cotedivoire\/toutes-les-actualites\/la-perception-excessive-du-risque-associee-a-lafrique-est-lun-des-obstacles-a-son-developpement#primaryimage\"},\"thumbnailUrl\":\"https:\/\/static.africa-press.net\/cote\/sites\/43\/2021\/05\/img-60a28e44ba048.jpg\",\"datePublished\":\"2021-05-17T15:51:05+00:00\",\"dateModified\":\"2021-05-17T16:52:41+00:00\",\"author\":{\"@id\":\"https:\/\/www.africa-press.net\/cotedivoire\/#\/schema\/person\/2b1cf3cd81a31e3cd26889ca66d677f1\"},\"description\":\"Tribune. Le 18 mai, le pr\u00e9sident fran\u00e7ais Emmanuel Macron, qui a appel\u00e9 \u00e0 des \u00ab r\u00e8gles de financement plus \u00e9quit ...\",\"breadcrumb\":{\"@id\":\"https:\/\/www.africa-press.net\/cotedivoire\/toutes-les-actualites\/la-perception-excessive-du-risque-associee-a-lafrique-est-lun-des-obstacles-a-son-developpement#breadcrumb\"},\"inLanguage\":\"fr-FR\",\"potentialAction\":[{\"@type\":\"ReadAction\",\"target\":[\"https:\/\/www.africa-press.net\/cotedivoire\/toutes-les-actualites\/la-perception-excessive-du-risque-associee-a-lafrique-est-lun-des-obstacles-a-son-developpement\"]}]},{\"@type\":\"ImageObject\",\"inLanguage\":\"fr-FR\",\"@id\":\"https:\/\/www.africa-press.net\/cotedivoire\/toutes-les-actualites\/la-perception-excessive-du-risque-associee-a-lafrique-est-lun-des-obstacles-a-son-developpement#primaryimage\",\"url\":\"https:\/\/static.africa-press.net\/cote\/sites\/43\/2021\/05\/img-60a28e44ba048.jpg\",\"contentUrl\":\"https:\/\/static.africa-press.net\/cote\/sites\/43\/2021\/05\/img-60a28e44ba048.jpg\",\"width\":1440,\"height\":720,\"caption\":\"\u00ab\u00a0La perception excessive du risque associ\u00e9e \u00e0 l\u2019Afrique est l\u2019un des obstacles \u00e0 son d\u00e9veloppement\u00a0\u00bb\"},{\"@type\":\"BreadcrumbList\",\"@id\":\"https:\/\/www.africa-press.net\/cotedivoire\/toutes-les-actualites\/la-perception-excessive-du-risque-associee-a-lafrique-est-lun-des-obstacles-a-son-developpement#breadcrumb\",\"itemListElement\":[{\"@type\":\"ListItem\",\"position\":1,\"name\":\"Accueil\",\"item\":\"https:\/\/www.africa-press.net\/cotedivoire\/\"},{\"@type\":\"ListItem\",\"position\":2,\"name\":\"\u00ab\u00a0La perception excessive du risque associ\u00e9e \u00e0 l\u2019Afrique est l\u2019un des obstacles \u00e0 son d\u00e9veloppement\u00a0\u00bb\"}]},{\"@type\":\"WebSite\",\"@id\":\"https:\/\/www.africa-press.net\/cotedivoire\/#website\",\"url\":\"https:\/\/www.africa-press.net\/cotedivoire\/\",\"name\":\"C\u00f4te d&#039;Ivoire\",\"description\":\"Just another Africa News Agency Sites site\",\"potentialAction\":[{\"@type\":\"SearchAction\",\"target\":{\"@type\":\"EntryPoint\",\"urlTemplate\":\"https:\/\/www.africa-press.net\/cotedivoire\/?s={search_term_string}\"},\"query-input\":{\"@type\":\"PropertyValueSpecification\",\"valueRequired\":true,\"valueName\":\"search_term_string\"}}],\"inLanguage\":\"fr-FR\"},{\"@type\":\"Person\",\"@id\":\"https:\/\/www.africa-press.net\/cotedivoire\/#\/schema\/person\/2b1cf3cd81a31e3cd26889ca66d677f1\",\"name\":\"cfeditorfr\"}]}<\/script>\n<!-- \/ Yoast SEO Premium plugin. -->","yoast_head_json":{"title":"\u00ab\u00a0La perception excessive du risque associ\u00e9e \u00e0 l\u2019Afrique est l\u2019un des obstacles \u00e0 son d\u00e9veloppement\u00a0\u00bb - C\u00f4te d&#039;Ivoire","description":"Tribune. Le 18 mai, le pr\u00e9sident fran\u00e7ais Emmanuel Macron, qui a appel\u00e9 \u00e0 des \u00ab r\u00e8gles de financement plus \u00e9quit ...","robots":{"index":"index","follow":"follow","max-snippet":"max-snippet:-1","max-image-preview":"max-image-preview:large","max-video-preview":"max-video-preview:-1"},"canonical":"https:\/\/www.africa-press.net\/cotedivoire\/toutes-les-actualites\/la-perception-excessive-du-risque-associee-a-lafrique-est-lun-des-obstacles-a-son-developpement","og_locale":"fr_FR","og_type":"article","og_title":"\u00ab\u00a0La perception excessive du risque associ\u00e9e \u00e0 l\u2019Afrique est l\u2019un des obstacles \u00e0 son d\u00e9veloppement\u00a0\u00bb","og_description":"Tribune. Le 18 mai, le pr\u00e9sident fran\u00e7ais Emmanuel Macron, qui a appel\u00e9 \u00e0 des \u00ab r\u00e8gles de financement plus \u00e9quit ...","og_url":"https:\/\/www.africa-press.net\/cotedivoire\/toutes-les-actualites\/la-perception-excessive-du-risque-associee-a-lafrique-est-lun-des-obstacles-a-son-developpement","og_site_name":"C\u00f4te d&#039;Ivoire","article_published_time":"2021-05-17T15:51:05+00:00","article_modified_time":"2021-05-17T16:52:41+00:00","og_image":[{"width":1440,"height":720,"url":"https:\/\/static.africa-press.net\/cote\/sites\/43\/2021\/05\/img-60a28e44ba048.jpg","type":"image\/jpeg"}],"author":"cfeditorfr","twitter_card":"summary_large_image","twitter_misc":{"\u00c9crit par":"cfeditorfr","Dur\u00e9e de lecture estim\u00e9e":"5 minutes"},"schema":{"@context":"https:\/\/schema.org","@graph":[{"@type":"Article","@id":"https:\/\/www.africa-press.net\/cotedivoire\/toutes-les-actualites\/la-perception-excessive-du-risque-associee-a-lafrique-est-lun-des-obstacles-a-son-developpement#article","isPartOf":{"@id":"https:\/\/www.africa-press.net\/cotedivoire\/toutes-les-actualites\/la-perception-excessive-du-risque-associee-a-lafrique-est-lun-des-obstacles-a-son-developpement"},"author":{"name":"cfeditorfr","@id":"https:\/\/www.africa-press.net\/cotedivoire\/#\/schema\/person\/2b1cf3cd81a31e3cd26889ca66d677f1"},"headline":"\u00ab\u00a0La perception excessive du risque associ\u00e9e \u00e0 l\u2019Afrique est l\u2019un des obstacles \u00e0 son d\u00e9veloppement\u00a0\u00bb","datePublished":"2021-05-17T15:51:05+00:00","dateModified":"2021-05-17T16:52:41+00:00","mainEntityOfPage":{"@id":"https:\/\/www.africa-press.net\/cotedivoire\/toutes-les-actualites\/la-perception-excessive-du-risque-associee-a-lafrique-est-lun-des-obstacles-a-son-developpement"},"wordCount":1065,"commentCount":0,"image":{"@id":"https:\/\/www.africa-press.net\/cotedivoire\/toutes-les-actualites\/la-perception-excessive-du-risque-associee-a-lafrique-est-lun-des-obstacles-a-son-developpement#primaryimage"},"thumbnailUrl":"https:\/\/static.africa-press.net\/cote\/sites\/43\/2021\/05\/img-60a28e44ba048.jpg","keywords":["Africa Press","Africa Press-C\u00f4te d'Ivoire","C\u00d4TE D'IVOIRE"],"articleSection":["Divers","homepage-french","Toutes les actualit\u00e9s"],"inLanguage":"fr-FR","potentialAction":[{"@type":"CommentAction","name":"Comment","target":["https:\/\/www.africa-press.net\/cotedivoire\/toutes-les-actualites\/la-perception-excessive-du-risque-associee-a-lafrique-est-lun-des-obstacles-a-son-developpement#respond"]}]},{"@type":"WebPage","@id":"https:\/\/www.africa-press.net\/cotedivoire\/toutes-les-actualites\/la-perception-excessive-du-risque-associee-a-lafrique-est-lun-des-obstacles-a-son-developpement","url":"https:\/\/www.africa-press.net\/cotedivoire\/toutes-les-actualites\/la-perception-excessive-du-risque-associee-a-lafrique-est-lun-des-obstacles-a-son-developpement","name":"\u00ab\u00a0La perception excessive du risque associ\u00e9e \u00e0 l\u2019Afrique est l\u2019un des obstacles \u00e0 son d\u00e9veloppement\u00a0\u00bb - C\u00f4te d&#039;Ivoire","isPartOf":{"@id":"https:\/\/www.africa-press.net\/cotedivoire\/#website"},"primaryImageOfPage":{"@id":"https:\/\/www.africa-press.net\/cotedivoire\/toutes-les-actualites\/la-perception-excessive-du-risque-associee-a-lafrique-est-lun-des-obstacles-a-son-developpement#primaryimage"},"image":{"@id":"https:\/\/www.africa-press.net\/cotedivoire\/toutes-les-actualites\/la-perception-excessive-du-risque-associee-a-lafrique-est-lun-des-obstacles-a-son-developpement#primaryimage"},"thumbnailUrl":"https:\/\/static.africa-press.net\/cote\/sites\/43\/2021\/05\/img-60a28e44ba048.jpg","datePublished":"2021-05-17T15:51:05+00:00","dateModified":"2021-05-17T16:52:41+00:00","author":{"@id":"https:\/\/www.africa-press.net\/cotedivoire\/#\/schema\/person\/2b1cf3cd81a31e3cd26889ca66d677f1"},"description":"Tribune. Le 18 mai, le pr\u00e9sident fran\u00e7ais Emmanuel Macron, qui a appel\u00e9 \u00e0 des \u00ab r\u00e8gles de financement plus \u00e9quit ...","breadcrumb":{"@id":"https:\/\/www.africa-press.net\/cotedivoire\/toutes-les-actualites\/la-perception-excessive-du-risque-associee-a-lafrique-est-lun-des-obstacles-a-son-developpement#breadcrumb"},"inLanguage":"fr-FR","potentialAction":[{"@type":"ReadAction","target":["https:\/\/www.africa-press.net\/cotedivoire\/toutes-les-actualites\/la-perception-excessive-du-risque-associee-a-lafrique-est-lun-des-obstacles-a-son-developpement"]}]},{"@type":"ImageObject","inLanguage":"fr-FR","@id":"https:\/\/www.africa-press.net\/cotedivoire\/toutes-les-actualites\/la-perception-excessive-du-risque-associee-a-lafrique-est-lun-des-obstacles-a-son-developpement#primaryimage","url":"https:\/\/static.africa-press.net\/cote\/sites\/43\/2021\/05\/img-60a28e44ba048.jpg","contentUrl":"https:\/\/static.africa-press.net\/cote\/sites\/43\/2021\/05\/img-60a28e44ba048.jpg","width":1440,"height":720,"caption":"\u00ab\u00a0La perception excessive du risque associ\u00e9e \u00e0 l\u2019Afrique est l\u2019un des obstacles \u00e0 son d\u00e9veloppement\u00a0\u00bb"},{"@type":"BreadcrumbList","@id":"https:\/\/www.africa-press.net\/cotedivoire\/toutes-les-actualites\/la-perception-excessive-du-risque-associee-a-lafrique-est-lun-des-obstacles-a-son-developpement#breadcrumb","itemListElement":[{"@type":"ListItem","position":1,"name":"Accueil","item":"https:\/\/www.africa-press.net\/cotedivoire\/"},{"@type":"ListItem","position":2,"name":"\u00ab\u00a0La perception excessive du risque associ\u00e9e \u00e0 l\u2019Afrique est l\u2019un des obstacles \u00e0 son d\u00e9veloppement\u00a0\u00bb"}]},{"@type":"WebSite","@id":"https:\/\/www.africa-press.net\/cotedivoire\/#website","url":"https:\/\/www.africa-press.net\/cotedivoire\/","name":"C\u00f4te d&#039;Ivoire","description":"Just another Africa News Agency Sites site","potentialAction":[{"@type":"SearchAction","target":{"@type":"EntryPoint","urlTemplate":"https:\/\/www.africa-press.net\/cotedivoire\/?s={search_term_string}"},"query-input":{"@type":"PropertyValueSpecification","valueRequired":true,"valueName":"search_term_string"}}],"inLanguage":"fr-FR"},{"@type":"Person","@id":"https:\/\/www.africa-press.net\/cotedivoire\/#\/schema\/person\/2b1cf3cd81a31e3cd26889ca66d677f1","name":"cfeditorfr"}]}},"_links":{"self":[{"href":"https:\/\/www.africa-press.net\/cotedivoire\/wp-json\/wp\/v2\/posts\/7834","targetHints":{"allow":["GET"]}}],"collection":[{"href":"https:\/\/www.africa-press.net\/cotedivoire\/wp-json\/wp\/v2\/posts"}],"about":[{"href":"https:\/\/www.africa-press.net\/cotedivoire\/wp-json\/wp\/v2\/types\/post"}],"author":[{"embeddable":true,"href":"https:\/\/www.africa-press.net\/cotedivoire\/wp-json\/wp\/v2\/users\/82"}],"replies":[{"embeddable":true,"href":"https:\/\/www.africa-press.net\/cotedivoire\/wp-json\/wp\/v2\/comments?post=7834"}],"version-history":[{"count":0,"href":"https:\/\/www.africa-press.net\/cotedivoire\/wp-json\/wp\/v2\/posts\/7834\/revisions"}],"wp:featuredmedia":[{"embeddable":true,"href":"https:\/\/www.africa-press.net\/cotedivoire\/wp-json\/wp\/v2\/media\/7833"}],"wp:attachment":[{"href":"https:\/\/www.africa-press.net\/cotedivoire\/wp-json\/wp\/v2\/media?parent=7834"}],"wp:term":[{"taxonomy":"category","embeddable":true,"href":"https:\/\/www.africa-press.net\/cotedivoire\/wp-json\/wp\/v2\/categories?post=7834"},{"taxonomy":"post_tag","embeddable":true,"href":"https:\/\/www.africa-press.net\/cotedivoire\/wp-json\/wp\/v2\/tags?post=7834"}],"curies":[{"name":"wp","href":"https:\/\/api.w.org\/{rel}","templated":true}]}}