{"id":7837,"date":"2021-05-17T16:00:00","date_gmt":"2021-05-17T16:00:00","guid":{"rendered":"https:\/\/www.africa-press.net\/cotedivoire\/?p=7837"},"modified":"2021-05-17T16:52:51","modified_gmt":"2021-05-17T16:52:51","slug":"cote-divoire-laccueil-de-gbagbo-sera-triomphal-selon-emmanuel-monnet","status":"publish","type":"post","link":"https:\/\/www.africa-press.net\/cotedivoire\/politique\/cote-divoire-laccueil-de-gbagbo-sera-triomphal-selon-emmanuel-monnet","title":{"rendered":"L\u2019Accueil de Gbagbo \u00absera triomphal\u00bb, selon Emmanuel Monnet"},"content":{"rendered":"<p><span style=\"color: #ff6600\"><strong><a href=\"https:\/\/www.africa-press.net\/\">Africa-Press<\/a> &#8211; <a href=\"https:\/\/www.africa-press.net\/cotedivoire\">C\u00f4te d&rsquo;Ivoire<\/a>. <\/strong><\/span>En C\u00f4te d\u2019ivoire le sujet est sur toutes les l\u00e8vres. Le retour de Laurent Gbagbo, ancien pr\u00e9sident ivoirien acquitt\u00e9 de crimes contre l\u2019humanit\u00e9 par la Cpi. Regagnera-t-il la terre de ses anc\u00eatres en fanfare ou en catimini ? La forme de l\u2019accueil semble la pomme de discorde entre pouvoir et comit\u00e9 d\u2019organisation dans le camp des pro-Gbagbo.<\/p>\n<p>L\u00e9on Emmanuel Monnet, ancien ministre des gouvernements Gbagbo et pr\u00e9sident du comit\u00e9 op\u00e9rationnel \u00e0 pris position sur le sujet. Depuis, il multiplie les rencontres pour galvaniser les supporters de l\u2019ancien pr\u00e9sident et m\u00eame au-del\u00e0.<\/p>\n<p>Samedi 15 mai, il \u00e9tait dans la commune de Yopougon \u00e0 l\u2019invitation du mouvement politique panafricain \u00ab Afrique Ma Patrie \u00bb dirig\u00e9 par l\u2019ancien fesciste Gn\u00e9gbr\u00e9 Kado dit Jaguar. L\u00e9on Emmanuel Monnet qui pr\u00e9sidait cette c\u00e9r\u00e9monie a d\u00e9clar\u00e9 face \u00e0 son auditoire que Laurent Gbagbo, par sa droiture et sa constance, sa r\u00e9silience aussi est devenu \u00e0 lui seul un cas d\u2019\u00e9cole, un cours magistral \u00e0 enseigner dans les universit\u00e9s. Il s\u2019est dit heureux et fier que des jeunes prennent le panafricanisme et en fassent leur objet de lutte. \u00ab Jaguar, honneur \u00e0 toi \u00bb, a-t-il exhort\u00e9 son filleul avant de dire un mot sur la mobilisation en faveur de Gbagbo. \u00ab Je constate que vous \u00eates d\u00e9j\u00e0 pr\u00eats (pour Gbagbo). Pr\u00e9parons-nous \u00e0 l\u2019accueillir. Il veut que ce soit dans la paix et dans la paix \u00bb, explique-t-il. L\u2019ancien ministre a qualifi\u00e9 de \u00ab fr\u00e9missement \u00bb certaines actions du pouvoir visant \u00e0 retarder le retour de Gbagbo. Il dit compter sur Yopougon pour mobiliser en moyenne 2 millions et demi de partisans \u00e0 l\u2019accueil. Et \u00e0 propos de cet accueil qui soul\u00e8ve quelques inqui\u00e9tudes quant \u00e0 sa forme, M. Monnet se fera plus pr\u00e9cis face aux journalistes : \u00ab En tous les cas, ce sera un accueil triomphal. Gbagbo \u00e9tait trait\u00e9 comme un paria qu\u2019on a transf\u00e9r\u00e9 nuitamment. M\u00eame s\u2019il revient ici \u00e0 minuit, il revient en grande lumi\u00e8re. C\u2019est ce qui est important \u00e0 retenir. Et la mar\u00e9e humaine se fera quelle que soit l\u2019heure. Ce qui est important c\u2019est qu\u2019il a \u00e9t\u00e9 innocent\u00e9 et blanchi et il rentre comme un h\u00e9ros. A partir de ce moment nous allons nous organiser pour que ce retour soit une f\u00eate d\u2019une mani\u00e8re ou d\u2019une autre, dans la paix, sans chercher \u00e0 cr\u00e9er des troubles. Laurent Gbagbo l\u2019a toujours dit, quand il a \u00e9t\u00e9 lib\u00e9r\u00e9 il pouvait revenir dans son pays mais il a attendu que l\u2019autorit\u00e9 ivoirienne lui donne l\u2019autorisation de revenir. Et il arrive \u00bb.<\/p>\n<p>Quant \u00e0 Georges Armand Ou\u00e9gnin qui a assur\u00e9 le parrainage de la c\u00e9r\u00e9monie, il a tenu \u00e0 rassurer le gouvernement sur les bonnes intentions de Laurent Gbagbo qui entend pr\u00e9server l\u2019esprit de paix. \u00ab N\u2019ayez pas peur. Gbagbo revient pour la r\u00e9conciliation et nous \u00e0 l\u2019opposition nous ne voulons pas de conflit, nous ne voulons plus de prison. C\u2019est pourquoi nous disons que tous les exil\u00e9s doivent qui sont encore autour de huit (8 mille) doivent rentrer et le pouvoir doit le comprendre. Nous voulons la paix, les ivoiriens veulent la paix et c\u2019est ensemble qu\u2019on doit se r\u00e9concilier. Nous n\u2019avons pas le droit de d\u00e9truire notre pays. Je vous engage tous \u00e0 vous mobiliser pour accueillir ce grand homme d\u2019Afrique \u00bb, \u00e0 d\u00e9clar\u00e9 le nouveau d\u00e9put\u00e9 de Yopougon.<br \/>\nDahi Nestor a rappel\u00e9 la longue histoire entre Laurent Gbagbo et les jeunes de C\u00f4te d\u2019Ivoire. Comment ceux-ci ont toujours \u00e9t\u00e9 \u00e0 l\u2019avant-garde de la lutte et aux rendez-vous cl\u00e9s de l\u2019histoire, notamment la grande mobilisation apr\u00e8s la pr\u00e9sidentielle de 2000 quand les militaires voulaient confisquer le pouvoir, en 2002 face aux putschistes qui ont tent\u00e9 de le renverser et durant toute la crise. Dahi a appel\u00e9 \u00e0 la lib\u00e9ration de ses compagnons de lutte dont Koua Justin toujours incarc\u00e9r\u00e9 \u00e0 Bouak\u00e9 au camp p\u00e9nal et Yves Paulin Agu\u00e9d\u00e9 emprisonn\u00e9 \u00e0 la Maca, la prison abidjanaise.<\/p>\n<p>&nbsp;<\/p>\n","protected":false},"excerpt":{"rendered":"<p>Africa-Press &#8211; C\u00f4te d&rsquo;Ivoire. En C\u00f4te d\u2019ivoire le sujet est sur toutes les l\u00e8vres. Le retour de Laurent Gbagbo, ancien pr\u00e9sident ivoirien acquitt\u00e9 de crimes contre l\u2019humanit\u00e9 par la Cpi. Regagnera-t-il la terre de ses anc\u00eatres en fanfare ou en catimini ? La forme de l\u2019accueil semble la pomme de discorde entre pouvoir et comit\u00e9 [&hellip;]<\/p>\n","protected":false},"author":82,"featured_media":7836,"comment_status":"open","ping_status":"closed","sticky":false,"template":"","format":"standard","meta":{"footnotes":""},"categories":[11,2,10],"tags":[56,63,29],"class_list":["post-7837","post","type-post","status-publish","format-standard","has-post-thumbnail","hentry","category-homepage-french","category-politique","category-toutes-les-actualites","tag-africa-press","tag-africa-press-cote-divoire","tag-cote-divoire"],"yoast_head":"<!-- This site is optimized with the Yoast SEO Premium plugin v26.1 (Yoast SEO v27.0) - https:\/\/yoast.com\/product\/yoast-seo-premium-wordpress\/ -->\n<title>L\u2019Accueil de Gbagbo \u00absera triomphal\u00bb, selon Emmanuel Monnet - C\u00f4te d&#039;Ivoire<\/title>\n<meta name=\"description\" content=\"En C\u00f4te d\u2019ivoire le sujet est sur toutes les l\u00e8vres. Le retour de Laurent Gbagbo, ancien pr\u00e9sident ivoirien acquitt\u00e9 de ...\" \/>\n<meta name=\"robots\" content=\"index, follow, max-snippet:-1, max-image-preview:large, max-video-preview:-1\" \/>\n<link rel=\"canonical\" href=\"https:\/\/www.africa-press.net\/cotedivoire\/politique\/cote-divoire-laccueil-de-gbagbo-sera-triomphal-selon-emmanuel-monnet\" \/>\n<meta property=\"og:locale\" content=\"fr_FR\" \/>\n<meta property=\"og:type\" content=\"article\" \/>\n<meta property=\"og:title\" content=\"L\u2019Accueil de Gbagbo \u00absera triomphal\u00bb, selon Emmanuel Monnet\" \/>\n<meta property=\"og:description\" content=\"En C\u00f4te d\u2019ivoire le sujet est sur toutes les l\u00e8vres. Le retour de Laurent Gbagbo, ancien pr\u00e9sident ivoirien acquitt\u00e9 de ...\" \/>\n<meta property=\"og:url\" content=\"https:\/\/www.africa-press.net\/cotedivoire\/politique\/cote-divoire-laccueil-de-gbagbo-sera-triomphal-selon-emmanuel-monnet\" \/>\n<meta property=\"og:site_name\" content=\"C\u00f4te d&#039;Ivoire\" \/>\n<meta property=\"article:published_time\" content=\"2021-05-17T16:00:00+00:00\" \/>\n<meta property=\"article:modified_time\" content=\"2021-05-17T16:52:51+00:00\" \/>\n<meta property=\"og:image\" content=\"https:\/\/static.africa-press.net\/cote\/sites\/43\/2021\/05\/img-60a28e7a4c4b6.jpg\" \/>\n\t<meta property=\"og:image:width\" content=\"971\" \/>\n\t<meta property=\"og:image:height\" content=\"626\" \/>\n\t<meta property=\"og:image:type\" content=\"image\/jpeg\" \/>\n<meta name=\"author\" content=\"cfeditorfr\" \/>\n<meta name=\"twitter:card\" content=\"summary_large_image\" \/>\n<meta name=\"twitter:label1\" content=\"\u00c9crit par\" \/>\n\t<meta name=\"twitter:data1\" content=\"cfeditorfr\" \/>\n\t<meta name=\"twitter:label2\" content=\"Dur\u00e9e de lecture estim\u00e9e\" \/>\n\t<meta name=\"twitter:data2\" content=\"3 minutes\" \/>\n<script type=\"application\/ld+json\" class=\"yoast-schema-graph\">{\"@context\":\"https:\/\/schema.org\",\"@graph\":[{\"@type\":\"Article\",\"@id\":\"https:\/\/www.africa-press.net\/cotedivoire\/politique\/cote-divoire-laccueil-de-gbagbo-sera-triomphal-selon-emmanuel-monnet#article\",\"isPartOf\":{\"@id\":\"https:\/\/www.africa-press.net\/cotedivoire\/politique\/cote-divoire-laccueil-de-gbagbo-sera-triomphal-selon-emmanuel-monnet\"},\"author\":{\"name\":\"cfeditorfr\",\"@id\":\"https:\/\/www.africa-press.net\/cotedivoire\/#\/schema\/person\/2b1cf3cd81a31e3cd26889ca66d677f1\"},\"headline\":\"L\u2019Accueil de Gbagbo \u00absera triomphal\u00bb, selon Emmanuel Monnet\",\"datePublished\":\"2021-05-17T16:00:00+00:00\",\"dateModified\":\"2021-05-17T16:52:51+00:00\",\"mainEntityOfPage\":{\"@id\":\"https:\/\/www.africa-press.net\/cotedivoire\/politique\/cote-divoire-laccueil-de-gbagbo-sera-triomphal-selon-emmanuel-monnet\"},\"wordCount\":700,\"commentCount\":0,\"image\":{\"@id\":\"https:\/\/www.africa-press.net\/cotedivoire\/politique\/cote-divoire-laccueil-de-gbagbo-sera-triomphal-selon-emmanuel-monnet#primaryimage\"},\"thumbnailUrl\":\"https:\/\/static.africa-press.net\/cote\/sites\/43\/2021\/05\/img-60a28e7a4c4b6.jpg\",\"keywords\":[\"Africa Press\",\"Africa Press-C\u00f4te d'Ivoire\",\"C\u00d4TE D'IVOIRE\"],\"articleSection\":[\"homepage-french\",\"Politique\",\"Toutes les actualit\u00e9s\"],\"inLanguage\":\"fr-FR\",\"potentialAction\":[{\"@type\":\"CommentAction\",\"name\":\"Comment\",\"target\":[\"https:\/\/www.africa-press.net\/cotedivoire\/politique\/cote-divoire-laccueil-de-gbagbo-sera-triomphal-selon-emmanuel-monnet#respond\"]}]},{\"@type\":\"WebPage\",\"@id\":\"https:\/\/www.africa-press.net\/cotedivoire\/politique\/cote-divoire-laccueil-de-gbagbo-sera-triomphal-selon-emmanuel-monnet\",\"url\":\"https:\/\/www.africa-press.net\/cotedivoire\/politique\/cote-divoire-laccueil-de-gbagbo-sera-triomphal-selon-emmanuel-monnet\",\"name\":\"L\u2019Accueil de Gbagbo \u00absera triomphal\u00bb, selon Emmanuel Monnet - C\u00f4te d&#039;Ivoire\",\"isPartOf\":{\"@id\":\"https:\/\/www.africa-press.net\/cotedivoire\/#website\"},\"primaryImageOfPage\":{\"@id\":\"https:\/\/www.africa-press.net\/cotedivoire\/politique\/cote-divoire-laccueil-de-gbagbo-sera-triomphal-selon-emmanuel-monnet#primaryimage\"},\"image\":{\"@id\":\"https:\/\/www.africa-press.net\/cotedivoire\/politique\/cote-divoire-laccueil-de-gbagbo-sera-triomphal-selon-emmanuel-monnet#primaryimage\"},\"thumbnailUrl\":\"https:\/\/static.africa-press.net\/cote\/sites\/43\/2021\/05\/img-60a28e7a4c4b6.jpg\",\"datePublished\":\"2021-05-17T16:00:00+00:00\",\"dateModified\":\"2021-05-17T16:52:51+00:00\",\"author\":{\"@id\":\"https:\/\/www.africa-press.net\/cotedivoire\/#\/schema\/person\/2b1cf3cd81a31e3cd26889ca66d677f1\"},\"description\":\"En C\u00f4te d\u2019ivoire le sujet est sur toutes les l\u00e8vres. Le retour de Laurent Gbagbo, ancien pr\u00e9sident ivoirien acquitt\u00e9 de ...\",\"breadcrumb\":{\"@id\":\"https:\/\/www.africa-press.net\/cotedivoire\/politique\/cote-divoire-laccueil-de-gbagbo-sera-triomphal-selon-emmanuel-monnet#breadcrumb\"},\"inLanguage\":\"fr-FR\",\"potentialAction\":[{\"@type\":\"ReadAction\",\"target\":[\"https:\/\/www.africa-press.net\/cotedivoire\/politique\/cote-divoire-laccueil-de-gbagbo-sera-triomphal-selon-emmanuel-monnet\"]}]},{\"@type\":\"ImageObject\",\"inLanguage\":\"fr-FR\",\"@id\":\"https:\/\/www.africa-press.net\/cotedivoire\/politique\/cote-divoire-laccueil-de-gbagbo-sera-triomphal-selon-emmanuel-monnet#primaryimage\",\"url\":\"https:\/\/static.africa-press.net\/cote\/sites\/43\/2021\/05\/img-60a28e7a4c4b6.jpg\",\"contentUrl\":\"https:\/\/static.africa-press.net\/cote\/sites\/43\/2021\/05\/img-60a28e7a4c4b6.jpg\",\"width\":971,\"height\":626,\"caption\":\"C\u00f4te-d\u2019Ivoire: L\u2019Accueil de Gbagbo \u00absera triomphal\u00bb, selon Emmanuel Monnet\"},{\"@type\":\"BreadcrumbList\",\"@id\":\"https:\/\/www.africa-press.net\/cotedivoire\/politique\/cote-divoire-laccueil-de-gbagbo-sera-triomphal-selon-emmanuel-monnet#breadcrumb\",\"itemListElement\":[{\"@type\":\"ListItem\",\"position\":1,\"name\":\"Accueil\",\"item\":\"https:\/\/www.africa-press.net\/cotedivoire\/\"},{\"@type\":\"ListItem\",\"position\":2,\"name\":\"L\u2019Accueil de Gbagbo \u00absera triomphal\u00bb, selon Emmanuel Monnet\"}]},{\"@type\":\"WebSite\",\"@id\":\"https:\/\/www.africa-press.net\/cotedivoire\/#website\",\"url\":\"https:\/\/www.africa-press.net\/cotedivoire\/\",\"name\":\"C\u00f4te d&#039;Ivoire\",\"description\":\"Just another Africa News Agency Sites site\",\"potentialAction\":[{\"@type\":\"SearchAction\",\"target\":{\"@type\":\"EntryPoint\",\"urlTemplate\":\"https:\/\/www.africa-press.net\/cotedivoire\/?s={search_term_string}\"},\"query-input\":{\"@type\":\"PropertyValueSpecification\",\"valueRequired\":true,\"valueName\":\"search_term_string\"}}],\"inLanguage\":\"fr-FR\"},{\"@type\":\"Person\",\"@id\":\"https:\/\/www.africa-press.net\/cotedivoire\/#\/schema\/person\/2b1cf3cd81a31e3cd26889ca66d677f1\",\"name\":\"cfeditorfr\"}]}<\/script>\n<!-- \/ Yoast SEO Premium plugin. -->","yoast_head_json":{"title":"L\u2019Accueil de Gbagbo \u00absera triomphal\u00bb, selon Emmanuel Monnet - C\u00f4te d&#039;Ivoire","description":"En C\u00f4te d\u2019ivoire le sujet est sur toutes les l\u00e8vres. Le retour de Laurent Gbagbo, ancien pr\u00e9sident ivoirien acquitt\u00e9 de ...","robots":{"index":"index","follow":"follow","max-snippet":"max-snippet:-1","max-image-preview":"max-image-preview:large","max-video-preview":"max-video-preview:-1"},"canonical":"https:\/\/www.africa-press.net\/cotedivoire\/politique\/cote-divoire-laccueil-de-gbagbo-sera-triomphal-selon-emmanuel-monnet","og_locale":"fr_FR","og_type":"article","og_title":"L\u2019Accueil de Gbagbo \u00absera triomphal\u00bb, selon Emmanuel Monnet","og_description":"En C\u00f4te d\u2019ivoire le sujet est sur toutes les l\u00e8vres. Le retour de Laurent Gbagbo, ancien pr\u00e9sident ivoirien acquitt\u00e9 de ...","og_url":"https:\/\/www.africa-press.net\/cotedivoire\/politique\/cote-divoire-laccueil-de-gbagbo-sera-triomphal-selon-emmanuel-monnet","og_site_name":"C\u00f4te d&#039;Ivoire","article_published_time":"2021-05-17T16:00:00+00:00","article_modified_time":"2021-05-17T16:52:51+00:00","og_image":[{"width":971,"height":626,"url":"https:\/\/static.africa-press.net\/cote\/sites\/43\/2021\/05\/img-60a28e7a4c4b6.jpg","type":"image\/jpeg"}],"author":"cfeditorfr","twitter_card":"summary_large_image","twitter_misc":{"\u00c9crit par":"cfeditorfr","Dur\u00e9e de lecture estim\u00e9e":"3 minutes"},"schema":{"@context":"https:\/\/schema.org","@graph":[{"@type":"Article","@id":"https:\/\/www.africa-press.net\/cotedivoire\/politique\/cote-divoire-laccueil-de-gbagbo-sera-triomphal-selon-emmanuel-monnet#article","isPartOf":{"@id":"https:\/\/www.africa-press.net\/cotedivoire\/politique\/cote-divoire-laccueil-de-gbagbo-sera-triomphal-selon-emmanuel-monnet"},"author":{"name":"cfeditorfr","@id":"https:\/\/www.africa-press.net\/cotedivoire\/#\/schema\/person\/2b1cf3cd81a31e3cd26889ca66d677f1"},"headline":"L\u2019Accueil de Gbagbo \u00absera triomphal\u00bb, selon Emmanuel Monnet","datePublished":"2021-05-17T16:00:00+00:00","dateModified":"2021-05-17T16:52:51+00:00","mainEntityOfPage":{"@id":"https:\/\/www.africa-press.net\/cotedivoire\/politique\/cote-divoire-laccueil-de-gbagbo-sera-triomphal-selon-emmanuel-monnet"},"wordCount":700,"commentCount":0,"image":{"@id":"https:\/\/www.africa-press.net\/cotedivoire\/politique\/cote-divoire-laccueil-de-gbagbo-sera-triomphal-selon-emmanuel-monnet#primaryimage"},"thumbnailUrl":"https:\/\/static.africa-press.net\/cote\/sites\/43\/2021\/05\/img-60a28e7a4c4b6.jpg","keywords":["Africa Press","Africa Press-C\u00f4te d'Ivoire","C\u00d4TE D'IVOIRE"],"articleSection":["homepage-french","Politique","Toutes les actualit\u00e9s"],"inLanguage":"fr-FR","potentialAction":[{"@type":"CommentAction","name":"Comment","target":["https:\/\/www.africa-press.net\/cotedivoire\/politique\/cote-divoire-laccueil-de-gbagbo-sera-triomphal-selon-emmanuel-monnet#respond"]}]},{"@type":"WebPage","@id":"https:\/\/www.africa-press.net\/cotedivoire\/politique\/cote-divoire-laccueil-de-gbagbo-sera-triomphal-selon-emmanuel-monnet","url":"https:\/\/www.africa-press.net\/cotedivoire\/politique\/cote-divoire-laccueil-de-gbagbo-sera-triomphal-selon-emmanuel-monnet","name":"L\u2019Accueil de Gbagbo \u00absera triomphal\u00bb, selon Emmanuel Monnet - C\u00f4te d&#039;Ivoire","isPartOf":{"@id":"https:\/\/www.africa-press.net\/cotedivoire\/#website"},"primaryImageOfPage":{"@id":"https:\/\/www.africa-press.net\/cotedivoire\/politique\/cote-divoire-laccueil-de-gbagbo-sera-triomphal-selon-emmanuel-monnet#primaryimage"},"image":{"@id":"https:\/\/www.africa-press.net\/cotedivoire\/politique\/cote-divoire-laccueil-de-gbagbo-sera-triomphal-selon-emmanuel-monnet#primaryimage"},"thumbnailUrl":"https:\/\/static.africa-press.net\/cote\/sites\/43\/2021\/05\/img-60a28e7a4c4b6.jpg","datePublished":"2021-05-17T16:00:00+00:00","dateModified":"2021-05-17T16:52:51+00:00","author":{"@id":"https:\/\/www.africa-press.net\/cotedivoire\/#\/schema\/person\/2b1cf3cd81a31e3cd26889ca66d677f1"},"description":"En C\u00f4te d\u2019ivoire le sujet est sur toutes les l\u00e8vres. Le retour de Laurent Gbagbo, ancien pr\u00e9sident ivoirien acquitt\u00e9 de ...","breadcrumb":{"@id":"https:\/\/www.africa-press.net\/cotedivoire\/politique\/cote-divoire-laccueil-de-gbagbo-sera-triomphal-selon-emmanuel-monnet#breadcrumb"},"inLanguage":"fr-FR","potentialAction":[{"@type":"ReadAction","target":["https:\/\/www.africa-press.net\/cotedivoire\/politique\/cote-divoire-laccueil-de-gbagbo-sera-triomphal-selon-emmanuel-monnet"]}]},{"@type":"ImageObject","inLanguage":"fr-FR","@id":"https:\/\/www.africa-press.net\/cotedivoire\/politique\/cote-divoire-laccueil-de-gbagbo-sera-triomphal-selon-emmanuel-monnet#primaryimage","url":"https:\/\/static.africa-press.net\/cote\/sites\/43\/2021\/05\/img-60a28e7a4c4b6.jpg","contentUrl":"https:\/\/static.africa-press.net\/cote\/sites\/43\/2021\/05\/img-60a28e7a4c4b6.jpg","width":971,"height":626,"caption":"C\u00f4te-d\u2019Ivoire: L\u2019Accueil de Gbagbo \u00absera triomphal\u00bb, selon Emmanuel Monnet"},{"@type":"BreadcrumbList","@id":"https:\/\/www.africa-press.net\/cotedivoire\/politique\/cote-divoire-laccueil-de-gbagbo-sera-triomphal-selon-emmanuel-monnet#breadcrumb","itemListElement":[{"@type":"ListItem","position":1,"name":"Accueil","item":"https:\/\/www.africa-press.net\/cotedivoire\/"},{"@type":"ListItem","position":2,"name":"L\u2019Accueil de Gbagbo \u00absera triomphal\u00bb, selon Emmanuel Monnet"}]},{"@type":"WebSite","@id":"https:\/\/www.africa-press.net\/cotedivoire\/#website","url":"https:\/\/www.africa-press.net\/cotedivoire\/","name":"C\u00f4te d&#039;Ivoire","description":"Just another Africa News Agency Sites site","potentialAction":[{"@type":"SearchAction","target":{"@type":"EntryPoint","urlTemplate":"https:\/\/www.africa-press.net\/cotedivoire\/?s={search_term_string}"},"query-input":{"@type":"PropertyValueSpecification","valueRequired":true,"valueName":"search_term_string"}}],"inLanguage":"fr-FR"},{"@type":"Person","@id":"https:\/\/www.africa-press.net\/cotedivoire\/#\/schema\/person\/2b1cf3cd81a31e3cd26889ca66d677f1","name":"cfeditorfr"}]}},"_links":{"self":[{"href":"https:\/\/www.africa-press.net\/cotedivoire\/wp-json\/wp\/v2\/posts\/7837","targetHints":{"allow":["GET"]}}],"collection":[{"href":"https:\/\/www.africa-press.net\/cotedivoire\/wp-json\/wp\/v2\/posts"}],"about":[{"href":"https:\/\/www.africa-press.net\/cotedivoire\/wp-json\/wp\/v2\/types\/post"}],"author":[{"embeddable":true,"href":"https:\/\/www.africa-press.net\/cotedivoire\/wp-json\/wp\/v2\/users\/82"}],"replies":[{"embeddable":true,"href":"https:\/\/www.africa-press.net\/cotedivoire\/wp-json\/wp\/v2\/comments?post=7837"}],"version-history":[{"count":0,"href":"https:\/\/www.africa-press.net\/cotedivoire\/wp-json\/wp\/v2\/posts\/7837\/revisions"}],"wp:featuredmedia":[{"embeddable":true,"href":"https:\/\/www.africa-press.net\/cotedivoire\/wp-json\/wp\/v2\/media\/7836"}],"wp:attachment":[{"href":"https:\/\/www.africa-press.net\/cotedivoire\/wp-json\/wp\/v2\/media?parent=7837"}],"wp:term":[{"taxonomy":"category","embeddable":true,"href":"https:\/\/www.africa-press.net\/cotedivoire\/wp-json\/wp\/v2\/categories?post=7837"},{"taxonomy":"post_tag","embeddable":true,"href":"https:\/\/www.africa-press.net\/cotedivoire\/wp-json\/wp\/v2\/tags?post=7837"}],"curies":[{"name":"wp","href":"https:\/\/api.w.org\/{rel}","templated":true}]}}