{"id":78373,"date":"2024-04-18T19:19:00","date_gmt":"2024-04-18T19:19:00","guid":{"rendered":"https:\/\/www.africa-press.net\/cotedivoire\/politique\/le-trophee-de-la-can-2023-presente-aux-travailleurs-dagl-a-abidjan"},"modified":"2024-04-18T19:23:58","modified_gmt":"2024-04-18T19:23:58","slug":"le-trophee-de-la-can-2023-presente-aux-travailleurs-dagl-a-abidjan","status":"publish","type":"post","link":"https:\/\/www.africa-press.net\/cotedivoire\/sports\/le-trophee-de-la-can-2023-presente-aux-travailleurs-dagl-a-abidjan","title":{"rendered":"Le troph\u00e9e de la CAN 2023 pr\u00e9sent\u00e9 aux travailleurs d&rsquo;AGL \u00e0 Abidjan"},"content":{"rendered":"<p><span style=\"color: #ff6600\"><strong>Africa-Press &#8211; C\u00f4te d&rsquo;Ivoire. <\/strong><\/span>Dans le cadre de la tourne\u0301e de pre\u0301sentation du trophe\u0301e de la CAN a\u0300 ses partenaires, Africa Globla Logistics (AGL) et ses filiales en Co\u0302te d\u2019Ivoire l&rsquo;ont rec\u0327u ce mercredi 17 avril 2024, au sie\u0300ge de l\u2019entreprise a\u0300 Treichville.<\/p>\n<p>La ce\u0301re\u0301monie s&rsquo;est de\u0301roule\u0301e en pre\u0301sence des membres du comite\u0301 exe\u0301cutif de la Fe\u0301de\u0301ration Ivoirienne de Football, avec a\u0300 leur te\u0302te, Idriss Diallo, Pre\u0301sident de la FIF, du coach Emerse Fae\u0301, d\u2019Asta-Rosa Cisse\u0301, Directrice Re\u0301gionale d\u2019Africa Globla Logistics pour la Co\u0302te d\u2019Ivoire et le Burkina Faso, de Joe\u0308l Hounsinou, Directeur Ge\u0301ne\u0301ral d\u2019AGL Co\u0302te d\u2019Ivoire et des collaborateurs de l\u2019entreprise, venus en grands nombre, toucher du doigt le trophe\u0301e remporte\u0301 le 11 fe\u0301vrier 2024 par les E\u0301le\u0301phants de Co\u0302te d\u2019Ivoire.<\/p>\n<p>Asta-Rosa Cisse\u0301, Directrice Re\u0301gionale d\u2019AGL (Co\u0302te d\u2019Ivoire-Burkina Faso), a dit au nom de l\u2019ensemble du personnel de l\u2019entreprise, sa joie de recevoir le trophe\u0301e de la CAN. \u00ab Je me re\u0301jouis ce jour de recevoir le trophe\u0301e de la CAN dans nos locaux. C\u2019est le signe du lien solide qui lie AGL a\u0300 la Fe\u0301de\u0301ration Ivoirienne de Football et le te\u0301moignage de notre engagement aux co\u0302te\u0301s des E\u0301le\u0301phants, champions d\u2019Afrique. A\u0300 travers ce trophe\u0301e, les e\u0301le\u0301phants de Co\u0302te d\u2019Ivoire nous ont montre\u0301 qu\u2019au-dela\u0300 de tous les de\u0301fis que l\u2019on peut rencontrer, il faut toujours croire en ses re\u0302ves. Les e\u0301le\u0301phants nous ont aussi de\u0301montre\u0301 le bien fonde\u0301 du travail en e\u0301quipe qui permet d\u2019atteindre nos objectifs \u00bb, a-t-elle indique\u0301.<\/p>\n<p>Pour Asta-Rosa Cisse\u0301, ce trophe\u0301e symbolise bien plus qu&rsquo;une simple re\u0301compense, car il incarne la de\u0301termination d\u2019AGL a\u0300 continuer a\u0300 soutenir le de\u0301veloppement du football et a\u0300 inspirer les ge\u0301ne\u0301rations futures.<\/p>\n<p>Idriss Diallo, Pre\u0301sident de la FIF, a\u0300 l&rsquo;initiative de ces tourne\u0301es, a pour sa part salue\u0301 l\u2019engagement sans faille d\u2019AGL aux co\u0302te\u0301s de la Fe\u0301de\u0301ration et de l\u2019e\u0301quipe nationale de Football.<\/p>\n<p>\u00ab AGL est un partenaire qui a cru en nous la\u0300 ou\u0300 tout semblait impossible et que tout le monde pensait que c\u2019e\u0301tait finit. Aujourd\u2019hui gra\u0302ce a\u0300 ce partenariat, nous avons remporte\u0301 la CAN a\u0300 domicile. \u00bb, a explique\u0301 Idriss Diallo qui n\u2019a pas manque\u0301 de souligner la forte mobilisation des travailleurs d\u2019AGL tout au long de la CAN 2023.<\/p>\n<p>Cette ce\u0301re\u0301monie a e\u0301te\u0301 marque\u0301e par la remise symbolique du trophe\u0301e de la CAN aux responsables d\u2019AGL, ainsi par une se\u0301ance photos de l\u2019ensemble des collaborateurs de l\u2019entreprise avec le trophe\u0301e.<\/p>\n<p><strong>Pour plus d&rsquo;informations et d&rsquo;analyses sur la <a href=\"https:\/\/www.africa-press.net\/cotedivoire\">C\u00f4te d&rsquo;Ivoire<\/a>, suivez <a href=\"https:\/\/www.africa-press.net\/\">Africa-Press<\/a><\/strong><\/p>\n","protected":false},"excerpt":{"rendered":"<p>Africa-Press &#8211; C\u00f4te d&rsquo;Ivoire. Dans le cadre de la tourne\u0301e de pre\u0301sentation du trophe\u0301e de la CAN a\u0300 ses partenaires, Africa Globla Logistics (AGL) et ses filiales en Co\u0302te d\u2019Ivoire l&rsquo;ont rec\u0327u ce mercredi 17 avril 2024, au sie\u0300ge de l\u2019entreprise a\u0300 Treichville. La ce\u0301re\u0301monie s&rsquo;est de\u0301roule\u0301e en pre\u0301sence des membres du comite\u0301 exe\u0301cutif de [&hellip;]<\/p>\n","protected":false},"author":82,"featured_media":78372,"comment_status":"open","ping_status":"closed","sticky":false,"template":"","format":"standard","meta":{"footnotes":""},"categories":[6,10],"tags":[56,63,9613,6336,2113,29,12422,859,1356,1577],"class_list":["post-78373","post","type-post","status-publish","format-standard","has-post-thumbnail","hentry","category-sports","category-toutes-les-actualites","tag-africa-press","tag-africa-press-cote-divoire","tag-agl","tag-asta-rosa-cisse","tag-can-2023","tag-cote-divoire","tag-emerse-fae","tag-fif","tag-idriss-diallo","tag-joel-hounsinou"],"yoast_head":"<!-- This site is optimized with the Yoast SEO Premium plugin v26.1 (Yoast SEO v27.0) - https:\/\/yoast.com\/product\/yoast-seo-premium-wordpress\/ -->\n<title>Le troph\u00e9e de la CAN 2023 pr\u00e9sent\u00e9 aux travailleurs d&#039;AGL \u00e0 Abidjan - C\u00f4te d&#039;Ivoire<\/title>\n<meta name=\"description\" content=\"Dans le cadre de la tourne\u0301e de pre\u0301sentation du trophe\u0301e de la CAN a\u0300 ses partenaires, Africa Globla Logistics (AGL) et ...\" \/>\n<meta name=\"robots\" content=\"index, follow, max-snippet:-1, max-image-preview:large, max-video-preview:-1\" \/>\n<link rel=\"canonical\" href=\"https:\/\/www.africa-press.net\/cotedivoire\/sports\/le-trophee-de-la-can-2023-presente-aux-travailleurs-dagl-a-abidjan\" \/>\n<meta property=\"og:locale\" content=\"fr_FR\" \/>\n<meta property=\"og:type\" content=\"article\" \/>\n<meta property=\"og:title\" content=\"Le troph\u00e9e de la CAN 2023 pr\u00e9sent\u00e9 aux travailleurs d&#039;AGL \u00e0 Abidjan\" \/>\n<meta property=\"og:description\" content=\"Dans le cadre de la tourne\u0301e de pre\u0301sentation du trophe\u0301e de la CAN a\u0300 ses partenaires, Africa Globla Logistics (AGL) et ...\" \/>\n<meta property=\"og:url\" content=\"https:\/\/www.africa-press.net\/cotedivoire\/sports\/le-trophee-de-la-can-2023-presente-aux-travailleurs-dagl-a-abidjan\" \/>\n<meta property=\"og:site_name\" content=\"C\u00f4te d&#039;Ivoire\" \/>\n<meta property=\"article:published_time\" content=\"2024-04-18T19:19:00+00:00\" \/>\n<meta property=\"article:modified_time\" content=\"2024-04-18T19:23:58+00:00\" \/>\n<meta property=\"og:image\" content=\"https:\/\/static.africa-press.net\/cote\/sites\/43\/2024\/04\/sm_1713455561.119194.jpg\" \/>\n\t<meta property=\"og:image:width\" content=\"720\" \/>\n\t<meta property=\"og:image:height\" content=\"480\" \/>\n\t<meta property=\"og:image:type\" content=\"image\/jpeg\" \/>\n<meta name=\"author\" content=\"cfeditorfr\" \/>\n<meta name=\"twitter:card\" content=\"summary_large_image\" \/>\n<meta name=\"twitter:label1\" content=\"\u00c9crit par\" \/>\n\t<meta name=\"twitter:data1\" content=\"cfeditorfr\" \/>\n\t<meta name=\"twitter:label2\" content=\"Dur\u00e9e de lecture estim\u00e9e\" \/>\n\t<meta name=\"twitter:data2\" content=\"3 minutes\" \/>\n<script type=\"application\/ld+json\" class=\"yoast-schema-graph\">{\"@context\":\"https:\/\/schema.org\",\"@graph\":[{\"@type\":\"Article\",\"@id\":\"https:\/\/www.africa-press.net\/cotedivoire\/sports\/le-trophee-de-la-can-2023-presente-aux-travailleurs-dagl-a-abidjan#article\",\"isPartOf\":{\"@id\":\"https:\/\/www.africa-press.net\/cotedivoire\/sports\/le-trophee-de-la-can-2023-presente-aux-travailleurs-dagl-a-abidjan\"},\"author\":{\"name\":\"cfeditorfr\",\"@id\":\"https:\/\/www.africa-press.net\/cotedivoire\/#\/schema\/person\/2b1cf3cd81a31e3cd26889ca66d677f1\"},\"headline\":\"Le troph\u00e9e de la CAN 2023 pr\u00e9sent\u00e9 aux travailleurs d&rsquo;AGL \u00e0 Abidjan\",\"datePublished\":\"2024-04-18T19:19:00+00:00\",\"dateModified\":\"2024-04-18T19:23:58+00:00\",\"mainEntityOfPage\":{\"@id\":\"https:\/\/www.africa-press.net\/cotedivoire\/sports\/le-trophee-de-la-can-2023-presente-aux-travailleurs-dagl-a-abidjan\"},\"wordCount\":520,\"commentCount\":0,\"image\":{\"@id\":\"https:\/\/www.africa-press.net\/cotedivoire\/sports\/le-trophee-de-la-can-2023-presente-aux-travailleurs-dagl-a-abidjan#primaryimage\"},\"thumbnailUrl\":\"https:\/\/static.africa-press.net\/cote\/sites\/43\/2024\/04\/sm_1713455561.119194.jpg\",\"keywords\":[\"Africa Press\",\"Africa Press-C\u00f4te d'Ivoire\",\"AGL\",\"Asta-Rosa Ciss\u00e9\",\"CAN 2023\",\"C\u00d4TE D'IVOIRE\",\"Emerse Fae\",\"FIF\",\"Idriss Diallo\",\"Jo\u00ebl Hounsinou\"],\"articleSection\":[\"Sports\",\"Toutes les actualit\u00e9s\"],\"inLanguage\":\"fr-FR\",\"potentialAction\":[{\"@type\":\"CommentAction\",\"name\":\"Comment\",\"target\":[\"https:\/\/www.africa-press.net\/cotedivoire\/sports\/le-trophee-de-la-can-2023-presente-aux-travailleurs-dagl-a-abidjan#respond\"]}]},{\"@type\":\"WebPage\",\"@id\":\"https:\/\/www.africa-press.net\/cotedivoire\/sports\/le-trophee-de-la-can-2023-presente-aux-travailleurs-dagl-a-abidjan\",\"url\":\"https:\/\/www.africa-press.net\/cotedivoire\/sports\/le-trophee-de-la-can-2023-presente-aux-travailleurs-dagl-a-abidjan\",\"name\":\"Le troph\u00e9e de la CAN 2023 pr\u00e9sent\u00e9 aux travailleurs d'AGL \u00e0 Abidjan - C\u00f4te d&#039;Ivoire\",\"isPartOf\":{\"@id\":\"https:\/\/www.africa-press.net\/cotedivoire\/#website\"},\"primaryImageOfPage\":{\"@id\":\"https:\/\/www.africa-press.net\/cotedivoire\/sports\/le-trophee-de-la-can-2023-presente-aux-travailleurs-dagl-a-abidjan#primaryimage\"},\"image\":{\"@id\":\"https:\/\/www.africa-press.net\/cotedivoire\/sports\/le-trophee-de-la-can-2023-presente-aux-travailleurs-dagl-a-abidjan#primaryimage\"},\"thumbnailUrl\":\"https:\/\/static.africa-press.net\/cote\/sites\/43\/2024\/04\/sm_1713455561.119194.jpg\",\"datePublished\":\"2024-04-18T19:19:00+00:00\",\"dateModified\":\"2024-04-18T19:23:58+00:00\",\"author\":{\"@id\":\"https:\/\/www.africa-press.net\/cotedivoire\/#\/schema\/person\/2b1cf3cd81a31e3cd26889ca66d677f1\"},\"description\":\"Dans le cadre de la tourne\u0301e de pre\u0301sentation du trophe\u0301e de la CAN a\u0300 ses partenaires, Africa Globla Logistics (AGL) et ...\",\"breadcrumb\":{\"@id\":\"https:\/\/www.africa-press.net\/cotedivoire\/sports\/le-trophee-de-la-can-2023-presente-aux-travailleurs-dagl-a-abidjan#breadcrumb\"},\"inLanguage\":\"fr-FR\",\"potentialAction\":[{\"@type\":\"ReadAction\",\"target\":[\"https:\/\/www.africa-press.net\/cotedivoire\/sports\/le-trophee-de-la-can-2023-presente-aux-travailleurs-dagl-a-abidjan\"]}]},{\"@type\":\"ImageObject\",\"inLanguage\":\"fr-FR\",\"@id\":\"https:\/\/www.africa-press.net\/cotedivoire\/sports\/le-trophee-de-la-can-2023-presente-aux-travailleurs-dagl-a-abidjan#primaryimage\",\"url\":\"https:\/\/static.africa-press.net\/cote\/sites\/43\/2024\/04\/sm_1713455561.119194.jpg\",\"contentUrl\":\"https:\/\/static.africa-press.net\/cote\/sites\/43\/2024\/04\/sm_1713455561.119194.jpg\",\"width\":720,\"height\":480,\"caption\":\"Le troph\u00e9e de la CAN 2023 pr\u00e9sent\u00e9 aux travailleurs d'AGL \u00e0 Abidjan\"},{\"@type\":\"BreadcrumbList\",\"@id\":\"https:\/\/www.africa-press.net\/cotedivoire\/sports\/le-trophee-de-la-can-2023-presente-aux-travailleurs-dagl-a-abidjan#breadcrumb\",\"itemListElement\":[{\"@type\":\"ListItem\",\"position\":1,\"name\":\"Accueil\",\"item\":\"https:\/\/www.africa-press.net\/cotedivoire\/\"},{\"@type\":\"ListItem\",\"position\":2,\"name\":\"Le troph\u00e9e de la CAN 2023 pr\u00e9sent\u00e9 aux travailleurs d&#8217;AGL \u00e0 Abidjan\"}]},{\"@type\":\"WebSite\",\"@id\":\"https:\/\/www.africa-press.net\/cotedivoire\/#website\",\"url\":\"https:\/\/www.africa-press.net\/cotedivoire\/\",\"name\":\"C\u00f4te d&#039;Ivoire\",\"description\":\"Just another Africa News Agency Sites site\",\"potentialAction\":[{\"@type\":\"SearchAction\",\"target\":{\"@type\":\"EntryPoint\",\"urlTemplate\":\"https:\/\/www.africa-press.net\/cotedivoire\/?s={search_term_string}\"},\"query-input\":{\"@type\":\"PropertyValueSpecification\",\"valueRequired\":true,\"valueName\":\"search_term_string\"}}],\"inLanguage\":\"fr-FR\"},{\"@type\":\"Person\",\"@id\":\"https:\/\/www.africa-press.net\/cotedivoire\/#\/schema\/person\/2b1cf3cd81a31e3cd26889ca66d677f1\",\"name\":\"cfeditorfr\"}]}<\/script>\n<!-- \/ Yoast SEO Premium plugin. -->","yoast_head_json":{"title":"Le troph\u00e9e de la CAN 2023 pr\u00e9sent\u00e9 aux travailleurs d'AGL \u00e0 Abidjan - C\u00f4te d&#039;Ivoire","description":"Dans le cadre de la tourne\u0301e de pre\u0301sentation du trophe\u0301e de la CAN a\u0300 ses partenaires, Africa Globla Logistics (AGL) et ...","robots":{"index":"index","follow":"follow","max-snippet":"max-snippet:-1","max-image-preview":"max-image-preview:large","max-video-preview":"max-video-preview:-1"},"canonical":"https:\/\/www.africa-press.net\/cotedivoire\/sports\/le-trophee-de-la-can-2023-presente-aux-travailleurs-dagl-a-abidjan","og_locale":"fr_FR","og_type":"article","og_title":"Le troph\u00e9e de la CAN 2023 pr\u00e9sent\u00e9 aux travailleurs d'AGL \u00e0 Abidjan","og_description":"Dans le cadre de la tourne\u0301e de pre\u0301sentation du trophe\u0301e de la CAN a\u0300 ses partenaires, Africa Globla Logistics (AGL) et ...","og_url":"https:\/\/www.africa-press.net\/cotedivoire\/sports\/le-trophee-de-la-can-2023-presente-aux-travailleurs-dagl-a-abidjan","og_site_name":"C\u00f4te d&#039;Ivoire","article_published_time":"2024-04-18T19:19:00+00:00","article_modified_time":"2024-04-18T19:23:58+00:00","og_image":[{"width":720,"height":480,"url":"https:\/\/static.africa-press.net\/cote\/sites\/43\/2024\/04\/sm_1713455561.119194.jpg","type":"image\/jpeg"}],"author":"cfeditorfr","twitter_card":"summary_large_image","twitter_misc":{"\u00c9crit par":"cfeditorfr","Dur\u00e9e de lecture estim\u00e9e":"3 minutes"},"schema":{"@context":"https:\/\/schema.org","@graph":[{"@type":"Article","@id":"https:\/\/www.africa-press.net\/cotedivoire\/sports\/le-trophee-de-la-can-2023-presente-aux-travailleurs-dagl-a-abidjan#article","isPartOf":{"@id":"https:\/\/www.africa-press.net\/cotedivoire\/sports\/le-trophee-de-la-can-2023-presente-aux-travailleurs-dagl-a-abidjan"},"author":{"name":"cfeditorfr","@id":"https:\/\/www.africa-press.net\/cotedivoire\/#\/schema\/person\/2b1cf3cd81a31e3cd26889ca66d677f1"},"headline":"Le troph\u00e9e de la CAN 2023 pr\u00e9sent\u00e9 aux travailleurs d&rsquo;AGL \u00e0 Abidjan","datePublished":"2024-04-18T19:19:00+00:00","dateModified":"2024-04-18T19:23:58+00:00","mainEntityOfPage":{"@id":"https:\/\/www.africa-press.net\/cotedivoire\/sports\/le-trophee-de-la-can-2023-presente-aux-travailleurs-dagl-a-abidjan"},"wordCount":520,"commentCount":0,"image":{"@id":"https:\/\/www.africa-press.net\/cotedivoire\/sports\/le-trophee-de-la-can-2023-presente-aux-travailleurs-dagl-a-abidjan#primaryimage"},"thumbnailUrl":"https:\/\/static.africa-press.net\/cote\/sites\/43\/2024\/04\/sm_1713455561.119194.jpg","keywords":["Africa Press","Africa Press-C\u00f4te d'Ivoire","AGL","Asta-Rosa Ciss\u00e9","CAN 2023","C\u00d4TE D'IVOIRE","Emerse Fae","FIF","Idriss Diallo","Jo\u00ebl Hounsinou"],"articleSection":["Sports","Toutes les actualit\u00e9s"],"inLanguage":"fr-FR","potentialAction":[{"@type":"CommentAction","name":"Comment","target":["https:\/\/www.africa-press.net\/cotedivoire\/sports\/le-trophee-de-la-can-2023-presente-aux-travailleurs-dagl-a-abidjan#respond"]}]},{"@type":"WebPage","@id":"https:\/\/www.africa-press.net\/cotedivoire\/sports\/le-trophee-de-la-can-2023-presente-aux-travailleurs-dagl-a-abidjan","url":"https:\/\/www.africa-press.net\/cotedivoire\/sports\/le-trophee-de-la-can-2023-presente-aux-travailleurs-dagl-a-abidjan","name":"Le troph\u00e9e de la CAN 2023 pr\u00e9sent\u00e9 aux travailleurs d'AGL \u00e0 Abidjan - C\u00f4te d&#039;Ivoire","isPartOf":{"@id":"https:\/\/www.africa-press.net\/cotedivoire\/#website"},"primaryImageOfPage":{"@id":"https:\/\/www.africa-press.net\/cotedivoire\/sports\/le-trophee-de-la-can-2023-presente-aux-travailleurs-dagl-a-abidjan#primaryimage"},"image":{"@id":"https:\/\/www.africa-press.net\/cotedivoire\/sports\/le-trophee-de-la-can-2023-presente-aux-travailleurs-dagl-a-abidjan#primaryimage"},"thumbnailUrl":"https:\/\/static.africa-press.net\/cote\/sites\/43\/2024\/04\/sm_1713455561.119194.jpg","datePublished":"2024-04-18T19:19:00+00:00","dateModified":"2024-04-18T19:23:58+00:00","author":{"@id":"https:\/\/www.africa-press.net\/cotedivoire\/#\/schema\/person\/2b1cf3cd81a31e3cd26889ca66d677f1"},"description":"Dans le cadre de la tourne\u0301e de pre\u0301sentation du trophe\u0301e de la CAN a\u0300 ses partenaires, Africa Globla Logistics (AGL) et ...","breadcrumb":{"@id":"https:\/\/www.africa-press.net\/cotedivoire\/sports\/le-trophee-de-la-can-2023-presente-aux-travailleurs-dagl-a-abidjan#breadcrumb"},"inLanguage":"fr-FR","potentialAction":[{"@type":"ReadAction","target":["https:\/\/www.africa-press.net\/cotedivoire\/sports\/le-trophee-de-la-can-2023-presente-aux-travailleurs-dagl-a-abidjan"]}]},{"@type":"ImageObject","inLanguage":"fr-FR","@id":"https:\/\/www.africa-press.net\/cotedivoire\/sports\/le-trophee-de-la-can-2023-presente-aux-travailleurs-dagl-a-abidjan#primaryimage","url":"https:\/\/static.africa-press.net\/cote\/sites\/43\/2024\/04\/sm_1713455561.119194.jpg","contentUrl":"https:\/\/static.africa-press.net\/cote\/sites\/43\/2024\/04\/sm_1713455561.119194.jpg","width":720,"height":480,"caption":"Le troph\u00e9e de la CAN 2023 pr\u00e9sent\u00e9 aux travailleurs d'AGL \u00e0 Abidjan"},{"@type":"BreadcrumbList","@id":"https:\/\/www.africa-press.net\/cotedivoire\/sports\/le-trophee-de-la-can-2023-presente-aux-travailleurs-dagl-a-abidjan#breadcrumb","itemListElement":[{"@type":"ListItem","position":1,"name":"Accueil","item":"https:\/\/www.africa-press.net\/cotedivoire\/"},{"@type":"ListItem","position":2,"name":"Le troph\u00e9e de la CAN 2023 pr\u00e9sent\u00e9 aux travailleurs d&#8217;AGL \u00e0 Abidjan"}]},{"@type":"WebSite","@id":"https:\/\/www.africa-press.net\/cotedivoire\/#website","url":"https:\/\/www.africa-press.net\/cotedivoire\/","name":"C\u00f4te d&#039;Ivoire","description":"Just another Africa News Agency Sites site","potentialAction":[{"@type":"SearchAction","target":{"@type":"EntryPoint","urlTemplate":"https:\/\/www.africa-press.net\/cotedivoire\/?s={search_term_string}"},"query-input":{"@type":"PropertyValueSpecification","valueRequired":true,"valueName":"search_term_string"}}],"inLanguage":"fr-FR"},{"@type":"Person","@id":"https:\/\/www.africa-press.net\/cotedivoire\/#\/schema\/person\/2b1cf3cd81a31e3cd26889ca66d677f1","name":"cfeditorfr"}]}},"_links":{"self":[{"href":"https:\/\/www.africa-press.net\/cotedivoire\/wp-json\/wp\/v2\/posts\/78373","targetHints":{"allow":["GET"]}}],"collection":[{"href":"https:\/\/www.africa-press.net\/cotedivoire\/wp-json\/wp\/v2\/posts"}],"about":[{"href":"https:\/\/www.africa-press.net\/cotedivoire\/wp-json\/wp\/v2\/types\/post"}],"author":[{"embeddable":true,"href":"https:\/\/www.africa-press.net\/cotedivoire\/wp-json\/wp\/v2\/users\/82"}],"replies":[{"embeddable":true,"href":"https:\/\/www.africa-press.net\/cotedivoire\/wp-json\/wp\/v2\/comments?post=78373"}],"version-history":[{"count":0,"href":"https:\/\/www.africa-press.net\/cotedivoire\/wp-json\/wp\/v2\/posts\/78373\/revisions"}],"wp:featuredmedia":[{"embeddable":true,"href":"https:\/\/www.africa-press.net\/cotedivoire\/wp-json\/wp\/v2\/media\/78372"}],"wp:attachment":[{"href":"https:\/\/www.africa-press.net\/cotedivoire\/wp-json\/wp\/v2\/media?parent=78373"}],"wp:term":[{"taxonomy":"category","embeddable":true,"href":"https:\/\/www.africa-press.net\/cotedivoire\/wp-json\/wp\/v2\/categories?post=78373"},{"taxonomy":"post_tag","embeddable":true,"href":"https:\/\/www.africa-press.net\/cotedivoire\/wp-json\/wp\/v2\/tags?post=78373"}],"curies":[{"name":"wp","href":"https:\/\/api.w.org\/{rel}","templated":true}]}}