{"id":7840,"date":"2021-05-17T16:06:51","date_gmt":"2021-05-17T16:06:51","guid":{"rendered":"https:\/\/www.africa-press.net\/cotedivoire\/?p=7840"},"modified":"2021-05-17T16:53:04","modified_gmt":"2021-05-17T16:53:04","slug":"cote-divoire-ouattara-echange-avec-kristalina-georgieva-fmi-et-axel-van-trostenburg-banque-mondiale-a-paris","status":"publish","type":"post","link":"https:\/\/www.africa-press.net\/cotedivoire\/economie\/cote-divoire-ouattara-echange-avec-kristalina-georgieva-fmi-et-axel-van-trostenburg-banque-mondiale-a-paris","title":{"rendered":"Ouattara \u00e9change avec Kristalina Georgieva (FMI) et Axel Van Trostenburg (Banque Mondiale) \u00e0 Paris"},"content":{"rendered":"<p><span style=\"color: #ff6600\"><strong><a href=\"https:\/\/www.africa-press.net\/\">Africa-Press<\/a> &#8211; <a href=\"https:\/\/www.africa-press.net\/cotedivoire\">C\u00f4te d&rsquo;Ivoire<\/a>. <\/strong><\/span>Arriv\u00e9 \u00e0 Paris pour prendre part au Sommet sur le financement des \u00e9conomies<\/p>\n<p>africaines, le Pr\u00e9sident de la R\u00e9publique, S.E.M. Alassane OUATTARA, s\u2019est entretenu<br \/>\nsuccessivement, ce dimanche 16 mai 2021, \u00e0 Paris, avec la Directrice G\u00e9n\u00e9rale du<br \/>\nFonds Mon\u00e9taire International (FMI), Mme Kristalina GEORGIEVA, et le Directeur<br \/>\nG\u00e9n\u00e9ral des op\u00e9rations de la Banque Mondiale, M. Axel Van TROTSENBURG.<br \/>\nL\u2019entretien avec la Directrice G\u00e9n\u00e9rale du FMI, Mme Kristalina GEORGIEVA, a \u00e9t\u00e9<br \/>\nl\u2019occasion de passer en revue la coop\u00e9ration entre la C\u00f4te d\u2019Ivoire et le Fonds<br \/>\nMon\u00e9taire International.<\/p>\n<p>La Directrice G\u00e9n\u00e9rale du FMI a salu\u00e9 l\u2019excellent travail accompli par le Gouvernement<br \/>\nivoirien dans le cadre de la lutte contre la pand\u00e9mie de COVID-19, et a r\u00e9it\u00e9r\u00e9<br \/>\nl\u2019engagement de son Institution \u00e0 soutenir la C\u00f4te d\u2019Ivoire dans sa relance<br \/>\n\u00e9conomique.<\/p>\n<p>Elle a, en outre, annonc\u00e9 la mise \u00e0 disposition de ressources additionnelles d\u2019environ<br \/>\nun milliard de dollars US \u00e0 la C\u00f4te d\u2019Ivoire afin de contribuer \u00e0 la relance \u00e9conomique<br \/>\net \u00e0 la cr\u00e9ation d\u2019emplois et de nouvelles opportunit\u00e9s.<br \/>\nLes \u00e9changes avec le Directeur G\u00e9n\u00e9ral des op\u00e9rations de la Banque Mondiale, M. Axel<br \/>\nVan TROTSENBURG, ont permis de faire le point des programmes de la Banque<br \/>\nMondiale en C\u00f4te d\u2019Ivoire.<br \/>\nLe Directeur G\u00e9n\u00e9ral des op\u00e9rations de la Banque Mondiale a salu\u00e9 l\u2019excellente<br \/>\ncoop\u00e9ration entre son Institution et la C\u00f4te d\u2019Ivoire, et a r\u00e9it\u00e9r\u00e9 la d\u00e9termination de la<br \/>\nBanque Mondiale \u00e0 accro\u00eetre ses financements en faveur de notre pays.<br \/>\nIl a, en outre, souhait\u00e9 un engagement plus fort de la communaut\u00e9 internationale en<br \/>\nfaveur du continent africain.<\/p>\n<p>M. Axel Van TROTSENBURG a, par ailleurs, \u00e9voqu\u00e9 les n\u00e9gociations au niveau de<br \/>\nl\u2019Association Internationale de D\u00e9veloppement (IDA), une Institution de la Banque<br \/>\nMondiale qui vise \u00e0 r\u00e9duire la pauvret\u00e9 en accordant des pr\u00eats et des dons destin\u00e9s \u00e0<br \/>\ndes programmes de nature \u00e0 stimuler la croissance \u00e9conomique, \u00e0 r\u00e9duire les in\u00e9galit\u00e9s<br \/>\net \u00e0 am\u00e9liorer la vie des plus d\u00e9munis. Il a souhait\u00e9 l\u2019augmentation des financements<br \/>\nde cette Institution en faveurs des pays africains.<\/p>\n<p>Pour terminer, le Directeur G\u00e9n\u00e9ral des op\u00e9rations de la Banque Mondiale a r\u00e9affirm\u00e9<br \/>\nla disponibilit\u00e9 de son Institution \u00e0 continuer de soutenir la C\u00f4te d\u2019Ivoire dans son<br \/>\nd\u00e9veloppement.<\/p>\n<p>Notons que le Ministre, Secr\u00e9taire G\u00e9n\u00e9ral de la Pr\u00e9sidence de la R\u00e9publique, M.<br \/>\nAbdourahmane CISSE, le Ministre de l\u2019Economie et des Finances, M. Adama<br \/>\nCOULIBALY, et la Directrice de la Communication de la Pr\u00e9sidence de la R\u00e9publique,<br \/>\nMme Mass\u00e9r\u00e9 TOURE-KONE, ont pris part \u00e0 ces entretiens.<\/p>\n","protected":false},"excerpt":{"rendered":"<p>Africa-Press &#8211; C\u00f4te d&rsquo;Ivoire. Arriv\u00e9 \u00e0 Paris pour prendre part au Sommet sur le financement des \u00e9conomies africaines, le Pr\u00e9sident de la R\u00e9publique, S.E.M. Alassane OUATTARA, s\u2019est entretenu successivement, ce dimanche 16 mai 2021, \u00e0 Paris, avec la Directrice G\u00e9n\u00e9rale du Fonds Mon\u00e9taire International (FMI), Mme Kristalina GEORGIEVA, et le Directeur G\u00e9n\u00e9ral des op\u00e9rations de [&hellip;]<\/p>\n","protected":false},"author":82,"featured_media":7839,"comment_status":"open","ping_status":"closed","sticky":false,"template":"","format":"standard","meta":{"footnotes":""},"categories":[3,11,20,10],"tags":[56,63,29],"class_list":["post-7840","post","type-post","status-publish","format-standard","has-post-thumbnail","hentry","category-economie","category-homepage-french","category-top-nouvelles","category-toutes-les-actualites","tag-africa-press","tag-africa-press-cote-divoire","tag-cote-divoire"],"yoast_head":"<!-- This site is optimized with the Yoast SEO Premium plugin v26.1 (Yoast SEO v27.0) - https:\/\/yoast.com\/product\/yoast-seo-premium-wordpress\/ -->\n<title>Ouattara \u00e9change avec Kristalina Georgieva (FMI) et Axel Van Trostenburg (Banque Mondiale) \u00e0 Paris - C\u00f4te d&#039;Ivoire<\/title>\n<meta name=\"description\" content=\"Note d\u00b4information N\u00b01705 du 16 mai 2021 Les entretiens du Chef de l\u2019Etat Arriv\u00e9 \u00e0 Paris pour prendre part au Sommet s ...\" \/>\n<meta name=\"robots\" content=\"index, follow, max-snippet:-1, max-image-preview:large, max-video-preview:-1\" \/>\n<link rel=\"canonical\" href=\"https:\/\/www.africa-press.net\/cotedivoire\/economie\/cote-divoire-ouattara-echange-avec-kristalina-georgieva-fmi-et-axel-van-trostenburg-banque-mondiale-a-paris\" \/>\n<meta property=\"og:locale\" content=\"fr_FR\" \/>\n<meta property=\"og:type\" content=\"article\" \/>\n<meta property=\"og:title\" content=\"Ouattara \u00e9change avec Kristalina Georgieva (FMI) et Axel Van Trostenburg (Banque Mondiale) \u00e0 Paris\" \/>\n<meta property=\"og:description\" content=\"Note d\u00b4information N\u00b01705 du 16 mai 2021 Les entretiens du Chef de l\u2019Etat Arriv\u00e9 \u00e0 Paris pour prendre part au Sommet s ...\" \/>\n<meta property=\"og:url\" content=\"https:\/\/www.africa-press.net\/cotedivoire\/economie\/cote-divoire-ouattara-echange-avec-kristalina-georgieva-fmi-et-axel-van-trostenburg-banque-mondiale-a-paris\" \/>\n<meta property=\"og:site_name\" content=\"C\u00f4te d&#039;Ivoire\" \/>\n<meta property=\"article:published_time\" content=\"2021-05-17T16:06:51+00:00\" \/>\n<meta property=\"article:modified_time\" content=\"2021-05-17T16:53:04+00:00\" \/>\n<meta property=\"og:image\" content=\"https:\/\/static.africa-press.net\/cote\/sites\/43\/2021\/05\/img-60a28eaf3d004.jpg\" \/>\n\t<meta property=\"og:image:width\" content=\"720\" \/>\n\t<meta property=\"og:image:height\" content=\"499\" \/>\n\t<meta property=\"og:image:type\" content=\"image\/jpeg\" \/>\n<meta name=\"author\" content=\"cfeditorfr\" \/>\n<meta name=\"twitter:card\" content=\"summary_large_image\" \/>\n<meta name=\"twitter:label1\" content=\"\u00c9crit par\" \/>\n\t<meta name=\"twitter:data1\" content=\"cfeditorfr\" \/>\n\t<meta name=\"twitter:label2\" content=\"Dur\u00e9e de lecture estim\u00e9e\" \/>\n\t<meta name=\"twitter:data2\" content=\"2 minutes\" \/>\n<script type=\"application\/ld+json\" class=\"yoast-schema-graph\">{\"@context\":\"https:\/\/schema.org\",\"@graph\":[{\"@type\":\"Article\",\"@id\":\"https:\/\/www.africa-press.net\/cotedivoire\/economie\/cote-divoire-ouattara-echange-avec-kristalina-georgieva-fmi-et-axel-van-trostenburg-banque-mondiale-a-paris#article\",\"isPartOf\":{\"@id\":\"https:\/\/www.africa-press.net\/cotedivoire\/economie\/cote-divoire-ouattara-echange-avec-kristalina-georgieva-fmi-et-axel-van-trostenburg-banque-mondiale-a-paris\"},\"author\":{\"name\":\"cfeditorfr\",\"@id\":\"https:\/\/www.africa-press.net\/cotedivoire\/#\/schema\/person\/2b1cf3cd81a31e3cd26889ca66d677f1\"},\"headline\":\"Ouattara \u00e9change avec Kristalina Georgieva (FMI) et Axel Van Trostenburg (Banque Mondiale) \u00e0 Paris\",\"datePublished\":\"2021-05-17T16:06:51+00:00\",\"dateModified\":\"2021-05-17T16:53:04+00:00\",\"mainEntityOfPage\":{\"@id\":\"https:\/\/www.africa-press.net\/cotedivoire\/economie\/cote-divoire-ouattara-echange-avec-kristalina-georgieva-fmi-et-axel-van-trostenburg-banque-mondiale-a-paris\"},\"wordCount\":480,\"commentCount\":0,\"image\":{\"@id\":\"https:\/\/www.africa-press.net\/cotedivoire\/economie\/cote-divoire-ouattara-echange-avec-kristalina-georgieva-fmi-et-axel-van-trostenburg-banque-mondiale-a-paris#primaryimage\"},\"thumbnailUrl\":\"https:\/\/static.africa-press.net\/cote\/sites\/43\/2021\/05\/img-60a28eaf3d004.jpg\",\"keywords\":[\"Africa Press\",\"Africa Press-C\u00f4te d'Ivoire\",\"C\u00d4TE D'IVOIRE\"],\"articleSection\":[\"\u00c9conomie\",\"homepage-french\",\"Top Nouvelles\",\"Toutes les actualit\u00e9s\"],\"inLanguage\":\"fr-FR\",\"potentialAction\":[{\"@type\":\"CommentAction\",\"name\":\"Comment\",\"target\":[\"https:\/\/www.africa-press.net\/cotedivoire\/economie\/cote-divoire-ouattara-echange-avec-kristalina-georgieva-fmi-et-axel-van-trostenburg-banque-mondiale-a-paris#respond\"]}]},{\"@type\":\"WebPage\",\"@id\":\"https:\/\/www.africa-press.net\/cotedivoire\/economie\/cote-divoire-ouattara-echange-avec-kristalina-georgieva-fmi-et-axel-van-trostenburg-banque-mondiale-a-paris\",\"url\":\"https:\/\/www.africa-press.net\/cotedivoire\/economie\/cote-divoire-ouattara-echange-avec-kristalina-georgieva-fmi-et-axel-van-trostenburg-banque-mondiale-a-paris\",\"name\":\"Ouattara \u00e9change avec Kristalina Georgieva (FMI) et Axel Van Trostenburg (Banque Mondiale) \u00e0 Paris - C\u00f4te d&#039;Ivoire\",\"isPartOf\":{\"@id\":\"https:\/\/www.africa-press.net\/cotedivoire\/#website\"},\"primaryImageOfPage\":{\"@id\":\"https:\/\/www.africa-press.net\/cotedivoire\/economie\/cote-divoire-ouattara-echange-avec-kristalina-georgieva-fmi-et-axel-van-trostenburg-banque-mondiale-a-paris#primaryimage\"},\"image\":{\"@id\":\"https:\/\/www.africa-press.net\/cotedivoire\/economie\/cote-divoire-ouattara-echange-avec-kristalina-georgieva-fmi-et-axel-van-trostenburg-banque-mondiale-a-paris#primaryimage\"},\"thumbnailUrl\":\"https:\/\/static.africa-press.net\/cote\/sites\/43\/2021\/05\/img-60a28eaf3d004.jpg\",\"datePublished\":\"2021-05-17T16:06:51+00:00\",\"dateModified\":\"2021-05-17T16:53:04+00:00\",\"author\":{\"@id\":\"https:\/\/www.africa-press.net\/cotedivoire\/#\/schema\/person\/2b1cf3cd81a31e3cd26889ca66d677f1\"},\"description\":\"Note d\u00b4information N\u00b01705 du 16 mai 2021 Les entretiens du Chef de l\u2019Etat Arriv\u00e9 \u00e0 Paris pour prendre part au Sommet s ...\",\"breadcrumb\":{\"@id\":\"https:\/\/www.africa-press.net\/cotedivoire\/economie\/cote-divoire-ouattara-echange-avec-kristalina-georgieva-fmi-et-axel-van-trostenburg-banque-mondiale-a-paris#breadcrumb\"},\"inLanguage\":\"fr-FR\",\"potentialAction\":[{\"@type\":\"ReadAction\",\"target\":[\"https:\/\/www.africa-press.net\/cotedivoire\/economie\/cote-divoire-ouattara-echange-avec-kristalina-georgieva-fmi-et-axel-van-trostenburg-banque-mondiale-a-paris\"]}]},{\"@type\":\"ImageObject\",\"inLanguage\":\"fr-FR\",\"@id\":\"https:\/\/www.africa-press.net\/cotedivoire\/economie\/cote-divoire-ouattara-echange-avec-kristalina-georgieva-fmi-et-axel-van-trostenburg-banque-mondiale-a-paris#primaryimage\",\"url\":\"https:\/\/static.africa-press.net\/cote\/sites\/43\/2021\/05\/img-60a28eaf3d004.jpg\",\"contentUrl\":\"https:\/\/static.africa-press.net\/cote\/sites\/43\/2021\/05\/img-60a28eaf3d004.jpg\",\"width\":720,\"height\":499,\"caption\":\"C\u00f4te-d\u2019Ivoire: Ouattara \u00e9change avec Kristalina Georgieva (FMI) et Axel Van Trostenburg (Banque Mondiale) \u00e0 Paris\"},{\"@type\":\"BreadcrumbList\",\"@id\":\"https:\/\/www.africa-press.net\/cotedivoire\/economie\/cote-divoire-ouattara-echange-avec-kristalina-georgieva-fmi-et-axel-van-trostenburg-banque-mondiale-a-paris#breadcrumb\",\"itemListElement\":[{\"@type\":\"ListItem\",\"position\":1,\"name\":\"Accueil\",\"item\":\"https:\/\/www.africa-press.net\/cotedivoire\/\"},{\"@type\":\"ListItem\",\"position\":2,\"name\":\"Ouattara \u00e9change avec Kristalina Georgieva (FMI) et Axel Van Trostenburg (Banque Mondiale) \u00e0 Paris\"}]},{\"@type\":\"WebSite\",\"@id\":\"https:\/\/www.africa-press.net\/cotedivoire\/#website\",\"url\":\"https:\/\/www.africa-press.net\/cotedivoire\/\",\"name\":\"C\u00f4te d&#039;Ivoire\",\"description\":\"Just another Africa News Agency Sites site\",\"potentialAction\":[{\"@type\":\"SearchAction\",\"target\":{\"@type\":\"EntryPoint\",\"urlTemplate\":\"https:\/\/www.africa-press.net\/cotedivoire\/?s={search_term_string}\"},\"query-input\":{\"@type\":\"PropertyValueSpecification\",\"valueRequired\":true,\"valueName\":\"search_term_string\"}}],\"inLanguage\":\"fr-FR\"},{\"@type\":\"Person\",\"@id\":\"https:\/\/www.africa-press.net\/cotedivoire\/#\/schema\/person\/2b1cf3cd81a31e3cd26889ca66d677f1\",\"name\":\"cfeditorfr\"}]}<\/script>\n<!-- \/ Yoast SEO Premium plugin. -->","yoast_head_json":{"title":"Ouattara \u00e9change avec Kristalina Georgieva (FMI) et Axel Van Trostenburg (Banque Mondiale) \u00e0 Paris - C\u00f4te d&#039;Ivoire","description":"Note d\u00b4information N\u00b01705 du 16 mai 2021 Les entretiens du Chef de l\u2019Etat Arriv\u00e9 \u00e0 Paris pour prendre part au Sommet s ...","robots":{"index":"index","follow":"follow","max-snippet":"max-snippet:-1","max-image-preview":"max-image-preview:large","max-video-preview":"max-video-preview:-1"},"canonical":"https:\/\/www.africa-press.net\/cotedivoire\/economie\/cote-divoire-ouattara-echange-avec-kristalina-georgieva-fmi-et-axel-van-trostenburg-banque-mondiale-a-paris","og_locale":"fr_FR","og_type":"article","og_title":"Ouattara \u00e9change avec Kristalina Georgieva (FMI) et Axel Van Trostenburg (Banque Mondiale) \u00e0 Paris","og_description":"Note d\u00b4information N\u00b01705 du 16 mai 2021 Les entretiens du Chef de l\u2019Etat Arriv\u00e9 \u00e0 Paris pour prendre part au Sommet s ...","og_url":"https:\/\/www.africa-press.net\/cotedivoire\/economie\/cote-divoire-ouattara-echange-avec-kristalina-georgieva-fmi-et-axel-van-trostenburg-banque-mondiale-a-paris","og_site_name":"C\u00f4te d&#039;Ivoire","article_published_time":"2021-05-17T16:06:51+00:00","article_modified_time":"2021-05-17T16:53:04+00:00","og_image":[{"width":720,"height":499,"url":"https:\/\/static.africa-press.net\/cote\/sites\/43\/2021\/05\/img-60a28eaf3d004.jpg","type":"image\/jpeg"}],"author":"cfeditorfr","twitter_card":"summary_large_image","twitter_misc":{"\u00c9crit par":"cfeditorfr","Dur\u00e9e de lecture estim\u00e9e":"2 minutes"},"schema":{"@context":"https:\/\/schema.org","@graph":[{"@type":"Article","@id":"https:\/\/www.africa-press.net\/cotedivoire\/economie\/cote-divoire-ouattara-echange-avec-kristalina-georgieva-fmi-et-axel-van-trostenburg-banque-mondiale-a-paris#article","isPartOf":{"@id":"https:\/\/www.africa-press.net\/cotedivoire\/economie\/cote-divoire-ouattara-echange-avec-kristalina-georgieva-fmi-et-axel-van-trostenburg-banque-mondiale-a-paris"},"author":{"name":"cfeditorfr","@id":"https:\/\/www.africa-press.net\/cotedivoire\/#\/schema\/person\/2b1cf3cd81a31e3cd26889ca66d677f1"},"headline":"Ouattara \u00e9change avec Kristalina Georgieva (FMI) et Axel Van Trostenburg (Banque Mondiale) \u00e0 Paris","datePublished":"2021-05-17T16:06:51+00:00","dateModified":"2021-05-17T16:53:04+00:00","mainEntityOfPage":{"@id":"https:\/\/www.africa-press.net\/cotedivoire\/economie\/cote-divoire-ouattara-echange-avec-kristalina-georgieva-fmi-et-axel-van-trostenburg-banque-mondiale-a-paris"},"wordCount":480,"commentCount":0,"image":{"@id":"https:\/\/www.africa-press.net\/cotedivoire\/economie\/cote-divoire-ouattara-echange-avec-kristalina-georgieva-fmi-et-axel-van-trostenburg-banque-mondiale-a-paris#primaryimage"},"thumbnailUrl":"https:\/\/static.africa-press.net\/cote\/sites\/43\/2021\/05\/img-60a28eaf3d004.jpg","keywords":["Africa Press","Africa Press-C\u00f4te d'Ivoire","C\u00d4TE D'IVOIRE"],"articleSection":["\u00c9conomie","homepage-french","Top Nouvelles","Toutes les actualit\u00e9s"],"inLanguage":"fr-FR","potentialAction":[{"@type":"CommentAction","name":"Comment","target":["https:\/\/www.africa-press.net\/cotedivoire\/economie\/cote-divoire-ouattara-echange-avec-kristalina-georgieva-fmi-et-axel-van-trostenburg-banque-mondiale-a-paris#respond"]}]},{"@type":"WebPage","@id":"https:\/\/www.africa-press.net\/cotedivoire\/economie\/cote-divoire-ouattara-echange-avec-kristalina-georgieva-fmi-et-axel-van-trostenburg-banque-mondiale-a-paris","url":"https:\/\/www.africa-press.net\/cotedivoire\/economie\/cote-divoire-ouattara-echange-avec-kristalina-georgieva-fmi-et-axel-van-trostenburg-banque-mondiale-a-paris","name":"Ouattara \u00e9change avec Kristalina Georgieva (FMI) et Axel Van Trostenburg (Banque Mondiale) \u00e0 Paris - C\u00f4te d&#039;Ivoire","isPartOf":{"@id":"https:\/\/www.africa-press.net\/cotedivoire\/#website"},"primaryImageOfPage":{"@id":"https:\/\/www.africa-press.net\/cotedivoire\/economie\/cote-divoire-ouattara-echange-avec-kristalina-georgieva-fmi-et-axel-van-trostenburg-banque-mondiale-a-paris#primaryimage"},"image":{"@id":"https:\/\/www.africa-press.net\/cotedivoire\/economie\/cote-divoire-ouattara-echange-avec-kristalina-georgieva-fmi-et-axel-van-trostenburg-banque-mondiale-a-paris#primaryimage"},"thumbnailUrl":"https:\/\/static.africa-press.net\/cote\/sites\/43\/2021\/05\/img-60a28eaf3d004.jpg","datePublished":"2021-05-17T16:06:51+00:00","dateModified":"2021-05-17T16:53:04+00:00","author":{"@id":"https:\/\/www.africa-press.net\/cotedivoire\/#\/schema\/person\/2b1cf3cd81a31e3cd26889ca66d677f1"},"description":"Note d\u00b4information N\u00b01705 du 16 mai 2021 Les entretiens du Chef de l\u2019Etat Arriv\u00e9 \u00e0 Paris pour prendre part au Sommet s ...","breadcrumb":{"@id":"https:\/\/www.africa-press.net\/cotedivoire\/economie\/cote-divoire-ouattara-echange-avec-kristalina-georgieva-fmi-et-axel-van-trostenburg-banque-mondiale-a-paris#breadcrumb"},"inLanguage":"fr-FR","potentialAction":[{"@type":"ReadAction","target":["https:\/\/www.africa-press.net\/cotedivoire\/economie\/cote-divoire-ouattara-echange-avec-kristalina-georgieva-fmi-et-axel-van-trostenburg-banque-mondiale-a-paris"]}]},{"@type":"ImageObject","inLanguage":"fr-FR","@id":"https:\/\/www.africa-press.net\/cotedivoire\/economie\/cote-divoire-ouattara-echange-avec-kristalina-georgieva-fmi-et-axel-van-trostenburg-banque-mondiale-a-paris#primaryimage","url":"https:\/\/static.africa-press.net\/cote\/sites\/43\/2021\/05\/img-60a28eaf3d004.jpg","contentUrl":"https:\/\/static.africa-press.net\/cote\/sites\/43\/2021\/05\/img-60a28eaf3d004.jpg","width":720,"height":499,"caption":"C\u00f4te-d\u2019Ivoire: Ouattara \u00e9change avec Kristalina Georgieva (FMI) et Axel Van Trostenburg (Banque Mondiale) \u00e0 Paris"},{"@type":"BreadcrumbList","@id":"https:\/\/www.africa-press.net\/cotedivoire\/economie\/cote-divoire-ouattara-echange-avec-kristalina-georgieva-fmi-et-axel-van-trostenburg-banque-mondiale-a-paris#breadcrumb","itemListElement":[{"@type":"ListItem","position":1,"name":"Accueil","item":"https:\/\/www.africa-press.net\/cotedivoire\/"},{"@type":"ListItem","position":2,"name":"Ouattara \u00e9change avec Kristalina Georgieva (FMI) et Axel Van Trostenburg (Banque Mondiale) \u00e0 Paris"}]},{"@type":"WebSite","@id":"https:\/\/www.africa-press.net\/cotedivoire\/#website","url":"https:\/\/www.africa-press.net\/cotedivoire\/","name":"C\u00f4te d&#039;Ivoire","description":"Just another Africa News Agency Sites site","potentialAction":[{"@type":"SearchAction","target":{"@type":"EntryPoint","urlTemplate":"https:\/\/www.africa-press.net\/cotedivoire\/?s={search_term_string}"},"query-input":{"@type":"PropertyValueSpecification","valueRequired":true,"valueName":"search_term_string"}}],"inLanguage":"fr-FR"},{"@type":"Person","@id":"https:\/\/www.africa-press.net\/cotedivoire\/#\/schema\/person\/2b1cf3cd81a31e3cd26889ca66d677f1","name":"cfeditorfr"}]}},"_links":{"self":[{"href":"https:\/\/www.africa-press.net\/cotedivoire\/wp-json\/wp\/v2\/posts\/7840","targetHints":{"allow":["GET"]}}],"collection":[{"href":"https:\/\/www.africa-press.net\/cotedivoire\/wp-json\/wp\/v2\/posts"}],"about":[{"href":"https:\/\/www.africa-press.net\/cotedivoire\/wp-json\/wp\/v2\/types\/post"}],"author":[{"embeddable":true,"href":"https:\/\/www.africa-press.net\/cotedivoire\/wp-json\/wp\/v2\/users\/82"}],"replies":[{"embeddable":true,"href":"https:\/\/www.africa-press.net\/cotedivoire\/wp-json\/wp\/v2\/comments?post=7840"}],"version-history":[{"count":0,"href":"https:\/\/www.africa-press.net\/cotedivoire\/wp-json\/wp\/v2\/posts\/7840\/revisions"}],"wp:featuredmedia":[{"embeddable":true,"href":"https:\/\/www.africa-press.net\/cotedivoire\/wp-json\/wp\/v2\/media\/7839"}],"wp:attachment":[{"href":"https:\/\/www.africa-press.net\/cotedivoire\/wp-json\/wp\/v2\/media?parent=7840"}],"wp:term":[{"taxonomy":"category","embeddable":true,"href":"https:\/\/www.africa-press.net\/cotedivoire\/wp-json\/wp\/v2\/categories?post=7840"},{"taxonomy":"post_tag","embeddable":true,"href":"https:\/\/www.africa-press.net\/cotedivoire\/wp-json\/wp\/v2\/tags?post=7840"}],"curies":[{"name":"wp","href":"https:\/\/api.w.org\/{rel}","templated":true}]}}