{"id":7843,"date":"2021-05-17T16:11:43","date_gmt":"2021-05-17T16:11:43","guid":{"rendered":"https:\/\/www.africa-press.net\/cotedivoire\/?p=7843"},"modified":"2021-05-17T16:53:30","modified_gmt":"2021-05-17T16:53:30","slug":"en-cote-divoire-les-coupures-delectricite-reveillent-le-marche-des-groupes-electrogenes-reportage","status":"publish","type":"post","link":"https:\/\/www.africa-press.net\/cotedivoire\/economie\/en-cote-divoire-les-coupures-delectricite-reveillent-le-marche-des-groupes-electrogenes-reportage","title":{"rendered":"En C\u00f4te-d\u2019Ivoire les coupures d\u2019\u00e9lectricit\u00e9 r\u00e9veillent le march\u00e9 des groupes \u00e9lectrog\u00e8nes (REPORTAGE)"},"content":{"rendered":"<p><span style=\"color: #ff6600\"><strong><a href=\"https:\/\/www.africa-press.net\/\">Africa-Press<\/a> &#8211; <a href=\"https:\/\/www.africa-press.net\/cotedivoire\">C\u00f4te d&rsquo;Ivoire<\/a>.\u00a0 <\/strong><\/span>\u00ab Chez nous, les groupes \u00e9lectrog\u00e8nes, petits comme grands \u00e9taient les derniers articles \u00e0 \u00eatre vendus, leur vente \u00e9tait vraiment lente. Mais ces derniers temps, on a pu en vendre. On est all\u00e9 jusqu\u2019\u00e0 passer d\u2019autres commandes parce que la demande est forte \u00bb, raconte avec enthousiasme Rayanatou Bah, gestionnaire de stock \u00e0 SICOMEX Marcory (Abidjan-sud).<\/p>\n<p>Si la demande des groupes \u00e9lectrog\u00e8nes est \u00ab forte \u00bb comme le confie la trentenaire, c\u2019est le r\u00e9sultat de la \u00ab crise \u00e9nerg\u00e9tique \u00bb \u00e0 laquelle fait face la C\u00f4te d\u2019Ivoire depuis plus d\u2019un mois.<\/p>\n<p>Crise caract\u00e9ris\u00e9e par des coupures d\u2019\u00e9lectricit\u00e9 pouvant aller jusqu\u2019\u00e0 6 heures de temps. Pour cause selon la Compagnie ivoirienne d\u2019\u00e9lectricit\u00e9 (CIE), la longue saison s\u00e8che qui a radicalement fait baisser le d\u00e9bit des barrages hydro\u00e9lectriques en C\u00f4te d\u2019Ivoire. A cela, s\u2019est ajout\u00e9 dans \u00ab la nuit du 20 avril 2021 \u00bb, un incident \u00e0 la Centrale thermique d\u2019Azito.<\/p>\n<p>Cette crise semble faire l\u2019affaire des op\u00e9rateurs \u00e9conomiques exer\u00e7ant dans le domaine de la vente ou la location des groupes \u00e9lectrog\u00e8nes. Ceux-ci n\u2019ont plus besoin de trop de publicit\u00e9 pour faire vendre leurs marchandises autrefois enfouies dans les magasins.<\/p>\n<p>\u00ab Les prix des appareils importent peu \u00e0 nos clients. En ce qui nous concerne, ici, les prix vont de 100.000 \u00e0 5 millions FCFA en fonction de la puissance de l\u2019appareil \u00bb, explique mademoiselle Bah faisant l\u2019inventaire de ces articles brusquement ressuscit\u00e9s par le rationnement de l\u2019\u00e9lectricit\u00e9.<\/p>\n<p>Chez Traor\u00e9 fr\u00e8res energies, une entreprise sp\u00e9cialis\u00e9e dans la vente des groupes \u00e9lectrog\u00e8nes depuis plus de cinq ans, pas besoin de traverser le magasin pour en apercevoir un.<\/p>\n<p>D\u00e9j\u00e0 \u00e0 l\u2019entr\u00e9e du magasin sis au boulevard Val\u00e9ry Giscard d\u2019Estaing (VGE), \u00e0 quelques encablures de Sicomex Marcory, on peut voir un imposant groupe \u00e9lectrog\u00e8ne d\u2019une capacit\u00e9 de 10 kilovoltamp\u00e8res (kVa). Le seul ou le dernier du stock de Soufiane Simboro, g\u00e9rant de Traor\u00e9 fr\u00e8res energies.<\/p>\n<p>\u00ab Nous avions command\u00e9 plus d\u2019une dizaine de groupes lorsque les coupures ont d\u00e9but\u00e9. C\u2019est le seul qui nous reste en ce moment. Nous les avons vendus comme des petits pains \u00bb, se r\u00e9jouit Soufiane, selon qui le moins cher de ces appareils chez lui co\u00fbte 1.500.000 FCFA.<\/p>\n<p>\u00ab D\u2019ici la fin du mois de mai, nous recevrons encore des commandes du Canada, de la Hollande et de l\u2019Angleterre \u00bb, rench\u00e9rit ce vingtenaire qui avoue que ses clients sont surtout des entreprises.<\/p>\n<p>En plus d\u2019avoir r\u00e9veill\u00e9 le march\u00e9 de ces appareils autonomes d\u2019\u00e9lectricit\u00e9, les coupures d\u2019\u00e9lectricit\u00e9 ont \u00e9galement impact\u00e9 les prix des groupes \u00e9lectrog\u00e8nes.<\/p>\n<p>\u00ab Chez mon fournisseur \u00e0 Adjam\u00e9 (Abidjan-Nord), les prix ont presque doubl\u00e9. De 400.000 FCFA on est pass\u00e9 facilement \u00e0 600.000 voire 700.000 FCFA \u00bb, se d\u00e9sole Abdoul Guindo, commer\u00e7ant au centre commercial de Koumassi.<\/p>\n<p>\u00ab Avec ces prix, je ne peux pas en acheter plusieurs. je vais donc me contenter d\u2019ajouter deux de 5 kVa sur ceux que j\u2019ai d\u00e9j\u00e0 au magasin afin de les mettre en location \u00bb, laisse entendre Abdoul.<\/p>\n<p>La location des groupes \u00e9lectrog\u00e8nes, une alternative existant il y a des lustres pour ceux qui ne peuvent pas s\u2019en offrir, s\u2019est elle aussi \u00ab developp\u00e9e \u00bb depuis quelques temps en raison de la crise \u00e9nerg\u00e9tique.<\/p>\n<p>Abdoul Guindo comme ses coll\u00e8gues du centre commercial de Koumassi ont homologu\u00e9 la location d\u2019un groupe de 5 kVa \u00e0 5.000 FCFA par jour.<\/p>\n<p>Ce commer\u00e7ant d\u2019une quarantaine d\u2019ann\u00e9es dit faire louer deux \u00e0 trois groupes \u00e9lectrog\u00e8nes par jour.<\/p>\n<p>Les difficult\u00e9s d\u2019approvisionnement en \u00e9lectricit\u00e9 en C\u00f4te d\u2019Ivoire vont durer jusqu\u2019\u00e0 ao\u00fbt 2021, selon le directeur g\u00e9n\u00e9ral de l\u2019Energie, Sabati Ciss\u00e9.<\/p>\n<p>&nbsp;<\/p>\n","protected":false},"excerpt":{"rendered":"<p>Africa-Press &#8211; C\u00f4te d&rsquo;Ivoire.\u00a0 \u00ab Chez nous, les groupes \u00e9lectrog\u00e8nes, petits comme grands \u00e9taient les derniers articles \u00e0 \u00eatre vendus, leur vente \u00e9tait vraiment lente. Mais ces derniers temps, on a pu en vendre. On est all\u00e9 jusqu\u2019\u00e0 passer d\u2019autres commandes parce que la demande est forte \u00bb, raconte avec enthousiasme Rayanatou Bah, gestionnaire de [&hellip;]<\/p>\n","protected":false},"author":82,"featured_media":7842,"comment_status":"open","ping_status":"closed","sticky":false,"template":"","format":"standard","meta":{"footnotes":""},"categories":[3,11,20,10],"tags":[56,63,29],"class_list":["post-7843","post","type-post","status-publish","format-standard","has-post-thumbnail","hentry","category-economie","category-homepage-french","category-top-nouvelles","category-toutes-les-actualites","tag-africa-press","tag-africa-press-cote-divoire","tag-cote-divoire"],"yoast_head":"<!-- This site is optimized with the Yoast SEO Premium plugin v26.1 (Yoast SEO v27.0) - https:\/\/yoast.com\/product\/yoast-seo-premium-wordpress\/ -->\n<title>En C\u00f4te-d\u2019Ivoire les coupures d\u2019\u00e9lectricit\u00e9 r\u00e9veillent le march\u00e9 des groupes \u00e9lectrog\u00e8nes (REPORTAGE) - C\u00f4te d&#039;Ivoire<\/title>\n<meta name=\"description\" content=\"Jocelyne LIADE \u00ab Chez nous, les groupes \u00e9lectrog\u00e8nes, petits comme grands \u00e9taient les derniers articles \u00e0 \u00eatre vendus, ...\" \/>\n<meta name=\"robots\" content=\"index, follow, max-snippet:-1, max-image-preview:large, max-video-preview:-1\" \/>\n<link rel=\"canonical\" href=\"http:\/\/www.africa-press.net\/cotedivoire\/economie\/en-cote-divoire-les-coupures-delectricite-reveillent-le-marche-des-groupes-electrogenes-reportage\" \/>\n<meta property=\"og:locale\" content=\"fr_FR\" \/>\n<meta property=\"og:type\" content=\"article\" \/>\n<meta property=\"og:title\" content=\"En C\u00f4te-d\u2019Ivoire les coupures d\u2019\u00e9lectricit\u00e9 r\u00e9veillent le march\u00e9 des groupes \u00e9lectrog\u00e8nes (REPORTAGE)\" \/>\n<meta property=\"og:description\" content=\"Jocelyne LIADE \u00ab Chez nous, les groupes \u00e9lectrog\u00e8nes, petits comme grands \u00e9taient les derniers articles \u00e0 \u00eatre vendus, ...\" \/>\n<meta property=\"og:url\" content=\"http:\/\/www.africa-press.net\/cotedivoire\/economie\/en-cote-divoire-les-coupures-delectricite-reveillent-le-marche-des-groupes-electrogenes-reportage\" \/>\n<meta property=\"og:site_name\" content=\"C\u00f4te d&#039;Ivoire\" \/>\n<meta property=\"article:published_time\" content=\"2021-05-17T16:11:43+00:00\" \/>\n<meta property=\"article:modified_time\" content=\"2021-05-17T16:53:30+00:00\" \/>\n<meta property=\"og:image\" content=\"https:\/\/static.africa-press.net\/cote\/sites\/43\/2021\/05\/img-60a28edf426da.jpg\" \/>\n\t<meta property=\"og:image:width\" content=\"720\" \/>\n\t<meta property=\"og:image:height\" content=\"479\" \/>\n\t<meta property=\"og:image:type\" content=\"image\/jpeg\" \/>\n<meta name=\"author\" content=\"cfeditorfr\" \/>\n<meta name=\"twitter:card\" content=\"summary_large_image\" \/>\n<meta name=\"twitter:label1\" content=\"\u00c9crit par\" \/>\n\t<meta name=\"twitter:data1\" content=\"cfeditorfr\" \/>\n\t<meta name=\"twitter:label2\" content=\"Dur\u00e9e de lecture estim\u00e9e\" \/>\n\t<meta name=\"twitter:data2\" content=\"3 minutes\" \/>\n<script type=\"application\/ld+json\" class=\"yoast-schema-graph\">{\"@context\":\"https:\/\/schema.org\",\"@graph\":[{\"@type\":\"Article\",\"@id\":\"http:\/\/www.africa-press.net\/cotedivoire\/economie\/en-cote-divoire-les-coupures-delectricite-reveillent-le-marche-des-groupes-electrogenes-reportage#article\",\"isPartOf\":{\"@id\":\"http:\/\/www.africa-press.net\/cotedivoire\/economie\/en-cote-divoire-les-coupures-delectricite-reveillent-le-marche-des-groupes-electrogenes-reportage\"},\"author\":{\"name\":\"cfeditorfr\",\"@id\":\"https:\/\/www.africa-press.net\/cotedivoire\/#\/schema\/person\/2b1cf3cd81a31e3cd26889ca66d677f1\"},\"headline\":\"En C\u00f4te-d\u2019Ivoire les coupures d\u2019\u00e9lectricit\u00e9 r\u00e9veillent le march\u00e9 des groupes \u00e9lectrog\u00e8nes (REPORTAGE)\",\"datePublished\":\"2021-05-17T16:11:43+00:00\",\"dateModified\":\"2021-05-17T16:53:30+00:00\",\"mainEntityOfPage\":{\"@id\":\"http:\/\/www.africa-press.net\/cotedivoire\/economie\/en-cote-divoire-les-coupures-delectricite-reveillent-le-marche-des-groupes-electrogenes-reportage\"},\"wordCount\":642,\"commentCount\":0,\"image\":{\"@id\":\"http:\/\/www.africa-press.net\/cotedivoire\/economie\/en-cote-divoire-les-coupures-delectricite-reveillent-le-marche-des-groupes-electrogenes-reportage#primaryimage\"},\"thumbnailUrl\":\"https:\/\/static.africa-press.net\/cote\/sites\/43\/2021\/05\/img-60a28edf426da.jpg\",\"keywords\":[\"Africa Press\",\"Africa Press-C\u00f4te d'Ivoire\",\"C\u00d4TE D'IVOIRE\"],\"articleSection\":[\"\u00c9conomie\",\"homepage-french\",\"Top Nouvelles\",\"Toutes les actualit\u00e9s\"],\"inLanguage\":\"fr-FR\",\"potentialAction\":[{\"@type\":\"CommentAction\",\"name\":\"Comment\",\"target\":[\"http:\/\/www.africa-press.net\/cotedivoire\/economie\/en-cote-divoire-les-coupures-delectricite-reveillent-le-marche-des-groupes-electrogenes-reportage#respond\"]}]},{\"@type\":\"WebPage\",\"@id\":\"http:\/\/www.africa-press.net\/cotedivoire\/economie\/en-cote-divoire-les-coupures-delectricite-reveillent-le-marche-des-groupes-electrogenes-reportage\",\"url\":\"http:\/\/www.africa-press.net\/cotedivoire\/economie\/en-cote-divoire-les-coupures-delectricite-reveillent-le-marche-des-groupes-electrogenes-reportage\",\"name\":\"En C\u00f4te-d\u2019Ivoire les coupures d\u2019\u00e9lectricit\u00e9 r\u00e9veillent le march\u00e9 des groupes \u00e9lectrog\u00e8nes (REPORTAGE) - C\u00f4te d&#039;Ivoire\",\"isPartOf\":{\"@id\":\"https:\/\/www.africa-press.net\/cotedivoire\/#website\"},\"primaryImageOfPage\":{\"@id\":\"http:\/\/www.africa-press.net\/cotedivoire\/economie\/en-cote-divoire-les-coupures-delectricite-reveillent-le-marche-des-groupes-electrogenes-reportage#primaryimage\"},\"image\":{\"@id\":\"http:\/\/www.africa-press.net\/cotedivoire\/economie\/en-cote-divoire-les-coupures-delectricite-reveillent-le-marche-des-groupes-electrogenes-reportage#primaryimage\"},\"thumbnailUrl\":\"https:\/\/static.africa-press.net\/cote\/sites\/43\/2021\/05\/img-60a28edf426da.jpg\",\"datePublished\":\"2021-05-17T16:11:43+00:00\",\"dateModified\":\"2021-05-17T16:53:30+00:00\",\"author\":{\"@id\":\"https:\/\/www.africa-press.net\/cotedivoire\/#\/schema\/person\/2b1cf3cd81a31e3cd26889ca66d677f1\"},\"description\":\"Jocelyne LIADE \u00ab Chez nous, les groupes \u00e9lectrog\u00e8nes, petits comme grands \u00e9taient les derniers articles \u00e0 \u00eatre vendus, ...\",\"breadcrumb\":{\"@id\":\"http:\/\/www.africa-press.net\/cotedivoire\/economie\/en-cote-divoire-les-coupures-delectricite-reveillent-le-marche-des-groupes-electrogenes-reportage#breadcrumb\"},\"inLanguage\":\"fr-FR\",\"potentialAction\":[{\"@type\":\"ReadAction\",\"target\":[\"http:\/\/www.africa-press.net\/cotedivoire\/economie\/en-cote-divoire-les-coupures-delectricite-reveillent-le-marche-des-groupes-electrogenes-reportage\"]}]},{\"@type\":\"ImageObject\",\"inLanguage\":\"fr-FR\",\"@id\":\"http:\/\/www.africa-press.net\/cotedivoire\/economie\/en-cote-divoire-les-coupures-delectricite-reveillent-le-marche-des-groupes-electrogenes-reportage#primaryimage\",\"url\":\"https:\/\/static.africa-press.net\/cote\/sites\/43\/2021\/05\/img-60a28edf426da.jpg\",\"contentUrl\":\"https:\/\/static.africa-press.net\/cote\/sites\/43\/2021\/05\/img-60a28edf426da.jpg\",\"width\":720,\"height\":479,\"caption\":\"En C\u00f4te-d\u2019Ivoire les coupures d\u2019\u00e9lectricit\u00e9 r\u00e9veillent le march\u00e9 des groupes \u00e9lectrog\u00e8nes (REPORTAGE)\"},{\"@type\":\"BreadcrumbList\",\"@id\":\"http:\/\/www.africa-press.net\/cotedivoire\/economie\/en-cote-divoire-les-coupures-delectricite-reveillent-le-marche-des-groupes-electrogenes-reportage#breadcrumb\",\"itemListElement\":[{\"@type\":\"ListItem\",\"position\":1,\"name\":\"Accueil\",\"item\":\"https:\/\/www.africa-press.net\/cotedivoire\/\"},{\"@type\":\"ListItem\",\"position\":2,\"name\":\"En C\u00f4te-d\u2019Ivoire les coupures d\u2019\u00e9lectricit\u00e9 r\u00e9veillent le march\u00e9 des groupes \u00e9lectrog\u00e8nes (REPORTAGE)\"}]},{\"@type\":\"WebSite\",\"@id\":\"https:\/\/www.africa-press.net\/cotedivoire\/#website\",\"url\":\"https:\/\/www.africa-press.net\/cotedivoire\/\",\"name\":\"C\u00f4te d&#039;Ivoire\",\"description\":\"Just another Africa News Agency Sites site\",\"potentialAction\":[{\"@type\":\"SearchAction\",\"target\":{\"@type\":\"EntryPoint\",\"urlTemplate\":\"https:\/\/www.africa-press.net\/cotedivoire\/?s={search_term_string}\"},\"query-input\":{\"@type\":\"PropertyValueSpecification\",\"valueRequired\":true,\"valueName\":\"search_term_string\"}}],\"inLanguage\":\"fr-FR\"},{\"@type\":\"Person\",\"@id\":\"https:\/\/www.africa-press.net\/cotedivoire\/#\/schema\/person\/2b1cf3cd81a31e3cd26889ca66d677f1\",\"name\":\"cfeditorfr\"}]}<\/script>\n<!-- \/ Yoast SEO Premium plugin. -->","yoast_head_json":{"title":"En C\u00f4te-d\u2019Ivoire les coupures d\u2019\u00e9lectricit\u00e9 r\u00e9veillent le march\u00e9 des groupes \u00e9lectrog\u00e8nes (REPORTAGE) - C\u00f4te d&#039;Ivoire","description":"Jocelyne LIADE \u00ab Chez nous, les groupes \u00e9lectrog\u00e8nes, petits comme grands \u00e9taient les derniers articles \u00e0 \u00eatre vendus, ...","robots":{"index":"index","follow":"follow","max-snippet":"max-snippet:-1","max-image-preview":"max-image-preview:large","max-video-preview":"max-video-preview:-1"},"canonical":"http:\/\/www.africa-press.net\/cotedivoire\/economie\/en-cote-divoire-les-coupures-delectricite-reveillent-le-marche-des-groupes-electrogenes-reportage","og_locale":"fr_FR","og_type":"article","og_title":"En C\u00f4te-d\u2019Ivoire les coupures d\u2019\u00e9lectricit\u00e9 r\u00e9veillent le march\u00e9 des groupes \u00e9lectrog\u00e8nes (REPORTAGE)","og_description":"Jocelyne LIADE \u00ab Chez nous, les groupes \u00e9lectrog\u00e8nes, petits comme grands \u00e9taient les derniers articles \u00e0 \u00eatre vendus, ...","og_url":"http:\/\/www.africa-press.net\/cotedivoire\/economie\/en-cote-divoire-les-coupures-delectricite-reveillent-le-marche-des-groupes-electrogenes-reportage","og_site_name":"C\u00f4te d&#039;Ivoire","article_published_time":"2021-05-17T16:11:43+00:00","article_modified_time":"2021-05-17T16:53:30+00:00","og_image":[{"width":720,"height":479,"url":"https:\/\/static.africa-press.net\/cote\/sites\/43\/2021\/05\/img-60a28edf426da.jpg","type":"image\/jpeg"}],"author":"cfeditorfr","twitter_card":"summary_large_image","twitter_misc":{"\u00c9crit par":"cfeditorfr","Dur\u00e9e de lecture estim\u00e9e":"3 minutes"},"schema":{"@context":"https:\/\/schema.org","@graph":[{"@type":"Article","@id":"http:\/\/www.africa-press.net\/cotedivoire\/economie\/en-cote-divoire-les-coupures-delectricite-reveillent-le-marche-des-groupes-electrogenes-reportage#article","isPartOf":{"@id":"http:\/\/www.africa-press.net\/cotedivoire\/economie\/en-cote-divoire-les-coupures-delectricite-reveillent-le-marche-des-groupes-electrogenes-reportage"},"author":{"name":"cfeditorfr","@id":"https:\/\/www.africa-press.net\/cotedivoire\/#\/schema\/person\/2b1cf3cd81a31e3cd26889ca66d677f1"},"headline":"En C\u00f4te-d\u2019Ivoire les coupures d\u2019\u00e9lectricit\u00e9 r\u00e9veillent le march\u00e9 des groupes \u00e9lectrog\u00e8nes (REPORTAGE)","datePublished":"2021-05-17T16:11:43+00:00","dateModified":"2021-05-17T16:53:30+00:00","mainEntityOfPage":{"@id":"http:\/\/www.africa-press.net\/cotedivoire\/economie\/en-cote-divoire-les-coupures-delectricite-reveillent-le-marche-des-groupes-electrogenes-reportage"},"wordCount":642,"commentCount":0,"image":{"@id":"http:\/\/www.africa-press.net\/cotedivoire\/economie\/en-cote-divoire-les-coupures-delectricite-reveillent-le-marche-des-groupes-electrogenes-reportage#primaryimage"},"thumbnailUrl":"https:\/\/static.africa-press.net\/cote\/sites\/43\/2021\/05\/img-60a28edf426da.jpg","keywords":["Africa Press","Africa Press-C\u00f4te d'Ivoire","C\u00d4TE D'IVOIRE"],"articleSection":["\u00c9conomie","homepage-french","Top Nouvelles","Toutes les actualit\u00e9s"],"inLanguage":"fr-FR","potentialAction":[{"@type":"CommentAction","name":"Comment","target":["http:\/\/www.africa-press.net\/cotedivoire\/economie\/en-cote-divoire-les-coupures-delectricite-reveillent-le-marche-des-groupes-electrogenes-reportage#respond"]}]},{"@type":"WebPage","@id":"http:\/\/www.africa-press.net\/cotedivoire\/economie\/en-cote-divoire-les-coupures-delectricite-reveillent-le-marche-des-groupes-electrogenes-reportage","url":"http:\/\/www.africa-press.net\/cotedivoire\/economie\/en-cote-divoire-les-coupures-delectricite-reveillent-le-marche-des-groupes-electrogenes-reportage","name":"En C\u00f4te-d\u2019Ivoire les coupures d\u2019\u00e9lectricit\u00e9 r\u00e9veillent le march\u00e9 des groupes \u00e9lectrog\u00e8nes (REPORTAGE) - C\u00f4te d&#039;Ivoire","isPartOf":{"@id":"https:\/\/www.africa-press.net\/cotedivoire\/#website"},"primaryImageOfPage":{"@id":"http:\/\/www.africa-press.net\/cotedivoire\/economie\/en-cote-divoire-les-coupures-delectricite-reveillent-le-marche-des-groupes-electrogenes-reportage#primaryimage"},"image":{"@id":"http:\/\/www.africa-press.net\/cotedivoire\/economie\/en-cote-divoire-les-coupures-delectricite-reveillent-le-marche-des-groupes-electrogenes-reportage#primaryimage"},"thumbnailUrl":"https:\/\/static.africa-press.net\/cote\/sites\/43\/2021\/05\/img-60a28edf426da.jpg","datePublished":"2021-05-17T16:11:43+00:00","dateModified":"2021-05-17T16:53:30+00:00","author":{"@id":"https:\/\/www.africa-press.net\/cotedivoire\/#\/schema\/person\/2b1cf3cd81a31e3cd26889ca66d677f1"},"description":"Jocelyne LIADE \u00ab Chez nous, les groupes \u00e9lectrog\u00e8nes, petits comme grands \u00e9taient les derniers articles \u00e0 \u00eatre vendus, ...","breadcrumb":{"@id":"http:\/\/www.africa-press.net\/cotedivoire\/economie\/en-cote-divoire-les-coupures-delectricite-reveillent-le-marche-des-groupes-electrogenes-reportage#breadcrumb"},"inLanguage":"fr-FR","potentialAction":[{"@type":"ReadAction","target":["http:\/\/www.africa-press.net\/cotedivoire\/economie\/en-cote-divoire-les-coupures-delectricite-reveillent-le-marche-des-groupes-electrogenes-reportage"]}]},{"@type":"ImageObject","inLanguage":"fr-FR","@id":"http:\/\/www.africa-press.net\/cotedivoire\/economie\/en-cote-divoire-les-coupures-delectricite-reveillent-le-marche-des-groupes-electrogenes-reportage#primaryimage","url":"https:\/\/static.africa-press.net\/cote\/sites\/43\/2021\/05\/img-60a28edf426da.jpg","contentUrl":"https:\/\/static.africa-press.net\/cote\/sites\/43\/2021\/05\/img-60a28edf426da.jpg","width":720,"height":479,"caption":"En C\u00f4te-d\u2019Ivoire les coupures d\u2019\u00e9lectricit\u00e9 r\u00e9veillent le march\u00e9 des groupes \u00e9lectrog\u00e8nes (REPORTAGE)"},{"@type":"BreadcrumbList","@id":"http:\/\/www.africa-press.net\/cotedivoire\/economie\/en-cote-divoire-les-coupures-delectricite-reveillent-le-marche-des-groupes-electrogenes-reportage#breadcrumb","itemListElement":[{"@type":"ListItem","position":1,"name":"Accueil","item":"https:\/\/www.africa-press.net\/cotedivoire\/"},{"@type":"ListItem","position":2,"name":"En C\u00f4te-d\u2019Ivoire les coupures d\u2019\u00e9lectricit\u00e9 r\u00e9veillent le march\u00e9 des groupes \u00e9lectrog\u00e8nes (REPORTAGE)"}]},{"@type":"WebSite","@id":"https:\/\/www.africa-press.net\/cotedivoire\/#website","url":"https:\/\/www.africa-press.net\/cotedivoire\/","name":"C\u00f4te d&#039;Ivoire","description":"Just another Africa News Agency Sites site","potentialAction":[{"@type":"SearchAction","target":{"@type":"EntryPoint","urlTemplate":"https:\/\/www.africa-press.net\/cotedivoire\/?s={search_term_string}"},"query-input":{"@type":"PropertyValueSpecification","valueRequired":true,"valueName":"search_term_string"}}],"inLanguage":"fr-FR"},{"@type":"Person","@id":"https:\/\/www.africa-press.net\/cotedivoire\/#\/schema\/person\/2b1cf3cd81a31e3cd26889ca66d677f1","name":"cfeditorfr"}]}},"_links":{"self":[{"href":"https:\/\/www.africa-press.net\/cotedivoire\/wp-json\/wp\/v2\/posts\/7843","targetHints":{"allow":["GET"]}}],"collection":[{"href":"https:\/\/www.africa-press.net\/cotedivoire\/wp-json\/wp\/v2\/posts"}],"about":[{"href":"https:\/\/www.africa-press.net\/cotedivoire\/wp-json\/wp\/v2\/types\/post"}],"author":[{"embeddable":true,"href":"https:\/\/www.africa-press.net\/cotedivoire\/wp-json\/wp\/v2\/users\/82"}],"replies":[{"embeddable":true,"href":"https:\/\/www.africa-press.net\/cotedivoire\/wp-json\/wp\/v2\/comments?post=7843"}],"version-history":[{"count":0,"href":"https:\/\/www.africa-press.net\/cotedivoire\/wp-json\/wp\/v2\/posts\/7843\/revisions"}],"wp:featuredmedia":[{"embeddable":true,"href":"https:\/\/www.africa-press.net\/cotedivoire\/wp-json\/wp\/v2\/media\/7842"}],"wp:attachment":[{"href":"https:\/\/www.africa-press.net\/cotedivoire\/wp-json\/wp\/v2\/media?parent=7843"}],"wp:term":[{"taxonomy":"category","embeddable":true,"href":"https:\/\/www.africa-press.net\/cotedivoire\/wp-json\/wp\/v2\/categories?post=7843"},{"taxonomy":"post_tag","embeddable":true,"href":"https:\/\/www.africa-press.net\/cotedivoire\/wp-json\/wp\/v2\/tags?post=7843"}],"curies":[{"name":"wp","href":"https:\/\/api.w.org\/{rel}","templated":true}]}}