{"id":78433,"date":"2024-04-19T18:16:39","date_gmt":"2024-04-19T18:16:39","guid":{"rendered":"https:\/\/www.africa-press.net\/cotedivoire\/politique\/requalification-de-112-recettes-de-service-en-fiscales-fermeture-de-caisses-noires-de-certains-ministeres"},"modified":"2024-04-19T19:32:56","modified_gmt":"2024-04-19T19:32:56","slug":"requalification-de-112-recettes-de-service-en-fiscales-fermeture-de-caisses-noires-de-certains-ministeres","status":"publish","type":"post","link":"https:\/\/www.africa-press.net\/cotedivoire\/economie\/requalification-de-112-recettes-de-service-en-fiscales-fermeture-de-caisses-noires-de-certains-ministeres","title":{"rendered":"Requalification de 112 recettes de service en fiscales, fermeture de \u00ab caisses noires \u00bb de certains Minist\u00e8res ?"},"content":{"rendered":"<p><span style=\"color: #ff6600\"><strong>Africa-Press &#8211; C\u00f4te d&rsquo;Ivoire. <\/strong><\/span>A l\u2019issue du Conseil des ministres, du mercredi 17 avril 2024 a\u0300 Abidjan, il a e\u0301te\u0301 de\u0301cide\u0301 de la requalification de 122 recettes de services en recettes fiscales.<\/p>\n<p>\u00ab Le conseil a adopte\u0301 une ordonnance portant modification de la nature de certaines recettes de service recouvre\u0301es par les services administratifs publics en recettes fiscales et le projet de loi de ratification y affe\u0301rent \u00bb, a de\u0301clare\u0301 Amadou Coulibaly.<\/p>\n<p>Selon le ministre de la Communication, ces mesures concernent 112 recettes de service identifie\u0301es dans les ministe\u0300res suite a\u0300 une e\u0301tude commandite\u0301e par le gouvernement dans le cadre de la mise en \u0153uvre du programme e\u0301conomique et financier et du renforcement de l\u2019efficacite\u0301 du syste\u0300me budge\u0301taire.<\/p>\n<p>Ces recettes de services requalifie\u0301es en recettes fiscales inte\u0300grent le sche\u0301ma de comptabilisation des recettes dans le tableau des ope\u0301rations financie\u0300res de l\u2019Etat.<\/p>\n<p>Mais cette de\u0301cision du pre\u0301sident de la Re\u0301publique, Alassane Ouattara, n\u2019est pas sans conse\u0301quences pour certains Ministe\u0300res dans la gestion de certains documents administratifs monnayant de l\u2019argent aux usagers, et dont les recettes n\u2019e\u0301taient utilise\u0301es que pour les besoins des tutelles.<\/p>\n<p>Cela fait penser aux observateurs que le premier citoyen du pays a de\u0301cide\u0301 d\u2019apporter plus de transparence dans la gestion des recettes publiques en requalifiant 112 en fiscales.<\/p>\n<p><strong>Pour plus d&rsquo;informations et d&rsquo;analyses sur la <a href=\"https:\/\/www.africa-press.net\/cotedivoire\">C\u00f4te d&rsquo;Ivoire<\/a>, suivez <a href=\"https:\/\/www.africa-press.net\/\">Africa-Press<\/a><\/strong><\/p>\n","protected":false},"excerpt":{"rendered":"<p>Africa-Press &#8211; C\u00f4te d&rsquo;Ivoire. A l\u2019issue du Conseil des ministres, du mercredi 17 avril 2024 a\u0300 Abidjan, il a e\u0301te\u0301 de\u0301cide\u0301 de la requalification de 122 recettes de services en recettes fiscales. \u00ab Le conseil a adopte\u0301 une ordonnance portant modification de la nature de certaines recettes de service recouvre\u0301es par les services administratifs publics [&hellip;]<\/p>\n","protected":false},"author":82,"featured_media":78432,"comment_status":"open","ping_status":"closed","sticky":false,"template":"","format":"standard","meta":{"footnotes":""},"categories":[3,10],"tags":[56,63,38,8502,8256,29,8935,3920],"class_list":["post-78433","post","type-post","status-publish","format-standard","has-post-thumbnail","hentry","category-economie","category-toutes-les-actualites","tag-africa-press","tag-africa-press-cote-divoire","tag-alassane-ouattara","tag-caisses-noires","tag-conseil-des-ministres","tag-cote-divoire","tag-fiscales","tag-recettes"],"yoast_head":"<!-- This site is optimized with the Yoast SEO Premium plugin v26.1 (Yoast SEO v27.0) - https:\/\/yoast.com\/product\/yoast-seo-premium-wordpress\/ -->\n<title>Requalification de 112 recettes de service en fiscales, fermeture de \u00ab caisses noires \u00bb de certains Minist\u00e8res ? - C\u00f4te d&#039;Ivoire<\/title>\n<meta name=\"description\" content=\"A l\u2019issue du Conseil des ministres, du mercredi 17 avril 2024 a\u0300 Abidjan, il a e\u0301te\u0301 de\u0301cide\u0301 de la requalification de 1 ...\" \/>\n<meta name=\"robots\" content=\"index, follow, max-snippet:-1, max-image-preview:large, max-video-preview:-1\" \/>\n<link rel=\"canonical\" href=\"https:\/\/www.africa-press.net\/cotedivoire\/economie\/requalification-de-112-recettes-de-service-en-fiscales-fermeture-de-caisses-noires-de-certains-ministeres\" \/>\n<meta property=\"og:locale\" content=\"fr_FR\" \/>\n<meta property=\"og:type\" content=\"article\" \/>\n<meta property=\"og:title\" content=\"Requalification de 112 recettes de service en fiscales, fermeture de \u00ab caisses noires \u00bb de certains Minist\u00e8res ?\" \/>\n<meta property=\"og:description\" content=\"A l\u2019issue du Conseil des ministres, du mercredi 17 avril 2024 a\u0300 Abidjan, il a e\u0301te\u0301 de\u0301cide\u0301 de la requalification de 1 ...\" \/>\n<meta property=\"og:url\" content=\"https:\/\/www.africa-press.net\/cotedivoire\/economie\/requalification-de-112-recettes-de-service-en-fiscales-fermeture-de-caisses-noires-de-certains-ministeres\" \/>\n<meta property=\"og:site_name\" content=\"C\u00f4te d&#039;Ivoire\" \/>\n<meta property=\"article:published_time\" content=\"2024-04-19T18:16:39+00:00\" \/>\n<meta property=\"article:modified_time\" content=\"2024-04-19T19:32:56+00:00\" \/>\n<meta property=\"og:image\" content=\"https:\/\/static.africa-press.net\/cote\/sites\/43\/2024\/04\/sm_1713542434.804098.jpg\" \/>\n\t<meta property=\"og:image:width\" content=\"1280\" \/>\n\t<meta property=\"og:image:height\" content=\"720\" \/>\n\t<meta property=\"og:image:type\" content=\"image\/jpeg\" \/>\n<meta name=\"author\" content=\"cfeditorfr\" \/>\n<meta name=\"twitter:card\" content=\"summary_large_image\" \/>\n<meta name=\"twitter:label1\" content=\"\u00c9crit par\" \/>\n\t<meta name=\"twitter:data1\" content=\"cfeditorfr\" \/>\n\t<meta name=\"twitter:label2\" content=\"Dur\u00e9e de lecture estim\u00e9e\" \/>\n\t<meta name=\"twitter:data2\" content=\"1 minute\" \/>\n<script type=\"application\/ld+json\" class=\"yoast-schema-graph\">{\"@context\":\"https:\/\/schema.org\",\"@graph\":[{\"@type\":\"Article\",\"@id\":\"https:\/\/www.africa-press.net\/cotedivoire\/economie\/requalification-de-112-recettes-de-service-en-fiscales-fermeture-de-caisses-noires-de-certains-ministeres#article\",\"isPartOf\":{\"@id\":\"https:\/\/www.africa-press.net\/cotedivoire\/economie\/requalification-de-112-recettes-de-service-en-fiscales-fermeture-de-caisses-noires-de-certains-ministeres\"},\"author\":{\"name\":\"cfeditorfr\",\"@id\":\"https:\/\/www.africa-press.net\/cotedivoire\/#\/schema\/person\/2b1cf3cd81a31e3cd26889ca66d677f1\"},\"headline\":\"Requalification de 112 recettes de service en fiscales, fermeture de \u00ab caisses noires \u00bb de certains Minist\u00e8res ?\",\"datePublished\":\"2024-04-19T18:16:39+00:00\",\"dateModified\":\"2024-04-19T19:32:56+00:00\",\"mainEntityOfPage\":{\"@id\":\"https:\/\/www.africa-press.net\/cotedivoire\/economie\/requalification-de-112-recettes-de-service-en-fiscales-fermeture-de-caisses-noires-de-certains-ministeres\"},\"wordCount\":267,\"commentCount\":0,\"image\":{\"@id\":\"https:\/\/www.africa-press.net\/cotedivoire\/economie\/requalification-de-112-recettes-de-service-en-fiscales-fermeture-de-caisses-noires-de-certains-ministeres#primaryimage\"},\"thumbnailUrl\":\"https:\/\/static.africa-press.net\/cote\/sites\/43\/2024\/04\/sm_1713542434.804098.jpg\",\"keywords\":[\"Africa Press\",\"Africa Press-C\u00f4te d'Ivoire\",\"Alassane Ouattara\",\"Caisses noires\",\"Conseil des ministres\",\"C\u00d4TE D'IVOIRE\",\"Fiscales\",\"recettes\"],\"articleSection\":[\"\u00c9conomie\",\"Toutes les actualit\u00e9s\"],\"inLanguage\":\"fr-FR\",\"potentialAction\":[{\"@type\":\"CommentAction\",\"name\":\"Comment\",\"target\":[\"https:\/\/www.africa-press.net\/cotedivoire\/economie\/requalification-de-112-recettes-de-service-en-fiscales-fermeture-de-caisses-noires-de-certains-ministeres#respond\"]}]},{\"@type\":\"WebPage\",\"@id\":\"https:\/\/www.africa-press.net\/cotedivoire\/economie\/requalification-de-112-recettes-de-service-en-fiscales-fermeture-de-caisses-noires-de-certains-ministeres\",\"url\":\"https:\/\/www.africa-press.net\/cotedivoire\/economie\/requalification-de-112-recettes-de-service-en-fiscales-fermeture-de-caisses-noires-de-certains-ministeres\",\"name\":\"Requalification de 112 recettes de service en fiscales, fermeture de \u00ab caisses noires \u00bb de certains Minist\u00e8res ? - C\u00f4te d&#039;Ivoire\",\"isPartOf\":{\"@id\":\"https:\/\/www.africa-press.net\/cotedivoire\/#website\"},\"primaryImageOfPage\":{\"@id\":\"https:\/\/www.africa-press.net\/cotedivoire\/economie\/requalification-de-112-recettes-de-service-en-fiscales-fermeture-de-caisses-noires-de-certains-ministeres#primaryimage\"},\"image\":{\"@id\":\"https:\/\/www.africa-press.net\/cotedivoire\/economie\/requalification-de-112-recettes-de-service-en-fiscales-fermeture-de-caisses-noires-de-certains-ministeres#primaryimage\"},\"thumbnailUrl\":\"https:\/\/static.africa-press.net\/cote\/sites\/43\/2024\/04\/sm_1713542434.804098.jpg\",\"datePublished\":\"2024-04-19T18:16:39+00:00\",\"dateModified\":\"2024-04-19T19:32:56+00:00\",\"author\":{\"@id\":\"https:\/\/www.africa-press.net\/cotedivoire\/#\/schema\/person\/2b1cf3cd81a31e3cd26889ca66d677f1\"},\"description\":\"A l\u2019issue du Conseil des ministres, du mercredi 17 avril 2024 a\u0300 Abidjan, il a e\u0301te\u0301 de\u0301cide\u0301 de la requalification de 1 ...\",\"breadcrumb\":{\"@id\":\"https:\/\/www.africa-press.net\/cotedivoire\/economie\/requalification-de-112-recettes-de-service-en-fiscales-fermeture-de-caisses-noires-de-certains-ministeres#breadcrumb\"},\"inLanguage\":\"fr-FR\",\"potentialAction\":[{\"@type\":\"ReadAction\",\"target\":[\"https:\/\/www.africa-press.net\/cotedivoire\/economie\/requalification-de-112-recettes-de-service-en-fiscales-fermeture-de-caisses-noires-de-certains-ministeres\"]}]},{\"@type\":\"ImageObject\",\"inLanguage\":\"fr-FR\",\"@id\":\"https:\/\/www.africa-press.net\/cotedivoire\/economie\/requalification-de-112-recettes-de-service-en-fiscales-fermeture-de-caisses-noires-de-certains-ministeres#primaryimage\",\"url\":\"https:\/\/static.africa-press.net\/cote\/sites\/43\/2024\/04\/sm_1713542434.804098.jpg\",\"contentUrl\":\"https:\/\/static.africa-press.net\/cote\/sites\/43\/2024\/04\/sm_1713542434.804098.jpg\",\"width\":1280,\"height\":720,\"caption\":\"Requalification de 112 recettes de service en fiscales, fermeture de \u00ab caisses noires \u00bb de certains Minist\u00e8res ?\"},{\"@type\":\"BreadcrumbList\",\"@id\":\"https:\/\/www.africa-press.net\/cotedivoire\/economie\/requalification-de-112-recettes-de-service-en-fiscales-fermeture-de-caisses-noires-de-certains-ministeres#breadcrumb\",\"itemListElement\":[{\"@type\":\"ListItem\",\"position\":1,\"name\":\"Accueil\",\"item\":\"https:\/\/www.africa-press.net\/cotedivoire\/\"},{\"@type\":\"ListItem\",\"position\":2,\"name\":\"Requalification de 112 recettes de service en fiscales, fermeture de \u00ab caisses noires \u00bb de certains Minist\u00e8res ?\"}]},{\"@type\":\"WebSite\",\"@id\":\"https:\/\/www.africa-press.net\/cotedivoire\/#website\",\"url\":\"https:\/\/www.africa-press.net\/cotedivoire\/\",\"name\":\"C\u00f4te d&#039;Ivoire\",\"description\":\"Just another Africa News Agency Sites site\",\"potentialAction\":[{\"@type\":\"SearchAction\",\"target\":{\"@type\":\"EntryPoint\",\"urlTemplate\":\"https:\/\/www.africa-press.net\/cotedivoire\/?s={search_term_string}\"},\"query-input\":{\"@type\":\"PropertyValueSpecification\",\"valueRequired\":true,\"valueName\":\"search_term_string\"}}],\"inLanguage\":\"fr-FR\"},{\"@type\":\"Person\",\"@id\":\"https:\/\/www.africa-press.net\/cotedivoire\/#\/schema\/person\/2b1cf3cd81a31e3cd26889ca66d677f1\",\"name\":\"cfeditorfr\"}]}<\/script>\n<!-- \/ Yoast SEO Premium plugin. -->","yoast_head_json":{"title":"Requalification de 112 recettes de service en fiscales, fermeture de \u00ab caisses noires \u00bb de certains Minist\u00e8res ? - C\u00f4te d&#039;Ivoire","description":"A l\u2019issue du Conseil des ministres, du mercredi 17 avril 2024 a\u0300 Abidjan, il a e\u0301te\u0301 de\u0301cide\u0301 de la requalification de 1 ...","robots":{"index":"index","follow":"follow","max-snippet":"max-snippet:-1","max-image-preview":"max-image-preview:large","max-video-preview":"max-video-preview:-1"},"canonical":"https:\/\/www.africa-press.net\/cotedivoire\/economie\/requalification-de-112-recettes-de-service-en-fiscales-fermeture-de-caisses-noires-de-certains-ministeres","og_locale":"fr_FR","og_type":"article","og_title":"Requalification de 112 recettes de service en fiscales, fermeture de \u00ab caisses noires \u00bb de certains Minist\u00e8res ?","og_description":"A l\u2019issue du Conseil des ministres, du mercredi 17 avril 2024 a\u0300 Abidjan, il a e\u0301te\u0301 de\u0301cide\u0301 de la requalification de 1 ...","og_url":"https:\/\/www.africa-press.net\/cotedivoire\/economie\/requalification-de-112-recettes-de-service-en-fiscales-fermeture-de-caisses-noires-de-certains-ministeres","og_site_name":"C\u00f4te d&#039;Ivoire","article_published_time":"2024-04-19T18:16:39+00:00","article_modified_time":"2024-04-19T19:32:56+00:00","og_image":[{"width":1280,"height":720,"url":"https:\/\/static.africa-press.net\/cote\/sites\/43\/2024\/04\/sm_1713542434.804098.jpg","type":"image\/jpeg"}],"author":"cfeditorfr","twitter_card":"summary_large_image","twitter_misc":{"\u00c9crit par":"cfeditorfr","Dur\u00e9e de lecture estim\u00e9e":"1 minute"},"schema":{"@context":"https:\/\/schema.org","@graph":[{"@type":"Article","@id":"https:\/\/www.africa-press.net\/cotedivoire\/economie\/requalification-de-112-recettes-de-service-en-fiscales-fermeture-de-caisses-noires-de-certains-ministeres#article","isPartOf":{"@id":"https:\/\/www.africa-press.net\/cotedivoire\/economie\/requalification-de-112-recettes-de-service-en-fiscales-fermeture-de-caisses-noires-de-certains-ministeres"},"author":{"name":"cfeditorfr","@id":"https:\/\/www.africa-press.net\/cotedivoire\/#\/schema\/person\/2b1cf3cd81a31e3cd26889ca66d677f1"},"headline":"Requalification de 112 recettes de service en fiscales, fermeture de \u00ab caisses noires \u00bb de certains Minist\u00e8res ?","datePublished":"2024-04-19T18:16:39+00:00","dateModified":"2024-04-19T19:32:56+00:00","mainEntityOfPage":{"@id":"https:\/\/www.africa-press.net\/cotedivoire\/economie\/requalification-de-112-recettes-de-service-en-fiscales-fermeture-de-caisses-noires-de-certains-ministeres"},"wordCount":267,"commentCount":0,"image":{"@id":"https:\/\/www.africa-press.net\/cotedivoire\/economie\/requalification-de-112-recettes-de-service-en-fiscales-fermeture-de-caisses-noires-de-certains-ministeres#primaryimage"},"thumbnailUrl":"https:\/\/static.africa-press.net\/cote\/sites\/43\/2024\/04\/sm_1713542434.804098.jpg","keywords":["Africa Press","Africa Press-C\u00f4te d'Ivoire","Alassane Ouattara","Caisses noires","Conseil des ministres","C\u00d4TE D'IVOIRE","Fiscales","recettes"],"articleSection":["\u00c9conomie","Toutes les actualit\u00e9s"],"inLanguage":"fr-FR","potentialAction":[{"@type":"CommentAction","name":"Comment","target":["https:\/\/www.africa-press.net\/cotedivoire\/economie\/requalification-de-112-recettes-de-service-en-fiscales-fermeture-de-caisses-noires-de-certains-ministeres#respond"]}]},{"@type":"WebPage","@id":"https:\/\/www.africa-press.net\/cotedivoire\/economie\/requalification-de-112-recettes-de-service-en-fiscales-fermeture-de-caisses-noires-de-certains-ministeres","url":"https:\/\/www.africa-press.net\/cotedivoire\/economie\/requalification-de-112-recettes-de-service-en-fiscales-fermeture-de-caisses-noires-de-certains-ministeres","name":"Requalification de 112 recettes de service en fiscales, fermeture de \u00ab caisses noires \u00bb de certains Minist\u00e8res ? - C\u00f4te d&#039;Ivoire","isPartOf":{"@id":"https:\/\/www.africa-press.net\/cotedivoire\/#website"},"primaryImageOfPage":{"@id":"https:\/\/www.africa-press.net\/cotedivoire\/economie\/requalification-de-112-recettes-de-service-en-fiscales-fermeture-de-caisses-noires-de-certains-ministeres#primaryimage"},"image":{"@id":"https:\/\/www.africa-press.net\/cotedivoire\/economie\/requalification-de-112-recettes-de-service-en-fiscales-fermeture-de-caisses-noires-de-certains-ministeres#primaryimage"},"thumbnailUrl":"https:\/\/static.africa-press.net\/cote\/sites\/43\/2024\/04\/sm_1713542434.804098.jpg","datePublished":"2024-04-19T18:16:39+00:00","dateModified":"2024-04-19T19:32:56+00:00","author":{"@id":"https:\/\/www.africa-press.net\/cotedivoire\/#\/schema\/person\/2b1cf3cd81a31e3cd26889ca66d677f1"},"description":"A l\u2019issue du Conseil des ministres, du mercredi 17 avril 2024 a\u0300 Abidjan, il a e\u0301te\u0301 de\u0301cide\u0301 de la requalification de 1 ...","breadcrumb":{"@id":"https:\/\/www.africa-press.net\/cotedivoire\/economie\/requalification-de-112-recettes-de-service-en-fiscales-fermeture-de-caisses-noires-de-certains-ministeres#breadcrumb"},"inLanguage":"fr-FR","potentialAction":[{"@type":"ReadAction","target":["https:\/\/www.africa-press.net\/cotedivoire\/economie\/requalification-de-112-recettes-de-service-en-fiscales-fermeture-de-caisses-noires-de-certains-ministeres"]}]},{"@type":"ImageObject","inLanguage":"fr-FR","@id":"https:\/\/www.africa-press.net\/cotedivoire\/economie\/requalification-de-112-recettes-de-service-en-fiscales-fermeture-de-caisses-noires-de-certains-ministeres#primaryimage","url":"https:\/\/static.africa-press.net\/cote\/sites\/43\/2024\/04\/sm_1713542434.804098.jpg","contentUrl":"https:\/\/static.africa-press.net\/cote\/sites\/43\/2024\/04\/sm_1713542434.804098.jpg","width":1280,"height":720,"caption":"Requalification de 112 recettes de service en fiscales, fermeture de \u00ab caisses noires \u00bb de certains Minist\u00e8res ?"},{"@type":"BreadcrumbList","@id":"https:\/\/www.africa-press.net\/cotedivoire\/economie\/requalification-de-112-recettes-de-service-en-fiscales-fermeture-de-caisses-noires-de-certains-ministeres#breadcrumb","itemListElement":[{"@type":"ListItem","position":1,"name":"Accueil","item":"https:\/\/www.africa-press.net\/cotedivoire\/"},{"@type":"ListItem","position":2,"name":"Requalification de 112 recettes de service en fiscales, fermeture de \u00ab caisses noires \u00bb de certains Minist\u00e8res ?"}]},{"@type":"WebSite","@id":"https:\/\/www.africa-press.net\/cotedivoire\/#website","url":"https:\/\/www.africa-press.net\/cotedivoire\/","name":"C\u00f4te d&#039;Ivoire","description":"Just another Africa News Agency Sites site","potentialAction":[{"@type":"SearchAction","target":{"@type":"EntryPoint","urlTemplate":"https:\/\/www.africa-press.net\/cotedivoire\/?s={search_term_string}"},"query-input":{"@type":"PropertyValueSpecification","valueRequired":true,"valueName":"search_term_string"}}],"inLanguage":"fr-FR"},{"@type":"Person","@id":"https:\/\/www.africa-press.net\/cotedivoire\/#\/schema\/person\/2b1cf3cd81a31e3cd26889ca66d677f1","name":"cfeditorfr"}]}},"_links":{"self":[{"href":"https:\/\/www.africa-press.net\/cotedivoire\/wp-json\/wp\/v2\/posts\/78433","targetHints":{"allow":["GET"]}}],"collection":[{"href":"https:\/\/www.africa-press.net\/cotedivoire\/wp-json\/wp\/v2\/posts"}],"about":[{"href":"https:\/\/www.africa-press.net\/cotedivoire\/wp-json\/wp\/v2\/types\/post"}],"author":[{"embeddable":true,"href":"https:\/\/www.africa-press.net\/cotedivoire\/wp-json\/wp\/v2\/users\/82"}],"replies":[{"embeddable":true,"href":"https:\/\/www.africa-press.net\/cotedivoire\/wp-json\/wp\/v2\/comments?post=78433"}],"version-history":[{"count":0,"href":"https:\/\/www.africa-press.net\/cotedivoire\/wp-json\/wp\/v2\/posts\/78433\/revisions"}],"wp:featuredmedia":[{"embeddable":true,"href":"https:\/\/www.africa-press.net\/cotedivoire\/wp-json\/wp\/v2\/media\/78432"}],"wp:attachment":[{"href":"https:\/\/www.africa-press.net\/cotedivoire\/wp-json\/wp\/v2\/media?parent=78433"}],"wp:term":[{"taxonomy":"category","embeddable":true,"href":"https:\/\/www.africa-press.net\/cotedivoire\/wp-json\/wp\/v2\/categories?post=78433"},{"taxonomy":"post_tag","embeddable":true,"href":"https:\/\/www.africa-press.net\/cotedivoire\/wp-json\/wp\/v2\/tags?post=78433"}],"curies":[{"name":"wp","href":"https:\/\/api.w.org\/{rel}","templated":true}]}}