{"id":78436,"date":"2024-04-19T18:17:06","date_gmt":"2024-04-19T18:17:06","guid":{"rendered":"https:\/\/www.africa-press.net\/cotedivoire\/politique\/renforcement-des-missions-de-lautorite-de-regulation-du-transport-interieur-arti"},"modified":"2024-04-19T19:33:33","modified_gmt":"2024-04-19T19:33:33","slug":"renforcement-des-missions-de-lautorite-de-regulation-du-transport-interieur-arti","status":"publish","type":"post","link":"https:\/\/www.africa-press.net\/cotedivoire\/toutes-les-actualites\/renforcement-des-missions-de-lautorite-de-regulation-du-transport-interieur-arti","title":{"rendered":"Renforcement  des missions de l&rsquo;Autorit\u00e9 de R\u00e9gulation du Transport Int\u00e9rieur (ARTI)"},"content":{"rendered":"<p><span style=\"color: #ff6600\"><strong>Africa-Press &#8211; C\u00f4te d&rsquo;Ivoire. <\/strong><\/span>Les missions de l\u2019Autorite\u0301 de Re\u0301gulation du Transport Inte\u0301rieur (ARTI) sont de\u0301sormais renforce\u0301es. Le Ministre des Transports, Monsieur Amadou Kone\u0301 a proce\u0301de\u0301, le mercredi 17 avril 2024, devant l\u2019Assemble\u0301e Nationale, a\u0300 la pre\u0301sentation du projet de Loi portant ratification de l\u2019Ordonnance N\u00b02023-718 du 13 septembre 2023, portant modification de l\u2019article 10 de la Loi N\u00b02014-812 du 16 de\u0301cembre 2014 d\u2019Orientation du Transport Inte\u0301rieur (LOTI). Le projet de texte propose\u0301 a e\u0301te\u0301 adopte\u0301 a\u0300 l\u2019unanimite\u0301.<\/p>\n<p>En effet, la loi n\u00b02014-812 du 16 de\u0301cembre 2014 d\u2019Orientation du Transport Inte\u0301rieur (LOTI), a confe\u0301re\u0301 a\u0300 l\u2019Autorite\u0301 de Re\u0301gulation du Transport Inte\u0301rieur (ARTI), la mission de re\u0301gulation du Transport inte\u0301rieur, initialement de\u0301volue a\u0300 l\u2019Etat.<\/p>\n<p>Toutefois, bien qu\u2019ayant e\u0301te\u0301 cre\u0301e\u0301e par les textes depuis 20014, c\u2019est finalement en 2020 que l\u2019ARTI a e\u0301te\u0301 effectivement mise en place. Au cours de ses trois premie\u0300res anne\u0301es d\u2019existence, l\u2019ARTI a e\u0301te\u0301 dote\u0301e, par l\u2019Etat de Co\u0302te d\u2019Ivoire, des organes ne\u0301cessaires a\u0300 son fonctionnement.<\/p>\n<p>Aujourd\u2019hui, tenant compte des enjeux du de\u0301veloppement des diffe\u0301rents modes de transport individuels et collectifs, de la se\u0301curite\u0301 de la circulation, de la protection de l\u2019environnement, et de l\u2019utilisation rationnelle de l\u2019e\u0301nergie, il est apparu ne\u0301cessaire pour l\u2019Etat de Co\u0302te d\u2019Ivoire, de rendre davantage ope\u0301rationnelle cette Autorite\u0301 Administrative Inde\u0301pendante, par l\u2019adoption d\u2019une Ordonnance modificative de la LOTI.<\/p>\n<p>Ainsi, le projet de Loi portant ratification de la nouvelle Ordonnance de 2023, vise a\u0300 renforcer les pouvoirs et missions de l\u2019Autorite\u0301 de Re\u0301gulation du Transport Inte\u0301rieur (ARTI). Il contribuera e\u0301galement a\u0300 e\u0301tablir une nette distinction entre le re\u0301gulateur et les autres structures ope\u0301rationnelles du secteur.<\/p>\n<p>Initie\u0301e par le Ministe\u0300re du Transport, avec l\u2019appui de la Banque Mondiale et de l\u2019Union europe\u0301enne, la nouvelle Ordonnance comprend deux articles relatifs aux missions de l\u2019ARTI (article 10 nouveau de la LOTI), et aux pouvoirs de l\u2019ARTI (article 10 bis nouveau de la LOTI).<\/p>\n<p>Ce sont en tout 16 missions qui ont e\u0301te\u0301 de\u0301volues a\u0300 l\u2019ARTI par la nouvelle ordonnance au lieu des 15 missions initiales.<\/p>\n<p>Elle fait de l\u2019ARTI, un acteur essentiel dans l\u2019e\u0301laboration de la re\u0301glementation et des normes, en matie\u0300re de Transport inte\u0301rieur, tant au niveau national qu\u2019au niveau international.<\/p>\n<p>Selon l\u2019Ordonnance modificative, l\u2019ARTI a en charge de promouvoir la collaboration entre les acteurs du Transport inte\u0301rieur et de combler l\u2019insuffisance de couverture territoriale des Autorite\u0301s Organisatrices de la Mobilite\u0301 Urbaine (AOMU).<\/p>\n<p>Par ailleurs, le nouveau texte permet a\u0300 l\u2019ARTI de jouer de\u0301sormais un ro\u0302le pre\u0301ponde\u0301rant dans la rationalisation des conditions d\u2019exercice et de la concurrence au niveau des diffe\u0301rents acteurs du Transport inte\u0301rieur.<\/p>\n<p>Conforme\u0301ment a\u0300 cette nouvelle Ordonnance, l\u2019ARTI contribuera e\u0301galement a\u0300 l\u2019impulsion de l\u2019industrie automobile, et partant a\u0300 l\u2019essor du Transport dans son ensemble.<\/p>\n<p>Autre fait marquant, c\u2019est l\u2019insertion de l\u2019article 10 Bis qui vient confe\u0301rer et pre\u0301ciser les pouvoirs dont dispose l\u2019ARTI pour l\u2019exercice de ses fonctions.<\/p>\n<p>L\u2019ordonnance du 13 septembre 2023 confe\u0300re a\u0300 l\u2019ARTI trois pouvoirs essentiels a\u0300 la re\u0301alisation de ses missions, a\u0300 savoir: Le pouvoir consultatif ; Le pouvoir d\u2019injonction ; Le pouvoir de sanctions.<\/p>\n<p><strong>Pour plus d&rsquo;informations et d&rsquo;analyses sur la <a href=\"https:\/\/www.africa-press.net\/cotedivoire\">C\u00f4te d&rsquo;Ivoire<\/a>, suivez <a href=\"https:\/\/www.africa-press.net\/\">Africa-Press<\/a><\/strong><\/p>\n","protected":false},"excerpt":{"rendered":"<p>Africa-Press &#8211; C\u00f4te d&rsquo;Ivoire. Les missions de l\u2019Autorite\u0301 de Re\u0301gulation du Transport Inte\u0301rieur (ARTI) sont de\u0301sormais renforce\u0301es. Le Ministre des Transports, Monsieur Amadou Kone\u0301 a proce\u0301de\u0301, le mercredi 17 avril 2024, devant l\u2019Assemble\u0301e Nationale, a\u0300 la pre\u0301sentation du projet de Loi portant ratification de l\u2019Ordonnance N\u00b02023-718 du 13 septembre 2023, portant modification de l\u2019article 10 [&hellip;]<\/p>\n","protected":false},"author":82,"featured_media":78435,"comment_status":"open","ping_status":"closed","sticky":false,"template":"","format":"standard","meta":{"footnotes":""},"categories":[21,10],"tags":[56,63,390,5040,29,2722,2218],"class_list":["post-78436","post","type-post","status-publish","format-standard","has-post-thumbnail","hentry","category-communaute","category-toutes-les-actualites","tag-africa-press","tag-africa-press-cote-divoire","tag-amadou-kone","tag-arti","tag-cote-divoire","tag-missions","tag-transport"],"yoast_head":"<!-- This site is optimized with the Yoast SEO Premium plugin v26.1 (Yoast SEO v27.0) - https:\/\/yoast.com\/product\/yoast-seo-premium-wordpress\/ -->\n<title>Renforcement des missions de l&#039;Autorit\u00e9 de R\u00e9gulation du Transport Int\u00e9rieur (ARTI) - C\u00f4te d&#039;Ivoire<\/title>\n<meta name=\"description\" content=\"Les missions de l\u2019Autorite\u0301 de Re\u0301gulation du Transport Inte\u0301rieur (ARTI) sont de\u0301sormais renforce\u0301es. Le Ministre des T ...\" \/>\n<meta name=\"robots\" content=\"index, follow, max-snippet:-1, max-image-preview:large, max-video-preview:-1\" \/>\n<link rel=\"canonical\" href=\"https:\/\/www.africa-press.net\/cotedivoire\/toutes-les-actualites\/renforcement-des-missions-de-lautorite-de-regulation-du-transport-interieur-arti\" \/>\n<meta property=\"og:locale\" content=\"fr_FR\" \/>\n<meta property=\"og:type\" content=\"article\" \/>\n<meta property=\"og:title\" content=\"Renforcement des missions de l&#039;Autorit\u00e9 de R\u00e9gulation du Transport Int\u00e9rieur (ARTI)\" \/>\n<meta property=\"og:description\" content=\"Les missions de l\u2019Autorite\u0301 de Re\u0301gulation du Transport Inte\u0301rieur (ARTI) sont de\u0301sormais renforce\u0301es. Le Ministre des T ...\" \/>\n<meta property=\"og:url\" content=\"https:\/\/www.africa-press.net\/cotedivoire\/toutes-les-actualites\/renforcement-des-missions-de-lautorite-de-regulation-du-transport-interieur-arti\" \/>\n<meta property=\"og:site_name\" content=\"C\u00f4te d&#039;Ivoire\" \/>\n<meta property=\"article:published_time\" content=\"2024-04-19T18:17:06+00:00\" \/>\n<meta property=\"article:modified_time\" content=\"2024-04-19T19:33:33+00:00\" \/>\n<meta property=\"og:image\" content=\"https:\/\/static.africa-press.net\/cote\/sites\/43\/2024\/04\/sm_1713542471.439154.jpg\" \/>\n\t<meta property=\"og:image:width\" content=\"800\" \/>\n\t<meta property=\"og:image:height\" content=\"533\" \/>\n\t<meta property=\"og:image:type\" content=\"image\/jpeg\" \/>\n<meta name=\"author\" content=\"cfeditorfr\" \/>\n<meta name=\"twitter:card\" content=\"summary_large_image\" \/>\n<meta name=\"twitter:label1\" content=\"\u00c9crit par\" \/>\n\t<meta name=\"twitter:data1\" content=\"cfeditorfr\" \/>\n\t<meta name=\"twitter:label2\" content=\"Dur\u00e9e de lecture estim\u00e9e\" \/>\n\t<meta name=\"twitter:data2\" content=\"3 minutes\" \/>\n<script type=\"application\/ld+json\" class=\"yoast-schema-graph\">{\"@context\":\"https:\/\/schema.org\",\"@graph\":[{\"@type\":\"Article\",\"@id\":\"https:\/\/www.africa-press.net\/cotedivoire\/toutes-les-actualites\/renforcement-des-missions-de-lautorite-de-regulation-du-transport-interieur-arti#article\",\"isPartOf\":{\"@id\":\"https:\/\/www.africa-press.net\/cotedivoire\/toutes-les-actualites\/renforcement-des-missions-de-lautorite-de-regulation-du-transport-interieur-arti\"},\"author\":{\"name\":\"cfeditorfr\",\"@id\":\"https:\/\/www.africa-press.net\/cotedivoire\/#\/schema\/person\/2b1cf3cd81a31e3cd26889ca66d677f1\"},\"headline\":\"Renforcement des missions de l&rsquo;Autorit\u00e9 de R\u00e9gulation du Transport Int\u00e9rieur (ARTI)\",\"datePublished\":\"2024-04-19T18:17:06+00:00\",\"dateModified\":\"2024-04-19T19:33:33+00:00\",\"mainEntityOfPage\":{\"@id\":\"https:\/\/www.africa-press.net\/cotedivoire\/toutes-les-actualites\/renforcement-des-missions-de-lautorite-de-regulation-du-transport-interieur-arti\"},\"wordCount\":624,\"commentCount\":0,\"image\":{\"@id\":\"https:\/\/www.africa-press.net\/cotedivoire\/toutes-les-actualites\/renforcement-des-missions-de-lautorite-de-regulation-du-transport-interieur-arti#primaryimage\"},\"thumbnailUrl\":\"https:\/\/static.africa-press.net\/cote\/sites\/43\/2024\/04\/sm_1713542471.439154.jpg\",\"keywords\":[\"Africa Press\",\"Africa Press-C\u00f4te d'Ivoire\",\"Amadou Kon\u00e9\",\"ARTI\",\"C\u00d4TE D'IVOIRE\",\"missions\",\"transport\"],\"articleSection\":[\"Communaut\u00e9\",\"Toutes les actualit\u00e9s\"],\"inLanguage\":\"fr-FR\",\"potentialAction\":[{\"@type\":\"CommentAction\",\"name\":\"Comment\",\"target\":[\"https:\/\/www.africa-press.net\/cotedivoire\/toutes-les-actualites\/renforcement-des-missions-de-lautorite-de-regulation-du-transport-interieur-arti#respond\"]}]},{\"@type\":\"WebPage\",\"@id\":\"https:\/\/www.africa-press.net\/cotedivoire\/toutes-les-actualites\/renforcement-des-missions-de-lautorite-de-regulation-du-transport-interieur-arti\",\"url\":\"https:\/\/www.africa-press.net\/cotedivoire\/toutes-les-actualites\/renforcement-des-missions-de-lautorite-de-regulation-du-transport-interieur-arti\",\"name\":\"Renforcement des missions de l'Autorit\u00e9 de R\u00e9gulation du Transport Int\u00e9rieur (ARTI) - C\u00f4te d&#039;Ivoire\",\"isPartOf\":{\"@id\":\"https:\/\/www.africa-press.net\/cotedivoire\/#website\"},\"primaryImageOfPage\":{\"@id\":\"https:\/\/www.africa-press.net\/cotedivoire\/toutes-les-actualites\/renforcement-des-missions-de-lautorite-de-regulation-du-transport-interieur-arti#primaryimage\"},\"image\":{\"@id\":\"https:\/\/www.africa-press.net\/cotedivoire\/toutes-les-actualites\/renforcement-des-missions-de-lautorite-de-regulation-du-transport-interieur-arti#primaryimage\"},\"thumbnailUrl\":\"https:\/\/static.africa-press.net\/cote\/sites\/43\/2024\/04\/sm_1713542471.439154.jpg\",\"datePublished\":\"2024-04-19T18:17:06+00:00\",\"dateModified\":\"2024-04-19T19:33:33+00:00\",\"author\":{\"@id\":\"https:\/\/www.africa-press.net\/cotedivoire\/#\/schema\/person\/2b1cf3cd81a31e3cd26889ca66d677f1\"},\"description\":\"Les missions de l\u2019Autorite\u0301 de Re\u0301gulation du Transport Inte\u0301rieur (ARTI) sont de\u0301sormais renforce\u0301es. Le Ministre des T ...\",\"breadcrumb\":{\"@id\":\"https:\/\/www.africa-press.net\/cotedivoire\/toutes-les-actualites\/renforcement-des-missions-de-lautorite-de-regulation-du-transport-interieur-arti#breadcrumb\"},\"inLanguage\":\"fr-FR\",\"potentialAction\":[{\"@type\":\"ReadAction\",\"target\":[\"https:\/\/www.africa-press.net\/cotedivoire\/toutes-les-actualites\/renforcement-des-missions-de-lautorite-de-regulation-du-transport-interieur-arti\"]}]},{\"@type\":\"ImageObject\",\"inLanguage\":\"fr-FR\",\"@id\":\"https:\/\/www.africa-press.net\/cotedivoire\/toutes-les-actualites\/renforcement-des-missions-de-lautorite-de-regulation-du-transport-interieur-arti#primaryimage\",\"url\":\"https:\/\/static.africa-press.net\/cote\/sites\/43\/2024\/04\/sm_1713542471.439154.jpg\",\"contentUrl\":\"https:\/\/static.africa-press.net\/cote\/sites\/43\/2024\/04\/sm_1713542471.439154.jpg\",\"width\":800,\"height\":533,\"caption\":\"Renforcement des missions de l'Autorit\u00e9 de R\u00e9gulation du Transport Int\u00e9rieur (ARTI)\"},{\"@type\":\"BreadcrumbList\",\"@id\":\"https:\/\/www.africa-press.net\/cotedivoire\/toutes-les-actualites\/renforcement-des-missions-de-lautorite-de-regulation-du-transport-interieur-arti#breadcrumb\",\"itemListElement\":[{\"@type\":\"ListItem\",\"position\":1,\"name\":\"Accueil\",\"item\":\"https:\/\/www.africa-press.net\/cotedivoire\/\"},{\"@type\":\"ListItem\",\"position\":2,\"name\":\"Renforcement des missions de l&#8217;Autorit\u00e9 de R\u00e9gulation du Transport Int\u00e9rieur (ARTI)\"}]},{\"@type\":\"WebSite\",\"@id\":\"https:\/\/www.africa-press.net\/cotedivoire\/#website\",\"url\":\"https:\/\/www.africa-press.net\/cotedivoire\/\",\"name\":\"C\u00f4te d&#039;Ivoire\",\"description\":\"Just another Africa News Agency Sites site\",\"potentialAction\":[{\"@type\":\"SearchAction\",\"target\":{\"@type\":\"EntryPoint\",\"urlTemplate\":\"https:\/\/www.africa-press.net\/cotedivoire\/?s={search_term_string}\"},\"query-input\":{\"@type\":\"PropertyValueSpecification\",\"valueRequired\":true,\"valueName\":\"search_term_string\"}}],\"inLanguage\":\"fr-FR\"},{\"@type\":\"Person\",\"@id\":\"https:\/\/www.africa-press.net\/cotedivoire\/#\/schema\/person\/2b1cf3cd81a31e3cd26889ca66d677f1\",\"name\":\"cfeditorfr\"}]}<\/script>\n<!-- \/ Yoast SEO Premium plugin. -->","yoast_head_json":{"title":"Renforcement des missions de l'Autorit\u00e9 de R\u00e9gulation du Transport Int\u00e9rieur (ARTI) - C\u00f4te d&#039;Ivoire","description":"Les missions de l\u2019Autorite\u0301 de Re\u0301gulation du Transport Inte\u0301rieur (ARTI) sont de\u0301sormais renforce\u0301es. Le Ministre des T ...","robots":{"index":"index","follow":"follow","max-snippet":"max-snippet:-1","max-image-preview":"max-image-preview:large","max-video-preview":"max-video-preview:-1"},"canonical":"https:\/\/www.africa-press.net\/cotedivoire\/toutes-les-actualites\/renforcement-des-missions-de-lautorite-de-regulation-du-transport-interieur-arti","og_locale":"fr_FR","og_type":"article","og_title":"Renforcement des missions de l'Autorit\u00e9 de R\u00e9gulation du Transport Int\u00e9rieur (ARTI)","og_description":"Les missions de l\u2019Autorite\u0301 de Re\u0301gulation du Transport Inte\u0301rieur (ARTI) sont de\u0301sormais renforce\u0301es. Le Ministre des T ...","og_url":"https:\/\/www.africa-press.net\/cotedivoire\/toutes-les-actualites\/renforcement-des-missions-de-lautorite-de-regulation-du-transport-interieur-arti","og_site_name":"C\u00f4te d&#039;Ivoire","article_published_time":"2024-04-19T18:17:06+00:00","article_modified_time":"2024-04-19T19:33:33+00:00","og_image":[{"width":800,"height":533,"url":"https:\/\/static.africa-press.net\/cote\/sites\/43\/2024\/04\/sm_1713542471.439154.jpg","type":"image\/jpeg"}],"author":"cfeditorfr","twitter_card":"summary_large_image","twitter_misc":{"\u00c9crit par":"cfeditorfr","Dur\u00e9e de lecture estim\u00e9e":"3 minutes"},"schema":{"@context":"https:\/\/schema.org","@graph":[{"@type":"Article","@id":"https:\/\/www.africa-press.net\/cotedivoire\/toutes-les-actualites\/renforcement-des-missions-de-lautorite-de-regulation-du-transport-interieur-arti#article","isPartOf":{"@id":"https:\/\/www.africa-press.net\/cotedivoire\/toutes-les-actualites\/renforcement-des-missions-de-lautorite-de-regulation-du-transport-interieur-arti"},"author":{"name":"cfeditorfr","@id":"https:\/\/www.africa-press.net\/cotedivoire\/#\/schema\/person\/2b1cf3cd81a31e3cd26889ca66d677f1"},"headline":"Renforcement des missions de l&rsquo;Autorit\u00e9 de R\u00e9gulation du Transport Int\u00e9rieur (ARTI)","datePublished":"2024-04-19T18:17:06+00:00","dateModified":"2024-04-19T19:33:33+00:00","mainEntityOfPage":{"@id":"https:\/\/www.africa-press.net\/cotedivoire\/toutes-les-actualites\/renforcement-des-missions-de-lautorite-de-regulation-du-transport-interieur-arti"},"wordCount":624,"commentCount":0,"image":{"@id":"https:\/\/www.africa-press.net\/cotedivoire\/toutes-les-actualites\/renforcement-des-missions-de-lautorite-de-regulation-du-transport-interieur-arti#primaryimage"},"thumbnailUrl":"https:\/\/static.africa-press.net\/cote\/sites\/43\/2024\/04\/sm_1713542471.439154.jpg","keywords":["Africa Press","Africa Press-C\u00f4te d'Ivoire","Amadou Kon\u00e9","ARTI","C\u00d4TE D'IVOIRE","missions","transport"],"articleSection":["Communaut\u00e9","Toutes les actualit\u00e9s"],"inLanguage":"fr-FR","potentialAction":[{"@type":"CommentAction","name":"Comment","target":["https:\/\/www.africa-press.net\/cotedivoire\/toutes-les-actualites\/renforcement-des-missions-de-lautorite-de-regulation-du-transport-interieur-arti#respond"]}]},{"@type":"WebPage","@id":"https:\/\/www.africa-press.net\/cotedivoire\/toutes-les-actualites\/renforcement-des-missions-de-lautorite-de-regulation-du-transport-interieur-arti","url":"https:\/\/www.africa-press.net\/cotedivoire\/toutes-les-actualites\/renforcement-des-missions-de-lautorite-de-regulation-du-transport-interieur-arti","name":"Renforcement des missions de l'Autorit\u00e9 de R\u00e9gulation du Transport Int\u00e9rieur (ARTI) - C\u00f4te d&#039;Ivoire","isPartOf":{"@id":"https:\/\/www.africa-press.net\/cotedivoire\/#website"},"primaryImageOfPage":{"@id":"https:\/\/www.africa-press.net\/cotedivoire\/toutes-les-actualites\/renforcement-des-missions-de-lautorite-de-regulation-du-transport-interieur-arti#primaryimage"},"image":{"@id":"https:\/\/www.africa-press.net\/cotedivoire\/toutes-les-actualites\/renforcement-des-missions-de-lautorite-de-regulation-du-transport-interieur-arti#primaryimage"},"thumbnailUrl":"https:\/\/static.africa-press.net\/cote\/sites\/43\/2024\/04\/sm_1713542471.439154.jpg","datePublished":"2024-04-19T18:17:06+00:00","dateModified":"2024-04-19T19:33:33+00:00","author":{"@id":"https:\/\/www.africa-press.net\/cotedivoire\/#\/schema\/person\/2b1cf3cd81a31e3cd26889ca66d677f1"},"description":"Les missions de l\u2019Autorite\u0301 de Re\u0301gulation du Transport Inte\u0301rieur (ARTI) sont de\u0301sormais renforce\u0301es. Le Ministre des T ...","breadcrumb":{"@id":"https:\/\/www.africa-press.net\/cotedivoire\/toutes-les-actualites\/renforcement-des-missions-de-lautorite-de-regulation-du-transport-interieur-arti#breadcrumb"},"inLanguage":"fr-FR","potentialAction":[{"@type":"ReadAction","target":["https:\/\/www.africa-press.net\/cotedivoire\/toutes-les-actualites\/renforcement-des-missions-de-lautorite-de-regulation-du-transport-interieur-arti"]}]},{"@type":"ImageObject","inLanguage":"fr-FR","@id":"https:\/\/www.africa-press.net\/cotedivoire\/toutes-les-actualites\/renforcement-des-missions-de-lautorite-de-regulation-du-transport-interieur-arti#primaryimage","url":"https:\/\/static.africa-press.net\/cote\/sites\/43\/2024\/04\/sm_1713542471.439154.jpg","contentUrl":"https:\/\/static.africa-press.net\/cote\/sites\/43\/2024\/04\/sm_1713542471.439154.jpg","width":800,"height":533,"caption":"Renforcement des missions de l'Autorit\u00e9 de R\u00e9gulation du Transport Int\u00e9rieur (ARTI)"},{"@type":"BreadcrumbList","@id":"https:\/\/www.africa-press.net\/cotedivoire\/toutes-les-actualites\/renforcement-des-missions-de-lautorite-de-regulation-du-transport-interieur-arti#breadcrumb","itemListElement":[{"@type":"ListItem","position":1,"name":"Accueil","item":"https:\/\/www.africa-press.net\/cotedivoire\/"},{"@type":"ListItem","position":2,"name":"Renforcement des missions de l&#8217;Autorit\u00e9 de R\u00e9gulation du Transport Int\u00e9rieur (ARTI)"}]},{"@type":"WebSite","@id":"https:\/\/www.africa-press.net\/cotedivoire\/#website","url":"https:\/\/www.africa-press.net\/cotedivoire\/","name":"C\u00f4te d&#039;Ivoire","description":"Just another Africa News Agency Sites site","potentialAction":[{"@type":"SearchAction","target":{"@type":"EntryPoint","urlTemplate":"https:\/\/www.africa-press.net\/cotedivoire\/?s={search_term_string}"},"query-input":{"@type":"PropertyValueSpecification","valueRequired":true,"valueName":"search_term_string"}}],"inLanguage":"fr-FR"},{"@type":"Person","@id":"https:\/\/www.africa-press.net\/cotedivoire\/#\/schema\/person\/2b1cf3cd81a31e3cd26889ca66d677f1","name":"cfeditorfr"}]}},"_links":{"self":[{"href":"https:\/\/www.africa-press.net\/cotedivoire\/wp-json\/wp\/v2\/posts\/78436","targetHints":{"allow":["GET"]}}],"collection":[{"href":"https:\/\/www.africa-press.net\/cotedivoire\/wp-json\/wp\/v2\/posts"}],"about":[{"href":"https:\/\/www.africa-press.net\/cotedivoire\/wp-json\/wp\/v2\/types\/post"}],"author":[{"embeddable":true,"href":"https:\/\/www.africa-press.net\/cotedivoire\/wp-json\/wp\/v2\/users\/82"}],"replies":[{"embeddable":true,"href":"https:\/\/www.africa-press.net\/cotedivoire\/wp-json\/wp\/v2\/comments?post=78436"}],"version-history":[{"count":0,"href":"https:\/\/www.africa-press.net\/cotedivoire\/wp-json\/wp\/v2\/posts\/78436\/revisions"}],"wp:featuredmedia":[{"embeddable":true,"href":"https:\/\/www.africa-press.net\/cotedivoire\/wp-json\/wp\/v2\/media\/78435"}],"wp:attachment":[{"href":"https:\/\/www.africa-press.net\/cotedivoire\/wp-json\/wp\/v2\/media?parent=78436"}],"wp:term":[{"taxonomy":"category","embeddable":true,"href":"https:\/\/www.africa-press.net\/cotedivoire\/wp-json\/wp\/v2\/categories?post=78436"},{"taxonomy":"post_tag","embeddable":true,"href":"https:\/\/www.africa-press.net\/cotedivoire\/wp-json\/wp\/v2\/tags?post=78436"}],"curies":[{"name":"wp","href":"https:\/\/api.w.org\/{rel}","templated":true}]}}