{"id":78470,"date":"2024-04-19T18:22:54","date_gmt":"2024-04-19T18:22:54","guid":{"rendered":"https:\/\/www.africa-press.net\/cotedivoire\/politique\/ghana-echanges-entre-le-vp-bawumia-et-le-pm-beugre-mambe-sur-la-production-de-cacao"},"modified":"2024-04-19T19:43:22","modified_gmt":"2024-04-19T19:43:22","slug":"ghana-echanges-entre-le-vp-bawumia-et-le-pm-beugre-mambe-sur-la-production-de-cacao","status":"publish","type":"post","link":"https:\/\/www.africa-press.net\/cotedivoire\/economie\/ghana-echanges-entre-le-vp-bawumia-et-le-pm-beugre-mambe-sur-la-production-de-cacao","title":{"rendered":"Ghana-Echanges entre le VP Bawumia et le PM Beugr\u00e9 Mamb\u00e9 sur la production de cacao"},"content":{"rendered":"<p><span style=\"color: #ff6600\"><strong>Africa-Press &#8211; C\u00f4te d&rsquo;Ivoire. <\/strong><\/span>Le Vice-pre\u0301sident (VP) ghane\u0301en, Dr Mahamudu Bawumia, a e\u0301change\u0301 avec le Premier ministre (PM) ivoirien, Robert Beugre\u0301 Mambe\u0301 sur la coope\u0301ration en cours entre le Ghana et la Co\u0302te d\u2019Ivoire sur la production du cacao.<\/p>\n<p>Les e\u0301changes entre Bawumia et Mambe\u0301 ont eu lieu le mercredi 17 avril a\u0300 la pre\u0301sidence a\u0300 Accra, lieu ou\u0300 se\u0301journe l\u2019ho\u0302te ivoirien dans le cadre de l&rsquo;inauguration du sie\u0300ge du Secre\u0301tariat Exe\u0301cutif de l\u2019Initiative Cacao Co\u0302te d\u2019Ivoire-Ghana (lCCIG).<\/p>\n<p>Cette Initiative vise a\u0300 promouvoir, favoriser et de\u0301fendre les inte\u0301re\u0302ts communs des deux pays en matie\u0300re de Cacao, ainsi que ceux de leurs producteurs sur le marche\u0301 international et dans les forums internationaux.<\/p>\n<p>Sur la rencontre et les discussions eues, Bawumia a pre\u0301cise\u0301 dans une publication qu\u2019ils ont des e\u0301changes mutuellement be\u0301ne\u0301fiques sur la coope\u0301ration en cours entre leurs deux pays, notamment dans le domaine de la production de cacao.<\/p>\n<p>En ce sens, il a pre\u0301cise\u0301 que \u00ab l&rsquo;Initiative Cacao Co\u0302te d&rsquo;Ivoire-Ghana doit donner tout son sens a\u0300 la De\u0301claration d&rsquo;Abidjan du 26 mars 2018, dans laquelle les Pre\u0301sidents de la Co\u0302te d&rsquo;Ivoire et du Ghana ont re\u0301affirme\u0301 leur volonte\u0301 de de\u0301finir une strate\u0301gie commune pour le cacao durable, en vue d&rsquo;accroi\u0302tre les prix perc\u0327us par les producteurs de cacao dans leurs pays respectifs de manie\u0300re durable \u00bb.<\/p>\n<p>Avant la ce\u0301re\u0301monie de l\u2019inauguration, le Comite\u0301 directeur de l\u2019 lCCIG s&rsquo;est re\u0301uni a\u0300 Accra pour de\u0301libe\u0301rer sur les questions pertinentes affectant l&rsquo;industrie du cacao.<\/p>\n<p>Selon la partie ghane\u0301enne, les principales questions examine\u0301es sont l&rsquo;e\u0301valuation des progre\u0300s re\u0301alise\u0301s par l&rsquo;Initiative depuis sa cre\u0301ation et l&rsquo;analyse des conditions actuelles du marche\u0301, en se concentrant sur les implications pour les deux principaux pays producteurs de cacao.<\/p>\n\r\n                <style type=\"text\/css\">\r\n                    \r\n                    #td_uid_1_69f43dc071f48  .td-doubleSlider-2 .td-item1 {\r\n                        background: url(https:\/\/static.africa-press.net\/cote\/sites\/43\/2024\/04\/sm_1713543038.62124-80x60.jpg) 0 0 no-repeat;\r\n                    }\r\n                <\/style>\r\n\r\n                <div id=\"td_uid_1_69f43dc071f48\" class=\"td-gallery td-slide-on-2-columns\">\r\n                    <div class=\"post_td_gallery\">\r\n                        <div class=\"td-gallery-slide-top\">\r\n                           <div class=\"td-gallery-title\"><\/div>\r\n\r\n                            <div class=\"td-gallery-controls-wrapper\">\r\n                                <div class=\"td-gallery-slide-count\"><span class=\"td-gallery-slide-item-focus\">1<\/span> de 1<\/div>\r\n                                <div class=\"td-gallery-slide-prev-next-but\">\r\n                                    <i class = \"td-icon-left doubleSliderPrevButton\"><\/i>\r\n                                    <i class = \"td-icon-right doubleSliderNextButton\"><\/i>\r\n                                <\/div>\r\n                            <\/div>\r\n                        <\/div>\r\n\r\n                        <div class = \"td-doubleSlider-1 \">\r\n                            <div class = \"td-slider\">\r\n                                \r\n                    <div class = \"td-slide-item td-item1\">\r\n                        <figure class=\"td-slide-galery-figure td-slide-popup-gallery\">\r\n                            <a class=\"slide-gallery-image-link\" href=\"https:\/\/static.africa-press.net\/cote\/sites\/43\/2024\/04\/sm_1713543038.62124.jpg\" title=\"sm_1713543038.62124\"  data-caption=\"\"  data-description=\"\">\r\n                                <img decoding=\"async\" src=\"https:\/\/static.africa-press.net\/cote\/sites\/43\/2024\/04\/sm_1713543038.62124.jpg\" srcset=\"https:\/\/static.africa-press.net\/cote\/sites\/43\/2024\/04\/sm_1713543038.62124.jpg 1000w, https:\/\/static.africa-press.net\/cote\/sites\/43\/2024\/04\/sm_1713543038.62124-300x186.jpg 300w, https:\/\/static.africa-press.net\/cote\/sites\/43\/2024\/04\/sm_1713543038.62124-768x476.jpg 768w, https:\/\/static.africa-press.net\/cote\/sites\/43\/2024\/04\/sm_1713543038.62124-356x220.jpg 356w\" sizes=\"(max-width: 1000px) 100vw, 1000px\" alt=\"\">\r\n                            <\/a>\r\n                            \r\n                        <\/figure>\r\n                    <\/div>\r\n                            <\/div>\r\n                        <\/div>\r\n\r\n                        <div class = \"td-doubleSlider-2\">\r\n                            <div class = \"td-slider\">\r\n                                \r\n                    <div class = \"td-button td-item1\">\r\n                        <div class = \"td-border\"><\/div>\r\n                    <\/div>\r\n                            <\/div>\r\n                        <\/div>\r\n\r\n                    <\/div>\r\n\r\n                <\/div>\r\n                \n<p><strong>Pour plus d&rsquo;informations et d&rsquo;analyses sur la <a href=\"https:\/\/www.africa-press.net\/cotedivoire\">C\u00f4te d&rsquo;Ivoire<\/a>, suivez <a href=\"https:\/\/www.africa-press.net\/\">Africa-Press<\/a><\/strong><\/p>\n","protected":false},"excerpt":{"rendered":"<p>Africa-Press &#8211; C\u00f4te d&rsquo;Ivoire. Le Vice-pre\u0301sident (VP) ghane\u0301en, Dr Mahamudu Bawumia, a e\u0301change\u0301 avec le Premier ministre (PM) ivoirien, Robert Beugre\u0301 Mambe\u0301 sur la coope\u0301ration en cours entre le Ghana et la Co\u0302te d\u2019Ivoire sur la production du cacao. Les e\u0301changes entre Bawumia et Mambe\u0301 ont eu lieu le mercredi 17 avril a\u0300 la pre\u0301sidence [&hellip;]<\/p>\n","protected":false},"author":82,"featured_media":78468,"comment_status":"open","ping_status":"closed","sticky":false,"template":"","format":"standard","meta":{"footnotes":""},"categories":[3,8,10],"tags":[56,63,29,3710,13182,98,3254,13181,13180,9980,2843],"class_list":["post-78470","post","type-post","status-publish","format-standard","has-post-thumbnail","hentry","category-economie","category-photo","category-toutes-les-actualites","tag-africa-press","tag-africa-press-cote-divoire","tag-cote-divoire","tag-cote-divoire-4","tag-dr-mahamudu-bawumia","tag-ghana","tag-inauguration","tag-lccig","tag-production-du-cacao","tag-robert-beugre-mambe","tag-siege"],"yoast_head":"<!-- This site is optimized with the Yoast SEO Premium plugin v26.1 (Yoast SEO v27.0) - https:\/\/yoast.com\/product\/yoast-seo-premium-wordpress\/ -->\n<title>Ghana-Echanges entre le VP Bawumia et le PM Beugr\u00e9 Mamb\u00e9 sur la production de cacao - C\u00f4te d&#039;Ivoire<\/title>\n<meta name=\"description\" content=\"Le Vice-pre\u0301sident (VP) ghane\u0301en, Dr Mahamudu Bawumia, a e\u0301change\u0301 avec le Premier ministre (PM) ivoirien, Robert Beugre ...\" \/>\n<meta name=\"robots\" content=\"index, follow, max-snippet:-1, max-image-preview:large, max-video-preview:-1\" \/>\n<link rel=\"canonical\" href=\"https:\/\/www.africa-press.net\/cotedivoire\/economie\/ghana-echanges-entre-le-vp-bawumia-et-le-pm-beugre-mambe-sur-la-production-de-cacao\" \/>\n<meta property=\"og:locale\" content=\"fr_FR\" \/>\n<meta property=\"og:type\" content=\"article\" \/>\n<meta property=\"og:title\" content=\"Ghana-Echanges entre le VP Bawumia et le PM Beugr\u00e9 Mamb\u00e9 sur la production de cacao\" \/>\n<meta property=\"og:description\" content=\"Le Vice-pre\u0301sident (VP) ghane\u0301en, Dr Mahamudu Bawumia, a e\u0301change\u0301 avec le Premier ministre (PM) ivoirien, Robert Beugre ...\" \/>\n<meta property=\"og:url\" content=\"https:\/\/www.africa-press.net\/cotedivoire\/economie\/ghana-echanges-entre-le-vp-bawumia-et-le-pm-beugre-mambe-sur-la-production-de-cacao\" \/>\n<meta property=\"og:site_name\" content=\"C\u00f4te d&#039;Ivoire\" \/>\n<meta property=\"article:published_time\" content=\"2024-04-19T18:22:54+00:00\" \/>\n<meta property=\"article:modified_time\" content=\"2024-04-19T19:43:22+00:00\" \/>\n<meta property=\"og:image\" content=\"https:\/\/static.africa-press.net\/cote\/sites\/43\/2024\/04\/sm_1713543067.005106.jpg\" \/>\n\t<meta property=\"og:image:width\" content=\"720\" \/>\n\t<meta property=\"og:image:height\" content=\"336\" \/>\n\t<meta property=\"og:image:type\" content=\"image\/jpeg\" \/>\n<meta name=\"author\" content=\"cfeditorfr\" \/>\n<meta name=\"twitter:card\" content=\"summary_large_image\" \/>\n<meta name=\"twitter:label1\" content=\"\u00c9crit par\" \/>\n\t<meta name=\"twitter:data1\" content=\"cfeditorfr\" \/>\n\t<meta name=\"twitter:label2\" content=\"Dur\u00e9e de lecture estim\u00e9e\" \/>\n\t<meta name=\"twitter:data2\" content=\"2 minutes\" \/>\n<script type=\"application\/ld+json\" class=\"yoast-schema-graph\">{\"@context\":\"https:\/\/schema.org\",\"@graph\":[{\"@type\":\"Article\",\"@id\":\"https:\/\/www.africa-press.net\/cotedivoire\/economie\/ghana-echanges-entre-le-vp-bawumia-et-le-pm-beugre-mambe-sur-la-production-de-cacao#article\",\"isPartOf\":{\"@id\":\"https:\/\/www.africa-press.net\/cotedivoire\/economie\/ghana-echanges-entre-le-vp-bawumia-et-le-pm-beugre-mambe-sur-la-production-de-cacao\"},\"author\":{\"name\":\"cfeditorfr\",\"@id\":\"https:\/\/www.africa-press.net\/cotedivoire\/#\/schema\/person\/2b1cf3cd81a31e3cd26889ca66d677f1\"},\"headline\":\"Ghana-Echanges entre le VP Bawumia et le PM Beugr\u00e9 Mamb\u00e9 sur la production de cacao\",\"datePublished\":\"2024-04-19T18:22:54+00:00\",\"dateModified\":\"2024-04-19T19:43:22+00:00\",\"mainEntityOfPage\":{\"@id\":\"https:\/\/www.africa-press.net\/cotedivoire\/economie\/ghana-echanges-entre-le-vp-bawumia-et-le-pm-beugre-mambe-sur-la-production-de-cacao\"},\"wordCount\":379,\"commentCount\":0,\"image\":{\"@id\":\"https:\/\/www.africa-press.net\/cotedivoire\/economie\/ghana-echanges-entre-le-vp-bawumia-et-le-pm-beugre-mambe-sur-la-production-de-cacao#primaryimage\"},\"thumbnailUrl\":\"https:\/\/static.africa-press.net\/cote\/sites\/43\/2024\/04\/sm_1713543067.005106.jpg\",\"keywords\":[\"Africa Press\",\"Africa Press-C\u00f4te d'Ivoire\",\"C\u00d4TE D'IVOIRE\",\"C\u00f4te d\u2019Ivoire\",\"Dr Mahamudu Bawumia\",\"Ghana\",\"inauguration\",\"lCCIG\",\"production du cacao\",\"Robert Beugr\u00e9 Mamb\u00e9\",\"Si\u00e8ge\"],\"articleSection\":[\"\u00c9conomie\",\"Photo\",\"Toutes les actualit\u00e9s\"],\"inLanguage\":\"fr-FR\",\"potentialAction\":[{\"@type\":\"CommentAction\",\"name\":\"Comment\",\"target\":[\"https:\/\/www.africa-press.net\/cotedivoire\/economie\/ghana-echanges-entre-le-vp-bawumia-et-le-pm-beugre-mambe-sur-la-production-de-cacao#respond\"]}]},{\"@type\":\"WebPage\",\"@id\":\"https:\/\/www.africa-press.net\/cotedivoire\/economie\/ghana-echanges-entre-le-vp-bawumia-et-le-pm-beugre-mambe-sur-la-production-de-cacao\",\"url\":\"https:\/\/www.africa-press.net\/cotedivoire\/economie\/ghana-echanges-entre-le-vp-bawumia-et-le-pm-beugre-mambe-sur-la-production-de-cacao\",\"name\":\"Ghana-Echanges entre le VP Bawumia et le PM Beugr\u00e9 Mamb\u00e9 sur la production de cacao - C\u00f4te d&#039;Ivoire\",\"isPartOf\":{\"@id\":\"https:\/\/www.africa-press.net\/cotedivoire\/#website\"},\"primaryImageOfPage\":{\"@id\":\"https:\/\/www.africa-press.net\/cotedivoire\/economie\/ghana-echanges-entre-le-vp-bawumia-et-le-pm-beugre-mambe-sur-la-production-de-cacao#primaryimage\"},\"image\":{\"@id\":\"https:\/\/www.africa-press.net\/cotedivoire\/economie\/ghana-echanges-entre-le-vp-bawumia-et-le-pm-beugre-mambe-sur-la-production-de-cacao#primaryimage\"},\"thumbnailUrl\":\"https:\/\/static.africa-press.net\/cote\/sites\/43\/2024\/04\/sm_1713543067.005106.jpg\",\"datePublished\":\"2024-04-19T18:22:54+00:00\",\"dateModified\":\"2024-04-19T19:43:22+00:00\",\"author\":{\"@id\":\"https:\/\/www.africa-press.net\/cotedivoire\/#\/schema\/person\/2b1cf3cd81a31e3cd26889ca66d677f1\"},\"description\":\"Le Vice-pre\u0301sident (VP) ghane\u0301en, Dr Mahamudu Bawumia, a e\u0301change\u0301 avec le Premier ministre (PM) ivoirien, Robert Beugre ...\",\"breadcrumb\":{\"@id\":\"https:\/\/www.africa-press.net\/cotedivoire\/economie\/ghana-echanges-entre-le-vp-bawumia-et-le-pm-beugre-mambe-sur-la-production-de-cacao#breadcrumb\"},\"inLanguage\":\"fr-FR\",\"potentialAction\":[{\"@type\":\"ReadAction\",\"target\":[\"https:\/\/www.africa-press.net\/cotedivoire\/economie\/ghana-echanges-entre-le-vp-bawumia-et-le-pm-beugre-mambe-sur-la-production-de-cacao\"]}]},{\"@type\":\"ImageObject\",\"inLanguage\":\"fr-FR\",\"@id\":\"https:\/\/www.africa-press.net\/cotedivoire\/economie\/ghana-echanges-entre-le-vp-bawumia-et-le-pm-beugre-mambe-sur-la-production-de-cacao#primaryimage\",\"url\":\"https:\/\/static.africa-press.net\/cote\/sites\/43\/2024\/04\/sm_1713543067.005106.jpg\",\"contentUrl\":\"https:\/\/static.africa-press.net\/cote\/sites\/43\/2024\/04\/sm_1713543067.005106.jpg\",\"width\":720,\"height\":336,\"caption\":\"Ghana-Echanges entre le VP Bawumia et le PM Beugr\u00e9 Mamb\u00e9 sur la production de cacao\"},{\"@type\":\"BreadcrumbList\",\"@id\":\"https:\/\/www.africa-press.net\/cotedivoire\/economie\/ghana-echanges-entre-le-vp-bawumia-et-le-pm-beugre-mambe-sur-la-production-de-cacao#breadcrumb\",\"itemListElement\":[{\"@type\":\"ListItem\",\"position\":1,\"name\":\"Accueil\",\"item\":\"https:\/\/www.africa-press.net\/cotedivoire\/\"},{\"@type\":\"ListItem\",\"position\":2,\"name\":\"Ghana-Echanges entre le VP Bawumia et le PM Beugr\u00e9 Mamb\u00e9 sur la production de cacao\"}]},{\"@type\":\"WebSite\",\"@id\":\"https:\/\/www.africa-press.net\/cotedivoire\/#website\",\"url\":\"https:\/\/www.africa-press.net\/cotedivoire\/\",\"name\":\"C\u00f4te d&#039;Ivoire\",\"description\":\"Just another Africa News Agency Sites site\",\"potentialAction\":[{\"@type\":\"SearchAction\",\"target\":{\"@type\":\"EntryPoint\",\"urlTemplate\":\"https:\/\/www.africa-press.net\/cotedivoire\/?s={search_term_string}\"},\"query-input\":{\"@type\":\"PropertyValueSpecification\",\"valueRequired\":true,\"valueName\":\"search_term_string\"}}],\"inLanguage\":\"fr-FR\"},{\"@type\":\"Person\",\"@id\":\"https:\/\/www.africa-press.net\/cotedivoire\/#\/schema\/person\/2b1cf3cd81a31e3cd26889ca66d677f1\",\"name\":\"cfeditorfr\"}]}<\/script>\n<!-- \/ Yoast SEO Premium plugin. -->","yoast_head_json":{"title":"Ghana-Echanges entre le VP Bawumia et le PM Beugr\u00e9 Mamb\u00e9 sur la production de cacao - C\u00f4te d&#039;Ivoire","description":"Le Vice-pre\u0301sident (VP) ghane\u0301en, Dr Mahamudu Bawumia, a e\u0301change\u0301 avec le Premier ministre (PM) ivoirien, Robert Beugre ...","robots":{"index":"index","follow":"follow","max-snippet":"max-snippet:-1","max-image-preview":"max-image-preview:large","max-video-preview":"max-video-preview:-1"},"canonical":"https:\/\/www.africa-press.net\/cotedivoire\/economie\/ghana-echanges-entre-le-vp-bawumia-et-le-pm-beugre-mambe-sur-la-production-de-cacao","og_locale":"fr_FR","og_type":"article","og_title":"Ghana-Echanges entre le VP Bawumia et le PM Beugr\u00e9 Mamb\u00e9 sur la production de cacao","og_description":"Le Vice-pre\u0301sident (VP) ghane\u0301en, Dr Mahamudu Bawumia, a e\u0301change\u0301 avec le Premier ministre (PM) ivoirien, Robert Beugre ...","og_url":"https:\/\/www.africa-press.net\/cotedivoire\/economie\/ghana-echanges-entre-le-vp-bawumia-et-le-pm-beugre-mambe-sur-la-production-de-cacao","og_site_name":"C\u00f4te d&#039;Ivoire","article_published_time":"2024-04-19T18:22:54+00:00","article_modified_time":"2024-04-19T19:43:22+00:00","og_image":[{"width":720,"height":336,"url":"https:\/\/static.africa-press.net\/cote\/sites\/43\/2024\/04\/sm_1713543067.005106.jpg","type":"image\/jpeg"}],"author":"cfeditorfr","twitter_card":"summary_large_image","twitter_misc":{"\u00c9crit par":"cfeditorfr","Dur\u00e9e de lecture estim\u00e9e":"2 minutes"},"schema":{"@context":"https:\/\/schema.org","@graph":[{"@type":"Article","@id":"https:\/\/www.africa-press.net\/cotedivoire\/economie\/ghana-echanges-entre-le-vp-bawumia-et-le-pm-beugre-mambe-sur-la-production-de-cacao#article","isPartOf":{"@id":"https:\/\/www.africa-press.net\/cotedivoire\/economie\/ghana-echanges-entre-le-vp-bawumia-et-le-pm-beugre-mambe-sur-la-production-de-cacao"},"author":{"name":"cfeditorfr","@id":"https:\/\/www.africa-press.net\/cotedivoire\/#\/schema\/person\/2b1cf3cd81a31e3cd26889ca66d677f1"},"headline":"Ghana-Echanges entre le VP Bawumia et le PM Beugr\u00e9 Mamb\u00e9 sur la production de cacao","datePublished":"2024-04-19T18:22:54+00:00","dateModified":"2024-04-19T19:43:22+00:00","mainEntityOfPage":{"@id":"https:\/\/www.africa-press.net\/cotedivoire\/economie\/ghana-echanges-entre-le-vp-bawumia-et-le-pm-beugre-mambe-sur-la-production-de-cacao"},"wordCount":379,"commentCount":0,"image":{"@id":"https:\/\/www.africa-press.net\/cotedivoire\/economie\/ghana-echanges-entre-le-vp-bawumia-et-le-pm-beugre-mambe-sur-la-production-de-cacao#primaryimage"},"thumbnailUrl":"https:\/\/static.africa-press.net\/cote\/sites\/43\/2024\/04\/sm_1713543067.005106.jpg","keywords":["Africa Press","Africa Press-C\u00f4te d'Ivoire","C\u00d4TE D'IVOIRE","C\u00f4te d\u2019Ivoire","Dr Mahamudu Bawumia","Ghana","inauguration","lCCIG","production du cacao","Robert Beugr\u00e9 Mamb\u00e9","Si\u00e8ge"],"articleSection":["\u00c9conomie","Photo","Toutes les actualit\u00e9s"],"inLanguage":"fr-FR","potentialAction":[{"@type":"CommentAction","name":"Comment","target":["https:\/\/www.africa-press.net\/cotedivoire\/economie\/ghana-echanges-entre-le-vp-bawumia-et-le-pm-beugre-mambe-sur-la-production-de-cacao#respond"]}]},{"@type":"WebPage","@id":"https:\/\/www.africa-press.net\/cotedivoire\/economie\/ghana-echanges-entre-le-vp-bawumia-et-le-pm-beugre-mambe-sur-la-production-de-cacao","url":"https:\/\/www.africa-press.net\/cotedivoire\/economie\/ghana-echanges-entre-le-vp-bawumia-et-le-pm-beugre-mambe-sur-la-production-de-cacao","name":"Ghana-Echanges entre le VP Bawumia et le PM Beugr\u00e9 Mamb\u00e9 sur la production de cacao - C\u00f4te d&#039;Ivoire","isPartOf":{"@id":"https:\/\/www.africa-press.net\/cotedivoire\/#website"},"primaryImageOfPage":{"@id":"https:\/\/www.africa-press.net\/cotedivoire\/economie\/ghana-echanges-entre-le-vp-bawumia-et-le-pm-beugre-mambe-sur-la-production-de-cacao#primaryimage"},"image":{"@id":"https:\/\/www.africa-press.net\/cotedivoire\/economie\/ghana-echanges-entre-le-vp-bawumia-et-le-pm-beugre-mambe-sur-la-production-de-cacao#primaryimage"},"thumbnailUrl":"https:\/\/static.africa-press.net\/cote\/sites\/43\/2024\/04\/sm_1713543067.005106.jpg","datePublished":"2024-04-19T18:22:54+00:00","dateModified":"2024-04-19T19:43:22+00:00","author":{"@id":"https:\/\/www.africa-press.net\/cotedivoire\/#\/schema\/person\/2b1cf3cd81a31e3cd26889ca66d677f1"},"description":"Le Vice-pre\u0301sident (VP) ghane\u0301en, Dr Mahamudu Bawumia, a e\u0301change\u0301 avec le Premier ministre (PM) ivoirien, Robert Beugre ...","breadcrumb":{"@id":"https:\/\/www.africa-press.net\/cotedivoire\/economie\/ghana-echanges-entre-le-vp-bawumia-et-le-pm-beugre-mambe-sur-la-production-de-cacao#breadcrumb"},"inLanguage":"fr-FR","potentialAction":[{"@type":"ReadAction","target":["https:\/\/www.africa-press.net\/cotedivoire\/economie\/ghana-echanges-entre-le-vp-bawumia-et-le-pm-beugre-mambe-sur-la-production-de-cacao"]}]},{"@type":"ImageObject","inLanguage":"fr-FR","@id":"https:\/\/www.africa-press.net\/cotedivoire\/economie\/ghana-echanges-entre-le-vp-bawumia-et-le-pm-beugre-mambe-sur-la-production-de-cacao#primaryimage","url":"https:\/\/static.africa-press.net\/cote\/sites\/43\/2024\/04\/sm_1713543067.005106.jpg","contentUrl":"https:\/\/static.africa-press.net\/cote\/sites\/43\/2024\/04\/sm_1713543067.005106.jpg","width":720,"height":336,"caption":"Ghana-Echanges entre le VP Bawumia et le PM Beugr\u00e9 Mamb\u00e9 sur la production de cacao"},{"@type":"BreadcrumbList","@id":"https:\/\/www.africa-press.net\/cotedivoire\/economie\/ghana-echanges-entre-le-vp-bawumia-et-le-pm-beugre-mambe-sur-la-production-de-cacao#breadcrumb","itemListElement":[{"@type":"ListItem","position":1,"name":"Accueil","item":"https:\/\/www.africa-press.net\/cotedivoire\/"},{"@type":"ListItem","position":2,"name":"Ghana-Echanges entre le VP Bawumia et le PM Beugr\u00e9 Mamb\u00e9 sur la production de cacao"}]},{"@type":"WebSite","@id":"https:\/\/www.africa-press.net\/cotedivoire\/#website","url":"https:\/\/www.africa-press.net\/cotedivoire\/","name":"C\u00f4te d&#039;Ivoire","description":"Just another Africa News Agency Sites site","potentialAction":[{"@type":"SearchAction","target":{"@type":"EntryPoint","urlTemplate":"https:\/\/www.africa-press.net\/cotedivoire\/?s={search_term_string}"},"query-input":{"@type":"PropertyValueSpecification","valueRequired":true,"valueName":"search_term_string"}}],"inLanguage":"fr-FR"},{"@type":"Person","@id":"https:\/\/www.africa-press.net\/cotedivoire\/#\/schema\/person\/2b1cf3cd81a31e3cd26889ca66d677f1","name":"cfeditorfr"}]}},"_links":{"self":[{"href":"https:\/\/www.africa-press.net\/cotedivoire\/wp-json\/wp\/v2\/posts\/78470","targetHints":{"allow":["GET"]}}],"collection":[{"href":"https:\/\/www.africa-press.net\/cotedivoire\/wp-json\/wp\/v2\/posts"}],"about":[{"href":"https:\/\/www.africa-press.net\/cotedivoire\/wp-json\/wp\/v2\/types\/post"}],"author":[{"embeddable":true,"href":"https:\/\/www.africa-press.net\/cotedivoire\/wp-json\/wp\/v2\/users\/82"}],"replies":[{"embeddable":true,"href":"https:\/\/www.africa-press.net\/cotedivoire\/wp-json\/wp\/v2\/comments?post=78470"}],"version-history":[{"count":0,"href":"https:\/\/www.africa-press.net\/cotedivoire\/wp-json\/wp\/v2\/posts\/78470\/revisions"}],"wp:featuredmedia":[{"embeddable":true,"href":"https:\/\/www.africa-press.net\/cotedivoire\/wp-json\/wp\/v2\/media\/78468"}],"wp:attachment":[{"href":"https:\/\/www.africa-press.net\/cotedivoire\/wp-json\/wp\/v2\/media?parent=78470"}],"wp:term":[{"taxonomy":"category","embeddable":true,"href":"https:\/\/www.africa-press.net\/cotedivoire\/wp-json\/wp\/v2\/categories?post=78470"},{"taxonomy":"post_tag","embeddable":true,"href":"https:\/\/www.africa-press.net\/cotedivoire\/wp-json\/wp\/v2\/tags?post=78470"}],"curies":[{"name":"wp","href":"https:\/\/api.w.org\/{rel}","templated":true}]}}