{"id":78822,"date":"2024-04-25T17:02:09","date_gmt":"2024-04-25T17:02:09","guid":{"rendered":"https:\/\/www.africa-press.net\/cotedivoire\/politique\/nigeria-abuja-renonce-aux-taxes-pour-les-ambassades-proposition-de-jumelage-entre-abuja-et-yamoussoukro"},"modified":"2024-04-25T18:23:41","modified_gmt":"2024-04-25T18:23:41","slug":"nigeria-abuja-renonce-aux-taxes-pour-les-ambassades-proposition-de-jumelage-entre-abuja-et-yamoussoukro","status":"publish","type":"post","link":"https:\/\/www.africa-press.net\/cotedivoire\/politique\/nigeria-abuja-renonce-aux-taxes-pour-les-ambassades-proposition-de-jumelage-entre-abuja-et-yamoussoukro","title":{"rendered":"Nigeria-  Abuja renonce aux taxes pour les ambassades, proposition de jumelage entre Abuja et Yamoussoukro"},"content":{"rendered":"<p><span style=\"color: #ff6600\"><strong>Africa-Press &#8211; C\u00f4te d&rsquo;Ivoire. <\/strong><\/span>Le ministre du Territoire de la capitale fe\u0301de\u0301rale (FCT) Abuja, Me Ezenwo Nyesom Wike, a re\u0301ve\u0301le\u0301 que le FCTA renoncera au paiement d\u2019impo\u0302ts pour les missions diplomatiques dans la capitale nationale, tout comme les missions diplomatiques du Nigeria a\u0300 l\u2019e\u0301tranger sont e\u0301galement exone\u0301re\u0301es d\u2019impo\u0302ts.<\/p>\n<p>Le ministre Wike a fait cette annonce le mercredi 24 avril a\u0300 Abuja lorsqu&rsquo;il a rec\u0327u l&rsquo;ambassadeur de la Co\u0302te d&rsquo;Ivoire au Nigeria, Son Excellence Kalilou Traore\u0301.<\/p>\n<p>En revenant sur son annonce, le ministre du FCT a explique\u0301 que le ministe\u0300re des Affaires e\u0301trange\u0300res lui a fait comprendre la de\u0301cision de renoncer a\u0300 la paye de taxe pour les ambassades est une mesure qui s&rsquo;applique aux ambassades nige\u0301rianes dans les autres pays ou\u0300 elles ope\u0300rent.<\/p>\n<p>Pour sa part, l\u2019ambassadeur Traore\u0301 de la Co\u0302te d\u2019Ivoire a de\u0301clare\u0301 avoir effectue\u0301 son de\u0301placement dans le but d\u2019informer le ministre du FCT de l&rsquo;intention de l&rsquo;ambassade de commencer le de\u0301veloppement de son terrain dans le district de Maitama, conforme\u0301ment a\u0300 la directive de l&rsquo;administration du FCT.<\/p>\n<p>Pour les travaux que projette l\u2019ambassade ivoirienne, le ministre Wike a re\u0301ve\u0301le\u0301 avoir demande\u0301 la finition des structures abandonne\u0301es et inacheve\u0301es dans le FCT pour des raisons de se\u0301curite\u0301.<\/p>\n<p>Coope\u0301ration bilate\u0301rale<\/p>\n<p>Sur un autre aspect, le ministre Wike a appele\u0301 a\u0300 une coope\u0301ration accrue entre les pays africains pour renforcer le de\u0301veloppement du continent, notant qu&rsquo;une plus grande coope\u0301ration entre les pays africains inaugurera la prospe\u0301rite\u0301 et entrai\u0302nera le de\u0301veloppement du continent.<\/p>\n<p>Il a e\u0301galement souligne\u0301 la ne\u0301cessite\u0301 d\u2019une coope\u0301ration entre les pays de la CEDEAO, assurant que l\u2019administration du FCT continuera a\u0300 \u0153uvrer pour renforcer ses relations avec la Co\u0302te d\u2019Ivoire.<\/p>\n<p>Sur ce point, l\u2019officiel nige\u0301rian a ajoute\u0301 que \u00ab Nous continuerons a\u0300 renforcer nos relations. Heureusement notre Pre\u0301sident est le Pre\u0301sident de la CEDEAO. Nous ferons donc tout notre possible pour que notre relation soit fluide et cordiale, de manie\u0300re a\u0300 ce qu&rsquo;il y ait une symbiose \u00bb.<\/p>\n<p>Proposition de jumelage des capitales Abuja et Yamoussoukro<\/p>\n<p>Le diplomate ivoirien a exprime\u0301 le de\u0301sir de la mission de renforcer la coope\u0301ration bilate\u0301rale entre le Nigeria, le plus grand pays du continent africain, et la Co\u0302te d\u2019Ivoire, qui est plus grand pays francophone d\u2019Afrique.<\/p>\n<p>Pour l\u2019ide\u0301e de ce jumelage, l\u2019ambassadeur Traore\u0301 a propose\u0301 de jumeler Abuja avec la capitale politique de la Co\u0302te d\u2019Ivoire, qui est Yamoussoukro.<\/p>\n<p><strong>Pour plus d&rsquo;informations et d&rsquo;analyses sur la <a href=\"https:\/\/www.africa-press.net\/cotedivoire\">C\u00f4te d&rsquo;Ivoire<\/a>, suivez <a href=\"https:\/\/www.africa-press.net\/\">Africa-Press<\/a><\/strong><\/p>\n","protected":false},"excerpt":{"rendered":"<p>Africa-Press &#8211; C\u00f4te d&rsquo;Ivoire. Le ministre du Territoire de la capitale fe\u0301de\u0301rale (FCT) Abuja, Me Ezenwo Nyesom Wike, a re\u0301ve\u0301le\u0301 que le FCTA renoncera au paiement d\u2019impo\u0302ts pour les missions diplomatiques dans la capitale nationale, tout comme les missions diplomatiques du Nigeria a\u0300 l\u2019e\u0301tranger sont e\u0301galement exone\u0301re\u0301es d\u2019impo\u0302ts. Le ministre Wike a fait cette annonce [&hellip;]<\/p>\n","protected":false},"author":82,"featured_media":78821,"comment_status":"open","ping_status":"closed","sticky":false,"template":"","format":"standard","meta":{"footnotes":""},"categories":[2,70,20,10],"tags":[3256,56,63,29,9175,100],"class_list":["post-78822","post","type-post","status-publish","format-standard","has-post-thumbnail","hentry","category-politique","category-to-homepage","category-top-nouvelles","category-toutes-les-actualites","tag-abuja","tag-africa-press","tag-africa-press-cote-divoire","tag-cote-divoire","tag-kalilou-traore","tag-nigeria"],"yoast_head":"<!-- This site is optimized with the Yoast SEO Premium plugin v26.1 (Yoast SEO v27.0) - https:\/\/yoast.com\/product\/yoast-seo-premium-wordpress\/ -->\n<title>Nigeria- Abuja renonce aux taxes pour les ambassades, proposition de jumelage entre Abuja et Yamoussoukro - C\u00f4te d&#039;Ivoire<\/title>\n<meta name=\"description\" content=\"Le ministre du Territoire de la capitale fe\u0301de\u0301rale (FCT) Abuja, Me Ezenwo Nyesom Wike, a re\u0301ve\u0301le\u0301 que le FCTA renoncer ...\" \/>\n<meta name=\"robots\" content=\"index, follow, max-snippet:-1, max-image-preview:large, max-video-preview:-1\" \/>\n<link rel=\"canonical\" href=\"https:\/\/www.africa-press.net\/cotedivoire\/politique\/nigeria-abuja-renonce-aux-taxes-pour-les-ambassades-proposition-de-jumelage-entre-abuja-et-yamoussoukro\" \/>\n<meta property=\"og:locale\" content=\"fr_FR\" \/>\n<meta property=\"og:type\" content=\"article\" \/>\n<meta property=\"og:title\" content=\"Nigeria- Abuja renonce aux taxes pour les ambassades, proposition de jumelage entre Abuja et Yamoussoukro\" \/>\n<meta property=\"og:description\" content=\"Le ministre du Territoire de la capitale fe\u0301de\u0301rale (FCT) Abuja, Me Ezenwo Nyesom Wike, a re\u0301ve\u0301le\u0301 que le FCTA renoncer ...\" \/>\n<meta property=\"og:url\" content=\"https:\/\/www.africa-press.net\/cotedivoire\/politique\/nigeria-abuja-renonce-aux-taxes-pour-les-ambassades-proposition-de-jumelage-entre-abuja-et-yamoussoukro\" \/>\n<meta property=\"og:site_name\" content=\"C\u00f4te d&#039;Ivoire\" \/>\n<meta property=\"article:published_time\" content=\"2024-04-25T17:02:09+00:00\" \/>\n<meta property=\"article:modified_time\" content=\"2024-04-25T18:23:41+00:00\" \/>\n<meta property=\"og:image\" content=\"https:\/\/static.africa-press.net\/cote\/sites\/43\/2024\/04\/sm_1714056746.132715.jpg\" \/>\n\t<meta property=\"og:image:width\" content=\"720\" \/>\n\t<meta property=\"og:image:height\" content=\"336\" \/>\n\t<meta property=\"og:image:type\" content=\"image\/jpeg\" \/>\n<meta name=\"author\" content=\"cfeditorfr\" \/>\n<meta name=\"twitter:card\" content=\"summary_large_image\" \/>\n<meta name=\"twitter:label1\" content=\"\u00c9crit par\" \/>\n\t<meta name=\"twitter:data1\" content=\"cfeditorfr\" \/>\n\t<meta name=\"twitter:label2\" content=\"Dur\u00e9e de lecture estim\u00e9e\" \/>\n\t<meta name=\"twitter:data2\" content=\"3 minutes\" \/>\n<script type=\"application\/ld+json\" class=\"yoast-schema-graph\">{\"@context\":\"https:\/\/schema.org\",\"@graph\":[{\"@type\":\"Article\",\"@id\":\"https:\/\/www.africa-press.net\/cotedivoire\/politique\/nigeria-abuja-renonce-aux-taxes-pour-les-ambassades-proposition-de-jumelage-entre-abuja-et-yamoussoukro#article\",\"isPartOf\":{\"@id\":\"https:\/\/www.africa-press.net\/cotedivoire\/politique\/nigeria-abuja-renonce-aux-taxes-pour-les-ambassades-proposition-de-jumelage-entre-abuja-et-yamoussoukro\"},\"author\":{\"name\":\"cfeditorfr\",\"@id\":\"https:\/\/www.africa-press.net\/cotedivoire\/#\/schema\/person\/2b1cf3cd81a31e3cd26889ca66d677f1\"},\"headline\":\"Nigeria- Abuja renonce aux taxes pour les ambassades, proposition de jumelage entre Abuja et Yamoussoukro\",\"datePublished\":\"2024-04-25T17:02:09+00:00\",\"dateModified\":\"2024-04-25T18:23:41+00:00\",\"mainEntityOfPage\":{\"@id\":\"https:\/\/www.africa-press.net\/cotedivoire\/politique\/nigeria-abuja-renonce-aux-taxes-pour-les-ambassades-proposition-de-jumelage-entre-abuja-et-yamoussoukro\"},\"wordCount\":491,\"commentCount\":0,\"image\":{\"@id\":\"https:\/\/www.africa-press.net\/cotedivoire\/politique\/nigeria-abuja-renonce-aux-taxes-pour-les-ambassades-proposition-de-jumelage-entre-abuja-et-yamoussoukro#primaryimage\"},\"thumbnailUrl\":\"https:\/\/static.africa-press.net\/cote\/sites\/43\/2024\/04\/sm_1714056746.132715.jpg\",\"keywords\":[\"Abuja\",\"Africa Press\",\"Africa Press-C\u00f4te d'Ivoire\",\"C\u00d4TE D'IVOIRE\",\"Kalilou Traor\u00e9\",\"Nigeria\"],\"articleSection\":[\"Politique\",\"to-homepage\",\"Top Nouvelles\",\"Toutes les actualit\u00e9s\"],\"inLanguage\":\"fr-FR\",\"potentialAction\":[{\"@type\":\"CommentAction\",\"name\":\"Comment\",\"target\":[\"https:\/\/www.africa-press.net\/cotedivoire\/politique\/nigeria-abuja-renonce-aux-taxes-pour-les-ambassades-proposition-de-jumelage-entre-abuja-et-yamoussoukro#respond\"]}]},{\"@type\":\"WebPage\",\"@id\":\"https:\/\/www.africa-press.net\/cotedivoire\/politique\/nigeria-abuja-renonce-aux-taxes-pour-les-ambassades-proposition-de-jumelage-entre-abuja-et-yamoussoukro\",\"url\":\"https:\/\/www.africa-press.net\/cotedivoire\/politique\/nigeria-abuja-renonce-aux-taxes-pour-les-ambassades-proposition-de-jumelage-entre-abuja-et-yamoussoukro\",\"name\":\"Nigeria- Abuja renonce aux taxes pour les ambassades, proposition de jumelage entre Abuja et Yamoussoukro - C\u00f4te d&#039;Ivoire\",\"isPartOf\":{\"@id\":\"https:\/\/www.africa-press.net\/cotedivoire\/#website\"},\"primaryImageOfPage\":{\"@id\":\"https:\/\/www.africa-press.net\/cotedivoire\/politique\/nigeria-abuja-renonce-aux-taxes-pour-les-ambassades-proposition-de-jumelage-entre-abuja-et-yamoussoukro#primaryimage\"},\"image\":{\"@id\":\"https:\/\/www.africa-press.net\/cotedivoire\/politique\/nigeria-abuja-renonce-aux-taxes-pour-les-ambassades-proposition-de-jumelage-entre-abuja-et-yamoussoukro#primaryimage\"},\"thumbnailUrl\":\"https:\/\/static.africa-press.net\/cote\/sites\/43\/2024\/04\/sm_1714056746.132715.jpg\",\"datePublished\":\"2024-04-25T17:02:09+00:00\",\"dateModified\":\"2024-04-25T18:23:41+00:00\",\"author\":{\"@id\":\"https:\/\/www.africa-press.net\/cotedivoire\/#\/schema\/person\/2b1cf3cd81a31e3cd26889ca66d677f1\"},\"description\":\"Le ministre du Territoire de la capitale fe\u0301de\u0301rale (FCT) Abuja, Me Ezenwo Nyesom Wike, a re\u0301ve\u0301le\u0301 que le FCTA renoncer ...\",\"breadcrumb\":{\"@id\":\"https:\/\/www.africa-press.net\/cotedivoire\/politique\/nigeria-abuja-renonce-aux-taxes-pour-les-ambassades-proposition-de-jumelage-entre-abuja-et-yamoussoukro#breadcrumb\"},\"inLanguage\":\"fr-FR\",\"potentialAction\":[{\"@type\":\"ReadAction\",\"target\":[\"https:\/\/www.africa-press.net\/cotedivoire\/politique\/nigeria-abuja-renonce-aux-taxes-pour-les-ambassades-proposition-de-jumelage-entre-abuja-et-yamoussoukro\"]}]},{\"@type\":\"ImageObject\",\"inLanguage\":\"fr-FR\",\"@id\":\"https:\/\/www.africa-press.net\/cotedivoire\/politique\/nigeria-abuja-renonce-aux-taxes-pour-les-ambassades-proposition-de-jumelage-entre-abuja-et-yamoussoukro#primaryimage\",\"url\":\"https:\/\/static.africa-press.net\/cote\/sites\/43\/2024\/04\/sm_1714056746.132715.jpg\",\"contentUrl\":\"https:\/\/static.africa-press.net\/cote\/sites\/43\/2024\/04\/sm_1714056746.132715.jpg\",\"width\":720,\"height\":336,\"caption\":\"Nigeria- Abuja renonce aux taxes pour les ambassades, proposition de jumelage entre Abuja et Yamoussoukro\"},{\"@type\":\"BreadcrumbList\",\"@id\":\"https:\/\/www.africa-press.net\/cotedivoire\/politique\/nigeria-abuja-renonce-aux-taxes-pour-les-ambassades-proposition-de-jumelage-entre-abuja-et-yamoussoukro#breadcrumb\",\"itemListElement\":[{\"@type\":\"ListItem\",\"position\":1,\"name\":\"Accueil\",\"item\":\"https:\/\/www.africa-press.net\/cotedivoire\/\"},{\"@type\":\"ListItem\",\"position\":2,\"name\":\"Nigeria- Abuja renonce aux taxes pour les ambassades, proposition de jumelage entre Abuja et Yamoussoukro\"}]},{\"@type\":\"WebSite\",\"@id\":\"https:\/\/www.africa-press.net\/cotedivoire\/#website\",\"url\":\"https:\/\/www.africa-press.net\/cotedivoire\/\",\"name\":\"C\u00f4te d&#039;Ivoire\",\"description\":\"Just another Africa News Agency Sites site\",\"potentialAction\":[{\"@type\":\"SearchAction\",\"target\":{\"@type\":\"EntryPoint\",\"urlTemplate\":\"https:\/\/www.africa-press.net\/cotedivoire\/?s={search_term_string}\"},\"query-input\":{\"@type\":\"PropertyValueSpecification\",\"valueRequired\":true,\"valueName\":\"search_term_string\"}}],\"inLanguage\":\"fr-FR\"},{\"@type\":\"Person\",\"@id\":\"https:\/\/www.africa-press.net\/cotedivoire\/#\/schema\/person\/2b1cf3cd81a31e3cd26889ca66d677f1\",\"name\":\"cfeditorfr\"}]}<\/script>\n<!-- \/ Yoast SEO Premium plugin. -->","yoast_head_json":{"title":"Nigeria- Abuja renonce aux taxes pour les ambassades, proposition de jumelage entre Abuja et Yamoussoukro - C\u00f4te d&#039;Ivoire","description":"Le ministre du Territoire de la capitale fe\u0301de\u0301rale (FCT) Abuja, Me Ezenwo Nyesom Wike, a re\u0301ve\u0301le\u0301 que le FCTA renoncer ...","robots":{"index":"index","follow":"follow","max-snippet":"max-snippet:-1","max-image-preview":"max-image-preview:large","max-video-preview":"max-video-preview:-1"},"canonical":"https:\/\/www.africa-press.net\/cotedivoire\/politique\/nigeria-abuja-renonce-aux-taxes-pour-les-ambassades-proposition-de-jumelage-entre-abuja-et-yamoussoukro","og_locale":"fr_FR","og_type":"article","og_title":"Nigeria- Abuja renonce aux taxes pour les ambassades, proposition de jumelage entre Abuja et Yamoussoukro","og_description":"Le ministre du Territoire de la capitale fe\u0301de\u0301rale (FCT) Abuja, Me Ezenwo Nyesom Wike, a re\u0301ve\u0301le\u0301 que le FCTA renoncer ...","og_url":"https:\/\/www.africa-press.net\/cotedivoire\/politique\/nigeria-abuja-renonce-aux-taxes-pour-les-ambassades-proposition-de-jumelage-entre-abuja-et-yamoussoukro","og_site_name":"C\u00f4te d&#039;Ivoire","article_published_time":"2024-04-25T17:02:09+00:00","article_modified_time":"2024-04-25T18:23:41+00:00","og_image":[{"width":720,"height":336,"url":"https:\/\/static.africa-press.net\/cote\/sites\/43\/2024\/04\/sm_1714056746.132715.jpg","type":"image\/jpeg"}],"author":"cfeditorfr","twitter_card":"summary_large_image","twitter_misc":{"\u00c9crit par":"cfeditorfr","Dur\u00e9e de lecture estim\u00e9e":"3 minutes"},"schema":{"@context":"https:\/\/schema.org","@graph":[{"@type":"Article","@id":"https:\/\/www.africa-press.net\/cotedivoire\/politique\/nigeria-abuja-renonce-aux-taxes-pour-les-ambassades-proposition-de-jumelage-entre-abuja-et-yamoussoukro#article","isPartOf":{"@id":"https:\/\/www.africa-press.net\/cotedivoire\/politique\/nigeria-abuja-renonce-aux-taxes-pour-les-ambassades-proposition-de-jumelage-entre-abuja-et-yamoussoukro"},"author":{"name":"cfeditorfr","@id":"https:\/\/www.africa-press.net\/cotedivoire\/#\/schema\/person\/2b1cf3cd81a31e3cd26889ca66d677f1"},"headline":"Nigeria- Abuja renonce aux taxes pour les ambassades, proposition de jumelage entre Abuja et Yamoussoukro","datePublished":"2024-04-25T17:02:09+00:00","dateModified":"2024-04-25T18:23:41+00:00","mainEntityOfPage":{"@id":"https:\/\/www.africa-press.net\/cotedivoire\/politique\/nigeria-abuja-renonce-aux-taxes-pour-les-ambassades-proposition-de-jumelage-entre-abuja-et-yamoussoukro"},"wordCount":491,"commentCount":0,"image":{"@id":"https:\/\/www.africa-press.net\/cotedivoire\/politique\/nigeria-abuja-renonce-aux-taxes-pour-les-ambassades-proposition-de-jumelage-entre-abuja-et-yamoussoukro#primaryimage"},"thumbnailUrl":"https:\/\/static.africa-press.net\/cote\/sites\/43\/2024\/04\/sm_1714056746.132715.jpg","keywords":["Abuja","Africa Press","Africa Press-C\u00f4te d'Ivoire","C\u00d4TE D'IVOIRE","Kalilou Traor\u00e9","Nigeria"],"articleSection":["Politique","to-homepage","Top Nouvelles","Toutes les actualit\u00e9s"],"inLanguage":"fr-FR","potentialAction":[{"@type":"CommentAction","name":"Comment","target":["https:\/\/www.africa-press.net\/cotedivoire\/politique\/nigeria-abuja-renonce-aux-taxes-pour-les-ambassades-proposition-de-jumelage-entre-abuja-et-yamoussoukro#respond"]}]},{"@type":"WebPage","@id":"https:\/\/www.africa-press.net\/cotedivoire\/politique\/nigeria-abuja-renonce-aux-taxes-pour-les-ambassades-proposition-de-jumelage-entre-abuja-et-yamoussoukro","url":"https:\/\/www.africa-press.net\/cotedivoire\/politique\/nigeria-abuja-renonce-aux-taxes-pour-les-ambassades-proposition-de-jumelage-entre-abuja-et-yamoussoukro","name":"Nigeria- Abuja renonce aux taxes pour les ambassades, proposition de jumelage entre Abuja et Yamoussoukro - C\u00f4te d&#039;Ivoire","isPartOf":{"@id":"https:\/\/www.africa-press.net\/cotedivoire\/#website"},"primaryImageOfPage":{"@id":"https:\/\/www.africa-press.net\/cotedivoire\/politique\/nigeria-abuja-renonce-aux-taxes-pour-les-ambassades-proposition-de-jumelage-entre-abuja-et-yamoussoukro#primaryimage"},"image":{"@id":"https:\/\/www.africa-press.net\/cotedivoire\/politique\/nigeria-abuja-renonce-aux-taxes-pour-les-ambassades-proposition-de-jumelage-entre-abuja-et-yamoussoukro#primaryimage"},"thumbnailUrl":"https:\/\/static.africa-press.net\/cote\/sites\/43\/2024\/04\/sm_1714056746.132715.jpg","datePublished":"2024-04-25T17:02:09+00:00","dateModified":"2024-04-25T18:23:41+00:00","author":{"@id":"https:\/\/www.africa-press.net\/cotedivoire\/#\/schema\/person\/2b1cf3cd81a31e3cd26889ca66d677f1"},"description":"Le ministre du Territoire de la capitale fe\u0301de\u0301rale (FCT) Abuja, Me Ezenwo Nyesom Wike, a re\u0301ve\u0301le\u0301 que le FCTA renoncer ...","breadcrumb":{"@id":"https:\/\/www.africa-press.net\/cotedivoire\/politique\/nigeria-abuja-renonce-aux-taxes-pour-les-ambassades-proposition-de-jumelage-entre-abuja-et-yamoussoukro#breadcrumb"},"inLanguage":"fr-FR","potentialAction":[{"@type":"ReadAction","target":["https:\/\/www.africa-press.net\/cotedivoire\/politique\/nigeria-abuja-renonce-aux-taxes-pour-les-ambassades-proposition-de-jumelage-entre-abuja-et-yamoussoukro"]}]},{"@type":"ImageObject","inLanguage":"fr-FR","@id":"https:\/\/www.africa-press.net\/cotedivoire\/politique\/nigeria-abuja-renonce-aux-taxes-pour-les-ambassades-proposition-de-jumelage-entre-abuja-et-yamoussoukro#primaryimage","url":"https:\/\/static.africa-press.net\/cote\/sites\/43\/2024\/04\/sm_1714056746.132715.jpg","contentUrl":"https:\/\/static.africa-press.net\/cote\/sites\/43\/2024\/04\/sm_1714056746.132715.jpg","width":720,"height":336,"caption":"Nigeria- Abuja renonce aux taxes pour les ambassades, proposition de jumelage entre Abuja et Yamoussoukro"},{"@type":"BreadcrumbList","@id":"https:\/\/www.africa-press.net\/cotedivoire\/politique\/nigeria-abuja-renonce-aux-taxes-pour-les-ambassades-proposition-de-jumelage-entre-abuja-et-yamoussoukro#breadcrumb","itemListElement":[{"@type":"ListItem","position":1,"name":"Accueil","item":"https:\/\/www.africa-press.net\/cotedivoire\/"},{"@type":"ListItem","position":2,"name":"Nigeria- Abuja renonce aux taxes pour les ambassades, proposition de jumelage entre Abuja et Yamoussoukro"}]},{"@type":"WebSite","@id":"https:\/\/www.africa-press.net\/cotedivoire\/#website","url":"https:\/\/www.africa-press.net\/cotedivoire\/","name":"C\u00f4te d&#039;Ivoire","description":"Just another Africa News Agency Sites site","potentialAction":[{"@type":"SearchAction","target":{"@type":"EntryPoint","urlTemplate":"https:\/\/www.africa-press.net\/cotedivoire\/?s={search_term_string}"},"query-input":{"@type":"PropertyValueSpecification","valueRequired":true,"valueName":"search_term_string"}}],"inLanguage":"fr-FR"},{"@type":"Person","@id":"https:\/\/www.africa-press.net\/cotedivoire\/#\/schema\/person\/2b1cf3cd81a31e3cd26889ca66d677f1","name":"cfeditorfr"}]}},"_links":{"self":[{"href":"https:\/\/www.africa-press.net\/cotedivoire\/wp-json\/wp\/v2\/posts\/78822","targetHints":{"allow":["GET"]}}],"collection":[{"href":"https:\/\/www.africa-press.net\/cotedivoire\/wp-json\/wp\/v2\/posts"}],"about":[{"href":"https:\/\/www.africa-press.net\/cotedivoire\/wp-json\/wp\/v2\/types\/post"}],"author":[{"embeddable":true,"href":"https:\/\/www.africa-press.net\/cotedivoire\/wp-json\/wp\/v2\/users\/82"}],"replies":[{"embeddable":true,"href":"https:\/\/www.africa-press.net\/cotedivoire\/wp-json\/wp\/v2\/comments?post=78822"}],"version-history":[{"count":0,"href":"https:\/\/www.africa-press.net\/cotedivoire\/wp-json\/wp\/v2\/posts\/78822\/revisions"}],"wp:featuredmedia":[{"embeddable":true,"href":"https:\/\/www.africa-press.net\/cotedivoire\/wp-json\/wp\/v2\/media\/78821"}],"wp:attachment":[{"href":"https:\/\/www.africa-press.net\/cotedivoire\/wp-json\/wp\/v2\/media?parent=78822"}],"wp:term":[{"taxonomy":"category","embeddable":true,"href":"https:\/\/www.africa-press.net\/cotedivoire\/wp-json\/wp\/v2\/categories?post=78822"},{"taxonomy":"post_tag","embeddable":true,"href":"https:\/\/www.africa-press.net\/cotedivoire\/wp-json\/wp\/v2\/tags?post=78822"}],"curies":[{"name":"wp","href":"https:\/\/api.w.org\/{rel}","templated":true}]}}