{"id":7894,"date":"2021-05-18T15:06:20","date_gmt":"2021-05-18T15:06:20","guid":{"rendered":"https:\/\/www.africa-press.net\/cotedivoire\/?p=7894"},"modified":"2021-05-18T16:31:48","modified_gmt":"2021-05-18T16:31:48","slug":"cote-divoire-avant-le-proces-des-pro-soro-alain-lobognon-se-met-en-retrait-de-la-politique","status":"publish","type":"post","link":"https:\/\/www.africa-press.net\/cotedivoire\/politique\/cote-divoire-avant-le-proces-des-pro-soro-alain-lobognon-se-met-en-retrait-de-la-politique","title":{"rendered":"avant le proc\u00e8s des pro-Soro, Alain Lobognon se met en retrait de la politique"},"content":{"rendered":"<p><span style=\"color: #ff6600\"><strong><a href=\"https:\/\/www.africa-press.net\/\">Africa-Press<\/a> &#8211; <a href=\"https:\/\/www.africa-press.net\/cotedivoire\">C\u00f4te d&rsquo;Ivoire<\/a>. <\/strong><\/span>Guillaume Soro et une vingtaine de ses proches seront jug\u00e9s ce mercredi pour atteinte \u00e0 l\u2019autorit\u00e9 de l\u2019\u00c9tat. Parmi eux, le d\u00e9put\u00e9 Alain Lobognon, incarc\u00e9r\u00e9 depuis d\u00e9cembre 2019, qui annonce prendre ses distances avec son ancienne formation politique.<\/p>\n<p>Il a choisi de \u00ab compara\u00eetre en homme politique affubl\u00e9 d\u2019aucune appartenance politique \u00bb. \u00c0 quelques jours de l\u2019ouverture de son proc\u00e8s, l\u2019ancien d\u00e9put\u00e9 Alain Lobognon a annonc\u00e9 sa d\u00e9mission de toutes les instances du Mouvement pour la promotion des valeurs nouvelles en C\u00f4te d\u2019Ivoire (MVCI), un mouvement un temps proche de celui de Guillaume Soro, G\u00e9n\u00e9rations et peuples solidaires (GPS).<\/p>\n<p>L\u2019ancien ministre des Sports d\u2019Alassane Ouattara affirme, dans un communiqu\u00e9 sign\u00e9 de son porte-parole, Jean-Paul Beugrefoh, avoir \u00ab partag\u00e9 joie et plaisir de militer aux c\u00f4t\u00e9s de plusieurs amis, fr\u00e8res et camarades pour l\u2019engagement de valeurs nouvelles en C\u00f4te d\u2019Ivoire \u00bb et partir \u00ab le c\u0153ur l\u00e9ger, sans regret ni ranc\u0153ur \u00bb. Se d\u00e9finissant comme un \u00ab prisonnier politique \u00bb, il affirme vouloir \u00ab disposer de sa totale libert\u00e9, au moment o\u00f9 va s\u2019ouvrir le proc\u00e8s \u00bb.<\/p>\n<p><b>L\u2019espoir d\u2019un geste politique<\/b><\/p>\n<p>Emprisonn\u00e9 depuis le mois de d\u00e9cembre 2019, Alain Lobognon comparaitra en effet ce mercredi 19 mai devant le tribunal criminel d\u2019Abidjan pour r\u00e9pondre des charges d\u2019atteinte \u00e0 l\u2019autorit\u00e9 de l\u2019\u00c9tat, de complot et de diffusion de fausses informations tendant \u00e0 jeter le discr\u00e9dit sur les institutions et le moral des populations.<\/p>\n<p>Il encoure la prison \u00e0 vie mais son \u00e9pouse, Amira Lobognon, le dit \u00ab serein \u00bb, impatient d\u2019en d\u00e9coudre avec la justice et de pouvoir enfin s\u2019expliquer. \u00ab Il attend ce proc\u00e8s depuis des mois \u00bb, assure-t-elle, expliquant esp\u00e9rer \u00ab un geste du pr\u00e9sident \u00bb afin que son mari \u00ab retrouve ses enfants et sa famille \u00bb. Dans ce proc\u00e8s, l\u2019ancien d\u00e9put\u00e9 a d\u00e9cid\u00e9 de ne pas \u00eatre repr\u00e9sent\u00e9 par un avocat \u00ab compte tenu des violations des proc\u00e9dures constitutionnelles et judiciaires \u00bb, pr\u00e9cise-t-elle.<\/p>\n<p><b>Le \u00ab clan soro\u00efste \u00bb en proc\u00e8s<\/b><\/p>\n<p>L\u2019ancien pr\u00e9sident de l\u2019Assembl\u00e9e nationale Guillaume Soro, en exil depuis sa tentative de retour avort\u00e9 \u00e0 Abidjan le 23 d\u00e9cembre 2019 et sous le coup d\u2019un mandat d\u2019arr\u00eat international, est \u00e9galement poursuivi dans ce dossier, ainsi qu\u2019une vingtaine de ses proches. Parmi eux, ses fr\u00e8res cadets, Rigobert et Simon Soro, ainsi que son ancien directeur de protocole, Souleymane Kamagat\u00e9, dit \u00ab Soul to Soul \u00bb \u2013 ils sont incarc\u00e9r\u00e9s en C\u00f4te d\u2019Ivoire. \u00c9galement poursuivis, son avocate, l\u2019ancienne ministre Affoussiata Bamba Lamine, son ex-directeur de la communication, Moussa Tour\u00e9, son aide de camp, Abdoulaye Fofana, et l\u2019ancien d\u00e9put\u00e9 Issiaka Fofana sont pour leur part en exil.<\/p>\n<p>C\u2019est donc le proc\u00e8s du clan Soro qui s\u2019appr\u00eate \u00e0 s\u2019ouvrir \u00e0 Abidjan, alors que GPS est exsangue. Outre les cadres en exil ou incarc\u00e9r\u00e9s, certains ont choisi de rallier le camp pr\u00e9sidentiel, \u00e0 l\u2019image de Kanigui Soro Mamadou, qui avait ralli\u00e9 Alassane Ouattara juste avant la pr\u00e9sidentielle d\u2019octobre 2020, ou encore d\u2019Alphonse Soro, qui a annonc\u00e9 qu\u2019il soutenait d\u00e9sormais le chef de l\u2019\u00c9tat.<\/p>\n<p>Dans le m\u00eame temps, tandis que les tractations sont toujours en cours en vue du retour de l\u2019ancien pr\u00e9sident Laurent Gbagbo \u00e0 Abidjan, les gestes d\u2019apaisement se multiplient entre Alassane Ouattara et Henri Konan B\u00e9di\u00e9, le pr\u00e9sident du Parti d\u00e9mocratique de C\u00f4te d\u2019Ivoire PDCI), laissant entrevoir une marginalisation accrue de l\u2019ancien chef de la r\u00e9bellion des Forces nouvelles sur la sc\u00e8ne politique ivoirienne.<\/p>\n<p>En avril 2020, ce dernier avait \u00e9t\u00e9 reconnu coupable de recel de deniers publics d\u00e9tourn\u00e9s et de blanchiment de capitaux. Il a \u00e9t\u00e9 condamn\u00e9 \u00e0 20 ans de prison ferme, \u00e0 4,5 milliards de francs CFA d\u2019amende et \u00e0 la privation de ses droits civiques pour une p\u00e9riode de cinq ans.<\/p>\n","protected":false},"excerpt":{"rendered":"<p>Africa-Press &#8211; C\u00f4te d&rsquo;Ivoire. Guillaume Soro et une vingtaine de ses proches seront jug\u00e9s ce mercredi pour atteinte \u00e0 l\u2019autorit\u00e9 de l\u2019\u00c9tat. Parmi eux, le d\u00e9put\u00e9 Alain Lobognon, incarc\u00e9r\u00e9 depuis d\u00e9cembre 2019, qui annonce prendre ses distances avec son ancienne formation politique. Il a choisi de \u00ab compara\u00eetre en homme politique affubl\u00e9 d\u2019aucune appartenance politique [&hellip;]<\/p>\n","protected":false},"author":82,"featured_media":7893,"comment_status":"open","ping_status":"closed","sticky":false,"template":"","format":"standard","meta":{"footnotes":""},"categories":[11,2,20,10],"tags":[56,63,29],"class_list":["post-7894","post","type-post","status-publish","format-standard","has-post-thumbnail","hentry","category-homepage-french","category-politique","category-top-nouvelles","category-toutes-les-actualites","tag-africa-press","tag-africa-press-cote-divoire","tag-cote-divoire"],"yoast_head":"<!-- This site is optimized with the Yoast SEO Premium plugin v26.1 (Yoast SEO v27.0) - https:\/\/yoast.com\/product\/yoast-seo-premium-wordpress\/ -->\n<title>avant le proc\u00e8s des pro-Soro, Alain Lobognon se met en retrait de la politique - C\u00f4te d&#039;Ivoire<\/title>\n<meta name=\"description\" content=\"Guillaume Soro et une vingtaine de ses proches seront jug\u00e9s ce mercredi pour atteinte \u00e0 l\u2019autorit\u00e9 de l\u2019\u00c9tat. Parmi eux, ...\" \/>\n<meta name=\"robots\" content=\"index, follow, max-snippet:-1, max-image-preview:large, max-video-preview:-1\" \/>\n<link rel=\"canonical\" href=\"http:\/\/www.africa-press.net\/cotedivoire\/politique\/cote-divoire-avant-le-proces-des-pro-soro-alain-lobognon-se-met-en-retrait-de-la-politique\" \/>\n<meta property=\"og:locale\" content=\"fr_FR\" \/>\n<meta property=\"og:type\" content=\"article\" \/>\n<meta property=\"og:title\" content=\"avant le proc\u00e8s des pro-Soro, Alain Lobognon se met en retrait de la politique\" \/>\n<meta property=\"og:description\" content=\"Guillaume Soro et une vingtaine de ses proches seront jug\u00e9s ce mercredi pour atteinte \u00e0 l\u2019autorit\u00e9 de l\u2019\u00c9tat. Parmi eux, ...\" \/>\n<meta property=\"og:url\" content=\"http:\/\/www.africa-press.net\/cotedivoire\/politique\/cote-divoire-avant-le-proces-des-pro-soro-alain-lobognon-se-met-en-retrait-de-la-politique\" \/>\n<meta property=\"og:site_name\" content=\"C\u00f4te d&#039;Ivoire\" \/>\n<meta property=\"article:published_time\" content=\"2021-05-18T15:06:20+00:00\" \/>\n<meta property=\"article:modified_time\" content=\"2021-05-18T16:31:48+00:00\" \/>\n<meta property=\"og:image\" content=\"https:\/\/static.africa-press.net\/cote\/sites\/43\/2021\/05\/img-60a3d6014a44f.jpg\" \/>\n\t<meta property=\"og:image:width\" content=\"720\" \/>\n\t<meta property=\"og:image:height\" content=\"360\" \/>\n\t<meta property=\"og:image:type\" content=\"image\/jpeg\" \/>\n<meta name=\"author\" content=\"cfeditorfr\" \/>\n<meta name=\"twitter:card\" content=\"summary_large_image\" \/>\n<meta name=\"twitter:label1\" content=\"\u00c9crit par\" \/>\n\t<meta name=\"twitter:data1\" content=\"cfeditorfr\" \/>\n\t<meta name=\"twitter:label2\" content=\"Dur\u00e9e de lecture estim\u00e9e\" \/>\n\t<meta name=\"twitter:data2\" content=\"3 minutes\" \/>\n<script type=\"application\/ld+json\" class=\"yoast-schema-graph\">{\"@context\":\"https:\/\/schema.org\",\"@graph\":[{\"@type\":\"Article\",\"@id\":\"http:\/\/www.africa-press.net\/cotedivoire\/politique\/cote-divoire-avant-le-proces-des-pro-soro-alain-lobognon-se-met-en-retrait-de-la-politique#article\",\"isPartOf\":{\"@id\":\"http:\/\/www.africa-press.net\/cotedivoire\/politique\/cote-divoire-avant-le-proces-des-pro-soro-alain-lobognon-se-met-en-retrait-de-la-politique\"},\"author\":{\"name\":\"cfeditorfr\",\"@id\":\"https:\/\/www.africa-press.net\/cotedivoire\/#\/schema\/person\/2b1cf3cd81a31e3cd26889ca66d677f1\"},\"headline\":\"avant le proc\u00e8s des pro-Soro, Alain Lobognon se met en retrait de la politique\",\"datePublished\":\"2021-05-18T15:06:20+00:00\",\"dateModified\":\"2021-05-18T16:31:48+00:00\",\"mainEntityOfPage\":{\"@id\":\"http:\/\/www.africa-press.net\/cotedivoire\/politique\/cote-divoire-avant-le-proces-des-pro-soro-alain-lobognon-se-met-en-retrait-de-la-politique\"},\"wordCount\":682,\"commentCount\":0,\"image\":{\"@id\":\"http:\/\/www.africa-press.net\/cotedivoire\/politique\/cote-divoire-avant-le-proces-des-pro-soro-alain-lobognon-se-met-en-retrait-de-la-politique#primaryimage\"},\"thumbnailUrl\":\"https:\/\/static.africa-press.net\/cote\/sites\/43\/2021\/05\/img-60a3d6014a44f.jpg\",\"keywords\":[\"Africa Press\",\"Africa Press-C\u00f4te d'Ivoire\",\"C\u00d4TE D'IVOIRE\"],\"articleSection\":[\"homepage-french\",\"Politique\",\"Top Nouvelles\",\"Toutes les actualit\u00e9s\"],\"inLanguage\":\"fr-FR\",\"potentialAction\":[{\"@type\":\"CommentAction\",\"name\":\"Comment\",\"target\":[\"http:\/\/www.africa-press.net\/cotedivoire\/politique\/cote-divoire-avant-le-proces-des-pro-soro-alain-lobognon-se-met-en-retrait-de-la-politique#respond\"]}]},{\"@type\":\"WebPage\",\"@id\":\"http:\/\/www.africa-press.net\/cotedivoire\/politique\/cote-divoire-avant-le-proces-des-pro-soro-alain-lobognon-se-met-en-retrait-de-la-politique\",\"url\":\"http:\/\/www.africa-press.net\/cotedivoire\/politique\/cote-divoire-avant-le-proces-des-pro-soro-alain-lobognon-se-met-en-retrait-de-la-politique\",\"name\":\"avant le proc\u00e8s des pro-Soro, Alain Lobognon se met en retrait de la politique - C\u00f4te d&#039;Ivoire\",\"isPartOf\":{\"@id\":\"https:\/\/www.africa-press.net\/cotedivoire\/#website\"},\"primaryImageOfPage\":{\"@id\":\"http:\/\/www.africa-press.net\/cotedivoire\/politique\/cote-divoire-avant-le-proces-des-pro-soro-alain-lobognon-se-met-en-retrait-de-la-politique#primaryimage\"},\"image\":{\"@id\":\"http:\/\/www.africa-press.net\/cotedivoire\/politique\/cote-divoire-avant-le-proces-des-pro-soro-alain-lobognon-se-met-en-retrait-de-la-politique#primaryimage\"},\"thumbnailUrl\":\"https:\/\/static.africa-press.net\/cote\/sites\/43\/2021\/05\/img-60a3d6014a44f.jpg\",\"datePublished\":\"2021-05-18T15:06:20+00:00\",\"dateModified\":\"2021-05-18T16:31:48+00:00\",\"author\":{\"@id\":\"https:\/\/www.africa-press.net\/cotedivoire\/#\/schema\/person\/2b1cf3cd81a31e3cd26889ca66d677f1\"},\"description\":\"Guillaume Soro et une vingtaine de ses proches seront jug\u00e9s ce mercredi pour atteinte \u00e0 l\u2019autorit\u00e9 de l\u2019\u00c9tat. Parmi eux, ...\",\"breadcrumb\":{\"@id\":\"http:\/\/www.africa-press.net\/cotedivoire\/politique\/cote-divoire-avant-le-proces-des-pro-soro-alain-lobognon-se-met-en-retrait-de-la-politique#breadcrumb\"},\"inLanguage\":\"fr-FR\",\"potentialAction\":[{\"@type\":\"ReadAction\",\"target\":[\"http:\/\/www.africa-press.net\/cotedivoire\/politique\/cote-divoire-avant-le-proces-des-pro-soro-alain-lobognon-se-met-en-retrait-de-la-politique\"]}]},{\"@type\":\"ImageObject\",\"inLanguage\":\"fr-FR\",\"@id\":\"http:\/\/www.africa-press.net\/cotedivoire\/politique\/cote-divoire-avant-le-proces-des-pro-soro-alain-lobognon-se-met-en-retrait-de-la-politique#primaryimage\",\"url\":\"https:\/\/static.africa-press.net\/cote\/sites\/43\/2021\/05\/img-60a3d6014a44f.jpg\",\"contentUrl\":\"https:\/\/static.africa-press.net\/cote\/sites\/43\/2021\/05\/img-60a3d6014a44f.jpg\",\"width\":720,\"height\":360,\"caption\":\"C\u00f4te d\u2019Ivoire : avant le proc\u00e8s des pro-Soro, Alain Lobognon se met en retrait de la politique\"},{\"@type\":\"BreadcrumbList\",\"@id\":\"http:\/\/www.africa-press.net\/cotedivoire\/politique\/cote-divoire-avant-le-proces-des-pro-soro-alain-lobognon-se-met-en-retrait-de-la-politique#breadcrumb\",\"itemListElement\":[{\"@type\":\"ListItem\",\"position\":1,\"name\":\"Accueil\",\"item\":\"https:\/\/www.africa-press.net\/cotedivoire\/\"},{\"@type\":\"ListItem\",\"position\":2,\"name\":\"avant le proc\u00e8s des pro-Soro, Alain Lobognon se met en retrait de la politique\"}]},{\"@type\":\"WebSite\",\"@id\":\"https:\/\/www.africa-press.net\/cotedivoire\/#website\",\"url\":\"https:\/\/www.africa-press.net\/cotedivoire\/\",\"name\":\"C\u00f4te d&#039;Ivoire\",\"description\":\"Just another Africa News Agency Sites site\",\"potentialAction\":[{\"@type\":\"SearchAction\",\"target\":{\"@type\":\"EntryPoint\",\"urlTemplate\":\"https:\/\/www.africa-press.net\/cotedivoire\/?s={search_term_string}\"},\"query-input\":{\"@type\":\"PropertyValueSpecification\",\"valueRequired\":true,\"valueName\":\"search_term_string\"}}],\"inLanguage\":\"fr-FR\"},{\"@type\":\"Person\",\"@id\":\"https:\/\/www.africa-press.net\/cotedivoire\/#\/schema\/person\/2b1cf3cd81a31e3cd26889ca66d677f1\",\"name\":\"cfeditorfr\"}]}<\/script>\n<!-- \/ Yoast SEO Premium plugin. -->","yoast_head_json":{"title":"avant le proc\u00e8s des pro-Soro, Alain Lobognon se met en retrait de la politique - C\u00f4te d&#039;Ivoire","description":"Guillaume Soro et une vingtaine de ses proches seront jug\u00e9s ce mercredi pour atteinte \u00e0 l\u2019autorit\u00e9 de l\u2019\u00c9tat. Parmi eux, ...","robots":{"index":"index","follow":"follow","max-snippet":"max-snippet:-1","max-image-preview":"max-image-preview:large","max-video-preview":"max-video-preview:-1"},"canonical":"http:\/\/www.africa-press.net\/cotedivoire\/politique\/cote-divoire-avant-le-proces-des-pro-soro-alain-lobognon-se-met-en-retrait-de-la-politique","og_locale":"fr_FR","og_type":"article","og_title":"avant le proc\u00e8s des pro-Soro, Alain Lobognon se met en retrait de la politique","og_description":"Guillaume Soro et une vingtaine de ses proches seront jug\u00e9s ce mercredi pour atteinte \u00e0 l\u2019autorit\u00e9 de l\u2019\u00c9tat. Parmi eux, ...","og_url":"http:\/\/www.africa-press.net\/cotedivoire\/politique\/cote-divoire-avant-le-proces-des-pro-soro-alain-lobognon-se-met-en-retrait-de-la-politique","og_site_name":"C\u00f4te d&#039;Ivoire","article_published_time":"2021-05-18T15:06:20+00:00","article_modified_time":"2021-05-18T16:31:48+00:00","og_image":[{"width":720,"height":360,"url":"https:\/\/static.africa-press.net\/cote\/sites\/43\/2021\/05\/img-60a3d6014a44f.jpg","type":"image\/jpeg"}],"author":"cfeditorfr","twitter_card":"summary_large_image","twitter_misc":{"\u00c9crit par":"cfeditorfr","Dur\u00e9e de lecture estim\u00e9e":"3 minutes"},"schema":{"@context":"https:\/\/schema.org","@graph":[{"@type":"Article","@id":"http:\/\/www.africa-press.net\/cotedivoire\/politique\/cote-divoire-avant-le-proces-des-pro-soro-alain-lobognon-se-met-en-retrait-de-la-politique#article","isPartOf":{"@id":"http:\/\/www.africa-press.net\/cotedivoire\/politique\/cote-divoire-avant-le-proces-des-pro-soro-alain-lobognon-se-met-en-retrait-de-la-politique"},"author":{"name":"cfeditorfr","@id":"https:\/\/www.africa-press.net\/cotedivoire\/#\/schema\/person\/2b1cf3cd81a31e3cd26889ca66d677f1"},"headline":"avant le proc\u00e8s des pro-Soro, Alain Lobognon se met en retrait de la politique","datePublished":"2021-05-18T15:06:20+00:00","dateModified":"2021-05-18T16:31:48+00:00","mainEntityOfPage":{"@id":"http:\/\/www.africa-press.net\/cotedivoire\/politique\/cote-divoire-avant-le-proces-des-pro-soro-alain-lobognon-se-met-en-retrait-de-la-politique"},"wordCount":682,"commentCount":0,"image":{"@id":"http:\/\/www.africa-press.net\/cotedivoire\/politique\/cote-divoire-avant-le-proces-des-pro-soro-alain-lobognon-se-met-en-retrait-de-la-politique#primaryimage"},"thumbnailUrl":"https:\/\/static.africa-press.net\/cote\/sites\/43\/2021\/05\/img-60a3d6014a44f.jpg","keywords":["Africa Press","Africa Press-C\u00f4te d'Ivoire","C\u00d4TE D'IVOIRE"],"articleSection":["homepage-french","Politique","Top Nouvelles","Toutes les actualit\u00e9s"],"inLanguage":"fr-FR","potentialAction":[{"@type":"CommentAction","name":"Comment","target":["http:\/\/www.africa-press.net\/cotedivoire\/politique\/cote-divoire-avant-le-proces-des-pro-soro-alain-lobognon-se-met-en-retrait-de-la-politique#respond"]}]},{"@type":"WebPage","@id":"http:\/\/www.africa-press.net\/cotedivoire\/politique\/cote-divoire-avant-le-proces-des-pro-soro-alain-lobognon-se-met-en-retrait-de-la-politique","url":"http:\/\/www.africa-press.net\/cotedivoire\/politique\/cote-divoire-avant-le-proces-des-pro-soro-alain-lobognon-se-met-en-retrait-de-la-politique","name":"avant le proc\u00e8s des pro-Soro, Alain Lobognon se met en retrait de la politique - C\u00f4te d&#039;Ivoire","isPartOf":{"@id":"https:\/\/www.africa-press.net\/cotedivoire\/#website"},"primaryImageOfPage":{"@id":"http:\/\/www.africa-press.net\/cotedivoire\/politique\/cote-divoire-avant-le-proces-des-pro-soro-alain-lobognon-se-met-en-retrait-de-la-politique#primaryimage"},"image":{"@id":"http:\/\/www.africa-press.net\/cotedivoire\/politique\/cote-divoire-avant-le-proces-des-pro-soro-alain-lobognon-se-met-en-retrait-de-la-politique#primaryimage"},"thumbnailUrl":"https:\/\/static.africa-press.net\/cote\/sites\/43\/2021\/05\/img-60a3d6014a44f.jpg","datePublished":"2021-05-18T15:06:20+00:00","dateModified":"2021-05-18T16:31:48+00:00","author":{"@id":"https:\/\/www.africa-press.net\/cotedivoire\/#\/schema\/person\/2b1cf3cd81a31e3cd26889ca66d677f1"},"description":"Guillaume Soro et une vingtaine de ses proches seront jug\u00e9s ce mercredi pour atteinte \u00e0 l\u2019autorit\u00e9 de l\u2019\u00c9tat. Parmi eux, ...","breadcrumb":{"@id":"http:\/\/www.africa-press.net\/cotedivoire\/politique\/cote-divoire-avant-le-proces-des-pro-soro-alain-lobognon-se-met-en-retrait-de-la-politique#breadcrumb"},"inLanguage":"fr-FR","potentialAction":[{"@type":"ReadAction","target":["http:\/\/www.africa-press.net\/cotedivoire\/politique\/cote-divoire-avant-le-proces-des-pro-soro-alain-lobognon-se-met-en-retrait-de-la-politique"]}]},{"@type":"ImageObject","inLanguage":"fr-FR","@id":"http:\/\/www.africa-press.net\/cotedivoire\/politique\/cote-divoire-avant-le-proces-des-pro-soro-alain-lobognon-se-met-en-retrait-de-la-politique#primaryimage","url":"https:\/\/static.africa-press.net\/cote\/sites\/43\/2021\/05\/img-60a3d6014a44f.jpg","contentUrl":"https:\/\/static.africa-press.net\/cote\/sites\/43\/2021\/05\/img-60a3d6014a44f.jpg","width":720,"height":360,"caption":"C\u00f4te d\u2019Ivoire : avant le proc\u00e8s des pro-Soro, Alain Lobognon se met en retrait de la politique"},{"@type":"BreadcrumbList","@id":"http:\/\/www.africa-press.net\/cotedivoire\/politique\/cote-divoire-avant-le-proces-des-pro-soro-alain-lobognon-se-met-en-retrait-de-la-politique#breadcrumb","itemListElement":[{"@type":"ListItem","position":1,"name":"Accueil","item":"https:\/\/www.africa-press.net\/cotedivoire\/"},{"@type":"ListItem","position":2,"name":"avant le proc\u00e8s des pro-Soro, Alain Lobognon se met en retrait de la politique"}]},{"@type":"WebSite","@id":"https:\/\/www.africa-press.net\/cotedivoire\/#website","url":"https:\/\/www.africa-press.net\/cotedivoire\/","name":"C\u00f4te d&#039;Ivoire","description":"Just another Africa News Agency Sites site","potentialAction":[{"@type":"SearchAction","target":{"@type":"EntryPoint","urlTemplate":"https:\/\/www.africa-press.net\/cotedivoire\/?s={search_term_string}"},"query-input":{"@type":"PropertyValueSpecification","valueRequired":true,"valueName":"search_term_string"}}],"inLanguage":"fr-FR"},{"@type":"Person","@id":"https:\/\/www.africa-press.net\/cotedivoire\/#\/schema\/person\/2b1cf3cd81a31e3cd26889ca66d677f1","name":"cfeditorfr"}]}},"_links":{"self":[{"href":"https:\/\/www.africa-press.net\/cotedivoire\/wp-json\/wp\/v2\/posts\/7894","targetHints":{"allow":["GET"]}}],"collection":[{"href":"https:\/\/www.africa-press.net\/cotedivoire\/wp-json\/wp\/v2\/posts"}],"about":[{"href":"https:\/\/www.africa-press.net\/cotedivoire\/wp-json\/wp\/v2\/types\/post"}],"author":[{"embeddable":true,"href":"https:\/\/www.africa-press.net\/cotedivoire\/wp-json\/wp\/v2\/users\/82"}],"replies":[{"embeddable":true,"href":"https:\/\/www.africa-press.net\/cotedivoire\/wp-json\/wp\/v2\/comments?post=7894"}],"version-history":[{"count":0,"href":"https:\/\/www.africa-press.net\/cotedivoire\/wp-json\/wp\/v2\/posts\/7894\/revisions"}],"wp:featuredmedia":[{"embeddable":true,"href":"https:\/\/www.africa-press.net\/cotedivoire\/wp-json\/wp\/v2\/media\/7893"}],"wp:attachment":[{"href":"https:\/\/www.africa-press.net\/cotedivoire\/wp-json\/wp\/v2\/media?parent=7894"}],"wp:term":[{"taxonomy":"category","embeddable":true,"href":"https:\/\/www.africa-press.net\/cotedivoire\/wp-json\/wp\/v2\/categories?post=7894"},{"taxonomy":"post_tag","embeddable":true,"href":"https:\/\/www.africa-press.net\/cotedivoire\/wp-json\/wp\/v2\/tags?post=7894"}],"curies":[{"name":"wp","href":"https:\/\/api.w.org\/{rel}","templated":true}]}}