{"id":7897,"date":"2021-05-18T15:16:07","date_gmt":"2021-05-18T15:16:07","guid":{"rendered":"https:\/\/www.africa-press.net\/cotedivoire\/?p=7897"},"modified":"2021-05-18T16:31:57","modified_gmt":"2021-05-18T16:31:57","slug":"coupures-delectricite-en-cote-divoire-une-ong-demande-un-plan-de-dedommagements","status":"publish","type":"post","link":"https:\/\/www.africa-press.net\/cotedivoire\/economie\/coupures-delectricite-en-cote-divoire-une-ong-demande-un-plan-de-dedommagements","title":{"rendered":"Coupures d\u2019\u00e9lectricit\u00e9 en C\u00f4te-d\u2019Ivoire: Une ONG demande un plan de d\u00e9dommagements"},"content":{"rendered":"<p><span style=\"color: #ff6600\"><strong><a href=\"https:\/\/www.africa-press.net\/\">Africa-Press<\/a> &#8211; <a href=\"https:\/\/www.africa-press.net\/cotedivoire\">C\u00f4te d&rsquo;Ivoire<\/a>. <\/strong><\/span><b>Un plan de d\u00e9dommagement pour tous les d\u00e9sagr\u00e9ments exig\u00e9<\/b><\/p>\n<p>Dans une d\u00e9claration dont nous avons re\u00e7u copie ce lundi, Le Cri du Peuple, mouvement de la soci\u00e9t\u00e9 civile ivoirienne pr\u00e9sid\u00e9 par H\u00e9rode S\u00e9ri a exprim\u00e9 sa tr\u00e8s vive pr\u00e9occupation face aux coupures d\u2019\u00e9lectricit\u00e9. Une difficult\u00e9s pour les agents \u00e9conomiques aggrav\u00e9e par un plan de rationnement de la distribution de l\u2019\u00e9nergie \u00e9lectrique concoct\u00e9 par les autorit\u00e9s.<\/p>\n<p>Si le gouvernement explique ce dysfonctionnement par plusieurs raisons dont l\u2019ass\u00e8chement des barrages, des pannes m\u00e9caniques ou l\u2019insuffisance de gaz naturel pour faire fonctionner les turbines, le Cri du peuple y voit pour sa part, une erreur de gouvernance. Selon ce mouvement, cela aurait d\u00fb \u00eatre pr\u00e9vu \u00e0 travers une meilleure planification et un remplacement des \u00e9quipements v\u00e9tustes qui font perdre entre 140 et 200 M\u00e9gawatts de puissance \u00e0 notre production.<\/p>\n<p>Le mouvement pousse son indignation \u00e0 l\u2019id\u00e9e de savoir que des pays importateurs d\u2019\u00e9nergie de la C\u00f4te d\u2019Ivoire comme le Lib\u00e9ria, la Guin\u00e9e, le Mali et autres s\u2019en sortent mieux que notre pays o\u00f9 les d\u00e9lestages n\u2019\u00e9pargnent aucune localit\u00e9 du pays. \u00ab Comment expliquer un d\u00e9ficit \u00e9nerg\u00e9tique dans ce pays sans que les pays desservis ne soient touch\u00e9s par le d\u00e9lestage ? Le mal est consid\u00e9rablement profond. Que le gouvernement et la CIE disent toute la v\u00e9rit\u00e9 aux consommateurs car cette situation affecte les m\u00e9nages et le travail de nos concitoyens \u00bb, se braque-t-il.<\/p>\n<p>Il faut, a dit M. S\u00e9ri, en guise de solution imm\u00e9diate, que l\u2019Etat de C\u00f4te d\u2019Ivoire songe \u00e0 \u2013 r\u00e9duire la quantit\u00e9 d\u2019\u00e9nergie export\u00e9e vers les pays voisins \u2013 briser le monopole de la Compagnie ivoirienne d\u2019\u00e9lectricit\u00e9 en faisant rentrer d\u2019autres investisseurs dans le secteur \u2013 former des experts suffisamment outill\u00e9s pour faire promptement face aux difficult\u00e9s de cette nature.<\/p>\n<p>Pour lui, si l\u2019Etat est convaincu de ses solutions, il ne doit pas s\u2019arr\u00eater l\u00e0. \u00ab Le gouvernement doit penser \u00e0 la mise en place d\u2019un plan de d\u00e9dommagement des citoyens pour tous les d\u00e9sagr\u00e9ments caus\u00e9s \u00bb, prend-t-il fermement position. L\u2019ancien syndicaliste tient \u00e0 interpeller le gouvernement sur l\u2019urgence \u00e0 r\u00e9gler la situation. Faute de quoi, sonne-t-il l\u2019alerte, des actions de masse seront envisag\u00e9es avec tous ceux qui souffrent de cette crise de l\u2019\u00e9nergie.<\/p>\n<p>H\u00e9rode S\u00e9ri et son organisation donnent trois mois au gouvernement pour une solution, le m\u00eame d\u00e9lai annonc\u00e9 par les autorit\u00e9s pour venir \u00e0 bout du probl\u00e8me. \u00ab Le Cri du Peuple invite toute la population \u00e0 se tenir pr\u00eate les jours \u00e0 venir pour des actions de terrain afin d\u2019exprimer notre m\u00e9contentement si cette situation perdure car trop c\u2019est trop \u00bb, a lanc\u00e9 l\u2019ex-candidat \u00e0 la d\u00e9putation \u00e0 Vavoua.<\/p>\n<p>&nbsp;<\/p>\n","protected":false},"excerpt":{"rendered":"<p>Africa-Press &#8211; C\u00f4te d&rsquo;Ivoire. Un plan de d\u00e9dommagement pour tous les d\u00e9sagr\u00e9ments exig\u00e9 Dans une d\u00e9claration dont nous avons re\u00e7u copie ce lundi, Le Cri du Peuple, mouvement de la soci\u00e9t\u00e9 civile ivoirienne pr\u00e9sid\u00e9 par H\u00e9rode S\u00e9ri a exprim\u00e9 sa tr\u00e8s vive pr\u00e9occupation face aux coupures d\u2019\u00e9lectricit\u00e9. Une difficult\u00e9s pour les agents \u00e9conomiques aggrav\u00e9e par [&hellip;]<\/p>\n","protected":false},"author":82,"featured_media":7896,"comment_status":"open","ping_status":"closed","sticky":false,"template":"","format":"standard","meta":{"footnotes":""},"categories":[3,11,10],"tags":[56,63,29],"class_list":["post-7897","post","type-post","status-publish","format-standard","has-post-thumbnail","hentry","category-economie","category-homepage-french","category-toutes-les-actualites","tag-africa-press","tag-africa-press-cote-divoire","tag-cote-divoire"],"yoast_head":"<!-- This site is optimized with the Yoast SEO Premium plugin v26.1 (Yoast SEO v27.0) - https:\/\/yoast.com\/product\/yoast-seo-premium-wordpress\/ -->\n<title>Coupures d\u2019\u00e9lectricit\u00e9 en C\u00f4te-d\u2019Ivoire: Une ONG demande un plan de d\u00e9dommagements - C\u00f4te d&#039;Ivoire<\/title>\n<meta name=\"description\" content=\"Un plan de d\u00e9dommagement pour tous les d\u00e9sagr\u00e9ments exig\u00e9 Dans une d\u00e9claration dont nous avons re\u00e7u copie ce lun ...\" \/>\n<meta name=\"robots\" content=\"index, follow, max-snippet:-1, max-image-preview:large, max-video-preview:-1\" \/>\n<link rel=\"canonical\" href=\"https:\/\/www.africa-press.net\/cotedivoire\/economie\/coupures-delectricite-en-cote-divoire-une-ong-demande-un-plan-de-dedommagements\" \/>\n<meta property=\"og:locale\" content=\"fr_FR\" \/>\n<meta property=\"og:type\" content=\"article\" \/>\n<meta property=\"og:title\" content=\"Coupures d\u2019\u00e9lectricit\u00e9 en C\u00f4te-d\u2019Ivoire: Une ONG demande un plan de d\u00e9dommagements\" \/>\n<meta property=\"og:description\" content=\"Un plan de d\u00e9dommagement pour tous les d\u00e9sagr\u00e9ments exig\u00e9 Dans une d\u00e9claration dont nous avons re\u00e7u copie ce lun ...\" \/>\n<meta property=\"og:url\" content=\"https:\/\/www.africa-press.net\/cotedivoire\/economie\/coupures-delectricite-en-cote-divoire-une-ong-demande-un-plan-de-dedommagements\" \/>\n<meta property=\"og:site_name\" content=\"C\u00f4te d&#039;Ivoire\" \/>\n<meta property=\"article:published_time\" content=\"2021-05-18T15:16:07+00:00\" \/>\n<meta property=\"article:modified_time\" content=\"2021-05-18T16:31:57+00:00\" \/>\n<meta property=\"og:image\" content=\"https:\/\/static.africa-press.net\/cote\/sites\/43\/2021\/05\/img-60a3d62f150cb.jpg\" \/>\n\t<meta property=\"og:image:width\" content=\"720\" \/>\n\t<meta property=\"og:image:height\" content=\"965\" \/>\n\t<meta property=\"og:image:type\" content=\"image\/jpeg\" \/>\n<meta name=\"author\" content=\"cfeditorfr\" \/>\n<meta name=\"twitter:card\" content=\"summary_large_image\" \/>\n<meta name=\"twitter:label1\" content=\"\u00c9crit par\" \/>\n\t<meta name=\"twitter:data1\" content=\"cfeditorfr\" \/>\n\t<meta name=\"twitter:label2\" content=\"Dur\u00e9e de lecture estim\u00e9e\" \/>\n\t<meta name=\"twitter:data2\" content=\"2 minutes\" \/>\n<script type=\"application\/ld+json\" class=\"yoast-schema-graph\">{\"@context\":\"https:\/\/schema.org\",\"@graph\":[{\"@type\":\"Article\",\"@id\":\"https:\/\/www.africa-press.net\/cotedivoire\/economie\/coupures-delectricite-en-cote-divoire-une-ong-demande-un-plan-de-dedommagements#article\",\"isPartOf\":{\"@id\":\"https:\/\/www.africa-press.net\/cotedivoire\/economie\/coupures-delectricite-en-cote-divoire-une-ong-demande-un-plan-de-dedommagements\"},\"author\":{\"name\":\"cfeditorfr\",\"@id\":\"https:\/\/www.africa-press.net\/cotedivoire\/#\/schema\/person\/2b1cf3cd81a31e3cd26889ca66d677f1\"},\"headline\":\"Coupures d\u2019\u00e9lectricit\u00e9 en C\u00f4te-d\u2019Ivoire: Une ONG demande un plan de d\u00e9dommagements\",\"datePublished\":\"2021-05-18T15:16:07+00:00\",\"dateModified\":\"2021-05-18T16:31:57+00:00\",\"mainEntityOfPage\":{\"@id\":\"https:\/\/www.africa-press.net\/cotedivoire\/economie\/coupures-delectricite-en-cote-divoire-une-ong-demande-un-plan-de-dedommagements\"},\"wordCount\":509,\"commentCount\":0,\"image\":{\"@id\":\"https:\/\/www.africa-press.net\/cotedivoire\/economie\/coupures-delectricite-en-cote-divoire-une-ong-demande-un-plan-de-dedommagements#primaryimage\"},\"thumbnailUrl\":\"https:\/\/static.africa-press.net\/cote\/sites\/43\/2021\/05\/img-60a3d62f150cb.jpg\",\"keywords\":[\"Africa Press\",\"Africa Press-C\u00f4te d'Ivoire\",\"C\u00d4TE D'IVOIRE\"],\"articleSection\":[\"\u00c9conomie\",\"homepage-french\",\"Toutes les actualit\u00e9s\"],\"inLanguage\":\"fr-FR\",\"potentialAction\":[{\"@type\":\"CommentAction\",\"name\":\"Comment\",\"target\":[\"https:\/\/www.africa-press.net\/cotedivoire\/economie\/coupures-delectricite-en-cote-divoire-une-ong-demande-un-plan-de-dedommagements#respond\"]}]},{\"@type\":\"WebPage\",\"@id\":\"https:\/\/www.africa-press.net\/cotedivoire\/economie\/coupures-delectricite-en-cote-divoire-une-ong-demande-un-plan-de-dedommagements\",\"url\":\"https:\/\/www.africa-press.net\/cotedivoire\/economie\/coupures-delectricite-en-cote-divoire-une-ong-demande-un-plan-de-dedommagements\",\"name\":\"Coupures d\u2019\u00e9lectricit\u00e9 en C\u00f4te-d\u2019Ivoire: Une ONG demande un plan de d\u00e9dommagements - C\u00f4te d&#039;Ivoire\",\"isPartOf\":{\"@id\":\"https:\/\/www.africa-press.net\/cotedivoire\/#website\"},\"primaryImageOfPage\":{\"@id\":\"https:\/\/www.africa-press.net\/cotedivoire\/economie\/coupures-delectricite-en-cote-divoire-une-ong-demande-un-plan-de-dedommagements#primaryimage\"},\"image\":{\"@id\":\"https:\/\/www.africa-press.net\/cotedivoire\/economie\/coupures-delectricite-en-cote-divoire-une-ong-demande-un-plan-de-dedommagements#primaryimage\"},\"thumbnailUrl\":\"https:\/\/static.africa-press.net\/cote\/sites\/43\/2021\/05\/img-60a3d62f150cb.jpg\",\"datePublished\":\"2021-05-18T15:16:07+00:00\",\"dateModified\":\"2021-05-18T16:31:57+00:00\",\"author\":{\"@id\":\"https:\/\/www.africa-press.net\/cotedivoire\/#\/schema\/person\/2b1cf3cd81a31e3cd26889ca66d677f1\"},\"description\":\"Un plan de d\u00e9dommagement pour tous les d\u00e9sagr\u00e9ments exig\u00e9 Dans une d\u00e9claration dont nous avons re\u00e7u copie ce lun ...\",\"breadcrumb\":{\"@id\":\"https:\/\/www.africa-press.net\/cotedivoire\/economie\/coupures-delectricite-en-cote-divoire-une-ong-demande-un-plan-de-dedommagements#breadcrumb\"},\"inLanguage\":\"fr-FR\",\"potentialAction\":[{\"@type\":\"ReadAction\",\"target\":[\"https:\/\/www.africa-press.net\/cotedivoire\/economie\/coupures-delectricite-en-cote-divoire-une-ong-demande-un-plan-de-dedommagements\"]}]},{\"@type\":\"ImageObject\",\"inLanguage\":\"fr-FR\",\"@id\":\"https:\/\/www.africa-press.net\/cotedivoire\/economie\/coupures-delectricite-en-cote-divoire-une-ong-demande-un-plan-de-dedommagements#primaryimage\",\"url\":\"https:\/\/static.africa-press.net\/cote\/sites\/43\/2021\/05\/img-60a3d62f150cb.jpg\",\"contentUrl\":\"https:\/\/static.africa-press.net\/cote\/sites\/43\/2021\/05\/img-60a3d62f150cb.jpg\",\"width\":720,\"height\":965,\"caption\":\"Coupures d\u2019\u00e9lectricit\u00e9 en C\u00f4te-d\u2019Ivoire: Une ONG demande un plan de d\u00e9dommagements\"},{\"@type\":\"BreadcrumbList\",\"@id\":\"https:\/\/www.africa-press.net\/cotedivoire\/economie\/coupures-delectricite-en-cote-divoire-une-ong-demande-un-plan-de-dedommagements#breadcrumb\",\"itemListElement\":[{\"@type\":\"ListItem\",\"position\":1,\"name\":\"Accueil\",\"item\":\"https:\/\/www.africa-press.net\/cotedivoire\/\"},{\"@type\":\"ListItem\",\"position\":2,\"name\":\"Coupures d\u2019\u00e9lectricit\u00e9 en C\u00f4te-d\u2019Ivoire: Une ONG demande un plan de d\u00e9dommagements\"}]},{\"@type\":\"WebSite\",\"@id\":\"https:\/\/www.africa-press.net\/cotedivoire\/#website\",\"url\":\"https:\/\/www.africa-press.net\/cotedivoire\/\",\"name\":\"C\u00f4te d&#039;Ivoire\",\"description\":\"Just another Africa News Agency Sites site\",\"potentialAction\":[{\"@type\":\"SearchAction\",\"target\":{\"@type\":\"EntryPoint\",\"urlTemplate\":\"https:\/\/www.africa-press.net\/cotedivoire\/?s={search_term_string}\"},\"query-input\":{\"@type\":\"PropertyValueSpecification\",\"valueRequired\":true,\"valueName\":\"search_term_string\"}}],\"inLanguage\":\"fr-FR\"},{\"@type\":\"Person\",\"@id\":\"https:\/\/www.africa-press.net\/cotedivoire\/#\/schema\/person\/2b1cf3cd81a31e3cd26889ca66d677f1\",\"name\":\"cfeditorfr\"}]}<\/script>\n<!-- \/ Yoast SEO Premium plugin. -->","yoast_head_json":{"title":"Coupures d\u2019\u00e9lectricit\u00e9 en C\u00f4te-d\u2019Ivoire: Une ONG demande un plan de d\u00e9dommagements - C\u00f4te d&#039;Ivoire","description":"Un plan de d\u00e9dommagement pour tous les d\u00e9sagr\u00e9ments exig\u00e9 Dans une d\u00e9claration dont nous avons re\u00e7u copie ce lun ...","robots":{"index":"index","follow":"follow","max-snippet":"max-snippet:-1","max-image-preview":"max-image-preview:large","max-video-preview":"max-video-preview:-1"},"canonical":"https:\/\/www.africa-press.net\/cotedivoire\/economie\/coupures-delectricite-en-cote-divoire-une-ong-demande-un-plan-de-dedommagements","og_locale":"fr_FR","og_type":"article","og_title":"Coupures d\u2019\u00e9lectricit\u00e9 en C\u00f4te-d\u2019Ivoire: Une ONG demande un plan de d\u00e9dommagements","og_description":"Un plan de d\u00e9dommagement pour tous les d\u00e9sagr\u00e9ments exig\u00e9 Dans une d\u00e9claration dont nous avons re\u00e7u copie ce lun ...","og_url":"https:\/\/www.africa-press.net\/cotedivoire\/economie\/coupures-delectricite-en-cote-divoire-une-ong-demande-un-plan-de-dedommagements","og_site_name":"C\u00f4te d&#039;Ivoire","article_published_time":"2021-05-18T15:16:07+00:00","article_modified_time":"2021-05-18T16:31:57+00:00","og_image":[{"width":720,"height":965,"url":"https:\/\/static.africa-press.net\/cote\/sites\/43\/2021\/05\/img-60a3d62f150cb.jpg","type":"image\/jpeg"}],"author":"cfeditorfr","twitter_card":"summary_large_image","twitter_misc":{"\u00c9crit par":"cfeditorfr","Dur\u00e9e de lecture estim\u00e9e":"2 minutes"},"schema":{"@context":"https:\/\/schema.org","@graph":[{"@type":"Article","@id":"https:\/\/www.africa-press.net\/cotedivoire\/economie\/coupures-delectricite-en-cote-divoire-une-ong-demande-un-plan-de-dedommagements#article","isPartOf":{"@id":"https:\/\/www.africa-press.net\/cotedivoire\/economie\/coupures-delectricite-en-cote-divoire-une-ong-demande-un-plan-de-dedommagements"},"author":{"name":"cfeditorfr","@id":"https:\/\/www.africa-press.net\/cotedivoire\/#\/schema\/person\/2b1cf3cd81a31e3cd26889ca66d677f1"},"headline":"Coupures d\u2019\u00e9lectricit\u00e9 en C\u00f4te-d\u2019Ivoire: Une ONG demande un plan de d\u00e9dommagements","datePublished":"2021-05-18T15:16:07+00:00","dateModified":"2021-05-18T16:31:57+00:00","mainEntityOfPage":{"@id":"https:\/\/www.africa-press.net\/cotedivoire\/economie\/coupures-delectricite-en-cote-divoire-une-ong-demande-un-plan-de-dedommagements"},"wordCount":509,"commentCount":0,"image":{"@id":"https:\/\/www.africa-press.net\/cotedivoire\/economie\/coupures-delectricite-en-cote-divoire-une-ong-demande-un-plan-de-dedommagements#primaryimage"},"thumbnailUrl":"https:\/\/static.africa-press.net\/cote\/sites\/43\/2021\/05\/img-60a3d62f150cb.jpg","keywords":["Africa Press","Africa Press-C\u00f4te d'Ivoire","C\u00d4TE D'IVOIRE"],"articleSection":["\u00c9conomie","homepage-french","Toutes les actualit\u00e9s"],"inLanguage":"fr-FR","potentialAction":[{"@type":"CommentAction","name":"Comment","target":["https:\/\/www.africa-press.net\/cotedivoire\/economie\/coupures-delectricite-en-cote-divoire-une-ong-demande-un-plan-de-dedommagements#respond"]}]},{"@type":"WebPage","@id":"https:\/\/www.africa-press.net\/cotedivoire\/economie\/coupures-delectricite-en-cote-divoire-une-ong-demande-un-plan-de-dedommagements","url":"https:\/\/www.africa-press.net\/cotedivoire\/economie\/coupures-delectricite-en-cote-divoire-une-ong-demande-un-plan-de-dedommagements","name":"Coupures d\u2019\u00e9lectricit\u00e9 en C\u00f4te-d\u2019Ivoire: Une ONG demande un plan de d\u00e9dommagements - C\u00f4te d&#039;Ivoire","isPartOf":{"@id":"https:\/\/www.africa-press.net\/cotedivoire\/#website"},"primaryImageOfPage":{"@id":"https:\/\/www.africa-press.net\/cotedivoire\/economie\/coupures-delectricite-en-cote-divoire-une-ong-demande-un-plan-de-dedommagements#primaryimage"},"image":{"@id":"https:\/\/www.africa-press.net\/cotedivoire\/economie\/coupures-delectricite-en-cote-divoire-une-ong-demande-un-plan-de-dedommagements#primaryimage"},"thumbnailUrl":"https:\/\/static.africa-press.net\/cote\/sites\/43\/2021\/05\/img-60a3d62f150cb.jpg","datePublished":"2021-05-18T15:16:07+00:00","dateModified":"2021-05-18T16:31:57+00:00","author":{"@id":"https:\/\/www.africa-press.net\/cotedivoire\/#\/schema\/person\/2b1cf3cd81a31e3cd26889ca66d677f1"},"description":"Un plan de d\u00e9dommagement pour tous les d\u00e9sagr\u00e9ments exig\u00e9 Dans une d\u00e9claration dont nous avons re\u00e7u copie ce lun ...","breadcrumb":{"@id":"https:\/\/www.africa-press.net\/cotedivoire\/economie\/coupures-delectricite-en-cote-divoire-une-ong-demande-un-plan-de-dedommagements#breadcrumb"},"inLanguage":"fr-FR","potentialAction":[{"@type":"ReadAction","target":["https:\/\/www.africa-press.net\/cotedivoire\/economie\/coupures-delectricite-en-cote-divoire-une-ong-demande-un-plan-de-dedommagements"]}]},{"@type":"ImageObject","inLanguage":"fr-FR","@id":"https:\/\/www.africa-press.net\/cotedivoire\/economie\/coupures-delectricite-en-cote-divoire-une-ong-demande-un-plan-de-dedommagements#primaryimage","url":"https:\/\/static.africa-press.net\/cote\/sites\/43\/2021\/05\/img-60a3d62f150cb.jpg","contentUrl":"https:\/\/static.africa-press.net\/cote\/sites\/43\/2021\/05\/img-60a3d62f150cb.jpg","width":720,"height":965,"caption":"Coupures d\u2019\u00e9lectricit\u00e9 en C\u00f4te-d\u2019Ivoire: Une ONG demande un plan de d\u00e9dommagements"},{"@type":"BreadcrumbList","@id":"https:\/\/www.africa-press.net\/cotedivoire\/economie\/coupures-delectricite-en-cote-divoire-une-ong-demande-un-plan-de-dedommagements#breadcrumb","itemListElement":[{"@type":"ListItem","position":1,"name":"Accueil","item":"https:\/\/www.africa-press.net\/cotedivoire\/"},{"@type":"ListItem","position":2,"name":"Coupures d\u2019\u00e9lectricit\u00e9 en C\u00f4te-d\u2019Ivoire: Une ONG demande un plan de d\u00e9dommagements"}]},{"@type":"WebSite","@id":"https:\/\/www.africa-press.net\/cotedivoire\/#website","url":"https:\/\/www.africa-press.net\/cotedivoire\/","name":"C\u00f4te d&#039;Ivoire","description":"Just another Africa News Agency Sites site","potentialAction":[{"@type":"SearchAction","target":{"@type":"EntryPoint","urlTemplate":"https:\/\/www.africa-press.net\/cotedivoire\/?s={search_term_string}"},"query-input":{"@type":"PropertyValueSpecification","valueRequired":true,"valueName":"search_term_string"}}],"inLanguage":"fr-FR"},{"@type":"Person","@id":"https:\/\/www.africa-press.net\/cotedivoire\/#\/schema\/person\/2b1cf3cd81a31e3cd26889ca66d677f1","name":"cfeditorfr"}]}},"_links":{"self":[{"href":"https:\/\/www.africa-press.net\/cotedivoire\/wp-json\/wp\/v2\/posts\/7897","targetHints":{"allow":["GET"]}}],"collection":[{"href":"https:\/\/www.africa-press.net\/cotedivoire\/wp-json\/wp\/v2\/posts"}],"about":[{"href":"https:\/\/www.africa-press.net\/cotedivoire\/wp-json\/wp\/v2\/types\/post"}],"author":[{"embeddable":true,"href":"https:\/\/www.africa-press.net\/cotedivoire\/wp-json\/wp\/v2\/users\/82"}],"replies":[{"embeddable":true,"href":"https:\/\/www.africa-press.net\/cotedivoire\/wp-json\/wp\/v2\/comments?post=7897"}],"version-history":[{"count":0,"href":"https:\/\/www.africa-press.net\/cotedivoire\/wp-json\/wp\/v2\/posts\/7897\/revisions"}],"wp:featuredmedia":[{"embeddable":true,"href":"https:\/\/www.africa-press.net\/cotedivoire\/wp-json\/wp\/v2\/media\/7896"}],"wp:attachment":[{"href":"https:\/\/www.africa-press.net\/cotedivoire\/wp-json\/wp\/v2\/media?parent=7897"}],"wp:term":[{"taxonomy":"category","embeddable":true,"href":"https:\/\/www.africa-press.net\/cotedivoire\/wp-json\/wp\/v2\/categories?post=7897"},{"taxonomy":"post_tag","embeddable":true,"href":"https:\/\/www.africa-press.net\/cotedivoire\/wp-json\/wp\/v2\/tags?post=7897"}],"curies":[{"name":"wp","href":"https:\/\/api.w.org\/{rel}","templated":true}]}}