{"id":7900,"date":"2021-05-18T15:21:49","date_gmt":"2021-05-18T15:21:49","guid":{"rendered":"https:\/\/www.africa-press.net\/cotedivoire\/?p=7900"},"modified":"2021-05-18T16:32:07","modified_gmt":"2021-05-18T16:32:07","slug":"un-pret-de-500-milliards-de-fcfa-du-fmi-a-la-cote-divoire-pour-relancer-son-economie-et-creer-des-emplois","status":"publish","type":"post","link":"https:\/\/www.africa-press.net\/cotedivoire\/economie\/un-pret-de-500-milliards-de-fcfa-du-fmi-a-la-cote-divoire-pour-relancer-son-economie-et-creer-des-emplois","title":{"rendered":"Un pr\u00eat de 500 milliards de fcfa du FMI \u00e0 la C\u00f4te\u2013d\u2019Ivoire \u00abpour relancer son \u00e9conomie et cr\u00e9er des emplois\u00bb"},"content":{"rendered":"<p><span style=\"color: #ff6600\"><strong><a href=\"https:\/\/www.africa-press.net\/\">Africa-Press<\/a> &#8211; <a href=\"https:\/\/www.africa-press.net\/cotedivoire\">C\u00f4te d&rsquo;Ivoire<\/a>. <\/strong><\/span>A l\u2019occasion du sommet sur le financement des \u00e9conomies africaines qui aura lieu le 18 mai, le chef de l\u2019Etat ivoirien s\u2019est rendu \u00e0 Paris. Avec plusieurs bailleurs de fonds, il a \u00e9voqu\u00e9 notamment la question du soutien financier n\u00e9cessaire pour relancer la croissance \u00e9conomique de son pays.<\/p>\n<p>Le Fonds mon\u00e9taire international (FMI) accordera 1 milliard $ \u00e0 la C\u00f4te d\u2019Ivoire. C\u2019est ce qu\u2019a indiqu\u00e9 la pr\u00e9sidence ivoirienne dans un communiqu\u00e9 publi\u00e9 le dimanche 16 mai.<\/p>\n<p>L\u2019accord de pr\u00eat a \u00e9t\u00e9 annonc\u00e9 par la directrice g\u00e9n\u00e9rale du FMI, Kristalina Georgieva, au cours d\u2019un entretien avec le pr\u00e9sident de la R\u00e9publique ivoirienne Alassane Ouattara. Ces discussions ont eu lieu en amont du sommet international sur le financement des \u00e9conomies africaines, pr\u00e9vu pour se tenir le mardi 18 mai \u00e0 Paris.<\/p>\n<p>Ainsi, il s\u2019agit selon Kristalina Georgieva, de \u00ab\u2009ressources additionnelles d\u2019environ un milliard de dollars US\u2009\u00bb qui permettront de \u00ab\u2009contribuer \u00e0 la relance \u00e9conomique et \u00e0 la cr\u00e9ation d\u2019emplois et de nouvelles opportunit\u00e9s\u2009\u00bb. Ce nouveau pr\u00eat succ\u00e8de \u00e0 ceux accord\u00e9s courant 2020 pour aider le pays \u00e0 faire face \u00e0 la crise de la covid-19. 886 millions $ avaient \u00e9t\u00e9 d\u00e9caiss\u00e9s en avril 2020 pour permettre au pays de faire face au coronavirus, juste avant que l\u2019Etat re\u00e7oive un autre financement de 278 millions $ en d\u00e9cembre, dans le cadre des accords triennaux FEC\/MEDC conclus en 2016 avec l\u2019institution.<\/p>\n<p>Il faut rappeler que le gouvernement ivoirien comme la plupart de ses pairs africains, avait pris des mesures pour att\u00e9nuer l\u2019impact de la crise du coronavirus sur son \u00e9conomie. Un plan d\u2019urgence d\u2019un montant total de 176 millions $ (95 milliards FCFA) a ainsi \u00e9t\u00e9 \u00e9labor\u00e9 pour assurer la continuit\u00e9 des activit\u00e9s dans les secteurs public et priv\u00e9. Preuve du succ\u00e8s de ces mesures, le dernier rapport du FMI sur les perspectives \u00e9conomiques de l\u2019Afrique subsaharienne indique qu\u2019avec un taux de 2,3%, la C\u00f4te d\u2019Ivoire fait partie des rares pays au monde \u00e0 avoir maintenu une croissance positive en 2020.<\/p>\n<p>Pourtant, malgr\u00e9 ces chiffres, Alassane Ouattara estime que les besoins de la C\u00f4te d\u2019Ivoire et des pays d\u2019Afrique subsaharienne en mati\u00e8re de financements sont loin d\u2019\u00eatre combl\u00e9s. Dans un v\u00e9ritable plaidoyer fait la semaine derni\u00e8re \u00e0 l\u2019occasion du 60\u00e8me anniversaire du d\u00e9partement Afrique du FMI, il avait ainsi appel\u00e9 l\u2019institution \u00e0 se r\u00e9former et \u00e0 augmenter substantiellement son aide envers les pays africains. Selon lui, le FMI doit faire pression sur les pays riches afin qu\u2019ils cessent d\u2019\u00eatre \u00ab \u00e9go\u00efstes \u00bb et qu\u2019ils soient plus solidaires envers les plus pauvres. Cette conf\u00e9rence sera donc l\u2019occasion pour le dirigeant et ancien cadre du FMI de r\u00e9it\u00e9rer son appel aux c\u00f4t\u00e9s de plusieurs autres chefs d\u2019Etat.<\/p>\n<p>Notons que le dirigeant s\u2019est \u00e9galement entretenu avec le directeur g\u00e9n\u00e9ral des op\u00e9rations de la Banque mondiale, Axel Van Trotsenburg, au sujet des mesures d\u2019accompagnement de l\u2019Association internationale de d\u00e9veloppement (IDA) envers les pays africains.<\/p>\n<p>A Paris, Kristalina Georgieva \u00ab a salu\u00e9 l\u2019excellent travail accompli par le gouvernement ivoirien dans le cadre de la lutte contre la pand\u00e9mie de covid-19, et a r\u00e9it\u00e9r\u00e9 l\u2019engagement de son Institution \u00e0 soutenir la C\u00f4te d\u2019Ivoire dans sa relance \u00e9conomique \u00bb.<\/p>\n<p>&nbsp;<\/p>\n","protected":false},"excerpt":{"rendered":"<p>Africa-Press &#8211; C\u00f4te d&rsquo;Ivoire. A l\u2019occasion du sommet sur le financement des \u00e9conomies africaines qui aura lieu le 18 mai, le chef de l\u2019Etat ivoirien s\u2019est rendu \u00e0 Paris. Avec plusieurs bailleurs de fonds, il a \u00e9voqu\u00e9 notamment la question du soutien financier n\u00e9cessaire pour relancer la croissance \u00e9conomique de son pays. Le Fonds mon\u00e9taire [&hellip;]<\/p>\n","protected":false},"author":82,"featured_media":7899,"comment_status":"open","ping_status":"closed","sticky":false,"template":"","format":"standard","meta":{"footnotes":""},"categories":[3,11,10],"tags":[56,63,29],"class_list":["post-7900","post","type-post","status-publish","format-standard","has-post-thumbnail","hentry","category-economie","category-homepage-french","category-toutes-les-actualites","tag-africa-press","tag-africa-press-cote-divoire","tag-cote-divoire"],"yoast_head":"<!-- This site is optimized with the Yoast SEO Premium plugin v26.1 (Yoast SEO v27.0) - https:\/\/yoast.com\/product\/yoast-seo-premium-wordpress\/ -->\n<title>Un pr\u00eat de 500 milliards de fcfa du FMI \u00e0 la C\u00f4te\u2013d\u2019Ivoire \u00abpour relancer son \u00e9conomie et cr\u00e9er des emplois\u00bb - C\u00f4te d&#039;Ivoire<\/title>\n<meta name=\"description\" content=\"A l\u2019occasion du sommet sur le financement des \u00e9conomies africaines qui aura lieu le 18 mai, le chef de l\u2019Etat ivoirien s ...\" \/>\n<meta name=\"robots\" content=\"index, follow, max-snippet:-1, max-image-preview:large, max-video-preview:-1\" \/>\n<link rel=\"canonical\" href=\"http:\/\/www.africa-press.net\/cotedivoire\/economie\/un-pret-de-500-milliards-de-fcfa-du-fmi-a-la-cote-divoire-pour-relancer-son-economie-et-creer-des-emplois\" \/>\n<meta property=\"og:locale\" content=\"fr_FR\" \/>\n<meta property=\"og:type\" content=\"article\" \/>\n<meta property=\"og:title\" content=\"Un pr\u00eat de 500 milliards de fcfa du FMI \u00e0 la C\u00f4te\u2013d\u2019Ivoire \u00abpour relancer son \u00e9conomie et cr\u00e9er des emplois\u00bb\" \/>\n<meta property=\"og:description\" content=\"A l\u2019occasion du sommet sur le financement des \u00e9conomies africaines qui aura lieu le 18 mai, le chef de l\u2019Etat ivoirien s ...\" \/>\n<meta property=\"og:url\" content=\"http:\/\/www.africa-press.net\/cotedivoire\/economie\/un-pret-de-500-milliards-de-fcfa-du-fmi-a-la-cote-divoire-pour-relancer-son-economie-et-creer-des-emplois\" \/>\n<meta property=\"og:site_name\" content=\"C\u00f4te d&#039;Ivoire\" \/>\n<meta property=\"article:published_time\" content=\"2021-05-18T15:21:49+00:00\" \/>\n<meta property=\"article:modified_time\" content=\"2021-05-18T16:32:07+00:00\" \/>\n<meta property=\"og:image\" content=\"https:\/\/static.africa-press.net\/cote\/sites\/43\/2021\/05\/img-60a3d6581fdb1.jpg\" \/>\n\t<meta property=\"og:image:width\" content=\"1000\" \/>\n\t<meta property=\"og:image:height\" content=\"664\" \/>\n\t<meta property=\"og:image:type\" content=\"image\/jpeg\" \/>\n<meta name=\"author\" content=\"cfeditorfr\" \/>\n<meta name=\"twitter:card\" content=\"summary_large_image\" \/>\n<meta name=\"twitter:label1\" content=\"\u00c9crit par\" \/>\n\t<meta name=\"twitter:data1\" content=\"cfeditorfr\" \/>\n\t<meta name=\"twitter:label2\" content=\"Dur\u00e9e de lecture estim\u00e9e\" \/>\n\t<meta name=\"twitter:data2\" content=\"3 minutes\" \/>\n<script type=\"application\/ld+json\" class=\"yoast-schema-graph\">{\"@context\":\"https:\/\/schema.org\",\"@graph\":[{\"@type\":\"Article\",\"@id\":\"http:\/\/www.africa-press.net\/cotedivoire\/economie\/un-pret-de-500-milliards-de-fcfa-du-fmi-a-la-cote-divoire-pour-relancer-son-economie-et-creer-des-emplois#article\",\"isPartOf\":{\"@id\":\"http:\/\/www.africa-press.net\/cotedivoire\/economie\/un-pret-de-500-milliards-de-fcfa-du-fmi-a-la-cote-divoire-pour-relancer-son-economie-et-creer-des-emplois\"},\"author\":{\"name\":\"cfeditorfr\",\"@id\":\"https:\/\/www.africa-press.net\/cotedivoire\/#\/schema\/person\/2b1cf3cd81a31e3cd26889ca66d677f1\"},\"headline\":\"Un pr\u00eat de 500 milliards de fcfa du FMI \u00e0 la C\u00f4te\u2013d\u2019Ivoire \u00abpour relancer son \u00e9conomie et cr\u00e9er des emplois\u00bb\",\"datePublished\":\"2021-05-18T15:21:49+00:00\",\"dateModified\":\"2021-05-18T16:32:07+00:00\",\"mainEntityOfPage\":{\"@id\":\"http:\/\/www.africa-press.net\/cotedivoire\/economie\/un-pret-de-500-milliards-de-fcfa-du-fmi-a-la-cote-divoire-pour-relancer-son-economie-et-creer-des-emplois\"},\"wordCount\":594,\"commentCount\":0,\"image\":{\"@id\":\"http:\/\/www.africa-press.net\/cotedivoire\/economie\/un-pret-de-500-milliards-de-fcfa-du-fmi-a-la-cote-divoire-pour-relancer-son-economie-et-creer-des-emplois#primaryimage\"},\"thumbnailUrl\":\"https:\/\/static.africa-press.net\/cote\/sites\/43\/2021\/05\/img-60a3d6581fdb1.jpg\",\"keywords\":[\"Africa Press\",\"Africa Press-C\u00f4te d'Ivoire\",\"C\u00d4TE D'IVOIRE\"],\"articleSection\":[\"\u00c9conomie\",\"homepage-french\",\"Toutes les actualit\u00e9s\"],\"inLanguage\":\"fr-FR\",\"potentialAction\":[{\"@type\":\"CommentAction\",\"name\":\"Comment\",\"target\":[\"http:\/\/www.africa-press.net\/cotedivoire\/economie\/un-pret-de-500-milliards-de-fcfa-du-fmi-a-la-cote-divoire-pour-relancer-son-economie-et-creer-des-emplois#respond\"]}]},{\"@type\":\"WebPage\",\"@id\":\"http:\/\/www.africa-press.net\/cotedivoire\/economie\/un-pret-de-500-milliards-de-fcfa-du-fmi-a-la-cote-divoire-pour-relancer-son-economie-et-creer-des-emplois\",\"url\":\"http:\/\/www.africa-press.net\/cotedivoire\/economie\/un-pret-de-500-milliards-de-fcfa-du-fmi-a-la-cote-divoire-pour-relancer-son-economie-et-creer-des-emplois\",\"name\":\"Un pr\u00eat de 500 milliards de fcfa du FMI \u00e0 la C\u00f4te\u2013d\u2019Ivoire \u00abpour relancer son \u00e9conomie et cr\u00e9er des emplois\u00bb - C\u00f4te d&#039;Ivoire\",\"isPartOf\":{\"@id\":\"https:\/\/www.africa-press.net\/cotedivoire\/#website\"},\"primaryImageOfPage\":{\"@id\":\"http:\/\/www.africa-press.net\/cotedivoire\/economie\/un-pret-de-500-milliards-de-fcfa-du-fmi-a-la-cote-divoire-pour-relancer-son-economie-et-creer-des-emplois#primaryimage\"},\"image\":{\"@id\":\"http:\/\/www.africa-press.net\/cotedivoire\/economie\/un-pret-de-500-milliards-de-fcfa-du-fmi-a-la-cote-divoire-pour-relancer-son-economie-et-creer-des-emplois#primaryimage\"},\"thumbnailUrl\":\"https:\/\/static.africa-press.net\/cote\/sites\/43\/2021\/05\/img-60a3d6581fdb1.jpg\",\"datePublished\":\"2021-05-18T15:21:49+00:00\",\"dateModified\":\"2021-05-18T16:32:07+00:00\",\"author\":{\"@id\":\"https:\/\/www.africa-press.net\/cotedivoire\/#\/schema\/person\/2b1cf3cd81a31e3cd26889ca66d677f1\"},\"description\":\"A l\u2019occasion du sommet sur le financement des \u00e9conomies africaines qui aura lieu le 18 mai, le chef de l\u2019Etat ivoirien s ...\",\"breadcrumb\":{\"@id\":\"http:\/\/www.africa-press.net\/cotedivoire\/economie\/un-pret-de-500-milliards-de-fcfa-du-fmi-a-la-cote-divoire-pour-relancer-son-economie-et-creer-des-emplois#breadcrumb\"},\"inLanguage\":\"fr-FR\",\"potentialAction\":[{\"@type\":\"ReadAction\",\"target\":[\"http:\/\/www.africa-press.net\/cotedivoire\/economie\/un-pret-de-500-milliards-de-fcfa-du-fmi-a-la-cote-divoire-pour-relancer-son-economie-et-creer-des-emplois\"]}]},{\"@type\":\"ImageObject\",\"inLanguage\":\"fr-FR\",\"@id\":\"http:\/\/www.africa-press.net\/cotedivoire\/economie\/un-pret-de-500-milliards-de-fcfa-du-fmi-a-la-cote-divoire-pour-relancer-son-economie-et-creer-des-emplois#primaryimage\",\"url\":\"https:\/\/static.africa-press.net\/cote\/sites\/43\/2021\/05\/img-60a3d6581fdb1.jpg\",\"contentUrl\":\"https:\/\/static.africa-press.net\/cote\/sites\/43\/2021\/05\/img-60a3d6581fdb1.jpg\",\"width\":1000,\"height\":664,\"caption\":\"Un pr\u00eat de 500 milliards de fcfa du FMI \u00e0 la C\u00f4te\u2013d\u2019Ivoire \u00abpour relancer son \u00e9conomie et cr\u00e9er des emplois\u00bb\"},{\"@type\":\"BreadcrumbList\",\"@id\":\"http:\/\/www.africa-press.net\/cotedivoire\/economie\/un-pret-de-500-milliards-de-fcfa-du-fmi-a-la-cote-divoire-pour-relancer-son-economie-et-creer-des-emplois#breadcrumb\",\"itemListElement\":[{\"@type\":\"ListItem\",\"position\":1,\"name\":\"Accueil\",\"item\":\"https:\/\/www.africa-press.net\/cotedivoire\/\"},{\"@type\":\"ListItem\",\"position\":2,\"name\":\"Un pr\u00eat de 500 milliards de fcfa du FMI \u00e0 la C\u00f4te\u2013d\u2019Ivoire \u00abpour relancer son \u00e9conomie et cr\u00e9er des emplois\u00bb\"}]},{\"@type\":\"WebSite\",\"@id\":\"https:\/\/www.africa-press.net\/cotedivoire\/#website\",\"url\":\"https:\/\/www.africa-press.net\/cotedivoire\/\",\"name\":\"C\u00f4te d&#039;Ivoire\",\"description\":\"Just another Africa News Agency Sites site\",\"potentialAction\":[{\"@type\":\"SearchAction\",\"target\":{\"@type\":\"EntryPoint\",\"urlTemplate\":\"https:\/\/www.africa-press.net\/cotedivoire\/?s={search_term_string}\"},\"query-input\":{\"@type\":\"PropertyValueSpecification\",\"valueRequired\":true,\"valueName\":\"search_term_string\"}}],\"inLanguage\":\"fr-FR\"},{\"@type\":\"Person\",\"@id\":\"https:\/\/www.africa-press.net\/cotedivoire\/#\/schema\/person\/2b1cf3cd81a31e3cd26889ca66d677f1\",\"name\":\"cfeditorfr\"}]}<\/script>\n<!-- \/ Yoast SEO Premium plugin. -->","yoast_head_json":{"title":"Un pr\u00eat de 500 milliards de fcfa du FMI \u00e0 la C\u00f4te\u2013d\u2019Ivoire \u00abpour relancer son \u00e9conomie et cr\u00e9er des emplois\u00bb - C\u00f4te d&#039;Ivoire","description":"A l\u2019occasion du sommet sur le financement des \u00e9conomies africaines qui aura lieu le 18 mai, le chef de l\u2019Etat ivoirien s ...","robots":{"index":"index","follow":"follow","max-snippet":"max-snippet:-1","max-image-preview":"max-image-preview:large","max-video-preview":"max-video-preview:-1"},"canonical":"http:\/\/www.africa-press.net\/cotedivoire\/economie\/un-pret-de-500-milliards-de-fcfa-du-fmi-a-la-cote-divoire-pour-relancer-son-economie-et-creer-des-emplois","og_locale":"fr_FR","og_type":"article","og_title":"Un pr\u00eat de 500 milliards de fcfa du FMI \u00e0 la C\u00f4te\u2013d\u2019Ivoire \u00abpour relancer son \u00e9conomie et cr\u00e9er des emplois\u00bb","og_description":"A l\u2019occasion du sommet sur le financement des \u00e9conomies africaines qui aura lieu le 18 mai, le chef de l\u2019Etat ivoirien s ...","og_url":"http:\/\/www.africa-press.net\/cotedivoire\/economie\/un-pret-de-500-milliards-de-fcfa-du-fmi-a-la-cote-divoire-pour-relancer-son-economie-et-creer-des-emplois","og_site_name":"C\u00f4te d&#039;Ivoire","article_published_time":"2021-05-18T15:21:49+00:00","article_modified_time":"2021-05-18T16:32:07+00:00","og_image":[{"width":1000,"height":664,"url":"https:\/\/static.africa-press.net\/cote\/sites\/43\/2021\/05\/img-60a3d6581fdb1.jpg","type":"image\/jpeg"}],"author":"cfeditorfr","twitter_card":"summary_large_image","twitter_misc":{"\u00c9crit par":"cfeditorfr","Dur\u00e9e de lecture estim\u00e9e":"3 minutes"},"schema":{"@context":"https:\/\/schema.org","@graph":[{"@type":"Article","@id":"http:\/\/www.africa-press.net\/cotedivoire\/economie\/un-pret-de-500-milliards-de-fcfa-du-fmi-a-la-cote-divoire-pour-relancer-son-economie-et-creer-des-emplois#article","isPartOf":{"@id":"http:\/\/www.africa-press.net\/cotedivoire\/economie\/un-pret-de-500-milliards-de-fcfa-du-fmi-a-la-cote-divoire-pour-relancer-son-economie-et-creer-des-emplois"},"author":{"name":"cfeditorfr","@id":"https:\/\/www.africa-press.net\/cotedivoire\/#\/schema\/person\/2b1cf3cd81a31e3cd26889ca66d677f1"},"headline":"Un pr\u00eat de 500 milliards de fcfa du FMI \u00e0 la C\u00f4te\u2013d\u2019Ivoire \u00abpour relancer son \u00e9conomie et cr\u00e9er des emplois\u00bb","datePublished":"2021-05-18T15:21:49+00:00","dateModified":"2021-05-18T16:32:07+00:00","mainEntityOfPage":{"@id":"http:\/\/www.africa-press.net\/cotedivoire\/economie\/un-pret-de-500-milliards-de-fcfa-du-fmi-a-la-cote-divoire-pour-relancer-son-economie-et-creer-des-emplois"},"wordCount":594,"commentCount":0,"image":{"@id":"http:\/\/www.africa-press.net\/cotedivoire\/economie\/un-pret-de-500-milliards-de-fcfa-du-fmi-a-la-cote-divoire-pour-relancer-son-economie-et-creer-des-emplois#primaryimage"},"thumbnailUrl":"https:\/\/static.africa-press.net\/cote\/sites\/43\/2021\/05\/img-60a3d6581fdb1.jpg","keywords":["Africa Press","Africa Press-C\u00f4te d'Ivoire","C\u00d4TE D'IVOIRE"],"articleSection":["\u00c9conomie","homepage-french","Toutes les actualit\u00e9s"],"inLanguage":"fr-FR","potentialAction":[{"@type":"CommentAction","name":"Comment","target":["http:\/\/www.africa-press.net\/cotedivoire\/economie\/un-pret-de-500-milliards-de-fcfa-du-fmi-a-la-cote-divoire-pour-relancer-son-economie-et-creer-des-emplois#respond"]}]},{"@type":"WebPage","@id":"http:\/\/www.africa-press.net\/cotedivoire\/economie\/un-pret-de-500-milliards-de-fcfa-du-fmi-a-la-cote-divoire-pour-relancer-son-economie-et-creer-des-emplois","url":"http:\/\/www.africa-press.net\/cotedivoire\/economie\/un-pret-de-500-milliards-de-fcfa-du-fmi-a-la-cote-divoire-pour-relancer-son-economie-et-creer-des-emplois","name":"Un pr\u00eat de 500 milliards de fcfa du FMI \u00e0 la C\u00f4te\u2013d\u2019Ivoire \u00abpour relancer son \u00e9conomie et cr\u00e9er des emplois\u00bb - C\u00f4te d&#039;Ivoire","isPartOf":{"@id":"https:\/\/www.africa-press.net\/cotedivoire\/#website"},"primaryImageOfPage":{"@id":"http:\/\/www.africa-press.net\/cotedivoire\/economie\/un-pret-de-500-milliards-de-fcfa-du-fmi-a-la-cote-divoire-pour-relancer-son-economie-et-creer-des-emplois#primaryimage"},"image":{"@id":"http:\/\/www.africa-press.net\/cotedivoire\/economie\/un-pret-de-500-milliards-de-fcfa-du-fmi-a-la-cote-divoire-pour-relancer-son-economie-et-creer-des-emplois#primaryimage"},"thumbnailUrl":"https:\/\/static.africa-press.net\/cote\/sites\/43\/2021\/05\/img-60a3d6581fdb1.jpg","datePublished":"2021-05-18T15:21:49+00:00","dateModified":"2021-05-18T16:32:07+00:00","author":{"@id":"https:\/\/www.africa-press.net\/cotedivoire\/#\/schema\/person\/2b1cf3cd81a31e3cd26889ca66d677f1"},"description":"A l\u2019occasion du sommet sur le financement des \u00e9conomies africaines qui aura lieu le 18 mai, le chef de l\u2019Etat ivoirien s ...","breadcrumb":{"@id":"http:\/\/www.africa-press.net\/cotedivoire\/economie\/un-pret-de-500-milliards-de-fcfa-du-fmi-a-la-cote-divoire-pour-relancer-son-economie-et-creer-des-emplois#breadcrumb"},"inLanguage":"fr-FR","potentialAction":[{"@type":"ReadAction","target":["http:\/\/www.africa-press.net\/cotedivoire\/economie\/un-pret-de-500-milliards-de-fcfa-du-fmi-a-la-cote-divoire-pour-relancer-son-economie-et-creer-des-emplois"]}]},{"@type":"ImageObject","inLanguage":"fr-FR","@id":"http:\/\/www.africa-press.net\/cotedivoire\/economie\/un-pret-de-500-milliards-de-fcfa-du-fmi-a-la-cote-divoire-pour-relancer-son-economie-et-creer-des-emplois#primaryimage","url":"https:\/\/static.africa-press.net\/cote\/sites\/43\/2021\/05\/img-60a3d6581fdb1.jpg","contentUrl":"https:\/\/static.africa-press.net\/cote\/sites\/43\/2021\/05\/img-60a3d6581fdb1.jpg","width":1000,"height":664,"caption":"Un pr\u00eat de 500 milliards de fcfa du FMI \u00e0 la C\u00f4te\u2013d\u2019Ivoire \u00abpour relancer son \u00e9conomie et cr\u00e9er des emplois\u00bb"},{"@type":"BreadcrumbList","@id":"http:\/\/www.africa-press.net\/cotedivoire\/economie\/un-pret-de-500-milliards-de-fcfa-du-fmi-a-la-cote-divoire-pour-relancer-son-economie-et-creer-des-emplois#breadcrumb","itemListElement":[{"@type":"ListItem","position":1,"name":"Accueil","item":"https:\/\/www.africa-press.net\/cotedivoire\/"},{"@type":"ListItem","position":2,"name":"Un pr\u00eat de 500 milliards de fcfa du FMI \u00e0 la C\u00f4te\u2013d\u2019Ivoire \u00abpour relancer son \u00e9conomie et cr\u00e9er des emplois\u00bb"}]},{"@type":"WebSite","@id":"https:\/\/www.africa-press.net\/cotedivoire\/#website","url":"https:\/\/www.africa-press.net\/cotedivoire\/","name":"C\u00f4te d&#039;Ivoire","description":"Just another Africa News Agency Sites site","potentialAction":[{"@type":"SearchAction","target":{"@type":"EntryPoint","urlTemplate":"https:\/\/www.africa-press.net\/cotedivoire\/?s={search_term_string}"},"query-input":{"@type":"PropertyValueSpecification","valueRequired":true,"valueName":"search_term_string"}}],"inLanguage":"fr-FR"},{"@type":"Person","@id":"https:\/\/www.africa-press.net\/cotedivoire\/#\/schema\/person\/2b1cf3cd81a31e3cd26889ca66d677f1","name":"cfeditorfr"}]}},"_links":{"self":[{"href":"https:\/\/www.africa-press.net\/cotedivoire\/wp-json\/wp\/v2\/posts\/7900","targetHints":{"allow":["GET"]}}],"collection":[{"href":"https:\/\/www.africa-press.net\/cotedivoire\/wp-json\/wp\/v2\/posts"}],"about":[{"href":"https:\/\/www.africa-press.net\/cotedivoire\/wp-json\/wp\/v2\/types\/post"}],"author":[{"embeddable":true,"href":"https:\/\/www.africa-press.net\/cotedivoire\/wp-json\/wp\/v2\/users\/82"}],"replies":[{"embeddable":true,"href":"https:\/\/www.africa-press.net\/cotedivoire\/wp-json\/wp\/v2\/comments?post=7900"}],"version-history":[{"count":0,"href":"https:\/\/www.africa-press.net\/cotedivoire\/wp-json\/wp\/v2\/posts\/7900\/revisions"}],"wp:featuredmedia":[{"embeddable":true,"href":"https:\/\/www.africa-press.net\/cotedivoire\/wp-json\/wp\/v2\/media\/7899"}],"wp:attachment":[{"href":"https:\/\/www.africa-press.net\/cotedivoire\/wp-json\/wp\/v2\/media?parent=7900"}],"wp:term":[{"taxonomy":"category","embeddable":true,"href":"https:\/\/www.africa-press.net\/cotedivoire\/wp-json\/wp\/v2\/categories?post=7900"},{"taxonomy":"post_tag","embeddable":true,"href":"https:\/\/www.africa-press.net\/cotedivoire\/wp-json\/wp\/v2\/tags?post=7900"}],"curies":[{"name":"wp","href":"https:\/\/api.w.org\/{rel}","templated":true}]}}