{"id":7906,"date":"2021-05-18T15:41:32","date_gmt":"2021-05-18T15:41:32","guid":{"rendered":"https:\/\/www.africa-press.net\/cotedivoire\/?p=7906"},"modified":"2021-05-18T16:32:28","modified_gmt":"2021-05-18T16:32:28","slug":"16-senateurs-a-lecole-du-budget-programmes-a-yamoussoukro","status":"publish","type":"post","link":"https:\/\/www.africa-press.net\/cotedivoire\/politique\/16-senateurs-a-lecole-du-budget-programmes-a-yamoussoukro","title":{"rendered":"16 s\u00e9nateurs \u00e0 l\u2019\u00e9cole  du  Budget-programmes \u00e0 Yamoussoukro"},"content":{"rendered":"<p><span style=\"color: #ff6600\"><strong><a href=\"https:\/\/www.africa-press.net\/\">Africa-Press<\/a> &#8211; <a href=\"https:\/\/www.africa-press.net\/cotedivoire\">C\u00f4te d&rsquo;Ivoire<\/a>. <\/strong><\/span>Les S\u00e9nateurs, notamment de la Commission des Affaires \u00c9conomiques et Financi\u00e8res du S\u00e9nat, sont en formation, depuis le lundi 17 mai 2021 et ce, jusqu\u2019au 21 mai prochain. Leurs capacit\u00e9s se verront renforc\u00e9es en mati\u00e8re du Budget-programmes . Pour le directeur g\u00e9n\u00e9ral du Centre International de Management et d\u2019Expertise- Financi\u00e8re (CIMEF International) Valentin Yao, l\u2019objectif principal de l\u2019atelier vise principalement \u00e0 renforcer les capacit\u00e9s des s\u00e9nateurs membres de la Commission des Affaires \u00c9conomiques et Financi\u00e8res (CAEF) du S\u00e9nat en mati\u00e8re d\u2019examen des budgets-programmes afin d\u2019aboutir a un contr\u00f4le axe sur la performance. Tout en se r\u00e9jouissant de la tenue de l\u2019atelier, le pr\u00e9sident de la commission des Affaires \u00c9conomiques et Financi\u00e8res, Koumou\u00e9 Koffi Moise,qui repr\u00e9sentait le pr\u00e9sident du S\u00e9nat, a soulign\u00e9 que cet atelier de formation entre dans la vision de d\u00e9veloppement du S\u00e9nat , il s\u2019av\u00e8re indispensable de r\u00e9viser ce document, afin de disposer d\u00e9sormais d\u2019un budget-programme qui vise entre autres, la coh\u00e9rence entre les ressources budg\u00e9taires et les r\u00e9sultats attendus, l\u2019efficacit\u00e9 et la qualit\u00e9 de la d\u00e9pense publique et la responsabilisation des gestionnaires de cr\u00e9dits.<\/p>\n<p>La coordonnatrice du Programme Pays de Renforcement des Capacit\u00e9s en C\u00f4te d\u2019Ivoire (PPRRC), Cynthia Cortis, qui repr\u00e9sentait le ministre \u00c9piphane Zoro Bi Ballo \u00e0 salu\u00e9 l\u2019initiative .Aussi a-t-elle r\u00e9affirm\u00e9 le soutien ind\u00e9fectible du minist\u00e8re de la Promotion de la Bonne Gouvernance et du Renforcement des Capacit\u00e9s et de la Lutte contre la Corruption a l\u2019institution parlementaire.<br \/>\nCette session de formation est anim\u00e9e par le Centre International de Management et d\u2019Expertise-Financi\u00e8re (CIMEF International), cabinet d\u00e9sign\u00e9 par le Programme Pays de Renforcement des Capacit\u00e9s (PPRC).<\/p>\n<p>&nbsp;<\/p>\n","protected":false},"excerpt":{"rendered":"<p>Africa-Press &#8211; C\u00f4te d&rsquo;Ivoire. Les S\u00e9nateurs, notamment de la Commission des Affaires \u00c9conomiques et Financi\u00e8res du S\u00e9nat, sont en formation, depuis le lundi 17 mai 2021 et ce, jusqu\u2019au 21 mai prochain. Leurs capacit\u00e9s se verront renforc\u00e9es en mati\u00e8re du Budget-programmes . Pour le directeur g\u00e9n\u00e9ral du Centre International de Management et d\u2019Expertise- Financi\u00e8re (CIMEF [&hellip;]<\/p>\n","protected":false},"author":82,"featured_media":7905,"comment_status":"open","ping_status":"closed","sticky":false,"template":"","format":"standard","meta":{"footnotes":""},"categories":[11,2,20,10],"tags":[56,63,29],"class_list":["post-7906","post","type-post","status-publish","format-standard","has-post-thumbnail","hentry","category-homepage-french","category-politique","category-top-nouvelles","category-toutes-les-actualites","tag-africa-press","tag-africa-press-cote-divoire","tag-cote-divoire"],"yoast_head":"<!-- This site is optimized with the Yoast SEO Premium plugin v26.1 (Yoast SEO v27.0) - https:\/\/yoast.com\/product\/yoast-seo-premium-wordpress\/ -->\n<title>16 s\u00e9nateurs \u00e0 l\u2019\u00e9cole du Budget-programmes \u00e0 Yamoussoukro - C\u00f4te d&#039;Ivoire<\/title>\n<meta name=\"description\" content=\"Les S\u00e9nateurs, notamment de la Commission des Affaires \u00c9conomiques et Financi\u00e8res du S\u00e9nat, sont en formation, depuis le ...\" \/>\n<meta name=\"robots\" content=\"index, follow, max-snippet:-1, max-image-preview:large, max-video-preview:-1\" \/>\n<link rel=\"canonical\" href=\"https:\/\/www.africa-press.net\/cotedivoire\/politique\/16-senateurs-a-lecole-du-budget-programmes-a-yamoussoukro\" \/>\n<meta property=\"og:locale\" content=\"fr_FR\" \/>\n<meta property=\"og:type\" content=\"article\" \/>\n<meta property=\"og:title\" content=\"16 s\u00e9nateurs \u00e0 l\u2019\u00e9cole du Budget-programmes \u00e0 Yamoussoukro\" \/>\n<meta property=\"og:description\" content=\"Les S\u00e9nateurs, notamment de la Commission des Affaires \u00c9conomiques et Financi\u00e8res du S\u00e9nat, sont en formation, depuis le ...\" \/>\n<meta property=\"og:url\" content=\"https:\/\/www.africa-press.net\/cotedivoire\/politique\/16-senateurs-a-lecole-du-budget-programmes-a-yamoussoukro\" \/>\n<meta property=\"og:site_name\" content=\"C\u00f4te d&#039;Ivoire\" \/>\n<meta property=\"article:published_time\" content=\"2021-05-18T15:41:32+00:00\" \/>\n<meta property=\"article:modified_time\" content=\"2021-05-18T16:32:28+00:00\" \/>\n<meta property=\"og:image\" content=\"https:\/\/static.africa-press.net\/cote\/sites\/43\/2021\/05\/img-60a3d6bea87a1.jpg\" \/>\n\t<meta property=\"og:image:width\" content=\"1134\" \/>\n\t<meta property=\"og:image:height\" content=\"850\" \/>\n\t<meta property=\"og:image:type\" content=\"image\/jpeg\" \/>\n<meta name=\"author\" content=\"cfeditorfr\" \/>\n<meta name=\"twitter:card\" content=\"summary_large_image\" \/>\n<meta name=\"twitter:label1\" content=\"\u00c9crit par\" \/>\n\t<meta name=\"twitter:data1\" content=\"cfeditorfr\" \/>\n\t<meta name=\"twitter:label2\" content=\"Dur\u00e9e de lecture estim\u00e9e\" \/>\n\t<meta name=\"twitter:data2\" content=\"2 minutes\" \/>\n<script type=\"application\/ld+json\" class=\"yoast-schema-graph\">{\"@context\":\"https:\/\/schema.org\",\"@graph\":[{\"@type\":\"Article\",\"@id\":\"https:\/\/www.africa-press.net\/cotedivoire\/politique\/16-senateurs-a-lecole-du-budget-programmes-a-yamoussoukro#article\",\"isPartOf\":{\"@id\":\"https:\/\/www.africa-press.net\/cotedivoire\/politique\/16-senateurs-a-lecole-du-budget-programmes-a-yamoussoukro\"},\"author\":{\"name\":\"cfeditorfr\",\"@id\":\"https:\/\/www.africa-press.net\/cotedivoire\/#\/schema\/person\/2b1cf3cd81a31e3cd26889ca66d677f1\"},\"headline\":\"16 s\u00e9nateurs \u00e0 l\u2019\u00e9cole du Budget-programmes \u00e0 Yamoussoukro\",\"datePublished\":\"2021-05-18T15:41:32+00:00\",\"dateModified\":\"2021-05-18T16:32:28+00:00\",\"mainEntityOfPage\":{\"@id\":\"https:\/\/www.africa-press.net\/cotedivoire\/politique\/16-senateurs-a-lecole-du-budget-programmes-a-yamoussoukro\"},\"wordCount\":324,\"commentCount\":0,\"image\":{\"@id\":\"https:\/\/www.africa-press.net\/cotedivoire\/politique\/16-senateurs-a-lecole-du-budget-programmes-a-yamoussoukro#primaryimage\"},\"thumbnailUrl\":\"https:\/\/static.africa-press.net\/cote\/sites\/43\/2021\/05\/img-60a3d6bea87a1.jpg\",\"keywords\":[\"Africa Press\",\"Africa Press-C\u00f4te d'Ivoire\",\"C\u00d4TE D'IVOIRE\"],\"articleSection\":[\"homepage-french\",\"Politique\",\"Top Nouvelles\",\"Toutes les actualit\u00e9s\"],\"inLanguage\":\"fr-FR\",\"potentialAction\":[{\"@type\":\"CommentAction\",\"name\":\"Comment\",\"target\":[\"https:\/\/www.africa-press.net\/cotedivoire\/politique\/16-senateurs-a-lecole-du-budget-programmes-a-yamoussoukro#respond\"]}]},{\"@type\":\"WebPage\",\"@id\":\"https:\/\/www.africa-press.net\/cotedivoire\/politique\/16-senateurs-a-lecole-du-budget-programmes-a-yamoussoukro\",\"url\":\"https:\/\/www.africa-press.net\/cotedivoire\/politique\/16-senateurs-a-lecole-du-budget-programmes-a-yamoussoukro\",\"name\":\"16 s\u00e9nateurs \u00e0 l\u2019\u00e9cole du Budget-programmes \u00e0 Yamoussoukro - C\u00f4te d&#039;Ivoire\",\"isPartOf\":{\"@id\":\"https:\/\/www.africa-press.net\/cotedivoire\/#website\"},\"primaryImageOfPage\":{\"@id\":\"https:\/\/www.africa-press.net\/cotedivoire\/politique\/16-senateurs-a-lecole-du-budget-programmes-a-yamoussoukro#primaryimage\"},\"image\":{\"@id\":\"https:\/\/www.africa-press.net\/cotedivoire\/politique\/16-senateurs-a-lecole-du-budget-programmes-a-yamoussoukro#primaryimage\"},\"thumbnailUrl\":\"https:\/\/static.africa-press.net\/cote\/sites\/43\/2021\/05\/img-60a3d6bea87a1.jpg\",\"datePublished\":\"2021-05-18T15:41:32+00:00\",\"dateModified\":\"2021-05-18T16:32:28+00:00\",\"author\":{\"@id\":\"https:\/\/www.africa-press.net\/cotedivoire\/#\/schema\/person\/2b1cf3cd81a31e3cd26889ca66d677f1\"},\"description\":\"Les S\u00e9nateurs, notamment de la Commission des Affaires \u00c9conomiques et Financi\u00e8res du S\u00e9nat, sont en formation, depuis le ...\",\"breadcrumb\":{\"@id\":\"https:\/\/www.africa-press.net\/cotedivoire\/politique\/16-senateurs-a-lecole-du-budget-programmes-a-yamoussoukro#breadcrumb\"},\"inLanguage\":\"fr-FR\",\"potentialAction\":[{\"@type\":\"ReadAction\",\"target\":[\"https:\/\/www.africa-press.net\/cotedivoire\/politique\/16-senateurs-a-lecole-du-budget-programmes-a-yamoussoukro\"]}]},{\"@type\":\"ImageObject\",\"inLanguage\":\"fr-FR\",\"@id\":\"https:\/\/www.africa-press.net\/cotedivoire\/politique\/16-senateurs-a-lecole-du-budget-programmes-a-yamoussoukro#primaryimage\",\"url\":\"https:\/\/static.africa-press.net\/cote\/sites\/43\/2021\/05\/img-60a3d6bea87a1.jpg\",\"contentUrl\":\"https:\/\/static.africa-press.net\/cote\/sites\/43\/2021\/05\/img-60a3d6bea87a1.jpg\",\"width\":1134,\"height\":850,\"caption\":\"16 s\u00e9nateurs \u00e0 l\u2019\u00e9cole du Budget-programmes \u00e0 Yamoussoukro\"},{\"@type\":\"BreadcrumbList\",\"@id\":\"https:\/\/www.africa-press.net\/cotedivoire\/politique\/16-senateurs-a-lecole-du-budget-programmes-a-yamoussoukro#breadcrumb\",\"itemListElement\":[{\"@type\":\"ListItem\",\"position\":1,\"name\":\"Accueil\",\"item\":\"https:\/\/www.africa-press.net\/cotedivoire\/\"},{\"@type\":\"ListItem\",\"position\":2,\"name\":\"16 s\u00e9nateurs \u00e0 l\u2019\u00e9cole du Budget-programmes \u00e0 Yamoussoukro\"}]},{\"@type\":\"WebSite\",\"@id\":\"https:\/\/www.africa-press.net\/cotedivoire\/#website\",\"url\":\"https:\/\/www.africa-press.net\/cotedivoire\/\",\"name\":\"C\u00f4te d&#039;Ivoire\",\"description\":\"Just another Africa News Agency Sites site\",\"potentialAction\":[{\"@type\":\"SearchAction\",\"target\":{\"@type\":\"EntryPoint\",\"urlTemplate\":\"https:\/\/www.africa-press.net\/cotedivoire\/?s={search_term_string}\"},\"query-input\":{\"@type\":\"PropertyValueSpecification\",\"valueRequired\":true,\"valueName\":\"search_term_string\"}}],\"inLanguage\":\"fr-FR\"},{\"@type\":\"Person\",\"@id\":\"https:\/\/www.africa-press.net\/cotedivoire\/#\/schema\/person\/2b1cf3cd81a31e3cd26889ca66d677f1\",\"name\":\"cfeditorfr\"}]}<\/script>\n<!-- \/ Yoast SEO Premium plugin. -->","yoast_head_json":{"title":"16 s\u00e9nateurs \u00e0 l\u2019\u00e9cole du Budget-programmes \u00e0 Yamoussoukro - C\u00f4te d&#039;Ivoire","description":"Les S\u00e9nateurs, notamment de la Commission des Affaires \u00c9conomiques et Financi\u00e8res du S\u00e9nat, sont en formation, depuis le ...","robots":{"index":"index","follow":"follow","max-snippet":"max-snippet:-1","max-image-preview":"max-image-preview:large","max-video-preview":"max-video-preview:-1"},"canonical":"https:\/\/www.africa-press.net\/cotedivoire\/politique\/16-senateurs-a-lecole-du-budget-programmes-a-yamoussoukro","og_locale":"fr_FR","og_type":"article","og_title":"16 s\u00e9nateurs \u00e0 l\u2019\u00e9cole du Budget-programmes \u00e0 Yamoussoukro","og_description":"Les S\u00e9nateurs, notamment de la Commission des Affaires \u00c9conomiques et Financi\u00e8res du S\u00e9nat, sont en formation, depuis le ...","og_url":"https:\/\/www.africa-press.net\/cotedivoire\/politique\/16-senateurs-a-lecole-du-budget-programmes-a-yamoussoukro","og_site_name":"C\u00f4te d&#039;Ivoire","article_published_time":"2021-05-18T15:41:32+00:00","article_modified_time":"2021-05-18T16:32:28+00:00","og_image":[{"width":1134,"height":850,"url":"https:\/\/static.africa-press.net\/cote\/sites\/43\/2021\/05\/img-60a3d6bea87a1.jpg","type":"image\/jpeg"}],"author":"cfeditorfr","twitter_card":"summary_large_image","twitter_misc":{"\u00c9crit par":"cfeditorfr","Dur\u00e9e de lecture estim\u00e9e":"2 minutes"},"schema":{"@context":"https:\/\/schema.org","@graph":[{"@type":"Article","@id":"https:\/\/www.africa-press.net\/cotedivoire\/politique\/16-senateurs-a-lecole-du-budget-programmes-a-yamoussoukro#article","isPartOf":{"@id":"https:\/\/www.africa-press.net\/cotedivoire\/politique\/16-senateurs-a-lecole-du-budget-programmes-a-yamoussoukro"},"author":{"name":"cfeditorfr","@id":"https:\/\/www.africa-press.net\/cotedivoire\/#\/schema\/person\/2b1cf3cd81a31e3cd26889ca66d677f1"},"headline":"16 s\u00e9nateurs \u00e0 l\u2019\u00e9cole du Budget-programmes \u00e0 Yamoussoukro","datePublished":"2021-05-18T15:41:32+00:00","dateModified":"2021-05-18T16:32:28+00:00","mainEntityOfPage":{"@id":"https:\/\/www.africa-press.net\/cotedivoire\/politique\/16-senateurs-a-lecole-du-budget-programmes-a-yamoussoukro"},"wordCount":324,"commentCount":0,"image":{"@id":"https:\/\/www.africa-press.net\/cotedivoire\/politique\/16-senateurs-a-lecole-du-budget-programmes-a-yamoussoukro#primaryimage"},"thumbnailUrl":"https:\/\/static.africa-press.net\/cote\/sites\/43\/2021\/05\/img-60a3d6bea87a1.jpg","keywords":["Africa Press","Africa Press-C\u00f4te d'Ivoire","C\u00d4TE D'IVOIRE"],"articleSection":["homepage-french","Politique","Top Nouvelles","Toutes les actualit\u00e9s"],"inLanguage":"fr-FR","potentialAction":[{"@type":"CommentAction","name":"Comment","target":["https:\/\/www.africa-press.net\/cotedivoire\/politique\/16-senateurs-a-lecole-du-budget-programmes-a-yamoussoukro#respond"]}]},{"@type":"WebPage","@id":"https:\/\/www.africa-press.net\/cotedivoire\/politique\/16-senateurs-a-lecole-du-budget-programmes-a-yamoussoukro","url":"https:\/\/www.africa-press.net\/cotedivoire\/politique\/16-senateurs-a-lecole-du-budget-programmes-a-yamoussoukro","name":"16 s\u00e9nateurs \u00e0 l\u2019\u00e9cole du Budget-programmes \u00e0 Yamoussoukro - C\u00f4te d&#039;Ivoire","isPartOf":{"@id":"https:\/\/www.africa-press.net\/cotedivoire\/#website"},"primaryImageOfPage":{"@id":"https:\/\/www.africa-press.net\/cotedivoire\/politique\/16-senateurs-a-lecole-du-budget-programmes-a-yamoussoukro#primaryimage"},"image":{"@id":"https:\/\/www.africa-press.net\/cotedivoire\/politique\/16-senateurs-a-lecole-du-budget-programmes-a-yamoussoukro#primaryimage"},"thumbnailUrl":"https:\/\/static.africa-press.net\/cote\/sites\/43\/2021\/05\/img-60a3d6bea87a1.jpg","datePublished":"2021-05-18T15:41:32+00:00","dateModified":"2021-05-18T16:32:28+00:00","author":{"@id":"https:\/\/www.africa-press.net\/cotedivoire\/#\/schema\/person\/2b1cf3cd81a31e3cd26889ca66d677f1"},"description":"Les S\u00e9nateurs, notamment de la Commission des Affaires \u00c9conomiques et Financi\u00e8res du S\u00e9nat, sont en formation, depuis le ...","breadcrumb":{"@id":"https:\/\/www.africa-press.net\/cotedivoire\/politique\/16-senateurs-a-lecole-du-budget-programmes-a-yamoussoukro#breadcrumb"},"inLanguage":"fr-FR","potentialAction":[{"@type":"ReadAction","target":["https:\/\/www.africa-press.net\/cotedivoire\/politique\/16-senateurs-a-lecole-du-budget-programmes-a-yamoussoukro"]}]},{"@type":"ImageObject","inLanguage":"fr-FR","@id":"https:\/\/www.africa-press.net\/cotedivoire\/politique\/16-senateurs-a-lecole-du-budget-programmes-a-yamoussoukro#primaryimage","url":"https:\/\/static.africa-press.net\/cote\/sites\/43\/2021\/05\/img-60a3d6bea87a1.jpg","contentUrl":"https:\/\/static.africa-press.net\/cote\/sites\/43\/2021\/05\/img-60a3d6bea87a1.jpg","width":1134,"height":850,"caption":"16 s\u00e9nateurs \u00e0 l\u2019\u00e9cole du Budget-programmes \u00e0 Yamoussoukro"},{"@type":"BreadcrumbList","@id":"https:\/\/www.africa-press.net\/cotedivoire\/politique\/16-senateurs-a-lecole-du-budget-programmes-a-yamoussoukro#breadcrumb","itemListElement":[{"@type":"ListItem","position":1,"name":"Accueil","item":"https:\/\/www.africa-press.net\/cotedivoire\/"},{"@type":"ListItem","position":2,"name":"16 s\u00e9nateurs \u00e0 l\u2019\u00e9cole du Budget-programmes \u00e0 Yamoussoukro"}]},{"@type":"WebSite","@id":"https:\/\/www.africa-press.net\/cotedivoire\/#website","url":"https:\/\/www.africa-press.net\/cotedivoire\/","name":"C\u00f4te d&#039;Ivoire","description":"Just another Africa News Agency Sites site","potentialAction":[{"@type":"SearchAction","target":{"@type":"EntryPoint","urlTemplate":"https:\/\/www.africa-press.net\/cotedivoire\/?s={search_term_string}"},"query-input":{"@type":"PropertyValueSpecification","valueRequired":true,"valueName":"search_term_string"}}],"inLanguage":"fr-FR"},{"@type":"Person","@id":"https:\/\/www.africa-press.net\/cotedivoire\/#\/schema\/person\/2b1cf3cd81a31e3cd26889ca66d677f1","name":"cfeditorfr"}]}},"_links":{"self":[{"href":"https:\/\/www.africa-press.net\/cotedivoire\/wp-json\/wp\/v2\/posts\/7906","targetHints":{"allow":["GET"]}}],"collection":[{"href":"https:\/\/www.africa-press.net\/cotedivoire\/wp-json\/wp\/v2\/posts"}],"about":[{"href":"https:\/\/www.africa-press.net\/cotedivoire\/wp-json\/wp\/v2\/types\/post"}],"author":[{"embeddable":true,"href":"https:\/\/www.africa-press.net\/cotedivoire\/wp-json\/wp\/v2\/users\/82"}],"replies":[{"embeddable":true,"href":"https:\/\/www.africa-press.net\/cotedivoire\/wp-json\/wp\/v2\/comments?post=7906"}],"version-history":[{"count":0,"href":"https:\/\/www.africa-press.net\/cotedivoire\/wp-json\/wp\/v2\/posts\/7906\/revisions"}],"wp:featuredmedia":[{"embeddable":true,"href":"https:\/\/www.africa-press.net\/cotedivoire\/wp-json\/wp\/v2\/media\/7905"}],"wp:attachment":[{"href":"https:\/\/www.africa-press.net\/cotedivoire\/wp-json\/wp\/v2\/media?parent=7906"}],"wp:term":[{"taxonomy":"category","embeddable":true,"href":"https:\/\/www.africa-press.net\/cotedivoire\/wp-json\/wp\/v2\/categories?post=7906"},{"taxonomy":"post_tag","embeddable":true,"href":"https:\/\/www.africa-press.net\/cotedivoire\/wp-json\/wp\/v2\/tags?post=7906"}],"curies":[{"name":"wp","href":"https:\/\/api.w.org\/{rel}","templated":true}]}}