{"id":7909,"date":"2021-05-18T15:45:22","date_gmt":"2021-05-18T15:45:22","guid":{"rendered":"https:\/\/www.africa-press.net\/cotedivoire\/?p=7909"},"modified":"2021-05-18T16:32:39","modified_gmt":"2021-05-18T16:32:39","slug":"ouattara-rencontre-cyril-ramaphosa-kais-saied-de-tunisie-et-plusieurs-personnalites-a-paris","status":"publish","type":"post","link":"https:\/\/www.africa-press.net\/cotedivoire\/politique\/ouattara-rencontre-cyril-ramaphosa-kais-saied-de-tunisie-et-plusieurs-personnalites-a-paris","title":{"rendered":"Ouattara rencontre Cyril Ramaphosa, Ka\u00efs Sa\u00efed de Tunisie et plusieurs personnalit\u00e9s \u00e0 Paris"},"content":{"rendered":"<p><span style=\"color: #ff6600\"><strong><a href=\"https:\/\/www.africa-press.net\/\">Africa-Press<\/a> &#8211; <a href=\"https:\/\/www.africa-press.net\/cotedivoire\">C\u00f4te d&rsquo;Ivoire<\/a>.\u00a0 <\/strong><\/span>Les entretiens du Chef de l\u2019Etat Le Pr\u00e9sident de la R\u00e9publique, S.E.M. Alassane OUATTARA, s\u2019est entretenu, successivement, ce lundi 17 mai 2021, \u00e0 Paris, avec son homologue tunisien, S.E.M. Ka\u00efs SA\u00cfED, et le Pr\u00e9sident de la R\u00e9publique d\u2019Afrique du Sud, S.E.M. Cyril<\/p>\n<p>RAMAPHOSA.<\/p>\n<p>L\u2019entretien avec le Pr\u00e9sident de la R\u00e9publique tunisienne, S.E.M. Ka\u00efs SA\u00cfED, a \u00e9t\u00e9 l\u2019occasion d\u2019\u00e9voquer le renforcement des relations de coop\u00e9ration entre la C\u00f4te d\u2019Ivoire et la Tunisie, ainsi que les questions r\u00e9gionales et internationales.<\/p>\n<p>Les Pr\u00e9sidents Alassane OUATTARA et Ka\u00efs SA\u00cfED se sont f\u00e9licit\u00e9s des perspectives de coop\u00e9ration entre leurs deux pays, notamment dans le domaine de la sant\u00e9.<\/p>\n<p>Les \u00e9changes avec le Pr\u00e9sident de la R\u00e9publique d\u2019Afrique du Sud, S.E.M. Cyril RAMAPHOSA, ont permis, quant \u00e0 eux, de faire le point de la coop\u00e9ration entre la C\u00f4te d\u2019Ivoire et l\u2019Afrique du Sud, d\u2019\u00e9voquer les opportunit\u00e9s d\u2019affaires entre les deux pays<br \/>\nainsi que les questions r\u00e9gionales.<\/p>\n<p>Les Pr\u00e9sidents Alassane OUATTARA et Cyril RAMAPHOSA ont r\u00e9affirm\u00e9 leur d\u00e9termination \u00e0 \u0153uvrer davantage pour le renforcement de l\u2019axe Yamoussoukro \u2013<br \/>\nPretoria.<\/p>\n<p>Dans ce cadre, le Pr\u00e9sident Alassane OUATTARA a invit\u00e9 son homologue sud-africain \u00e0 effectuer une Visite d\u2019Etat en C\u00f4te d\u2019Ivoire en fin d\u2019ann\u00e9e.<\/p>\n<p>Notons que dans la soir\u00e9e, le Pr\u00e9sident Alassane OUATTARA et la Premi\u00e8re Dame, Mme Dominique OUATTARA, ont pris part \u00e0 un d\u00eener offert par le Pr\u00e9sident de la R\u00e9publique fran\u00e7aise, S.E.M. Emmanuel MACRON, au Palais de l\u2019Elys\u00e9e.<\/p>\n","protected":false},"excerpt":{"rendered":"<p>Africa-Press &#8211; C\u00f4te d&rsquo;Ivoire.\u00a0 Les entretiens du Chef de l\u2019Etat Le Pr\u00e9sident de la R\u00e9publique, S.E.M. Alassane OUATTARA, s\u2019est entretenu, successivement, ce lundi 17 mai 2021, \u00e0 Paris, avec son homologue tunisien, S.E.M. Ka\u00efs SA\u00cfED, et le Pr\u00e9sident de la R\u00e9publique d\u2019Afrique du Sud, S.E.M. Cyril RAMAPHOSA. L\u2019entretien avec le Pr\u00e9sident de la R\u00e9publique tunisienne, [&hellip;]<\/p>\n","protected":false},"author":82,"featured_media":7908,"comment_status":"open","ping_status":"closed","sticky":false,"template":"","format":"standard","meta":{"footnotes":""},"categories":[11,2,20,10],"tags":[56,63,29],"class_list":["post-7909","post","type-post","status-publish","format-standard","has-post-thumbnail","hentry","category-homepage-french","category-politique","category-top-nouvelles","category-toutes-les-actualites","tag-africa-press","tag-africa-press-cote-divoire","tag-cote-divoire"],"yoast_head":"<!-- This site is optimized with the Yoast SEO Premium plugin v26.1 (Yoast SEO v27.0) - https:\/\/yoast.com\/product\/yoast-seo-premium-wordpress\/ -->\n<title>Ouattara rencontre Cyril Ramaphosa, Ka\u00efs Sa\u00efed de Tunisie et plusieurs personnalit\u00e9s \u00e0 Paris - C\u00f4te d&#039;Ivoire<\/title>\n<meta name=\"description\" content=\"Note d\u2019information nr. 1706 DU 17 mai 2021 Les entretiens du Chef de l\u2019Etat Le Pr\u00e9sident de la R\u00e9publique, S.E.M. Alass ...\" \/>\n<meta name=\"robots\" content=\"index, follow, max-snippet:-1, max-image-preview:large, max-video-preview:-1\" \/>\n<link rel=\"canonical\" href=\"https:\/\/www.africa-press.net\/cotedivoire\/politique\/ouattara-rencontre-cyril-ramaphosa-kais-saied-de-tunisie-et-plusieurs-personnalites-a-paris\" \/>\n<meta property=\"og:locale\" content=\"fr_FR\" \/>\n<meta property=\"og:type\" content=\"article\" \/>\n<meta property=\"og:title\" content=\"Ouattara rencontre Cyril Ramaphosa, Ka\u00efs Sa\u00efed de Tunisie et plusieurs personnalit\u00e9s \u00e0 Paris\" \/>\n<meta property=\"og:description\" content=\"Note d\u2019information nr. 1706 DU 17 mai 2021 Les entretiens du Chef de l\u2019Etat Le Pr\u00e9sident de la R\u00e9publique, S.E.M. Alass ...\" \/>\n<meta property=\"og:url\" content=\"https:\/\/www.africa-press.net\/cotedivoire\/politique\/ouattara-rencontre-cyril-ramaphosa-kais-saied-de-tunisie-et-plusieurs-personnalites-a-paris\" \/>\n<meta property=\"og:site_name\" content=\"C\u00f4te d&#039;Ivoire\" \/>\n<meta property=\"article:published_time\" content=\"2021-05-18T15:45:22+00:00\" \/>\n<meta property=\"article:modified_time\" content=\"2021-05-18T16:32:39+00:00\" \/>\n<meta property=\"og:image\" content=\"https:\/\/static.africa-press.net\/cote\/sites\/43\/2021\/05\/img-60a3d6f216465.jpg\" \/>\n\t<meta property=\"og:image:width\" content=\"1000\" \/>\n\t<meta property=\"og:image:height\" content=\"691\" \/>\n\t<meta property=\"og:image:type\" content=\"image\/jpeg\" \/>\n<meta name=\"author\" content=\"cfeditorfr\" \/>\n<meta name=\"twitter:card\" content=\"summary_large_image\" \/>\n<meta name=\"twitter:label1\" content=\"\u00c9crit par\" \/>\n\t<meta name=\"twitter:data1\" content=\"cfeditorfr\" \/>\n\t<meta name=\"twitter:label2\" content=\"Dur\u00e9e de lecture estim\u00e9e\" \/>\n\t<meta name=\"twitter:data2\" content=\"2 minutes\" \/>\n<script type=\"application\/ld+json\" class=\"yoast-schema-graph\">{\"@context\":\"https:\/\/schema.org\",\"@graph\":[{\"@type\":\"Article\",\"@id\":\"https:\/\/www.africa-press.net\/cotedivoire\/politique\/ouattara-rencontre-cyril-ramaphosa-kais-saied-de-tunisie-et-plusieurs-personnalites-a-paris#article\",\"isPartOf\":{\"@id\":\"https:\/\/www.africa-press.net\/cotedivoire\/politique\/ouattara-rencontre-cyril-ramaphosa-kais-saied-de-tunisie-et-plusieurs-personnalites-a-paris\"},\"author\":{\"name\":\"cfeditorfr\",\"@id\":\"https:\/\/www.africa-press.net\/cotedivoire\/#\/schema\/person\/2b1cf3cd81a31e3cd26889ca66d677f1\"},\"headline\":\"Ouattara rencontre Cyril Ramaphosa, Ka\u00efs Sa\u00efed de Tunisie et plusieurs personnalit\u00e9s \u00e0 Paris\",\"datePublished\":\"2021-05-18T15:45:22+00:00\",\"dateModified\":\"2021-05-18T16:32:39+00:00\",\"mainEntityOfPage\":{\"@id\":\"https:\/\/www.africa-press.net\/cotedivoire\/politique\/ouattara-rencontre-cyril-ramaphosa-kais-saied-de-tunisie-et-plusieurs-personnalites-a-paris\"},\"wordCount\":313,\"commentCount\":0,\"image\":{\"@id\":\"https:\/\/www.africa-press.net\/cotedivoire\/politique\/ouattara-rencontre-cyril-ramaphosa-kais-saied-de-tunisie-et-plusieurs-personnalites-a-paris#primaryimage\"},\"thumbnailUrl\":\"https:\/\/static.africa-press.net\/cote\/sites\/43\/2021\/05\/img-60a3d6f216465.jpg\",\"keywords\":[\"Africa Press\",\"Africa Press-C\u00f4te d'Ivoire\",\"C\u00d4TE D'IVOIRE\"],\"articleSection\":[\"homepage-french\",\"Politique\",\"Top Nouvelles\",\"Toutes les actualit\u00e9s\"],\"inLanguage\":\"fr-FR\",\"potentialAction\":[{\"@type\":\"CommentAction\",\"name\":\"Comment\",\"target\":[\"https:\/\/www.africa-press.net\/cotedivoire\/politique\/ouattara-rencontre-cyril-ramaphosa-kais-saied-de-tunisie-et-plusieurs-personnalites-a-paris#respond\"]}]},{\"@type\":\"WebPage\",\"@id\":\"https:\/\/www.africa-press.net\/cotedivoire\/politique\/ouattara-rencontre-cyril-ramaphosa-kais-saied-de-tunisie-et-plusieurs-personnalites-a-paris\",\"url\":\"https:\/\/www.africa-press.net\/cotedivoire\/politique\/ouattara-rencontre-cyril-ramaphosa-kais-saied-de-tunisie-et-plusieurs-personnalites-a-paris\",\"name\":\"Ouattara rencontre Cyril Ramaphosa, Ka\u00efs Sa\u00efed de Tunisie et plusieurs personnalit\u00e9s \u00e0 Paris - C\u00f4te d&#039;Ivoire\",\"isPartOf\":{\"@id\":\"https:\/\/www.africa-press.net\/cotedivoire\/#website\"},\"primaryImageOfPage\":{\"@id\":\"https:\/\/www.africa-press.net\/cotedivoire\/politique\/ouattara-rencontre-cyril-ramaphosa-kais-saied-de-tunisie-et-plusieurs-personnalites-a-paris#primaryimage\"},\"image\":{\"@id\":\"https:\/\/www.africa-press.net\/cotedivoire\/politique\/ouattara-rencontre-cyril-ramaphosa-kais-saied-de-tunisie-et-plusieurs-personnalites-a-paris#primaryimage\"},\"thumbnailUrl\":\"https:\/\/static.africa-press.net\/cote\/sites\/43\/2021\/05\/img-60a3d6f216465.jpg\",\"datePublished\":\"2021-05-18T15:45:22+00:00\",\"dateModified\":\"2021-05-18T16:32:39+00:00\",\"author\":{\"@id\":\"https:\/\/www.africa-press.net\/cotedivoire\/#\/schema\/person\/2b1cf3cd81a31e3cd26889ca66d677f1\"},\"description\":\"Note d\u2019information nr. 1706 DU 17 mai 2021 Les entretiens du Chef de l\u2019Etat Le Pr\u00e9sident de la R\u00e9publique, S.E.M. Alass ...\",\"breadcrumb\":{\"@id\":\"https:\/\/www.africa-press.net\/cotedivoire\/politique\/ouattara-rencontre-cyril-ramaphosa-kais-saied-de-tunisie-et-plusieurs-personnalites-a-paris#breadcrumb\"},\"inLanguage\":\"fr-FR\",\"potentialAction\":[{\"@type\":\"ReadAction\",\"target\":[\"https:\/\/www.africa-press.net\/cotedivoire\/politique\/ouattara-rencontre-cyril-ramaphosa-kais-saied-de-tunisie-et-plusieurs-personnalites-a-paris\"]}]},{\"@type\":\"ImageObject\",\"inLanguage\":\"fr-FR\",\"@id\":\"https:\/\/www.africa-press.net\/cotedivoire\/politique\/ouattara-rencontre-cyril-ramaphosa-kais-saied-de-tunisie-et-plusieurs-personnalites-a-paris#primaryimage\",\"url\":\"https:\/\/static.africa-press.net\/cote\/sites\/43\/2021\/05\/img-60a3d6f216465.jpg\",\"contentUrl\":\"https:\/\/static.africa-press.net\/cote\/sites\/43\/2021\/05\/img-60a3d6f216465.jpg\",\"width\":1000,\"height\":691,\"caption\":\"Ouattara rencontre Cyril Ramaphosa, Ka\u00efs Sa\u00efed de Tunisie et plusieurs personnalit\u00e9s \u00e0 Paris\"},{\"@type\":\"BreadcrumbList\",\"@id\":\"https:\/\/www.africa-press.net\/cotedivoire\/politique\/ouattara-rencontre-cyril-ramaphosa-kais-saied-de-tunisie-et-plusieurs-personnalites-a-paris#breadcrumb\",\"itemListElement\":[{\"@type\":\"ListItem\",\"position\":1,\"name\":\"Accueil\",\"item\":\"https:\/\/www.africa-press.net\/cotedivoire\/\"},{\"@type\":\"ListItem\",\"position\":2,\"name\":\"Ouattara rencontre Cyril Ramaphosa, Ka\u00efs Sa\u00efed de Tunisie et plusieurs personnalit\u00e9s \u00e0 Paris\"}]},{\"@type\":\"WebSite\",\"@id\":\"https:\/\/www.africa-press.net\/cotedivoire\/#website\",\"url\":\"https:\/\/www.africa-press.net\/cotedivoire\/\",\"name\":\"C\u00f4te d&#039;Ivoire\",\"description\":\"Just another Africa News Agency Sites site\",\"potentialAction\":[{\"@type\":\"SearchAction\",\"target\":{\"@type\":\"EntryPoint\",\"urlTemplate\":\"https:\/\/www.africa-press.net\/cotedivoire\/?s={search_term_string}\"},\"query-input\":{\"@type\":\"PropertyValueSpecification\",\"valueRequired\":true,\"valueName\":\"search_term_string\"}}],\"inLanguage\":\"fr-FR\"},{\"@type\":\"Person\",\"@id\":\"https:\/\/www.africa-press.net\/cotedivoire\/#\/schema\/person\/2b1cf3cd81a31e3cd26889ca66d677f1\",\"name\":\"cfeditorfr\"}]}<\/script>\n<!-- \/ Yoast SEO Premium plugin. -->","yoast_head_json":{"title":"Ouattara rencontre Cyril Ramaphosa, Ka\u00efs Sa\u00efed de Tunisie et plusieurs personnalit\u00e9s \u00e0 Paris - C\u00f4te d&#039;Ivoire","description":"Note d\u2019information nr. 1706 DU 17 mai 2021 Les entretiens du Chef de l\u2019Etat Le Pr\u00e9sident de la R\u00e9publique, S.E.M. Alass ...","robots":{"index":"index","follow":"follow","max-snippet":"max-snippet:-1","max-image-preview":"max-image-preview:large","max-video-preview":"max-video-preview:-1"},"canonical":"https:\/\/www.africa-press.net\/cotedivoire\/politique\/ouattara-rencontre-cyril-ramaphosa-kais-saied-de-tunisie-et-plusieurs-personnalites-a-paris","og_locale":"fr_FR","og_type":"article","og_title":"Ouattara rencontre Cyril Ramaphosa, Ka\u00efs Sa\u00efed de Tunisie et plusieurs personnalit\u00e9s \u00e0 Paris","og_description":"Note d\u2019information nr. 1706 DU 17 mai 2021 Les entretiens du Chef de l\u2019Etat Le Pr\u00e9sident de la R\u00e9publique, S.E.M. Alass ...","og_url":"https:\/\/www.africa-press.net\/cotedivoire\/politique\/ouattara-rencontre-cyril-ramaphosa-kais-saied-de-tunisie-et-plusieurs-personnalites-a-paris","og_site_name":"C\u00f4te d&#039;Ivoire","article_published_time":"2021-05-18T15:45:22+00:00","article_modified_time":"2021-05-18T16:32:39+00:00","og_image":[{"width":1000,"height":691,"url":"https:\/\/static.africa-press.net\/cote\/sites\/43\/2021\/05\/img-60a3d6f216465.jpg","type":"image\/jpeg"}],"author":"cfeditorfr","twitter_card":"summary_large_image","twitter_misc":{"\u00c9crit par":"cfeditorfr","Dur\u00e9e de lecture estim\u00e9e":"2 minutes"},"schema":{"@context":"https:\/\/schema.org","@graph":[{"@type":"Article","@id":"https:\/\/www.africa-press.net\/cotedivoire\/politique\/ouattara-rencontre-cyril-ramaphosa-kais-saied-de-tunisie-et-plusieurs-personnalites-a-paris#article","isPartOf":{"@id":"https:\/\/www.africa-press.net\/cotedivoire\/politique\/ouattara-rencontre-cyril-ramaphosa-kais-saied-de-tunisie-et-plusieurs-personnalites-a-paris"},"author":{"name":"cfeditorfr","@id":"https:\/\/www.africa-press.net\/cotedivoire\/#\/schema\/person\/2b1cf3cd81a31e3cd26889ca66d677f1"},"headline":"Ouattara rencontre Cyril Ramaphosa, Ka\u00efs Sa\u00efed de Tunisie et plusieurs personnalit\u00e9s \u00e0 Paris","datePublished":"2021-05-18T15:45:22+00:00","dateModified":"2021-05-18T16:32:39+00:00","mainEntityOfPage":{"@id":"https:\/\/www.africa-press.net\/cotedivoire\/politique\/ouattara-rencontre-cyril-ramaphosa-kais-saied-de-tunisie-et-plusieurs-personnalites-a-paris"},"wordCount":313,"commentCount":0,"image":{"@id":"https:\/\/www.africa-press.net\/cotedivoire\/politique\/ouattara-rencontre-cyril-ramaphosa-kais-saied-de-tunisie-et-plusieurs-personnalites-a-paris#primaryimage"},"thumbnailUrl":"https:\/\/static.africa-press.net\/cote\/sites\/43\/2021\/05\/img-60a3d6f216465.jpg","keywords":["Africa Press","Africa Press-C\u00f4te d'Ivoire","C\u00d4TE D'IVOIRE"],"articleSection":["homepage-french","Politique","Top Nouvelles","Toutes les actualit\u00e9s"],"inLanguage":"fr-FR","potentialAction":[{"@type":"CommentAction","name":"Comment","target":["https:\/\/www.africa-press.net\/cotedivoire\/politique\/ouattara-rencontre-cyril-ramaphosa-kais-saied-de-tunisie-et-plusieurs-personnalites-a-paris#respond"]}]},{"@type":"WebPage","@id":"https:\/\/www.africa-press.net\/cotedivoire\/politique\/ouattara-rencontre-cyril-ramaphosa-kais-saied-de-tunisie-et-plusieurs-personnalites-a-paris","url":"https:\/\/www.africa-press.net\/cotedivoire\/politique\/ouattara-rencontre-cyril-ramaphosa-kais-saied-de-tunisie-et-plusieurs-personnalites-a-paris","name":"Ouattara rencontre Cyril Ramaphosa, Ka\u00efs Sa\u00efed de Tunisie et plusieurs personnalit\u00e9s \u00e0 Paris - C\u00f4te d&#039;Ivoire","isPartOf":{"@id":"https:\/\/www.africa-press.net\/cotedivoire\/#website"},"primaryImageOfPage":{"@id":"https:\/\/www.africa-press.net\/cotedivoire\/politique\/ouattara-rencontre-cyril-ramaphosa-kais-saied-de-tunisie-et-plusieurs-personnalites-a-paris#primaryimage"},"image":{"@id":"https:\/\/www.africa-press.net\/cotedivoire\/politique\/ouattara-rencontre-cyril-ramaphosa-kais-saied-de-tunisie-et-plusieurs-personnalites-a-paris#primaryimage"},"thumbnailUrl":"https:\/\/static.africa-press.net\/cote\/sites\/43\/2021\/05\/img-60a3d6f216465.jpg","datePublished":"2021-05-18T15:45:22+00:00","dateModified":"2021-05-18T16:32:39+00:00","author":{"@id":"https:\/\/www.africa-press.net\/cotedivoire\/#\/schema\/person\/2b1cf3cd81a31e3cd26889ca66d677f1"},"description":"Note d\u2019information nr. 1706 DU 17 mai 2021 Les entretiens du Chef de l\u2019Etat Le Pr\u00e9sident de la R\u00e9publique, S.E.M. Alass ...","breadcrumb":{"@id":"https:\/\/www.africa-press.net\/cotedivoire\/politique\/ouattara-rencontre-cyril-ramaphosa-kais-saied-de-tunisie-et-plusieurs-personnalites-a-paris#breadcrumb"},"inLanguage":"fr-FR","potentialAction":[{"@type":"ReadAction","target":["https:\/\/www.africa-press.net\/cotedivoire\/politique\/ouattara-rencontre-cyril-ramaphosa-kais-saied-de-tunisie-et-plusieurs-personnalites-a-paris"]}]},{"@type":"ImageObject","inLanguage":"fr-FR","@id":"https:\/\/www.africa-press.net\/cotedivoire\/politique\/ouattara-rencontre-cyril-ramaphosa-kais-saied-de-tunisie-et-plusieurs-personnalites-a-paris#primaryimage","url":"https:\/\/static.africa-press.net\/cote\/sites\/43\/2021\/05\/img-60a3d6f216465.jpg","contentUrl":"https:\/\/static.africa-press.net\/cote\/sites\/43\/2021\/05\/img-60a3d6f216465.jpg","width":1000,"height":691,"caption":"Ouattara rencontre Cyril Ramaphosa, Ka\u00efs Sa\u00efed de Tunisie et plusieurs personnalit\u00e9s \u00e0 Paris"},{"@type":"BreadcrumbList","@id":"https:\/\/www.africa-press.net\/cotedivoire\/politique\/ouattara-rencontre-cyril-ramaphosa-kais-saied-de-tunisie-et-plusieurs-personnalites-a-paris#breadcrumb","itemListElement":[{"@type":"ListItem","position":1,"name":"Accueil","item":"https:\/\/www.africa-press.net\/cotedivoire\/"},{"@type":"ListItem","position":2,"name":"Ouattara rencontre Cyril Ramaphosa, Ka\u00efs Sa\u00efed de Tunisie et plusieurs personnalit\u00e9s \u00e0 Paris"}]},{"@type":"WebSite","@id":"https:\/\/www.africa-press.net\/cotedivoire\/#website","url":"https:\/\/www.africa-press.net\/cotedivoire\/","name":"C\u00f4te d&#039;Ivoire","description":"Just another Africa News Agency Sites site","potentialAction":[{"@type":"SearchAction","target":{"@type":"EntryPoint","urlTemplate":"https:\/\/www.africa-press.net\/cotedivoire\/?s={search_term_string}"},"query-input":{"@type":"PropertyValueSpecification","valueRequired":true,"valueName":"search_term_string"}}],"inLanguage":"fr-FR"},{"@type":"Person","@id":"https:\/\/www.africa-press.net\/cotedivoire\/#\/schema\/person\/2b1cf3cd81a31e3cd26889ca66d677f1","name":"cfeditorfr"}]}},"_links":{"self":[{"href":"https:\/\/www.africa-press.net\/cotedivoire\/wp-json\/wp\/v2\/posts\/7909","targetHints":{"allow":["GET"]}}],"collection":[{"href":"https:\/\/www.africa-press.net\/cotedivoire\/wp-json\/wp\/v2\/posts"}],"about":[{"href":"https:\/\/www.africa-press.net\/cotedivoire\/wp-json\/wp\/v2\/types\/post"}],"author":[{"embeddable":true,"href":"https:\/\/www.africa-press.net\/cotedivoire\/wp-json\/wp\/v2\/users\/82"}],"replies":[{"embeddable":true,"href":"https:\/\/www.africa-press.net\/cotedivoire\/wp-json\/wp\/v2\/comments?post=7909"}],"version-history":[{"count":0,"href":"https:\/\/www.africa-press.net\/cotedivoire\/wp-json\/wp\/v2\/posts\/7909\/revisions"}],"wp:featuredmedia":[{"embeddable":true,"href":"https:\/\/www.africa-press.net\/cotedivoire\/wp-json\/wp\/v2\/media\/7908"}],"wp:attachment":[{"href":"https:\/\/www.africa-press.net\/cotedivoire\/wp-json\/wp\/v2\/media?parent=7909"}],"wp:term":[{"taxonomy":"category","embeddable":true,"href":"https:\/\/www.africa-press.net\/cotedivoire\/wp-json\/wp\/v2\/categories?post=7909"},{"taxonomy":"post_tag","embeddable":true,"href":"https:\/\/www.africa-press.net\/cotedivoire\/wp-json\/wp\/v2\/tags?post=7909"}],"curies":[{"name":"wp","href":"https:\/\/api.w.org\/{rel}","templated":true}]}}