{"id":7912,"date":"2021-05-18T15:55:10","date_gmt":"2021-05-18T15:55:10","guid":{"rendered":"https:\/\/www.africa-press.net\/cotedivoire\/?p=7912"},"modified":"2021-05-18T16:33:01","modified_gmt":"2021-05-18T16:33:01","slug":"la-problematique-de-leau-en-cote-divoire-veritable-source-dangoisse-chez-les-populations-dabidjan-et-banlieues-reportage","status":"publish","type":"post","link":"https:\/\/www.africa-press.net\/cotedivoire\/economie\/la-problematique-de-leau-en-cote-divoire-veritable-source-dangoisse-chez-les-populations-dabidjan-et-banlieues-reportage","title":{"rendered":"La probl\u00e9matique de l\u2019eau en C\u00f4te d\u2019Ivoire, v\u00e9ritable source d\u2019angoisse chez les populations d\u2019Abidjan et banlieues (reportage)"},"content":{"rendered":"<p><span style=\"color: #ff6600\"><strong><a href=\"https:\/\/www.africa-press.net\/\">Africa-Press<\/a> &#8211; <a href=\"https:\/\/www.africa-press.net\/cotedivoire\">C\u00f4te d&rsquo;Ivoire<\/a>.\u00a0 <\/strong><\/span>\u00a0Partout dans les rues, bassine sur la t\u00eate, des seaux ou des bidons en main ou dans des brouettes, les femmes et filles, en premi\u00e8re ligne pour la plupart du temps, passent toute la journ\u00e9e \u00e0 la recherche d\u2019eau, sollicitant parfois des personnes de bonne volont\u00e9 pour recueillir ne serait-ce qu\u2019un peu d\u2019eau pour leurs besoins vitaux.<\/p>\n<p>L\u2019obtention de l\u2019eau, une gageure<\/p>\n<p>A Anyama Belleville, on assiste \u00e0 une la lutte perp\u00e9tuelle pour l\u2019acquisition de l\u2019eau potable en quantit\u00e9 et en qualit\u00e9 suffisante. Des m\u00e9nages remettent des bidons de 20 \u00e0 25 litres \u00e0 des revendeurs pour fournir ce liquide pr\u00e9cieux au prix de 100 \u00e0 150 FCFA. \u00ab Souvent les revendeurs d\u2019eau peuvent passer des semaines \u00e0 la recherche de l\u2019eau. Et pendant cette p\u00e9riode, nous crevons. L\u2019eau est source de vie. On peut vivre sans \u00e9lectricit\u00e9 mais pas l\u2019eau \u00bb, se plaint Ekissi Emmanuela. Dans l\u2019un des points d\u2019attente, la fatigue et l\u2019impatience de voir son tour arriver cr\u00e9ent des disputes, des insultes, des bagarres et du d\u00e9sordre. Les plus faibles se retirent et repartent \u00e0 la recherche d\u2019autres points de ravitaillement.<\/p>\n<p>Le jeune Sedion Kidana raconte que certaines femmes sont oblig\u00e9es de se coucher dans les lieux de ravitaillement \u00e0 m\u00eame le sol, sur un morceau de pagne, sommeillant dans l\u2019attente de l\u2019obtention d\u2019eau. Les journ\u00e9es se pr\u00e9sentant infructueuses, il faut maintenant passer des nuits blanches \u00e0 la recherche d\u2019eau.<\/p>\n<p>Ainsi, de jour comme de nuit voire jusqu\u2019au petit matin, les femmes et quelques hommes parcourent les quelques points d\u2019eau de ravitaillement de fortune.<\/p>\n<p>Une chose est d\u00e9sormais s\u00fbre, la nuit est le moment propice pour avoir de l\u2019eau, la journ\u00e9e pas la peine d\u2019esp\u00e9rer. Seuls quelques rares points de ravitaillement de fortune ont la chance d\u2019aider les nombreuses femmes d\u00e9munies qui ont besoin d\u2019eau pour l\u2019utilisation domestique comparativement aux industries et autres utilisateurs.<\/p>\n<p>\u00ab Quand nous pensons que la demande en eau pour la majorit\u00e9 de cette population pauvre consiste \u00e0 un acc\u00e8s \u00e0 l\u2019eau pour se laver le corps et faire la lessive, faire la vaisselle et la cuisine, boire, les utilit\u00e9s m\u00e9nag\u00e8res, etc., et en voyant cette situation, elle nous intrigue \u00bb, d\u00e9plore Kokora Armand de l\u2019ONG \u201cVie meilleure \u00e0 Abobo\u201d.<\/p>\n<p>Sur place, le constat est l\u00e0. D\u00e9butant par une sous alimentation et des coupures intempestives de plusieurs jours, la p\u00e9nurie en eau est maintenant un probl\u00e8me crucial dans ce quartier. La p\u00e9riode de la sous alimentation et des coupures a consid\u00e9rablement modifi\u00e9 les habitudes et les comportements des populations.<\/p>\n<p>Alors, depuis f\u00e9vrier 2021, selon Mme Kolat\u00e9 Eug\u00e9nie, les m\u00e9nages laissent les robinets ouverts et veillent tranquillement, attendant l\u2019arriv\u00e9e de l\u2019eau.<\/p>\n<p>Pour les quelques foyers chanceux, l\u2019eau peut encore voir venir vers 1H voire 2H du matin, une faible pression. L\u2019on en profite pour faire le plein des f\u00fbts, la lessive, la vaisselle et le bain. \u00ab On se r\u00e9veillait, \u00e0 1H ou 2H pour recueillir l\u2019eau au robinet. Mais maintenant, ce liquide ne vient plus. On paye la barrique \u00e0 1500 FCFA pour l\u2019utiliser en une journ\u00e9e. Dans le mois, cela revient \u00e0 45.000 FCFA\u00bb, d\u00e9plore dame Kon\u00e9 Malo.<\/p>\n<p>Pour les foyers non approvisionn\u00e9s en eau courante, il faut simplement se tourner vers les puits ou les revendeurs d\u2019eau. Ce qui n\u00e9cessite toutes les strat\u00e9gies possibles et n\u00e9cessaires : le porte \u00e0 porte, une cuvette d\u2019eau, une bouteille d\u2019eau\u2026 En plus des m\u00e9nages, les activit\u00e9s \u00e9conomiques n\u2019\u00e9chappent pas \u00e0 la situation.<\/p>\n<p>\u00ab Je suis propri\u00e9taire d\u2019un salon de coiffure dame. Nous avons des shampoings \u00e0 faire. A cause du manque d\u2019eau, chaque cliente se d\u00e9brouille pour laver sa t\u00eate avant de venir au salon. Tout ce qui concerne l\u2019eau ici, on ne fait plus. Je perds mes clientes de shampoings et de p\u00e9dicure \u00bb, r\u00e9v\u00e8le Bamba Salimata.<\/p>\n<p>Trouvant la situation intenable, ces populations d\u2019Anyama Belleville ont manifest\u00e9 le 04 mai 2021, en obstruant les voies pour exprimer leur m\u00e9contentement face au manque d\u2019eau dans les robinets. Les populations de ce quartier ne sont pas les seules \u00e0 vivre ce calvaire.<\/p>\n<p>Abidjan. A Abobo PK 18, Anonkoua Kout\u00e9 3, Nguessankoua, Bocabo et les Vallons, c\u2019est la croix et la banni\u00e8re pour s\u2019offrir ce liquide. Les femmes en premi\u00e8re ligne et \u00e0 pied d\u2019\u0153uvre nuit et jour dans cette fameuse chasse \u00e0 l\u2019eau sont mobilis\u00e9es pour se faire servir. Sur place des travailleurs sont angoiss\u00e9s par cette situation.<\/p>\n<p>Ceux-ci sont oblig\u00e9s de se promener dans leurs lieux de travail avec des bidons d\u2019eau \u00e0 la recherche d\u2019eau, pour soulager leurs familles.<\/p>\n<p>\u00ab Depuis fin f\u00e9vrier 2021, je sors chaque jour avec des bidons que je remplis dans mon lieu de travail. C\u2019est comme cela que je me d\u00e9brouille avec ma famille. C\u2019est tr\u00e8s difficile de vivre \u00e0 Abobo PK 18 \u00bb, d\u00e9nonce Hamed Coulibaly, un fonctionnaire.<\/p>\n<p>Voil\u00e0 maintenant plus d\u2019un mois, voire deux ou quatre mois pour certains, de faire une chasse \u00e0 la ressource naturelle.<\/p>\n<p>Un besoin en eau qui s\u2019accro\u00eet au fil du temps et fait ressortir la probl\u00e9matique de la r\u00e9solution durable de la p\u00e9nurie d\u2019eau, dans un contexte de d\u00e9mographie galopante.<\/p>\n<p>Les solutions du gouvernement<\/p>\n<p>En cette p\u00e9riode de rationalisation de l\u2019\u00e9lectricit\u00e9, le ministre de l\u2019Hydraulique, Laurent Tchagba, a successivement sillonn\u00e9 le mardi 11 mai 2021 Anyama Belleville et Anyama Plateau puis le 14 mai, les quartiers de PK 18 et Anonkoua Kout\u00e9 3 extension o\u00f9 le d\u00e9ficit d\u2019eau est fortement ressenti.<\/p>\n<p>\u00ab La fourniture d\u2019eau potable d\u00e9pend du fonctionnement de nos usines qui s\u2019alimentent de l\u2019\u00e9lectricit\u00e9. Si cette mati\u00e8re manque, nos usines s\u2019arr\u00eatent. Nous avons mis en place des groupes \u00e9lectrog\u00e8nes mais cette eau que nous prenons \u00e0 partir des groupes n\u2019est pas suffisante \u00bb, a d\u00e9plor\u00e9 M. Tchagba.<\/p>\n<p>Lors de sa visite, le ministre de l\u2019Hydraulique a instruit le comit\u00e9 de crise compos\u00e9 de responsables de son d\u00e9partement, de l\u2019Office national de l\u2019eau potable (ONEP) et de la Soci\u00e9t\u00e9 de distribution d\u2019eau de la C\u00f4te d\u2019Ivoire (SODECI) \u00e0 fournir l\u2019eau avec les camions citernes en continu, dans tous les quartiers d\u2019Abidjan o\u00f9 un besoin se fera sentir.<\/p>\n<p>Sur place \u00e0 Anyama Belleville, l\u2019AIP a constat\u00e9 la pr\u00e9sence de camions citernes approvisionnant les m\u00e9nages. Interrog\u00e9 sur les causes r\u00e9elles du manque d\u2019eau, M. Tchagba a rassur\u00e9 que de nombreux investissements ont \u00e9t\u00e9 r\u00e9alis\u00e9s pour r\u00e9pondre \u00e0 la demande d\u2019eau dans le district d\u2019Abidjan qui est de 650.000 m3.<\/p>\n<p>Il a expliqu\u00e9 que le d\u00e9ficit \u00e0 Abidjan tourne autour de 120.000 m3\/j dans les 430 quartiers d\u2019Abidjan dont 155 sous-quartiers qui n\u2019ont pas du tout de canalisation et qui sont inscrits au programme d\u2019Am\u00e9lioration des performances techniques et financi\u00e8res du secteur de l\u2019eau potable (APTF).<\/p>\n<p>\u00ab En pr\u00e9lude de la s\u00e9cheresse nous avons anticip\u00e9 car nous savons que janvier, f\u00e9vrier, mars, avril et mai sont les mois de la p\u00e9riode de s\u00e9cheresse. Mais nous avons \u00e9t\u00e9 frein\u00e9s par la Covid-19 et nous sommes \u00e0 45% des travaux. Nous avons repris les travaux et nous projetons que d\u2019ici la fin d\u00e9cembre 2021, les choses rentreront dans l\u2019ordre \u00bb, a promis le ministre.<\/p>\n<p>A Abidjan, on attend souvent des personnes dire que le district d\u2019Abidjan est bond\u00e9 d\u2019eau et elles ne comprennent pas les raisons du d\u00e9ficit. R\u00e9agissant \u00e0 cette pr\u00e9occupation, Laurent Tchagba a relev\u00e9 que cette eau est saum\u00e2tre et impropre \u00e0 la consommation. \u00ab Toute cette eau qui entoure le Grand Abidjan, on ne peut utiliser que les 1%, car c\u2019est une eau saum\u00e2tre. Cela veut dire qu\u2019on ne peut pas la boire. Elle est sal\u00e9e. La lagune est en contact avec la mer donc cette eau est sal\u00e9e. Vous ne pouvez pas prendre l\u2019eau de la mer pour donner \u00e0 la population \u00bb, a justifi\u00e9 Laurent Tchagba.<\/p>\n<p>Il a expliqu\u00e9 que la C\u00f4te d\u2019Ivoire particuli\u00e8rement Abidjan a la chance d\u2019avoir l\u2019une des meilleures nappes phr\u00e9atiques au monde.<\/p>\n<p>Toutefois, \u00e0 en croire le ministre, avec la croissance tr\u00e8s rapide de la ville d\u2019Abidjan, les infrastructures hydrauliques sont insuffisantes pour alimenter les populations. \u00ab C\u2019est pourquoi nous proposons au gouvernement d\u2019anticiper sur un certain nombre de projets car la ville s\u2019agrandit trop vite \u00bb, a indiqu\u00e9 M. Tchagba.<\/p>\n<p>A Anyama Belleville, le probl\u00e8me d\u2019eau est caus\u00e9 par la fraude qui impacte les abonn\u00e9s du fermier de la SODECI. \u00ab Nous avons d\u00e9tect\u00e9 des fraudeurs autour du quartier. Le fait de piquer l\u2019eau dans la canalisation qui envoie le liquide \u00e0 Belleville r\u00e9duit consid\u00e9rablement la pression et comme ce quartier est en hauteur, cette situation impact n\u00e9gativement les populations \u00bb, a-t-il clarifi\u00e9. Laurent Tchagba rassure que les dispositions ont \u00e9t\u00e9 prises pour freiner la fraude et mettre suffisamment de pression pour alimenter ce quartier.<\/p>\n<p>Concernant la zone d\u2019Abobo PK 18, le ministre a relev\u00e9 que le ch\u00e2teau d\u2019eau d\u2019Anonkoua Kout\u00e9 qui l\u2019alimente n\u2019arrive plus \u00e0 faire face en raison du d\u00e9ficit de l\u2019\u00e9nergie. Il a soulign\u00e9 que des travaux d\u00e9j\u00e0 engag\u00e9s pour raccorder ce quartier au ch\u00e2teau d\u2019eau de N\u2019Dotr\u00e9 prendront fin en juin, appelant les m\u00e9nages au calme et \u00e0 la patience.<\/p>\n<p>A Anonkoua Kout\u00e9 3 extension, Laurent Tchagba a pr\u00e9cis\u00e9 que ce quartier est inscrit dans le projet APTF, couvrant 155 sous-quartiers qui n\u2019ont pas acc\u00e8s \u00e0 l\u2019eau potable. Il a ajout\u00e9 que les travaux en cours permettront de remplacer les canalisations qui sont de petites tailles et qui bloquent la circulation de l\u2019eau vers les robinets.<\/p>\n<p>Aussi, a-t-il annonc\u00e9 qu\u2019au niveau d\u2019Abobo, le projet de La M\u00e9 et le ch\u00e2teau d\u2019eau en construction au quartier Avocatier viendront combler d\u00e9finitivement le d\u00e9ficit d\u2019eau dans la commune.<\/p>\n<p>&nbsp;<\/p>\n","protected":false},"excerpt":{"rendered":"<p>Africa-Press &#8211; C\u00f4te d&rsquo;Ivoire.\u00a0 \u00a0Partout dans les rues, bassine sur la t\u00eate, des seaux ou des bidons en main ou dans des brouettes, les femmes et filles, en premi\u00e8re ligne pour la plupart du temps, passent toute la journ\u00e9e \u00e0 la recherche d\u2019eau, sollicitant parfois des personnes de bonne volont\u00e9 pour recueillir ne serait-ce qu\u2019un [&hellip;]<\/p>\n","protected":false},"author":82,"featured_media":7911,"comment_status":"open","ping_status":"closed","sticky":false,"template":"","format":"standard","meta":{"footnotes":""},"categories":[3,11,10],"tags":[56,63,29],"class_list":["post-7912","post","type-post","status-publish","format-standard","has-post-thumbnail","hentry","category-economie","category-homepage-french","category-toutes-les-actualites","tag-africa-press","tag-africa-press-cote-divoire","tag-cote-divoire"],"yoast_head":"<!-- This site is optimized with the Yoast SEO Premium plugin v26.1 (Yoast SEO v27.0) - https:\/\/yoast.com\/product\/yoast-seo-premium-wordpress\/ -->\n<title>La probl\u00e9matique de l\u2019eau en C\u00f4te d\u2019Ivoire, v\u00e9ritable source d\u2019angoisse chez les populations d\u2019Abidjan et banlieues (reportage) - C\u00f4te d&#039;Ivoire<\/title>\n<meta name=\"description\" content=\"Source: API\/Il est 08H15, samedi 24 avril 2021 \u00e0 Anyama Belleville, un quartier \u00e0 proximit\u00e9 de l\u2019usine Unicaf\u00e9. Partout ...\" \/>\n<meta name=\"robots\" content=\"index, follow, max-snippet:-1, max-image-preview:large, max-video-preview:-1\" \/>\n<link rel=\"canonical\" href=\"https:\/\/www.africa-press.net\/cotedivoire\/economie\/la-problematique-de-leau-en-cote-divoire-veritable-source-dangoisse-chez-les-populations-dabidjan-et-banlieues-reportage\" \/>\n<meta property=\"og:locale\" content=\"fr_FR\" \/>\n<meta property=\"og:type\" content=\"article\" \/>\n<meta property=\"og:title\" content=\"La probl\u00e9matique de l\u2019eau en C\u00f4te d\u2019Ivoire, v\u00e9ritable source d\u2019angoisse chez les populations d\u2019Abidjan et banlieues (reportage)\" \/>\n<meta property=\"og:description\" content=\"Source: API\/Il est 08H15, samedi 24 avril 2021 \u00e0 Anyama Belleville, un quartier \u00e0 proximit\u00e9 de l\u2019usine Unicaf\u00e9. Partout ...\" \/>\n<meta property=\"og:url\" content=\"https:\/\/www.africa-press.net\/cotedivoire\/economie\/la-problematique-de-leau-en-cote-divoire-veritable-source-dangoisse-chez-les-populations-dabidjan-et-banlieues-reportage\" \/>\n<meta property=\"og:site_name\" content=\"C\u00f4te d&#039;Ivoire\" \/>\n<meta property=\"article:published_time\" content=\"2021-05-18T15:55:10+00:00\" \/>\n<meta property=\"article:modified_time\" content=\"2021-05-18T16:33:01+00:00\" \/>\n<meta property=\"og:image\" content=\"https:\/\/static.africa-press.net\/cote\/sites\/43\/2021\/05\/img-60a3d7227e0ec.jpg\" \/>\n\t<meta property=\"og:image:width\" content=\"720\" \/>\n\t<meta property=\"og:image:height\" content=\"480\" \/>\n\t<meta property=\"og:image:type\" content=\"image\/jpeg\" \/>\n<meta name=\"author\" content=\"cfeditorfr\" \/>\n<meta name=\"twitter:card\" content=\"summary_large_image\" \/>\n<meta name=\"twitter:label1\" content=\"\u00c9crit par\" \/>\n\t<meta name=\"twitter:data1\" content=\"cfeditorfr\" \/>\n\t<meta name=\"twitter:label2\" content=\"Dur\u00e9e de lecture estim\u00e9e\" \/>\n\t<meta name=\"twitter:data2\" content=\"7 minutes\" \/>\n<script type=\"application\/ld+json\" class=\"yoast-schema-graph\">{\"@context\":\"https:\/\/schema.org\",\"@graph\":[{\"@type\":\"Article\",\"@id\":\"https:\/\/www.africa-press.net\/cotedivoire\/economie\/la-problematique-de-leau-en-cote-divoire-veritable-source-dangoisse-chez-les-populations-dabidjan-et-banlieues-reportage#article\",\"isPartOf\":{\"@id\":\"https:\/\/www.africa-press.net\/cotedivoire\/economie\/la-problematique-de-leau-en-cote-divoire-veritable-source-dangoisse-chez-les-populations-dabidjan-et-banlieues-reportage\"},\"author\":{\"name\":\"cfeditorfr\",\"@id\":\"https:\/\/www.africa-press.net\/cotedivoire\/#\/schema\/person\/2b1cf3cd81a31e3cd26889ca66d677f1\"},\"headline\":\"La probl\u00e9matique de l\u2019eau en C\u00f4te d\u2019Ivoire, v\u00e9ritable source d\u2019angoisse chez les populations d\u2019Abidjan et banlieues (reportage)\",\"datePublished\":\"2021-05-18T15:55:10+00:00\",\"dateModified\":\"2021-05-18T16:33:01+00:00\",\"mainEntityOfPage\":{\"@id\":\"https:\/\/www.africa-press.net\/cotedivoire\/economie\/la-problematique-de-leau-en-cote-divoire-veritable-source-dangoisse-chez-les-populations-dabidjan-et-banlieues-reportage\"},\"wordCount\":1736,\"commentCount\":0,\"image\":{\"@id\":\"https:\/\/www.africa-press.net\/cotedivoire\/economie\/la-problematique-de-leau-en-cote-divoire-veritable-source-dangoisse-chez-les-populations-dabidjan-et-banlieues-reportage#primaryimage\"},\"thumbnailUrl\":\"https:\/\/static.africa-press.net\/cote\/sites\/43\/2021\/05\/img-60a3d7227e0ec.jpg\",\"keywords\":[\"Africa Press\",\"Africa Press-C\u00f4te d'Ivoire\",\"C\u00d4TE D'IVOIRE\"],\"articleSection\":[\"\u00c9conomie\",\"homepage-french\",\"Toutes les actualit\u00e9s\"],\"inLanguage\":\"fr-FR\",\"potentialAction\":[{\"@type\":\"CommentAction\",\"name\":\"Comment\",\"target\":[\"https:\/\/www.africa-press.net\/cotedivoire\/economie\/la-problematique-de-leau-en-cote-divoire-veritable-source-dangoisse-chez-les-populations-dabidjan-et-banlieues-reportage#respond\"]}]},{\"@type\":\"WebPage\",\"@id\":\"https:\/\/www.africa-press.net\/cotedivoire\/economie\/la-problematique-de-leau-en-cote-divoire-veritable-source-dangoisse-chez-les-populations-dabidjan-et-banlieues-reportage\",\"url\":\"https:\/\/www.africa-press.net\/cotedivoire\/economie\/la-problematique-de-leau-en-cote-divoire-veritable-source-dangoisse-chez-les-populations-dabidjan-et-banlieues-reportage\",\"name\":\"La probl\u00e9matique de l\u2019eau en C\u00f4te d\u2019Ivoire, v\u00e9ritable source d\u2019angoisse chez les populations d\u2019Abidjan et banlieues (reportage) - C\u00f4te d&#039;Ivoire\",\"isPartOf\":{\"@id\":\"https:\/\/www.africa-press.net\/cotedivoire\/#website\"},\"primaryImageOfPage\":{\"@id\":\"https:\/\/www.africa-press.net\/cotedivoire\/economie\/la-problematique-de-leau-en-cote-divoire-veritable-source-dangoisse-chez-les-populations-dabidjan-et-banlieues-reportage#primaryimage\"},\"image\":{\"@id\":\"https:\/\/www.africa-press.net\/cotedivoire\/economie\/la-problematique-de-leau-en-cote-divoire-veritable-source-dangoisse-chez-les-populations-dabidjan-et-banlieues-reportage#primaryimage\"},\"thumbnailUrl\":\"https:\/\/static.africa-press.net\/cote\/sites\/43\/2021\/05\/img-60a3d7227e0ec.jpg\",\"datePublished\":\"2021-05-18T15:55:10+00:00\",\"dateModified\":\"2021-05-18T16:33:01+00:00\",\"author\":{\"@id\":\"https:\/\/www.africa-press.net\/cotedivoire\/#\/schema\/person\/2b1cf3cd81a31e3cd26889ca66d677f1\"},\"description\":\"Source: API\/Il est 08H15, samedi 24 avril 2021 \u00e0 Anyama Belleville, un quartier \u00e0 proximit\u00e9 de l\u2019usine Unicaf\u00e9. Partout ...\",\"breadcrumb\":{\"@id\":\"https:\/\/www.africa-press.net\/cotedivoire\/economie\/la-problematique-de-leau-en-cote-divoire-veritable-source-dangoisse-chez-les-populations-dabidjan-et-banlieues-reportage#breadcrumb\"},\"inLanguage\":\"fr-FR\",\"potentialAction\":[{\"@type\":\"ReadAction\",\"target\":[\"https:\/\/www.africa-press.net\/cotedivoire\/economie\/la-problematique-de-leau-en-cote-divoire-veritable-source-dangoisse-chez-les-populations-dabidjan-et-banlieues-reportage\"]}]},{\"@type\":\"ImageObject\",\"inLanguage\":\"fr-FR\",\"@id\":\"https:\/\/www.africa-press.net\/cotedivoire\/economie\/la-problematique-de-leau-en-cote-divoire-veritable-source-dangoisse-chez-les-populations-dabidjan-et-banlieues-reportage#primaryimage\",\"url\":\"https:\/\/static.africa-press.net\/cote\/sites\/43\/2021\/05\/img-60a3d7227e0ec.jpg\",\"contentUrl\":\"https:\/\/static.africa-press.net\/cote\/sites\/43\/2021\/05\/img-60a3d7227e0ec.jpg\",\"width\":720,\"height\":480,\"caption\":\"La probl\u00e9matique de l\u2019eau en C\u00f4te d\u2019Ivoire, v\u00e9ritable source d\u2019angoisse chez les populations d\u2019Abidjan et banlieues (reportage)\"},{\"@type\":\"BreadcrumbList\",\"@id\":\"https:\/\/www.africa-press.net\/cotedivoire\/economie\/la-problematique-de-leau-en-cote-divoire-veritable-source-dangoisse-chez-les-populations-dabidjan-et-banlieues-reportage#breadcrumb\",\"itemListElement\":[{\"@type\":\"ListItem\",\"position\":1,\"name\":\"Accueil\",\"item\":\"https:\/\/www.africa-press.net\/cotedivoire\/\"},{\"@type\":\"ListItem\",\"position\":2,\"name\":\"La probl\u00e9matique de l\u2019eau en C\u00f4te d\u2019Ivoire, v\u00e9ritable source d\u2019angoisse chez les populations d\u2019Abidjan et banlieues (reportage)\"}]},{\"@type\":\"WebSite\",\"@id\":\"https:\/\/www.africa-press.net\/cotedivoire\/#website\",\"url\":\"https:\/\/www.africa-press.net\/cotedivoire\/\",\"name\":\"C\u00f4te d&#039;Ivoire\",\"description\":\"Just another Africa News Agency Sites site\",\"potentialAction\":[{\"@type\":\"SearchAction\",\"target\":{\"@type\":\"EntryPoint\",\"urlTemplate\":\"https:\/\/www.africa-press.net\/cotedivoire\/?s={search_term_string}\"},\"query-input\":{\"@type\":\"PropertyValueSpecification\",\"valueRequired\":true,\"valueName\":\"search_term_string\"}}],\"inLanguage\":\"fr-FR\"},{\"@type\":\"Person\",\"@id\":\"https:\/\/www.africa-press.net\/cotedivoire\/#\/schema\/person\/2b1cf3cd81a31e3cd26889ca66d677f1\",\"name\":\"cfeditorfr\"}]}<\/script>\n<!-- \/ Yoast SEO Premium plugin. -->","yoast_head_json":{"title":"La probl\u00e9matique de l\u2019eau en C\u00f4te d\u2019Ivoire, v\u00e9ritable source d\u2019angoisse chez les populations d\u2019Abidjan et banlieues (reportage) - C\u00f4te d&#039;Ivoire","description":"Source: API\/Il est 08H15, samedi 24 avril 2021 \u00e0 Anyama Belleville, un quartier \u00e0 proximit\u00e9 de l\u2019usine Unicaf\u00e9. Partout ...","robots":{"index":"index","follow":"follow","max-snippet":"max-snippet:-1","max-image-preview":"max-image-preview:large","max-video-preview":"max-video-preview:-1"},"canonical":"https:\/\/www.africa-press.net\/cotedivoire\/economie\/la-problematique-de-leau-en-cote-divoire-veritable-source-dangoisse-chez-les-populations-dabidjan-et-banlieues-reportage","og_locale":"fr_FR","og_type":"article","og_title":"La probl\u00e9matique de l\u2019eau en C\u00f4te d\u2019Ivoire, v\u00e9ritable source d\u2019angoisse chez les populations d\u2019Abidjan et banlieues (reportage)","og_description":"Source: API\/Il est 08H15, samedi 24 avril 2021 \u00e0 Anyama Belleville, un quartier \u00e0 proximit\u00e9 de l\u2019usine Unicaf\u00e9. Partout ...","og_url":"https:\/\/www.africa-press.net\/cotedivoire\/economie\/la-problematique-de-leau-en-cote-divoire-veritable-source-dangoisse-chez-les-populations-dabidjan-et-banlieues-reportage","og_site_name":"C\u00f4te d&#039;Ivoire","article_published_time":"2021-05-18T15:55:10+00:00","article_modified_time":"2021-05-18T16:33:01+00:00","og_image":[{"width":720,"height":480,"url":"https:\/\/static.africa-press.net\/cote\/sites\/43\/2021\/05\/img-60a3d7227e0ec.jpg","type":"image\/jpeg"}],"author":"cfeditorfr","twitter_card":"summary_large_image","twitter_misc":{"\u00c9crit par":"cfeditorfr","Dur\u00e9e de lecture estim\u00e9e":"7 minutes"},"schema":{"@context":"https:\/\/schema.org","@graph":[{"@type":"Article","@id":"https:\/\/www.africa-press.net\/cotedivoire\/economie\/la-problematique-de-leau-en-cote-divoire-veritable-source-dangoisse-chez-les-populations-dabidjan-et-banlieues-reportage#article","isPartOf":{"@id":"https:\/\/www.africa-press.net\/cotedivoire\/economie\/la-problematique-de-leau-en-cote-divoire-veritable-source-dangoisse-chez-les-populations-dabidjan-et-banlieues-reportage"},"author":{"name":"cfeditorfr","@id":"https:\/\/www.africa-press.net\/cotedivoire\/#\/schema\/person\/2b1cf3cd81a31e3cd26889ca66d677f1"},"headline":"La probl\u00e9matique de l\u2019eau en C\u00f4te d\u2019Ivoire, v\u00e9ritable source d\u2019angoisse chez les populations d\u2019Abidjan et banlieues (reportage)","datePublished":"2021-05-18T15:55:10+00:00","dateModified":"2021-05-18T16:33:01+00:00","mainEntityOfPage":{"@id":"https:\/\/www.africa-press.net\/cotedivoire\/economie\/la-problematique-de-leau-en-cote-divoire-veritable-source-dangoisse-chez-les-populations-dabidjan-et-banlieues-reportage"},"wordCount":1736,"commentCount":0,"image":{"@id":"https:\/\/www.africa-press.net\/cotedivoire\/economie\/la-problematique-de-leau-en-cote-divoire-veritable-source-dangoisse-chez-les-populations-dabidjan-et-banlieues-reportage#primaryimage"},"thumbnailUrl":"https:\/\/static.africa-press.net\/cote\/sites\/43\/2021\/05\/img-60a3d7227e0ec.jpg","keywords":["Africa Press","Africa Press-C\u00f4te d'Ivoire","C\u00d4TE D'IVOIRE"],"articleSection":["\u00c9conomie","homepage-french","Toutes les actualit\u00e9s"],"inLanguage":"fr-FR","potentialAction":[{"@type":"CommentAction","name":"Comment","target":["https:\/\/www.africa-press.net\/cotedivoire\/economie\/la-problematique-de-leau-en-cote-divoire-veritable-source-dangoisse-chez-les-populations-dabidjan-et-banlieues-reportage#respond"]}]},{"@type":"WebPage","@id":"https:\/\/www.africa-press.net\/cotedivoire\/economie\/la-problematique-de-leau-en-cote-divoire-veritable-source-dangoisse-chez-les-populations-dabidjan-et-banlieues-reportage","url":"https:\/\/www.africa-press.net\/cotedivoire\/economie\/la-problematique-de-leau-en-cote-divoire-veritable-source-dangoisse-chez-les-populations-dabidjan-et-banlieues-reportage","name":"La probl\u00e9matique de l\u2019eau en C\u00f4te d\u2019Ivoire, v\u00e9ritable source d\u2019angoisse chez les populations d\u2019Abidjan et banlieues (reportage) - C\u00f4te d&#039;Ivoire","isPartOf":{"@id":"https:\/\/www.africa-press.net\/cotedivoire\/#website"},"primaryImageOfPage":{"@id":"https:\/\/www.africa-press.net\/cotedivoire\/economie\/la-problematique-de-leau-en-cote-divoire-veritable-source-dangoisse-chez-les-populations-dabidjan-et-banlieues-reportage#primaryimage"},"image":{"@id":"https:\/\/www.africa-press.net\/cotedivoire\/economie\/la-problematique-de-leau-en-cote-divoire-veritable-source-dangoisse-chez-les-populations-dabidjan-et-banlieues-reportage#primaryimage"},"thumbnailUrl":"https:\/\/static.africa-press.net\/cote\/sites\/43\/2021\/05\/img-60a3d7227e0ec.jpg","datePublished":"2021-05-18T15:55:10+00:00","dateModified":"2021-05-18T16:33:01+00:00","author":{"@id":"https:\/\/www.africa-press.net\/cotedivoire\/#\/schema\/person\/2b1cf3cd81a31e3cd26889ca66d677f1"},"description":"Source: API\/Il est 08H15, samedi 24 avril 2021 \u00e0 Anyama Belleville, un quartier \u00e0 proximit\u00e9 de l\u2019usine Unicaf\u00e9. Partout ...","breadcrumb":{"@id":"https:\/\/www.africa-press.net\/cotedivoire\/economie\/la-problematique-de-leau-en-cote-divoire-veritable-source-dangoisse-chez-les-populations-dabidjan-et-banlieues-reportage#breadcrumb"},"inLanguage":"fr-FR","potentialAction":[{"@type":"ReadAction","target":["https:\/\/www.africa-press.net\/cotedivoire\/economie\/la-problematique-de-leau-en-cote-divoire-veritable-source-dangoisse-chez-les-populations-dabidjan-et-banlieues-reportage"]}]},{"@type":"ImageObject","inLanguage":"fr-FR","@id":"https:\/\/www.africa-press.net\/cotedivoire\/economie\/la-problematique-de-leau-en-cote-divoire-veritable-source-dangoisse-chez-les-populations-dabidjan-et-banlieues-reportage#primaryimage","url":"https:\/\/static.africa-press.net\/cote\/sites\/43\/2021\/05\/img-60a3d7227e0ec.jpg","contentUrl":"https:\/\/static.africa-press.net\/cote\/sites\/43\/2021\/05\/img-60a3d7227e0ec.jpg","width":720,"height":480,"caption":"La probl\u00e9matique de l\u2019eau en C\u00f4te d\u2019Ivoire, v\u00e9ritable source d\u2019angoisse chez les populations d\u2019Abidjan et banlieues (reportage)"},{"@type":"BreadcrumbList","@id":"https:\/\/www.africa-press.net\/cotedivoire\/economie\/la-problematique-de-leau-en-cote-divoire-veritable-source-dangoisse-chez-les-populations-dabidjan-et-banlieues-reportage#breadcrumb","itemListElement":[{"@type":"ListItem","position":1,"name":"Accueil","item":"https:\/\/www.africa-press.net\/cotedivoire\/"},{"@type":"ListItem","position":2,"name":"La probl\u00e9matique de l\u2019eau en C\u00f4te d\u2019Ivoire, v\u00e9ritable source d\u2019angoisse chez les populations d\u2019Abidjan et banlieues (reportage)"}]},{"@type":"WebSite","@id":"https:\/\/www.africa-press.net\/cotedivoire\/#website","url":"https:\/\/www.africa-press.net\/cotedivoire\/","name":"C\u00f4te d&#039;Ivoire","description":"Just another Africa News Agency Sites site","potentialAction":[{"@type":"SearchAction","target":{"@type":"EntryPoint","urlTemplate":"https:\/\/www.africa-press.net\/cotedivoire\/?s={search_term_string}"},"query-input":{"@type":"PropertyValueSpecification","valueRequired":true,"valueName":"search_term_string"}}],"inLanguage":"fr-FR"},{"@type":"Person","@id":"https:\/\/www.africa-press.net\/cotedivoire\/#\/schema\/person\/2b1cf3cd81a31e3cd26889ca66d677f1","name":"cfeditorfr"}]}},"_links":{"self":[{"href":"https:\/\/www.africa-press.net\/cotedivoire\/wp-json\/wp\/v2\/posts\/7912","targetHints":{"allow":["GET"]}}],"collection":[{"href":"https:\/\/www.africa-press.net\/cotedivoire\/wp-json\/wp\/v2\/posts"}],"about":[{"href":"https:\/\/www.africa-press.net\/cotedivoire\/wp-json\/wp\/v2\/types\/post"}],"author":[{"embeddable":true,"href":"https:\/\/www.africa-press.net\/cotedivoire\/wp-json\/wp\/v2\/users\/82"}],"replies":[{"embeddable":true,"href":"https:\/\/www.africa-press.net\/cotedivoire\/wp-json\/wp\/v2\/comments?post=7912"}],"version-history":[{"count":0,"href":"https:\/\/www.africa-press.net\/cotedivoire\/wp-json\/wp\/v2\/posts\/7912\/revisions"}],"wp:featuredmedia":[{"embeddable":true,"href":"https:\/\/www.africa-press.net\/cotedivoire\/wp-json\/wp\/v2\/media\/7911"}],"wp:attachment":[{"href":"https:\/\/www.africa-press.net\/cotedivoire\/wp-json\/wp\/v2\/media?parent=7912"}],"wp:term":[{"taxonomy":"category","embeddable":true,"href":"https:\/\/www.africa-press.net\/cotedivoire\/wp-json\/wp\/v2\/categories?post=7912"},{"taxonomy":"post_tag","embeddable":true,"href":"https:\/\/www.africa-press.net\/cotedivoire\/wp-json\/wp\/v2\/tags?post=7912"}],"curies":[{"name":"wp","href":"https:\/\/api.w.org\/{rel}","templated":true}]}}