{"id":79130,"date":"2024-04-30T06:03:44","date_gmt":"2024-04-30T06:03:44","guid":{"rendered":"https:\/\/www.africa-press.net\/cotedivoire\/politique\/apres-la-can-2023-le-pays-invite-a-un-atelier-pour-partager-son-experience-de-la-securisation-des-grands-evenements-sportifs-internationaux"},"modified":"2024-04-30T06:51:21","modified_gmt":"2024-04-30T06:51:21","slug":"apres-la-can-2023-le-pays-invite-a-un-atelier-pour-partager-son-experience-de-la-securisation-des-grands-evenements-sportifs-internationaux","status":"publish","type":"post","link":"https:\/\/www.africa-press.net\/cotedivoire\/sports\/apres-la-can-2023-le-pays-invite-a-un-atelier-pour-partager-son-experience-de-la-securisation-des-grands-evenements-sportifs-internationaux","title":{"rendered":"Apr\u00e8s la CAN 2023, le pays invit\u00e9 \u00e0 un atelier pour partager son exp\u00e9rience de la s\u00e9curisation des grands \u00e9v\u00e9nements sportifs internationaux"},"content":{"rendered":"<p><span style=\"color: #ff6600\"><strong>Africa-Press &#8211; C\u00f4te d&rsquo;Ivoire. <\/strong><\/span>La meilleure Coupe d\u2019Afrique des Nations (CAN) 2023 organise\u0301e en Co\u0302te d\u2019Ivoire ne cesse de s&rsquo;exporter dans le monde.<\/p>\n<p>L&rsquo;Administrateur Ge\u0301ne\u0301ral de Police Youssouf Kouyate\u0301, Directeur Ge\u0301ne\u0301ral de la Police Nationale, par ailleurs pre\u0301sident de la commission Su\u0302rete\u0301-Se\u0301curite\u0301 du COCAN23 conduit une de\u0301le\u0301gation a\u0300 un atelier organise\u0301 a\u0300 Doha, au Qatar, du lundi 29 avril au mercredi 1er mai 2024 par INTERPOL.<\/p>\n<p>La Co\u0302te d\u2019Ivoire est invite\u0301e a\u0300 cet atelier pour partager son expe\u0301rience de la se\u0301curisation des grands e\u0301ve\u0301nements sportifs internationaux au regard de la se\u0301curisation re\u0301ussie de la CAN2023 avec le Qatar, ho\u0302te de la Coupe d&rsquo;Asie 2023, et les repre\u0301sentants des futurs pays ho\u0302tes, tels que le Maroc et l&rsquo;Arabie Saoudite.<\/p>\n<p><strong>Pour plus d&rsquo;informations et d&rsquo;analyses sur la <a href=\"https:\/\/www.africa-press.net\/cotedivoire\">C\u00f4te d&rsquo;Ivoire<\/a>, suivez <a href=\"https:\/\/www.africa-press.net\/\">Africa-Press<\/a><\/strong><\/p>\n","protected":false},"excerpt":{"rendered":"<p>Africa-Press &#8211; C\u00f4te d&rsquo;Ivoire. La meilleure Coupe d\u2019Afrique des Nations (CAN) 2023 organise\u0301e en Co\u0302te d\u2019Ivoire ne cesse de s&rsquo;exporter dans le monde. L&rsquo;Administrateur Ge\u0301ne\u0301ral de Police Youssouf Kouyate\u0301, Directeur Ge\u0301ne\u0301ral de la Police Nationale, par ailleurs pre\u0301sident de la commission Su\u0302rete\u0301-Se\u0301curite\u0301 du COCAN23 conduit une de\u0301le\u0301gation a\u0300 un atelier organise\u0301 a\u0300 Doha, au Qatar, [&hellip;]<\/p>\n","protected":false},"author":82,"featured_media":79129,"comment_status":"open","ping_status":"closed","sticky":false,"template":"","format":"standard","meta":{"footnotes":""},"categories":[6,10],"tags":[56,63,1185,2113,1791,29,7716,4581],"class_list":["post-79130","post","type-post","status-publish","format-standard","has-post-thumbnail","hentry","category-sports","category-toutes-les-actualites","tag-africa-press","tag-africa-press-cote-divoire","tag-atelier","tag-can-2023","tag-cocan","tag-cote-divoire","tag-doha","tag-youssouf-kouyate"],"yoast_head":"<!-- This site is optimized with the Yoast SEO Premium plugin v26.1 (Yoast SEO v27.0) - https:\/\/yoast.com\/product\/yoast-seo-premium-wordpress\/ -->\n<title>Apr\u00e8s la CAN 2023, le pays invit\u00e9 \u00e0 un atelier pour partager son exp\u00e9rience de la s\u00e9curisation des grands \u00e9v\u00e9nements sportifs internationaux - C\u00f4te d&#039;Ivoire<\/title>\n<meta name=\"description\" content=\"La meilleure Coupe d\u2019Afrique des Nations (CAN) 2023 organise\u0301e en Co\u0302te d\u2019Ivoire ne cesse de s&#039;exporter dans le monde. ...\" \/>\n<meta name=\"robots\" content=\"index, follow, max-snippet:-1, max-image-preview:large, max-video-preview:-1\" \/>\n<link rel=\"canonical\" href=\"https:\/\/www.africa-press.net\/cotedivoire\/sports\/apres-la-can-2023-le-pays-invite-a-un-atelier-pour-partager-son-experience-de-la-securisation-des-grands-evenements-sportifs-internationaux\" \/>\n<meta property=\"og:locale\" content=\"fr_FR\" \/>\n<meta property=\"og:type\" content=\"article\" \/>\n<meta property=\"og:title\" content=\"Apr\u00e8s la CAN 2023, le pays invit\u00e9 \u00e0 un atelier pour partager son exp\u00e9rience de la s\u00e9curisation des grands \u00e9v\u00e9nements sportifs internationaux\" \/>\n<meta property=\"og:description\" content=\"La meilleure Coupe d\u2019Afrique des Nations (CAN) 2023 organise\u0301e en Co\u0302te d\u2019Ivoire ne cesse de s&#039;exporter dans le monde. ...\" \/>\n<meta property=\"og:url\" content=\"https:\/\/www.africa-press.net\/cotedivoire\/sports\/apres-la-can-2023-le-pays-invite-a-un-atelier-pour-partager-son-experience-de-la-securisation-des-grands-evenements-sportifs-internationaux\" \/>\n<meta property=\"og:site_name\" content=\"C\u00f4te d&#039;Ivoire\" \/>\n<meta property=\"article:published_time\" content=\"2024-04-30T06:03:44+00:00\" \/>\n<meta property=\"article:modified_time\" content=\"2024-04-30T06:51:21+00:00\" \/>\n<meta property=\"og:image\" content=\"https:\/\/static.africa-press.net\/cote\/sites\/43\/2024\/04\/sm_1714447086.665998.jpg\" \/>\n\t<meta property=\"og:image:width\" content=\"720\" \/>\n\t<meta property=\"og:image:height\" content=\"540\" \/>\n\t<meta property=\"og:image:type\" content=\"image\/jpeg\" \/>\n<meta name=\"author\" content=\"cfeditorfr\" \/>\n<meta name=\"twitter:card\" content=\"summary_large_image\" \/>\n<meta name=\"twitter:label1\" content=\"\u00c9crit par\" \/>\n\t<meta name=\"twitter:data1\" content=\"cfeditorfr\" \/>\n\t<meta name=\"twitter:label2\" content=\"Dur\u00e9e de lecture estim\u00e9e\" \/>\n\t<meta name=\"twitter:data2\" content=\"1 minute\" \/>\n<script type=\"application\/ld+json\" class=\"yoast-schema-graph\">{\"@context\":\"https:\/\/schema.org\",\"@graph\":[{\"@type\":\"Article\",\"@id\":\"https:\/\/www.africa-press.net\/cotedivoire\/sports\/apres-la-can-2023-le-pays-invite-a-un-atelier-pour-partager-son-experience-de-la-securisation-des-grands-evenements-sportifs-internationaux#article\",\"isPartOf\":{\"@id\":\"https:\/\/www.africa-press.net\/cotedivoire\/sports\/apres-la-can-2023-le-pays-invite-a-un-atelier-pour-partager-son-experience-de-la-securisation-des-grands-evenements-sportifs-internationaux\"},\"author\":{\"name\":\"cfeditorfr\",\"@id\":\"https:\/\/www.africa-press.net\/cotedivoire\/#\/schema\/person\/2b1cf3cd81a31e3cd26889ca66d677f1\"},\"headline\":\"Apr\u00e8s la CAN 2023, le pays invit\u00e9 \u00e0 un atelier pour partager son exp\u00e9rience de la s\u00e9curisation des grands \u00e9v\u00e9nements sportifs internationaux\",\"datePublished\":\"2024-04-30T06:03:44+00:00\",\"dateModified\":\"2024-04-30T06:51:21+00:00\",\"mainEntityOfPage\":{\"@id\":\"https:\/\/www.africa-press.net\/cotedivoire\/sports\/apres-la-can-2023-le-pays-invite-a-un-atelier-pour-partager-son-experience-de-la-securisation-des-grands-evenements-sportifs-internationaux\"},\"wordCount\":185,\"commentCount\":0,\"image\":{\"@id\":\"https:\/\/www.africa-press.net\/cotedivoire\/sports\/apres-la-can-2023-le-pays-invite-a-un-atelier-pour-partager-son-experience-de-la-securisation-des-grands-evenements-sportifs-internationaux#primaryimage\"},\"thumbnailUrl\":\"https:\/\/static.africa-press.net\/cote\/sites\/43\/2024\/04\/sm_1714447086.665998.jpg\",\"keywords\":[\"Africa Press\",\"Africa Press-C\u00f4te d'Ivoire\",\"atelier\",\"CAN 2023\",\"COCAN\",\"C\u00d4TE D'IVOIRE\",\"Doha\",\"Youssouf Kouyat\u00e9\"],\"articleSection\":[\"Sports\",\"Toutes les actualit\u00e9s\"],\"inLanguage\":\"fr-FR\",\"potentialAction\":[{\"@type\":\"CommentAction\",\"name\":\"Comment\",\"target\":[\"https:\/\/www.africa-press.net\/cotedivoire\/sports\/apres-la-can-2023-le-pays-invite-a-un-atelier-pour-partager-son-experience-de-la-securisation-des-grands-evenements-sportifs-internationaux#respond\"]}]},{\"@type\":\"WebPage\",\"@id\":\"https:\/\/www.africa-press.net\/cotedivoire\/sports\/apres-la-can-2023-le-pays-invite-a-un-atelier-pour-partager-son-experience-de-la-securisation-des-grands-evenements-sportifs-internationaux\",\"url\":\"https:\/\/www.africa-press.net\/cotedivoire\/sports\/apres-la-can-2023-le-pays-invite-a-un-atelier-pour-partager-son-experience-de-la-securisation-des-grands-evenements-sportifs-internationaux\",\"name\":\"Apr\u00e8s la CAN 2023, le pays invit\u00e9 \u00e0 un atelier pour partager son exp\u00e9rience de la s\u00e9curisation des grands \u00e9v\u00e9nements sportifs internationaux - C\u00f4te d&#039;Ivoire\",\"isPartOf\":{\"@id\":\"https:\/\/www.africa-press.net\/cotedivoire\/#website\"},\"primaryImageOfPage\":{\"@id\":\"https:\/\/www.africa-press.net\/cotedivoire\/sports\/apres-la-can-2023-le-pays-invite-a-un-atelier-pour-partager-son-experience-de-la-securisation-des-grands-evenements-sportifs-internationaux#primaryimage\"},\"image\":{\"@id\":\"https:\/\/www.africa-press.net\/cotedivoire\/sports\/apres-la-can-2023-le-pays-invite-a-un-atelier-pour-partager-son-experience-de-la-securisation-des-grands-evenements-sportifs-internationaux#primaryimage\"},\"thumbnailUrl\":\"https:\/\/static.africa-press.net\/cote\/sites\/43\/2024\/04\/sm_1714447086.665998.jpg\",\"datePublished\":\"2024-04-30T06:03:44+00:00\",\"dateModified\":\"2024-04-30T06:51:21+00:00\",\"author\":{\"@id\":\"https:\/\/www.africa-press.net\/cotedivoire\/#\/schema\/person\/2b1cf3cd81a31e3cd26889ca66d677f1\"},\"description\":\"La meilleure Coupe d\u2019Afrique des Nations (CAN) 2023 organise\u0301e en Co\u0302te d\u2019Ivoire ne cesse de s'exporter dans le monde. ...\",\"breadcrumb\":{\"@id\":\"https:\/\/www.africa-press.net\/cotedivoire\/sports\/apres-la-can-2023-le-pays-invite-a-un-atelier-pour-partager-son-experience-de-la-securisation-des-grands-evenements-sportifs-internationaux#breadcrumb\"},\"inLanguage\":\"fr-FR\",\"potentialAction\":[{\"@type\":\"ReadAction\",\"target\":[\"https:\/\/www.africa-press.net\/cotedivoire\/sports\/apres-la-can-2023-le-pays-invite-a-un-atelier-pour-partager-son-experience-de-la-securisation-des-grands-evenements-sportifs-internationaux\"]}]},{\"@type\":\"ImageObject\",\"inLanguage\":\"fr-FR\",\"@id\":\"https:\/\/www.africa-press.net\/cotedivoire\/sports\/apres-la-can-2023-le-pays-invite-a-un-atelier-pour-partager-son-experience-de-la-securisation-des-grands-evenements-sportifs-internationaux#primaryimage\",\"url\":\"https:\/\/static.africa-press.net\/cote\/sites\/43\/2024\/04\/sm_1714447086.665998.jpg\",\"contentUrl\":\"https:\/\/static.africa-press.net\/cote\/sites\/43\/2024\/04\/sm_1714447086.665998.jpg\",\"width\":720,\"height\":540,\"caption\":\"Apr\u00e8s la CAN 2023, le pays invit\u00e9 \u00e0 un atelier pour partager son exp\u00e9rience de la s\u00e9curisation des grands \u00e9v\u00e9nements sportifs internationaux\"},{\"@type\":\"BreadcrumbList\",\"@id\":\"https:\/\/www.africa-press.net\/cotedivoire\/sports\/apres-la-can-2023-le-pays-invite-a-un-atelier-pour-partager-son-experience-de-la-securisation-des-grands-evenements-sportifs-internationaux#breadcrumb\",\"itemListElement\":[{\"@type\":\"ListItem\",\"position\":1,\"name\":\"Accueil\",\"item\":\"https:\/\/www.africa-press.net\/cotedivoire\/\"},{\"@type\":\"ListItem\",\"position\":2,\"name\":\"Apr\u00e8s la CAN 2023, le pays invit\u00e9 \u00e0 un atelier pour partager son exp\u00e9rience de la s\u00e9curisation des grands \u00e9v\u00e9nements sportifs internationaux\"}]},{\"@type\":\"WebSite\",\"@id\":\"https:\/\/www.africa-press.net\/cotedivoire\/#website\",\"url\":\"https:\/\/www.africa-press.net\/cotedivoire\/\",\"name\":\"C\u00f4te d&#039;Ivoire\",\"description\":\"Just another Africa News Agency Sites site\",\"potentialAction\":[{\"@type\":\"SearchAction\",\"target\":{\"@type\":\"EntryPoint\",\"urlTemplate\":\"https:\/\/www.africa-press.net\/cotedivoire\/?s={search_term_string}\"},\"query-input\":{\"@type\":\"PropertyValueSpecification\",\"valueRequired\":true,\"valueName\":\"search_term_string\"}}],\"inLanguage\":\"fr-FR\"},{\"@type\":\"Person\",\"@id\":\"https:\/\/www.africa-press.net\/cotedivoire\/#\/schema\/person\/2b1cf3cd81a31e3cd26889ca66d677f1\",\"name\":\"cfeditorfr\"}]}<\/script>\n<!-- \/ Yoast SEO Premium plugin. -->","yoast_head_json":{"title":"Apr\u00e8s la CAN 2023, le pays invit\u00e9 \u00e0 un atelier pour partager son exp\u00e9rience de la s\u00e9curisation des grands \u00e9v\u00e9nements sportifs internationaux - C\u00f4te d&#039;Ivoire","description":"La meilleure Coupe d\u2019Afrique des Nations (CAN) 2023 organise\u0301e en Co\u0302te d\u2019Ivoire ne cesse de s'exporter dans le monde. ...","robots":{"index":"index","follow":"follow","max-snippet":"max-snippet:-1","max-image-preview":"max-image-preview:large","max-video-preview":"max-video-preview:-1"},"canonical":"https:\/\/www.africa-press.net\/cotedivoire\/sports\/apres-la-can-2023-le-pays-invite-a-un-atelier-pour-partager-son-experience-de-la-securisation-des-grands-evenements-sportifs-internationaux","og_locale":"fr_FR","og_type":"article","og_title":"Apr\u00e8s la CAN 2023, le pays invit\u00e9 \u00e0 un atelier pour partager son exp\u00e9rience de la s\u00e9curisation des grands \u00e9v\u00e9nements sportifs internationaux","og_description":"La meilleure Coupe d\u2019Afrique des Nations (CAN) 2023 organise\u0301e en Co\u0302te d\u2019Ivoire ne cesse de s'exporter dans le monde. ...","og_url":"https:\/\/www.africa-press.net\/cotedivoire\/sports\/apres-la-can-2023-le-pays-invite-a-un-atelier-pour-partager-son-experience-de-la-securisation-des-grands-evenements-sportifs-internationaux","og_site_name":"C\u00f4te d&#039;Ivoire","article_published_time":"2024-04-30T06:03:44+00:00","article_modified_time":"2024-04-30T06:51:21+00:00","og_image":[{"width":720,"height":540,"url":"https:\/\/static.africa-press.net\/cote\/sites\/43\/2024\/04\/sm_1714447086.665998.jpg","type":"image\/jpeg"}],"author":"cfeditorfr","twitter_card":"summary_large_image","twitter_misc":{"\u00c9crit par":"cfeditorfr","Dur\u00e9e de lecture estim\u00e9e":"1 minute"},"schema":{"@context":"https:\/\/schema.org","@graph":[{"@type":"Article","@id":"https:\/\/www.africa-press.net\/cotedivoire\/sports\/apres-la-can-2023-le-pays-invite-a-un-atelier-pour-partager-son-experience-de-la-securisation-des-grands-evenements-sportifs-internationaux#article","isPartOf":{"@id":"https:\/\/www.africa-press.net\/cotedivoire\/sports\/apres-la-can-2023-le-pays-invite-a-un-atelier-pour-partager-son-experience-de-la-securisation-des-grands-evenements-sportifs-internationaux"},"author":{"name":"cfeditorfr","@id":"https:\/\/www.africa-press.net\/cotedivoire\/#\/schema\/person\/2b1cf3cd81a31e3cd26889ca66d677f1"},"headline":"Apr\u00e8s la CAN 2023, le pays invit\u00e9 \u00e0 un atelier pour partager son exp\u00e9rience de la s\u00e9curisation des grands \u00e9v\u00e9nements sportifs internationaux","datePublished":"2024-04-30T06:03:44+00:00","dateModified":"2024-04-30T06:51:21+00:00","mainEntityOfPage":{"@id":"https:\/\/www.africa-press.net\/cotedivoire\/sports\/apres-la-can-2023-le-pays-invite-a-un-atelier-pour-partager-son-experience-de-la-securisation-des-grands-evenements-sportifs-internationaux"},"wordCount":185,"commentCount":0,"image":{"@id":"https:\/\/www.africa-press.net\/cotedivoire\/sports\/apres-la-can-2023-le-pays-invite-a-un-atelier-pour-partager-son-experience-de-la-securisation-des-grands-evenements-sportifs-internationaux#primaryimage"},"thumbnailUrl":"https:\/\/static.africa-press.net\/cote\/sites\/43\/2024\/04\/sm_1714447086.665998.jpg","keywords":["Africa Press","Africa Press-C\u00f4te d'Ivoire","atelier","CAN 2023","COCAN","C\u00d4TE D'IVOIRE","Doha","Youssouf Kouyat\u00e9"],"articleSection":["Sports","Toutes les actualit\u00e9s"],"inLanguage":"fr-FR","potentialAction":[{"@type":"CommentAction","name":"Comment","target":["https:\/\/www.africa-press.net\/cotedivoire\/sports\/apres-la-can-2023-le-pays-invite-a-un-atelier-pour-partager-son-experience-de-la-securisation-des-grands-evenements-sportifs-internationaux#respond"]}]},{"@type":"WebPage","@id":"https:\/\/www.africa-press.net\/cotedivoire\/sports\/apres-la-can-2023-le-pays-invite-a-un-atelier-pour-partager-son-experience-de-la-securisation-des-grands-evenements-sportifs-internationaux","url":"https:\/\/www.africa-press.net\/cotedivoire\/sports\/apres-la-can-2023-le-pays-invite-a-un-atelier-pour-partager-son-experience-de-la-securisation-des-grands-evenements-sportifs-internationaux","name":"Apr\u00e8s la CAN 2023, le pays invit\u00e9 \u00e0 un atelier pour partager son exp\u00e9rience de la s\u00e9curisation des grands \u00e9v\u00e9nements sportifs internationaux - C\u00f4te d&#039;Ivoire","isPartOf":{"@id":"https:\/\/www.africa-press.net\/cotedivoire\/#website"},"primaryImageOfPage":{"@id":"https:\/\/www.africa-press.net\/cotedivoire\/sports\/apres-la-can-2023-le-pays-invite-a-un-atelier-pour-partager-son-experience-de-la-securisation-des-grands-evenements-sportifs-internationaux#primaryimage"},"image":{"@id":"https:\/\/www.africa-press.net\/cotedivoire\/sports\/apres-la-can-2023-le-pays-invite-a-un-atelier-pour-partager-son-experience-de-la-securisation-des-grands-evenements-sportifs-internationaux#primaryimage"},"thumbnailUrl":"https:\/\/static.africa-press.net\/cote\/sites\/43\/2024\/04\/sm_1714447086.665998.jpg","datePublished":"2024-04-30T06:03:44+00:00","dateModified":"2024-04-30T06:51:21+00:00","author":{"@id":"https:\/\/www.africa-press.net\/cotedivoire\/#\/schema\/person\/2b1cf3cd81a31e3cd26889ca66d677f1"},"description":"La meilleure Coupe d\u2019Afrique des Nations (CAN) 2023 organise\u0301e en Co\u0302te d\u2019Ivoire ne cesse de s'exporter dans le monde. ...","breadcrumb":{"@id":"https:\/\/www.africa-press.net\/cotedivoire\/sports\/apres-la-can-2023-le-pays-invite-a-un-atelier-pour-partager-son-experience-de-la-securisation-des-grands-evenements-sportifs-internationaux#breadcrumb"},"inLanguage":"fr-FR","potentialAction":[{"@type":"ReadAction","target":["https:\/\/www.africa-press.net\/cotedivoire\/sports\/apres-la-can-2023-le-pays-invite-a-un-atelier-pour-partager-son-experience-de-la-securisation-des-grands-evenements-sportifs-internationaux"]}]},{"@type":"ImageObject","inLanguage":"fr-FR","@id":"https:\/\/www.africa-press.net\/cotedivoire\/sports\/apres-la-can-2023-le-pays-invite-a-un-atelier-pour-partager-son-experience-de-la-securisation-des-grands-evenements-sportifs-internationaux#primaryimage","url":"https:\/\/static.africa-press.net\/cote\/sites\/43\/2024\/04\/sm_1714447086.665998.jpg","contentUrl":"https:\/\/static.africa-press.net\/cote\/sites\/43\/2024\/04\/sm_1714447086.665998.jpg","width":720,"height":540,"caption":"Apr\u00e8s la CAN 2023, le pays invit\u00e9 \u00e0 un atelier pour partager son exp\u00e9rience de la s\u00e9curisation des grands \u00e9v\u00e9nements sportifs internationaux"},{"@type":"BreadcrumbList","@id":"https:\/\/www.africa-press.net\/cotedivoire\/sports\/apres-la-can-2023-le-pays-invite-a-un-atelier-pour-partager-son-experience-de-la-securisation-des-grands-evenements-sportifs-internationaux#breadcrumb","itemListElement":[{"@type":"ListItem","position":1,"name":"Accueil","item":"https:\/\/www.africa-press.net\/cotedivoire\/"},{"@type":"ListItem","position":2,"name":"Apr\u00e8s la CAN 2023, le pays invit\u00e9 \u00e0 un atelier pour partager son exp\u00e9rience de la s\u00e9curisation des grands \u00e9v\u00e9nements sportifs internationaux"}]},{"@type":"WebSite","@id":"https:\/\/www.africa-press.net\/cotedivoire\/#website","url":"https:\/\/www.africa-press.net\/cotedivoire\/","name":"C\u00f4te d&#039;Ivoire","description":"Just another Africa News Agency Sites site","potentialAction":[{"@type":"SearchAction","target":{"@type":"EntryPoint","urlTemplate":"https:\/\/www.africa-press.net\/cotedivoire\/?s={search_term_string}"},"query-input":{"@type":"PropertyValueSpecification","valueRequired":true,"valueName":"search_term_string"}}],"inLanguage":"fr-FR"},{"@type":"Person","@id":"https:\/\/www.africa-press.net\/cotedivoire\/#\/schema\/person\/2b1cf3cd81a31e3cd26889ca66d677f1","name":"cfeditorfr"}]}},"_links":{"self":[{"href":"https:\/\/www.africa-press.net\/cotedivoire\/wp-json\/wp\/v2\/posts\/79130","targetHints":{"allow":["GET"]}}],"collection":[{"href":"https:\/\/www.africa-press.net\/cotedivoire\/wp-json\/wp\/v2\/posts"}],"about":[{"href":"https:\/\/www.africa-press.net\/cotedivoire\/wp-json\/wp\/v2\/types\/post"}],"author":[{"embeddable":true,"href":"https:\/\/www.africa-press.net\/cotedivoire\/wp-json\/wp\/v2\/users\/82"}],"replies":[{"embeddable":true,"href":"https:\/\/www.africa-press.net\/cotedivoire\/wp-json\/wp\/v2\/comments?post=79130"}],"version-history":[{"count":0,"href":"https:\/\/www.africa-press.net\/cotedivoire\/wp-json\/wp\/v2\/posts\/79130\/revisions"}],"wp:featuredmedia":[{"embeddable":true,"href":"https:\/\/www.africa-press.net\/cotedivoire\/wp-json\/wp\/v2\/media\/79129"}],"wp:attachment":[{"href":"https:\/\/www.africa-press.net\/cotedivoire\/wp-json\/wp\/v2\/media?parent=79130"}],"wp:term":[{"taxonomy":"category","embeddable":true,"href":"https:\/\/www.africa-press.net\/cotedivoire\/wp-json\/wp\/v2\/categories?post=79130"},{"taxonomy":"post_tag","embeddable":true,"href":"https:\/\/www.africa-press.net\/cotedivoire\/wp-json\/wp\/v2\/tags?post=79130"}],"curies":[{"name":"wp","href":"https:\/\/api.w.org\/{rel}","templated":true}]}}