{"id":79145,"date":"2024-04-30T06:06:25","date_gmt":"2024-04-30T06:06:25","guid":{"rendered":"https:\/\/www.africa-press.net\/cotedivoire\/politique\/education-la-fondation-lonaci-rehabilite-et-equipe-des-ecoles-a-travers-le-pays-a-hauteur-de-263-millions-de-fcfa"},"modified":"2024-04-30T06:56:11","modified_gmt":"2024-04-30T06:56:11","slug":"education-la-fondation-lonaci-rehabilite-et-equipe-des-ecoles-a-travers-le-pays-a-hauteur-de-263-millions-de-fcfa","status":"publish","type":"post","link":"https:\/\/www.africa-press.net\/cotedivoire\/toutes-les-actualites\/education-la-fondation-lonaci-rehabilite-et-equipe-des-ecoles-a-travers-le-pays-a-hauteur-de-263-millions-de-fcfa","title":{"rendered":"Education, la Fondation LONACI r\u00e9habilite et \u00e9quipe des \u00e9coles \u00e0 travers le pays \u00e0 hauteur de 263 millions de FCFA"},"content":{"rendered":"<p><span style=\"color: #ff6600\"><strong>Africa-Press &#8211; C\u00f4te d&rsquo;Ivoire. <\/strong><\/span>La Fondation LONACI a remis officiellement les cle\u0301s de plusieurs e\u0301coles re\u0301habilite\u0301es et e\u0301quipe\u0301es dans les re\u0301gions du Goh, Be\u0301lier et de l\u2019Agne\u0301by-Tiassa, au cours d\u2019une caravane initie\u0301e du 15 au 24 avril 2024.<\/p>\n<p>Les e\u0301tablissements scolaires be\u0301ne\u0301ficiaires sont le Groupe scolaire Koblata 1 et 2 (de\u0301partement de Sinfra, re\u0301gion de la Marahoue\u0301), l\u2019EPP Kouassizra 2 de Gabia (de\u0301partement de Oume\u0301, re\u0301gion du Goh), le Groupe scolaire Kpoue\u0301bo 1 &amp; 2 (Toumodi, re\u0301gion du Be\u0301lier), l\u2019EPP 1 de Ahiroa, (Tiassale\u0301, re\u0301gion de l\u2019Agne\u0301by-Tiassa).<\/p>\n<p>Les travaux re\u0301alise\u0301s ont consiste\u0301 en la re\u0301habilitation des salles de classes, des cantines et des latrines pour un cou\u0302t global estime\u0301 a\u0300 plus de 263 millions FCFA.<\/p>\n<p>Selon Dominique M&rsquo;Bahia, a\u0300 travers ces re\u0301alisations, la Fondation veut offrir de meilleures conditions d\u2019apprentissage aux e\u0301le\u0300ves et de travail aux enseignants.<\/p>\n<p>Ces re\u0301alisations, s\u2019inscrivent aussi dans le cadre de l\u2019exe\u0301cution de la mission de la FONDATION LONACI, qui est de contribuer, aux co\u0302te\u0301s de l\u2019Etat de Co\u0302te d\u2019Ivoire, a\u0300 la re\u0301alisation d\u2019investissement dans le domaine de l\u2019e\u0301ducation, la sante\u0301, la culture sur toute l\u2019e\u0301tendue du territoire national.<\/p>\n<p>Notons que cette caravane a de\u0301marre\u0301 a\u0300 Sinfra, dans la Marahoue\u0301 le 17 mars dernier par la remise des cle\u0301s du Groupe scolaire Koblata 1 et 2 a\u0300 la communaute\u0301 e\u0301ducative, apre\u0300s des travaux de re\u0301habilitation.<\/p>\n<p>Dramane Coulibaly, PCA de la Fondation et Epiphane Zoro Bi Ballo, Pre\u0301sident de la Haute Autorite\u0301 pour la Bonne Gouvernance e\u0301taient pre\u0301sents a\u0300 cette e\u0301tape.<\/p>\n<p>Par ailleurs, de\u0301but mars, les centres de sante\u0301 des localite\u0301s de Bassehoa, N\u2019Gangoro Haitou, Diawala, Fodio, Be\u0301lihe\u0301o et l\u2019Office National de la Protection Civile ont re\u0301ceptionne\u0301 chacun une ambulance, don de la Fondation.<\/p>\n<p><strong>Pour plus d&rsquo;informations et d&rsquo;analyses sur la <a href=\"https:\/\/www.africa-press.net\/cotedivoire\">C\u00f4te d&rsquo;Ivoire<\/a>, suivez <a href=\"https:\/\/www.africa-press.net\/\">Africa-Press<\/a><\/strong><\/p>\n","protected":false},"excerpt":{"rendered":"<p>Africa-Press &#8211; C\u00f4te d&rsquo;Ivoire. La Fondation LONACI a remis officiellement les cle\u0301s de plusieurs e\u0301coles re\u0301habilite\u0301es et e\u0301quipe\u0301es dans les re\u0301gions du Goh, Be\u0301lier et de l\u2019Agne\u0301by-Tiassa, au cours d\u2019une caravane initie\u0301e du 15 au 24 avril 2024. Les e\u0301tablissements scolaires be\u0301ne\u0301ficiaires sont le Groupe scolaire Koblata 1 et 2 (de\u0301partement de Sinfra, re\u0301gion de [&hellip;]<\/p>\n","protected":false},"author":82,"featured_media":79143,"comment_status":"open","ping_status":"closed","sticky":false,"template":"","format":"standard","meta":{"footnotes":""},"categories":[21,10],"tags":[56,63,7445,29,1126,1000,5772,1143],"class_list":["post-79145","post","type-post","status-publish","format-standard","has-post-thumbnail","hentry","category-communaute","category-toutes-les-actualites","tag-africa-press","tag-africa-press-cote-divoire","tag-ambulance","tag-cote-divoire","tag-ecole","tag-fondation","tag-lonaci","tag-rehabilitation"],"yoast_head":"<!-- This site is optimized with the Yoast SEO Premium plugin v26.1 (Yoast SEO v27.0) - https:\/\/yoast.com\/product\/yoast-seo-premium-wordpress\/ -->\n<title>Education, la Fondation LONACI r\u00e9habilite et \u00e9quipe des \u00e9coles \u00e0 travers le pays \u00e0 hauteur de 263 millions de FCFA - C\u00f4te d&#039;Ivoire<\/title>\n<meta name=\"description\" content=\"La Fondation LONACI a remis officiellement les cle\u0301s de plusieurs e\u0301coles re\u0301habilite\u0301es et e\u0301quipe\u0301es dans les re\u0301gions ...\" \/>\n<meta name=\"robots\" content=\"index, follow, max-snippet:-1, max-image-preview:large, max-video-preview:-1\" \/>\n<link rel=\"canonical\" href=\"https:\/\/www.africa-press.net\/cotedivoire\/toutes-les-actualites\/education-la-fondation-lonaci-rehabilite-et-equipe-des-ecoles-a-travers-le-pays-a-hauteur-de-263-millions-de-fcfa\" \/>\n<meta property=\"og:locale\" content=\"fr_FR\" \/>\n<meta property=\"og:type\" content=\"article\" \/>\n<meta property=\"og:title\" content=\"Education, la Fondation LONACI r\u00e9habilite et \u00e9quipe des \u00e9coles \u00e0 travers le pays \u00e0 hauteur de 263 millions de FCFA\" \/>\n<meta property=\"og:description\" content=\"La Fondation LONACI a remis officiellement les cle\u0301s de plusieurs e\u0301coles re\u0301habilite\u0301es et e\u0301quipe\u0301es dans les re\u0301gions ...\" \/>\n<meta property=\"og:url\" content=\"https:\/\/www.africa-press.net\/cotedivoire\/toutes-les-actualites\/education-la-fondation-lonaci-rehabilite-et-equipe-des-ecoles-a-travers-le-pays-a-hauteur-de-263-millions-de-fcfa\" \/>\n<meta property=\"og:site_name\" content=\"C\u00f4te d&#039;Ivoire\" \/>\n<meta property=\"article:published_time\" content=\"2024-04-30T06:06:25+00:00\" \/>\n<meta property=\"article:modified_time\" content=\"2024-04-30T06:56:11+00:00\" \/>\n<meta property=\"og:image\" content=\"https:\/\/static.africa-press.net\/cote\/sites\/43\/2024\/04\/sm_1714447436.644827.jpg\" \/>\n\t<meta property=\"og:image:width\" content=\"720\" \/>\n\t<meta property=\"og:image:height\" content=\"480\" \/>\n\t<meta property=\"og:image:type\" content=\"image\/jpeg\" \/>\n<meta name=\"author\" content=\"cfeditorfr\" \/>\n<meta name=\"twitter:card\" content=\"summary_large_image\" \/>\n<meta name=\"twitter:label1\" content=\"\u00c9crit par\" \/>\n\t<meta name=\"twitter:data1\" content=\"cfeditorfr\" \/>\n\t<meta name=\"twitter:label2\" content=\"Dur\u00e9e de lecture estim\u00e9e\" \/>\n\t<meta name=\"twitter:data2\" content=\"2 minutes\" \/>\n<script type=\"application\/ld+json\" class=\"yoast-schema-graph\">{\"@context\":\"https:\/\/schema.org\",\"@graph\":[{\"@type\":\"Article\",\"@id\":\"https:\/\/www.africa-press.net\/cotedivoire\/toutes-les-actualites\/education-la-fondation-lonaci-rehabilite-et-equipe-des-ecoles-a-travers-le-pays-a-hauteur-de-263-millions-de-fcfa#article\",\"isPartOf\":{\"@id\":\"https:\/\/www.africa-press.net\/cotedivoire\/toutes-les-actualites\/education-la-fondation-lonaci-rehabilite-et-equipe-des-ecoles-a-travers-le-pays-a-hauteur-de-263-millions-de-fcfa\"},\"author\":{\"name\":\"cfeditorfr\",\"@id\":\"https:\/\/www.africa-press.net\/cotedivoire\/#\/schema\/person\/2b1cf3cd81a31e3cd26889ca66d677f1\"},\"headline\":\"Education, la Fondation LONACI r\u00e9habilite et \u00e9quipe des \u00e9coles \u00e0 travers le pays \u00e0 hauteur de 263 millions de FCFA\",\"datePublished\":\"2024-04-30T06:06:25+00:00\",\"dateModified\":\"2024-04-30T06:56:11+00:00\",\"mainEntityOfPage\":{\"@id\":\"https:\/\/www.africa-press.net\/cotedivoire\/toutes-les-actualites\/education-la-fondation-lonaci-rehabilite-et-equipe-des-ecoles-a-travers-le-pays-a-hauteur-de-263-millions-de-fcfa\"},\"wordCount\":366,\"commentCount\":0,\"image\":{\"@id\":\"https:\/\/www.africa-press.net\/cotedivoire\/toutes-les-actualites\/education-la-fondation-lonaci-rehabilite-et-equipe-des-ecoles-a-travers-le-pays-a-hauteur-de-263-millions-de-fcfa#primaryimage\"},\"thumbnailUrl\":\"https:\/\/static.africa-press.net\/cote\/sites\/43\/2024\/04\/sm_1714447436.644827.jpg\",\"keywords\":[\"Africa Press\",\"Africa Press-C\u00f4te d'Ivoire\",\"ambulance\",\"C\u00d4TE D'IVOIRE\",\"\u00e9cole\",\"Fondation\",\"LONACI\",\"r\u00e9habilitation\"],\"articleSection\":[\"Communaut\u00e9\",\"Toutes les actualit\u00e9s\"],\"inLanguage\":\"fr-FR\",\"potentialAction\":[{\"@type\":\"CommentAction\",\"name\":\"Comment\",\"target\":[\"https:\/\/www.africa-press.net\/cotedivoire\/toutes-les-actualites\/education-la-fondation-lonaci-rehabilite-et-equipe-des-ecoles-a-travers-le-pays-a-hauteur-de-263-millions-de-fcfa#respond\"]}]},{\"@type\":\"WebPage\",\"@id\":\"https:\/\/www.africa-press.net\/cotedivoire\/toutes-les-actualites\/education-la-fondation-lonaci-rehabilite-et-equipe-des-ecoles-a-travers-le-pays-a-hauteur-de-263-millions-de-fcfa\",\"url\":\"https:\/\/www.africa-press.net\/cotedivoire\/toutes-les-actualites\/education-la-fondation-lonaci-rehabilite-et-equipe-des-ecoles-a-travers-le-pays-a-hauteur-de-263-millions-de-fcfa\",\"name\":\"Education, la Fondation LONACI r\u00e9habilite et \u00e9quipe des \u00e9coles \u00e0 travers le pays \u00e0 hauteur de 263 millions de FCFA - C\u00f4te d&#039;Ivoire\",\"isPartOf\":{\"@id\":\"https:\/\/www.africa-press.net\/cotedivoire\/#website\"},\"primaryImageOfPage\":{\"@id\":\"https:\/\/www.africa-press.net\/cotedivoire\/toutes-les-actualites\/education-la-fondation-lonaci-rehabilite-et-equipe-des-ecoles-a-travers-le-pays-a-hauteur-de-263-millions-de-fcfa#primaryimage\"},\"image\":{\"@id\":\"https:\/\/www.africa-press.net\/cotedivoire\/toutes-les-actualites\/education-la-fondation-lonaci-rehabilite-et-equipe-des-ecoles-a-travers-le-pays-a-hauteur-de-263-millions-de-fcfa#primaryimage\"},\"thumbnailUrl\":\"https:\/\/static.africa-press.net\/cote\/sites\/43\/2024\/04\/sm_1714447436.644827.jpg\",\"datePublished\":\"2024-04-30T06:06:25+00:00\",\"dateModified\":\"2024-04-30T06:56:11+00:00\",\"author\":{\"@id\":\"https:\/\/www.africa-press.net\/cotedivoire\/#\/schema\/person\/2b1cf3cd81a31e3cd26889ca66d677f1\"},\"description\":\"La Fondation LONACI a remis officiellement les cle\u0301s de plusieurs e\u0301coles re\u0301habilite\u0301es et e\u0301quipe\u0301es dans les re\u0301gions ...\",\"breadcrumb\":{\"@id\":\"https:\/\/www.africa-press.net\/cotedivoire\/toutes-les-actualites\/education-la-fondation-lonaci-rehabilite-et-equipe-des-ecoles-a-travers-le-pays-a-hauteur-de-263-millions-de-fcfa#breadcrumb\"},\"inLanguage\":\"fr-FR\",\"potentialAction\":[{\"@type\":\"ReadAction\",\"target\":[\"https:\/\/www.africa-press.net\/cotedivoire\/toutes-les-actualites\/education-la-fondation-lonaci-rehabilite-et-equipe-des-ecoles-a-travers-le-pays-a-hauteur-de-263-millions-de-fcfa\"]}]},{\"@type\":\"ImageObject\",\"inLanguage\":\"fr-FR\",\"@id\":\"https:\/\/www.africa-press.net\/cotedivoire\/toutes-les-actualites\/education-la-fondation-lonaci-rehabilite-et-equipe-des-ecoles-a-travers-le-pays-a-hauteur-de-263-millions-de-fcfa#primaryimage\",\"url\":\"https:\/\/static.africa-press.net\/cote\/sites\/43\/2024\/04\/sm_1714447436.644827.jpg\",\"contentUrl\":\"https:\/\/static.africa-press.net\/cote\/sites\/43\/2024\/04\/sm_1714447436.644827.jpg\",\"width\":720,\"height\":480,\"caption\":\"Education, la Fondation LONACI r\u00e9habilite et \u00e9quipe des \u00e9coles \u00e0 travers le pays \u00e0 hauteur de 263 millions de FCFA\"},{\"@type\":\"BreadcrumbList\",\"@id\":\"https:\/\/www.africa-press.net\/cotedivoire\/toutes-les-actualites\/education-la-fondation-lonaci-rehabilite-et-equipe-des-ecoles-a-travers-le-pays-a-hauteur-de-263-millions-de-fcfa#breadcrumb\",\"itemListElement\":[{\"@type\":\"ListItem\",\"position\":1,\"name\":\"Accueil\",\"item\":\"https:\/\/www.africa-press.net\/cotedivoire\/\"},{\"@type\":\"ListItem\",\"position\":2,\"name\":\"Education, la Fondation LONACI r\u00e9habilite et \u00e9quipe des \u00e9coles \u00e0 travers le pays \u00e0 hauteur de 263 millions de FCFA\"}]},{\"@type\":\"WebSite\",\"@id\":\"https:\/\/www.africa-press.net\/cotedivoire\/#website\",\"url\":\"https:\/\/www.africa-press.net\/cotedivoire\/\",\"name\":\"C\u00f4te d&#039;Ivoire\",\"description\":\"Just another Africa News Agency Sites site\",\"potentialAction\":[{\"@type\":\"SearchAction\",\"target\":{\"@type\":\"EntryPoint\",\"urlTemplate\":\"https:\/\/www.africa-press.net\/cotedivoire\/?s={search_term_string}\"},\"query-input\":{\"@type\":\"PropertyValueSpecification\",\"valueRequired\":true,\"valueName\":\"search_term_string\"}}],\"inLanguage\":\"fr-FR\"},{\"@type\":\"Person\",\"@id\":\"https:\/\/www.africa-press.net\/cotedivoire\/#\/schema\/person\/2b1cf3cd81a31e3cd26889ca66d677f1\",\"name\":\"cfeditorfr\"}]}<\/script>\n<!-- \/ Yoast SEO Premium plugin. -->","yoast_head_json":{"title":"Education, la Fondation LONACI r\u00e9habilite et \u00e9quipe des \u00e9coles \u00e0 travers le pays \u00e0 hauteur de 263 millions de FCFA - C\u00f4te d&#039;Ivoire","description":"La Fondation LONACI a remis officiellement les cle\u0301s de plusieurs e\u0301coles re\u0301habilite\u0301es et e\u0301quipe\u0301es dans les re\u0301gions ...","robots":{"index":"index","follow":"follow","max-snippet":"max-snippet:-1","max-image-preview":"max-image-preview:large","max-video-preview":"max-video-preview:-1"},"canonical":"https:\/\/www.africa-press.net\/cotedivoire\/toutes-les-actualites\/education-la-fondation-lonaci-rehabilite-et-equipe-des-ecoles-a-travers-le-pays-a-hauteur-de-263-millions-de-fcfa","og_locale":"fr_FR","og_type":"article","og_title":"Education, la Fondation LONACI r\u00e9habilite et \u00e9quipe des \u00e9coles \u00e0 travers le pays \u00e0 hauteur de 263 millions de FCFA","og_description":"La Fondation LONACI a remis officiellement les cle\u0301s de plusieurs e\u0301coles re\u0301habilite\u0301es et e\u0301quipe\u0301es dans les re\u0301gions ...","og_url":"https:\/\/www.africa-press.net\/cotedivoire\/toutes-les-actualites\/education-la-fondation-lonaci-rehabilite-et-equipe-des-ecoles-a-travers-le-pays-a-hauteur-de-263-millions-de-fcfa","og_site_name":"C\u00f4te d&#039;Ivoire","article_published_time":"2024-04-30T06:06:25+00:00","article_modified_time":"2024-04-30T06:56:11+00:00","og_image":[{"width":720,"height":480,"url":"https:\/\/static.africa-press.net\/cote\/sites\/43\/2024\/04\/sm_1714447436.644827.jpg","type":"image\/jpeg"}],"author":"cfeditorfr","twitter_card":"summary_large_image","twitter_misc":{"\u00c9crit par":"cfeditorfr","Dur\u00e9e de lecture estim\u00e9e":"2 minutes"},"schema":{"@context":"https:\/\/schema.org","@graph":[{"@type":"Article","@id":"https:\/\/www.africa-press.net\/cotedivoire\/toutes-les-actualites\/education-la-fondation-lonaci-rehabilite-et-equipe-des-ecoles-a-travers-le-pays-a-hauteur-de-263-millions-de-fcfa#article","isPartOf":{"@id":"https:\/\/www.africa-press.net\/cotedivoire\/toutes-les-actualites\/education-la-fondation-lonaci-rehabilite-et-equipe-des-ecoles-a-travers-le-pays-a-hauteur-de-263-millions-de-fcfa"},"author":{"name":"cfeditorfr","@id":"https:\/\/www.africa-press.net\/cotedivoire\/#\/schema\/person\/2b1cf3cd81a31e3cd26889ca66d677f1"},"headline":"Education, la Fondation LONACI r\u00e9habilite et \u00e9quipe des \u00e9coles \u00e0 travers le pays \u00e0 hauteur de 263 millions de FCFA","datePublished":"2024-04-30T06:06:25+00:00","dateModified":"2024-04-30T06:56:11+00:00","mainEntityOfPage":{"@id":"https:\/\/www.africa-press.net\/cotedivoire\/toutes-les-actualites\/education-la-fondation-lonaci-rehabilite-et-equipe-des-ecoles-a-travers-le-pays-a-hauteur-de-263-millions-de-fcfa"},"wordCount":366,"commentCount":0,"image":{"@id":"https:\/\/www.africa-press.net\/cotedivoire\/toutes-les-actualites\/education-la-fondation-lonaci-rehabilite-et-equipe-des-ecoles-a-travers-le-pays-a-hauteur-de-263-millions-de-fcfa#primaryimage"},"thumbnailUrl":"https:\/\/static.africa-press.net\/cote\/sites\/43\/2024\/04\/sm_1714447436.644827.jpg","keywords":["Africa Press","Africa Press-C\u00f4te d'Ivoire","ambulance","C\u00d4TE D'IVOIRE","\u00e9cole","Fondation","LONACI","r\u00e9habilitation"],"articleSection":["Communaut\u00e9","Toutes les actualit\u00e9s"],"inLanguage":"fr-FR","potentialAction":[{"@type":"CommentAction","name":"Comment","target":["https:\/\/www.africa-press.net\/cotedivoire\/toutes-les-actualites\/education-la-fondation-lonaci-rehabilite-et-equipe-des-ecoles-a-travers-le-pays-a-hauteur-de-263-millions-de-fcfa#respond"]}]},{"@type":"WebPage","@id":"https:\/\/www.africa-press.net\/cotedivoire\/toutes-les-actualites\/education-la-fondation-lonaci-rehabilite-et-equipe-des-ecoles-a-travers-le-pays-a-hauteur-de-263-millions-de-fcfa","url":"https:\/\/www.africa-press.net\/cotedivoire\/toutes-les-actualites\/education-la-fondation-lonaci-rehabilite-et-equipe-des-ecoles-a-travers-le-pays-a-hauteur-de-263-millions-de-fcfa","name":"Education, la Fondation LONACI r\u00e9habilite et \u00e9quipe des \u00e9coles \u00e0 travers le pays \u00e0 hauteur de 263 millions de FCFA - C\u00f4te d&#039;Ivoire","isPartOf":{"@id":"https:\/\/www.africa-press.net\/cotedivoire\/#website"},"primaryImageOfPage":{"@id":"https:\/\/www.africa-press.net\/cotedivoire\/toutes-les-actualites\/education-la-fondation-lonaci-rehabilite-et-equipe-des-ecoles-a-travers-le-pays-a-hauteur-de-263-millions-de-fcfa#primaryimage"},"image":{"@id":"https:\/\/www.africa-press.net\/cotedivoire\/toutes-les-actualites\/education-la-fondation-lonaci-rehabilite-et-equipe-des-ecoles-a-travers-le-pays-a-hauteur-de-263-millions-de-fcfa#primaryimage"},"thumbnailUrl":"https:\/\/static.africa-press.net\/cote\/sites\/43\/2024\/04\/sm_1714447436.644827.jpg","datePublished":"2024-04-30T06:06:25+00:00","dateModified":"2024-04-30T06:56:11+00:00","author":{"@id":"https:\/\/www.africa-press.net\/cotedivoire\/#\/schema\/person\/2b1cf3cd81a31e3cd26889ca66d677f1"},"description":"La Fondation LONACI a remis officiellement les cle\u0301s de plusieurs e\u0301coles re\u0301habilite\u0301es et e\u0301quipe\u0301es dans les re\u0301gions ...","breadcrumb":{"@id":"https:\/\/www.africa-press.net\/cotedivoire\/toutes-les-actualites\/education-la-fondation-lonaci-rehabilite-et-equipe-des-ecoles-a-travers-le-pays-a-hauteur-de-263-millions-de-fcfa#breadcrumb"},"inLanguage":"fr-FR","potentialAction":[{"@type":"ReadAction","target":["https:\/\/www.africa-press.net\/cotedivoire\/toutes-les-actualites\/education-la-fondation-lonaci-rehabilite-et-equipe-des-ecoles-a-travers-le-pays-a-hauteur-de-263-millions-de-fcfa"]}]},{"@type":"ImageObject","inLanguage":"fr-FR","@id":"https:\/\/www.africa-press.net\/cotedivoire\/toutes-les-actualites\/education-la-fondation-lonaci-rehabilite-et-equipe-des-ecoles-a-travers-le-pays-a-hauteur-de-263-millions-de-fcfa#primaryimage","url":"https:\/\/static.africa-press.net\/cote\/sites\/43\/2024\/04\/sm_1714447436.644827.jpg","contentUrl":"https:\/\/static.africa-press.net\/cote\/sites\/43\/2024\/04\/sm_1714447436.644827.jpg","width":720,"height":480,"caption":"Education, la Fondation LONACI r\u00e9habilite et \u00e9quipe des \u00e9coles \u00e0 travers le pays \u00e0 hauteur de 263 millions de FCFA"},{"@type":"BreadcrumbList","@id":"https:\/\/www.africa-press.net\/cotedivoire\/toutes-les-actualites\/education-la-fondation-lonaci-rehabilite-et-equipe-des-ecoles-a-travers-le-pays-a-hauteur-de-263-millions-de-fcfa#breadcrumb","itemListElement":[{"@type":"ListItem","position":1,"name":"Accueil","item":"https:\/\/www.africa-press.net\/cotedivoire\/"},{"@type":"ListItem","position":2,"name":"Education, la Fondation LONACI r\u00e9habilite et \u00e9quipe des \u00e9coles \u00e0 travers le pays \u00e0 hauteur de 263 millions de FCFA"}]},{"@type":"WebSite","@id":"https:\/\/www.africa-press.net\/cotedivoire\/#website","url":"https:\/\/www.africa-press.net\/cotedivoire\/","name":"C\u00f4te d&#039;Ivoire","description":"Just another Africa News Agency Sites site","potentialAction":[{"@type":"SearchAction","target":{"@type":"EntryPoint","urlTemplate":"https:\/\/www.africa-press.net\/cotedivoire\/?s={search_term_string}"},"query-input":{"@type":"PropertyValueSpecification","valueRequired":true,"valueName":"search_term_string"}}],"inLanguage":"fr-FR"},{"@type":"Person","@id":"https:\/\/www.africa-press.net\/cotedivoire\/#\/schema\/person\/2b1cf3cd81a31e3cd26889ca66d677f1","name":"cfeditorfr"}]}},"_links":{"self":[{"href":"https:\/\/www.africa-press.net\/cotedivoire\/wp-json\/wp\/v2\/posts\/79145","targetHints":{"allow":["GET"]}}],"collection":[{"href":"https:\/\/www.africa-press.net\/cotedivoire\/wp-json\/wp\/v2\/posts"}],"about":[{"href":"https:\/\/www.africa-press.net\/cotedivoire\/wp-json\/wp\/v2\/types\/post"}],"author":[{"embeddable":true,"href":"https:\/\/www.africa-press.net\/cotedivoire\/wp-json\/wp\/v2\/users\/82"}],"replies":[{"embeddable":true,"href":"https:\/\/www.africa-press.net\/cotedivoire\/wp-json\/wp\/v2\/comments?post=79145"}],"version-history":[{"count":0,"href":"https:\/\/www.africa-press.net\/cotedivoire\/wp-json\/wp\/v2\/posts\/79145\/revisions"}],"wp:featuredmedia":[{"embeddable":true,"href":"https:\/\/www.africa-press.net\/cotedivoire\/wp-json\/wp\/v2\/media\/79143"}],"wp:attachment":[{"href":"https:\/\/www.africa-press.net\/cotedivoire\/wp-json\/wp\/v2\/media?parent=79145"}],"wp:term":[{"taxonomy":"category","embeddable":true,"href":"https:\/\/www.africa-press.net\/cotedivoire\/wp-json\/wp\/v2\/categories?post=79145"},{"taxonomy":"post_tag","embeddable":true,"href":"https:\/\/www.africa-press.net\/cotedivoire\/wp-json\/wp\/v2\/tags?post=79145"}],"curies":[{"name":"wp","href":"https:\/\/api.w.org\/{rel}","templated":true}]}}