{"id":7934,"date":"2021-05-19T16:33:23","date_gmt":"2021-05-19T16:33:23","guid":{"rendered":"https:\/\/www.africa-press.net\/cotedivoire\/?p=7934"},"modified":"2021-05-19T17:25:23","modified_gmt":"2021-05-19T17:25:23","slug":"tidjane-thiam-dans-la-lutte-contre-la-crise-du-covid-19-les-pays-africains-ne-demandent-pas-de-faveur","status":"publish","type":"post","link":"https:\/\/www.africa-press.net\/cotedivoire\/toutes-les-actualites\/tidjane-thiam-dans-la-lutte-contre-la-crise-du-covid-19-les-pays-africains-ne-demandent-pas-de-faveur","title":{"rendered":"Tidjane Thiam\u00a0: dans la lutte contre la crise du Covid-19, \u00ab\u00a0les pays africains ne demandent pas de faveur\u00a0\u00bb"},"content":{"rendered":"<p><span style=\"color: #ff6600\"><strong><a href=\"https:\/\/www.africa-press.net\/\">Africa-Press<\/a> &#8211; <a href=\"https:\/\/www.africa-press.net\/cotedivoire\">C\u00f4te d&rsquo;Ivoire<\/a>. <\/strong><\/span>Le financier franco-ivoirien et ancien patron de Credit Suisse, Tidjane Thiam, appartient au quatuor de haut niveau mis sur pied par l\u2019Union africaine (UA) pour contrer l\u2019h\u00e9catombe \u00e9conomique tant redout\u00e9e en Afrique, aux c\u00f4t\u00e9s de la Nig\u00e9riane Ngozi Okonjo-Iweala, du Sud-Africain Trevor Manuel et du Rwandais Donald Kaberuka.<\/p>\n<p>Dans la lign\u00e9e de ces travaux, il a contribu\u00e9 \u00e0 la pr\u00e9paration du sommet du 18 mai \u00e0 Paris, consacr\u00e9 \u00e0 la relance des \u00e9conomies africaines. Dans une interview au Monde, il rappelle que les pays africains souhaiteraient \u00ab pouvoir, comme les autres, prendre et b\u00e9n\u00e9ficier de mesures exceptionnelles face \u00e0 une crise elle-m\u00eame exceptionnelle \u00bb.<\/p>\n<p><b>Le sommet du 18 mai est consacr\u00e9 \u00e0 la relance des \u00e9conomies africaines qui sont tr\u00e8s fragilis\u00e9es par la crise sanitaire. La communaut\u00e9 internationale en fait-elle suffisamment pour aider l\u2019Afrique ?<\/b><\/p>\n<p>Je l\u2019ai toujours dit, le d\u00e9veloppement de l\u2019Afrique est d\u2019abord et avant tout l\u2019affaire des Africains. Par exemple, il leur revient de bien g\u00e9rer leurs finances publiques et d\u2019\u00eatre transparents sur la dette. Mais face \u00e0 un choc de cette ampleur, personne ne peut s\u2019en sortir en comptant uniquement sur lui-m\u00eame. Les stimuli qui ont \u00e9t\u00e9 mis en place en Occident ont \u00e9t\u00e9 financ\u00e9s par la dette et les march\u00e9s de capitaux. Les vaccins sont produits et \u00e9chang\u00e9s partout dans le monde.<\/p>\n<p>Tous les pays ont donc en quelque sorte b\u00e9n\u00e9fici\u00e9 de l\u2019existence et de la solidarit\u00e9 de la communaut\u00e9 internationale. Des plans de relance d\u2019une ampleur sans pr\u00e9c\u00e9dent ont \u00e9t\u00e9 mis en place avec une grande c\u00e9l\u00e9rit\u00e9 et sans s\u2019embarrasser de trop de r\u00e8gles. Je plaide pour la normalisation de l\u2019Afrique. Les pays africains ne demandent pas de faveur mais simplement de pouvoir, comme les autres, prendre et b\u00e9n\u00e9ficier de mesures exceptionnelles face \u00e0 une crise elle-m\u00eame exceptionnelle<\/p>\n<p><b>Quelles sont les attentes des pays africains concernant le sommet du 18 mai ?<\/b><\/p>\n<p>Je ne peux pas parler au nom de l\u2019Afrique qui sera repr\u00e9sent\u00e9e par de nombreux chefs d\u2019Etat le 18 mai. A titre personnel, ce que je souhaite, c\u2019est que les progr\u00e8s \u00e9conomiques du continent soient reconnus et que l\u2019accent reste mis sur ses opportunit\u00e9s. Quand j\u2019ai commenc\u00e9 ma carri\u00e8re en 1986, le PIB de l\u2019Afrique \u00e9tait de l\u2019ordre de 600 milliards de dollars. Il est aujourd\u2019hui de 2 500 milliards de dollars. C\u2019est une progression \u00e9norme. L\u2019enjeu d\u2019aujourd\u2019hui, c\u2019est que toutes ces ann\u00e9es ne soient pas perdues.<\/p>\n<p>Il existe beaucoup de talents sur le continent. Regardez ce qu\u2019a accompli le jeune entrepreneur nig\u00e9rian Shola Akinlade, qui sera pr\u00e9sent au sommet. Lui qui n\u2019avait jamais quitt\u00e9 l\u2019Afrique a \u00e9t\u00e9 rep\u00e9r\u00e9 \u00e0 Lagos par un incubateur am\u00e9ricain. On l\u2019a fait venir en Californie et aid\u00e9 \u00e0 trouver des fonds propres pour la soci\u00e9t\u00e9 qu\u2019il avait lanc\u00e9e dans le domaine du paiement digital. Son entreprise vient d\u2019\u00eatre rachet\u00e9e par Stripe, le g\u00e9ant am\u00e9ricain des paiements.<\/p>\n<p><b>Il vous reste 71.95% de cet article \u00e0 lire. La suite est r\u00e9serv\u00e9e aux abonn\u00e9s.<\/b><\/p>\n","protected":false},"excerpt":{"rendered":"<p>Africa-Press &#8211; C\u00f4te d&rsquo;Ivoire. Le financier franco-ivoirien et ancien patron de Credit Suisse, Tidjane Thiam, appartient au quatuor de haut niveau mis sur pied par l\u2019Union africaine (UA) pour contrer l\u2019h\u00e9catombe \u00e9conomique tant redout\u00e9e en Afrique, aux c\u00f4t\u00e9s de la Nig\u00e9riane Ngozi Okonjo-Iweala, du Sud-Africain Trevor Manuel et du Rwandais Donald Kaberuka. Dans la lign\u00e9e [&hellip;]<\/p>\n","protected":false},"author":82,"featured_media":7933,"comment_status":"open","ping_status":"closed","sticky":false,"template":"","format":"standard","meta":{"footnotes":""},"categories":[21,11,20,10],"tags":[56,63,29],"class_list":["post-7934","post","type-post","status-publish","format-standard","has-post-thumbnail","hentry","category-communaute","category-homepage-french","category-top-nouvelles","category-toutes-les-actualites","tag-africa-press","tag-africa-press-cote-divoire","tag-cote-divoire"],"yoast_head":"<!-- This site is optimized with the Yoast SEO Premium plugin v26.1 (Yoast SEO v27.0) - https:\/\/yoast.com\/product\/yoast-seo-premium-wordpress\/ -->\n<title>Tidjane Thiam\u00a0: dans la lutte contre la crise du Covid-19, \u00ab\u00a0les pays africains ne demandent pas de faveur\u00a0\u00bb - C\u00f4te d&#039;Ivoire<\/title>\n<meta name=\"description\" content=\"Le financier franco-ivoirien et ancien patron de Credit Suisse, Tidjane Thiam, appartient au quatuor de haut niveau mis ...\" \/>\n<meta name=\"robots\" content=\"index, follow, max-snippet:-1, max-image-preview:large, max-video-preview:-1\" \/>\n<link rel=\"canonical\" href=\"http:\/\/www.africa-press.net\/cotedivoire\/toutes-les-actualites\/tidjane-thiam-dans-la-lutte-contre-la-crise-du-covid-19-les-pays-africains-ne-demandent-pas-de-faveur\" \/>\n<meta property=\"og:locale\" content=\"fr_FR\" \/>\n<meta property=\"og:type\" content=\"article\" \/>\n<meta property=\"og:title\" content=\"Tidjane Thiam\u00a0: dans la lutte contre la crise du Covid-19, \u00ab\u00a0les pays africains ne demandent pas de faveur\u00a0\u00bb\" \/>\n<meta property=\"og:description\" content=\"Le financier franco-ivoirien et ancien patron de Credit Suisse, Tidjane Thiam, appartient au quatuor de haut niveau mis ...\" \/>\n<meta property=\"og:url\" content=\"http:\/\/www.africa-press.net\/cotedivoire\/toutes-les-actualites\/tidjane-thiam-dans-la-lutte-contre-la-crise-du-covid-19-les-pays-africains-ne-demandent-pas-de-faveur\" \/>\n<meta property=\"og:site_name\" content=\"C\u00f4te d&#039;Ivoire\" \/>\n<meta property=\"article:published_time\" content=\"2021-05-19T16:33:23+00:00\" \/>\n<meta property=\"article:modified_time\" content=\"2021-05-19T17:25:23+00:00\" \/>\n<meta property=\"og:image\" content=\"https:\/\/static.africa-press.net\/cote\/sites\/43\/2021\/05\/img-60a53b6a1b987.jpg\" \/>\n\t<meta property=\"og:image:width\" content=\"1440\" \/>\n\t<meta property=\"og:image:height\" content=\"720\" \/>\n\t<meta property=\"og:image:type\" content=\"image\/jpeg\" \/>\n<meta name=\"author\" content=\"cfeditorfr\" \/>\n<meta name=\"twitter:card\" content=\"summary_large_image\" \/>\n<meta name=\"twitter:label1\" content=\"\u00c9crit par\" \/>\n\t<meta name=\"twitter:data1\" content=\"cfeditorfr\" \/>\n\t<meta name=\"twitter:label2\" content=\"Dur\u00e9e de lecture estim\u00e9e\" \/>\n\t<meta name=\"twitter:data2\" content=\"3 minutes\" \/>\n<script type=\"application\/ld+json\" class=\"yoast-schema-graph\">{\"@context\":\"https:\/\/schema.org\",\"@graph\":[{\"@type\":\"Article\",\"@id\":\"http:\/\/www.africa-press.net\/cotedivoire\/toutes-les-actualites\/tidjane-thiam-dans-la-lutte-contre-la-crise-du-covid-19-les-pays-africains-ne-demandent-pas-de-faveur#article\",\"isPartOf\":{\"@id\":\"http:\/\/www.africa-press.net\/cotedivoire\/toutes-les-actualites\/tidjane-thiam-dans-la-lutte-contre-la-crise-du-covid-19-les-pays-africains-ne-demandent-pas-de-faveur\"},\"author\":{\"name\":\"cfeditorfr\",\"@id\":\"https:\/\/www.africa-press.net\/cotedivoire\/#\/schema\/person\/2b1cf3cd81a31e3cd26889ca66d677f1\"},\"headline\":\"Tidjane Thiam\u00a0: dans la lutte contre la crise du Covid-19, \u00ab\u00a0les pays africains ne demandent pas de faveur\u00a0\u00bb\",\"datePublished\":\"2021-05-19T16:33:23+00:00\",\"dateModified\":\"2021-05-19T17:25:23+00:00\",\"mainEntityOfPage\":{\"@id\":\"http:\/\/www.africa-press.net\/cotedivoire\/toutes-les-actualites\/tidjane-thiam-dans-la-lutte-contre-la-crise-du-covid-19-les-pays-africains-ne-demandent-pas-de-faveur\"},\"wordCount\":564,\"commentCount\":0,\"image\":{\"@id\":\"http:\/\/www.africa-press.net\/cotedivoire\/toutes-les-actualites\/tidjane-thiam-dans-la-lutte-contre-la-crise-du-covid-19-les-pays-africains-ne-demandent-pas-de-faveur#primaryimage\"},\"thumbnailUrl\":\"https:\/\/static.africa-press.net\/cote\/sites\/43\/2021\/05\/img-60a53b6a1b987.jpg\",\"keywords\":[\"Africa Press\",\"Africa Press-C\u00f4te d'Ivoire\",\"C\u00d4TE D'IVOIRE\"],\"articleSection\":[\"Communaut\u00e9\",\"homepage-french\",\"Top Nouvelles\",\"Toutes les actualit\u00e9s\"],\"inLanguage\":\"fr-FR\",\"potentialAction\":[{\"@type\":\"CommentAction\",\"name\":\"Comment\",\"target\":[\"http:\/\/www.africa-press.net\/cotedivoire\/toutes-les-actualites\/tidjane-thiam-dans-la-lutte-contre-la-crise-du-covid-19-les-pays-africains-ne-demandent-pas-de-faveur#respond\"]}]},{\"@type\":\"WebPage\",\"@id\":\"http:\/\/www.africa-press.net\/cotedivoire\/toutes-les-actualites\/tidjane-thiam-dans-la-lutte-contre-la-crise-du-covid-19-les-pays-africains-ne-demandent-pas-de-faveur\",\"url\":\"http:\/\/www.africa-press.net\/cotedivoire\/toutes-les-actualites\/tidjane-thiam-dans-la-lutte-contre-la-crise-du-covid-19-les-pays-africains-ne-demandent-pas-de-faveur\",\"name\":\"Tidjane Thiam\u00a0: dans la lutte contre la crise du Covid-19, \u00ab\u00a0les pays africains ne demandent pas de faveur\u00a0\u00bb - C\u00f4te d&#039;Ivoire\",\"isPartOf\":{\"@id\":\"https:\/\/www.africa-press.net\/cotedivoire\/#website\"},\"primaryImageOfPage\":{\"@id\":\"http:\/\/www.africa-press.net\/cotedivoire\/toutes-les-actualites\/tidjane-thiam-dans-la-lutte-contre-la-crise-du-covid-19-les-pays-africains-ne-demandent-pas-de-faveur#primaryimage\"},\"image\":{\"@id\":\"http:\/\/www.africa-press.net\/cotedivoire\/toutes-les-actualites\/tidjane-thiam-dans-la-lutte-contre-la-crise-du-covid-19-les-pays-africains-ne-demandent-pas-de-faveur#primaryimage\"},\"thumbnailUrl\":\"https:\/\/static.africa-press.net\/cote\/sites\/43\/2021\/05\/img-60a53b6a1b987.jpg\",\"datePublished\":\"2021-05-19T16:33:23+00:00\",\"dateModified\":\"2021-05-19T17:25:23+00:00\",\"author\":{\"@id\":\"https:\/\/www.africa-press.net\/cotedivoire\/#\/schema\/person\/2b1cf3cd81a31e3cd26889ca66d677f1\"},\"description\":\"Le financier franco-ivoirien et ancien patron de Credit Suisse, Tidjane Thiam, appartient au quatuor de haut niveau mis ...\",\"breadcrumb\":{\"@id\":\"http:\/\/www.africa-press.net\/cotedivoire\/toutes-les-actualites\/tidjane-thiam-dans-la-lutte-contre-la-crise-du-covid-19-les-pays-africains-ne-demandent-pas-de-faveur#breadcrumb\"},\"inLanguage\":\"fr-FR\",\"potentialAction\":[{\"@type\":\"ReadAction\",\"target\":[\"http:\/\/www.africa-press.net\/cotedivoire\/toutes-les-actualites\/tidjane-thiam-dans-la-lutte-contre-la-crise-du-covid-19-les-pays-africains-ne-demandent-pas-de-faveur\"]}]},{\"@type\":\"ImageObject\",\"inLanguage\":\"fr-FR\",\"@id\":\"http:\/\/www.africa-press.net\/cotedivoire\/toutes-les-actualites\/tidjane-thiam-dans-la-lutte-contre-la-crise-du-covid-19-les-pays-africains-ne-demandent-pas-de-faveur#primaryimage\",\"url\":\"https:\/\/static.africa-press.net\/cote\/sites\/43\/2021\/05\/img-60a53b6a1b987.jpg\",\"contentUrl\":\"https:\/\/static.africa-press.net\/cote\/sites\/43\/2021\/05\/img-60a53b6a1b987.jpg\",\"width\":1440,\"height\":720,\"caption\":\"Tidjane Thiam\u00a0: dans la lutte contre la crise du Covid-19, \u00ab\u00a0les pays africains ne demandent pas de faveur\u00a0\u00bb\"},{\"@type\":\"BreadcrumbList\",\"@id\":\"http:\/\/www.africa-press.net\/cotedivoire\/toutes-les-actualites\/tidjane-thiam-dans-la-lutte-contre-la-crise-du-covid-19-les-pays-africains-ne-demandent-pas-de-faveur#breadcrumb\",\"itemListElement\":[{\"@type\":\"ListItem\",\"position\":1,\"name\":\"Accueil\",\"item\":\"https:\/\/www.africa-press.net\/cotedivoire\/\"},{\"@type\":\"ListItem\",\"position\":2,\"name\":\"Tidjane Thiam\u00a0: dans la lutte contre la crise du Covid-19, \u00ab\u00a0les pays africains ne demandent pas de faveur\u00a0\u00bb\"}]},{\"@type\":\"WebSite\",\"@id\":\"https:\/\/www.africa-press.net\/cotedivoire\/#website\",\"url\":\"https:\/\/www.africa-press.net\/cotedivoire\/\",\"name\":\"C\u00f4te d&#039;Ivoire\",\"description\":\"Just another Africa News Agency Sites site\",\"potentialAction\":[{\"@type\":\"SearchAction\",\"target\":{\"@type\":\"EntryPoint\",\"urlTemplate\":\"https:\/\/www.africa-press.net\/cotedivoire\/?s={search_term_string}\"},\"query-input\":{\"@type\":\"PropertyValueSpecification\",\"valueRequired\":true,\"valueName\":\"search_term_string\"}}],\"inLanguage\":\"fr-FR\"},{\"@type\":\"Person\",\"@id\":\"https:\/\/www.africa-press.net\/cotedivoire\/#\/schema\/person\/2b1cf3cd81a31e3cd26889ca66d677f1\",\"name\":\"cfeditorfr\"}]}<\/script>\n<!-- \/ Yoast SEO Premium plugin. -->","yoast_head_json":{"title":"Tidjane Thiam\u00a0: dans la lutte contre la crise du Covid-19, \u00ab\u00a0les pays africains ne demandent pas de faveur\u00a0\u00bb - C\u00f4te d&#039;Ivoire","description":"Le financier franco-ivoirien et ancien patron de Credit Suisse, Tidjane Thiam, appartient au quatuor de haut niveau mis ...","robots":{"index":"index","follow":"follow","max-snippet":"max-snippet:-1","max-image-preview":"max-image-preview:large","max-video-preview":"max-video-preview:-1"},"canonical":"http:\/\/www.africa-press.net\/cotedivoire\/toutes-les-actualites\/tidjane-thiam-dans-la-lutte-contre-la-crise-du-covid-19-les-pays-africains-ne-demandent-pas-de-faveur","og_locale":"fr_FR","og_type":"article","og_title":"Tidjane Thiam\u00a0: dans la lutte contre la crise du Covid-19, \u00ab\u00a0les pays africains ne demandent pas de faveur\u00a0\u00bb","og_description":"Le financier franco-ivoirien et ancien patron de Credit Suisse, Tidjane Thiam, appartient au quatuor de haut niveau mis ...","og_url":"http:\/\/www.africa-press.net\/cotedivoire\/toutes-les-actualites\/tidjane-thiam-dans-la-lutte-contre-la-crise-du-covid-19-les-pays-africains-ne-demandent-pas-de-faveur","og_site_name":"C\u00f4te d&#039;Ivoire","article_published_time":"2021-05-19T16:33:23+00:00","article_modified_time":"2021-05-19T17:25:23+00:00","og_image":[{"width":1440,"height":720,"url":"https:\/\/static.africa-press.net\/cote\/sites\/43\/2021\/05\/img-60a53b6a1b987.jpg","type":"image\/jpeg"}],"author":"cfeditorfr","twitter_card":"summary_large_image","twitter_misc":{"\u00c9crit par":"cfeditorfr","Dur\u00e9e de lecture estim\u00e9e":"3 minutes"},"schema":{"@context":"https:\/\/schema.org","@graph":[{"@type":"Article","@id":"http:\/\/www.africa-press.net\/cotedivoire\/toutes-les-actualites\/tidjane-thiam-dans-la-lutte-contre-la-crise-du-covid-19-les-pays-africains-ne-demandent-pas-de-faveur#article","isPartOf":{"@id":"http:\/\/www.africa-press.net\/cotedivoire\/toutes-les-actualites\/tidjane-thiam-dans-la-lutte-contre-la-crise-du-covid-19-les-pays-africains-ne-demandent-pas-de-faveur"},"author":{"name":"cfeditorfr","@id":"https:\/\/www.africa-press.net\/cotedivoire\/#\/schema\/person\/2b1cf3cd81a31e3cd26889ca66d677f1"},"headline":"Tidjane Thiam\u00a0: dans la lutte contre la crise du Covid-19, \u00ab\u00a0les pays africains ne demandent pas de faveur\u00a0\u00bb","datePublished":"2021-05-19T16:33:23+00:00","dateModified":"2021-05-19T17:25:23+00:00","mainEntityOfPage":{"@id":"http:\/\/www.africa-press.net\/cotedivoire\/toutes-les-actualites\/tidjane-thiam-dans-la-lutte-contre-la-crise-du-covid-19-les-pays-africains-ne-demandent-pas-de-faveur"},"wordCount":564,"commentCount":0,"image":{"@id":"http:\/\/www.africa-press.net\/cotedivoire\/toutes-les-actualites\/tidjane-thiam-dans-la-lutte-contre-la-crise-du-covid-19-les-pays-africains-ne-demandent-pas-de-faveur#primaryimage"},"thumbnailUrl":"https:\/\/static.africa-press.net\/cote\/sites\/43\/2021\/05\/img-60a53b6a1b987.jpg","keywords":["Africa Press","Africa Press-C\u00f4te d'Ivoire","C\u00d4TE D'IVOIRE"],"articleSection":["Communaut\u00e9","homepage-french","Top Nouvelles","Toutes les actualit\u00e9s"],"inLanguage":"fr-FR","potentialAction":[{"@type":"CommentAction","name":"Comment","target":["http:\/\/www.africa-press.net\/cotedivoire\/toutes-les-actualites\/tidjane-thiam-dans-la-lutte-contre-la-crise-du-covid-19-les-pays-africains-ne-demandent-pas-de-faveur#respond"]}]},{"@type":"WebPage","@id":"http:\/\/www.africa-press.net\/cotedivoire\/toutes-les-actualites\/tidjane-thiam-dans-la-lutte-contre-la-crise-du-covid-19-les-pays-africains-ne-demandent-pas-de-faveur","url":"http:\/\/www.africa-press.net\/cotedivoire\/toutes-les-actualites\/tidjane-thiam-dans-la-lutte-contre-la-crise-du-covid-19-les-pays-africains-ne-demandent-pas-de-faveur","name":"Tidjane Thiam\u00a0: dans la lutte contre la crise du Covid-19, \u00ab\u00a0les pays africains ne demandent pas de faveur\u00a0\u00bb - C\u00f4te d&#039;Ivoire","isPartOf":{"@id":"https:\/\/www.africa-press.net\/cotedivoire\/#website"},"primaryImageOfPage":{"@id":"http:\/\/www.africa-press.net\/cotedivoire\/toutes-les-actualites\/tidjane-thiam-dans-la-lutte-contre-la-crise-du-covid-19-les-pays-africains-ne-demandent-pas-de-faveur#primaryimage"},"image":{"@id":"http:\/\/www.africa-press.net\/cotedivoire\/toutes-les-actualites\/tidjane-thiam-dans-la-lutte-contre-la-crise-du-covid-19-les-pays-africains-ne-demandent-pas-de-faveur#primaryimage"},"thumbnailUrl":"https:\/\/static.africa-press.net\/cote\/sites\/43\/2021\/05\/img-60a53b6a1b987.jpg","datePublished":"2021-05-19T16:33:23+00:00","dateModified":"2021-05-19T17:25:23+00:00","author":{"@id":"https:\/\/www.africa-press.net\/cotedivoire\/#\/schema\/person\/2b1cf3cd81a31e3cd26889ca66d677f1"},"description":"Le financier franco-ivoirien et ancien patron de Credit Suisse, Tidjane Thiam, appartient au quatuor de haut niveau mis ...","breadcrumb":{"@id":"http:\/\/www.africa-press.net\/cotedivoire\/toutes-les-actualites\/tidjane-thiam-dans-la-lutte-contre-la-crise-du-covid-19-les-pays-africains-ne-demandent-pas-de-faveur#breadcrumb"},"inLanguage":"fr-FR","potentialAction":[{"@type":"ReadAction","target":["http:\/\/www.africa-press.net\/cotedivoire\/toutes-les-actualites\/tidjane-thiam-dans-la-lutte-contre-la-crise-du-covid-19-les-pays-africains-ne-demandent-pas-de-faveur"]}]},{"@type":"ImageObject","inLanguage":"fr-FR","@id":"http:\/\/www.africa-press.net\/cotedivoire\/toutes-les-actualites\/tidjane-thiam-dans-la-lutte-contre-la-crise-du-covid-19-les-pays-africains-ne-demandent-pas-de-faveur#primaryimage","url":"https:\/\/static.africa-press.net\/cote\/sites\/43\/2021\/05\/img-60a53b6a1b987.jpg","contentUrl":"https:\/\/static.africa-press.net\/cote\/sites\/43\/2021\/05\/img-60a53b6a1b987.jpg","width":1440,"height":720,"caption":"Tidjane Thiam\u00a0: dans la lutte contre la crise du Covid-19, \u00ab\u00a0les pays africains ne demandent pas de faveur\u00a0\u00bb"},{"@type":"BreadcrumbList","@id":"http:\/\/www.africa-press.net\/cotedivoire\/toutes-les-actualites\/tidjane-thiam-dans-la-lutte-contre-la-crise-du-covid-19-les-pays-africains-ne-demandent-pas-de-faveur#breadcrumb","itemListElement":[{"@type":"ListItem","position":1,"name":"Accueil","item":"https:\/\/www.africa-press.net\/cotedivoire\/"},{"@type":"ListItem","position":2,"name":"Tidjane Thiam\u00a0: dans la lutte contre la crise du Covid-19, \u00ab\u00a0les pays africains ne demandent pas de faveur\u00a0\u00bb"}]},{"@type":"WebSite","@id":"https:\/\/www.africa-press.net\/cotedivoire\/#website","url":"https:\/\/www.africa-press.net\/cotedivoire\/","name":"C\u00f4te d&#039;Ivoire","description":"Just another Africa News Agency Sites site","potentialAction":[{"@type":"SearchAction","target":{"@type":"EntryPoint","urlTemplate":"https:\/\/www.africa-press.net\/cotedivoire\/?s={search_term_string}"},"query-input":{"@type":"PropertyValueSpecification","valueRequired":true,"valueName":"search_term_string"}}],"inLanguage":"fr-FR"},{"@type":"Person","@id":"https:\/\/www.africa-press.net\/cotedivoire\/#\/schema\/person\/2b1cf3cd81a31e3cd26889ca66d677f1","name":"cfeditorfr"}]}},"_links":{"self":[{"href":"https:\/\/www.africa-press.net\/cotedivoire\/wp-json\/wp\/v2\/posts\/7934","targetHints":{"allow":["GET"]}}],"collection":[{"href":"https:\/\/www.africa-press.net\/cotedivoire\/wp-json\/wp\/v2\/posts"}],"about":[{"href":"https:\/\/www.africa-press.net\/cotedivoire\/wp-json\/wp\/v2\/types\/post"}],"author":[{"embeddable":true,"href":"https:\/\/www.africa-press.net\/cotedivoire\/wp-json\/wp\/v2\/users\/82"}],"replies":[{"embeddable":true,"href":"https:\/\/www.africa-press.net\/cotedivoire\/wp-json\/wp\/v2\/comments?post=7934"}],"version-history":[{"count":0,"href":"https:\/\/www.africa-press.net\/cotedivoire\/wp-json\/wp\/v2\/posts\/7934\/revisions"}],"wp:featuredmedia":[{"embeddable":true,"href":"https:\/\/www.africa-press.net\/cotedivoire\/wp-json\/wp\/v2\/media\/7933"}],"wp:attachment":[{"href":"https:\/\/www.africa-press.net\/cotedivoire\/wp-json\/wp\/v2\/media?parent=7934"}],"wp:term":[{"taxonomy":"category","embeddable":true,"href":"https:\/\/www.africa-press.net\/cotedivoire\/wp-json\/wp\/v2\/categories?post=7934"},{"taxonomy":"post_tag","embeddable":true,"href":"https:\/\/www.africa-press.net\/cotedivoire\/wp-json\/wp\/v2\/tags?post=7934"}],"curies":[{"name":"wp","href":"https:\/\/api.w.org\/{rel}","templated":true}]}}