{"id":7937,"date":"2021-05-19T16:44:39","date_gmt":"2021-05-19T16:44:39","guid":{"rendered":"https:\/\/www.africa-press.net\/cotedivoire\/?p=7937"},"modified":"2021-05-19T17:25:31","modified_gmt":"2021-05-19T17:25:31","slug":"cote-divoire-pourquoi-les-avocats-de-guillaume-soro-refusent-de-participer-au-proces","status":"publish","type":"post","link":"https:\/\/www.africa-press.net\/cotedivoire\/politique\/cote-divoire-pourquoi-les-avocats-de-guillaume-soro-refusent-de-participer-au-proces","title":{"rendered":"pourquoi les avocats de Guillaume Soro refusent de participer au proc\u00e8s"},"content":{"rendered":"<p><span style=\"color: #ff6600\"><strong><a href=\"https:\/\/www.africa-press.net\/\">Africa-Press<\/a> &#8211; <a href=\"https:\/\/www.africa-press.net\/cotedivoire\">C\u00f4te d&rsquo;Ivoire<\/a>. <\/strong><\/span>Les d\u00e9fenseurs de l\u2019ancien pr\u00e9sident de l\u2019Assembl\u00e9e nationale ont annonc\u00e9 leur refus de participer au proc\u00e8s de Guillaume Soro et d\u2019une vingtaine de ses proches. Celui-ci s\u2019ouvre ce 19 mai \u00e0 Abidjan.<\/p>\n<p>C\u2019est un proc\u00e8s particuli\u00e8rement attendu qui doit s\u2019ouvrir ce 19 mai devant le tribunal criminel d\u2019Abidjan. Celui de Guillaume Soro et d\u2019une vingtaine de ses proches et de militants de G\u00e9n\u00e9rations et peuples solidaires (GPS), qui devront r\u00e9pondre des charges d\u2019 \u00ab atteinte \u00e0 la suret\u00e9 de l\u2019\u00c9tat \u00bb, de \u00ab complot \u00bb et de \u00ab diffusion de fausses informations \u00bb.<\/p>\n<p>Mais ce proc\u00e8s se tiendra en l\u2019absence de Guillaume Soro, en exil depuis son retour avort\u00e9 de d\u00e9cembre 2019, et de ses avocats. Selon nos informations, les d\u00e9fenseurs de l\u2019ancien pr\u00e9sident de l\u2019Assembl\u00e9e nationale ont en effet fait savoir, par un courrier adress\u00e9 au pr\u00e9sident et aux juges du tribunal, qu\u2019ils ne \u00ab pr\u00eateront pas leur concours au simulacre de proc\u00e8s \u00bb.<\/p>\n<p><b>\u00a0<\/b><\/p>\n","protected":false},"excerpt":{"rendered":"<p>Africa-Press &#8211; C\u00f4te d&rsquo;Ivoire. Les d\u00e9fenseurs de l\u2019ancien pr\u00e9sident de l\u2019Assembl\u00e9e nationale ont annonc\u00e9 leur refus de participer au proc\u00e8s de Guillaume Soro et d\u2019une vingtaine de ses proches. Celui-ci s\u2019ouvre ce 19 mai \u00e0 Abidjan. C\u2019est un proc\u00e8s particuli\u00e8rement attendu qui doit s\u2019ouvrir ce 19 mai devant le tribunal criminel d\u2019Abidjan. Celui de Guillaume [&hellip;]<\/p>\n","protected":false},"author":82,"featured_media":7936,"comment_status":"open","ping_status":"closed","sticky":false,"template":"","format":"standard","meta":{"footnotes":""},"categories":[11,2,10],"tags":[56,63,29],"class_list":["post-7937","post","type-post","status-publish","format-standard","has-post-thumbnail","hentry","category-homepage-french","category-politique","category-toutes-les-actualites","tag-africa-press","tag-africa-press-cote-divoire","tag-cote-divoire"],"yoast_head":"<!-- This site is optimized with the Yoast SEO Premium plugin v26.1 (Yoast SEO v27.0) - https:\/\/yoast.com\/product\/yoast-seo-premium-wordpress\/ -->\n<title>pourquoi les avocats de Guillaume Soro refusent de participer au proc\u00e8s - C\u00f4te d&#039;Ivoire<\/title>\n<meta name=\"description\" content=\"Les d\u00e9fenseurs de l\u2019ancien pr\u00e9sident de l\u2019Assembl\u00e9e nationale ont annonc\u00e9 leur refus de participer au proc\u00e8s de Guillaum ...\" \/>\n<meta name=\"robots\" content=\"index, follow, max-snippet:-1, max-image-preview:large, max-video-preview:-1\" \/>\n<link rel=\"canonical\" href=\"http:\/\/www.africa-press.net\/cotedivoire\/politique\/cote-divoire-pourquoi-les-avocats-de-guillaume-soro-refusent-de-participer-au-proces\" \/>\n<meta property=\"og:locale\" content=\"fr_FR\" \/>\n<meta property=\"og:type\" content=\"article\" \/>\n<meta property=\"og:title\" content=\"pourquoi les avocats de Guillaume Soro refusent de participer au proc\u00e8s\" \/>\n<meta property=\"og:description\" content=\"Les d\u00e9fenseurs de l\u2019ancien pr\u00e9sident de l\u2019Assembl\u00e9e nationale ont annonc\u00e9 leur refus de participer au proc\u00e8s de Guillaum ...\" \/>\n<meta property=\"og:url\" content=\"http:\/\/www.africa-press.net\/cotedivoire\/politique\/cote-divoire-pourquoi-les-avocats-de-guillaume-soro-refusent-de-participer-au-proces\" \/>\n<meta property=\"og:site_name\" content=\"C\u00f4te d&#039;Ivoire\" \/>\n<meta property=\"article:published_time\" content=\"2021-05-19T16:44:39+00:00\" \/>\n<meta property=\"article:modified_time\" content=\"2021-05-19T17:25:31+00:00\" \/>\n<meta property=\"og:image\" content=\"https:\/\/static.africa-press.net\/cote\/sites\/43\/2021\/05\/img-60a53bf4ebfd9.jpg\" \/>\n\t<meta property=\"og:image:width\" content=\"720\" \/>\n\t<meta property=\"og:image:height\" content=\"360\" \/>\n\t<meta property=\"og:image:type\" content=\"image\/jpeg\" \/>\n<meta name=\"author\" content=\"cfeditorfr\" \/>\n<meta name=\"twitter:card\" content=\"summary_large_image\" \/>\n<meta name=\"twitter:label1\" content=\"\u00c9crit par\" \/>\n\t<meta name=\"twitter:data1\" content=\"cfeditorfr\" \/>\n\t<meta name=\"twitter:label2\" content=\"Dur\u00e9e de lecture estim\u00e9e\" \/>\n\t<meta name=\"twitter:data2\" content=\"1 minute\" \/>\n<script type=\"application\/ld+json\" class=\"yoast-schema-graph\">{\"@context\":\"https:\/\/schema.org\",\"@graph\":[{\"@type\":\"Article\",\"@id\":\"http:\/\/www.africa-press.net\/cotedivoire\/politique\/cote-divoire-pourquoi-les-avocats-de-guillaume-soro-refusent-de-participer-au-proces#article\",\"isPartOf\":{\"@id\":\"http:\/\/www.africa-press.net\/cotedivoire\/politique\/cote-divoire-pourquoi-les-avocats-de-guillaume-soro-refusent-de-participer-au-proces\"},\"author\":{\"name\":\"cfeditorfr\",\"@id\":\"https:\/\/www.africa-press.net\/cotedivoire\/#\/schema\/person\/2b1cf3cd81a31e3cd26889ca66d677f1\"},\"headline\":\"pourquoi les avocats de Guillaume Soro refusent de participer au proc\u00e8s\",\"datePublished\":\"2021-05-19T16:44:39+00:00\",\"dateModified\":\"2021-05-19T17:25:31+00:00\",\"mainEntityOfPage\":{\"@id\":\"http:\/\/www.africa-press.net\/cotedivoire\/politique\/cote-divoire-pourquoi-les-avocats-de-guillaume-soro-refusent-de-participer-au-proces\"},\"wordCount\":190,\"commentCount\":0,\"image\":{\"@id\":\"http:\/\/www.africa-press.net\/cotedivoire\/politique\/cote-divoire-pourquoi-les-avocats-de-guillaume-soro-refusent-de-participer-au-proces#primaryimage\"},\"thumbnailUrl\":\"https:\/\/static.africa-press.net\/cote\/sites\/43\/2021\/05\/img-60a53bf4ebfd9.jpg\",\"keywords\":[\"Africa Press\",\"Africa Press-C\u00f4te d'Ivoire\",\"C\u00d4TE D'IVOIRE\"],\"articleSection\":[\"homepage-french\",\"Politique\",\"Toutes les actualit\u00e9s\"],\"inLanguage\":\"fr-FR\",\"potentialAction\":[{\"@type\":\"CommentAction\",\"name\":\"Comment\",\"target\":[\"http:\/\/www.africa-press.net\/cotedivoire\/politique\/cote-divoire-pourquoi-les-avocats-de-guillaume-soro-refusent-de-participer-au-proces#respond\"]}]},{\"@type\":\"WebPage\",\"@id\":\"http:\/\/www.africa-press.net\/cotedivoire\/politique\/cote-divoire-pourquoi-les-avocats-de-guillaume-soro-refusent-de-participer-au-proces\",\"url\":\"http:\/\/www.africa-press.net\/cotedivoire\/politique\/cote-divoire-pourquoi-les-avocats-de-guillaume-soro-refusent-de-participer-au-proces\",\"name\":\"pourquoi les avocats de Guillaume Soro refusent de participer au proc\u00e8s - C\u00f4te d&#039;Ivoire\",\"isPartOf\":{\"@id\":\"https:\/\/www.africa-press.net\/cotedivoire\/#website\"},\"primaryImageOfPage\":{\"@id\":\"http:\/\/www.africa-press.net\/cotedivoire\/politique\/cote-divoire-pourquoi-les-avocats-de-guillaume-soro-refusent-de-participer-au-proces#primaryimage\"},\"image\":{\"@id\":\"http:\/\/www.africa-press.net\/cotedivoire\/politique\/cote-divoire-pourquoi-les-avocats-de-guillaume-soro-refusent-de-participer-au-proces#primaryimage\"},\"thumbnailUrl\":\"https:\/\/static.africa-press.net\/cote\/sites\/43\/2021\/05\/img-60a53bf4ebfd9.jpg\",\"datePublished\":\"2021-05-19T16:44:39+00:00\",\"dateModified\":\"2021-05-19T17:25:31+00:00\",\"author\":{\"@id\":\"https:\/\/www.africa-press.net\/cotedivoire\/#\/schema\/person\/2b1cf3cd81a31e3cd26889ca66d677f1\"},\"description\":\"Les d\u00e9fenseurs de l\u2019ancien pr\u00e9sident de l\u2019Assembl\u00e9e nationale ont annonc\u00e9 leur refus de participer au proc\u00e8s de Guillaum ...\",\"breadcrumb\":{\"@id\":\"http:\/\/www.africa-press.net\/cotedivoire\/politique\/cote-divoire-pourquoi-les-avocats-de-guillaume-soro-refusent-de-participer-au-proces#breadcrumb\"},\"inLanguage\":\"fr-FR\",\"potentialAction\":[{\"@type\":\"ReadAction\",\"target\":[\"http:\/\/www.africa-press.net\/cotedivoire\/politique\/cote-divoire-pourquoi-les-avocats-de-guillaume-soro-refusent-de-participer-au-proces\"]}]},{\"@type\":\"ImageObject\",\"inLanguage\":\"fr-FR\",\"@id\":\"http:\/\/www.africa-press.net\/cotedivoire\/politique\/cote-divoire-pourquoi-les-avocats-de-guillaume-soro-refusent-de-participer-au-proces#primaryimage\",\"url\":\"https:\/\/static.africa-press.net\/cote\/sites\/43\/2021\/05\/img-60a53bf4ebfd9.jpg\",\"contentUrl\":\"https:\/\/static.africa-press.net\/cote\/sites\/43\/2021\/05\/img-60a53bf4ebfd9.jpg\",\"width\":720,\"height\":360,\"caption\":\"C\u00f4te d\u2019Ivoire\u00a0: pourquoi les avocats de Guillaume Soro refusent de participer au proc\u00e8s\"},{\"@type\":\"BreadcrumbList\",\"@id\":\"http:\/\/www.africa-press.net\/cotedivoire\/politique\/cote-divoire-pourquoi-les-avocats-de-guillaume-soro-refusent-de-participer-au-proces#breadcrumb\",\"itemListElement\":[{\"@type\":\"ListItem\",\"position\":1,\"name\":\"Accueil\",\"item\":\"https:\/\/www.africa-press.net\/cotedivoire\/\"},{\"@type\":\"ListItem\",\"position\":2,\"name\":\"pourquoi les avocats de Guillaume Soro refusent de participer au proc\u00e8s\"}]},{\"@type\":\"WebSite\",\"@id\":\"https:\/\/www.africa-press.net\/cotedivoire\/#website\",\"url\":\"https:\/\/www.africa-press.net\/cotedivoire\/\",\"name\":\"C\u00f4te d&#039;Ivoire\",\"description\":\"Just another Africa News Agency Sites site\",\"potentialAction\":[{\"@type\":\"SearchAction\",\"target\":{\"@type\":\"EntryPoint\",\"urlTemplate\":\"https:\/\/www.africa-press.net\/cotedivoire\/?s={search_term_string}\"},\"query-input\":{\"@type\":\"PropertyValueSpecification\",\"valueRequired\":true,\"valueName\":\"search_term_string\"}}],\"inLanguage\":\"fr-FR\"},{\"@type\":\"Person\",\"@id\":\"https:\/\/www.africa-press.net\/cotedivoire\/#\/schema\/person\/2b1cf3cd81a31e3cd26889ca66d677f1\",\"name\":\"cfeditorfr\"}]}<\/script>\n<!-- \/ Yoast SEO Premium plugin. -->","yoast_head_json":{"title":"pourquoi les avocats de Guillaume Soro refusent de participer au proc\u00e8s - C\u00f4te d&#039;Ivoire","description":"Les d\u00e9fenseurs de l\u2019ancien pr\u00e9sident de l\u2019Assembl\u00e9e nationale ont annonc\u00e9 leur refus de participer au proc\u00e8s de Guillaum ...","robots":{"index":"index","follow":"follow","max-snippet":"max-snippet:-1","max-image-preview":"max-image-preview:large","max-video-preview":"max-video-preview:-1"},"canonical":"http:\/\/www.africa-press.net\/cotedivoire\/politique\/cote-divoire-pourquoi-les-avocats-de-guillaume-soro-refusent-de-participer-au-proces","og_locale":"fr_FR","og_type":"article","og_title":"pourquoi les avocats de Guillaume Soro refusent de participer au proc\u00e8s","og_description":"Les d\u00e9fenseurs de l\u2019ancien pr\u00e9sident de l\u2019Assembl\u00e9e nationale ont annonc\u00e9 leur refus de participer au proc\u00e8s de Guillaum ...","og_url":"http:\/\/www.africa-press.net\/cotedivoire\/politique\/cote-divoire-pourquoi-les-avocats-de-guillaume-soro-refusent-de-participer-au-proces","og_site_name":"C\u00f4te d&#039;Ivoire","article_published_time":"2021-05-19T16:44:39+00:00","article_modified_time":"2021-05-19T17:25:31+00:00","og_image":[{"width":720,"height":360,"url":"https:\/\/static.africa-press.net\/cote\/sites\/43\/2021\/05\/img-60a53bf4ebfd9.jpg","type":"image\/jpeg"}],"author":"cfeditorfr","twitter_card":"summary_large_image","twitter_misc":{"\u00c9crit par":"cfeditorfr","Dur\u00e9e de lecture estim\u00e9e":"1 minute"},"schema":{"@context":"https:\/\/schema.org","@graph":[{"@type":"Article","@id":"http:\/\/www.africa-press.net\/cotedivoire\/politique\/cote-divoire-pourquoi-les-avocats-de-guillaume-soro-refusent-de-participer-au-proces#article","isPartOf":{"@id":"http:\/\/www.africa-press.net\/cotedivoire\/politique\/cote-divoire-pourquoi-les-avocats-de-guillaume-soro-refusent-de-participer-au-proces"},"author":{"name":"cfeditorfr","@id":"https:\/\/www.africa-press.net\/cotedivoire\/#\/schema\/person\/2b1cf3cd81a31e3cd26889ca66d677f1"},"headline":"pourquoi les avocats de Guillaume Soro refusent de participer au proc\u00e8s","datePublished":"2021-05-19T16:44:39+00:00","dateModified":"2021-05-19T17:25:31+00:00","mainEntityOfPage":{"@id":"http:\/\/www.africa-press.net\/cotedivoire\/politique\/cote-divoire-pourquoi-les-avocats-de-guillaume-soro-refusent-de-participer-au-proces"},"wordCount":190,"commentCount":0,"image":{"@id":"http:\/\/www.africa-press.net\/cotedivoire\/politique\/cote-divoire-pourquoi-les-avocats-de-guillaume-soro-refusent-de-participer-au-proces#primaryimage"},"thumbnailUrl":"https:\/\/static.africa-press.net\/cote\/sites\/43\/2021\/05\/img-60a53bf4ebfd9.jpg","keywords":["Africa Press","Africa Press-C\u00f4te d'Ivoire","C\u00d4TE D'IVOIRE"],"articleSection":["homepage-french","Politique","Toutes les actualit\u00e9s"],"inLanguage":"fr-FR","potentialAction":[{"@type":"CommentAction","name":"Comment","target":["http:\/\/www.africa-press.net\/cotedivoire\/politique\/cote-divoire-pourquoi-les-avocats-de-guillaume-soro-refusent-de-participer-au-proces#respond"]}]},{"@type":"WebPage","@id":"http:\/\/www.africa-press.net\/cotedivoire\/politique\/cote-divoire-pourquoi-les-avocats-de-guillaume-soro-refusent-de-participer-au-proces","url":"http:\/\/www.africa-press.net\/cotedivoire\/politique\/cote-divoire-pourquoi-les-avocats-de-guillaume-soro-refusent-de-participer-au-proces","name":"pourquoi les avocats de Guillaume Soro refusent de participer au proc\u00e8s - C\u00f4te d&#039;Ivoire","isPartOf":{"@id":"https:\/\/www.africa-press.net\/cotedivoire\/#website"},"primaryImageOfPage":{"@id":"http:\/\/www.africa-press.net\/cotedivoire\/politique\/cote-divoire-pourquoi-les-avocats-de-guillaume-soro-refusent-de-participer-au-proces#primaryimage"},"image":{"@id":"http:\/\/www.africa-press.net\/cotedivoire\/politique\/cote-divoire-pourquoi-les-avocats-de-guillaume-soro-refusent-de-participer-au-proces#primaryimage"},"thumbnailUrl":"https:\/\/static.africa-press.net\/cote\/sites\/43\/2021\/05\/img-60a53bf4ebfd9.jpg","datePublished":"2021-05-19T16:44:39+00:00","dateModified":"2021-05-19T17:25:31+00:00","author":{"@id":"https:\/\/www.africa-press.net\/cotedivoire\/#\/schema\/person\/2b1cf3cd81a31e3cd26889ca66d677f1"},"description":"Les d\u00e9fenseurs de l\u2019ancien pr\u00e9sident de l\u2019Assembl\u00e9e nationale ont annonc\u00e9 leur refus de participer au proc\u00e8s de Guillaum ...","breadcrumb":{"@id":"http:\/\/www.africa-press.net\/cotedivoire\/politique\/cote-divoire-pourquoi-les-avocats-de-guillaume-soro-refusent-de-participer-au-proces#breadcrumb"},"inLanguage":"fr-FR","potentialAction":[{"@type":"ReadAction","target":["http:\/\/www.africa-press.net\/cotedivoire\/politique\/cote-divoire-pourquoi-les-avocats-de-guillaume-soro-refusent-de-participer-au-proces"]}]},{"@type":"ImageObject","inLanguage":"fr-FR","@id":"http:\/\/www.africa-press.net\/cotedivoire\/politique\/cote-divoire-pourquoi-les-avocats-de-guillaume-soro-refusent-de-participer-au-proces#primaryimage","url":"https:\/\/static.africa-press.net\/cote\/sites\/43\/2021\/05\/img-60a53bf4ebfd9.jpg","contentUrl":"https:\/\/static.africa-press.net\/cote\/sites\/43\/2021\/05\/img-60a53bf4ebfd9.jpg","width":720,"height":360,"caption":"C\u00f4te d\u2019Ivoire\u00a0: pourquoi les avocats de Guillaume Soro refusent de participer au proc\u00e8s"},{"@type":"BreadcrumbList","@id":"http:\/\/www.africa-press.net\/cotedivoire\/politique\/cote-divoire-pourquoi-les-avocats-de-guillaume-soro-refusent-de-participer-au-proces#breadcrumb","itemListElement":[{"@type":"ListItem","position":1,"name":"Accueil","item":"https:\/\/www.africa-press.net\/cotedivoire\/"},{"@type":"ListItem","position":2,"name":"pourquoi les avocats de Guillaume Soro refusent de participer au proc\u00e8s"}]},{"@type":"WebSite","@id":"https:\/\/www.africa-press.net\/cotedivoire\/#website","url":"https:\/\/www.africa-press.net\/cotedivoire\/","name":"C\u00f4te d&#039;Ivoire","description":"Just another Africa News Agency Sites site","potentialAction":[{"@type":"SearchAction","target":{"@type":"EntryPoint","urlTemplate":"https:\/\/www.africa-press.net\/cotedivoire\/?s={search_term_string}"},"query-input":{"@type":"PropertyValueSpecification","valueRequired":true,"valueName":"search_term_string"}}],"inLanguage":"fr-FR"},{"@type":"Person","@id":"https:\/\/www.africa-press.net\/cotedivoire\/#\/schema\/person\/2b1cf3cd81a31e3cd26889ca66d677f1","name":"cfeditorfr"}]}},"_links":{"self":[{"href":"https:\/\/www.africa-press.net\/cotedivoire\/wp-json\/wp\/v2\/posts\/7937","targetHints":{"allow":["GET"]}}],"collection":[{"href":"https:\/\/www.africa-press.net\/cotedivoire\/wp-json\/wp\/v2\/posts"}],"about":[{"href":"https:\/\/www.africa-press.net\/cotedivoire\/wp-json\/wp\/v2\/types\/post"}],"author":[{"embeddable":true,"href":"https:\/\/www.africa-press.net\/cotedivoire\/wp-json\/wp\/v2\/users\/82"}],"replies":[{"embeddable":true,"href":"https:\/\/www.africa-press.net\/cotedivoire\/wp-json\/wp\/v2\/comments?post=7937"}],"version-history":[{"count":0,"href":"https:\/\/www.africa-press.net\/cotedivoire\/wp-json\/wp\/v2\/posts\/7937\/revisions"}],"wp:featuredmedia":[{"embeddable":true,"href":"https:\/\/www.africa-press.net\/cotedivoire\/wp-json\/wp\/v2\/media\/7936"}],"wp:attachment":[{"href":"https:\/\/www.africa-press.net\/cotedivoire\/wp-json\/wp\/v2\/media?parent=7937"}],"wp:term":[{"taxonomy":"category","embeddable":true,"href":"https:\/\/www.africa-press.net\/cotedivoire\/wp-json\/wp\/v2\/categories?post=7937"},{"taxonomy":"post_tag","embeddable":true,"href":"https:\/\/www.africa-press.net\/cotedivoire\/wp-json\/wp\/v2\/tags?post=7937"}],"curies":[{"name":"wp","href":"https:\/\/api.w.org\/{rel}","templated":true}]}}