{"id":79431,"date":"2024-05-04T16:22:22","date_gmt":"2024-05-04T16:22:22","guid":{"rendered":"https:\/\/www.africa-press.net\/cotedivoire\/politique\/affi-nguessan-dresse-un-bilan-sombre-de-la-gestion-du-pouvoir-du-rhdp-et-annonce-sa-candidature-a-la-presidentielle-de-2025"},"modified":"2024-05-04T16:54:29","modified_gmt":"2024-05-04T16:54:29","slug":"affi-nguessan-dresse-un-bilan-sombre-de-la-gestion-du-pouvoir-du-rhdp-et-annonce-sa-candidature-a-la-presidentielle-de-2025","status":"publish","type":"post","link":"https:\/\/www.africa-press.net\/cotedivoire\/politique\/affi-nguessan-dresse-un-bilan-sombre-de-la-gestion-du-pouvoir-du-rhdp-et-annonce-sa-candidature-a-la-presidentielle-de-2025","title":{"rendered":"Affi N&rsquo;guessan dresse un bilan sombre de la gestion du pouvoir du RHDP et annonce sa candidature \u00e0 la pr\u00e9sidentielle de 2025"},"content":{"rendered":"<p><span style=\"color: #ff6600\"><strong>Africa-Press &#8211; C\u00f4te d&rsquo;Ivoire. <\/strong><\/span>Le leader du FPI pro\u0302ne l&rsquo;alternance et de\u0301nonce le tribalisme dans la politique ivoirienne<\/p>\n<p>Pascal Affi N&rsquo;guessan, a anime\u0301 une confe\u0301rence de presse ce samedi 4 mai 2024 au sie\u0300ge du Front populaire ivoirien (FPI) a\u0300 Cocody, comme sur place constate\u0301 par KOACI.<\/p>\n<p>Lors de ce rendez-vous avec les journalistes, Affi N&rsquo;guessan, e\u0301carte\u0301 de tout alors qu&rsquo;il espe\u0301rait un poste et sans mandat depuis sa de\u0301faite aux re\u0301gionales, a officiellement annonce\u0301 sa candidature a\u0300 la pre\u0301sidentielle de 2025.<\/p>\n<p>Dans un re\u0301quisitoire sans concession, il a dresse\u0301 un bilan critique de la gestion du pouvoir par le Rassemblement des Houphoue\u0301tistes pour la de\u0301mocratie et la Paix (RHDP), tout en appelant a\u0300 une alternance politique ne\u0301cessaire pour le de\u0301veloppement du pays.<\/p>\n<p>Affi a de\u0301bute\u0301 son discours en soulignant l&rsquo;importance de l&rsquo;alternance de\u0301mocratique dans la vie politique d&rsquo;un pays.<\/p>\n<p>\u00ab\u00a0Nous le savons tous, la Co\u0302te d&rsquo;Ivoire est a\u0300 la fin d&rsquo;un cycle politique. 2025 verra l\u2019ouverture d\u2019une nouvelle phase dans l\u2019histoire de notre pays. Nos compatriotes e\u0301prouvent une envie de changement, une envie profonde de changement\u00a0\u00bb, a-t-il de\u0301clare\u0301, appelant a\u0300 un renouveau pour insuffler un nouveau souffle a\u0300 la nation ivoirienne.<\/p>\n<p>E\u0301voquant le bilan e\u0301conomique et social du pouvoir en place, Affi n&rsquo;a pas ma\u0302che\u0301 ses mots.<\/p>\n<p>\u00ab\u00a0Quel bilan aujourd\u2019hui pour le pouvoir RHDP: des re\u0301sultats macroe\u0301conomiques flatteurs, un taux d\u2019endettement alarmant, un niveau de corruption e\u0301c\u0153urant, une mise\u0300re re\u0301voltante\u00a0\u00bb, a-t-il de\u0301plore\u0301. Il a e\u0301galement pointe\u0301 du doigt la de\u0301te\u0301rioration des conditions de vie des Ivoiriens, illustre\u0301e par un recul de l&rsquo;indice de de\u0301veloppement humain et de l&rsquo;espe\u0301rance de vie.<\/p>\n<p>Le leader du FPI a e\u0301galement critique\u0301 la gouvernance politique marque\u0301e par des scandales de corruption et un me\u0301pris envers les citoyens.<\/p>\n<p>\u00ab\u00a0Sur le plan social, en ville comme a\u0300 la campagne, nos concitoyens souffrent. Nous sommes a\u0300 leurs co\u0302te\u0301s lorsque des familles entie\u0300res sont victimes de de\u0301guerpissements au me\u0301pris des re\u0300gles e\u0301le\u0301mentaires d\u2019humanite\u0301\u00a0\u00bb, a-t-il souligne\u0301.<\/p>\n<p>Affi N&rsquo;guessan a e\u0301galement aborde\u0301 la question du tribalisme en politique, pointant du doigt l&rsquo;influence des appartenances ethniques dans le paysage e\u0301lectoral ivoirien.<\/p>\n<p>\u00ab\u00a0Ceux qui prospe\u0300rent et qui gagnent les e\u0301lections, ce n&rsquo;est pas parce qu&rsquo;ils sont mieux que nous, c&rsquo;est parce qu&rsquo;ils puisent dans le tribalisme que ce soit le RHDP, le PDCI ou le PPA-CI\u00a0\u00bb, a-t-il de\u0301plore\u0301, appelant a\u0300 un changement de paradigme pour les e\u0301lections a\u0300 venir.<\/p>\n<p>Quant a\u0300 sa candidature, Affi a affirme\u0301 qu&rsquo;il ne se contentait pas de participer a\u0300 la pre\u0301sidentielle de 2025, mais qu&rsquo;il aspirait a\u0300 la victoire.<\/p>\n<p>\u00ab\u00a0En 2025, nous n&rsquo;allons pas pour participer. Nous allons pour gagner\u00a0\u00bb, a-t-il de\u0301clare\u0301, soulignant sa de\u0301termination a\u0300 mettre fin au pouvoir de cliente\u0301lisme et a\u0300 de\u0301fendre les inte\u0301re\u0302ts du peuple ivoirien.<\/p>\n<p>En conclusion, Pascal Affi N&rsquo;guessan a appele\u0301 a\u0300 un de\u0301bat programmatique et a\u0300 la construction d&rsquo;une nation de\u0301mocratique et prospe\u0300re.<\/p>\n<p>\u00ab\u00a0Notre ambition est de fonder une Nation de\u0301mocratique, unie dans sa diversite\u0301 socioculturelle, ouverte sur le monde, dont la prospe\u0301rite\u0301 est durable\u00a0\u00bb, a-t-il affirme\u0301, lanc\u0327ant ainsi le de\u0301fi d&rsquo;un avenir meilleur pour la Co\u0302te d&rsquo;Ivoire.<\/p>\n<p><strong>Pour plus d&rsquo;informations et d&rsquo;analyses sur la <a href=\"https:\/\/www.africa-press.net\/cotedivoire\">C\u00f4te d&rsquo;Ivoire<\/a>, suivez <a href=\"https:\/\/www.africa-press.net\/\">Africa-Press<\/a><\/strong><\/p>\n","protected":false},"excerpt":{"rendered":"<p>Africa-Press &#8211; C\u00f4te d&rsquo;Ivoire. Le leader du FPI pro\u0302ne l&rsquo;alternance et de\u0301nonce le tribalisme dans la politique ivoirienne Pascal Affi N&rsquo;guessan, a anime\u0301 une confe\u0301rence de presse ce samedi 4 mai 2024 au sie\u0300ge du Front populaire ivoirien (FPI) a\u0300 Cocody, comme sur place constate\u0301 par KOACI. Lors de ce rendez-vous avec les journalistes, Affi [&hellip;]<\/p>\n","protected":false},"author":82,"featured_media":79430,"comment_status":"open","ping_status":"closed","sticky":false,"template":"","format":"standard","meta":{"footnotes":""},"categories":[2,10],"tags":[396,56,63,358,29,360,8729,312,371],"class_list":["post-79431","post","type-post","status-publish","format-standard","has-post-thumbnail","hentry","category-politique","category-toutes-les-actualites","tag-affi","tag-africa-press","tag-africa-press-cote-divoire","tag-cocody","tag-cote-divoire","tag-fpi","tag-nguessan","tag-presidentielle","tag-rhdp"],"yoast_head":"<!-- This site is optimized with the Yoast SEO Premium plugin v26.1 (Yoast SEO v27.0) - https:\/\/yoast.com\/product\/yoast-seo-premium-wordpress\/ -->\n<title>Affi N&#039;guessan dresse un bilan sombre de la gestion du pouvoir du RHDP et annonce sa candidature \u00e0 la pr\u00e9sidentielle de 2025 - C\u00f4te d&#039;Ivoire<\/title>\n<meta name=\"description\" content=\"Le leader du FPI pro\u0302ne l&#039;alternance et de\u0301nonce le tribalisme dans la politique ivoirienne Pascal Affi N&#039;guessan, a an ...\" \/>\n<meta name=\"robots\" content=\"index, follow, max-snippet:-1, max-image-preview:large, max-video-preview:-1\" \/>\n<link rel=\"canonical\" href=\"https:\/\/www.africa-press.net\/cotedivoire\/politique\/affi-nguessan-dresse-un-bilan-sombre-de-la-gestion-du-pouvoir-du-rhdp-et-annonce-sa-candidature-a-la-presidentielle-de-2025\" \/>\n<meta property=\"og:locale\" content=\"fr_FR\" \/>\n<meta property=\"og:type\" content=\"article\" \/>\n<meta property=\"og:title\" content=\"Affi N&#039;guessan dresse un bilan sombre de la gestion du pouvoir du RHDP et annonce sa candidature \u00e0 la pr\u00e9sidentielle de 2025\" \/>\n<meta property=\"og:description\" content=\"Le leader du FPI pro\u0302ne l&#039;alternance et de\u0301nonce le tribalisme dans la politique ivoirienne Pascal Affi N&#039;guessan, a an ...\" \/>\n<meta property=\"og:url\" content=\"https:\/\/www.africa-press.net\/cotedivoire\/politique\/affi-nguessan-dresse-un-bilan-sombre-de-la-gestion-du-pouvoir-du-rhdp-et-annonce-sa-candidature-a-la-presidentielle-de-2025\" \/>\n<meta property=\"og:site_name\" content=\"C\u00f4te d&#039;Ivoire\" \/>\n<meta property=\"article:published_time\" content=\"2024-05-04T16:22:22+00:00\" \/>\n<meta property=\"article:modified_time\" content=\"2024-05-04T16:54:29+00:00\" \/>\n<meta property=\"og:image\" content=\"https:\/\/static.africa-press.net\/cote\/sites\/43\/2024\/05\/sm_1714829019.377227.jpg\" \/>\n\t<meta property=\"og:image:width\" content=\"720\" \/>\n\t<meta property=\"og:image:height\" content=\"382\" \/>\n\t<meta property=\"og:image:type\" content=\"image\/jpeg\" \/>\n<meta name=\"author\" content=\"cfeditorfr\" \/>\n<meta name=\"twitter:card\" content=\"summary_large_image\" \/>\n<meta name=\"twitter:label1\" content=\"\u00c9crit par\" \/>\n\t<meta name=\"twitter:data1\" content=\"cfeditorfr\" \/>\n\t<meta name=\"twitter:label2\" content=\"Dur\u00e9e de lecture estim\u00e9e\" \/>\n\t<meta name=\"twitter:data2\" content=\"3 minutes\" \/>\n<script type=\"application\/ld+json\" class=\"yoast-schema-graph\">{\"@context\":\"https:\/\/schema.org\",\"@graph\":[{\"@type\":\"Article\",\"@id\":\"https:\/\/www.africa-press.net\/cotedivoire\/politique\/affi-nguessan-dresse-un-bilan-sombre-de-la-gestion-du-pouvoir-du-rhdp-et-annonce-sa-candidature-a-la-presidentielle-de-2025#article\",\"isPartOf\":{\"@id\":\"https:\/\/www.africa-press.net\/cotedivoire\/politique\/affi-nguessan-dresse-un-bilan-sombre-de-la-gestion-du-pouvoir-du-rhdp-et-annonce-sa-candidature-a-la-presidentielle-de-2025\"},\"author\":{\"name\":\"cfeditorfr\",\"@id\":\"https:\/\/www.africa-press.net\/cotedivoire\/#\/schema\/person\/2b1cf3cd81a31e3cd26889ca66d677f1\"},\"headline\":\"Affi N&rsquo;guessan dresse un bilan sombre de la gestion du pouvoir du RHDP et annonce sa candidature \u00e0 la pr\u00e9sidentielle de 2025\",\"datePublished\":\"2024-05-04T16:22:22+00:00\",\"dateModified\":\"2024-05-04T16:54:29+00:00\",\"mainEntityOfPage\":{\"@id\":\"https:\/\/www.africa-press.net\/cotedivoire\/politique\/affi-nguessan-dresse-un-bilan-sombre-de-la-gestion-du-pouvoir-du-rhdp-et-annonce-sa-candidature-a-la-presidentielle-de-2025\"},\"wordCount\":629,\"commentCount\":0,\"image\":{\"@id\":\"https:\/\/www.africa-press.net\/cotedivoire\/politique\/affi-nguessan-dresse-un-bilan-sombre-de-la-gestion-du-pouvoir-du-rhdp-et-annonce-sa-candidature-a-la-presidentielle-de-2025#primaryimage\"},\"thumbnailUrl\":\"https:\/\/static.africa-press.net\/cote\/sites\/43\/2024\/05\/sm_1714829019.377227.jpg\",\"keywords\":[\"Affi\",\"Africa Press\",\"Africa Press-C\u00f4te d'Ivoire\",\"Cocody\",\"C\u00d4TE D'IVOIRE\",\"FPI\",\"N'guessan\",\"pr\u00e9sidentielle\",\"RHDP\"],\"articleSection\":[\"Politique\",\"Toutes les actualit\u00e9s\"],\"inLanguage\":\"fr-FR\",\"potentialAction\":[{\"@type\":\"CommentAction\",\"name\":\"Comment\",\"target\":[\"https:\/\/www.africa-press.net\/cotedivoire\/politique\/affi-nguessan-dresse-un-bilan-sombre-de-la-gestion-du-pouvoir-du-rhdp-et-annonce-sa-candidature-a-la-presidentielle-de-2025#respond\"]}]},{\"@type\":\"WebPage\",\"@id\":\"https:\/\/www.africa-press.net\/cotedivoire\/politique\/affi-nguessan-dresse-un-bilan-sombre-de-la-gestion-du-pouvoir-du-rhdp-et-annonce-sa-candidature-a-la-presidentielle-de-2025\",\"url\":\"https:\/\/www.africa-press.net\/cotedivoire\/politique\/affi-nguessan-dresse-un-bilan-sombre-de-la-gestion-du-pouvoir-du-rhdp-et-annonce-sa-candidature-a-la-presidentielle-de-2025\",\"name\":\"Affi N'guessan dresse un bilan sombre de la gestion du pouvoir du RHDP et annonce sa candidature \u00e0 la pr\u00e9sidentielle de 2025 - C\u00f4te d&#039;Ivoire\",\"isPartOf\":{\"@id\":\"https:\/\/www.africa-press.net\/cotedivoire\/#website\"},\"primaryImageOfPage\":{\"@id\":\"https:\/\/www.africa-press.net\/cotedivoire\/politique\/affi-nguessan-dresse-un-bilan-sombre-de-la-gestion-du-pouvoir-du-rhdp-et-annonce-sa-candidature-a-la-presidentielle-de-2025#primaryimage\"},\"image\":{\"@id\":\"https:\/\/www.africa-press.net\/cotedivoire\/politique\/affi-nguessan-dresse-un-bilan-sombre-de-la-gestion-du-pouvoir-du-rhdp-et-annonce-sa-candidature-a-la-presidentielle-de-2025#primaryimage\"},\"thumbnailUrl\":\"https:\/\/static.africa-press.net\/cote\/sites\/43\/2024\/05\/sm_1714829019.377227.jpg\",\"datePublished\":\"2024-05-04T16:22:22+00:00\",\"dateModified\":\"2024-05-04T16:54:29+00:00\",\"author\":{\"@id\":\"https:\/\/www.africa-press.net\/cotedivoire\/#\/schema\/person\/2b1cf3cd81a31e3cd26889ca66d677f1\"},\"description\":\"Le leader du FPI pro\u0302ne l'alternance et de\u0301nonce le tribalisme dans la politique ivoirienne Pascal Affi N'guessan, a an ...\",\"breadcrumb\":{\"@id\":\"https:\/\/www.africa-press.net\/cotedivoire\/politique\/affi-nguessan-dresse-un-bilan-sombre-de-la-gestion-du-pouvoir-du-rhdp-et-annonce-sa-candidature-a-la-presidentielle-de-2025#breadcrumb\"},\"inLanguage\":\"fr-FR\",\"potentialAction\":[{\"@type\":\"ReadAction\",\"target\":[\"https:\/\/www.africa-press.net\/cotedivoire\/politique\/affi-nguessan-dresse-un-bilan-sombre-de-la-gestion-du-pouvoir-du-rhdp-et-annonce-sa-candidature-a-la-presidentielle-de-2025\"]}]},{\"@type\":\"ImageObject\",\"inLanguage\":\"fr-FR\",\"@id\":\"https:\/\/www.africa-press.net\/cotedivoire\/politique\/affi-nguessan-dresse-un-bilan-sombre-de-la-gestion-du-pouvoir-du-rhdp-et-annonce-sa-candidature-a-la-presidentielle-de-2025#primaryimage\",\"url\":\"https:\/\/static.africa-press.net\/cote\/sites\/43\/2024\/05\/sm_1714829019.377227.jpg\",\"contentUrl\":\"https:\/\/static.africa-press.net\/cote\/sites\/43\/2024\/05\/sm_1714829019.377227.jpg\",\"width\":720,\"height\":382,\"caption\":\"Affi N'guessan dresse un bilan sombre de la gestion du pouvoir du RHDP et annonce sa candidature \u00e0 la pr\u00e9sidentielle de 2025\"},{\"@type\":\"BreadcrumbList\",\"@id\":\"https:\/\/www.africa-press.net\/cotedivoire\/politique\/affi-nguessan-dresse-un-bilan-sombre-de-la-gestion-du-pouvoir-du-rhdp-et-annonce-sa-candidature-a-la-presidentielle-de-2025#breadcrumb\",\"itemListElement\":[{\"@type\":\"ListItem\",\"position\":1,\"name\":\"Accueil\",\"item\":\"https:\/\/www.africa-press.net\/cotedivoire\/\"},{\"@type\":\"ListItem\",\"position\":2,\"name\":\"Affi N&#8217;guessan dresse un bilan sombre de la gestion du pouvoir du RHDP et annonce sa candidature \u00e0 la pr\u00e9sidentielle de 2025\"}]},{\"@type\":\"WebSite\",\"@id\":\"https:\/\/www.africa-press.net\/cotedivoire\/#website\",\"url\":\"https:\/\/www.africa-press.net\/cotedivoire\/\",\"name\":\"C\u00f4te d&#039;Ivoire\",\"description\":\"Just another Africa News Agency Sites site\",\"potentialAction\":[{\"@type\":\"SearchAction\",\"target\":{\"@type\":\"EntryPoint\",\"urlTemplate\":\"https:\/\/www.africa-press.net\/cotedivoire\/?s={search_term_string}\"},\"query-input\":{\"@type\":\"PropertyValueSpecification\",\"valueRequired\":true,\"valueName\":\"search_term_string\"}}],\"inLanguage\":\"fr-FR\"},{\"@type\":\"Person\",\"@id\":\"https:\/\/www.africa-press.net\/cotedivoire\/#\/schema\/person\/2b1cf3cd81a31e3cd26889ca66d677f1\",\"name\":\"cfeditorfr\"}]}<\/script>\n<!-- \/ Yoast SEO Premium plugin. -->","yoast_head_json":{"title":"Affi N'guessan dresse un bilan sombre de la gestion du pouvoir du RHDP et annonce sa candidature \u00e0 la pr\u00e9sidentielle de 2025 - C\u00f4te d&#039;Ivoire","description":"Le leader du FPI pro\u0302ne l'alternance et de\u0301nonce le tribalisme dans la politique ivoirienne Pascal Affi N'guessan, a an ...","robots":{"index":"index","follow":"follow","max-snippet":"max-snippet:-1","max-image-preview":"max-image-preview:large","max-video-preview":"max-video-preview:-1"},"canonical":"https:\/\/www.africa-press.net\/cotedivoire\/politique\/affi-nguessan-dresse-un-bilan-sombre-de-la-gestion-du-pouvoir-du-rhdp-et-annonce-sa-candidature-a-la-presidentielle-de-2025","og_locale":"fr_FR","og_type":"article","og_title":"Affi N'guessan dresse un bilan sombre de la gestion du pouvoir du RHDP et annonce sa candidature \u00e0 la pr\u00e9sidentielle de 2025","og_description":"Le leader du FPI pro\u0302ne l'alternance et de\u0301nonce le tribalisme dans la politique ivoirienne Pascal Affi N'guessan, a an ...","og_url":"https:\/\/www.africa-press.net\/cotedivoire\/politique\/affi-nguessan-dresse-un-bilan-sombre-de-la-gestion-du-pouvoir-du-rhdp-et-annonce-sa-candidature-a-la-presidentielle-de-2025","og_site_name":"C\u00f4te d&#039;Ivoire","article_published_time":"2024-05-04T16:22:22+00:00","article_modified_time":"2024-05-04T16:54:29+00:00","og_image":[{"width":720,"height":382,"url":"https:\/\/static.africa-press.net\/cote\/sites\/43\/2024\/05\/sm_1714829019.377227.jpg","type":"image\/jpeg"}],"author":"cfeditorfr","twitter_card":"summary_large_image","twitter_misc":{"\u00c9crit par":"cfeditorfr","Dur\u00e9e de lecture estim\u00e9e":"3 minutes"},"schema":{"@context":"https:\/\/schema.org","@graph":[{"@type":"Article","@id":"https:\/\/www.africa-press.net\/cotedivoire\/politique\/affi-nguessan-dresse-un-bilan-sombre-de-la-gestion-du-pouvoir-du-rhdp-et-annonce-sa-candidature-a-la-presidentielle-de-2025#article","isPartOf":{"@id":"https:\/\/www.africa-press.net\/cotedivoire\/politique\/affi-nguessan-dresse-un-bilan-sombre-de-la-gestion-du-pouvoir-du-rhdp-et-annonce-sa-candidature-a-la-presidentielle-de-2025"},"author":{"name":"cfeditorfr","@id":"https:\/\/www.africa-press.net\/cotedivoire\/#\/schema\/person\/2b1cf3cd81a31e3cd26889ca66d677f1"},"headline":"Affi N&rsquo;guessan dresse un bilan sombre de la gestion du pouvoir du RHDP et annonce sa candidature \u00e0 la pr\u00e9sidentielle de 2025","datePublished":"2024-05-04T16:22:22+00:00","dateModified":"2024-05-04T16:54:29+00:00","mainEntityOfPage":{"@id":"https:\/\/www.africa-press.net\/cotedivoire\/politique\/affi-nguessan-dresse-un-bilan-sombre-de-la-gestion-du-pouvoir-du-rhdp-et-annonce-sa-candidature-a-la-presidentielle-de-2025"},"wordCount":629,"commentCount":0,"image":{"@id":"https:\/\/www.africa-press.net\/cotedivoire\/politique\/affi-nguessan-dresse-un-bilan-sombre-de-la-gestion-du-pouvoir-du-rhdp-et-annonce-sa-candidature-a-la-presidentielle-de-2025#primaryimage"},"thumbnailUrl":"https:\/\/static.africa-press.net\/cote\/sites\/43\/2024\/05\/sm_1714829019.377227.jpg","keywords":["Affi","Africa Press","Africa Press-C\u00f4te d'Ivoire","Cocody","C\u00d4TE D'IVOIRE","FPI","N'guessan","pr\u00e9sidentielle","RHDP"],"articleSection":["Politique","Toutes les actualit\u00e9s"],"inLanguage":"fr-FR","potentialAction":[{"@type":"CommentAction","name":"Comment","target":["https:\/\/www.africa-press.net\/cotedivoire\/politique\/affi-nguessan-dresse-un-bilan-sombre-de-la-gestion-du-pouvoir-du-rhdp-et-annonce-sa-candidature-a-la-presidentielle-de-2025#respond"]}]},{"@type":"WebPage","@id":"https:\/\/www.africa-press.net\/cotedivoire\/politique\/affi-nguessan-dresse-un-bilan-sombre-de-la-gestion-du-pouvoir-du-rhdp-et-annonce-sa-candidature-a-la-presidentielle-de-2025","url":"https:\/\/www.africa-press.net\/cotedivoire\/politique\/affi-nguessan-dresse-un-bilan-sombre-de-la-gestion-du-pouvoir-du-rhdp-et-annonce-sa-candidature-a-la-presidentielle-de-2025","name":"Affi N'guessan dresse un bilan sombre de la gestion du pouvoir du RHDP et annonce sa candidature \u00e0 la pr\u00e9sidentielle de 2025 - C\u00f4te d&#039;Ivoire","isPartOf":{"@id":"https:\/\/www.africa-press.net\/cotedivoire\/#website"},"primaryImageOfPage":{"@id":"https:\/\/www.africa-press.net\/cotedivoire\/politique\/affi-nguessan-dresse-un-bilan-sombre-de-la-gestion-du-pouvoir-du-rhdp-et-annonce-sa-candidature-a-la-presidentielle-de-2025#primaryimage"},"image":{"@id":"https:\/\/www.africa-press.net\/cotedivoire\/politique\/affi-nguessan-dresse-un-bilan-sombre-de-la-gestion-du-pouvoir-du-rhdp-et-annonce-sa-candidature-a-la-presidentielle-de-2025#primaryimage"},"thumbnailUrl":"https:\/\/static.africa-press.net\/cote\/sites\/43\/2024\/05\/sm_1714829019.377227.jpg","datePublished":"2024-05-04T16:22:22+00:00","dateModified":"2024-05-04T16:54:29+00:00","author":{"@id":"https:\/\/www.africa-press.net\/cotedivoire\/#\/schema\/person\/2b1cf3cd81a31e3cd26889ca66d677f1"},"description":"Le leader du FPI pro\u0302ne l'alternance et de\u0301nonce le tribalisme dans la politique ivoirienne Pascal Affi N'guessan, a an ...","breadcrumb":{"@id":"https:\/\/www.africa-press.net\/cotedivoire\/politique\/affi-nguessan-dresse-un-bilan-sombre-de-la-gestion-du-pouvoir-du-rhdp-et-annonce-sa-candidature-a-la-presidentielle-de-2025#breadcrumb"},"inLanguage":"fr-FR","potentialAction":[{"@type":"ReadAction","target":["https:\/\/www.africa-press.net\/cotedivoire\/politique\/affi-nguessan-dresse-un-bilan-sombre-de-la-gestion-du-pouvoir-du-rhdp-et-annonce-sa-candidature-a-la-presidentielle-de-2025"]}]},{"@type":"ImageObject","inLanguage":"fr-FR","@id":"https:\/\/www.africa-press.net\/cotedivoire\/politique\/affi-nguessan-dresse-un-bilan-sombre-de-la-gestion-du-pouvoir-du-rhdp-et-annonce-sa-candidature-a-la-presidentielle-de-2025#primaryimage","url":"https:\/\/static.africa-press.net\/cote\/sites\/43\/2024\/05\/sm_1714829019.377227.jpg","contentUrl":"https:\/\/static.africa-press.net\/cote\/sites\/43\/2024\/05\/sm_1714829019.377227.jpg","width":720,"height":382,"caption":"Affi N'guessan dresse un bilan sombre de la gestion du pouvoir du RHDP et annonce sa candidature \u00e0 la pr\u00e9sidentielle de 2025"},{"@type":"BreadcrumbList","@id":"https:\/\/www.africa-press.net\/cotedivoire\/politique\/affi-nguessan-dresse-un-bilan-sombre-de-la-gestion-du-pouvoir-du-rhdp-et-annonce-sa-candidature-a-la-presidentielle-de-2025#breadcrumb","itemListElement":[{"@type":"ListItem","position":1,"name":"Accueil","item":"https:\/\/www.africa-press.net\/cotedivoire\/"},{"@type":"ListItem","position":2,"name":"Affi N&#8217;guessan dresse un bilan sombre de la gestion du pouvoir du RHDP et annonce sa candidature \u00e0 la pr\u00e9sidentielle de 2025"}]},{"@type":"WebSite","@id":"https:\/\/www.africa-press.net\/cotedivoire\/#website","url":"https:\/\/www.africa-press.net\/cotedivoire\/","name":"C\u00f4te d&#039;Ivoire","description":"Just another Africa News Agency Sites site","potentialAction":[{"@type":"SearchAction","target":{"@type":"EntryPoint","urlTemplate":"https:\/\/www.africa-press.net\/cotedivoire\/?s={search_term_string}"},"query-input":{"@type":"PropertyValueSpecification","valueRequired":true,"valueName":"search_term_string"}}],"inLanguage":"fr-FR"},{"@type":"Person","@id":"https:\/\/www.africa-press.net\/cotedivoire\/#\/schema\/person\/2b1cf3cd81a31e3cd26889ca66d677f1","name":"cfeditorfr"}]}},"_links":{"self":[{"href":"https:\/\/www.africa-press.net\/cotedivoire\/wp-json\/wp\/v2\/posts\/79431","targetHints":{"allow":["GET"]}}],"collection":[{"href":"https:\/\/www.africa-press.net\/cotedivoire\/wp-json\/wp\/v2\/posts"}],"about":[{"href":"https:\/\/www.africa-press.net\/cotedivoire\/wp-json\/wp\/v2\/types\/post"}],"author":[{"embeddable":true,"href":"https:\/\/www.africa-press.net\/cotedivoire\/wp-json\/wp\/v2\/users\/82"}],"replies":[{"embeddable":true,"href":"https:\/\/www.africa-press.net\/cotedivoire\/wp-json\/wp\/v2\/comments?post=79431"}],"version-history":[{"count":0,"href":"https:\/\/www.africa-press.net\/cotedivoire\/wp-json\/wp\/v2\/posts\/79431\/revisions"}],"wp:featuredmedia":[{"embeddable":true,"href":"https:\/\/www.africa-press.net\/cotedivoire\/wp-json\/wp\/v2\/media\/79430"}],"wp:attachment":[{"href":"https:\/\/www.africa-press.net\/cotedivoire\/wp-json\/wp\/v2\/media?parent=79431"}],"wp:term":[{"taxonomy":"category","embeddable":true,"href":"https:\/\/www.africa-press.net\/cotedivoire\/wp-json\/wp\/v2\/categories?post=79431"},{"taxonomy":"post_tag","embeddable":true,"href":"https:\/\/www.africa-press.net\/cotedivoire\/wp-json\/wp\/v2\/tags?post=79431"}],"curies":[{"name":"wp","href":"https:\/\/api.w.org\/{rel}","templated":true}]}}