{"id":79457,"date":"2024-05-05T14:55:47","date_gmt":"2024-05-05T14:55:47","guid":{"rendered":"https:\/\/www.africa-press.net\/cotedivoire\/politique\/transformation-du-grand-abidjan-une-vision-davenir-pour-la-metropole-ivoirienne-les-confidences-de-bruno-kone"},"modified":"2024-05-05T15:54:29","modified_gmt":"2024-05-05T15:54:29","slug":"transformation-du-grand-abidjan-une-vision-davenir-pour-la-metropole-ivoirienne-les-confidences-de-bruno-kone","status":"publish","type":"post","link":"https:\/\/www.africa-press.net\/cotedivoire\/politique\/transformation-du-grand-abidjan-une-vision-davenir-pour-la-metropole-ivoirienne-les-confidences-de-bruno-kone","title":{"rendered":"Transformation du Grand Abidjan, une vision d&rsquo;avenir pour la m\u00e9tropole ivoirienne, les confidences de Bruno Kon\u00e9"},"content":{"rendered":"<p><span style=\"color: #ff6600\"><strong>Africa-Press &#8211; C\u00f4te d&rsquo;Ivoire. <\/strong><\/span>Depuis l&rsquo;ave\u0300nement de son mandat ministe\u0301riel, le Ministre de la Construction, du Logement et de l&rsquo;Urbanisme de la Co\u0302te d&rsquo;Ivoire, dans une interview accorde\u0301e a\u0300 Jeune Afrique, a de\u0301voile\u0301 les nouvelles orientations audacieuses pour le Grand Abidjan.<\/p>\n<p>Au c\u0153ur de cette vision se dessine une transformation profonde, structure\u0301e et re\u0301solument tourne\u0301e vers l&rsquo;avenir, visant a\u0300 re\u0301soudre les de\u0301fis complexes de l&rsquo;urbanisation galopante et a\u0300 doter la capitale e\u0301conomique d&rsquo;un cadre urbain fonctionnel, inclusif et durable.<\/p>\n<p>L&rsquo;une des pierres angulaires de cette me\u0301tamorphose urbaine re\u0301side dans la re\u0301forme du code de l&rsquo;urbanisme et du foncier urbain.<\/p>\n<p>Le Ministre, dans ses propos, a souligne\u0301 l&rsquo;importance cruciale de cette re\u0301forme, adopte\u0301e par l&rsquo;Assemble\u0301e en mars 2024.<\/p>\n<p>\u00ab Ce code pre\u0301cise les responsabilite\u0301s des uns et des autres, sanctionne certaines infractions, limite le cadre d&rsquo;intervention de l&rsquo;E\u0301tat et des principaux acteurs \u00bb, de\u0301clare-t-il.<\/p>\n<p>Cette refonte re\u0301glementaire vise a\u0300 instaurer un environnement juridique clair et transparent, indispensable pour assurer une gestion efficace du foncier urbain et pre\u0301venir les litiges qui entravent le de\u0301veloppement harmonieux de la me\u0301tropole.<\/p>\n<p>En paralle\u0300le, le Ministe\u0300re a mis en place le Syste\u0300me inte\u0301gre\u0301 de gestion du foncier urbain (Sigfu), une initiative novatrice visant a\u0300 nume\u0301riser la chai\u0302ne foncie\u0300re pour acce\u0301le\u0301rer la de\u0301livrance des actes administratifs et se\u0301curiser l&rsquo;information foncie\u0300re.<\/p>\n<p>Cette de\u0301marche technologique te\u0301moigne de l&rsquo;engagement re\u0301solu du gouvernement ivoirien a\u0300 moderniser ses pratiques administratives et a\u0300 promouvoir l&rsquo;efficience dans la gestion des ressources foncie\u0300res.<\/p>\n<p>Toutefois, ces re\u0301formes ne sont que le pre\u0301lude a\u0300 une se\u0301rie de mesures ambitieuses destine\u0301es a\u0300 remodeler le paysage urbain du Grand Abidjan. La re\u0301vision du sche\u0301ma directeur d&rsquo;urbanisme, e\u0301labore\u0301 pour la pe\u0301riode 2023-2040, illustre cette volonte\u0301 de repenser l&rsquo;urbanisation a\u0300 l&rsquo;e\u0301chelle me\u0301tropolitaine.<\/p>\n<p>\u00ab Nous avons planifie\u0301 la zone qui s&rsquo;e\u0301tend de Jacqueville a\u0300 Bonoua, et de l&rsquo;oce\u0301an jusqu&rsquo;a\u0300 Azaguie\u0301. Cette planification rigoureuse et structure\u0301e permettra une occupation de l&rsquo;espace pertinente, homoge\u0300ne et dynamique \u00bb, a explique\u0301 le Ministre Bruno Kone\u0301.<\/p>\n<p>Face a\u0300 une croissance de\u0301mographique exponentielle, le Ministe\u0300re charge\u0301 de la Construction, du logement et de l&rsquo;urbanisme envisage une densification verticale de certains quartiers, avec des e\u0301le\u0301vations ge\u0301ne\u0301rales atteignant jusqu&rsquo;a\u0300 R+7. Cette strate\u0301gie vise a\u0300 optimiser l&rsquo;utilisation des terres urbaines limite\u0301es tout en pre\u0301servant les espaces naturels environnants. De grands projets d&rsquo;infrastructures, tels que l&rsquo;autoroute Y4 et le me\u0301tro, sont e\u0301galement en cours de re\u0301alisation pour ame\u0301liorer la mobilite\u0301 et de\u0301sengorger les axes de circulation sature\u0301s.<\/p>\n<p>Pourtant, cette me\u0301tamorphose urbaine ne se limite pas a\u0300 une simple transformation physique. Elle implique e\u0301galement, selon Bruno Kone\u0301, une approche inclusive et humaine, axe\u0301e sur le bien-e\u0302tre des citoyens. Le Ministre insiste sur la ne\u0301cessite\u0301 de trouver des solutions de relogement pour les habitants des quartiers pre\u0301caires, tout en pre\u0301servant le tissu social et culturel de ces communaute\u0301s.<\/p>\n<p>Des ope\u0301rations de re\u0301novation et d&rsquo;ame\u0301nagement sont ainsi pre\u0301vues dans les quartiers anciens, tandis que des discussions re\u0301gulie\u0300res avec les autorite\u0301s locales et les chefferies visent a\u0300 garantir une transition harmonieuse.<\/p>\n<p>Revenant sur les de\u0301guerpissements, Bruno Kone\u0301 a souligne\u0301 la mise en place d&rsquo;une cellule de coordination spe\u0301ciale supervise\u0301e par la primature pour mieux ge\u0301rer les de\u0301guerpissements mene\u0301s depuis fe\u0301vrier 2024 par le district autonome d&rsquo;Abidjan. Cette initiative vise a\u0300 harmoniser les interventions des diffe\u0301rents acteurs dans ces ope\u0301rations souvent complexes.<\/p>\n<p>Le Ministre a explique\u0301 les de\u0301fis de coordination ante\u0301rieurs, soulignant la multitude d&rsquo;acteurs implique\u0301s, et la ne\u0301cessite\u0301 d&rsquo;une structure de coordination pour assurer une gestion efficace des de\u0301guerpissements.<\/p>\n<p>Cette me\u0301tamorphose urbaine du Grand Abidjan, selon le Ministre Bruno Kone\u0301 ne se limite pas a\u0300 une simple transformation physique. Elle implique e\u0301galement une approche inclusive et humaine, axe\u0301e sur le bien-e\u0302tre des citoyens. Bruno Kone\u0301 a insiste\u0301 sur la ne\u0301cessite\u0301 de trouver des solutions de relogement pour les habitants des quartiers pre\u0301caires, tout en pre\u0301servant le tissu social et culturel de ces communaute\u0301s.<\/p>\n<p>Interroge\u0301 sur sa longe\u0301vite\u0301 au sein de l&rsquo;exe\u0301cutif, le Ministre a exprime\u0301 humblement son engagement a\u0300 servir son pays en ame\u0301liorant les conditions de vie de ses concitoyens. Des avance\u0301es significatives, telles que le de\u0301ploiement de la 2G a\u0300 la 4G, le lancement de la TNT et la modernisation des secteurs de l&rsquo;e\u0301conomie nume\u0301rique, ont marque\u0301 son parcours ministe\u0301riel. Aujourd&rsquo;hui, il s&rsquo;attelle a\u0300 transformer le volet logement et urbanisme, convaincu que ces actions auront un impact tangible sur la vie quotidienne des Ivoiriens.<\/p>\n<p>En conclusion, la transformation du Grand Abidjan selon le natif de Kouto, s&rsquo;inscrit dans une de\u0301marche holistique et visionnaire, guide\u0301e par une volonte\u0301 politique forte et une collaboration e\u0301troite entre les diffe\u0301rents acteurs. Au-dela\u0300 des de\u0301fis techniques et administratifs, c&rsquo;est l&rsquo;avenir me\u0302me de la me\u0301tropole ivoirienne qui se dessine, promettant un cadre de vie moderne, inclusif et durable pour les ge\u0301ne\u0301rations futures.<\/p>\n<p><strong>Pour plus d&rsquo;informations et d&rsquo;analyses sur la <a href=\"https:\/\/www.africa-press.net\/cotedivoire\">C\u00f4te d&rsquo;Ivoire<\/a>, suivez <a href=\"https:\/\/www.africa-press.net\/\">Africa-Press<\/a><\/strong><\/p>\n","protected":false},"excerpt":{"rendered":"<p>Africa-Press &#8211; C\u00f4te d&rsquo;Ivoire. Depuis l&rsquo;ave\u0300nement de son mandat ministe\u0301riel, le Ministre de la Construction, du Logement et de l&rsquo;Urbanisme de la Co\u0302te d&rsquo;Ivoire, dans une interview accorde\u0301e a\u0300 Jeune Afrique, a de\u0301voile\u0301 les nouvelles orientations audacieuses pour le Grand Abidjan. Au c\u0153ur de cette vision se dessine une transformation profonde, structure\u0301e et re\u0301solument tourne\u0301e [&hellip;]<\/p>\n","protected":false},"author":82,"featured_media":79456,"comment_status":"open","ping_status":"closed","sticky":false,"template":"","format":"standard","meta":{"footnotes":""},"categories":[2,20,10],"tags":[30,56,63,697,403,1095,29,401,1097,1158,3964],"class_list":["post-79457","post","type-post","status-publish","format-standard","has-post-thumbnail","hentry","category-politique","category-top-nouvelles","category-toutes-les-actualites","tag-abidjan","tag-africa-press","tag-africa-press-cote-divoire","tag-azaguie","tag-bruno","tag-construction","tag-cote-divoire","tag-kone","tag-litige","tag-ministre","tag-sigfu"],"yoast_head":"<!-- This site is optimized with the Yoast SEO Premium plugin v26.1 (Yoast SEO v27.0) - https:\/\/yoast.com\/product\/yoast-seo-premium-wordpress\/ -->\n<title>Transformation du Grand Abidjan, une vision d&#039;avenir pour la m\u00e9tropole ivoirienne, les confidences de Bruno Kon\u00e9 - C\u00f4te d&#039;Ivoire<\/title>\n<meta name=\"description\" content=\"Depuis l&#039;ave\u0300nement de son mandat ministe\u0301riel, le Ministre de la Construction, du Logement et de l&#039;Urbanisme de la Co\u0302t ...\" \/>\n<meta name=\"robots\" content=\"index, follow, max-snippet:-1, max-image-preview:large, max-video-preview:-1\" \/>\n<link rel=\"canonical\" href=\"https:\/\/www.africa-press.net\/cotedivoire\/politique\/transformation-du-grand-abidjan-une-vision-davenir-pour-la-metropole-ivoirienne-les-confidences-de-bruno-kone\" \/>\n<meta property=\"og:locale\" content=\"fr_FR\" \/>\n<meta property=\"og:type\" content=\"article\" \/>\n<meta property=\"og:title\" content=\"Transformation du Grand Abidjan, une vision d&#039;avenir pour la m\u00e9tropole ivoirienne, les confidences de Bruno Kon\u00e9\" \/>\n<meta property=\"og:description\" content=\"Depuis l&#039;ave\u0300nement de son mandat ministe\u0301riel, le Ministre de la Construction, du Logement et de l&#039;Urbanisme de la Co\u0302t ...\" \/>\n<meta property=\"og:url\" content=\"https:\/\/www.africa-press.net\/cotedivoire\/politique\/transformation-du-grand-abidjan-une-vision-davenir-pour-la-metropole-ivoirienne-les-confidences-de-bruno-kone\" \/>\n<meta property=\"og:site_name\" content=\"C\u00f4te d&#039;Ivoire\" \/>\n<meta property=\"article:published_time\" content=\"2024-05-05T14:55:47+00:00\" \/>\n<meta property=\"article:modified_time\" content=\"2024-05-05T15:54:29+00:00\" \/>\n<meta property=\"og:image\" content=\"https:\/\/static.africa-press.net\/cote\/sites\/43\/2024\/05\/sm_1714911748.956509.jpg\" \/>\n\t<meta property=\"og:image:width\" content=\"720\" \/>\n\t<meta property=\"og:image:height\" content=\"477\" \/>\n\t<meta property=\"og:image:type\" content=\"image\/jpeg\" \/>\n<meta name=\"author\" content=\"cfeditorfr\" \/>\n<meta name=\"twitter:card\" content=\"summary_large_image\" \/>\n<meta name=\"twitter:label1\" content=\"\u00c9crit par\" \/>\n\t<meta name=\"twitter:data1\" content=\"cfeditorfr\" \/>\n\t<meta name=\"twitter:label2\" content=\"Dur\u00e9e de lecture estim\u00e9e\" \/>\n\t<meta name=\"twitter:data2\" content=\"5 minutes\" \/>\n<script type=\"application\/ld+json\" class=\"yoast-schema-graph\">{\"@context\":\"https:\/\/schema.org\",\"@graph\":[{\"@type\":\"Article\",\"@id\":\"https:\/\/www.africa-press.net\/cotedivoire\/politique\/transformation-du-grand-abidjan-une-vision-davenir-pour-la-metropole-ivoirienne-les-confidences-de-bruno-kone#article\",\"isPartOf\":{\"@id\":\"https:\/\/www.africa-press.net\/cotedivoire\/politique\/transformation-du-grand-abidjan-une-vision-davenir-pour-la-metropole-ivoirienne-les-confidences-de-bruno-kone\"},\"author\":{\"name\":\"cfeditorfr\",\"@id\":\"https:\/\/www.africa-press.net\/cotedivoire\/#\/schema\/person\/2b1cf3cd81a31e3cd26889ca66d677f1\"},\"headline\":\"Transformation du Grand Abidjan, une vision d&rsquo;avenir pour la m\u00e9tropole ivoirienne, les confidences de Bruno Kon\u00e9\",\"datePublished\":\"2024-05-05T14:55:47+00:00\",\"dateModified\":\"2024-05-05T15:54:29+00:00\",\"mainEntityOfPage\":{\"@id\":\"https:\/\/www.africa-press.net\/cotedivoire\/politique\/transformation-du-grand-abidjan-une-vision-davenir-pour-la-metropole-ivoirienne-les-confidences-de-bruno-kone\"},\"wordCount\":965,\"commentCount\":0,\"image\":{\"@id\":\"https:\/\/www.africa-press.net\/cotedivoire\/politique\/transformation-du-grand-abidjan-une-vision-davenir-pour-la-metropole-ivoirienne-les-confidences-de-bruno-kone#primaryimage\"},\"thumbnailUrl\":\"https:\/\/static.africa-press.net\/cote\/sites\/43\/2024\/05\/sm_1714911748.956509.jpg\",\"keywords\":[\"Abidjan\",\"Africa Press\",\"Africa Press-C\u00f4te d'Ivoire\",\"Azagui\u00e9\",\"Bruno\",\"construction\",\"C\u00d4TE D'IVOIRE\",\"Kon\u00e9\",\"litige\",\"Ministre\",\"SIGFU\"],\"articleSection\":[\"Politique\",\"Top Nouvelles\",\"Toutes les actualit\u00e9s\"],\"inLanguage\":\"fr-FR\",\"potentialAction\":[{\"@type\":\"CommentAction\",\"name\":\"Comment\",\"target\":[\"https:\/\/www.africa-press.net\/cotedivoire\/politique\/transformation-du-grand-abidjan-une-vision-davenir-pour-la-metropole-ivoirienne-les-confidences-de-bruno-kone#respond\"]}]},{\"@type\":\"WebPage\",\"@id\":\"https:\/\/www.africa-press.net\/cotedivoire\/politique\/transformation-du-grand-abidjan-une-vision-davenir-pour-la-metropole-ivoirienne-les-confidences-de-bruno-kone\",\"url\":\"https:\/\/www.africa-press.net\/cotedivoire\/politique\/transformation-du-grand-abidjan-une-vision-davenir-pour-la-metropole-ivoirienne-les-confidences-de-bruno-kone\",\"name\":\"Transformation du Grand Abidjan, une vision d'avenir pour la m\u00e9tropole ivoirienne, les confidences de Bruno Kon\u00e9 - C\u00f4te d&#039;Ivoire\",\"isPartOf\":{\"@id\":\"https:\/\/www.africa-press.net\/cotedivoire\/#website\"},\"primaryImageOfPage\":{\"@id\":\"https:\/\/www.africa-press.net\/cotedivoire\/politique\/transformation-du-grand-abidjan-une-vision-davenir-pour-la-metropole-ivoirienne-les-confidences-de-bruno-kone#primaryimage\"},\"image\":{\"@id\":\"https:\/\/www.africa-press.net\/cotedivoire\/politique\/transformation-du-grand-abidjan-une-vision-davenir-pour-la-metropole-ivoirienne-les-confidences-de-bruno-kone#primaryimage\"},\"thumbnailUrl\":\"https:\/\/static.africa-press.net\/cote\/sites\/43\/2024\/05\/sm_1714911748.956509.jpg\",\"datePublished\":\"2024-05-05T14:55:47+00:00\",\"dateModified\":\"2024-05-05T15:54:29+00:00\",\"author\":{\"@id\":\"https:\/\/www.africa-press.net\/cotedivoire\/#\/schema\/person\/2b1cf3cd81a31e3cd26889ca66d677f1\"},\"description\":\"Depuis l'ave\u0300nement de son mandat ministe\u0301riel, le Ministre de la Construction, du Logement et de l'Urbanisme de la Co\u0302t ...\",\"breadcrumb\":{\"@id\":\"https:\/\/www.africa-press.net\/cotedivoire\/politique\/transformation-du-grand-abidjan-une-vision-davenir-pour-la-metropole-ivoirienne-les-confidences-de-bruno-kone#breadcrumb\"},\"inLanguage\":\"fr-FR\",\"potentialAction\":[{\"@type\":\"ReadAction\",\"target\":[\"https:\/\/www.africa-press.net\/cotedivoire\/politique\/transformation-du-grand-abidjan-une-vision-davenir-pour-la-metropole-ivoirienne-les-confidences-de-bruno-kone\"]}]},{\"@type\":\"ImageObject\",\"inLanguage\":\"fr-FR\",\"@id\":\"https:\/\/www.africa-press.net\/cotedivoire\/politique\/transformation-du-grand-abidjan-une-vision-davenir-pour-la-metropole-ivoirienne-les-confidences-de-bruno-kone#primaryimage\",\"url\":\"https:\/\/static.africa-press.net\/cote\/sites\/43\/2024\/05\/sm_1714911748.956509.jpg\",\"contentUrl\":\"https:\/\/static.africa-press.net\/cote\/sites\/43\/2024\/05\/sm_1714911748.956509.jpg\",\"width\":720,\"height\":477,\"caption\":\"Transformation du Grand Abidjan, une vision d'avenir pour la m\u00e9tropole ivoirienne, les confidences de Bruno Kon\u00e9\"},{\"@type\":\"BreadcrumbList\",\"@id\":\"https:\/\/www.africa-press.net\/cotedivoire\/politique\/transformation-du-grand-abidjan-une-vision-davenir-pour-la-metropole-ivoirienne-les-confidences-de-bruno-kone#breadcrumb\",\"itemListElement\":[{\"@type\":\"ListItem\",\"position\":1,\"name\":\"Accueil\",\"item\":\"https:\/\/www.africa-press.net\/cotedivoire\/\"},{\"@type\":\"ListItem\",\"position\":2,\"name\":\"Transformation du Grand Abidjan, une vision d&#8217;avenir pour la m\u00e9tropole ivoirienne, les confidences de Bruno Kon\u00e9\"}]},{\"@type\":\"WebSite\",\"@id\":\"https:\/\/www.africa-press.net\/cotedivoire\/#website\",\"url\":\"https:\/\/www.africa-press.net\/cotedivoire\/\",\"name\":\"C\u00f4te d&#039;Ivoire\",\"description\":\"Just another Africa News Agency Sites site\",\"potentialAction\":[{\"@type\":\"SearchAction\",\"target\":{\"@type\":\"EntryPoint\",\"urlTemplate\":\"https:\/\/www.africa-press.net\/cotedivoire\/?s={search_term_string}\"},\"query-input\":{\"@type\":\"PropertyValueSpecification\",\"valueRequired\":true,\"valueName\":\"search_term_string\"}}],\"inLanguage\":\"fr-FR\"},{\"@type\":\"Person\",\"@id\":\"https:\/\/www.africa-press.net\/cotedivoire\/#\/schema\/person\/2b1cf3cd81a31e3cd26889ca66d677f1\",\"name\":\"cfeditorfr\"}]}<\/script>\n<!-- \/ Yoast SEO Premium plugin. -->","yoast_head_json":{"title":"Transformation du Grand Abidjan, une vision d'avenir pour la m\u00e9tropole ivoirienne, les confidences de Bruno Kon\u00e9 - C\u00f4te d&#039;Ivoire","description":"Depuis l'ave\u0300nement de son mandat ministe\u0301riel, le Ministre de la Construction, du Logement et de l'Urbanisme de la Co\u0302t ...","robots":{"index":"index","follow":"follow","max-snippet":"max-snippet:-1","max-image-preview":"max-image-preview:large","max-video-preview":"max-video-preview:-1"},"canonical":"https:\/\/www.africa-press.net\/cotedivoire\/politique\/transformation-du-grand-abidjan-une-vision-davenir-pour-la-metropole-ivoirienne-les-confidences-de-bruno-kone","og_locale":"fr_FR","og_type":"article","og_title":"Transformation du Grand Abidjan, une vision d'avenir pour la m\u00e9tropole ivoirienne, les confidences de Bruno Kon\u00e9","og_description":"Depuis l'ave\u0300nement de son mandat ministe\u0301riel, le Ministre de la Construction, du Logement et de l'Urbanisme de la Co\u0302t ...","og_url":"https:\/\/www.africa-press.net\/cotedivoire\/politique\/transformation-du-grand-abidjan-une-vision-davenir-pour-la-metropole-ivoirienne-les-confidences-de-bruno-kone","og_site_name":"C\u00f4te d&#039;Ivoire","article_published_time":"2024-05-05T14:55:47+00:00","article_modified_time":"2024-05-05T15:54:29+00:00","og_image":[{"width":720,"height":477,"url":"https:\/\/static.africa-press.net\/cote\/sites\/43\/2024\/05\/sm_1714911748.956509.jpg","type":"image\/jpeg"}],"author":"cfeditorfr","twitter_card":"summary_large_image","twitter_misc":{"\u00c9crit par":"cfeditorfr","Dur\u00e9e de lecture estim\u00e9e":"5 minutes"},"schema":{"@context":"https:\/\/schema.org","@graph":[{"@type":"Article","@id":"https:\/\/www.africa-press.net\/cotedivoire\/politique\/transformation-du-grand-abidjan-une-vision-davenir-pour-la-metropole-ivoirienne-les-confidences-de-bruno-kone#article","isPartOf":{"@id":"https:\/\/www.africa-press.net\/cotedivoire\/politique\/transformation-du-grand-abidjan-une-vision-davenir-pour-la-metropole-ivoirienne-les-confidences-de-bruno-kone"},"author":{"name":"cfeditorfr","@id":"https:\/\/www.africa-press.net\/cotedivoire\/#\/schema\/person\/2b1cf3cd81a31e3cd26889ca66d677f1"},"headline":"Transformation du Grand Abidjan, une vision d&rsquo;avenir pour la m\u00e9tropole ivoirienne, les confidences de Bruno Kon\u00e9","datePublished":"2024-05-05T14:55:47+00:00","dateModified":"2024-05-05T15:54:29+00:00","mainEntityOfPage":{"@id":"https:\/\/www.africa-press.net\/cotedivoire\/politique\/transformation-du-grand-abidjan-une-vision-davenir-pour-la-metropole-ivoirienne-les-confidences-de-bruno-kone"},"wordCount":965,"commentCount":0,"image":{"@id":"https:\/\/www.africa-press.net\/cotedivoire\/politique\/transformation-du-grand-abidjan-une-vision-davenir-pour-la-metropole-ivoirienne-les-confidences-de-bruno-kone#primaryimage"},"thumbnailUrl":"https:\/\/static.africa-press.net\/cote\/sites\/43\/2024\/05\/sm_1714911748.956509.jpg","keywords":["Abidjan","Africa Press","Africa Press-C\u00f4te d'Ivoire","Azagui\u00e9","Bruno","construction","C\u00d4TE D'IVOIRE","Kon\u00e9","litige","Ministre","SIGFU"],"articleSection":["Politique","Top Nouvelles","Toutes les actualit\u00e9s"],"inLanguage":"fr-FR","potentialAction":[{"@type":"CommentAction","name":"Comment","target":["https:\/\/www.africa-press.net\/cotedivoire\/politique\/transformation-du-grand-abidjan-une-vision-davenir-pour-la-metropole-ivoirienne-les-confidences-de-bruno-kone#respond"]}]},{"@type":"WebPage","@id":"https:\/\/www.africa-press.net\/cotedivoire\/politique\/transformation-du-grand-abidjan-une-vision-davenir-pour-la-metropole-ivoirienne-les-confidences-de-bruno-kone","url":"https:\/\/www.africa-press.net\/cotedivoire\/politique\/transformation-du-grand-abidjan-une-vision-davenir-pour-la-metropole-ivoirienne-les-confidences-de-bruno-kone","name":"Transformation du Grand Abidjan, une vision d'avenir pour la m\u00e9tropole ivoirienne, les confidences de Bruno Kon\u00e9 - C\u00f4te d&#039;Ivoire","isPartOf":{"@id":"https:\/\/www.africa-press.net\/cotedivoire\/#website"},"primaryImageOfPage":{"@id":"https:\/\/www.africa-press.net\/cotedivoire\/politique\/transformation-du-grand-abidjan-une-vision-davenir-pour-la-metropole-ivoirienne-les-confidences-de-bruno-kone#primaryimage"},"image":{"@id":"https:\/\/www.africa-press.net\/cotedivoire\/politique\/transformation-du-grand-abidjan-une-vision-davenir-pour-la-metropole-ivoirienne-les-confidences-de-bruno-kone#primaryimage"},"thumbnailUrl":"https:\/\/static.africa-press.net\/cote\/sites\/43\/2024\/05\/sm_1714911748.956509.jpg","datePublished":"2024-05-05T14:55:47+00:00","dateModified":"2024-05-05T15:54:29+00:00","author":{"@id":"https:\/\/www.africa-press.net\/cotedivoire\/#\/schema\/person\/2b1cf3cd81a31e3cd26889ca66d677f1"},"description":"Depuis l'ave\u0300nement de son mandat ministe\u0301riel, le Ministre de la Construction, du Logement et de l'Urbanisme de la Co\u0302t ...","breadcrumb":{"@id":"https:\/\/www.africa-press.net\/cotedivoire\/politique\/transformation-du-grand-abidjan-une-vision-davenir-pour-la-metropole-ivoirienne-les-confidences-de-bruno-kone#breadcrumb"},"inLanguage":"fr-FR","potentialAction":[{"@type":"ReadAction","target":["https:\/\/www.africa-press.net\/cotedivoire\/politique\/transformation-du-grand-abidjan-une-vision-davenir-pour-la-metropole-ivoirienne-les-confidences-de-bruno-kone"]}]},{"@type":"ImageObject","inLanguage":"fr-FR","@id":"https:\/\/www.africa-press.net\/cotedivoire\/politique\/transformation-du-grand-abidjan-une-vision-davenir-pour-la-metropole-ivoirienne-les-confidences-de-bruno-kone#primaryimage","url":"https:\/\/static.africa-press.net\/cote\/sites\/43\/2024\/05\/sm_1714911748.956509.jpg","contentUrl":"https:\/\/static.africa-press.net\/cote\/sites\/43\/2024\/05\/sm_1714911748.956509.jpg","width":720,"height":477,"caption":"Transformation du Grand Abidjan, une vision d'avenir pour la m\u00e9tropole ivoirienne, les confidences de Bruno Kon\u00e9"},{"@type":"BreadcrumbList","@id":"https:\/\/www.africa-press.net\/cotedivoire\/politique\/transformation-du-grand-abidjan-une-vision-davenir-pour-la-metropole-ivoirienne-les-confidences-de-bruno-kone#breadcrumb","itemListElement":[{"@type":"ListItem","position":1,"name":"Accueil","item":"https:\/\/www.africa-press.net\/cotedivoire\/"},{"@type":"ListItem","position":2,"name":"Transformation du Grand Abidjan, une vision d&#8217;avenir pour la m\u00e9tropole ivoirienne, les confidences de Bruno Kon\u00e9"}]},{"@type":"WebSite","@id":"https:\/\/www.africa-press.net\/cotedivoire\/#website","url":"https:\/\/www.africa-press.net\/cotedivoire\/","name":"C\u00f4te d&#039;Ivoire","description":"Just another Africa News Agency Sites site","potentialAction":[{"@type":"SearchAction","target":{"@type":"EntryPoint","urlTemplate":"https:\/\/www.africa-press.net\/cotedivoire\/?s={search_term_string}"},"query-input":{"@type":"PropertyValueSpecification","valueRequired":true,"valueName":"search_term_string"}}],"inLanguage":"fr-FR"},{"@type":"Person","@id":"https:\/\/www.africa-press.net\/cotedivoire\/#\/schema\/person\/2b1cf3cd81a31e3cd26889ca66d677f1","name":"cfeditorfr"}]}},"_links":{"self":[{"href":"https:\/\/www.africa-press.net\/cotedivoire\/wp-json\/wp\/v2\/posts\/79457","targetHints":{"allow":["GET"]}}],"collection":[{"href":"https:\/\/www.africa-press.net\/cotedivoire\/wp-json\/wp\/v2\/posts"}],"about":[{"href":"https:\/\/www.africa-press.net\/cotedivoire\/wp-json\/wp\/v2\/types\/post"}],"author":[{"embeddable":true,"href":"https:\/\/www.africa-press.net\/cotedivoire\/wp-json\/wp\/v2\/users\/82"}],"replies":[{"embeddable":true,"href":"https:\/\/www.africa-press.net\/cotedivoire\/wp-json\/wp\/v2\/comments?post=79457"}],"version-history":[{"count":0,"href":"https:\/\/www.africa-press.net\/cotedivoire\/wp-json\/wp\/v2\/posts\/79457\/revisions"}],"wp:featuredmedia":[{"embeddable":true,"href":"https:\/\/www.africa-press.net\/cotedivoire\/wp-json\/wp\/v2\/media\/79456"}],"wp:attachment":[{"href":"https:\/\/www.africa-press.net\/cotedivoire\/wp-json\/wp\/v2\/media?parent=79457"}],"wp:term":[{"taxonomy":"category","embeddable":true,"href":"https:\/\/www.africa-press.net\/cotedivoire\/wp-json\/wp\/v2\/categories?post=79457"},{"taxonomy":"post_tag","embeddable":true,"href":"https:\/\/www.africa-press.net\/cotedivoire\/wp-json\/wp\/v2\/tags?post=79457"}],"curies":[{"name":"wp","href":"https:\/\/api.w.org\/{rel}","templated":true}]}}