{"id":7946,"date":"2021-05-19T17:06:33","date_gmt":"2021-05-19T17:06:33","guid":{"rendered":"https:\/\/www.africa-press.net\/cotedivoire\/?p=7946"},"modified":"2021-05-19T17:25:55","modified_gmt":"2021-05-19T17:25:55","slug":"sante-un-vaccin-contre-le-paludisme-teste-au-pays-bas-et-au-danemark","status":"publish","type":"post","link":"https:\/\/www.africa-press.net\/cotedivoire\/toutes-les-actualites\/sante-un-vaccin-contre-le-paludisme-teste-au-pays-bas-et-au-danemark","title":{"rendered":"Un vaccin contre le paludisme test\u00e9 au Pays-Bas et au Danemark"},"content":{"rendered":"<p><span style=\"color: #ff6600\"><strong><a href=\"https:\/\/www.africa-press.net\/\">Africa-Press<\/a> &#8211; <a href=\"https:\/\/www.africa-press.net\/cotedivoire\">C\u00f4te d&rsquo;Ivoire<\/a>. <\/strong><\/span>Statens Serum Institut au Danemark et le CHU de Nim\u00e8gue au Pays-Bas viennent de d\u00e9marrer la 1ere phase de tests sur humains d\u2019un vaccin contre le paludisme.<\/p>\n<p>Les premiers volontaires ont \u00e9t\u00e9 vaccin\u00e9s aujourd\u2019hui.<\/p>\n<p>Selon les chercheurs ce nouveau vaccin produit des anticorps contre une prot\u00e9ine qui joue un r\u00f4le important dans le transfert du paludisme par les piqures de moustiques.<\/p>\n<p>Dans la premi\u00e8re phase de l\u2019\u00e9tude qui vient de d\u00e9marrer, la s\u00e9curit\u00e9 du vaccin sera \u00e9tudi\u00e9e sur les premiers volontaires, tout comme le taux effectif d\u2019anticorps pr\u00e9sents dans leur sang.<\/p>\n<p>&nbsp;<\/p>\n","protected":false},"excerpt":{"rendered":"<p>Africa-Press &#8211; C\u00f4te d&rsquo;Ivoire. Statens Serum Institut au Danemark et le CHU de Nim\u00e8gue au Pays-Bas viennent de d\u00e9marrer la 1ere phase de tests sur humains d\u2019un vaccin contre le paludisme. Les premiers volontaires ont \u00e9t\u00e9 vaccin\u00e9s aujourd\u2019hui. Selon les chercheurs ce nouveau vaccin produit des anticorps contre une prot\u00e9ine qui joue un r\u00f4le important [&hellip;]<\/p>\n","protected":false},"author":82,"featured_media":7945,"comment_status":"open","ping_status":"closed","sticky":false,"template":"","format":"standard","meta":{"footnotes":""},"categories":[22,11,10],"tags":[56,63,29],"class_list":["post-7946","post","type-post","status-publish","format-standard","has-post-thumbnail","hentry","category-divers","category-homepage-french","category-toutes-les-actualites","tag-africa-press","tag-africa-press-cote-divoire","tag-cote-divoire"],"yoast_head":"<!-- This site is optimized with the Yoast SEO Premium plugin v26.1 (Yoast SEO v27.0) - https:\/\/yoast.com\/product\/yoast-seo-premium-wordpress\/ -->\n<title>Un vaccin contre le paludisme test\u00e9 au Pays-Bas et au Danemark - C\u00f4te d&#039;Ivoire<\/title>\n<meta name=\"description\" content=\"Statens Serum Institut au Danemark et le CHU de Nim\u00e8gue au Pays-Bas viennent de d\u00e9marrer la 1ere phase de tests sur huma ...\" \/>\n<meta name=\"robots\" content=\"index, follow, max-snippet:-1, max-image-preview:large, max-video-preview:-1\" \/>\n<link rel=\"canonical\" href=\"https:\/\/www.africa-press.net\/cotedivoire\/toutes-les-actualites\/sante-un-vaccin-contre-le-paludisme-teste-au-pays-bas-et-au-danemark\" \/>\n<meta property=\"og:locale\" content=\"fr_FR\" \/>\n<meta property=\"og:type\" content=\"article\" \/>\n<meta property=\"og:title\" content=\"Un vaccin contre le paludisme test\u00e9 au Pays-Bas et au Danemark\" \/>\n<meta property=\"og:description\" content=\"Statens Serum Institut au Danemark et le CHU de Nim\u00e8gue au Pays-Bas viennent de d\u00e9marrer la 1ere phase de tests sur huma ...\" \/>\n<meta property=\"og:url\" content=\"https:\/\/www.africa-press.net\/cotedivoire\/toutes-les-actualites\/sante-un-vaccin-contre-le-paludisme-teste-au-pays-bas-et-au-danemark\" \/>\n<meta property=\"og:site_name\" content=\"C\u00f4te d&#039;Ivoire\" \/>\n<meta property=\"article:published_time\" content=\"2021-05-19T17:06:33+00:00\" \/>\n<meta property=\"article:modified_time\" content=\"2021-05-19T17:25:55+00:00\" \/>\n<meta property=\"og:image\" content=\"https:\/\/static.africa-press.net\/cote\/sites\/43\/2021\/05\/img-60a53ca142b4a.jpg\" \/>\n\t<meta property=\"og:image:width\" content=\"953\" \/>\n\t<meta property=\"og:image:height\" content=\"458\" \/>\n\t<meta property=\"og:image:type\" content=\"image\/jpeg\" \/>\n<meta name=\"author\" content=\"cfeditorfr\" \/>\n<meta name=\"twitter:card\" content=\"summary_large_image\" \/>\n<meta name=\"twitter:label1\" content=\"\u00c9crit par\" \/>\n\t<meta name=\"twitter:data1\" content=\"cfeditorfr\" \/>\n\t<meta name=\"twitter:label2\" content=\"Dur\u00e9e de lecture estim\u00e9e\" \/>\n\t<meta name=\"twitter:data2\" content=\"1 minute\" \/>\n<script type=\"application\/ld+json\" class=\"yoast-schema-graph\">{\"@context\":\"https:\/\/schema.org\",\"@graph\":[{\"@type\":\"Article\",\"@id\":\"https:\/\/www.africa-press.net\/cotedivoire\/toutes-les-actualites\/sante-un-vaccin-contre-le-paludisme-teste-au-pays-bas-et-au-danemark#article\",\"isPartOf\":{\"@id\":\"https:\/\/www.africa-press.net\/cotedivoire\/toutes-les-actualites\/sante-un-vaccin-contre-le-paludisme-teste-au-pays-bas-et-au-danemark\"},\"author\":{\"name\":\"cfeditorfr\",\"@id\":\"https:\/\/www.africa-press.net\/cotedivoire\/#\/schema\/person\/2b1cf3cd81a31e3cd26889ca66d677f1\"},\"headline\":\"Un vaccin contre le paludisme test\u00e9 au Pays-Bas et au Danemark\",\"datePublished\":\"2021-05-19T17:06:33+00:00\",\"dateModified\":\"2021-05-19T17:25:55+00:00\",\"mainEntityOfPage\":{\"@id\":\"https:\/\/www.africa-press.net\/cotedivoire\/toutes-les-actualites\/sante-un-vaccin-contre-le-paludisme-teste-au-pays-bas-et-au-danemark\"},\"wordCount\":123,\"commentCount\":0,\"image\":{\"@id\":\"https:\/\/www.africa-press.net\/cotedivoire\/toutes-les-actualites\/sante-un-vaccin-contre-le-paludisme-teste-au-pays-bas-et-au-danemark#primaryimage\"},\"thumbnailUrl\":\"https:\/\/static.africa-press.net\/cote\/sites\/43\/2021\/05\/img-60a53ca142b4a.jpg\",\"keywords\":[\"Africa Press\",\"Africa Press-C\u00f4te d'Ivoire\",\"C\u00d4TE D'IVOIRE\"],\"articleSection\":[\"Divers\",\"homepage-french\",\"Toutes les actualit\u00e9s\"],\"inLanguage\":\"fr-FR\",\"potentialAction\":[{\"@type\":\"CommentAction\",\"name\":\"Comment\",\"target\":[\"https:\/\/www.africa-press.net\/cotedivoire\/toutes-les-actualites\/sante-un-vaccin-contre-le-paludisme-teste-au-pays-bas-et-au-danemark#respond\"]}]},{\"@type\":\"WebPage\",\"@id\":\"https:\/\/www.africa-press.net\/cotedivoire\/toutes-les-actualites\/sante-un-vaccin-contre-le-paludisme-teste-au-pays-bas-et-au-danemark\",\"url\":\"https:\/\/www.africa-press.net\/cotedivoire\/toutes-les-actualites\/sante-un-vaccin-contre-le-paludisme-teste-au-pays-bas-et-au-danemark\",\"name\":\"Un vaccin contre le paludisme test\u00e9 au Pays-Bas et au Danemark - C\u00f4te d&#039;Ivoire\",\"isPartOf\":{\"@id\":\"https:\/\/www.africa-press.net\/cotedivoire\/#website\"},\"primaryImageOfPage\":{\"@id\":\"https:\/\/www.africa-press.net\/cotedivoire\/toutes-les-actualites\/sante-un-vaccin-contre-le-paludisme-teste-au-pays-bas-et-au-danemark#primaryimage\"},\"image\":{\"@id\":\"https:\/\/www.africa-press.net\/cotedivoire\/toutes-les-actualites\/sante-un-vaccin-contre-le-paludisme-teste-au-pays-bas-et-au-danemark#primaryimage\"},\"thumbnailUrl\":\"https:\/\/static.africa-press.net\/cote\/sites\/43\/2021\/05\/img-60a53ca142b4a.jpg\",\"datePublished\":\"2021-05-19T17:06:33+00:00\",\"dateModified\":\"2021-05-19T17:25:55+00:00\",\"author\":{\"@id\":\"https:\/\/www.africa-press.net\/cotedivoire\/#\/schema\/person\/2b1cf3cd81a31e3cd26889ca66d677f1\"},\"description\":\"Statens Serum Institut au Danemark et le CHU de Nim\u00e8gue au Pays-Bas viennent de d\u00e9marrer la 1ere phase de tests sur huma ...\",\"breadcrumb\":{\"@id\":\"https:\/\/www.africa-press.net\/cotedivoire\/toutes-les-actualites\/sante-un-vaccin-contre-le-paludisme-teste-au-pays-bas-et-au-danemark#breadcrumb\"},\"inLanguage\":\"fr-FR\",\"potentialAction\":[{\"@type\":\"ReadAction\",\"target\":[\"https:\/\/www.africa-press.net\/cotedivoire\/toutes-les-actualites\/sante-un-vaccin-contre-le-paludisme-teste-au-pays-bas-et-au-danemark\"]}]},{\"@type\":\"ImageObject\",\"inLanguage\":\"fr-FR\",\"@id\":\"https:\/\/www.africa-press.net\/cotedivoire\/toutes-les-actualites\/sante-un-vaccin-contre-le-paludisme-teste-au-pays-bas-et-au-danemark#primaryimage\",\"url\":\"https:\/\/static.africa-press.net\/cote\/sites\/43\/2021\/05\/img-60a53ca142b4a.jpg\",\"contentUrl\":\"https:\/\/static.africa-press.net\/cote\/sites\/43\/2021\/05\/img-60a53ca142b4a.jpg\",\"width\":953,\"height\":458,\"caption\":\"Sant\u00e9: Un vaccin contre le paludisme test\u00e9 au Pays-Bas et au Danemark\"},{\"@type\":\"BreadcrumbList\",\"@id\":\"https:\/\/www.africa-press.net\/cotedivoire\/toutes-les-actualites\/sante-un-vaccin-contre-le-paludisme-teste-au-pays-bas-et-au-danemark#breadcrumb\",\"itemListElement\":[{\"@type\":\"ListItem\",\"position\":1,\"name\":\"Accueil\",\"item\":\"https:\/\/www.africa-press.net\/cotedivoire\/\"},{\"@type\":\"ListItem\",\"position\":2,\"name\":\"Un vaccin contre le paludisme test\u00e9 au Pays-Bas et au Danemark\"}]},{\"@type\":\"WebSite\",\"@id\":\"https:\/\/www.africa-press.net\/cotedivoire\/#website\",\"url\":\"https:\/\/www.africa-press.net\/cotedivoire\/\",\"name\":\"C\u00f4te d&#039;Ivoire\",\"description\":\"Just another Africa News Agency Sites site\",\"potentialAction\":[{\"@type\":\"SearchAction\",\"target\":{\"@type\":\"EntryPoint\",\"urlTemplate\":\"https:\/\/www.africa-press.net\/cotedivoire\/?s={search_term_string}\"},\"query-input\":{\"@type\":\"PropertyValueSpecification\",\"valueRequired\":true,\"valueName\":\"search_term_string\"}}],\"inLanguage\":\"fr-FR\"},{\"@type\":\"Person\",\"@id\":\"https:\/\/www.africa-press.net\/cotedivoire\/#\/schema\/person\/2b1cf3cd81a31e3cd26889ca66d677f1\",\"name\":\"cfeditorfr\"}]}<\/script>\n<!-- \/ Yoast SEO Premium plugin. -->","yoast_head_json":{"title":"Un vaccin contre le paludisme test\u00e9 au Pays-Bas et au Danemark - C\u00f4te d&#039;Ivoire","description":"Statens Serum Institut au Danemark et le CHU de Nim\u00e8gue au Pays-Bas viennent de d\u00e9marrer la 1ere phase de tests sur huma ...","robots":{"index":"index","follow":"follow","max-snippet":"max-snippet:-1","max-image-preview":"max-image-preview:large","max-video-preview":"max-video-preview:-1"},"canonical":"https:\/\/www.africa-press.net\/cotedivoire\/toutes-les-actualites\/sante-un-vaccin-contre-le-paludisme-teste-au-pays-bas-et-au-danemark","og_locale":"fr_FR","og_type":"article","og_title":"Un vaccin contre le paludisme test\u00e9 au Pays-Bas et au Danemark","og_description":"Statens Serum Institut au Danemark et le CHU de Nim\u00e8gue au Pays-Bas viennent de d\u00e9marrer la 1ere phase de tests sur huma ...","og_url":"https:\/\/www.africa-press.net\/cotedivoire\/toutes-les-actualites\/sante-un-vaccin-contre-le-paludisme-teste-au-pays-bas-et-au-danemark","og_site_name":"C\u00f4te d&#039;Ivoire","article_published_time":"2021-05-19T17:06:33+00:00","article_modified_time":"2021-05-19T17:25:55+00:00","og_image":[{"width":953,"height":458,"url":"https:\/\/static.africa-press.net\/cote\/sites\/43\/2021\/05\/img-60a53ca142b4a.jpg","type":"image\/jpeg"}],"author":"cfeditorfr","twitter_card":"summary_large_image","twitter_misc":{"\u00c9crit par":"cfeditorfr","Dur\u00e9e de lecture estim\u00e9e":"1 minute"},"schema":{"@context":"https:\/\/schema.org","@graph":[{"@type":"Article","@id":"https:\/\/www.africa-press.net\/cotedivoire\/toutes-les-actualites\/sante-un-vaccin-contre-le-paludisme-teste-au-pays-bas-et-au-danemark#article","isPartOf":{"@id":"https:\/\/www.africa-press.net\/cotedivoire\/toutes-les-actualites\/sante-un-vaccin-contre-le-paludisme-teste-au-pays-bas-et-au-danemark"},"author":{"name":"cfeditorfr","@id":"https:\/\/www.africa-press.net\/cotedivoire\/#\/schema\/person\/2b1cf3cd81a31e3cd26889ca66d677f1"},"headline":"Un vaccin contre le paludisme test\u00e9 au Pays-Bas et au Danemark","datePublished":"2021-05-19T17:06:33+00:00","dateModified":"2021-05-19T17:25:55+00:00","mainEntityOfPage":{"@id":"https:\/\/www.africa-press.net\/cotedivoire\/toutes-les-actualites\/sante-un-vaccin-contre-le-paludisme-teste-au-pays-bas-et-au-danemark"},"wordCount":123,"commentCount":0,"image":{"@id":"https:\/\/www.africa-press.net\/cotedivoire\/toutes-les-actualites\/sante-un-vaccin-contre-le-paludisme-teste-au-pays-bas-et-au-danemark#primaryimage"},"thumbnailUrl":"https:\/\/static.africa-press.net\/cote\/sites\/43\/2021\/05\/img-60a53ca142b4a.jpg","keywords":["Africa Press","Africa Press-C\u00f4te d'Ivoire","C\u00d4TE D'IVOIRE"],"articleSection":["Divers","homepage-french","Toutes les actualit\u00e9s"],"inLanguage":"fr-FR","potentialAction":[{"@type":"CommentAction","name":"Comment","target":["https:\/\/www.africa-press.net\/cotedivoire\/toutes-les-actualites\/sante-un-vaccin-contre-le-paludisme-teste-au-pays-bas-et-au-danemark#respond"]}]},{"@type":"WebPage","@id":"https:\/\/www.africa-press.net\/cotedivoire\/toutes-les-actualites\/sante-un-vaccin-contre-le-paludisme-teste-au-pays-bas-et-au-danemark","url":"https:\/\/www.africa-press.net\/cotedivoire\/toutes-les-actualites\/sante-un-vaccin-contre-le-paludisme-teste-au-pays-bas-et-au-danemark","name":"Un vaccin contre le paludisme test\u00e9 au Pays-Bas et au Danemark - C\u00f4te d&#039;Ivoire","isPartOf":{"@id":"https:\/\/www.africa-press.net\/cotedivoire\/#website"},"primaryImageOfPage":{"@id":"https:\/\/www.africa-press.net\/cotedivoire\/toutes-les-actualites\/sante-un-vaccin-contre-le-paludisme-teste-au-pays-bas-et-au-danemark#primaryimage"},"image":{"@id":"https:\/\/www.africa-press.net\/cotedivoire\/toutes-les-actualites\/sante-un-vaccin-contre-le-paludisme-teste-au-pays-bas-et-au-danemark#primaryimage"},"thumbnailUrl":"https:\/\/static.africa-press.net\/cote\/sites\/43\/2021\/05\/img-60a53ca142b4a.jpg","datePublished":"2021-05-19T17:06:33+00:00","dateModified":"2021-05-19T17:25:55+00:00","author":{"@id":"https:\/\/www.africa-press.net\/cotedivoire\/#\/schema\/person\/2b1cf3cd81a31e3cd26889ca66d677f1"},"description":"Statens Serum Institut au Danemark et le CHU de Nim\u00e8gue au Pays-Bas viennent de d\u00e9marrer la 1ere phase de tests sur huma ...","breadcrumb":{"@id":"https:\/\/www.africa-press.net\/cotedivoire\/toutes-les-actualites\/sante-un-vaccin-contre-le-paludisme-teste-au-pays-bas-et-au-danemark#breadcrumb"},"inLanguage":"fr-FR","potentialAction":[{"@type":"ReadAction","target":["https:\/\/www.africa-press.net\/cotedivoire\/toutes-les-actualites\/sante-un-vaccin-contre-le-paludisme-teste-au-pays-bas-et-au-danemark"]}]},{"@type":"ImageObject","inLanguage":"fr-FR","@id":"https:\/\/www.africa-press.net\/cotedivoire\/toutes-les-actualites\/sante-un-vaccin-contre-le-paludisme-teste-au-pays-bas-et-au-danemark#primaryimage","url":"https:\/\/static.africa-press.net\/cote\/sites\/43\/2021\/05\/img-60a53ca142b4a.jpg","contentUrl":"https:\/\/static.africa-press.net\/cote\/sites\/43\/2021\/05\/img-60a53ca142b4a.jpg","width":953,"height":458,"caption":"Sant\u00e9: Un vaccin contre le paludisme test\u00e9 au Pays-Bas et au Danemark"},{"@type":"BreadcrumbList","@id":"https:\/\/www.africa-press.net\/cotedivoire\/toutes-les-actualites\/sante-un-vaccin-contre-le-paludisme-teste-au-pays-bas-et-au-danemark#breadcrumb","itemListElement":[{"@type":"ListItem","position":1,"name":"Accueil","item":"https:\/\/www.africa-press.net\/cotedivoire\/"},{"@type":"ListItem","position":2,"name":"Un vaccin contre le paludisme test\u00e9 au Pays-Bas et au Danemark"}]},{"@type":"WebSite","@id":"https:\/\/www.africa-press.net\/cotedivoire\/#website","url":"https:\/\/www.africa-press.net\/cotedivoire\/","name":"C\u00f4te d&#039;Ivoire","description":"Just another Africa News Agency Sites site","potentialAction":[{"@type":"SearchAction","target":{"@type":"EntryPoint","urlTemplate":"https:\/\/www.africa-press.net\/cotedivoire\/?s={search_term_string}"},"query-input":{"@type":"PropertyValueSpecification","valueRequired":true,"valueName":"search_term_string"}}],"inLanguage":"fr-FR"},{"@type":"Person","@id":"https:\/\/www.africa-press.net\/cotedivoire\/#\/schema\/person\/2b1cf3cd81a31e3cd26889ca66d677f1","name":"cfeditorfr"}]}},"_links":{"self":[{"href":"https:\/\/www.africa-press.net\/cotedivoire\/wp-json\/wp\/v2\/posts\/7946","targetHints":{"allow":["GET"]}}],"collection":[{"href":"https:\/\/www.africa-press.net\/cotedivoire\/wp-json\/wp\/v2\/posts"}],"about":[{"href":"https:\/\/www.africa-press.net\/cotedivoire\/wp-json\/wp\/v2\/types\/post"}],"author":[{"embeddable":true,"href":"https:\/\/www.africa-press.net\/cotedivoire\/wp-json\/wp\/v2\/users\/82"}],"replies":[{"embeddable":true,"href":"https:\/\/www.africa-press.net\/cotedivoire\/wp-json\/wp\/v2\/comments?post=7946"}],"version-history":[{"count":0,"href":"https:\/\/www.africa-press.net\/cotedivoire\/wp-json\/wp\/v2\/posts\/7946\/revisions"}],"wp:featuredmedia":[{"embeddable":true,"href":"https:\/\/www.africa-press.net\/cotedivoire\/wp-json\/wp\/v2\/media\/7945"}],"wp:attachment":[{"href":"https:\/\/www.africa-press.net\/cotedivoire\/wp-json\/wp\/v2\/media?parent=7946"}],"wp:term":[{"taxonomy":"category","embeddable":true,"href":"https:\/\/www.africa-press.net\/cotedivoire\/wp-json\/wp\/v2\/categories?post=7946"},{"taxonomy":"post_tag","embeddable":true,"href":"https:\/\/www.africa-press.net\/cotedivoire\/wp-json\/wp\/v2\/tags?post=7946"}],"curies":[{"name":"wp","href":"https:\/\/api.w.org\/{rel}","templated":true}]}}