{"id":7949,"date":"2021-05-19T17:14:26","date_gmt":"2021-05-19T17:14:26","guid":{"rendered":"https:\/\/www.africa-press.net\/cotedivoire\/?p=7949"},"modified":"2021-05-19T17:26:07","modified_gmt":"2021-05-19T17:26:07","slug":"un-new-deal-a-la-francaise-pour-lafrique","status":"publish","type":"post","link":"https:\/\/www.africa-press.net\/cotedivoire\/economie\/un-new-deal-a-la-francaise-pour-lafrique","title":{"rendered":"Un \u00ab new Deal \u00bb \u00e0 la fran\u00e7aise pour l\u2019Afrique ?"},"content":{"rendered":"<p><span style=\"color: #ff6600\"><strong><a href=\"https:\/\/www.africa-press.net\/\">Africa-Press<\/a> &#8211; <a href=\"https:\/\/www.africa-press.net\/cotedivoire\">C\u00f4te d&rsquo;Ivoire<\/a>.\u00a0 <\/strong><\/span>Kristalina Georgieva du FMI, Felix Tshisekedi de la RD Congo et pr\u00e9sident de l\u2019Union africaine, Emmanuel Macron de la France et Macky Sall du S\u00e9n\u00e9gal, ce 18 mai 2021 \u00e0 Paris.<\/p>\n<p>Plus d\u2019une ann\u00e9e apr\u00e8s l\u2019appel dans une tribune de 18 chefs d\u2019\u00c9tat africains, de gouvernements et d\u2019institutions internationales pour une r\u00e9ponse multilat\u00e9rale et coordonn\u00e9e en faveur de la relance, le sommet consacr\u00e9 au financement des \u00e9conomies africaines durement \u00e9prouv\u00e9es par la pand\u00e9mie de Covid-19 s\u2019est ouvert ce mardi 18 mai 2021 \u00e0 Paris sous l\u2019impulsion du pr\u00e9sident fran\u00e7ais Emanuel Macron.<\/p>\n<p>Mais au-del\u00e0 de l\u2019imp\u00e9ratif de solidarit\u00e9 \u00e0 l\u2019endroit de l\u2019Afrique ne disposant pas des m\u00eames ressources et des m\u00eames capacit\u00e9s de r\u00e9ponse face \u00e0 la crise, les grandes puissances sont plus que jamais conscientes qu\u2019une victoire d\u00e9finitive contre la pand\u00e9mie excluant le continent est impossible. Le sommet de Paris qui est une rencontre politique de haut niveau pour discuter des m\u00e9canismes de mobilisation des ressources financi\u00e8res avec comme levier principal le secteur priv\u00e9 \u00e9tait d\u2019une n\u00e9cessit\u00e9 globale et strat\u00e9gique pour les initiateurs afin d\u2019impulser les d\u00e9cisions en faveur d\u2019un New Deal \u00e0 la fran\u00e7aise.<\/p>\n<p>Pour rappel, ce manifeste sign\u00e9 par des chefs d\u2019\u00c9tat africains et dirigeants d\u2019institutions internationales mettait notamment un accent particulier sur la n\u00e9cessit\u00e9 de d\u00e9ployer \u00ab un paquet massif de mesures de soutien \u00e9conomique, \u00e0 la hauteur des besoins \u00e9valu\u00e9s par les ministres des Finances africains (au moins 100 milliards de dollars) et les Nations unies, afin de donner aux pays africains les marges de man\u0153uvre dont ils ont besoin pour financer la lutte contre la pand\u00e9mie et ses effets indirects, \u00e9conomiques et sociaux \u00bb. L\u2019objectif \u00e9tait de consolider les d\u00e9fenses sanitaires de l\u2019Afrique et relancer rapidement les \u00e9conomies durement affaiblies.<\/p>\n<p>Les signataires pr\u00e9conisaient ainsi \u00e0 la Banque mondiale, au FMI, \u00e0 la BAD et aux autres institutions r\u00e9gionales \u00e0 utiliser tous leurs instruments pour soutenir les \u00e9conomies africaines, et \u00e0 revoir leurs politiques d\u2019acc\u00e8s aux financements et leurs plafonds en mati\u00e8re de quotes-parts pour permettre aux pays \u00e0 faibles revenus d\u2019en b\u00e9n\u00e9ficier avec en prime un appel \u00e0 l\u2019application d\u2019un moratoire sans d\u00e9lai sur le service de toutes les dettes ext\u00e9rieures jusqu\u2019\u00e0 la fin de la pand\u00e9mie. L\u2019id\u00e9e d\u2019attribuer des droits de tirage sp\u00e9ciaux (DTS) aux pays africains qui devraient leur fournir les liquidit\u00e9s indispensables pour contrer les effets de la pand\u00e9mie et renforcer la capacit\u00e9 de l\u2019Afrique \u00e0 r\u00e9pondre \u00e0 l\u2019urgence sanitaire venait de prendre forme.<\/p>\n<p>\u00c0 la suite de la lav\u00e9e du veto am\u00e9ricain par l\u2019administration Biden qui a ent\u00e9rin\u00e9 l\u2019accord des grandes puissances, comme lors de la crise de 2008, la r\u00e9allocation de DTS a ainsi \u00e9t\u00e9 act\u00e9 en mars dernier par le FMI et permettra, apr\u00e8s sa validation, de d\u00e9gager gr\u00e2ce aux diff\u00e9rents m\u00e9canismes d\u2019allocation, une manne financi\u00e8re de 650 milliards de dollars qui sera repartie par quote-part entre ses 183 membres. La part de l\u2019Afrique sera de 34 \u00e0 40 milliards de dollars. La proposition faite par Emmanuel Macron consiste ainsi \u00e0 amener les pays riches qui n\u2019ont pas un besoin indispensable \u00e0 r\u00e9allouer leurs DTS aux pays africains. Les discussions devront d\u00e9terminer les m\u00e9canismes de r\u00e9orientation de ces ressources financi\u00e8res. Cependant, avec des besoins estim\u00e9s \u00e0 plusieurs centaines de milliards, l\u2019Afrique doit imp\u00e9rativement trouver d\u2019autres m\u00e9canismes de financement.<\/p>\n<p>L\u2019apport du secteur priv\u00e9 sera ainsi lors de sommet au centre des discussions, car de l\u2019avis de beaucoup d\u2019observateurs, seule une conjonction de m\u00e9canismes de financement pourra permettre au continent de mobiliser les centaines de milliards n\u00e9cessaires \u00e0 la relance de son \u00e9conomie et un secteur priv\u00e9 mieux organis\u00e9 et mis \u00e0 profit est un tremplin \u00e0 exploiter pour capter l\u2019\u00e9norme quantit\u00e9 de flux financiers et pour lui permettre de renouer avec la croissance. \u00ab Il n\u2019y aura pas de relance forte sans l\u2019am\u00e9lioration des conditions de financement, en Afrique et \u00e0 l\u2019international, du secteur priv\u00e9 africain \u00bb, comme indiqu\u00e9 par le pr\u00e9sident togolais Faure Gnassingb\u00e9 dans une d\u00e9claration publi\u00e9e ce mardi dans le cadre du sommet.<\/p>\n<p>L\u2019autre sujet br\u00fblant est la question de la dette africaine et \u00e9ventuellement de sa restructuration, de son all\u00e8gement, voire son annulation. Les discussions entre pays riches, cr\u00e9anciers, le FMI et les pays africains qui demandent un \u00bb moratoire imm\u00e9diat \u00bb devraient permettre de d\u00e9gager une approche consensuelle pour r\u00e9pondre \u00e0 cette \u00e9pineuse question et \u00e0 la pr\u00e9occupation des pays du continent. Par ailleurs, les futurs emprunts devront d\u00e9sormais tenir compte du niveau d\u2019endettement des pays africains qui a compl\u00e8tement explos\u00e9 avec la crise sanitaire.<\/p>\n<p>Selon certains observateurs, on n\u2019assistera pas \u00e0 une annulation globale de la dette africaine mais \u00e0 des all\u00e9gements en fonction des sp\u00e9cificit\u00e9s et crit\u00e8res contractuelles propre \u00e0 chaque nation. L\u2019\u00e9pineuse question de l\u2019assainissement de la dette africaine sera discut\u00e9e dans le but \u00e9ventuellement d\u2019am\u00e9liorer les m\u00e9canismes et conditions d\u2019emprunts tout en renfor\u00e7ant la confiance autour des dettes souveraines pour plus d\u2019attractivit\u00e9 et en empruntant \u00e0 des taux raisonnables, avec une ouverture privil\u00e9gi\u00e9e au secteur priv\u00e9.<\/p>\n<p>Le FMI estime \u00e0 285 milliards de dollars suppl\u00e9mentaires les besoins de l\u2019Afrique en financement pour la relance de son \u00e9conomie sur la p\u00e9riode 2021-2025.<\/p>\n<p>&nbsp;<\/p>\n","protected":false},"excerpt":{"rendered":"<p>Africa-Press &#8211; C\u00f4te d&rsquo;Ivoire.\u00a0 Kristalina Georgieva du FMI, Felix Tshisekedi de la RD Congo et pr\u00e9sident de l\u2019Union africaine, Emmanuel Macron de la France et Macky Sall du S\u00e9n\u00e9gal, ce 18 mai 2021 \u00e0 Paris. Plus d\u2019une ann\u00e9e apr\u00e8s l\u2019appel dans une tribune de 18 chefs d\u2019\u00c9tat africains, de gouvernements et d\u2019institutions internationales pour une [&hellip;]<\/p>\n","protected":false},"author":82,"featured_media":7948,"comment_status":"open","ping_status":"closed","sticky":false,"template":"","format":"standard","meta":{"footnotes":""},"categories":[3,11,10],"tags":[56,63,29],"class_list":["post-7949","post","type-post","status-publish","format-standard","has-post-thumbnail","hentry","category-economie","category-homepage-french","category-toutes-les-actualites","tag-africa-press","tag-africa-press-cote-divoire","tag-cote-divoire"],"yoast_head":"<!-- This site is optimized with the Yoast SEO Premium plugin v26.1 (Yoast SEO v27.0) - https:\/\/yoast.com\/product\/yoast-seo-premium-wordpress\/ -->\n<title>Un \u00ab new Deal \u00bb \u00e0 la fran\u00e7aise pour l\u2019Afrique ? - C\u00f4te d&#039;Ivoire<\/title>\n<meta name=\"description\" content=\"Par Mamadou Aliou Diallo Kristalina Georgieva du FMI, Felix Tshisekedi de la RD Congo et pr\u00e9sident de l\u2019Union africaine ...\" \/>\n<meta name=\"robots\" content=\"index, follow, max-snippet:-1, max-image-preview:large, max-video-preview:-1\" \/>\n<link rel=\"canonical\" href=\"https:\/\/www.africa-press.net\/cotedivoire\/economie\/un-new-deal-a-la-francaise-pour-lafrique\" \/>\n<meta property=\"og:locale\" content=\"fr_FR\" \/>\n<meta property=\"og:type\" content=\"article\" \/>\n<meta property=\"og:title\" content=\"Un \u00ab new Deal \u00bb \u00e0 la fran\u00e7aise pour l\u2019Afrique ?\" \/>\n<meta property=\"og:description\" content=\"Par Mamadou Aliou Diallo Kristalina Georgieva du FMI, Felix Tshisekedi de la RD Congo et pr\u00e9sident de l\u2019Union africaine ...\" \/>\n<meta property=\"og:url\" content=\"https:\/\/www.africa-press.net\/cotedivoire\/economie\/un-new-deal-a-la-francaise-pour-lafrique\" \/>\n<meta property=\"og:site_name\" content=\"C\u00f4te d&#039;Ivoire\" \/>\n<meta property=\"article:published_time\" content=\"2021-05-19T17:14:26+00:00\" \/>\n<meta property=\"article:modified_time\" content=\"2021-05-19T17:26:07+00:00\" \/>\n<meta property=\"og:image\" content=\"https:\/\/static.africa-press.net\/cote\/sites\/43\/2021\/05\/img-60a53cd722483.jpg\" \/>\n\t<meta property=\"og:image:width\" content=\"767\" \/>\n\t<meta property=\"og:image:height\" content=\"513\" \/>\n\t<meta property=\"og:image:type\" content=\"image\/jpeg\" \/>\n<meta name=\"author\" content=\"cfeditorfr\" \/>\n<meta name=\"twitter:card\" content=\"summary_large_image\" \/>\n<meta name=\"twitter:label1\" content=\"\u00c9crit par\" \/>\n\t<meta name=\"twitter:data1\" content=\"cfeditorfr\" \/>\n\t<meta name=\"twitter:label2\" content=\"Dur\u00e9e de lecture estim\u00e9e\" \/>\n\t<meta name=\"twitter:data2\" content=\"4 minutes\" \/>\n<script type=\"application\/ld+json\" class=\"yoast-schema-graph\">{\"@context\":\"https:\/\/schema.org\",\"@graph\":[{\"@type\":\"Article\",\"@id\":\"https:\/\/www.africa-press.net\/cotedivoire\/economie\/un-new-deal-a-la-francaise-pour-lafrique#article\",\"isPartOf\":{\"@id\":\"https:\/\/www.africa-press.net\/cotedivoire\/economie\/un-new-deal-a-la-francaise-pour-lafrique\"},\"author\":{\"name\":\"cfeditorfr\",\"@id\":\"https:\/\/www.africa-press.net\/cotedivoire\/#\/schema\/person\/2b1cf3cd81a31e3cd26889ca66d677f1\"},\"headline\":\"Un \u00ab new Deal \u00bb \u00e0 la fran\u00e7aise pour l\u2019Afrique ?\",\"datePublished\":\"2021-05-19T17:14:26+00:00\",\"dateModified\":\"2021-05-19T17:26:07+00:00\",\"mainEntityOfPage\":{\"@id\":\"https:\/\/www.africa-press.net\/cotedivoire\/economie\/un-new-deal-a-la-francaise-pour-lafrique\"},\"wordCount\":947,\"commentCount\":0,\"image\":{\"@id\":\"https:\/\/www.africa-press.net\/cotedivoire\/economie\/un-new-deal-a-la-francaise-pour-lafrique#primaryimage\"},\"thumbnailUrl\":\"https:\/\/static.africa-press.net\/cote\/sites\/43\/2021\/05\/img-60a53cd722483.jpg\",\"keywords\":[\"Africa Press\",\"Africa Press-C\u00f4te d'Ivoire\",\"C\u00d4TE D'IVOIRE\"],\"articleSection\":[\"\u00c9conomie\",\"homepage-french\",\"Toutes les actualit\u00e9s\"],\"inLanguage\":\"fr-FR\",\"potentialAction\":[{\"@type\":\"CommentAction\",\"name\":\"Comment\",\"target\":[\"https:\/\/www.africa-press.net\/cotedivoire\/economie\/un-new-deal-a-la-francaise-pour-lafrique#respond\"]}]},{\"@type\":\"WebPage\",\"@id\":\"https:\/\/www.africa-press.net\/cotedivoire\/economie\/un-new-deal-a-la-francaise-pour-lafrique\",\"url\":\"https:\/\/www.africa-press.net\/cotedivoire\/economie\/un-new-deal-a-la-francaise-pour-lafrique\",\"name\":\"Un \u00ab new Deal \u00bb \u00e0 la fran\u00e7aise pour l\u2019Afrique ? - C\u00f4te d&#039;Ivoire\",\"isPartOf\":{\"@id\":\"https:\/\/www.africa-press.net\/cotedivoire\/#website\"},\"primaryImageOfPage\":{\"@id\":\"https:\/\/www.africa-press.net\/cotedivoire\/economie\/un-new-deal-a-la-francaise-pour-lafrique#primaryimage\"},\"image\":{\"@id\":\"https:\/\/www.africa-press.net\/cotedivoire\/economie\/un-new-deal-a-la-francaise-pour-lafrique#primaryimage\"},\"thumbnailUrl\":\"https:\/\/static.africa-press.net\/cote\/sites\/43\/2021\/05\/img-60a53cd722483.jpg\",\"datePublished\":\"2021-05-19T17:14:26+00:00\",\"dateModified\":\"2021-05-19T17:26:07+00:00\",\"author\":{\"@id\":\"https:\/\/www.africa-press.net\/cotedivoire\/#\/schema\/person\/2b1cf3cd81a31e3cd26889ca66d677f1\"},\"description\":\"Par Mamadou Aliou Diallo Kristalina Georgieva du FMI, Felix Tshisekedi de la RD Congo et pr\u00e9sident de l\u2019Union africaine ...\",\"breadcrumb\":{\"@id\":\"https:\/\/www.africa-press.net\/cotedivoire\/economie\/un-new-deal-a-la-francaise-pour-lafrique#breadcrumb\"},\"inLanguage\":\"fr-FR\",\"potentialAction\":[{\"@type\":\"ReadAction\",\"target\":[\"https:\/\/www.africa-press.net\/cotedivoire\/economie\/un-new-deal-a-la-francaise-pour-lafrique\"]}]},{\"@type\":\"ImageObject\",\"inLanguage\":\"fr-FR\",\"@id\":\"https:\/\/www.africa-press.net\/cotedivoire\/economie\/un-new-deal-a-la-francaise-pour-lafrique#primaryimage\",\"url\":\"https:\/\/static.africa-press.net\/cote\/sites\/43\/2021\/05\/img-60a53cd722483.jpg\",\"contentUrl\":\"https:\/\/static.africa-press.net\/cote\/sites\/43\/2021\/05\/img-60a53cd722483.jpg\",\"width\":767,\"height\":513,\"caption\":\"Un \u00ab new Deal \u00bb \u00e0 la fran\u00e7aise pour l\u2019Afrique ?\"},{\"@type\":\"BreadcrumbList\",\"@id\":\"https:\/\/www.africa-press.net\/cotedivoire\/economie\/un-new-deal-a-la-francaise-pour-lafrique#breadcrumb\",\"itemListElement\":[{\"@type\":\"ListItem\",\"position\":1,\"name\":\"Accueil\",\"item\":\"https:\/\/www.africa-press.net\/cotedivoire\/\"},{\"@type\":\"ListItem\",\"position\":2,\"name\":\"Un \u00ab new Deal \u00bb \u00e0 la fran\u00e7aise pour l\u2019Afrique ?\"}]},{\"@type\":\"WebSite\",\"@id\":\"https:\/\/www.africa-press.net\/cotedivoire\/#website\",\"url\":\"https:\/\/www.africa-press.net\/cotedivoire\/\",\"name\":\"C\u00f4te d&#039;Ivoire\",\"description\":\"Just another Africa News Agency Sites site\",\"potentialAction\":[{\"@type\":\"SearchAction\",\"target\":{\"@type\":\"EntryPoint\",\"urlTemplate\":\"https:\/\/www.africa-press.net\/cotedivoire\/?s={search_term_string}\"},\"query-input\":{\"@type\":\"PropertyValueSpecification\",\"valueRequired\":true,\"valueName\":\"search_term_string\"}}],\"inLanguage\":\"fr-FR\"},{\"@type\":\"Person\",\"@id\":\"https:\/\/www.africa-press.net\/cotedivoire\/#\/schema\/person\/2b1cf3cd81a31e3cd26889ca66d677f1\",\"name\":\"cfeditorfr\"}]}<\/script>\n<!-- \/ Yoast SEO Premium plugin. -->","yoast_head_json":{"title":"Un \u00ab new Deal \u00bb \u00e0 la fran\u00e7aise pour l\u2019Afrique ? - C\u00f4te d&#039;Ivoire","description":"Par Mamadou Aliou Diallo Kristalina Georgieva du FMI, Felix Tshisekedi de la RD Congo et pr\u00e9sident de l\u2019Union africaine ...","robots":{"index":"index","follow":"follow","max-snippet":"max-snippet:-1","max-image-preview":"max-image-preview:large","max-video-preview":"max-video-preview:-1"},"canonical":"https:\/\/www.africa-press.net\/cotedivoire\/economie\/un-new-deal-a-la-francaise-pour-lafrique","og_locale":"fr_FR","og_type":"article","og_title":"Un \u00ab new Deal \u00bb \u00e0 la fran\u00e7aise pour l\u2019Afrique ?","og_description":"Par Mamadou Aliou Diallo Kristalina Georgieva du FMI, Felix Tshisekedi de la RD Congo et pr\u00e9sident de l\u2019Union africaine ...","og_url":"https:\/\/www.africa-press.net\/cotedivoire\/economie\/un-new-deal-a-la-francaise-pour-lafrique","og_site_name":"C\u00f4te d&#039;Ivoire","article_published_time":"2021-05-19T17:14:26+00:00","article_modified_time":"2021-05-19T17:26:07+00:00","og_image":[{"width":767,"height":513,"url":"https:\/\/static.africa-press.net\/cote\/sites\/43\/2021\/05\/img-60a53cd722483.jpg","type":"image\/jpeg"}],"author":"cfeditorfr","twitter_card":"summary_large_image","twitter_misc":{"\u00c9crit par":"cfeditorfr","Dur\u00e9e de lecture estim\u00e9e":"4 minutes"},"schema":{"@context":"https:\/\/schema.org","@graph":[{"@type":"Article","@id":"https:\/\/www.africa-press.net\/cotedivoire\/economie\/un-new-deal-a-la-francaise-pour-lafrique#article","isPartOf":{"@id":"https:\/\/www.africa-press.net\/cotedivoire\/economie\/un-new-deal-a-la-francaise-pour-lafrique"},"author":{"name":"cfeditorfr","@id":"https:\/\/www.africa-press.net\/cotedivoire\/#\/schema\/person\/2b1cf3cd81a31e3cd26889ca66d677f1"},"headline":"Un \u00ab new Deal \u00bb \u00e0 la fran\u00e7aise pour l\u2019Afrique ?","datePublished":"2021-05-19T17:14:26+00:00","dateModified":"2021-05-19T17:26:07+00:00","mainEntityOfPage":{"@id":"https:\/\/www.africa-press.net\/cotedivoire\/economie\/un-new-deal-a-la-francaise-pour-lafrique"},"wordCount":947,"commentCount":0,"image":{"@id":"https:\/\/www.africa-press.net\/cotedivoire\/economie\/un-new-deal-a-la-francaise-pour-lafrique#primaryimage"},"thumbnailUrl":"https:\/\/static.africa-press.net\/cote\/sites\/43\/2021\/05\/img-60a53cd722483.jpg","keywords":["Africa Press","Africa Press-C\u00f4te d'Ivoire","C\u00d4TE D'IVOIRE"],"articleSection":["\u00c9conomie","homepage-french","Toutes les actualit\u00e9s"],"inLanguage":"fr-FR","potentialAction":[{"@type":"CommentAction","name":"Comment","target":["https:\/\/www.africa-press.net\/cotedivoire\/economie\/un-new-deal-a-la-francaise-pour-lafrique#respond"]}]},{"@type":"WebPage","@id":"https:\/\/www.africa-press.net\/cotedivoire\/economie\/un-new-deal-a-la-francaise-pour-lafrique","url":"https:\/\/www.africa-press.net\/cotedivoire\/economie\/un-new-deal-a-la-francaise-pour-lafrique","name":"Un \u00ab new Deal \u00bb \u00e0 la fran\u00e7aise pour l\u2019Afrique ? - C\u00f4te d&#039;Ivoire","isPartOf":{"@id":"https:\/\/www.africa-press.net\/cotedivoire\/#website"},"primaryImageOfPage":{"@id":"https:\/\/www.africa-press.net\/cotedivoire\/economie\/un-new-deal-a-la-francaise-pour-lafrique#primaryimage"},"image":{"@id":"https:\/\/www.africa-press.net\/cotedivoire\/economie\/un-new-deal-a-la-francaise-pour-lafrique#primaryimage"},"thumbnailUrl":"https:\/\/static.africa-press.net\/cote\/sites\/43\/2021\/05\/img-60a53cd722483.jpg","datePublished":"2021-05-19T17:14:26+00:00","dateModified":"2021-05-19T17:26:07+00:00","author":{"@id":"https:\/\/www.africa-press.net\/cotedivoire\/#\/schema\/person\/2b1cf3cd81a31e3cd26889ca66d677f1"},"description":"Par Mamadou Aliou Diallo Kristalina Georgieva du FMI, Felix Tshisekedi de la RD Congo et pr\u00e9sident de l\u2019Union africaine ...","breadcrumb":{"@id":"https:\/\/www.africa-press.net\/cotedivoire\/economie\/un-new-deal-a-la-francaise-pour-lafrique#breadcrumb"},"inLanguage":"fr-FR","potentialAction":[{"@type":"ReadAction","target":["https:\/\/www.africa-press.net\/cotedivoire\/economie\/un-new-deal-a-la-francaise-pour-lafrique"]}]},{"@type":"ImageObject","inLanguage":"fr-FR","@id":"https:\/\/www.africa-press.net\/cotedivoire\/economie\/un-new-deal-a-la-francaise-pour-lafrique#primaryimage","url":"https:\/\/static.africa-press.net\/cote\/sites\/43\/2021\/05\/img-60a53cd722483.jpg","contentUrl":"https:\/\/static.africa-press.net\/cote\/sites\/43\/2021\/05\/img-60a53cd722483.jpg","width":767,"height":513,"caption":"Un \u00ab new Deal \u00bb \u00e0 la fran\u00e7aise pour l\u2019Afrique ?"},{"@type":"BreadcrumbList","@id":"https:\/\/www.africa-press.net\/cotedivoire\/economie\/un-new-deal-a-la-francaise-pour-lafrique#breadcrumb","itemListElement":[{"@type":"ListItem","position":1,"name":"Accueil","item":"https:\/\/www.africa-press.net\/cotedivoire\/"},{"@type":"ListItem","position":2,"name":"Un \u00ab new Deal \u00bb \u00e0 la fran\u00e7aise pour l\u2019Afrique ?"}]},{"@type":"WebSite","@id":"https:\/\/www.africa-press.net\/cotedivoire\/#website","url":"https:\/\/www.africa-press.net\/cotedivoire\/","name":"C\u00f4te d&#039;Ivoire","description":"Just another Africa News Agency Sites site","potentialAction":[{"@type":"SearchAction","target":{"@type":"EntryPoint","urlTemplate":"https:\/\/www.africa-press.net\/cotedivoire\/?s={search_term_string}"},"query-input":{"@type":"PropertyValueSpecification","valueRequired":true,"valueName":"search_term_string"}}],"inLanguage":"fr-FR"},{"@type":"Person","@id":"https:\/\/www.africa-press.net\/cotedivoire\/#\/schema\/person\/2b1cf3cd81a31e3cd26889ca66d677f1","name":"cfeditorfr"}]}},"_links":{"self":[{"href":"https:\/\/www.africa-press.net\/cotedivoire\/wp-json\/wp\/v2\/posts\/7949","targetHints":{"allow":["GET"]}}],"collection":[{"href":"https:\/\/www.africa-press.net\/cotedivoire\/wp-json\/wp\/v2\/posts"}],"about":[{"href":"https:\/\/www.africa-press.net\/cotedivoire\/wp-json\/wp\/v2\/types\/post"}],"author":[{"embeddable":true,"href":"https:\/\/www.africa-press.net\/cotedivoire\/wp-json\/wp\/v2\/users\/82"}],"replies":[{"embeddable":true,"href":"https:\/\/www.africa-press.net\/cotedivoire\/wp-json\/wp\/v2\/comments?post=7949"}],"version-history":[{"count":0,"href":"https:\/\/www.africa-press.net\/cotedivoire\/wp-json\/wp\/v2\/posts\/7949\/revisions"}],"wp:featuredmedia":[{"embeddable":true,"href":"https:\/\/www.africa-press.net\/cotedivoire\/wp-json\/wp\/v2\/media\/7948"}],"wp:attachment":[{"href":"https:\/\/www.africa-press.net\/cotedivoire\/wp-json\/wp\/v2\/media?parent=7949"}],"wp:term":[{"taxonomy":"category","embeddable":true,"href":"https:\/\/www.africa-press.net\/cotedivoire\/wp-json\/wp\/v2\/categories?post=7949"},{"taxonomy":"post_tag","embeddable":true,"href":"https:\/\/www.africa-press.net\/cotedivoire\/wp-json\/wp\/v2\/tags?post=7949"}],"curies":[{"name":"wp","href":"https:\/\/api.w.org\/{rel}","templated":true}]}}