{"id":7952,"date":"2021-05-19T17:22:33","date_gmt":"2021-05-19T17:22:33","guid":{"rendered":"https:\/\/www.africa-press.net\/cotedivoire\/?p=7952"},"modified":"2021-05-19T17:26:16","modified_gmt":"2021-05-19T17:26:16","slug":"telephonie-le-ministre-adom-senquiert-de-la-qualite-du-service-chez-orange-cote-divoire","status":"publish","type":"post","link":"https:\/\/www.africa-press.net\/cotedivoire\/economie\/telephonie-le-ministre-adom-senquiert-de-la-qualite-du-service-chez-orange-cote-divoire","title":{"rendered":"T\u00e9l\u00e9phonie: Le ministre Adom s\u2019enquiert de la qualit\u00e9 du service chez Orange C\u00f4te-d\u2019Ivoire"},"content":{"rendered":"<p><span style=\"color: #ff6600\"><strong><a href=\"https:\/\/www.africa-press.net\/\">Africa-Press<\/a> &#8211; <a href=\"https:\/\/www.africa-press.net\/cotedivoire\">C\u00f4te d&rsquo;Ivoire<\/a>. <\/strong><\/span>Le ministre de l\u2019Economie num\u00e9rique, des T\u00e9l\u00e9communications et de l\u2019Innovation, Roger Adom, a \u00e9chang\u00e9, mardi 18 mai 2021 \u00e0 son cabinet, avec MM. Bruno Mettling et Mamadou Bamba, respectivement PCA d\u2019Orange Moyen-Orient\/Afrique et DG Orange C\u00f4te d\u2019Ivoire, notamment sur la qualit\u00e9 du service.<\/p>\n<p>A l\u2019issue de la rencontre tenue au 23e \u00e9tage de l\u2019immeuble Postel 2001, au Plateau, M. Mettling a d\u00e9clar\u00e9 qu\u2019il s\u2019est agi de faire le point des attentes du gouvernement dans la politique de d\u00e9senclavement, pour renforcer les efforts et les investissements, pour am\u00e9liorer la couverture et la qualit\u00e9 du service sur l\u2019ensemble du pays.<\/p>\n<p>\u201cLe ministre a aussi eu l\u2019occasion d\u2019insister sur l\u2019attachement qui est le sien et celle du gouvernement sur la qualit\u00e9 du service. Vous savez qu\u2019il y a diff\u00e9rentes difficult\u00e9s qui peuvent \u00eatre l\u00e0 au quotidien, \u00e7a peut venir parfois des t\u00e9l\u00e9coms, parfois de l\u2019\u00e9lectricit\u00e9, donc nous avons fait le point des enjeux de la qualit\u00e9 du service\u201d, a r\u00e9it\u00e9r\u00e9 Bruno Mettling.<\/p>\n<p>Il a annonc\u00e9 que les \u00e9changes ont port\u00e9 \u00e9galement sur le tr\u00e8s haut d\u00e9bit car la fibre a consid\u00e9rablement am\u00e9lior\u00e9 le service aux utilisateurs, particuli\u00e8rement d\u2019Orange C\u00f4te d\u2019Ivoire.<\/p>\n<p>\u201cGlobalement, la fibre, c\u2019est une vrai transformation de la relation pour la population avec la t\u00e9l\u00e9com, l\u2019acc\u00e8s \u00e0 de nouveaux services\u2026\u201d, a poursuivi le PCA Orange Middle East\/Africa. Il a expliqu\u00e9 qu\u2019un point important sur la transformation digitale a aussi \u00e9t\u00e9 abord\u00e9, en vue de voir la contribution que la compagnie peut apporter \u00e0 travers des solutions plus rapides aux questions d\u2019\u00e9ducation, de sant\u00e9, d\u2019\u00e9nergie, etc.<\/p>\n<p>Quant au ministre, il a r\u00e9affirm\u00e9 que le Pr\u00e9sident Alassane Ouattara accorde une importance capitale \u00e0 la digitalisation, au num\u00e9rique, \u00e0 l\u2019innovation qui constituent de nouveaux m\u00e9tiers faisant partie de la feuille de route du gouvernement. Il a dit esp\u00e9rer qu\u2019\u00e0 travers ces \u00e9changes avec ces partenaires fiables dans ce domaine, la C\u00f4te d\u2019Ivoire va, dans les semaines et mois \u00e0 venir, mettre en \u0153uvre de nombreux nouveaux services pour le bonheur la population.<\/p>\n<p>&nbsp;<\/p>\n","protected":false},"excerpt":{"rendered":"<p>Africa-Press &#8211; C\u00f4te d&rsquo;Ivoire. Le ministre de l\u2019Economie num\u00e9rique, des T\u00e9l\u00e9communications et de l\u2019Innovation, Roger Adom, a \u00e9chang\u00e9, mardi 18 mai 2021 \u00e0 son cabinet, avec MM. Bruno Mettling et Mamadou Bamba, respectivement PCA d\u2019Orange Moyen-Orient\/Afrique et DG Orange C\u00f4te d\u2019Ivoire, notamment sur la qualit\u00e9 du service. A l\u2019issue de la rencontre tenue au 23e [&hellip;]<\/p>\n","protected":false},"author":82,"featured_media":7951,"comment_status":"open","ping_status":"closed","sticky":false,"template":"","format":"standard","meta":{"footnotes":""},"categories":[3,11,20,10],"tags":[56,63,29],"class_list":["post-7952","post","type-post","status-publish","format-standard","has-post-thumbnail","hentry","category-economie","category-homepage-french","category-top-nouvelles","category-toutes-les-actualites","tag-africa-press","tag-africa-press-cote-divoire","tag-cote-divoire"],"yoast_head":"<!-- This site is optimized with the Yoast SEO Premium plugin v26.1 (Yoast SEO v27.0) - https:\/\/yoast.com\/product\/yoast-seo-premium-wordpress\/ -->\n<title>T\u00e9l\u00e9phonie: Le ministre Adom s\u2019enquiert de la qualit\u00e9 du service chez Orange C\u00f4te-d\u2019Ivoire - C\u00f4te d&#039;Ivoire<\/title>\n<meta name=\"description\" content=\"Le ministre de l\u2019Economie num\u00e9rique, des T\u00e9l\u00e9communications et de l\u2019Innovation, Roger Adom, a \u00e9chang\u00e9, mardi 18 mai 2021 ...\" \/>\n<meta name=\"robots\" content=\"index, follow, max-snippet:-1, max-image-preview:large, max-video-preview:-1\" \/>\n<link rel=\"canonical\" href=\"https:\/\/www.africa-press.net\/cotedivoire\/economie\/telephonie-le-ministre-adom-senquiert-de-la-qualite-du-service-chez-orange-cote-divoire\" \/>\n<meta property=\"og:locale\" content=\"fr_FR\" \/>\n<meta property=\"og:type\" content=\"article\" \/>\n<meta property=\"og:title\" content=\"T\u00e9l\u00e9phonie: Le ministre Adom s\u2019enquiert de la qualit\u00e9 du service chez Orange C\u00f4te-d\u2019Ivoire\" \/>\n<meta property=\"og:description\" content=\"Le ministre de l\u2019Economie num\u00e9rique, des T\u00e9l\u00e9communications et de l\u2019Innovation, Roger Adom, a \u00e9chang\u00e9, mardi 18 mai 2021 ...\" \/>\n<meta property=\"og:url\" content=\"https:\/\/www.africa-press.net\/cotedivoire\/economie\/telephonie-le-ministre-adom-senquiert-de-la-qualite-du-service-chez-orange-cote-divoire\" \/>\n<meta property=\"og:site_name\" content=\"C\u00f4te d&#039;Ivoire\" \/>\n<meta property=\"article:published_time\" content=\"2021-05-19T17:22:33+00:00\" \/>\n<meta property=\"article:modified_time\" content=\"2021-05-19T17:26:16+00:00\" \/>\n<meta property=\"og:image\" content=\"https:\/\/static.africa-press.net\/cote\/sites\/43\/2021\/05\/img-60a53d56466b6.jpg\" \/>\n\t<meta property=\"og:image:width\" content=\"825\" \/>\n\t<meta property=\"og:image:height\" content=\"425\" \/>\n\t<meta property=\"og:image:type\" content=\"image\/jpeg\" \/>\n<meta name=\"author\" content=\"cfeditorfr\" \/>\n<meta name=\"twitter:card\" content=\"summary_large_image\" \/>\n<meta name=\"twitter:label1\" content=\"\u00c9crit par\" \/>\n\t<meta name=\"twitter:data1\" content=\"cfeditorfr\" \/>\n\t<meta name=\"twitter:label2\" content=\"Dur\u00e9e de lecture estim\u00e9e\" \/>\n\t<meta name=\"twitter:data2\" content=\"2 minutes\" \/>\n<script type=\"application\/ld+json\" class=\"yoast-schema-graph\">{\"@context\":\"https:\/\/schema.org\",\"@graph\":[{\"@type\":\"Article\",\"@id\":\"https:\/\/www.africa-press.net\/cotedivoire\/economie\/telephonie-le-ministre-adom-senquiert-de-la-qualite-du-service-chez-orange-cote-divoire#article\",\"isPartOf\":{\"@id\":\"https:\/\/www.africa-press.net\/cotedivoire\/economie\/telephonie-le-ministre-adom-senquiert-de-la-qualite-du-service-chez-orange-cote-divoire\"},\"author\":{\"name\":\"cfeditorfr\",\"@id\":\"https:\/\/www.africa-press.net\/cotedivoire\/#\/schema\/person\/2b1cf3cd81a31e3cd26889ca66d677f1\"},\"headline\":\"T\u00e9l\u00e9phonie: Le ministre Adom s\u2019enquiert de la qualit\u00e9 du service chez Orange C\u00f4te-d\u2019Ivoire\",\"datePublished\":\"2021-05-19T17:22:33+00:00\",\"dateModified\":\"2021-05-19T17:26:16+00:00\",\"mainEntityOfPage\":{\"@id\":\"https:\/\/www.africa-press.net\/cotedivoire\/economie\/telephonie-le-ministre-adom-senquiert-de-la-qualite-du-service-chez-orange-cote-divoire\"},\"wordCount\":396,\"commentCount\":0,\"image\":{\"@id\":\"https:\/\/www.africa-press.net\/cotedivoire\/economie\/telephonie-le-ministre-adom-senquiert-de-la-qualite-du-service-chez-orange-cote-divoire#primaryimage\"},\"thumbnailUrl\":\"https:\/\/static.africa-press.net\/cote\/sites\/43\/2021\/05\/img-60a53d56466b6.jpg\",\"keywords\":[\"Africa Press\",\"Africa Press-C\u00f4te d'Ivoire\",\"C\u00d4TE D'IVOIRE\"],\"articleSection\":[\"\u00c9conomie\",\"homepage-french\",\"Top Nouvelles\",\"Toutes les actualit\u00e9s\"],\"inLanguage\":\"fr-FR\",\"potentialAction\":[{\"@type\":\"CommentAction\",\"name\":\"Comment\",\"target\":[\"https:\/\/www.africa-press.net\/cotedivoire\/economie\/telephonie-le-ministre-adom-senquiert-de-la-qualite-du-service-chez-orange-cote-divoire#respond\"]}]},{\"@type\":\"WebPage\",\"@id\":\"https:\/\/www.africa-press.net\/cotedivoire\/economie\/telephonie-le-ministre-adom-senquiert-de-la-qualite-du-service-chez-orange-cote-divoire\",\"url\":\"https:\/\/www.africa-press.net\/cotedivoire\/economie\/telephonie-le-ministre-adom-senquiert-de-la-qualite-du-service-chez-orange-cote-divoire\",\"name\":\"T\u00e9l\u00e9phonie: Le ministre Adom s\u2019enquiert de la qualit\u00e9 du service chez Orange C\u00f4te-d\u2019Ivoire - C\u00f4te d&#039;Ivoire\",\"isPartOf\":{\"@id\":\"https:\/\/www.africa-press.net\/cotedivoire\/#website\"},\"primaryImageOfPage\":{\"@id\":\"https:\/\/www.africa-press.net\/cotedivoire\/economie\/telephonie-le-ministre-adom-senquiert-de-la-qualite-du-service-chez-orange-cote-divoire#primaryimage\"},\"image\":{\"@id\":\"https:\/\/www.africa-press.net\/cotedivoire\/economie\/telephonie-le-ministre-adom-senquiert-de-la-qualite-du-service-chez-orange-cote-divoire#primaryimage\"},\"thumbnailUrl\":\"https:\/\/static.africa-press.net\/cote\/sites\/43\/2021\/05\/img-60a53d56466b6.jpg\",\"datePublished\":\"2021-05-19T17:22:33+00:00\",\"dateModified\":\"2021-05-19T17:26:16+00:00\",\"author\":{\"@id\":\"https:\/\/www.africa-press.net\/cotedivoire\/#\/schema\/person\/2b1cf3cd81a31e3cd26889ca66d677f1\"},\"description\":\"Le ministre de l\u2019Economie num\u00e9rique, des T\u00e9l\u00e9communications et de l\u2019Innovation, Roger Adom, a \u00e9chang\u00e9, mardi 18 mai 2021 ...\",\"breadcrumb\":{\"@id\":\"https:\/\/www.africa-press.net\/cotedivoire\/economie\/telephonie-le-ministre-adom-senquiert-de-la-qualite-du-service-chez-orange-cote-divoire#breadcrumb\"},\"inLanguage\":\"fr-FR\",\"potentialAction\":[{\"@type\":\"ReadAction\",\"target\":[\"https:\/\/www.africa-press.net\/cotedivoire\/economie\/telephonie-le-ministre-adom-senquiert-de-la-qualite-du-service-chez-orange-cote-divoire\"]}]},{\"@type\":\"ImageObject\",\"inLanguage\":\"fr-FR\",\"@id\":\"https:\/\/www.africa-press.net\/cotedivoire\/economie\/telephonie-le-ministre-adom-senquiert-de-la-qualite-du-service-chez-orange-cote-divoire#primaryimage\",\"url\":\"https:\/\/static.africa-press.net\/cote\/sites\/43\/2021\/05\/img-60a53d56466b6.jpg\",\"contentUrl\":\"https:\/\/static.africa-press.net\/cote\/sites\/43\/2021\/05\/img-60a53d56466b6.jpg\",\"width\":825,\"height\":425,\"caption\":\"T\u00e9l\u00e9phonie: Le ministre Adom s\u2019enquiert de la qualit\u00e9 du service chez Orange C\u00f4te-d\u2019Ivoire\"},{\"@type\":\"BreadcrumbList\",\"@id\":\"https:\/\/www.africa-press.net\/cotedivoire\/economie\/telephonie-le-ministre-adom-senquiert-de-la-qualite-du-service-chez-orange-cote-divoire#breadcrumb\",\"itemListElement\":[{\"@type\":\"ListItem\",\"position\":1,\"name\":\"Accueil\",\"item\":\"https:\/\/www.africa-press.net\/cotedivoire\/\"},{\"@type\":\"ListItem\",\"position\":2,\"name\":\"T\u00e9l\u00e9phonie: Le ministre Adom s\u2019enquiert de la qualit\u00e9 du service chez Orange C\u00f4te-d\u2019Ivoire\"}]},{\"@type\":\"WebSite\",\"@id\":\"https:\/\/www.africa-press.net\/cotedivoire\/#website\",\"url\":\"https:\/\/www.africa-press.net\/cotedivoire\/\",\"name\":\"C\u00f4te d&#039;Ivoire\",\"description\":\"Just another Africa News Agency Sites site\",\"potentialAction\":[{\"@type\":\"SearchAction\",\"target\":{\"@type\":\"EntryPoint\",\"urlTemplate\":\"https:\/\/www.africa-press.net\/cotedivoire\/?s={search_term_string}\"},\"query-input\":{\"@type\":\"PropertyValueSpecification\",\"valueRequired\":true,\"valueName\":\"search_term_string\"}}],\"inLanguage\":\"fr-FR\"},{\"@type\":\"Person\",\"@id\":\"https:\/\/www.africa-press.net\/cotedivoire\/#\/schema\/person\/2b1cf3cd81a31e3cd26889ca66d677f1\",\"name\":\"cfeditorfr\"}]}<\/script>\n<!-- \/ Yoast SEO Premium plugin. -->","yoast_head_json":{"title":"T\u00e9l\u00e9phonie: Le ministre Adom s\u2019enquiert de la qualit\u00e9 du service chez Orange C\u00f4te-d\u2019Ivoire - C\u00f4te d&#039;Ivoire","description":"Le ministre de l\u2019Economie num\u00e9rique, des T\u00e9l\u00e9communications et de l\u2019Innovation, Roger Adom, a \u00e9chang\u00e9, mardi 18 mai 2021 ...","robots":{"index":"index","follow":"follow","max-snippet":"max-snippet:-1","max-image-preview":"max-image-preview:large","max-video-preview":"max-video-preview:-1"},"canonical":"https:\/\/www.africa-press.net\/cotedivoire\/economie\/telephonie-le-ministre-adom-senquiert-de-la-qualite-du-service-chez-orange-cote-divoire","og_locale":"fr_FR","og_type":"article","og_title":"T\u00e9l\u00e9phonie: Le ministre Adom s\u2019enquiert de la qualit\u00e9 du service chez Orange C\u00f4te-d\u2019Ivoire","og_description":"Le ministre de l\u2019Economie num\u00e9rique, des T\u00e9l\u00e9communications et de l\u2019Innovation, Roger Adom, a \u00e9chang\u00e9, mardi 18 mai 2021 ...","og_url":"https:\/\/www.africa-press.net\/cotedivoire\/economie\/telephonie-le-ministre-adom-senquiert-de-la-qualite-du-service-chez-orange-cote-divoire","og_site_name":"C\u00f4te d&#039;Ivoire","article_published_time":"2021-05-19T17:22:33+00:00","article_modified_time":"2021-05-19T17:26:16+00:00","og_image":[{"width":825,"height":425,"url":"https:\/\/static.africa-press.net\/cote\/sites\/43\/2021\/05\/img-60a53d56466b6.jpg","type":"image\/jpeg"}],"author":"cfeditorfr","twitter_card":"summary_large_image","twitter_misc":{"\u00c9crit par":"cfeditorfr","Dur\u00e9e de lecture estim\u00e9e":"2 minutes"},"schema":{"@context":"https:\/\/schema.org","@graph":[{"@type":"Article","@id":"https:\/\/www.africa-press.net\/cotedivoire\/economie\/telephonie-le-ministre-adom-senquiert-de-la-qualite-du-service-chez-orange-cote-divoire#article","isPartOf":{"@id":"https:\/\/www.africa-press.net\/cotedivoire\/economie\/telephonie-le-ministre-adom-senquiert-de-la-qualite-du-service-chez-orange-cote-divoire"},"author":{"name":"cfeditorfr","@id":"https:\/\/www.africa-press.net\/cotedivoire\/#\/schema\/person\/2b1cf3cd81a31e3cd26889ca66d677f1"},"headline":"T\u00e9l\u00e9phonie: Le ministre Adom s\u2019enquiert de la qualit\u00e9 du service chez Orange C\u00f4te-d\u2019Ivoire","datePublished":"2021-05-19T17:22:33+00:00","dateModified":"2021-05-19T17:26:16+00:00","mainEntityOfPage":{"@id":"https:\/\/www.africa-press.net\/cotedivoire\/economie\/telephonie-le-ministre-adom-senquiert-de-la-qualite-du-service-chez-orange-cote-divoire"},"wordCount":396,"commentCount":0,"image":{"@id":"https:\/\/www.africa-press.net\/cotedivoire\/economie\/telephonie-le-ministre-adom-senquiert-de-la-qualite-du-service-chez-orange-cote-divoire#primaryimage"},"thumbnailUrl":"https:\/\/static.africa-press.net\/cote\/sites\/43\/2021\/05\/img-60a53d56466b6.jpg","keywords":["Africa Press","Africa Press-C\u00f4te d'Ivoire","C\u00d4TE D'IVOIRE"],"articleSection":["\u00c9conomie","homepage-french","Top Nouvelles","Toutes les actualit\u00e9s"],"inLanguage":"fr-FR","potentialAction":[{"@type":"CommentAction","name":"Comment","target":["https:\/\/www.africa-press.net\/cotedivoire\/economie\/telephonie-le-ministre-adom-senquiert-de-la-qualite-du-service-chez-orange-cote-divoire#respond"]}]},{"@type":"WebPage","@id":"https:\/\/www.africa-press.net\/cotedivoire\/economie\/telephonie-le-ministre-adom-senquiert-de-la-qualite-du-service-chez-orange-cote-divoire","url":"https:\/\/www.africa-press.net\/cotedivoire\/economie\/telephonie-le-ministre-adom-senquiert-de-la-qualite-du-service-chez-orange-cote-divoire","name":"T\u00e9l\u00e9phonie: Le ministre Adom s\u2019enquiert de la qualit\u00e9 du service chez Orange C\u00f4te-d\u2019Ivoire - C\u00f4te d&#039;Ivoire","isPartOf":{"@id":"https:\/\/www.africa-press.net\/cotedivoire\/#website"},"primaryImageOfPage":{"@id":"https:\/\/www.africa-press.net\/cotedivoire\/economie\/telephonie-le-ministre-adom-senquiert-de-la-qualite-du-service-chez-orange-cote-divoire#primaryimage"},"image":{"@id":"https:\/\/www.africa-press.net\/cotedivoire\/economie\/telephonie-le-ministre-adom-senquiert-de-la-qualite-du-service-chez-orange-cote-divoire#primaryimage"},"thumbnailUrl":"https:\/\/static.africa-press.net\/cote\/sites\/43\/2021\/05\/img-60a53d56466b6.jpg","datePublished":"2021-05-19T17:22:33+00:00","dateModified":"2021-05-19T17:26:16+00:00","author":{"@id":"https:\/\/www.africa-press.net\/cotedivoire\/#\/schema\/person\/2b1cf3cd81a31e3cd26889ca66d677f1"},"description":"Le ministre de l\u2019Economie num\u00e9rique, des T\u00e9l\u00e9communications et de l\u2019Innovation, Roger Adom, a \u00e9chang\u00e9, mardi 18 mai 2021 ...","breadcrumb":{"@id":"https:\/\/www.africa-press.net\/cotedivoire\/economie\/telephonie-le-ministre-adom-senquiert-de-la-qualite-du-service-chez-orange-cote-divoire#breadcrumb"},"inLanguage":"fr-FR","potentialAction":[{"@type":"ReadAction","target":["https:\/\/www.africa-press.net\/cotedivoire\/economie\/telephonie-le-ministre-adom-senquiert-de-la-qualite-du-service-chez-orange-cote-divoire"]}]},{"@type":"ImageObject","inLanguage":"fr-FR","@id":"https:\/\/www.africa-press.net\/cotedivoire\/economie\/telephonie-le-ministre-adom-senquiert-de-la-qualite-du-service-chez-orange-cote-divoire#primaryimage","url":"https:\/\/static.africa-press.net\/cote\/sites\/43\/2021\/05\/img-60a53d56466b6.jpg","contentUrl":"https:\/\/static.africa-press.net\/cote\/sites\/43\/2021\/05\/img-60a53d56466b6.jpg","width":825,"height":425,"caption":"T\u00e9l\u00e9phonie: Le ministre Adom s\u2019enquiert de la qualit\u00e9 du service chez Orange C\u00f4te-d\u2019Ivoire"},{"@type":"BreadcrumbList","@id":"https:\/\/www.africa-press.net\/cotedivoire\/economie\/telephonie-le-ministre-adom-senquiert-de-la-qualite-du-service-chez-orange-cote-divoire#breadcrumb","itemListElement":[{"@type":"ListItem","position":1,"name":"Accueil","item":"https:\/\/www.africa-press.net\/cotedivoire\/"},{"@type":"ListItem","position":2,"name":"T\u00e9l\u00e9phonie: Le ministre Adom s\u2019enquiert de la qualit\u00e9 du service chez Orange C\u00f4te-d\u2019Ivoire"}]},{"@type":"WebSite","@id":"https:\/\/www.africa-press.net\/cotedivoire\/#website","url":"https:\/\/www.africa-press.net\/cotedivoire\/","name":"C\u00f4te d&#039;Ivoire","description":"Just another Africa News Agency Sites site","potentialAction":[{"@type":"SearchAction","target":{"@type":"EntryPoint","urlTemplate":"https:\/\/www.africa-press.net\/cotedivoire\/?s={search_term_string}"},"query-input":{"@type":"PropertyValueSpecification","valueRequired":true,"valueName":"search_term_string"}}],"inLanguage":"fr-FR"},{"@type":"Person","@id":"https:\/\/www.africa-press.net\/cotedivoire\/#\/schema\/person\/2b1cf3cd81a31e3cd26889ca66d677f1","name":"cfeditorfr"}]}},"_links":{"self":[{"href":"https:\/\/www.africa-press.net\/cotedivoire\/wp-json\/wp\/v2\/posts\/7952","targetHints":{"allow":["GET"]}}],"collection":[{"href":"https:\/\/www.africa-press.net\/cotedivoire\/wp-json\/wp\/v2\/posts"}],"about":[{"href":"https:\/\/www.africa-press.net\/cotedivoire\/wp-json\/wp\/v2\/types\/post"}],"author":[{"embeddable":true,"href":"https:\/\/www.africa-press.net\/cotedivoire\/wp-json\/wp\/v2\/users\/82"}],"replies":[{"embeddable":true,"href":"https:\/\/www.africa-press.net\/cotedivoire\/wp-json\/wp\/v2\/comments?post=7952"}],"version-history":[{"count":0,"href":"https:\/\/www.africa-press.net\/cotedivoire\/wp-json\/wp\/v2\/posts\/7952\/revisions"}],"wp:featuredmedia":[{"embeddable":true,"href":"https:\/\/www.africa-press.net\/cotedivoire\/wp-json\/wp\/v2\/media\/7951"}],"wp:attachment":[{"href":"https:\/\/www.africa-press.net\/cotedivoire\/wp-json\/wp\/v2\/media?parent=7952"}],"wp:term":[{"taxonomy":"category","embeddable":true,"href":"https:\/\/www.africa-press.net\/cotedivoire\/wp-json\/wp\/v2\/categories?post=7952"},{"taxonomy":"post_tag","embeddable":true,"href":"https:\/\/www.africa-press.net\/cotedivoire\/wp-json\/wp\/v2\/tags?post=7952"}],"curies":[{"name":"wp","href":"https:\/\/api.w.org\/{rel}","templated":true}]}}