{"id":7955,"date":"2021-05-19T17:29:34","date_gmt":"2021-05-19T17:29:34","guid":{"rendered":"https:\/\/www.africa-press.net\/cotedivoire\/?p=7955"},"modified":"2021-05-19T17:26:26","modified_gmt":"2021-05-19T17:26:26","slug":"cote-divoire-rappel-capital-pour-guy-vincent-apres-sa-sortie-de-route-contre-les-exiles-rentres","status":"publish","type":"post","link":"https:\/\/www.africa-press.net\/cotedivoire\/politique\/cote-divoire-rappel-capital-pour-guy-vincent-apres-sa-sortie-de-route-contre-les-exiles-rentres","title":{"rendered":"\u00ab\u00a0Rappel capital\u00a0\u00bb pour Guy Vincent apr\u00e8s \u00ab\u00a0sa sortie de route contre les exil\u00e9s rentr\u00e9s\u00a0\u00bb"},"content":{"rendered":"<p><span style=\"color: #ff6600\"><strong><a href=\"https:\/\/www.africa-press.net\/\">Africa-Press<\/a> &#8211; <a href=\"https:\/\/www.africa-press.net\/cotedivoire\">C\u00f4te d&rsquo;Ivoire<\/a>.\u00a0 <\/strong><\/span>Je ne sais pas pourquoi vous \u00eates si nombreux \u00e0 demander les raisons pour lesquelles nous ne r\u00e9pondons pas de fa\u00e7on cibl\u00e9e au bishop Kodja Guy Vincent suite \u00e0 sa sortie de route contre les exil\u00e9s rentr\u00e9s r\u00e9cemment.<\/p>\n<p>\u200c<br \/>\n\u200cJe ne sais pas pourquoi lui personnellement mais il est important de pr\u00e9ciser pour la g\u00e9n\u00e9ralit\u00e9 que nous sommes engag\u00e9s, aux c\u00f4t\u00e9s du pr\u00e9sident Laurent Gbagbo et par lui dans une mission de Paix et de r\u00e9conciliation entre les ivoiriens et les habitants de la C\u00f4te d\u2019Ivoire et tous nos discours depuis le retour d\u2019exil le t\u00e9moignent.<br \/>\n\u200c<br \/>\n\u200c Partant de ce fait, nous avons choisi librement de nous d\u00e9partir de toute bellig\u00e9rance, tant verbale que physique. Nous n\u2019allons donc pas r\u00e9pondre \u00e0 tout et \u00e0 toutes les provocations.<\/p>\n<p>\u200cUne fois qu\u2019il y aura des incompr\u00e9hensions, de bonne foi, chez nos concitoyens et des \u00e9clairages \u00e0 faire sur un discours manipul\u00e9s par nos adversaires, nous prendrons le temps d\u2019\u00e9clairer les lanternes.<br \/>\n\u200c<br \/>\nSi apr\u00e8s cela et malgr\u00e9 tout, la mauvaise foi triomphe chez certains, du fait de leurs affinit\u00e9s politiques dans tous les camps et leurs obligations de r\u00e9sultats obscurs, nous n\u2019en ferons pas nos pr\u00e9occupations.<\/p>\n<p>Cela dit, que chacun r\u00e9\u00e9coute toutes nos d\u00e9clarations et soit juge entre nos d\u00e9tracteurs et nous puis sache qui sont ceux qui ne veulent r\u00e9ellement pas de la paix et qui croient qu\u2019une C\u00f4te d\u2019Ivoire r\u00e9concili\u00e9e leur fera perdre leurs privil\u00e8ges acquis de fa\u00e7on peu honorables. Nous voulons et d\u2019ailleurs nous sommes pass\u00e9s \u00e0 autre chose.<\/p>\n<p>Pour finir, rappelons que le pr\u00e9sident Laurent GBAGBO en tant que pr\u00e9sident de la R\u00e9publique d\u00e9mocratiquement \u00e9lu en Octobre 2000 a dans ses premiers jours de r\u00e8gne orchestr\u00e9 le retour d\u2019exil de ceux qui y avaient \u00e9t\u00e9 contraints par les pr\u00e9c\u00e9dents gouvernements. Et il n\u2019a ni menac\u00e9 ni emp\u00each\u00e9 un seul d\u2019entre eux de l\u2019insulter et le narguer dans tous les m\u00e9dias nationaux et internationaux.<\/p>\n<p>C\u2019est un rappel capital, un rappel pr\u00e9cieux qui ne doit \u00e9chapper \u00e0 la m\u00e9moire de personne.<\/p>\n<p>&nbsp;<\/p>\n","protected":false},"excerpt":{"rendered":"<p>Africa-Press &#8211; C\u00f4te d&rsquo;Ivoire.\u00a0 Je ne sais pas pourquoi vous \u00eates si nombreux \u00e0 demander les raisons pour lesquelles nous ne r\u00e9pondons pas de fa\u00e7on cibl\u00e9e au bishop Kodja Guy Vincent suite \u00e0 sa sortie de route contre les exil\u00e9s rentr\u00e9s r\u00e9cemment. \u200c \u200cJe ne sais pas pourquoi lui personnellement mais il est important de [&hellip;]<\/p>\n","protected":false},"author":82,"featured_media":7954,"comment_status":"open","ping_status":"closed","sticky":false,"template":"","format":"standard","meta":{"footnotes":""},"categories":[11,2,10],"tags":[56,63,29],"class_list":["post-7955","post","type-post","status-publish","format-standard","has-post-thumbnail","hentry","category-homepage-french","category-politique","category-toutes-les-actualites","tag-africa-press","tag-africa-press-cote-divoire","tag-cote-divoire"],"yoast_head":"<!-- This site is optimized with the Yoast SEO Premium plugin v26.1 (Yoast SEO v27.0) - https:\/\/yoast.com\/product\/yoast-seo-premium-wordpress\/ -->\n<title>\u00ab\u00a0Rappel capital\u00a0\u00bb pour Guy Vincent apr\u00e8s \u00ab\u00a0sa sortie de route contre les exil\u00e9s rentr\u00e9s\u00a0\u00bb - C\u00f4te d&#039;Ivoire<\/title>\n<meta name=\"description\" content=\"Lu pour Vous Je ne sais pas pourquoi vous \u00eates si nombreux \u00e0 demander les raisons pour lesquelles nous ne r\u00e9pondons pas ...\" \/>\n<meta name=\"robots\" content=\"index, follow, max-snippet:-1, max-image-preview:large, max-video-preview:-1\" \/>\n<link rel=\"canonical\" href=\"https:\/\/www.africa-press.net\/cotedivoire\/politique\/cote-divoire-rappel-capital-pour-guy-vincent-apres-sa-sortie-de-route-contre-les-exiles-rentres\" \/>\n<meta property=\"og:locale\" content=\"fr_FR\" \/>\n<meta property=\"og:type\" content=\"article\" \/>\n<meta property=\"og:title\" content=\"\u00ab\u00a0Rappel capital\u00a0\u00bb pour Guy Vincent apr\u00e8s \u00ab\u00a0sa sortie de route contre les exil\u00e9s rentr\u00e9s\u00a0\u00bb\" \/>\n<meta property=\"og:description\" content=\"Lu pour Vous Je ne sais pas pourquoi vous \u00eates si nombreux \u00e0 demander les raisons pour lesquelles nous ne r\u00e9pondons pas ...\" \/>\n<meta property=\"og:url\" content=\"https:\/\/www.africa-press.net\/cotedivoire\/politique\/cote-divoire-rappel-capital-pour-guy-vincent-apres-sa-sortie-de-route-contre-les-exiles-rentres\" \/>\n<meta property=\"og:site_name\" content=\"C\u00f4te d&#039;Ivoire\" \/>\n<meta property=\"article:published_time\" content=\"2021-05-19T17:29:34+00:00\" \/>\n<meta property=\"og:image\" content=\"https:\/\/static.africa-press.net\/cote\/sites\/43\/2021\/05\/img-60a53d93636c4.jpg\" \/>\n\t<meta property=\"og:image:width\" content=\"720\" \/>\n\t<meta property=\"og:image:height\" content=\"631\" \/>\n\t<meta property=\"og:image:type\" content=\"image\/jpeg\" \/>\n<meta name=\"author\" content=\"cfeditorfr\" \/>\n<meta name=\"twitter:card\" content=\"summary_large_image\" \/>\n<meta name=\"twitter:label1\" content=\"\u00c9crit par\" \/>\n\t<meta name=\"twitter:data1\" content=\"cfeditorfr\" \/>\n\t<meta name=\"twitter:label2\" content=\"Dur\u00e9e de lecture estim\u00e9e\" \/>\n\t<meta name=\"twitter:data2\" content=\"2 minutes\" \/>\n<script type=\"application\/ld+json\" class=\"yoast-schema-graph\">{\"@context\":\"https:\/\/schema.org\",\"@graph\":[{\"@type\":\"Article\",\"@id\":\"https:\/\/www.africa-press.net\/cotedivoire\/politique\/cote-divoire-rappel-capital-pour-guy-vincent-apres-sa-sortie-de-route-contre-les-exiles-rentres#article\",\"isPartOf\":{\"@id\":\"https:\/\/www.africa-press.net\/cotedivoire\/politique\/cote-divoire-rappel-capital-pour-guy-vincent-apres-sa-sortie-de-route-contre-les-exiles-rentres\"},\"author\":{\"name\":\"cfeditorfr\",\"@id\":\"https:\/\/www.africa-press.net\/cotedivoire\/#\/schema\/person\/2b1cf3cd81a31e3cd26889ca66d677f1\"},\"headline\":\"\u00ab\u00a0Rappel capital\u00a0\u00bb pour Guy Vincent apr\u00e8s \u00ab\u00a0sa sortie de route contre les exil\u00e9s rentr\u00e9s\u00a0\u00bb\",\"datePublished\":\"2021-05-19T17:29:34+00:00\",\"mainEntityOfPage\":{\"@id\":\"https:\/\/www.africa-press.net\/cotedivoire\/politique\/cote-divoire-rappel-capital-pour-guy-vincent-apres-sa-sortie-de-route-contre-les-exiles-rentres\"},\"wordCount\":404,\"commentCount\":0,\"image\":{\"@id\":\"https:\/\/www.africa-press.net\/cotedivoire\/politique\/cote-divoire-rappel-capital-pour-guy-vincent-apres-sa-sortie-de-route-contre-les-exiles-rentres#primaryimage\"},\"thumbnailUrl\":\"https:\/\/static.africa-press.net\/cote\/sites\/43\/2021\/05\/img-60a53d93636c4.jpg\",\"keywords\":[\"Africa Press\",\"Africa Press-C\u00f4te d'Ivoire\",\"C\u00d4TE D'IVOIRE\"],\"articleSection\":[\"homepage-french\",\"Politique\",\"Toutes les actualit\u00e9s\"],\"inLanguage\":\"fr-FR\",\"potentialAction\":[{\"@type\":\"CommentAction\",\"name\":\"Comment\",\"target\":[\"https:\/\/www.africa-press.net\/cotedivoire\/politique\/cote-divoire-rappel-capital-pour-guy-vincent-apres-sa-sortie-de-route-contre-les-exiles-rentres#respond\"]}]},{\"@type\":\"WebPage\",\"@id\":\"https:\/\/www.africa-press.net\/cotedivoire\/politique\/cote-divoire-rappel-capital-pour-guy-vincent-apres-sa-sortie-de-route-contre-les-exiles-rentres\",\"url\":\"https:\/\/www.africa-press.net\/cotedivoire\/politique\/cote-divoire-rappel-capital-pour-guy-vincent-apres-sa-sortie-de-route-contre-les-exiles-rentres\",\"name\":\"\u00ab\u00a0Rappel capital\u00a0\u00bb pour Guy Vincent apr\u00e8s \u00ab\u00a0sa sortie de route contre les exil\u00e9s rentr\u00e9s\u00a0\u00bb - C\u00f4te d&#039;Ivoire\",\"isPartOf\":{\"@id\":\"https:\/\/www.africa-press.net\/cotedivoire\/#website\"},\"primaryImageOfPage\":{\"@id\":\"https:\/\/www.africa-press.net\/cotedivoire\/politique\/cote-divoire-rappel-capital-pour-guy-vincent-apres-sa-sortie-de-route-contre-les-exiles-rentres#primaryimage\"},\"image\":{\"@id\":\"https:\/\/www.africa-press.net\/cotedivoire\/politique\/cote-divoire-rappel-capital-pour-guy-vincent-apres-sa-sortie-de-route-contre-les-exiles-rentres#primaryimage\"},\"thumbnailUrl\":\"https:\/\/static.africa-press.net\/cote\/sites\/43\/2021\/05\/img-60a53d93636c4.jpg\",\"datePublished\":\"2021-05-19T17:29:34+00:00\",\"author\":{\"@id\":\"https:\/\/www.africa-press.net\/cotedivoire\/#\/schema\/person\/2b1cf3cd81a31e3cd26889ca66d677f1\"},\"description\":\"Lu pour Vous Je ne sais pas pourquoi vous \u00eates si nombreux \u00e0 demander les raisons pour lesquelles nous ne r\u00e9pondons pas ...\",\"breadcrumb\":{\"@id\":\"https:\/\/www.africa-press.net\/cotedivoire\/politique\/cote-divoire-rappel-capital-pour-guy-vincent-apres-sa-sortie-de-route-contre-les-exiles-rentres#breadcrumb\"},\"inLanguage\":\"fr-FR\",\"potentialAction\":[{\"@type\":\"ReadAction\",\"target\":[\"https:\/\/www.africa-press.net\/cotedivoire\/politique\/cote-divoire-rappel-capital-pour-guy-vincent-apres-sa-sortie-de-route-contre-les-exiles-rentres\"]}]},{\"@type\":\"ImageObject\",\"inLanguage\":\"fr-FR\",\"@id\":\"https:\/\/www.africa-press.net\/cotedivoire\/politique\/cote-divoire-rappel-capital-pour-guy-vincent-apres-sa-sortie-de-route-contre-les-exiles-rentres#primaryimage\",\"url\":\"https:\/\/static.africa-press.net\/cote\/sites\/43\/2021\/05\/img-60a53d93636c4.jpg\",\"contentUrl\":\"https:\/\/static.africa-press.net\/cote\/sites\/43\/2021\/05\/img-60a53d93636c4.jpg\",\"width\":720,\"height\":631,\"caption\":\"C\u00f4te-d\u2019Ivoire: \u00ab\u00a0Rappel capital\u00a0\u00bb pour Guy Vincent apr\u00e8s \u00ab\u00a0sa sortie de route contre les exil\u00e9s rentr\u00e9s\u00a0\u00bb\"},{\"@type\":\"BreadcrumbList\",\"@id\":\"https:\/\/www.africa-press.net\/cotedivoire\/politique\/cote-divoire-rappel-capital-pour-guy-vincent-apres-sa-sortie-de-route-contre-les-exiles-rentres#breadcrumb\",\"itemListElement\":[{\"@type\":\"ListItem\",\"position\":1,\"name\":\"Accueil\",\"item\":\"https:\/\/www.africa-press.net\/cotedivoire\/\"},{\"@type\":\"ListItem\",\"position\":2,\"name\":\"\u00ab\u00a0Rappel capital\u00a0\u00bb pour Guy Vincent apr\u00e8s \u00ab\u00a0sa sortie de route contre les exil\u00e9s rentr\u00e9s\u00a0\u00bb\"}]},{\"@type\":\"WebSite\",\"@id\":\"https:\/\/www.africa-press.net\/cotedivoire\/#website\",\"url\":\"https:\/\/www.africa-press.net\/cotedivoire\/\",\"name\":\"C\u00f4te d&#039;Ivoire\",\"description\":\"Just another Africa News Agency Sites site\",\"potentialAction\":[{\"@type\":\"SearchAction\",\"target\":{\"@type\":\"EntryPoint\",\"urlTemplate\":\"https:\/\/www.africa-press.net\/cotedivoire\/?s={search_term_string}\"},\"query-input\":{\"@type\":\"PropertyValueSpecification\",\"valueRequired\":true,\"valueName\":\"search_term_string\"}}],\"inLanguage\":\"fr-FR\"},{\"@type\":\"Person\",\"@id\":\"https:\/\/www.africa-press.net\/cotedivoire\/#\/schema\/person\/2b1cf3cd81a31e3cd26889ca66d677f1\",\"name\":\"cfeditorfr\"}]}<\/script>\n<!-- \/ Yoast SEO Premium plugin. -->","yoast_head_json":{"title":"\u00ab\u00a0Rappel capital\u00a0\u00bb pour Guy Vincent apr\u00e8s \u00ab\u00a0sa sortie de route contre les exil\u00e9s rentr\u00e9s\u00a0\u00bb - C\u00f4te d&#039;Ivoire","description":"Lu pour Vous Je ne sais pas pourquoi vous \u00eates si nombreux \u00e0 demander les raisons pour lesquelles nous ne r\u00e9pondons pas ...","robots":{"index":"index","follow":"follow","max-snippet":"max-snippet:-1","max-image-preview":"max-image-preview:large","max-video-preview":"max-video-preview:-1"},"canonical":"https:\/\/www.africa-press.net\/cotedivoire\/politique\/cote-divoire-rappel-capital-pour-guy-vincent-apres-sa-sortie-de-route-contre-les-exiles-rentres","og_locale":"fr_FR","og_type":"article","og_title":"\u00ab\u00a0Rappel capital\u00a0\u00bb pour Guy Vincent apr\u00e8s \u00ab\u00a0sa sortie de route contre les exil\u00e9s rentr\u00e9s\u00a0\u00bb","og_description":"Lu pour Vous Je ne sais pas pourquoi vous \u00eates si nombreux \u00e0 demander les raisons pour lesquelles nous ne r\u00e9pondons pas ...","og_url":"https:\/\/www.africa-press.net\/cotedivoire\/politique\/cote-divoire-rappel-capital-pour-guy-vincent-apres-sa-sortie-de-route-contre-les-exiles-rentres","og_site_name":"C\u00f4te d&#039;Ivoire","article_published_time":"2021-05-19T17:29:34+00:00","og_image":[{"width":720,"height":631,"url":"https:\/\/static.africa-press.net\/cote\/sites\/43\/2021\/05\/img-60a53d93636c4.jpg","type":"image\/jpeg"}],"author":"cfeditorfr","twitter_card":"summary_large_image","twitter_misc":{"\u00c9crit par":"cfeditorfr","Dur\u00e9e de lecture estim\u00e9e":"2 minutes"},"schema":{"@context":"https:\/\/schema.org","@graph":[{"@type":"Article","@id":"https:\/\/www.africa-press.net\/cotedivoire\/politique\/cote-divoire-rappel-capital-pour-guy-vincent-apres-sa-sortie-de-route-contre-les-exiles-rentres#article","isPartOf":{"@id":"https:\/\/www.africa-press.net\/cotedivoire\/politique\/cote-divoire-rappel-capital-pour-guy-vincent-apres-sa-sortie-de-route-contre-les-exiles-rentres"},"author":{"name":"cfeditorfr","@id":"https:\/\/www.africa-press.net\/cotedivoire\/#\/schema\/person\/2b1cf3cd81a31e3cd26889ca66d677f1"},"headline":"\u00ab\u00a0Rappel capital\u00a0\u00bb pour Guy Vincent apr\u00e8s \u00ab\u00a0sa sortie de route contre les exil\u00e9s rentr\u00e9s\u00a0\u00bb","datePublished":"2021-05-19T17:29:34+00:00","mainEntityOfPage":{"@id":"https:\/\/www.africa-press.net\/cotedivoire\/politique\/cote-divoire-rappel-capital-pour-guy-vincent-apres-sa-sortie-de-route-contre-les-exiles-rentres"},"wordCount":404,"commentCount":0,"image":{"@id":"https:\/\/www.africa-press.net\/cotedivoire\/politique\/cote-divoire-rappel-capital-pour-guy-vincent-apres-sa-sortie-de-route-contre-les-exiles-rentres#primaryimage"},"thumbnailUrl":"https:\/\/static.africa-press.net\/cote\/sites\/43\/2021\/05\/img-60a53d93636c4.jpg","keywords":["Africa Press","Africa Press-C\u00f4te d'Ivoire","C\u00d4TE D'IVOIRE"],"articleSection":["homepage-french","Politique","Toutes les actualit\u00e9s"],"inLanguage":"fr-FR","potentialAction":[{"@type":"CommentAction","name":"Comment","target":["https:\/\/www.africa-press.net\/cotedivoire\/politique\/cote-divoire-rappel-capital-pour-guy-vincent-apres-sa-sortie-de-route-contre-les-exiles-rentres#respond"]}]},{"@type":"WebPage","@id":"https:\/\/www.africa-press.net\/cotedivoire\/politique\/cote-divoire-rappel-capital-pour-guy-vincent-apres-sa-sortie-de-route-contre-les-exiles-rentres","url":"https:\/\/www.africa-press.net\/cotedivoire\/politique\/cote-divoire-rappel-capital-pour-guy-vincent-apres-sa-sortie-de-route-contre-les-exiles-rentres","name":"\u00ab\u00a0Rappel capital\u00a0\u00bb pour Guy Vincent apr\u00e8s \u00ab\u00a0sa sortie de route contre les exil\u00e9s rentr\u00e9s\u00a0\u00bb - C\u00f4te d&#039;Ivoire","isPartOf":{"@id":"https:\/\/www.africa-press.net\/cotedivoire\/#website"},"primaryImageOfPage":{"@id":"https:\/\/www.africa-press.net\/cotedivoire\/politique\/cote-divoire-rappel-capital-pour-guy-vincent-apres-sa-sortie-de-route-contre-les-exiles-rentres#primaryimage"},"image":{"@id":"https:\/\/www.africa-press.net\/cotedivoire\/politique\/cote-divoire-rappel-capital-pour-guy-vincent-apres-sa-sortie-de-route-contre-les-exiles-rentres#primaryimage"},"thumbnailUrl":"https:\/\/static.africa-press.net\/cote\/sites\/43\/2021\/05\/img-60a53d93636c4.jpg","datePublished":"2021-05-19T17:29:34+00:00","author":{"@id":"https:\/\/www.africa-press.net\/cotedivoire\/#\/schema\/person\/2b1cf3cd81a31e3cd26889ca66d677f1"},"description":"Lu pour Vous Je ne sais pas pourquoi vous \u00eates si nombreux \u00e0 demander les raisons pour lesquelles nous ne r\u00e9pondons pas ...","breadcrumb":{"@id":"https:\/\/www.africa-press.net\/cotedivoire\/politique\/cote-divoire-rappel-capital-pour-guy-vincent-apres-sa-sortie-de-route-contre-les-exiles-rentres#breadcrumb"},"inLanguage":"fr-FR","potentialAction":[{"@type":"ReadAction","target":["https:\/\/www.africa-press.net\/cotedivoire\/politique\/cote-divoire-rappel-capital-pour-guy-vincent-apres-sa-sortie-de-route-contre-les-exiles-rentres"]}]},{"@type":"ImageObject","inLanguage":"fr-FR","@id":"https:\/\/www.africa-press.net\/cotedivoire\/politique\/cote-divoire-rappel-capital-pour-guy-vincent-apres-sa-sortie-de-route-contre-les-exiles-rentres#primaryimage","url":"https:\/\/static.africa-press.net\/cote\/sites\/43\/2021\/05\/img-60a53d93636c4.jpg","contentUrl":"https:\/\/static.africa-press.net\/cote\/sites\/43\/2021\/05\/img-60a53d93636c4.jpg","width":720,"height":631,"caption":"C\u00f4te-d\u2019Ivoire: \u00ab\u00a0Rappel capital\u00a0\u00bb pour Guy Vincent apr\u00e8s \u00ab\u00a0sa sortie de route contre les exil\u00e9s rentr\u00e9s\u00a0\u00bb"},{"@type":"BreadcrumbList","@id":"https:\/\/www.africa-press.net\/cotedivoire\/politique\/cote-divoire-rappel-capital-pour-guy-vincent-apres-sa-sortie-de-route-contre-les-exiles-rentres#breadcrumb","itemListElement":[{"@type":"ListItem","position":1,"name":"Accueil","item":"https:\/\/www.africa-press.net\/cotedivoire\/"},{"@type":"ListItem","position":2,"name":"\u00ab\u00a0Rappel capital\u00a0\u00bb pour Guy Vincent apr\u00e8s \u00ab\u00a0sa sortie de route contre les exil\u00e9s rentr\u00e9s\u00a0\u00bb"}]},{"@type":"WebSite","@id":"https:\/\/www.africa-press.net\/cotedivoire\/#website","url":"https:\/\/www.africa-press.net\/cotedivoire\/","name":"C\u00f4te d&#039;Ivoire","description":"Just another Africa News Agency Sites site","potentialAction":[{"@type":"SearchAction","target":{"@type":"EntryPoint","urlTemplate":"https:\/\/www.africa-press.net\/cotedivoire\/?s={search_term_string}"},"query-input":{"@type":"PropertyValueSpecification","valueRequired":true,"valueName":"search_term_string"}}],"inLanguage":"fr-FR"},{"@type":"Person","@id":"https:\/\/www.africa-press.net\/cotedivoire\/#\/schema\/person\/2b1cf3cd81a31e3cd26889ca66d677f1","name":"cfeditorfr"}]}},"_links":{"self":[{"href":"https:\/\/www.africa-press.net\/cotedivoire\/wp-json\/wp\/v2\/posts\/7955","targetHints":{"allow":["GET"]}}],"collection":[{"href":"https:\/\/www.africa-press.net\/cotedivoire\/wp-json\/wp\/v2\/posts"}],"about":[{"href":"https:\/\/www.africa-press.net\/cotedivoire\/wp-json\/wp\/v2\/types\/post"}],"author":[{"embeddable":true,"href":"https:\/\/www.africa-press.net\/cotedivoire\/wp-json\/wp\/v2\/users\/82"}],"replies":[{"embeddable":true,"href":"https:\/\/www.africa-press.net\/cotedivoire\/wp-json\/wp\/v2\/comments?post=7955"}],"version-history":[{"count":0,"href":"https:\/\/www.africa-press.net\/cotedivoire\/wp-json\/wp\/v2\/posts\/7955\/revisions"}],"wp:featuredmedia":[{"embeddable":true,"href":"https:\/\/www.africa-press.net\/cotedivoire\/wp-json\/wp\/v2\/media\/7954"}],"wp:attachment":[{"href":"https:\/\/www.africa-press.net\/cotedivoire\/wp-json\/wp\/v2\/media?parent=7955"}],"wp:term":[{"taxonomy":"category","embeddable":true,"href":"https:\/\/www.africa-press.net\/cotedivoire\/wp-json\/wp\/v2\/categories?post=7955"},{"taxonomy":"post_tag","embeddable":true,"href":"https:\/\/www.africa-press.net\/cotedivoire\/wp-json\/wp\/v2\/tags?post=7955"}],"curies":[{"name":"wp","href":"https:\/\/api.w.org\/{rel}","templated":true}]}}