{"id":79611,"date":"2024-05-08T14:36:08","date_gmt":"2024-05-08T14:36:08","guid":{"rendered":"https:\/\/www.africa-press.net\/cotedivoire\/politique\/cei-ibrahime-coulibaly-kuibiert-precise-la-cartographie-electorale-ce-nest-pas-un-decoupage-electoral"},"modified":"2024-05-08T15:03:46","modified_gmt":"2024-05-08T15:03:46","slug":"cei-ibrahime-coulibaly-kuibiert-precise-la-cartographie-electorale-ce-nest-pas-un-decoupage-electoral","status":"publish","type":"post","link":"https:\/\/www.africa-press.net\/cotedivoire\/politique\/cei-ibrahime-coulibaly-kuibiert-precise-la-cartographie-electorale-ce-nest-pas-un-decoupage-electoral","title":{"rendered":"CEI, IBrahime Coulibaly-Kuibiert pr\u00e9cise : \u00ab la cartographie \u00e9lectorale, ce n&rsquo;est pas un d\u00e9coupage \u00e9lectoral \u00bb"},"content":{"rendered":"<p><span style=\"color: #ff6600\"><strong>Africa-Press &#8211; C\u00f4te d&rsquo;Ivoire. <\/strong><\/span>Un atelier de re\u0301flexion sur l&rsquo;enregistrement des faits de de\u0301ce\u0300s et leur communication a\u0300 la Commission e\u0301lectorale inde\u0301pendante (CEI) en vue de la re\u0301vision de la liste e\u0301lectorale s&rsquo;est tenu ce mardi 7 mai a\u0300 Yamoussoukro, capitale politique ivoirienne.<\/p>\n<p>Au terme de cette rencontre d&rsquo;une journe\u0301e, Ibrahime Coulibaly-Kuibiert, Pre\u0301sident de la CEI s&rsquo;est dit satisfait du grand travail re\u0301alise\u0301, car il pre\u0301vient le de\u0301sordre et assure la paix.<\/p>\n<p>\u00abCeux qui sont a\u0300 l&rsquo;exte\u0301rieur ne se rendent me\u0302me pas compte de ce que nous faisons, mais Dieu seul sait que, ce que nous venons de faire va apaiser plus d&rsquo;une personne. Vous avez la liste e\u0301lectorale, ce document qui vous invite a\u0300 la joute e\u0301lectorale. Si vous n&rsquo;y e\u0302tes pas inscrit, vous ne pouvez pas obtenir la carte d&rsquo;e\u0301lecteur, qui vous permet de voter. Ce faisant, vous ne pouvez pas participer a\u0300 l&rsquo;e\u0301lection et influencer le choix des personnes en charge des destine\u0301es de notre pays, ce qui est grave pour un citoyen. Quand des personnes qui ne devraient pas e\u0302tre sur la liste e\u0301lectorale y figurent, certaines personnalite\u0301s politiques pourraient le percevoir comme une source de fraudes. Les retirer de la liste e\u0301lectorale rassure donc tout le monde. Voila\u0300 pourquoi le travail que nous avons fait aujourd&rsquo;hui est important, car il pre\u0301vient le de\u0301sordre et assure la paix. C&rsquo;est pourquoi je tiens a\u0300 vous remercier encore, since\u0300rement. N&rsquo;imaginez jamais que le travail que vous avez fait est vain. Je m&rsquo;assurerai, pour ce qui concerne la Commission e\u0301lectorale, de mettre en \u0153uvre ces recommandations \u00bb, s&rsquo;est re\u0301joui, le Pre\u0301sident de la CEI.<\/p>\n<p>Lors de la ce\u0301re\u0301monie de clo\u0302ture, Ibrahime Coulibaly-Kuibiert est revenu sur la mission relative a\u0300 la cartographie. \u00ab La cartographie est cette mission que la Commission e\u0301lectorale inde\u0301pendante a initie\u0301e pour aller sur le terrain dans toutes les circonscriptions, afin de ve\u0301rifier si les lieux d&rsquo;enro\u0302lement utilise\u0301s en 2023 sont toujours fonctionnels et si certains lieux publics, utilise\u0301s comme centres d&rsquo;enro\u0302lement, le sont toujours. Cela permettra de mettre a\u0300 jour ce re\u0301pertoire des lieux de vote et des bureaux de vote \u00bb, a-t-il mentionne\u0301.<\/p>\n<p>Selon lui, cette activite\u0301 de la CEI est le\u0301gitime, mais malheureusement, elle est l&rsquo;objet de de\u0301bat. \u00ab Cependant, rien n&rsquo;est simple en politique. Tout est suspecte\u0301, tout est source de suspicion. Au point, ou\u0300, me\u0302me les activite\u0301s le\u0301gitimes de la Commission e\u0301lectorale font l\u2019objet de de\u0301bats. Certains disent me\u0302me que nous avons fait un communique\u0301 pour aller sur le terrain, en confondant le de\u0301coupage e\u0301lectoral avec la cartographie e\u0301lectorale \u00bb a de\u0301plore\u0301, le Pre\u0301sident de la CEI.<\/p>\n<p>Il a a\u0300 l&rsquo;occasion, pre\u0301cise\u0301 que la cartographie e\u0301lectorale est simplement le re\u0301pertoire des lieux de vote ou d&rsquo;enro\u0302lement. \u00ab Cela signifie que lorsqu&rsquo;une circonscription est de\u0301termine\u0301e, le vote se fait selon un syste\u0300me appele\u0301 organisation e\u0301lectorale. L&rsquo;organisation e\u0301lectorale vise a\u0300 rendre accessible la logistique e\u0301lectorale pour que les e\u0301lecteurs puissent exprimer leur volonte\u0301. L&rsquo;e\u0301lection se de\u0301finit comme e\u0301tant la rencontre du programme d\u2019un candidat avec la volonte\u0301 populaire exprime\u0301e par le vote. Si le peuple adhe\u0300re a\u0300 votre programme, il vous donne son suffrage via le bulletin de vote \u00bb, a souligne\u0301, Ibrahime Coulibaly-Kuibiert.<\/p>\n<p>Selon lui, le re\u0301pertoire e\u0301lectoral consiste donc a\u0300 identifier les centres ou\u0300 les citoyens qui peuvent exprimer leur volonte\u0301 d&rsquo;adhe\u0301rer a\u0300 un programme e\u0301lectoral, a\u0300 un programme de campagne ou a\u0300 un programme de gouvernement. \u00abIl ne porte aucun pre\u0301judice a\u0300 quiconque. La cartographie e\u0301lectorale n&rsquo;a pas pour vocation de de\u0301couper le territoire. Le territoire e\u0301tant de\u0301ja\u0300 de\u0301coupe\u0301, il s&rsquo;agit simplement d&rsquo;installer les bureaux de vote conforme\u0301ment au de\u0301coupage existant. Je vous expliquerai tout a\u0300 l&rsquo;heure ce qu&rsquo;est le de\u0301coupage e\u0301lectoral, qui est diffe\u0301rent de la cartographie e\u0301lectorale \u00bb,a-t-il insiste\u0301.<\/p>\n<p>Les Pre\u0301fets ont pris part a\u0300 cet atelier de re\u0301flexion. Le Pre\u0301sident de la CEI les a pre\u0301venus qu&rsquo;ils seront sollicite\u0301s pour donner plus d&rsquo;informations aux agents de la Commission e\u0301lectorale. Et a annonce\u0301 des rencontres avec les e\u0301lus, les autorite\u0301s locales et traditionnelles pour de\u0301terminer les zones ou\u0300 les bureaux de vote seront place\u0301s.<\/p>\n<p>\u00ab Vous, les pre\u0301fets, serez sollicite\u0301s. Nos e\u0301quipes iront sur le terrain. Qui mieux que vous, qui ge\u0301rez quotidiennement le de\u0301partement, peut nous donner toutes ces informations ? Nos e\u0301quipes prendront contact avec les e\u0301lus, les autorite\u0301s locales et traditionnelles pour de\u0301terminer les zones ou\u0300 nous allons placer nos bureaux de vote. Le principe est de rapprocher le me\u0301canisme e\u0301lectoral des e\u0301lecteurs, c&rsquo;est-a\u0300-dire, d&rsquo;installer les urnes a\u0300 des endroits accessibles. Ne confondez donc pas la cartographie e\u0301lectorale avec le de\u0301coupage e\u0301lectoral, qui consiste a\u0300 de\u0301couper le territoire en circonscriptions e\u0301lectorales, ge\u0301ne\u0301ralement pour l&rsquo;e\u0301lection des de\u0301pute\u0301s. Il est important de bien comprendre cela \u00bb, a ajoute\u0301, le Pre\u0301sident Ibrahime Coulibaly-Kuibiert.<\/p>\n<p>Biento\u0302t, la CEI entrera dans un cycle e\u0301lectoral. Le magistrat, hors hie\u0301rarchique, pre\u0301cise que ce cycle commence par l&rsquo;e\u0301tablissement de la liste e\u0301lectorale, qui entrai\u0302ne la collecte des donne\u0301es des nouveaux majeurs et la mise a\u0300 jour de la liste existante.<\/p>\n<p>Pour cela, les agents de la CEI devront aller sur le terrain pour identifier les guichets fonctionnels et ceux qui ne le sont pas, puis les remplacer ou les rendre fonctionnels.<\/p>\n<p>\u00ab Certains lieux publics ne le sont plus, devenant des e\u0301coles. Nous devons donc transfe\u0301rer ces bureaux dans des lieux approprie\u0301s. Voila\u0300 le but de la cartographie. Je vous demande a\u0300 vous, officiers de l&rsquo;e\u0301tat civil, maires, administrateurs, d&rsquo;e\u0302tre porteurs de cette information aupre\u0300s de la population et des partis politiques. Nous le ferons de notre co\u0302te\u0301, mais vous, au niveau local, de\u0301partemental et re\u0301gional, veillez a\u0300 relayer ces informations sans les de\u0301former \u00bb, s&rsquo;est justifie\u0301, Ibrahime Coulibaly-Kuibiert.<\/p>\n<p>La Commission e\u0301lectorale a pour mission d&rsquo;organiser des e\u0301lections, et cela ne peut se faire sans mettre en place les me\u0301canismes qui permettent de recueillir le suffrage populaire.<\/p>\n<p>\u00ab Si vous avez de meilleures ide\u0301es pour encourager la participation des citoyens, nous sommes ouverts a\u0300 les entendre lors de nos rencontres avec le corps pre\u0301fectoral et les e\u0301lus. Mais nous n&rsquo;avons aucune intention de nuire a\u0300 un parti politique ou d&rsquo;affecter l&rsquo;inte\u0301grite\u0301 du processus e\u0301lectoral \u00bb, a conclu, le Pre\u0301sident de la CEI.<\/p>\n<p><strong>Pour plus d&rsquo;informations et d&rsquo;analyses sur la <a href=\"https:\/\/www.africa-press.net\/cotedivoire\">C\u00f4te d&rsquo;Ivoire<\/a>, suivez <a href=\"https:\/\/www.africa-press.net\/\">Africa-Press<\/a><\/strong><\/p>\n","protected":false},"excerpt":{"rendered":"<p>Africa-Press &#8211; C\u00f4te d&rsquo;Ivoire. Un atelier de re\u0301flexion sur l&rsquo;enregistrement des faits de de\u0301ce\u0300s et leur communication a\u0300 la Commission e\u0301lectorale inde\u0301pendante (CEI) en vue de la re\u0301vision de la liste e\u0301lectorale s&rsquo;est tenu ce mardi 7 mai a\u0300 Yamoussoukro, capitale politique ivoirienne. Au terme de cette rencontre d&rsquo;une journe\u0301e, Ibrahime Coulibaly-Kuibiert, Pre\u0301sident de la [&hellip;]<\/p>\n","protected":false},"author":82,"featured_media":79609,"comment_status":"open","ping_status":"closed","sticky":false,"template":"","format":"standard","meta":{"footnotes":""},"categories":[2,10],"tags":[56,63,12955,1316,29,10519,3228,2845],"class_list":["post-79611","post","type-post","status-publish","format-standard","has-post-thumbnail","hentry","category-politique","category-toutes-les-actualites","tag-africa-press","tag-africa-press-cote-divoire","tag-cartographie","tag-cei","tag-cote-divoire","tag-decoupage","tag-electorale","tag-ibrahime-coulibaly-kuibiert"],"yoast_head":"<!-- This site is optimized with the Yoast SEO Premium plugin v26.1 (Yoast SEO v27.0) - https:\/\/yoast.com\/product\/yoast-seo-premium-wordpress\/ -->\n<title>CEI, IBrahime Coulibaly-Kuibiert pr\u00e9cise : \u00ab la cartographie \u00e9lectorale, ce n&#039;est pas un d\u00e9coupage \u00e9lectoral \u00bb - C\u00f4te d&#039;Ivoire<\/title>\n<meta name=\"description\" content=\"Un atelier de re\u0301flexion sur l&#039;enregistrement des faits de de\u0301ce\u0300s et leur communication a\u0300 la Commission e\u0301lectorale in ...\" \/>\n<meta name=\"robots\" content=\"index, follow, max-snippet:-1, max-image-preview:large, max-video-preview:-1\" \/>\n<link rel=\"canonical\" href=\"https:\/\/www.africa-press.net\/cotedivoire\/politique\/cei-ibrahime-coulibaly-kuibiert-precise-la-cartographie-electorale-ce-nest-pas-un-decoupage-electoral\" \/>\n<meta property=\"og:locale\" content=\"fr_FR\" \/>\n<meta property=\"og:type\" content=\"article\" \/>\n<meta property=\"og:title\" content=\"CEI, IBrahime Coulibaly-Kuibiert pr\u00e9cise : \u00ab la cartographie \u00e9lectorale, ce n&#039;est pas un d\u00e9coupage \u00e9lectoral \u00bb\" \/>\n<meta property=\"og:description\" content=\"Un atelier de re\u0301flexion sur l&#039;enregistrement des faits de de\u0301ce\u0300s et leur communication a\u0300 la Commission e\u0301lectorale in ...\" \/>\n<meta property=\"og:url\" content=\"https:\/\/www.africa-press.net\/cotedivoire\/politique\/cei-ibrahime-coulibaly-kuibiert-precise-la-cartographie-electorale-ce-nest-pas-un-decoupage-electoral\" \/>\n<meta property=\"og:site_name\" content=\"C\u00f4te d&#039;Ivoire\" \/>\n<meta property=\"article:published_time\" content=\"2024-05-08T14:36:08+00:00\" \/>\n<meta property=\"article:modified_time\" content=\"2024-05-08T15:03:46+00:00\" \/>\n<meta property=\"og:image\" content=\"https:\/\/static.africa-press.net\/cote\/sites\/43\/2024\/05\/sm_1715167957.510475.jpg\" \/>\n\t<meta property=\"og:image:width\" content=\"720\" \/>\n\t<meta property=\"og:image:height\" content=\"481\" \/>\n\t<meta property=\"og:image:type\" content=\"image\/jpeg\" \/>\n<meta name=\"author\" content=\"cfeditorfr\" \/>\n<meta name=\"twitter:card\" content=\"summary_large_image\" \/>\n<meta name=\"twitter:label1\" content=\"\u00c9crit par\" \/>\n\t<meta name=\"twitter:data1\" content=\"cfeditorfr\" \/>\n\t<meta name=\"twitter:label2\" content=\"Dur\u00e9e de lecture estim\u00e9e\" \/>\n\t<meta name=\"twitter:data2\" content=\"6 minutes\" \/>\n<script type=\"application\/ld+json\" class=\"yoast-schema-graph\">{\"@context\":\"https:\/\/schema.org\",\"@graph\":[{\"@type\":\"Article\",\"@id\":\"https:\/\/www.africa-press.net\/cotedivoire\/politique\/cei-ibrahime-coulibaly-kuibiert-precise-la-cartographie-electorale-ce-nest-pas-un-decoupage-electoral#article\",\"isPartOf\":{\"@id\":\"https:\/\/www.africa-press.net\/cotedivoire\/politique\/cei-ibrahime-coulibaly-kuibiert-precise-la-cartographie-electorale-ce-nest-pas-un-decoupage-electoral\"},\"author\":{\"name\":\"cfeditorfr\",\"@id\":\"https:\/\/www.africa-press.net\/cotedivoire\/#\/schema\/person\/2b1cf3cd81a31e3cd26889ca66d677f1\"},\"headline\":\"CEI, IBrahime Coulibaly-Kuibiert pr\u00e9cise : \u00ab la cartographie \u00e9lectorale, ce n&rsquo;est pas un d\u00e9coupage \u00e9lectoral \u00bb\",\"datePublished\":\"2024-05-08T14:36:08+00:00\",\"dateModified\":\"2024-05-08T15:03:46+00:00\",\"mainEntityOfPage\":{\"@id\":\"https:\/\/www.africa-press.net\/cotedivoire\/politique\/cei-ibrahime-coulibaly-kuibiert-precise-la-cartographie-electorale-ce-nest-pas-un-decoupage-electoral\"},\"wordCount\":1217,\"commentCount\":0,\"image\":{\"@id\":\"https:\/\/www.africa-press.net\/cotedivoire\/politique\/cei-ibrahime-coulibaly-kuibiert-precise-la-cartographie-electorale-ce-nest-pas-un-decoupage-electoral#primaryimage\"},\"thumbnailUrl\":\"https:\/\/static.africa-press.net\/cote\/sites\/43\/2024\/05\/sm_1715167957.510475.jpg\",\"keywords\":[\"Africa Press\",\"Africa Press-C\u00f4te d'Ivoire\",\"cartographie\",\"Cei\",\"C\u00d4TE D'IVOIRE\",\"decoupage\",\"\u00e9lectorale\",\"Ibrahime Coulibaly-Kuibiert\"],\"articleSection\":[\"Politique\",\"Toutes les actualit\u00e9s\"],\"inLanguage\":\"fr-FR\",\"potentialAction\":[{\"@type\":\"CommentAction\",\"name\":\"Comment\",\"target\":[\"https:\/\/www.africa-press.net\/cotedivoire\/politique\/cei-ibrahime-coulibaly-kuibiert-precise-la-cartographie-electorale-ce-nest-pas-un-decoupage-electoral#respond\"]}]},{\"@type\":\"WebPage\",\"@id\":\"https:\/\/www.africa-press.net\/cotedivoire\/politique\/cei-ibrahime-coulibaly-kuibiert-precise-la-cartographie-electorale-ce-nest-pas-un-decoupage-electoral\",\"url\":\"https:\/\/www.africa-press.net\/cotedivoire\/politique\/cei-ibrahime-coulibaly-kuibiert-precise-la-cartographie-electorale-ce-nest-pas-un-decoupage-electoral\",\"name\":\"CEI, IBrahime Coulibaly-Kuibiert pr\u00e9cise : \u00ab la cartographie \u00e9lectorale, ce n'est pas un d\u00e9coupage \u00e9lectoral \u00bb - C\u00f4te d&#039;Ivoire\",\"isPartOf\":{\"@id\":\"https:\/\/www.africa-press.net\/cotedivoire\/#website\"},\"primaryImageOfPage\":{\"@id\":\"https:\/\/www.africa-press.net\/cotedivoire\/politique\/cei-ibrahime-coulibaly-kuibiert-precise-la-cartographie-electorale-ce-nest-pas-un-decoupage-electoral#primaryimage\"},\"image\":{\"@id\":\"https:\/\/www.africa-press.net\/cotedivoire\/politique\/cei-ibrahime-coulibaly-kuibiert-precise-la-cartographie-electorale-ce-nest-pas-un-decoupage-electoral#primaryimage\"},\"thumbnailUrl\":\"https:\/\/static.africa-press.net\/cote\/sites\/43\/2024\/05\/sm_1715167957.510475.jpg\",\"datePublished\":\"2024-05-08T14:36:08+00:00\",\"dateModified\":\"2024-05-08T15:03:46+00:00\",\"author\":{\"@id\":\"https:\/\/www.africa-press.net\/cotedivoire\/#\/schema\/person\/2b1cf3cd81a31e3cd26889ca66d677f1\"},\"description\":\"Un atelier de re\u0301flexion sur l'enregistrement des faits de de\u0301ce\u0300s et leur communication a\u0300 la Commission e\u0301lectorale in ...\",\"breadcrumb\":{\"@id\":\"https:\/\/www.africa-press.net\/cotedivoire\/politique\/cei-ibrahime-coulibaly-kuibiert-precise-la-cartographie-electorale-ce-nest-pas-un-decoupage-electoral#breadcrumb\"},\"inLanguage\":\"fr-FR\",\"potentialAction\":[{\"@type\":\"ReadAction\",\"target\":[\"https:\/\/www.africa-press.net\/cotedivoire\/politique\/cei-ibrahime-coulibaly-kuibiert-precise-la-cartographie-electorale-ce-nest-pas-un-decoupage-electoral\"]}]},{\"@type\":\"ImageObject\",\"inLanguage\":\"fr-FR\",\"@id\":\"https:\/\/www.africa-press.net\/cotedivoire\/politique\/cei-ibrahime-coulibaly-kuibiert-precise-la-cartographie-electorale-ce-nest-pas-un-decoupage-electoral#primaryimage\",\"url\":\"https:\/\/static.africa-press.net\/cote\/sites\/43\/2024\/05\/sm_1715167957.510475.jpg\",\"contentUrl\":\"https:\/\/static.africa-press.net\/cote\/sites\/43\/2024\/05\/sm_1715167957.510475.jpg\",\"width\":720,\"height\":481,\"caption\":\"CEI, IBrahime Coulibaly-Kuibiert pr\u00e9cise : \u00ab la cartographie \u00e9lectorale, ce n'est pas un d\u00e9coupage \u00e9lectoral \u00bb\"},{\"@type\":\"BreadcrumbList\",\"@id\":\"https:\/\/www.africa-press.net\/cotedivoire\/politique\/cei-ibrahime-coulibaly-kuibiert-precise-la-cartographie-electorale-ce-nest-pas-un-decoupage-electoral#breadcrumb\",\"itemListElement\":[{\"@type\":\"ListItem\",\"position\":1,\"name\":\"Accueil\",\"item\":\"https:\/\/www.africa-press.net\/cotedivoire\/\"},{\"@type\":\"ListItem\",\"position\":2,\"name\":\"CEI, IBrahime Coulibaly-Kuibiert pr\u00e9cise : \u00ab la cartographie \u00e9lectorale, ce n&#8217;est pas un d\u00e9coupage \u00e9lectoral \u00bb\"}]},{\"@type\":\"WebSite\",\"@id\":\"https:\/\/www.africa-press.net\/cotedivoire\/#website\",\"url\":\"https:\/\/www.africa-press.net\/cotedivoire\/\",\"name\":\"C\u00f4te d&#039;Ivoire\",\"description\":\"Just another Africa News Agency Sites site\",\"potentialAction\":[{\"@type\":\"SearchAction\",\"target\":{\"@type\":\"EntryPoint\",\"urlTemplate\":\"https:\/\/www.africa-press.net\/cotedivoire\/?s={search_term_string}\"},\"query-input\":{\"@type\":\"PropertyValueSpecification\",\"valueRequired\":true,\"valueName\":\"search_term_string\"}}],\"inLanguage\":\"fr-FR\"},{\"@type\":\"Person\",\"@id\":\"https:\/\/www.africa-press.net\/cotedivoire\/#\/schema\/person\/2b1cf3cd81a31e3cd26889ca66d677f1\",\"name\":\"cfeditorfr\"}]}<\/script>\n<!-- \/ Yoast SEO Premium plugin. -->","yoast_head_json":{"title":"CEI, IBrahime Coulibaly-Kuibiert pr\u00e9cise : \u00ab la cartographie \u00e9lectorale, ce n'est pas un d\u00e9coupage \u00e9lectoral \u00bb - C\u00f4te d&#039;Ivoire","description":"Un atelier de re\u0301flexion sur l'enregistrement des faits de de\u0301ce\u0300s et leur communication a\u0300 la Commission e\u0301lectorale in ...","robots":{"index":"index","follow":"follow","max-snippet":"max-snippet:-1","max-image-preview":"max-image-preview:large","max-video-preview":"max-video-preview:-1"},"canonical":"https:\/\/www.africa-press.net\/cotedivoire\/politique\/cei-ibrahime-coulibaly-kuibiert-precise-la-cartographie-electorale-ce-nest-pas-un-decoupage-electoral","og_locale":"fr_FR","og_type":"article","og_title":"CEI, IBrahime Coulibaly-Kuibiert pr\u00e9cise : \u00ab la cartographie \u00e9lectorale, ce n'est pas un d\u00e9coupage \u00e9lectoral \u00bb","og_description":"Un atelier de re\u0301flexion sur l'enregistrement des faits de de\u0301ce\u0300s et leur communication a\u0300 la Commission e\u0301lectorale in ...","og_url":"https:\/\/www.africa-press.net\/cotedivoire\/politique\/cei-ibrahime-coulibaly-kuibiert-precise-la-cartographie-electorale-ce-nest-pas-un-decoupage-electoral","og_site_name":"C\u00f4te d&#039;Ivoire","article_published_time":"2024-05-08T14:36:08+00:00","article_modified_time":"2024-05-08T15:03:46+00:00","og_image":[{"width":720,"height":481,"url":"https:\/\/static.africa-press.net\/cote\/sites\/43\/2024\/05\/sm_1715167957.510475.jpg","type":"image\/jpeg"}],"author":"cfeditorfr","twitter_card":"summary_large_image","twitter_misc":{"\u00c9crit par":"cfeditorfr","Dur\u00e9e de lecture estim\u00e9e":"6 minutes"},"schema":{"@context":"https:\/\/schema.org","@graph":[{"@type":"Article","@id":"https:\/\/www.africa-press.net\/cotedivoire\/politique\/cei-ibrahime-coulibaly-kuibiert-precise-la-cartographie-electorale-ce-nest-pas-un-decoupage-electoral#article","isPartOf":{"@id":"https:\/\/www.africa-press.net\/cotedivoire\/politique\/cei-ibrahime-coulibaly-kuibiert-precise-la-cartographie-electorale-ce-nest-pas-un-decoupage-electoral"},"author":{"name":"cfeditorfr","@id":"https:\/\/www.africa-press.net\/cotedivoire\/#\/schema\/person\/2b1cf3cd81a31e3cd26889ca66d677f1"},"headline":"CEI, IBrahime Coulibaly-Kuibiert pr\u00e9cise : \u00ab la cartographie \u00e9lectorale, ce n&rsquo;est pas un d\u00e9coupage \u00e9lectoral \u00bb","datePublished":"2024-05-08T14:36:08+00:00","dateModified":"2024-05-08T15:03:46+00:00","mainEntityOfPage":{"@id":"https:\/\/www.africa-press.net\/cotedivoire\/politique\/cei-ibrahime-coulibaly-kuibiert-precise-la-cartographie-electorale-ce-nest-pas-un-decoupage-electoral"},"wordCount":1217,"commentCount":0,"image":{"@id":"https:\/\/www.africa-press.net\/cotedivoire\/politique\/cei-ibrahime-coulibaly-kuibiert-precise-la-cartographie-electorale-ce-nest-pas-un-decoupage-electoral#primaryimage"},"thumbnailUrl":"https:\/\/static.africa-press.net\/cote\/sites\/43\/2024\/05\/sm_1715167957.510475.jpg","keywords":["Africa Press","Africa Press-C\u00f4te d'Ivoire","cartographie","Cei","C\u00d4TE D'IVOIRE","decoupage","\u00e9lectorale","Ibrahime Coulibaly-Kuibiert"],"articleSection":["Politique","Toutes les actualit\u00e9s"],"inLanguage":"fr-FR","potentialAction":[{"@type":"CommentAction","name":"Comment","target":["https:\/\/www.africa-press.net\/cotedivoire\/politique\/cei-ibrahime-coulibaly-kuibiert-precise-la-cartographie-electorale-ce-nest-pas-un-decoupage-electoral#respond"]}]},{"@type":"WebPage","@id":"https:\/\/www.africa-press.net\/cotedivoire\/politique\/cei-ibrahime-coulibaly-kuibiert-precise-la-cartographie-electorale-ce-nest-pas-un-decoupage-electoral","url":"https:\/\/www.africa-press.net\/cotedivoire\/politique\/cei-ibrahime-coulibaly-kuibiert-precise-la-cartographie-electorale-ce-nest-pas-un-decoupage-electoral","name":"CEI, IBrahime Coulibaly-Kuibiert pr\u00e9cise : \u00ab la cartographie \u00e9lectorale, ce n'est pas un d\u00e9coupage \u00e9lectoral \u00bb - C\u00f4te d&#039;Ivoire","isPartOf":{"@id":"https:\/\/www.africa-press.net\/cotedivoire\/#website"},"primaryImageOfPage":{"@id":"https:\/\/www.africa-press.net\/cotedivoire\/politique\/cei-ibrahime-coulibaly-kuibiert-precise-la-cartographie-electorale-ce-nest-pas-un-decoupage-electoral#primaryimage"},"image":{"@id":"https:\/\/www.africa-press.net\/cotedivoire\/politique\/cei-ibrahime-coulibaly-kuibiert-precise-la-cartographie-electorale-ce-nest-pas-un-decoupage-electoral#primaryimage"},"thumbnailUrl":"https:\/\/static.africa-press.net\/cote\/sites\/43\/2024\/05\/sm_1715167957.510475.jpg","datePublished":"2024-05-08T14:36:08+00:00","dateModified":"2024-05-08T15:03:46+00:00","author":{"@id":"https:\/\/www.africa-press.net\/cotedivoire\/#\/schema\/person\/2b1cf3cd81a31e3cd26889ca66d677f1"},"description":"Un atelier de re\u0301flexion sur l'enregistrement des faits de de\u0301ce\u0300s et leur communication a\u0300 la Commission e\u0301lectorale in ...","breadcrumb":{"@id":"https:\/\/www.africa-press.net\/cotedivoire\/politique\/cei-ibrahime-coulibaly-kuibiert-precise-la-cartographie-electorale-ce-nest-pas-un-decoupage-electoral#breadcrumb"},"inLanguage":"fr-FR","potentialAction":[{"@type":"ReadAction","target":["https:\/\/www.africa-press.net\/cotedivoire\/politique\/cei-ibrahime-coulibaly-kuibiert-precise-la-cartographie-electorale-ce-nest-pas-un-decoupage-electoral"]}]},{"@type":"ImageObject","inLanguage":"fr-FR","@id":"https:\/\/www.africa-press.net\/cotedivoire\/politique\/cei-ibrahime-coulibaly-kuibiert-precise-la-cartographie-electorale-ce-nest-pas-un-decoupage-electoral#primaryimage","url":"https:\/\/static.africa-press.net\/cote\/sites\/43\/2024\/05\/sm_1715167957.510475.jpg","contentUrl":"https:\/\/static.africa-press.net\/cote\/sites\/43\/2024\/05\/sm_1715167957.510475.jpg","width":720,"height":481,"caption":"CEI, IBrahime Coulibaly-Kuibiert pr\u00e9cise : \u00ab la cartographie \u00e9lectorale, ce n'est pas un d\u00e9coupage \u00e9lectoral \u00bb"},{"@type":"BreadcrumbList","@id":"https:\/\/www.africa-press.net\/cotedivoire\/politique\/cei-ibrahime-coulibaly-kuibiert-precise-la-cartographie-electorale-ce-nest-pas-un-decoupage-electoral#breadcrumb","itemListElement":[{"@type":"ListItem","position":1,"name":"Accueil","item":"https:\/\/www.africa-press.net\/cotedivoire\/"},{"@type":"ListItem","position":2,"name":"CEI, IBrahime Coulibaly-Kuibiert pr\u00e9cise : \u00ab la cartographie \u00e9lectorale, ce n&#8217;est pas un d\u00e9coupage \u00e9lectoral \u00bb"}]},{"@type":"WebSite","@id":"https:\/\/www.africa-press.net\/cotedivoire\/#website","url":"https:\/\/www.africa-press.net\/cotedivoire\/","name":"C\u00f4te d&#039;Ivoire","description":"Just another Africa News Agency Sites site","potentialAction":[{"@type":"SearchAction","target":{"@type":"EntryPoint","urlTemplate":"https:\/\/www.africa-press.net\/cotedivoire\/?s={search_term_string}"},"query-input":{"@type":"PropertyValueSpecification","valueRequired":true,"valueName":"search_term_string"}}],"inLanguage":"fr-FR"},{"@type":"Person","@id":"https:\/\/www.africa-press.net\/cotedivoire\/#\/schema\/person\/2b1cf3cd81a31e3cd26889ca66d677f1","name":"cfeditorfr"}]}},"_links":{"self":[{"href":"https:\/\/www.africa-press.net\/cotedivoire\/wp-json\/wp\/v2\/posts\/79611","targetHints":{"allow":["GET"]}}],"collection":[{"href":"https:\/\/www.africa-press.net\/cotedivoire\/wp-json\/wp\/v2\/posts"}],"about":[{"href":"https:\/\/www.africa-press.net\/cotedivoire\/wp-json\/wp\/v2\/types\/post"}],"author":[{"embeddable":true,"href":"https:\/\/www.africa-press.net\/cotedivoire\/wp-json\/wp\/v2\/users\/82"}],"replies":[{"embeddable":true,"href":"https:\/\/www.africa-press.net\/cotedivoire\/wp-json\/wp\/v2\/comments?post=79611"}],"version-history":[{"count":0,"href":"https:\/\/www.africa-press.net\/cotedivoire\/wp-json\/wp\/v2\/posts\/79611\/revisions"}],"wp:featuredmedia":[{"embeddable":true,"href":"https:\/\/www.africa-press.net\/cotedivoire\/wp-json\/wp\/v2\/media\/79609"}],"wp:attachment":[{"href":"https:\/\/www.africa-press.net\/cotedivoire\/wp-json\/wp\/v2\/media?parent=79611"}],"wp:term":[{"taxonomy":"category","embeddable":true,"href":"https:\/\/www.africa-press.net\/cotedivoire\/wp-json\/wp\/v2\/categories?post=79611"},{"taxonomy":"post_tag","embeddable":true,"href":"https:\/\/www.africa-press.net\/cotedivoire\/wp-json\/wp\/v2\/tags?post=79611"}],"curies":[{"name":"wp","href":"https:\/\/api.w.org\/{rel}","templated":true}]}}