{"id":7962,"date":"2021-05-19T17:49:40","date_gmt":"2021-05-19T17:49:40","guid":{"rendered":"https:\/\/www.africa-press.net\/cotedivoire\/?p=7962"},"modified":"2021-05-19T17:26:45","modified_gmt":"2021-05-19T17:26:45","slug":"a-beoumi-en-cote-divoire-les-morts-et-blesses-du-conflit-intercommunautaire-de-2019-commemorees","status":"publish","type":"post","link":"https:\/\/www.africa-press.net\/cotedivoire\/politique\/a-beoumi-en-cote-divoire-les-morts-et-blesses-du-conflit-intercommunautaire-de-2019-commemorees","title":{"rendered":"A B\u00e9oumi en C\u00f4te-d\u2019Ivoire les morts et bless\u00e9s du conflit intercommunautaire de 2019 comm\u00e9mor\u00e9es"},"content":{"rendered":"<p><span style=\"color: #ff6600\"><strong><a href=\"https:\/\/www.africa-press.net\/\">Africa-Press<\/a> &#8211; <a href=\"https:\/\/www.africa-press.net\/cotedivoire\">C\u00f4te d&rsquo;Ivoire<\/a>. <\/strong><\/span>Deux ans apr\u00e8s le triste \u00e9v\u00e8nement qui a caus\u00e9 la mort de 17 personnes, occasionn\u00e9 108 bless\u00e9s plus ou moins graves, plus de 300 d\u00e9plac\u00e9s et de nombreux d\u00e9g\u00e2ts mat\u00e9riels, les populations de B\u00e9oumi avec \u00e0 leur t\u00eate Sidi Ti\u00e9moko Tour\u00e9, ministre des Ressources animales et halieutiques, se sont retrouv\u00e9es, le samedi 15 mai. C\u2019\u00e9tait dans la ville susmentionn\u00e9e autour de la st\u00e8le qui a \u00e9t\u00e9 construite \u00e0 cet effet, au rond-point, sis entre le centre polyvalent Alassane Ouattara et la mairie.<\/p>\n<p>A cette occasion, des pri\u00e8res ont \u00e9t\u00e9 dites pour le repos des \u00e2mes des personnes ayant perdu la vie. Les hommes de Dieu ont implor\u00e9 le Seigneur pour qu\u2019un tel \u00e9v\u00e8nement ne se reproduise plus \u00e0 B\u00e9oumi. Pour que le vivre ensemble qui a \u00e9t\u00e9 retrouv\u00e9 soit la chose la mieux partag\u00e9e entre toutes les communaut\u00e9s qui y vivent.<\/p>\n<p>Pour Sidi Tour\u00e9, aucun habitant de B\u00e9oumi ne doit oublier ces victimes dont les m\u00e9moires sont incarn\u00e9es par l\u2019\u00e9rection de cette st\u00e8le.<\/p>\n<p>C\u2019est pourquoi, dira-t-il, penser \u00e0 ces 17 morts chaque jour doit ramener la paix d\u00e9finitive dans le d\u00e9partement. \u00ab Que chacun cultive la paix et le vivre ensemble pr\u00f4n\u00e9s par le Pr\u00e9sident de la R\u00e9publique, Alassane Ouattara \u00bb, a-t-il exhort\u00e9.<br \/>\nLe ministre a tenu \u00e0 citer nomm\u00e9ment chacune des victimes, tout en d\u00e9posant une fleur blanche au pied de la st\u00e8le en souvenir des disparus.<\/p>\n<p>Pour sa part, Nanan Ago Barth\u00e9l\u00e9my, chef du canton K\u00f4d\u00ea, tout en se r\u00e9jouissant de cette comm\u00e9moration, reconna\u00eet que c\u2019est une sorte de catharsis qui permettra \u00ab \u00e0 chacun de nous de se reconstruire et de repartir sur de nouvelles bases \u00bb.<br \/>\nAuparavant, le maire de B\u00e9oumi, Jean Marc Kouassi, a remerci\u00e9 tous ceux qui ont permis de traverser cette \u00e9preuve difficile.<br \/>\nYacou Sylla, pr\u00e9sident par int\u00e9rim du collectif des transporteurs et Kouam\u00e9 Kan Hermann, pr\u00e9sident des conducteurs de moto taxis, ont dans leurs t\u00e9moignages, demand\u00e9 pardon \u00e0 tous les c\u0153urs meurtris suite \u00e0 la perte d\u2019un \u00eatre cher ou des d\u00e9g\u00e2ts mat\u00e9riels subis lors de cette crise.<\/p>\n<p>&nbsp;<\/p>\n","protected":false},"excerpt":{"rendered":"<p>Africa-Press &#8211; C\u00f4te d&rsquo;Ivoire. Deux ans apr\u00e8s le triste \u00e9v\u00e8nement qui a caus\u00e9 la mort de 17 personnes, occasionn\u00e9 108 bless\u00e9s plus ou moins graves, plus de 300 d\u00e9plac\u00e9s et de nombreux d\u00e9g\u00e2ts mat\u00e9riels, les populations de B\u00e9oumi avec \u00e0 leur t\u00eate Sidi Ti\u00e9moko Tour\u00e9, ministre des Ressources animales et halieutiques, se sont retrouv\u00e9es, le [&hellip;]<\/p>\n","protected":false},"author":82,"featured_media":7961,"comment_status":"open","ping_status":"closed","sticky":false,"template":"","format":"standard","meta":{"footnotes":""},"categories":[11,2,20,10],"tags":[56,63,29],"class_list":["post-7962","post","type-post","status-publish","format-standard","has-post-thumbnail","hentry","category-homepage-french","category-politique","category-top-nouvelles","category-toutes-les-actualites","tag-africa-press","tag-africa-press-cote-divoire","tag-cote-divoire"],"yoast_head":"<!-- This site is optimized with the Yoast SEO Premium plugin v26.1 (Yoast SEO v27.0) - https:\/\/yoast.com\/product\/yoast-seo-premium-wordpress\/ -->\n<title>A B\u00e9oumi en C\u00f4te-d\u2019Ivoire les morts et bless\u00e9s du conflit intercommunautaire de 2019 comm\u00e9mor\u00e9es - C\u00f4te d&#039;Ivoire<\/title>\n<meta name=\"description\" content=\"Deux ans apr\u00e8s le triste \u00e9v\u00e8nement qui a caus\u00e9 la mort de 17 personnes, occasionn\u00e9 108 bless\u00e9s plus ou moins graves, plu ...\" \/>\n<meta name=\"robots\" content=\"index, follow, max-snippet:-1, max-image-preview:large, max-video-preview:-1\" \/>\n<link rel=\"canonical\" href=\"https:\/\/www.africa-press.net\/cotedivoire\/politique\/a-beoumi-en-cote-divoire-les-morts-et-blesses-du-conflit-intercommunautaire-de-2019-commemorees\" \/>\n<meta property=\"og:locale\" content=\"fr_FR\" \/>\n<meta property=\"og:type\" content=\"article\" \/>\n<meta property=\"og:title\" content=\"A B\u00e9oumi en C\u00f4te-d\u2019Ivoire les morts et bless\u00e9s du conflit intercommunautaire de 2019 comm\u00e9mor\u00e9es\" \/>\n<meta property=\"og:description\" content=\"Deux ans apr\u00e8s le triste \u00e9v\u00e8nement qui a caus\u00e9 la mort de 17 personnes, occasionn\u00e9 108 bless\u00e9s plus ou moins graves, plu ...\" \/>\n<meta property=\"og:url\" content=\"https:\/\/www.africa-press.net\/cotedivoire\/politique\/a-beoumi-en-cote-divoire-les-morts-et-blesses-du-conflit-intercommunautaire-de-2019-commemorees\" \/>\n<meta property=\"og:site_name\" content=\"C\u00f4te d&#039;Ivoire\" \/>\n<meta property=\"article:published_time\" content=\"2021-05-19T17:49:40+00:00\" \/>\n<meta property=\"og:image\" content=\"https:\/\/static.africa-press.net\/cote\/sites\/43\/2021\/05\/img-60a53eff05d77.jpg\" \/>\n\t<meta property=\"og:image:width\" content=\"800\" \/>\n\t<meta property=\"og:image:height\" content=\"652\" \/>\n\t<meta property=\"og:image:type\" content=\"image\/jpeg\" \/>\n<meta name=\"author\" content=\"cfeditorfr\" \/>\n<meta name=\"twitter:card\" content=\"summary_large_image\" \/>\n<meta name=\"twitter:label1\" content=\"\u00c9crit par\" \/>\n\t<meta name=\"twitter:data1\" content=\"cfeditorfr\" \/>\n\t<meta name=\"twitter:label2\" content=\"Dur\u00e9e de lecture estim\u00e9e\" \/>\n\t<meta name=\"twitter:data2\" content=\"2 minutes\" \/>\n<script type=\"application\/ld+json\" class=\"yoast-schema-graph\">{\"@context\":\"https:\/\/schema.org\",\"@graph\":[{\"@type\":\"Article\",\"@id\":\"https:\/\/www.africa-press.net\/cotedivoire\/politique\/a-beoumi-en-cote-divoire-les-morts-et-blesses-du-conflit-intercommunautaire-de-2019-commemorees#article\",\"isPartOf\":{\"@id\":\"https:\/\/www.africa-press.net\/cotedivoire\/politique\/a-beoumi-en-cote-divoire-les-morts-et-blesses-du-conflit-intercommunautaire-de-2019-commemorees\"},\"author\":{\"name\":\"cfeditorfr\",\"@id\":\"https:\/\/www.africa-press.net\/cotedivoire\/#\/schema\/person\/2b1cf3cd81a31e3cd26889ca66d677f1\"},\"headline\":\"A B\u00e9oumi en C\u00f4te-d\u2019Ivoire les morts et bless\u00e9s du conflit intercommunautaire de 2019 comm\u00e9mor\u00e9es\",\"datePublished\":\"2021-05-19T17:49:40+00:00\",\"mainEntityOfPage\":{\"@id\":\"https:\/\/www.africa-press.net\/cotedivoire\/politique\/a-beoumi-en-cote-divoire-les-morts-et-blesses-du-conflit-intercommunautaire-de-2019-commemorees\"},\"wordCount\":398,\"commentCount\":0,\"image\":{\"@id\":\"https:\/\/www.africa-press.net\/cotedivoire\/politique\/a-beoumi-en-cote-divoire-les-morts-et-blesses-du-conflit-intercommunautaire-de-2019-commemorees#primaryimage\"},\"thumbnailUrl\":\"https:\/\/static.africa-press.net\/cote\/sites\/43\/2021\/05\/img-60a53eff05d77.jpg\",\"keywords\":[\"Africa Press\",\"Africa Press-C\u00f4te d'Ivoire\",\"C\u00d4TE D'IVOIRE\"],\"articleSection\":[\"homepage-french\",\"Politique\",\"Top Nouvelles\",\"Toutes les actualit\u00e9s\"],\"inLanguage\":\"fr-FR\",\"potentialAction\":[{\"@type\":\"CommentAction\",\"name\":\"Comment\",\"target\":[\"https:\/\/www.africa-press.net\/cotedivoire\/politique\/a-beoumi-en-cote-divoire-les-morts-et-blesses-du-conflit-intercommunautaire-de-2019-commemorees#respond\"]}]},{\"@type\":\"WebPage\",\"@id\":\"https:\/\/www.africa-press.net\/cotedivoire\/politique\/a-beoumi-en-cote-divoire-les-morts-et-blesses-du-conflit-intercommunautaire-de-2019-commemorees\",\"url\":\"https:\/\/www.africa-press.net\/cotedivoire\/politique\/a-beoumi-en-cote-divoire-les-morts-et-blesses-du-conflit-intercommunautaire-de-2019-commemorees\",\"name\":\"A B\u00e9oumi en C\u00f4te-d\u2019Ivoire les morts et bless\u00e9s du conflit intercommunautaire de 2019 comm\u00e9mor\u00e9es - C\u00f4te d&#039;Ivoire\",\"isPartOf\":{\"@id\":\"https:\/\/www.africa-press.net\/cotedivoire\/#website\"},\"primaryImageOfPage\":{\"@id\":\"https:\/\/www.africa-press.net\/cotedivoire\/politique\/a-beoumi-en-cote-divoire-les-morts-et-blesses-du-conflit-intercommunautaire-de-2019-commemorees#primaryimage\"},\"image\":{\"@id\":\"https:\/\/www.africa-press.net\/cotedivoire\/politique\/a-beoumi-en-cote-divoire-les-morts-et-blesses-du-conflit-intercommunautaire-de-2019-commemorees#primaryimage\"},\"thumbnailUrl\":\"https:\/\/static.africa-press.net\/cote\/sites\/43\/2021\/05\/img-60a53eff05d77.jpg\",\"datePublished\":\"2021-05-19T17:49:40+00:00\",\"author\":{\"@id\":\"https:\/\/www.africa-press.net\/cotedivoire\/#\/schema\/person\/2b1cf3cd81a31e3cd26889ca66d677f1\"},\"description\":\"Deux ans apr\u00e8s le triste \u00e9v\u00e8nement qui a caus\u00e9 la mort de 17 personnes, occasionn\u00e9 108 bless\u00e9s plus ou moins graves, plu ...\",\"breadcrumb\":{\"@id\":\"https:\/\/www.africa-press.net\/cotedivoire\/politique\/a-beoumi-en-cote-divoire-les-morts-et-blesses-du-conflit-intercommunautaire-de-2019-commemorees#breadcrumb\"},\"inLanguage\":\"fr-FR\",\"potentialAction\":[{\"@type\":\"ReadAction\",\"target\":[\"https:\/\/www.africa-press.net\/cotedivoire\/politique\/a-beoumi-en-cote-divoire-les-morts-et-blesses-du-conflit-intercommunautaire-de-2019-commemorees\"]}]},{\"@type\":\"ImageObject\",\"inLanguage\":\"fr-FR\",\"@id\":\"https:\/\/www.africa-press.net\/cotedivoire\/politique\/a-beoumi-en-cote-divoire-les-morts-et-blesses-du-conflit-intercommunautaire-de-2019-commemorees#primaryimage\",\"url\":\"https:\/\/static.africa-press.net\/cote\/sites\/43\/2021\/05\/img-60a53eff05d77.jpg\",\"contentUrl\":\"https:\/\/static.africa-press.net\/cote\/sites\/43\/2021\/05\/img-60a53eff05d77.jpg\",\"width\":800,\"height\":652,\"caption\":\"A B\u00e9oumi en C\u00f4te-d\u2019Ivoire les morts et bless\u00e9s du conflit intercommunautaire de 2019 comm\u00e9mor\u00e9es\"},{\"@type\":\"BreadcrumbList\",\"@id\":\"https:\/\/www.africa-press.net\/cotedivoire\/politique\/a-beoumi-en-cote-divoire-les-morts-et-blesses-du-conflit-intercommunautaire-de-2019-commemorees#breadcrumb\",\"itemListElement\":[{\"@type\":\"ListItem\",\"position\":1,\"name\":\"Accueil\",\"item\":\"https:\/\/www.africa-press.net\/cotedivoire\/\"},{\"@type\":\"ListItem\",\"position\":2,\"name\":\"A B\u00e9oumi en C\u00f4te-d\u2019Ivoire les morts et bless\u00e9s du conflit intercommunautaire de 2019 comm\u00e9mor\u00e9es\"}]},{\"@type\":\"WebSite\",\"@id\":\"https:\/\/www.africa-press.net\/cotedivoire\/#website\",\"url\":\"https:\/\/www.africa-press.net\/cotedivoire\/\",\"name\":\"C\u00f4te d&#039;Ivoire\",\"description\":\"Just another Africa News Agency Sites site\",\"potentialAction\":[{\"@type\":\"SearchAction\",\"target\":{\"@type\":\"EntryPoint\",\"urlTemplate\":\"https:\/\/www.africa-press.net\/cotedivoire\/?s={search_term_string}\"},\"query-input\":{\"@type\":\"PropertyValueSpecification\",\"valueRequired\":true,\"valueName\":\"search_term_string\"}}],\"inLanguage\":\"fr-FR\"},{\"@type\":\"Person\",\"@id\":\"https:\/\/www.africa-press.net\/cotedivoire\/#\/schema\/person\/2b1cf3cd81a31e3cd26889ca66d677f1\",\"name\":\"cfeditorfr\"}]}<\/script>\n<!-- \/ Yoast SEO Premium plugin. -->","yoast_head_json":{"title":"A B\u00e9oumi en C\u00f4te-d\u2019Ivoire les morts et bless\u00e9s du conflit intercommunautaire de 2019 comm\u00e9mor\u00e9es - C\u00f4te d&#039;Ivoire","description":"Deux ans apr\u00e8s le triste \u00e9v\u00e8nement qui a caus\u00e9 la mort de 17 personnes, occasionn\u00e9 108 bless\u00e9s plus ou moins graves, plu ...","robots":{"index":"index","follow":"follow","max-snippet":"max-snippet:-1","max-image-preview":"max-image-preview:large","max-video-preview":"max-video-preview:-1"},"canonical":"https:\/\/www.africa-press.net\/cotedivoire\/politique\/a-beoumi-en-cote-divoire-les-morts-et-blesses-du-conflit-intercommunautaire-de-2019-commemorees","og_locale":"fr_FR","og_type":"article","og_title":"A B\u00e9oumi en C\u00f4te-d\u2019Ivoire les morts et bless\u00e9s du conflit intercommunautaire de 2019 comm\u00e9mor\u00e9es","og_description":"Deux ans apr\u00e8s le triste \u00e9v\u00e8nement qui a caus\u00e9 la mort de 17 personnes, occasionn\u00e9 108 bless\u00e9s plus ou moins graves, plu ...","og_url":"https:\/\/www.africa-press.net\/cotedivoire\/politique\/a-beoumi-en-cote-divoire-les-morts-et-blesses-du-conflit-intercommunautaire-de-2019-commemorees","og_site_name":"C\u00f4te d&#039;Ivoire","article_published_time":"2021-05-19T17:49:40+00:00","og_image":[{"width":800,"height":652,"url":"https:\/\/static.africa-press.net\/cote\/sites\/43\/2021\/05\/img-60a53eff05d77.jpg","type":"image\/jpeg"}],"author":"cfeditorfr","twitter_card":"summary_large_image","twitter_misc":{"\u00c9crit par":"cfeditorfr","Dur\u00e9e de lecture estim\u00e9e":"2 minutes"},"schema":{"@context":"https:\/\/schema.org","@graph":[{"@type":"Article","@id":"https:\/\/www.africa-press.net\/cotedivoire\/politique\/a-beoumi-en-cote-divoire-les-morts-et-blesses-du-conflit-intercommunautaire-de-2019-commemorees#article","isPartOf":{"@id":"https:\/\/www.africa-press.net\/cotedivoire\/politique\/a-beoumi-en-cote-divoire-les-morts-et-blesses-du-conflit-intercommunautaire-de-2019-commemorees"},"author":{"name":"cfeditorfr","@id":"https:\/\/www.africa-press.net\/cotedivoire\/#\/schema\/person\/2b1cf3cd81a31e3cd26889ca66d677f1"},"headline":"A B\u00e9oumi en C\u00f4te-d\u2019Ivoire les morts et bless\u00e9s du conflit intercommunautaire de 2019 comm\u00e9mor\u00e9es","datePublished":"2021-05-19T17:49:40+00:00","mainEntityOfPage":{"@id":"https:\/\/www.africa-press.net\/cotedivoire\/politique\/a-beoumi-en-cote-divoire-les-morts-et-blesses-du-conflit-intercommunautaire-de-2019-commemorees"},"wordCount":398,"commentCount":0,"image":{"@id":"https:\/\/www.africa-press.net\/cotedivoire\/politique\/a-beoumi-en-cote-divoire-les-morts-et-blesses-du-conflit-intercommunautaire-de-2019-commemorees#primaryimage"},"thumbnailUrl":"https:\/\/static.africa-press.net\/cote\/sites\/43\/2021\/05\/img-60a53eff05d77.jpg","keywords":["Africa Press","Africa Press-C\u00f4te d'Ivoire","C\u00d4TE D'IVOIRE"],"articleSection":["homepage-french","Politique","Top Nouvelles","Toutes les actualit\u00e9s"],"inLanguage":"fr-FR","potentialAction":[{"@type":"CommentAction","name":"Comment","target":["https:\/\/www.africa-press.net\/cotedivoire\/politique\/a-beoumi-en-cote-divoire-les-morts-et-blesses-du-conflit-intercommunautaire-de-2019-commemorees#respond"]}]},{"@type":"WebPage","@id":"https:\/\/www.africa-press.net\/cotedivoire\/politique\/a-beoumi-en-cote-divoire-les-morts-et-blesses-du-conflit-intercommunautaire-de-2019-commemorees","url":"https:\/\/www.africa-press.net\/cotedivoire\/politique\/a-beoumi-en-cote-divoire-les-morts-et-blesses-du-conflit-intercommunautaire-de-2019-commemorees","name":"A B\u00e9oumi en C\u00f4te-d\u2019Ivoire les morts et bless\u00e9s du conflit intercommunautaire de 2019 comm\u00e9mor\u00e9es - C\u00f4te d&#039;Ivoire","isPartOf":{"@id":"https:\/\/www.africa-press.net\/cotedivoire\/#website"},"primaryImageOfPage":{"@id":"https:\/\/www.africa-press.net\/cotedivoire\/politique\/a-beoumi-en-cote-divoire-les-morts-et-blesses-du-conflit-intercommunautaire-de-2019-commemorees#primaryimage"},"image":{"@id":"https:\/\/www.africa-press.net\/cotedivoire\/politique\/a-beoumi-en-cote-divoire-les-morts-et-blesses-du-conflit-intercommunautaire-de-2019-commemorees#primaryimage"},"thumbnailUrl":"https:\/\/static.africa-press.net\/cote\/sites\/43\/2021\/05\/img-60a53eff05d77.jpg","datePublished":"2021-05-19T17:49:40+00:00","author":{"@id":"https:\/\/www.africa-press.net\/cotedivoire\/#\/schema\/person\/2b1cf3cd81a31e3cd26889ca66d677f1"},"description":"Deux ans apr\u00e8s le triste \u00e9v\u00e8nement qui a caus\u00e9 la mort de 17 personnes, occasionn\u00e9 108 bless\u00e9s plus ou moins graves, plu ...","breadcrumb":{"@id":"https:\/\/www.africa-press.net\/cotedivoire\/politique\/a-beoumi-en-cote-divoire-les-morts-et-blesses-du-conflit-intercommunautaire-de-2019-commemorees#breadcrumb"},"inLanguage":"fr-FR","potentialAction":[{"@type":"ReadAction","target":["https:\/\/www.africa-press.net\/cotedivoire\/politique\/a-beoumi-en-cote-divoire-les-morts-et-blesses-du-conflit-intercommunautaire-de-2019-commemorees"]}]},{"@type":"ImageObject","inLanguage":"fr-FR","@id":"https:\/\/www.africa-press.net\/cotedivoire\/politique\/a-beoumi-en-cote-divoire-les-morts-et-blesses-du-conflit-intercommunautaire-de-2019-commemorees#primaryimage","url":"https:\/\/static.africa-press.net\/cote\/sites\/43\/2021\/05\/img-60a53eff05d77.jpg","contentUrl":"https:\/\/static.africa-press.net\/cote\/sites\/43\/2021\/05\/img-60a53eff05d77.jpg","width":800,"height":652,"caption":"A B\u00e9oumi en C\u00f4te-d\u2019Ivoire les morts et bless\u00e9s du conflit intercommunautaire de 2019 comm\u00e9mor\u00e9es"},{"@type":"BreadcrumbList","@id":"https:\/\/www.africa-press.net\/cotedivoire\/politique\/a-beoumi-en-cote-divoire-les-morts-et-blesses-du-conflit-intercommunautaire-de-2019-commemorees#breadcrumb","itemListElement":[{"@type":"ListItem","position":1,"name":"Accueil","item":"https:\/\/www.africa-press.net\/cotedivoire\/"},{"@type":"ListItem","position":2,"name":"A B\u00e9oumi en C\u00f4te-d\u2019Ivoire les morts et bless\u00e9s du conflit intercommunautaire de 2019 comm\u00e9mor\u00e9es"}]},{"@type":"WebSite","@id":"https:\/\/www.africa-press.net\/cotedivoire\/#website","url":"https:\/\/www.africa-press.net\/cotedivoire\/","name":"C\u00f4te d&#039;Ivoire","description":"Just another Africa News Agency Sites site","potentialAction":[{"@type":"SearchAction","target":{"@type":"EntryPoint","urlTemplate":"https:\/\/www.africa-press.net\/cotedivoire\/?s={search_term_string}"},"query-input":{"@type":"PropertyValueSpecification","valueRequired":true,"valueName":"search_term_string"}}],"inLanguage":"fr-FR"},{"@type":"Person","@id":"https:\/\/www.africa-press.net\/cotedivoire\/#\/schema\/person\/2b1cf3cd81a31e3cd26889ca66d677f1","name":"cfeditorfr"}]}},"_links":{"self":[{"href":"https:\/\/www.africa-press.net\/cotedivoire\/wp-json\/wp\/v2\/posts\/7962","targetHints":{"allow":["GET"]}}],"collection":[{"href":"https:\/\/www.africa-press.net\/cotedivoire\/wp-json\/wp\/v2\/posts"}],"about":[{"href":"https:\/\/www.africa-press.net\/cotedivoire\/wp-json\/wp\/v2\/types\/post"}],"author":[{"embeddable":true,"href":"https:\/\/www.africa-press.net\/cotedivoire\/wp-json\/wp\/v2\/users\/82"}],"replies":[{"embeddable":true,"href":"https:\/\/www.africa-press.net\/cotedivoire\/wp-json\/wp\/v2\/comments?post=7962"}],"version-history":[{"count":0,"href":"https:\/\/www.africa-press.net\/cotedivoire\/wp-json\/wp\/v2\/posts\/7962\/revisions"}],"wp:featuredmedia":[{"embeddable":true,"href":"https:\/\/www.africa-press.net\/cotedivoire\/wp-json\/wp\/v2\/media\/7961"}],"wp:attachment":[{"href":"https:\/\/www.africa-press.net\/cotedivoire\/wp-json\/wp\/v2\/media?parent=7962"}],"wp:term":[{"taxonomy":"category","embeddable":true,"href":"https:\/\/www.africa-press.net\/cotedivoire\/wp-json\/wp\/v2\/categories?post=7962"},{"taxonomy":"post_tag","embeddable":true,"href":"https:\/\/www.africa-press.net\/cotedivoire\/wp-json\/wp\/v2\/tags?post=7962"}],"curies":[{"name":"wp","href":"https:\/\/api.w.org\/{rel}","templated":true}]}}