{"id":79825,"date":"2024-05-10T16:08:24","date_gmt":"2024-05-10T16:08:24","guid":{"rendered":"https:\/\/www.africa-press.net\/cotedivoire\/politique\/construction-dun-palais-de-la-culture-a-ficgayo-adama-bictogo-rassure-que-linfrastructure-sera-le-miroir-du-yopougon-moderne-que-nous-appelons-de-tous-nos-voeux"},"modified":"2024-05-10T16:43:24","modified_gmt":"2024-05-10T16:43:24","slug":"construction-dun-palais-de-la-culture-a-ficgayo-adama-bictogo-rassure-que-linfrastructure-sera-le-miroir-du-yopougon-moderne-que-nous-appelons-de-tous-nos-voeux","status":"publish","type":"post","link":"https:\/\/www.africa-press.net\/cotedivoire\/culture-et-art\/construction-dun-palais-de-la-culture-a-ficgayo-adama-bictogo-rassure-que-linfrastructure-sera-le-miroir-du-yopougon-moderne-que-nous-appelons-de-tous-nos-voeux","title":{"rendered":"Construction d&rsquo;un palais de la culture \u00e0 Ficgayo, Adama Bictogo rassure que l&rsquo;infrastructure sera \u00ab le miroir du Yopougon moderne que nous appelons de tous nos v\u0153ux \u00bb"},"content":{"rendered":"<p><span style=\"color: #ff6600\"><strong>Africa-Press &#8211; C\u00f4te d&rsquo;Ivoire. <\/strong><\/span>Adama Bictogo, maire de Yopougon a ce\u0301le\u0301bre\u0301, ce jeudi 9 mai 2024, la fe\u0302te du travail avec les agents et le conseil municipal au Stade Jessy Jackson en pre\u0301sence de la population.<\/p>\n<p>Cette ce\u0301le\u0301bration est une promesse de campagne et elle a de\u0301marre\u0301 par une procession de la mairie au stade. A la te\u0302te de cette procession, Adama Bictogo, les conseillers municipaux et les agents municipaux ont rallie\u0301 le lieu de rassemblement, (le stade Jessy Jackson) situe\u0301 a\u0300 plus de deux kilome\u0300tres de la mairie en moins de 30 minutes.<\/p>\n<p>Ces festivite\u0301s marquant la ce\u0301le\u0301bration de la fe\u0302te du travail ont e\u0301te\u0301 couronne\u0301es par des matchs de gala sur espace re\u0301duit (maracana). Deux e\u0301quipes fe\u0301minines se sont affronte\u0301es ainsi que deux e\u0301quipes d&rsquo;hommes.<\/p>\n<p>Au cours du match des hommes, Adama Bictogo a de\u0301montre\u0301 qu&rsquo;il a encore de beaux restes en tant qu&rsquo;ancien jour de football. Sur les sept buts que son e\u0301quipe a marque\u0301s, le maire en a inscrit 4.<\/p>\n<p>Avant la remise des trophe\u0301es aux vainqueurs et aux vaincus de ces deux matchs de gala, le maire de la commune s&rsquo;est confie\u0301 a\u0300 la presse.<\/p>\n<p>Occasion pour Adama Bictogo de se prononcer sur plusieurs sujets concernant sa commune qui ont de\u0301fraye\u0301 la chronique, notamment l&rsquo;annonce de la construction d&rsquo;un palais de la culture a\u0300 la place Ficgayo de Yopougon. Une information qui a fait grincent les dents et fait couler encres et salives.<\/p>\n<p>Il a rassure\u0301 les populations que l&rsquo;ouvrage qui sera ba\u0302ti sur la place Ficgayo, sera un palais de la culture qui peut donc e\u0301pouser aussi bien le cadre politique, le cadre religieux, le cadre festif, car tout est dans la conception.<\/p>\n<p>\u00ab\u00a0Je voudrais d&rsquo;abord remercier tous les agents, tous les conseillers tous les adjoints aux maires et la population civile qui a bien voulu participer a\u0300 cette belle ce\u0301re\u0301monie de joie, mais surtout de la fraternite\u0301. On aurait du\u0302 fe\u0302ter le 1er mai, mais comme les syndicats avaient de\u0301ja\u0300 pre\u0301vu d&rsquo;organiser une ce\u0301re\u0301monie, on a diffe\u0301re\u0301 donc la fe\u0302te du 1er mai et qui a coi\u0308ncide\u0301 avec la fe\u0302te de l&rsquo;Ascension. C&rsquo;est en me\u0302me temps une belle conjugaison au moment ou\u0300 Je\u0301sus monte. C&rsquo;est une ce\u0301re\u0301monie qui est place\u0301e sous le sceau de la divinite\u0301. Je voudrais saluer cette ferveur qui accompagne cette ce\u0301re\u0301monie. Mais il faut noter que cela fait partie de mes engagements de campagne. J&rsquo;avais de\u0301ja\u0300 dit que si j&rsquo;e\u0301tais e\u0301lu maire, j&rsquo;allais donc cre\u0301er des journe\u0301es sportives et vous voyez bien que ces journe\u0301es sportives cre\u0301ent un vrai univers de fraternite\u0301 et d&rsquo;humilite\u0301. On appartient tous a\u0300 la me\u0302me commune, on a le me\u0302me re\u0302ve, c&rsquo;est de voir donc le de\u0301veloppement de Yopougon, c&rsquo;est de voir le bonheur des populations de Yopougon. Donc c&rsquo;est ce re\u0302ve la\u0300 que nous partageons a\u0300 travers le sport. Le sport qui est un vrai vecteur de fraternite\u0301 de rapprochement et Yopougon qui est une commune communautariste, il est donc bon qu&rsquo;on ait ce genre de ce\u0301re\u0301monie et je voudrais une fois de plus saluer la fraternite\u0301 la joie qui a donc envahi cette ce\u0301re\u0301monie. Mais vous avez du\u0302 noter aussi l&rsquo;excellent joueur de football que je suis et que mon e\u0301quipe a gagne\u0301 tous ces matchs, s\u2019est-il la\u0302che\u0301, avant d\u2019aborder quelques sujets relatifs a\u0300 l\u2019actualite\u0301 de sa commune. J&rsquo;ai annonce\u0301 la construction des marche\u0301s si vous allez a\u0300 Port-Boue\u0308t 2, vous allez voir que la construction du marche\u0301 est en cours. Ils ont de\u0301ja\u0300 casse\u0301 les e\u0301tals, les magasins et la construction ont commence\u0301. Nous avons pose\u0301 la premie\u0300re pierre du centre de sante\u0301, mais ce sont les 6 centres de sante\u0301 qui vont de\u0301marrer ensemble. Comme vous le savez, le budget des communes ne sont pas suffisants pour vraiment engager une vraie politique de de\u0301veloppement. Donc j&rsquo;ai fait l&rsquo;option de partenariats publics communaux, avec des ope\u0301rateurs capables de s&rsquo;investir en se projetant sur la dure\u0301e.<\/p>\n<p>Et donc c&rsquo;est ce que nous sommes en train de faire et biento\u0302t vous allez voir aussi l&rsquo;ame\u0301nagement des jardins. On attendait d&rsquo;abord de faire voter le budget. Le budget a e\u0301te\u0301 vote\u0301, il y a seulement une semaine et il sera donc endosse\u0301 par la municipalite\u0301 de\u0300s demain.<\/p>\n<p>Pendant six mois, nous n&rsquo;avions pas de Budget, nous avons fonctionne\u0301 comme nous pouvons. Je vous donne rendez-vous en octobre lorsque nous allons faire le bilan de ma premie\u0300re magistrature a\u0300 Yopougon.<\/p>\n<p>Je peux vous rassurer que sur les cinq ans, nous allons re\u0301aliser ce que nous avons promis. En fait au niveau de la cartographie de Yopougon, je cherchais un espace pouvant donc recevoir la construction d&rsquo;un palais de la culture.<\/p>\n<p>C&rsquo;est un peu comme l&rsquo;Acade\u0301mie des Sports, j&rsquo;ai joue\u0301 avec les anciennes gloires de notre football, c&rsquo;est dire que Yopougon repre\u0301sente 95% des gloires du football. Et c&rsquo;est pareil pour les artistes, 95% des artistes en Co\u0302te d&rsquo;Ivoire sont de Yopougon. Ne pas avoir un palais de la culture a\u0300 Yopougon, c&rsquo;est inconcevable. C&rsquo;est vrai que la place Ficgayo qui est un peu une place mythique utilise\u0301e par tous les hommes politiques, on a envie donc de le garder mais on peut aussi en faire, un palais de la culture ouvert qui peut donc e\u0301pouser aussi bien le cadre politique, le cadre religieux, le cadre festif. Le tout est dans la conception et les architectes sont en train de nous proposer quelque chose qui va ressembler un peu a\u0300 Bercy ou\u0300 on peut faire du sport, des concerts de la politique. L&rsquo;essentiel, c&rsquo;est que cette place soit le miroir du Yopougon moderne que nous appelons de tous nos v\u0153ux\u00a0\u00bb, a-t-il explique\u0301.<\/p>\n\r\n                <style type=\"text\/css\">\r\n                    \r\n                    #td_uid_1_69f5b66f093de  .td-doubleSlider-2 .td-item1 {\r\n                        background: url(https:\/\/static.africa-press.net\/cote\/sites\/43\/2024\/05\/sm_1715346503.110376-80x60.jpg) 0 0 no-repeat;\r\n                    }\r\n                    #td_uid_1_69f5b66f093de  .td-doubleSlider-2 .td-item2 {\r\n                        background: url(https:\/\/static.africa-press.net\/cote\/sites\/43\/2024\/05\/sm_1715346527.219143-80x60.jpg) 0 0 no-repeat;\r\n                    }\r\n                <\/style>\r\n\r\n                <div id=\"td_uid_1_69f5b66f093de\" class=\"td-gallery td-slide-on-2-columns\">\r\n                    <div class=\"post_td_gallery\">\r\n                        <div class=\"td-gallery-slide-top\">\r\n                           <div class=\"td-gallery-title\"><\/div>\r\n\r\n                            <div class=\"td-gallery-controls-wrapper\">\r\n                                <div class=\"td-gallery-slide-count\"><span class=\"td-gallery-slide-item-focus\">1<\/span> de 2<\/div>\r\n                                <div class=\"td-gallery-slide-prev-next-but\">\r\n                                    <i class = \"td-icon-left doubleSliderPrevButton\"><\/i>\r\n                                    <i class = \"td-icon-right doubleSliderNextButton\"><\/i>\r\n                                <\/div>\r\n                            <\/div>\r\n                        <\/div>\r\n\r\n                        <div class = \"td-doubleSlider-1 \">\r\n                            <div class = \"td-slider\">\r\n                                \r\n                    <div class = \"td-slide-item td-item1\">\r\n                        <figure class=\"td-slide-galery-figure td-slide-popup-gallery\">\r\n                            <a class=\"slide-gallery-image-link\" href=\"https:\/\/static.africa-press.net\/cote\/sites\/43\/2024\/05\/sm_1715346503.110376.jpg\" title=\"sm_1715346503.110376\"  data-caption=\"\"  data-description=\"\">\r\n                                <img decoding=\"async\" src=\"https:\/\/static.africa-press.net\/cote\/sites\/43\/2024\/05\/sm_1715346503.110376.jpg\" srcset=\"https:\/\/static.africa-press.net\/cote\/sites\/43\/2024\/05\/sm_1715346503.110376.jpg 1000w, https:\/\/static.africa-press.net\/cote\/sites\/43\/2024\/05\/sm_1715346503.110376-300x200.jpg 300w, https:\/\/static.africa-press.net\/cote\/sites\/43\/2024\/05\/sm_1715346503.110376-768x512.jpg 768w\" sizes=\"(max-width: 1000px) 100vw, 1000px\" alt=\"\">\r\n                            <\/a>\r\n                            \r\n                        <\/figure>\r\n                    <\/div>\r\n                    <div class = \"td-slide-item td-item2\">\r\n                        <figure class=\"td-slide-galery-figure td-slide-popup-gallery\">\r\n                            <a class=\"slide-gallery-image-link\" href=\"https:\/\/static.africa-press.net\/cote\/sites\/43\/2024\/05\/sm_1715346527.219143.jpg\" title=\"sm_1715346527.219143\"  data-caption=\"\"  data-description=\"\">\r\n                                <img decoding=\"async\" src=\"https:\/\/static.africa-press.net\/cote\/sites\/43\/2024\/05\/sm_1715346527.219143.jpg\" srcset=\"https:\/\/static.africa-press.net\/cote\/sites\/43\/2024\/05\/sm_1715346527.219143.jpg 1000w, https:\/\/static.africa-press.net\/cote\/sites\/43\/2024\/05\/sm_1715346527.219143-300x200.jpg 300w, https:\/\/static.africa-press.net\/cote\/sites\/43\/2024\/05\/sm_1715346527.219143-768x512.jpg 768w\" sizes=\"(max-width: 1000px) 100vw, 1000px\" alt=\"\">\r\n                            <\/a>\r\n                            \r\n                        <\/figure>\r\n                    <\/div>\r\n                            <\/div>\r\n                        <\/div>\r\n\r\n                        <div class = \"td-doubleSlider-2\">\r\n                            <div class = \"td-slider\">\r\n                                \r\n                    <div class = \"td-button td-item1\">\r\n                        <div class = \"td-border\"><\/div>\r\n                    <\/div>\r\n                    <div class = \"td-button td-item2\">\r\n                        <div class = \"td-border\"><\/div>\r\n                    <\/div>\r\n                            <\/div>\r\n                        <\/div>\r\n\r\n                    <\/div>\r\n\r\n                <\/div>\r\n                \n<p><strong>Pour plus d&rsquo;informations et d&rsquo;analyses sur la <a href=\"https:\/\/www.africa-press.net\/cotedivoire\">C\u00f4te d&rsquo;Ivoire<\/a>, suivez <a href=\"https:\/\/www.africa-press.net\/\">Africa-Press<\/a><\/strong><\/p>\n","protected":false},"excerpt":{"rendered":"<p>Africa-Press &#8211; C\u00f4te d&rsquo;Ivoire. Adama Bictogo, maire de Yopougon a ce\u0301le\u0301bre\u0301, ce jeudi 9 mai 2024, la fe\u0302te du travail avec les agents et le conseil municipal au Stade Jessy Jackson en pre\u0301sence de la population. Cette ce\u0301le\u0301bration est une promesse de campagne et elle a de\u0301marre\u0301 par une procession de la mairie au stade. [&hellip;]<\/p>\n","protected":false},"author":82,"featured_media":79824,"comment_status":"open","ping_status":"closed","sticky":false,"template":"","format":"standard","meta":{"footnotes":""},"categories":[5,6,10],"tags":[56,63,1930,29,8917,13393,698,13392,540],"class_list":["post-79825","post","type-post","status-publish","format-standard","has-post-thumbnail","hentry","category-culture-et-art","category-sports","category-toutes-les-actualites","tag-africa-press","tag-africa-press-cote-divoire","tag-bictogo","tag-cote-divoire","tag-ficgayo","tag-jessy-jackson","tag-mairie","tag-palais-de-la-culture","tag-yopougon"],"yoast_head":"<!-- This site is optimized with the Yoast SEO Premium plugin v26.1 (Yoast SEO v27.0) - https:\/\/yoast.com\/product\/yoast-seo-premium-wordpress\/ -->\n<title>Construction d&#039;un palais de la culture \u00e0 Ficgayo, Adama Bictogo rassure que l&#039;infrastructure sera \u00ab le miroir du Yopougon moderne que nous appelons de tous nos v\u0153ux \u00bb - C\u00f4te d&#039;Ivoire<\/title>\n<meta name=\"description\" content=\"Adama Bictogo, maire de Yopougon a ce\u0301le\u0301bre\u0301, ce jeudi 9 mai 2024, la fe\u0302te du travail avec les agents et le conseil mu ...\" \/>\n<meta name=\"robots\" content=\"index, follow, max-snippet:-1, max-image-preview:large, max-video-preview:-1\" \/>\n<link rel=\"canonical\" href=\"https:\/\/www.africa-press.net\/cotedivoire\/culture-et-art\/construction-dun-palais-de-la-culture-a-ficgayo-adama-bictogo-rassure-que-linfrastructure-sera-le-miroir-du-yopougon-moderne-que-nous-appelons-de-tous-nos-voeux\" \/>\n<meta property=\"og:locale\" content=\"fr_FR\" \/>\n<meta property=\"og:type\" content=\"article\" \/>\n<meta property=\"og:title\" content=\"Construction d&#039;un palais de la culture \u00e0 Ficgayo, Adama Bictogo rassure que l&#039;infrastructure sera \u00ab le miroir du Yopougon moderne que nous appelons de tous nos v\u0153ux \u00bb\" \/>\n<meta property=\"og:description\" content=\"Adama Bictogo, maire de Yopougon a ce\u0301le\u0301bre\u0301, ce jeudi 9 mai 2024, la fe\u0302te du travail avec les agents et le conseil mu ...\" \/>\n<meta property=\"og:url\" content=\"https:\/\/www.africa-press.net\/cotedivoire\/culture-et-art\/construction-dun-palais-de-la-culture-a-ficgayo-adama-bictogo-rassure-que-linfrastructure-sera-le-miroir-du-yopougon-moderne-que-nous-appelons-de-tous-nos-voeux\" \/>\n<meta property=\"og:site_name\" content=\"C\u00f4te d&#039;Ivoire\" \/>\n<meta property=\"article:published_time\" content=\"2024-05-10T16:08:24+00:00\" \/>\n<meta property=\"article:modified_time\" content=\"2024-05-10T16:43:24+00:00\" \/>\n<meta property=\"og:image\" content=\"https:\/\/static.africa-press.net\/cote\/sites\/43\/2024\/05\/sm_1715346551.101399.jpg\" \/>\n\t<meta property=\"og:image:width\" content=\"720\" \/>\n\t<meta property=\"og:image:height\" content=\"480\" \/>\n\t<meta property=\"og:image:type\" content=\"image\/jpeg\" \/>\n<meta name=\"author\" content=\"cfeditorfr\" \/>\n<meta name=\"twitter:card\" content=\"summary_large_image\" \/>\n<meta name=\"twitter:label1\" content=\"\u00c9crit par\" \/>\n\t<meta name=\"twitter:data1\" content=\"cfeditorfr\" \/>\n\t<meta name=\"twitter:label2\" content=\"Dur\u00e9e de lecture estim\u00e9e\" \/>\n\t<meta name=\"twitter:data2\" content=\"6 minutes\" \/>\n<script type=\"application\/ld+json\" class=\"yoast-schema-graph\">{\"@context\":\"https:\/\/schema.org\",\"@graph\":[{\"@type\":\"Article\",\"@id\":\"https:\/\/www.africa-press.net\/cotedivoire\/culture-et-art\/construction-dun-palais-de-la-culture-a-ficgayo-adama-bictogo-rassure-que-linfrastructure-sera-le-miroir-du-yopougon-moderne-que-nous-appelons-de-tous-nos-voeux#article\",\"isPartOf\":{\"@id\":\"https:\/\/www.africa-press.net\/cotedivoire\/culture-et-art\/construction-dun-palais-de-la-culture-a-ficgayo-adama-bictogo-rassure-que-linfrastructure-sera-le-miroir-du-yopougon-moderne-que-nous-appelons-de-tous-nos-voeux\"},\"author\":{\"name\":\"cfeditorfr\",\"@id\":\"https:\/\/www.africa-press.net\/cotedivoire\/#\/schema\/person\/2b1cf3cd81a31e3cd26889ca66d677f1\"},\"headline\":\"Construction d&rsquo;un palais de la culture \u00e0 Ficgayo, Adama Bictogo rassure que l&rsquo;infrastructure sera \u00ab le miroir du Yopougon moderne que nous appelons de tous nos v\u0153ux \u00bb\",\"datePublished\":\"2024-05-10T16:08:24+00:00\",\"dateModified\":\"2024-05-10T16:43:24+00:00\",\"mainEntityOfPage\":{\"@id\":\"https:\/\/www.africa-press.net\/cotedivoire\/culture-et-art\/construction-dun-palais-de-la-culture-a-ficgayo-adama-bictogo-rassure-que-linfrastructure-sera-le-miroir-du-yopougon-moderne-que-nous-appelons-de-tous-nos-voeux\"},\"wordCount\":1100,\"commentCount\":0,\"image\":{\"@id\":\"https:\/\/www.africa-press.net\/cotedivoire\/culture-et-art\/construction-dun-palais-de-la-culture-a-ficgayo-adama-bictogo-rassure-que-linfrastructure-sera-le-miroir-du-yopougon-moderne-que-nous-appelons-de-tous-nos-voeux#primaryimage\"},\"thumbnailUrl\":\"https:\/\/static.africa-press.net\/cote\/sites\/43\/2024\/05\/sm_1715346551.101399.jpg\",\"keywords\":[\"Africa Press\",\"Africa Press-C\u00f4te d'Ivoire\",\"Bictogo\",\"C\u00d4TE D'IVOIRE\",\"Ficgayo\",\"Jessy Jackson\",\"Mairie\",\"Palais de la culture\",\"Yopougon\"],\"articleSection\":[\"Culture et Art\",\"Sports\",\"Toutes les actualit\u00e9s\"],\"inLanguage\":\"fr-FR\",\"potentialAction\":[{\"@type\":\"CommentAction\",\"name\":\"Comment\",\"target\":[\"https:\/\/www.africa-press.net\/cotedivoire\/culture-et-art\/construction-dun-palais-de-la-culture-a-ficgayo-adama-bictogo-rassure-que-linfrastructure-sera-le-miroir-du-yopougon-moderne-que-nous-appelons-de-tous-nos-voeux#respond\"]}]},{\"@type\":\"WebPage\",\"@id\":\"https:\/\/www.africa-press.net\/cotedivoire\/culture-et-art\/construction-dun-palais-de-la-culture-a-ficgayo-adama-bictogo-rassure-que-linfrastructure-sera-le-miroir-du-yopougon-moderne-que-nous-appelons-de-tous-nos-voeux\",\"url\":\"https:\/\/www.africa-press.net\/cotedivoire\/culture-et-art\/construction-dun-palais-de-la-culture-a-ficgayo-adama-bictogo-rassure-que-linfrastructure-sera-le-miroir-du-yopougon-moderne-que-nous-appelons-de-tous-nos-voeux\",\"name\":\"Construction d'un palais de la culture \u00e0 Ficgayo, Adama Bictogo rassure que l'infrastructure sera \u00ab le miroir du Yopougon moderne que nous appelons de tous nos v\u0153ux \u00bb - C\u00f4te d&#039;Ivoire\",\"isPartOf\":{\"@id\":\"https:\/\/www.africa-press.net\/cotedivoire\/#website\"},\"primaryImageOfPage\":{\"@id\":\"https:\/\/www.africa-press.net\/cotedivoire\/culture-et-art\/construction-dun-palais-de-la-culture-a-ficgayo-adama-bictogo-rassure-que-linfrastructure-sera-le-miroir-du-yopougon-moderne-que-nous-appelons-de-tous-nos-voeux#primaryimage\"},\"image\":{\"@id\":\"https:\/\/www.africa-press.net\/cotedivoire\/culture-et-art\/construction-dun-palais-de-la-culture-a-ficgayo-adama-bictogo-rassure-que-linfrastructure-sera-le-miroir-du-yopougon-moderne-que-nous-appelons-de-tous-nos-voeux#primaryimage\"},\"thumbnailUrl\":\"https:\/\/static.africa-press.net\/cote\/sites\/43\/2024\/05\/sm_1715346551.101399.jpg\",\"datePublished\":\"2024-05-10T16:08:24+00:00\",\"dateModified\":\"2024-05-10T16:43:24+00:00\",\"author\":{\"@id\":\"https:\/\/www.africa-press.net\/cotedivoire\/#\/schema\/person\/2b1cf3cd81a31e3cd26889ca66d677f1\"},\"description\":\"Adama Bictogo, maire de Yopougon a ce\u0301le\u0301bre\u0301, ce jeudi 9 mai 2024, la fe\u0302te du travail avec les agents et le conseil mu ...\",\"breadcrumb\":{\"@id\":\"https:\/\/www.africa-press.net\/cotedivoire\/culture-et-art\/construction-dun-palais-de-la-culture-a-ficgayo-adama-bictogo-rassure-que-linfrastructure-sera-le-miroir-du-yopougon-moderne-que-nous-appelons-de-tous-nos-voeux#breadcrumb\"},\"inLanguage\":\"fr-FR\",\"potentialAction\":[{\"@type\":\"ReadAction\",\"target\":[\"https:\/\/www.africa-press.net\/cotedivoire\/culture-et-art\/construction-dun-palais-de-la-culture-a-ficgayo-adama-bictogo-rassure-que-linfrastructure-sera-le-miroir-du-yopougon-moderne-que-nous-appelons-de-tous-nos-voeux\"]}]},{\"@type\":\"ImageObject\",\"inLanguage\":\"fr-FR\",\"@id\":\"https:\/\/www.africa-press.net\/cotedivoire\/culture-et-art\/construction-dun-palais-de-la-culture-a-ficgayo-adama-bictogo-rassure-que-linfrastructure-sera-le-miroir-du-yopougon-moderne-que-nous-appelons-de-tous-nos-voeux#primaryimage\",\"url\":\"https:\/\/static.africa-press.net\/cote\/sites\/43\/2024\/05\/sm_1715346551.101399.jpg\",\"contentUrl\":\"https:\/\/static.africa-press.net\/cote\/sites\/43\/2024\/05\/sm_1715346551.101399.jpg\",\"width\":720,\"height\":480,\"caption\":\"Construction d'un palais de la culture \u00e0 Ficgayo, Adama Bictogo rassure que l'infrastructure sera \u00ab le miroir du Yopougon moderne que nous appelons de tous nos v\u0153ux \u00bb\"},{\"@type\":\"BreadcrumbList\",\"@id\":\"https:\/\/www.africa-press.net\/cotedivoire\/culture-et-art\/construction-dun-palais-de-la-culture-a-ficgayo-adama-bictogo-rassure-que-linfrastructure-sera-le-miroir-du-yopougon-moderne-que-nous-appelons-de-tous-nos-voeux#breadcrumb\",\"itemListElement\":[{\"@type\":\"ListItem\",\"position\":1,\"name\":\"Accueil\",\"item\":\"https:\/\/www.africa-press.net\/cotedivoire\/\"},{\"@type\":\"ListItem\",\"position\":2,\"name\":\"Construction d&#8217;un palais de la culture \u00e0 Ficgayo, Adama Bictogo rassure que l&#8217;infrastructure sera \u00ab le miroir du Yopougon moderne que nous appelons de tous nos v\u0153ux \u00bb\"}]},{\"@type\":\"WebSite\",\"@id\":\"https:\/\/www.africa-press.net\/cotedivoire\/#website\",\"url\":\"https:\/\/www.africa-press.net\/cotedivoire\/\",\"name\":\"C\u00f4te d&#039;Ivoire\",\"description\":\"Just another Africa News Agency Sites site\",\"potentialAction\":[{\"@type\":\"SearchAction\",\"target\":{\"@type\":\"EntryPoint\",\"urlTemplate\":\"https:\/\/www.africa-press.net\/cotedivoire\/?s={search_term_string}\"},\"query-input\":{\"@type\":\"PropertyValueSpecification\",\"valueRequired\":true,\"valueName\":\"search_term_string\"}}],\"inLanguage\":\"fr-FR\"},{\"@type\":\"Person\",\"@id\":\"https:\/\/www.africa-press.net\/cotedivoire\/#\/schema\/person\/2b1cf3cd81a31e3cd26889ca66d677f1\",\"name\":\"cfeditorfr\"}]}<\/script>\n<!-- \/ Yoast SEO Premium plugin. -->","yoast_head_json":{"title":"Construction d'un palais de la culture \u00e0 Ficgayo, Adama Bictogo rassure que l'infrastructure sera \u00ab le miroir du Yopougon moderne que nous appelons de tous nos v\u0153ux \u00bb - C\u00f4te d&#039;Ivoire","description":"Adama Bictogo, maire de Yopougon a ce\u0301le\u0301bre\u0301, ce jeudi 9 mai 2024, la fe\u0302te du travail avec les agents et le conseil mu ...","robots":{"index":"index","follow":"follow","max-snippet":"max-snippet:-1","max-image-preview":"max-image-preview:large","max-video-preview":"max-video-preview:-1"},"canonical":"https:\/\/www.africa-press.net\/cotedivoire\/culture-et-art\/construction-dun-palais-de-la-culture-a-ficgayo-adama-bictogo-rassure-que-linfrastructure-sera-le-miroir-du-yopougon-moderne-que-nous-appelons-de-tous-nos-voeux","og_locale":"fr_FR","og_type":"article","og_title":"Construction d'un palais de la culture \u00e0 Ficgayo, Adama Bictogo rassure que l'infrastructure sera \u00ab le miroir du Yopougon moderne que nous appelons de tous nos v\u0153ux \u00bb","og_description":"Adama Bictogo, maire de Yopougon a ce\u0301le\u0301bre\u0301, ce jeudi 9 mai 2024, la fe\u0302te du travail avec les agents et le conseil mu ...","og_url":"https:\/\/www.africa-press.net\/cotedivoire\/culture-et-art\/construction-dun-palais-de-la-culture-a-ficgayo-adama-bictogo-rassure-que-linfrastructure-sera-le-miroir-du-yopougon-moderne-que-nous-appelons-de-tous-nos-voeux","og_site_name":"C\u00f4te d&#039;Ivoire","article_published_time":"2024-05-10T16:08:24+00:00","article_modified_time":"2024-05-10T16:43:24+00:00","og_image":[{"width":720,"height":480,"url":"https:\/\/static.africa-press.net\/cote\/sites\/43\/2024\/05\/sm_1715346551.101399.jpg","type":"image\/jpeg"}],"author":"cfeditorfr","twitter_card":"summary_large_image","twitter_misc":{"\u00c9crit par":"cfeditorfr","Dur\u00e9e de lecture estim\u00e9e":"6 minutes"},"schema":{"@context":"https:\/\/schema.org","@graph":[{"@type":"Article","@id":"https:\/\/www.africa-press.net\/cotedivoire\/culture-et-art\/construction-dun-palais-de-la-culture-a-ficgayo-adama-bictogo-rassure-que-linfrastructure-sera-le-miroir-du-yopougon-moderne-que-nous-appelons-de-tous-nos-voeux#article","isPartOf":{"@id":"https:\/\/www.africa-press.net\/cotedivoire\/culture-et-art\/construction-dun-palais-de-la-culture-a-ficgayo-adama-bictogo-rassure-que-linfrastructure-sera-le-miroir-du-yopougon-moderne-que-nous-appelons-de-tous-nos-voeux"},"author":{"name":"cfeditorfr","@id":"https:\/\/www.africa-press.net\/cotedivoire\/#\/schema\/person\/2b1cf3cd81a31e3cd26889ca66d677f1"},"headline":"Construction d&rsquo;un palais de la culture \u00e0 Ficgayo, Adama Bictogo rassure que l&rsquo;infrastructure sera \u00ab le miroir du Yopougon moderne que nous appelons de tous nos v\u0153ux \u00bb","datePublished":"2024-05-10T16:08:24+00:00","dateModified":"2024-05-10T16:43:24+00:00","mainEntityOfPage":{"@id":"https:\/\/www.africa-press.net\/cotedivoire\/culture-et-art\/construction-dun-palais-de-la-culture-a-ficgayo-adama-bictogo-rassure-que-linfrastructure-sera-le-miroir-du-yopougon-moderne-que-nous-appelons-de-tous-nos-voeux"},"wordCount":1100,"commentCount":0,"image":{"@id":"https:\/\/www.africa-press.net\/cotedivoire\/culture-et-art\/construction-dun-palais-de-la-culture-a-ficgayo-adama-bictogo-rassure-que-linfrastructure-sera-le-miroir-du-yopougon-moderne-que-nous-appelons-de-tous-nos-voeux#primaryimage"},"thumbnailUrl":"https:\/\/static.africa-press.net\/cote\/sites\/43\/2024\/05\/sm_1715346551.101399.jpg","keywords":["Africa Press","Africa Press-C\u00f4te d'Ivoire","Bictogo","C\u00d4TE D'IVOIRE","Ficgayo","Jessy Jackson","Mairie","Palais de la culture","Yopougon"],"articleSection":["Culture et Art","Sports","Toutes les actualit\u00e9s"],"inLanguage":"fr-FR","potentialAction":[{"@type":"CommentAction","name":"Comment","target":["https:\/\/www.africa-press.net\/cotedivoire\/culture-et-art\/construction-dun-palais-de-la-culture-a-ficgayo-adama-bictogo-rassure-que-linfrastructure-sera-le-miroir-du-yopougon-moderne-que-nous-appelons-de-tous-nos-voeux#respond"]}]},{"@type":"WebPage","@id":"https:\/\/www.africa-press.net\/cotedivoire\/culture-et-art\/construction-dun-palais-de-la-culture-a-ficgayo-adama-bictogo-rassure-que-linfrastructure-sera-le-miroir-du-yopougon-moderne-que-nous-appelons-de-tous-nos-voeux","url":"https:\/\/www.africa-press.net\/cotedivoire\/culture-et-art\/construction-dun-palais-de-la-culture-a-ficgayo-adama-bictogo-rassure-que-linfrastructure-sera-le-miroir-du-yopougon-moderne-que-nous-appelons-de-tous-nos-voeux","name":"Construction d'un palais de la culture \u00e0 Ficgayo, Adama Bictogo rassure que l'infrastructure sera \u00ab le miroir du Yopougon moderne que nous appelons de tous nos v\u0153ux \u00bb - C\u00f4te d&#039;Ivoire","isPartOf":{"@id":"https:\/\/www.africa-press.net\/cotedivoire\/#website"},"primaryImageOfPage":{"@id":"https:\/\/www.africa-press.net\/cotedivoire\/culture-et-art\/construction-dun-palais-de-la-culture-a-ficgayo-adama-bictogo-rassure-que-linfrastructure-sera-le-miroir-du-yopougon-moderne-que-nous-appelons-de-tous-nos-voeux#primaryimage"},"image":{"@id":"https:\/\/www.africa-press.net\/cotedivoire\/culture-et-art\/construction-dun-palais-de-la-culture-a-ficgayo-adama-bictogo-rassure-que-linfrastructure-sera-le-miroir-du-yopougon-moderne-que-nous-appelons-de-tous-nos-voeux#primaryimage"},"thumbnailUrl":"https:\/\/static.africa-press.net\/cote\/sites\/43\/2024\/05\/sm_1715346551.101399.jpg","datePublished":"2024-05-10T16:08:24+00:00","dateModified":"2024-05-10T16:43:24+00:00","author":{"@id":"https:\/\/www.africa-press.net\/cotedivoire\/#\/schema\/person\/2b1cf3cd81a31e3cd26889ca66d677f1"},"description":"Adama Bictogo, maire de Yopougon a ce\u0301le\u0301bre\u0301, ce jeudi 9 mai 2024, la fe\u0302te du travail avec les agents et le conseil mu ...","breadcrumb":{"@id":"https:\/\/www.africa-press.net\/cotedivoire\/culture-et-art\/construction-dun-palais-de-la-culture-a-ficgayo-adama-bictogo-rassure-que-linfrastructure-sera-le-miroir-du-yopougon-moderne-que-nous-appelons-de-tous-nos-voeux#breadcrumb"},"inLanguage":"fr-FR","potentialAction":[{"@type":"ReadAction","target":["https:\/\/www.africa-press.net\/cotedivoire\/culture-et-art\/construction-dun-palais-de-la-culture-a-ficgayo-adama-bictogo-rassure-que-linfrastructure-sera-le-miroir-du-yopougon-moderne-que-nous-appelons-de-tous-nos-voeux"]}]},{"@type":"ImageObject","inLanguage":"fr-FR","@id":"https:\/\/www.africa-press.net\/cotedivoire\/culture-et-art\/construction-dun-palais-de-la-culture-a-ficgayo-adama-bictogo-rassure-que-linfrastructure-sera-le-miroir-du-yopougon-moderne-que-nous-appelons-de-tous-nos-voeux#primaryimage","url":"https:\/\/static.africa-press.net\/cote\/sites\/43\/2024\/05\/sm_1715346551.101399.jpg","contentUrl":"https:\/\/static.africa-press.net\/cote\/sites\/43\/2024\/05\/sm_1715346551.101399.jpg","width":720,"height":480,"caption":"Construction d'un palais de la culture \u00e0 Ficgayo, Adama Bictogo rassure que l'infrastructure sera \u00ab le miroir du Yopougon moderne que nous appelons de tous nos v\u0153ux \u00bb"},{"@type":"BreadcrumbList","@id":"https:\/\/www.africa-press.net\/cotedivoire\/culture-et-art\/construction-dun-palais-de-la-culture-a-ficgayo-adama-bictogo-rassure-que-linfrastructure-sera-le-miroir-du-yopougon-moderne-que-nous-appelons-de-tous-nos-voeux#breadcrumb","itemListElement":[{"@type":"ListItem","position":1,"name":"Accueil","item":"https:\/\/www.africa-press.net\/cotedivoire\/"},{"@type":"ListItem","position":2,"name":"Construction d&#8217;un palais de la culture \u00e0 Ficgayo, Adama Bictogo rassure que l&#8217;infrastructure sera \u00ab le miroir du Yopougon moderne que nous appelons de tous nos v\u0153ux \u00bb"}]},{"@type":"WebSite","@id":"https:\/\/www.africa-press.net\/cotedivoire\/#website","url":"https:\/\/www.africa-press.net\/cotedivoire\/","name":"C\u00f4te d&#039;Ivoire","description":"Just another Africa News Agency Sites site","potentialAction":[{"@type":"SearchAction","target":{"@type":"EntryPoint","urlTemplate":"https:\/\/www.africa-press.net\/cotedivoire\/?s={search_term_string}"},"query-input":{"@type":"PropertyValueSpecification","valueRequired":true,"valueName":"search_term_string"}}],"inLanguage":"fr-FR"},{"@type":"Person","@id":"https:\/\/www.africa-press.net\/cotedivoire\/#\/schema\/person\/2b1cf3cd81a31e3cd26889ca66d677f1","name":"cfeditorfr"}]}},"_links":{"self":[{"href":"https:\/\/www.africa-press.net\/cotedivoire\/wp-json\/wp\/v2\/posts\/79825","targetHints":{"allow":["GET"]}}],"collection":[{"href":"https:\/\/www.africa-press.net\/cotedivoire\/wp-json\/wp\/v2\/posts"}],"about":[{"href":"https:\/\/www.africa-press.net\/cotedivoire\/wp-json\/wp\/v2\/types\/post"}],"author":[{"embeddable":true,"href":"https:\/\/www.africa-press.net\/cotedivoire\/wp-json\/wp\/v2\/users\/82"}],"replies":[{"embeddable":true,"href":"https:\/\/www.africa-press.net\/cotedivoire\/wp-json\/wp\/v2\/comments?post=79825"}],"version-history":[{"count":0,"href":"https:\/\/www.africa-press.net\/cotedivoire\/wp-json\/wp\/v2\/posts\/79825\/revisions"}],"wp:featuredmedia":[{"embeddable":true,"href":"https:\/\/www.africa-press.net\/cotedivoire\/wp-json\/wp\/v2\/media\/79824"}],"wp:attachment":[{"href":"https:\/\/www.africa-press.net\/cotedivoire\/wp-json\/wp\/v2\/media?parent=79825"}],"wp:term":[{"taxonomy":"category","embeddable":true,"href":"https:\/\/www.africa-press.net\/cotedivoire\/wp-json\/wp\/v2\/categories?post=79825"},{"taxonomy":"post_tag","embeddable":true,"href":"https:\/\/www.africa-press.net\/cotedivoire\/wp-json\/wp\/v2\/tags?post=79825"}],"curies":[{"name":"wp","href":"https:\/\/api.w.org\/{rel}","templated":true}]}}