{"id":7985,"date":"2021-05-20T07:29:45","date_gmt":"2021-05-20T07:29:45","guid":{"rendered":"https:\/\/www.africa-press.net\/cotedivoire\/?p=7985"},"modified":"2021-05-20T17:15:16","modified_gmt":"2021-05-20T17:15:16","slug":"le-proces-de-soro-et-co-souvre-sous-haute-surveillance-en-cote-divoire-devant-le-tribunal-criminel-2","status":"publish","type":"post","link":"https:\/\/www.africa-press.net\/cotedivoire\/politique\/le-proces-de-soro-et-co-souvre-sous-haute-surveillance-en-cote-divoire-devant-le-tribunal-criminel-2","title":{"rendered":"Le proc\u00e8s de Soro et Co. s\u2019ouvre sous haute surveillance en C\u00f4te-d\u2019Ivoire devant le tribunal criminel"},"content":{"rendered":"<p><span style=\"color: #ff6600\"><strong><a href=\"https:\/\/www.africa-press.net\/\">Africa-Press<\/a> &#8211; <a href=\"https:\/\/www.africa-press.net\/cotedivoire\">C\u00f4te d&rsquo;Ivoire<\/a>.\u00a0 <\/strong><\/span>En C\u00f4te d\u2019Ivoire, le proc\u00e8s devant le tribunal criminel de l\u2019ancien pr\u00e9sident de l\u2019Assembl\u00e9e nationale Guillaume Soro et 19 de ses proches, jug\u00e9s \u00ab pour complot contre la s\u00fbret\u00e9 de l\u2019Etat \u00bb s\u2019est ouvert mercredi sous haute surveillance polici\u00e8re.<\/p>\n<p>Deux cargos et un blind\u00e9 de la police, un pick-up de la gendarmerie \u00e9taient stationn\u00e9s devant le palais de justice o\u00f9 se d\u00e9roule l\u2019audience.<\/p>\n<p>Plusieurs \u00e9l\u00e9ments de la police arm\u00e9s de fusils, casques de protection sur la t\u00eate avec des gilets pare-balles \u00e9taient visibles \u00e0 l\u2019entr\u00e9e et \u00e0 l\u2019int\u00e9rieur du palais de justice.<\/p>\n<p>A l\u2019ouverture du proc\u00e8s, sept accus\u00e9s dont Guillaume Soro, Affoussy Bamba, Moussa Tour\u00e9, n\u2019ont pas \u00e9t\u00e9 aper\u00e7us tandis que 13 arriv\u00e9s \u00e0 13h00 dans la salle d\u2019audience \u00e9taient dans le box des accus\u00e9s.<\/p>\n<p>Le 30 avril, la justice ivoirienne a prononc\u00e9 \u201cla mise en accusation\u2019\u2019 de M. Soro et 19 de ses proches, et ordonn\u00e9 \u00ab leur renvoi devant le tribunal criminel \u00bb afin d\u2019\u00eatre jug\u00e9 pour \u00ab complot contre la s\u00fbret\u00e9 de l\u2019Etat, participation \u00e0 une bande arm\u00e9e, d\u00e9tention sans autorisation d\u2019armes \u00e0 feu de la premi\u00e8re cat\u00e9gorie, et d\u2019actes et man\u0153uvre de nature \u00e0 compromettre la s\u00e9curit\u00e9 publique \u00bb.<\/p>\n<p>Mardi, Les avocats de Guillaume Soro ont d\u00e9nonc\u00e9 mardi \u00ab un simulacre de proc\u00e8s r\u00e9sultant de l\u2019ordonnance de renvoi en cause \u00bb de l\u2019ex-pr\u00e9sident de l\u2019Assembl\u00e9e nationale et ses proches et annonc\u00e9 avoir \u00ab saisi les juridictions internationales \u00bb afin de contester \u00ab ces atteintes aux droits \u00bb de leur client.<\/p>\n<p>Ils ont reproch\u00e9 \u00e0 \u00ab la justice ivoirienne \u00bb de s\u2019\u00eatre \u00ab rendue complice d\u2019un r\u00e8glement de compte politique, visant \u00e0 \u00e9carter M. Soro et les cadres de son mouvement des affaires publiques du Pays \u00bb.<\/p>\n<p>Pour eux, le \u00ab seul objectif de cette proc\u00e9dure judiciaire qui sert de vernis juridique au pouvoir politique est d\u2019\u00e9carter le GPS (G\u00e9n\u00e9rations et peuples solidaires), ses hauts cadres et ses membres de toute responsabilit\u00e9 politique \u00bb.<\/p>\n<p>&nbsp;<\/p>\n","protected":false},"excerpt":{"rendered":"<p>Africa-Press &#8211; C\u00f4te d&rsquo;Ivoire.\u00a0 En C\u00f4te d\u2019Ivoire, le proc\u00e8s devant le tribunal criminel de l\u2019ancien pr\u00e9sident de l\u2019Assembl\u00e9e nationale Guillaume Soro et 19 de ses proches, jug\u00e9s \u00ab pour complot contre la s\u00fbret\u00e9 de l\u2019Etat \u00bb s\u2019est ouvert mercredi sous haute surveillance polici\u00e8re. Deux cargos et un blind\u00e9 de la police, un pick-up de la [&hellip;]<\/p>\n","protected":false},"author":82,"featured_media":7984,"comment_status":"open","ping_status":"closed","sticky":false,"template":"","format":"standard","meta":{"footnotes":""},"categories":[11,2,10],"tags":[56,63,29],"class_list":["post-7985","post","type-post","status-publish","format-standard","has-post-thumbnail","hentry","category-homepage-french","category-politique","category-toutes-les-actualites","tag-africa-press","tag-africa-press-cote-divoire","tag-cote-divoire"],"yoast_head":"<!-- This site is optimized with the Yoast SEO Premium plugin v26.1 (Yoast SEO v27.0) - https:\/\/yoast.com\/product\/yoast-seo-premium-wordpress\/ -->\n<title>Le proc\u00e8s de Soro et Co. s\u2019ouvre sous haute surveillance en C\u00f4te-d\u2019Ivoire devant le tribunal criminel - C\u00f4te d&#039;Ivoire<\/title>\n<meta name=\"description\" content=\"Edwige FIENDE En C\u00f4te d\u2019Ivoire, le proc\u00e8s devant le tribunal criminel de l\u2019ancien pr\u00e9sident de l\u2019Assembl\u00e9e nationale Gu ...\" \/>\n<meta name=\"robots\" content=\"index, follow, max-snippet:-1, max-image-preview:large, max-video-preview:-1\" \/>\n<link rel=\"canonical\" href=\"https:\/\/www.africa-press.net\/cotedivoire\/politique\/le-proces-de-soro-et-co-souvre-sous-haute-surveillance-en-cote-divoire-devant-le-tribunal-criminel-2\" \/>\n<meta property=\"og:locale\" content=\"fr_FR\" \/>\n<meta property=\"og:type\" content=\"article\" \/>\n<meta property=\"og:title\" content=\"Le proc\u00e8s de Soro et Co. s\u2019ouvre sous haute surveillance en C\u00f4te-d\u2019Ivoire devant le tribunal criminel\" \/>\n<meta property=\"og:description\" content=\"Edwige FIENDE En C\u00f4te d\u2019Ivoire, le proc\u00e8s devant le tribunal criminel de l\u2019ancien pr\u00e9sident de l\u2019Assembl\u00e9e nationale Gu ...\" \/>\n<meta property=\"og:url\" content=\"https:\/\/www.africa-press.net\/cotedivoire\/politique\/le-proces-de-soro-et-co-souvre-sous-haute-surveillance-en-cote-divoire-devant-le-tribunal-criminel-2\" \/>\n<meta property=\"og:site_name\" content=\"C\u00f4te d&#039;Ivoire\" \/>\n<meta property=\"article:published_time\" content=\"2021-05-20T07:29:45+00:00\" \/>\n<meta property=\"article:modified_time\" content=\"2021-05-20T17:15:16+00:00\" \/>\n<meta property=\"og:image\" content=\"https:\/\/static.africa-press.net\/cote\/sites\/43\/2021\/05\/img-60a60f650490a.jpg\" \/>\n\t<meta property=\"og:image:width\" content=\"720\" \/>\n\t<meta property=\"og:image:height\" content=\"720\" \/>\n\t<meta property=\"og:image:type\" content=\"image\/jpeg\" \/>\n<meta name=\"author\" content=\"cfeditorfr\" \/>\n<meta name=\"twitter:card\" content=\"summary_large_image\" \/>\n<meta name=\"twitter:label1\" content=\"\u00c9crit par\" \/>\n\t<meta name=\"twitter:data1\" content=\"cfeditorfr\" \/>\n\t<meta name=\"twitter:label2\" content=\"Dur\u00e9e de lecture estim\u00e9e\" \/>\n\t<meta name=\"twitter:data2\" content=\"2 minutes\" \/>\n<script type=\"application\/ld+json\" class=\"yoast-schema-graph\">{\"@context\":\"https:\/\/schema.org\",\"@graph\":[{\"@type\":\"Article\",\"@id\":\"https:\/\/www.africa-press.net\/cotedivoire\/politique\/le-proces-de-soro-et-co-souvre-sous-haute-surveillance-en-cote-divoire-devant-le-tribunal-criminel-2#article\",\"isPartOf\":{\"@id\":\"https:\/\/www.africa-press.net\/cotedivoire\/politique\/le-proces-de-soro-et-co-souvre-sous-haute-surveillance-en-cote-divoire-devant-le-tribunal-criminel-2\"},\"author\":{\"name\":\"cfeditorfr\",\"@id\":\"https:\/\/www.africa-press.net\/cotedivoire\/#\/schema\/person\/2b1cf3cd81a31e3cd26889ca66d677f1\"},\"headline\":\"Le proc\u00e8s de Soro et Co. s\u2019ouvre sous haute surveillance en C\u00f4te-d\u2019Ivoire devant le tribunal criminel\",\"datePublished\":\"2021-05-20T07:29:45+00:00\",\"dateModified\":\"2021-05-20T17:15:16+00:00\",\"mainEntityOfPage\":{\"@id\":\"https:\/\/www.africa-press.net\/cotedivoire\/politique\/le-proces-de-soro-et-co-souvre-sous-haute-surveillance-en-cote-divoire-devant-le-tribunal-criminel-2\"},\"wordCount\":370,\"commentCount\":0,\"image\":{\"@id\":\"https:\/\/www.africa-press.net\/cotedivoire\/politique\/le-proces-de-soro-et-co-souvre-sous-haute-surveillance-en-cote-divoire-devant-le-tribunal-criminel-2#primaryimage\"},\"thumbnailUrl\":\"https:\/\/static.africa-press.net\/cote\/sites\/43\/2021\/05\/img-60a60f650490a.jpg\",\"keywords\":[\"Africa Press\",\"Africa Press-C\u00f4te d'Ivoire\",\"C\u00d4TE D'IVOIRE\"],\"articleSection\":[\"homepage-french\",\"Politique\",\"Toutes les actualit\u00e9s\"],\"inLanguage\":\"fr-FR\",\"potentialAction\":[{\"@type\":\"CommentAction\",\"name\":\"Comment\",\"target\":[\"https:\/\/www.africa-press.net\/cotedivoire\/politique\/le-proces-de-soro-et-co-souvre-sous-haute-surveillance-en-cote-divoire-devant-le-tribunal-criminel-2#respond\"]}]},{\"@type\":\"WebPage\",\"@id\":\"https:\/\/www.africa-press.net\/cotedivoire\/politique\/le-proces-de-soro-et-co-souvre-sous-haute-surveillance-en-cote-divoire-devant-le-tribunal-criminel-2\",\"url\":\"https:\/\/www.africa-press.net\/cotedivoire\/politique\/le-proces-de-soro-et-co-souvre-sous-haute-surveillance-en-cote-divoire-devant-le-tribunal-criminel-2\",\"name\":\"Le proc\u00e8s de Soro et Co. s\u2019ouvre sous haute surveillance en C\u00f4te-d\u2019Ivoire devant le tribunal criminel - C\u00f4te d&#039;Ivoire\",\"isPartOf\":{\"@id\":\"https:\/\/www.africa-press.net\/cotedivoire\/#website\"},\"primaryImageOfPage\":{\"@id\":\"https:\/\/www.africa-press.net\/cotedivoire\/politique\/le-proces-de-soro-et-co-souvre-sous-haute-surveillance-en-cote-divoire-devant-le-tribunal-criminel-2#primaryimage\"},\"image\":{\"@id\":\"https:\/\/www.africa-press.net\/cotedivoire\/politique\/le-proces-de-soro-et-co-souvre-sous-haute-surveillance-en-cote-divoire-devant-le-tribunal-criminel-2#primaryimage\"},\"thumbnailUrl\":\"https:\/\/static.africa-press.net\/cote\/sites\/43\/2021\/05\/img-60a60f650490a.jpg\",\"datePublished\":\"2021-05-20T07:29:45+00:00\",\"dateModified\":\"2021-05-20T17:15:16+00:00\",\"author\":{\"@id\":\"https:\/\/www.africa-press.net\/cotedivoire\/#\/schema\/person\/2b1cf3cd81a31e3cd26889ca66d677f1\"},\"description\":\"Edwige FIENDE En C\u00f4te d\u2019Ivoire, le proc\u00e8s devant le tribunal criminel de l\u2019ancien pr\u00e9sident de l\u2019Assembl\u00e9e nationale Gu ...\",\"breadcrumb\":{\"@id\":\"https:\/\/www.africa-press.net\/cotedivoire\/politique\/le-proces-de-soro-et-co-souvre-sous-haute-surveillance-en-cote-divoire-devant-le-tribunal-criminel-2#breadcrumb\"},\"inLanguage\":\"fr-FR\",\"potentialAction\":[{\"@type\":\"ReadAction\",\"target\":[\"https:\/\/www.africa-press.net\/cotedivoire\/politique\/le-proces-de-soro-et-co-souvre-sous-haute-surveillance-en-cote-divoire-devant-le-tribunal-criminel-2\"]}]},{\"@type\":\"ImageObject\",\"inLanguage\":\"fr-FR\",\"@id\":\"https:\/\/www.africa-press.net\/cotedivoire\/politique\/le-proces-de-soro-et-co-souvre-sous-haute-surveillance-en-cote-divoire-devant-le-tribunal-criminel-2#primaryimage\",\"url\":\"https:\/\/static.africa-press.net\/cote\/sites\/43\/2021\/05\/img-60a60f650490a.jpg\",\"contentUrl\":\"https:\/\/static.africa-press.net\/cote\/sites\/43\/2021\/05\/img-60a60f650490a.jpg\",\"width\":720,\"height\":720,\"caption\":\"Le proc\u00e8s de Soro et Co. s\u2019ouvre sous haute surveillance en C\u00f4te-d\u2019Ivoire devant le tribunal criminel\"},{\"@type\":\"BreadcrumbList\",\"@id\":\"https:\/\/www.africa-press.net\/cotedivoire\/politique\/le-proces-de-soro-et-co-souvre-sous-haute-surveillance-en-cote-divoire-devant-le-tribunal-criminel-2#breadcrumb\",\"itemListElement\":[{\"@type\":\"ListItem\",\"position\":1,\"name\":\"Accueil\",\"item\":\"https:\/\/www.africa-press.net\/cotedivoire\/\"},{\"@type\":\"ListItem\",\"position\":2,\"name\":\"Le proc\u00e8s de Soro et Co. s\u2019ouvre sous haute surveillance en C\u00f4te-d\u2019Ivoire devant le tribunal criminel\"}]},{\"@type\":\"WebSite\",\"@id\":\"https:\/\/www.africa-press.net\/cotedivoire\/#website\",\"url\":\"https:\/\/www.africa-press.net\/cotedivoire\/\",\"name\":\"C\u00f4te d&#039;Ivoire\",\"description\":\"Just another Africa News Agency Sites site\",\"potentialAction\":[{\"@type\":\"SearchAction\",\"target\":{\"@type\":\"EntryPoint\",\"urlTemplate\":\"https:\/\/www.africa-press.net\/cotedivoire\/?s={search_term_string}\"},\"query-input\":{\"@type\":\"PropertyValueSpecification\",\"valueRequired\":true,\"valueName\":\"search_term_string\"}}],\"inLanguage\":\"fr-FR\"},{\"@type\":\"Person\",\"@id\":\"https:\/\/www.africa-press.net\/cotedivoire\/#\/schema\/person\/2b1cf3cd81a31e3cd26889ca66d677f1\",\"name\":\"cfeditorfr\"}]}<\/script>\n<!-- \/ Yoast SEO Premium plugin. -->","yoast_head_json":{"title":"Le proc\u00e8s de Soro et Co. s\u2019ouvre sous haute surveillance en C\u00f4te-d\u2019Ivoire devant le tribunal criminel - C\u00f4te d&#039;Ivoire","description":"Edwige FIENDE En C\u00f4te d\u2019Ivoire, le proc\u00e8s devant le tribunal criminel de l\u2019ancien pr\u00e9sident de l\u2019Assembl\u00e9e nationale Gu ...","robots":{"index":"index","follow":"follow","max-snippet":"max-snippet:-1","max-image-preview":"max-image-preview:large","max-video-preview":"max-video-preview:-1"},"canonical":"https:\/\/www.africa-press.net\/cotedivoire\/politique\/le-proces-de-soro-et-co-souvre-sous-haute-surveillance-en-cote-divoire-devant-le-tribunal-criminel-2","og_locale":"fr_FR","og_type":"article","og_title":"Le proc\u00e8s de Soro et Co. s\u2019ouvre sous haute surveillance en C\u00f4te-d\u2019Ivoire devant le tribunal criminel","og_description":"Edwige FIENDE En C\u00f4te d\u2019Ivoire, le proc\u00e8s devant le tribunal criminel de l\u2019ancien pr\u00e9sident de l\u2019Assembl\u00e9e nationale Gu ...","og_url":"https:\/\/www.africa-press.net\/cotedivoire\/politique\/le-proces-de-soro-et-co-souvre-sous-haute-surveillance-en-cote-divoire-devant-le-tribunal-criminel-2","og_site_name":"C\u00f4te d&#039;Ivoire","article_published_time":"2021-05-20T07:29:45+00:00","article_modified_time":"2021-05-20T17:15:16+00:00","og_image":[{"width":720,"height":720,"url":"https:\/\/static.africa-press.net\/cote\/sites\/43\/2021\/05\/img-60a60f650490a.jpg","type":"image\/jpeg"}],"author":"cfeditorfr","twitter_card":"summary_large_image","twitter_misc":{"\u00c9crit par":"cfeditorfr","Dur\u00e9e de lecture estim\u00e9e":"2 minutes"},"schema":{"@context":"https:\/\/schema.org","@graph":[{"@type":"Article","@id":"https:\/\/www.africa-press.net\/cotedivoire\/politique\/le-proces-de-soro-et-co-souvre-sous-haute-surveillance-en-cote-divoire-devant-le-tribunal-criminel-2#article","isPartOf":{"@id":"https:\/\/www.africa-press.net\/cotedivoire\/politique\/le-proces-de-soro-et-co-souvre-sous-haute-surveillance-en-cote-divoire-devant-le-tribunal-criminel-2"},"author":{"name":"cfeditorfr","@id":"https:\/\/www.africa-press.net\/cotedivoire\/#\/schema\/person\/2b1cf3cd81a31e3cd26889ca66d677f1"},"headline":"Le proc\u00e8s de Soro et Co. s\u2019ouvre sous haute surveillance en C\u00f4te-d\u2019Ivoire devant le tribunal criminel","datePublished":"2021-05-20T07:29:45+00:00","dateModified":"2021-05-20T17:15:16+00:00","mainEntityOfPage":{"@id":"https:\/\/www.africa-press.net\/cotedivoire\/politique\/le-proces-de-soro-et-co-souvre-sous-haute-surveillance-en-cote-divoire-devant-le-tribunal-criminel-2"},"wordCount":370,"commentCount":0,"image":{"@id":"https:\/\/www.africa-press.net\/cotedivoire\/politique\/le-proces-de-soro-et-co-souvre-sous-haute-surveillance-en-cote-divoire-devant-le-tribunal-criminel-2#primaryimage"},"thumbnailUrl":"https:\/\/static.africa-press.net\/cote\/sites\/43\/2021\/05\/img-60a60f650490a.jpg","keywords":["Africa Press","Africa Press-C\u00f4te d'Ivoire","C\u00d4TE D'IVOIRE"],"articleSection":["homepage-french","Politique","Toutes les actualit\u00e9s"],"inLanguage":"fr-FR","potentialAction":[{"@type":"CommentAction","name":"Comment","target":["https:\/\/www.africa-press.net\/cotedivoire\/politique\/le-proces-de-soro-et-co-souvre-sous-haute-surveillance-en-cote-divoire-devant-le-tribunal-criminel-2#respond"]}]},{"@type":"WebPage","@id":"https:\/\/www.africa-press.net\/cotedivoire\/politique\/le-proces-de-soro-et-co-souvre-sous-haute-surveillance-en-cote-divoire-devant-le-tribunal-criminel-2","url":"https:\/\/www.africa-press.net\/cotedivoire\/politique\/le-proces-de-soro-et-co-souvre-sous-haute-surveillance-en-cote-divoire-devant-le-tribunal-criminel-2","name":"Le proc\u00e8s de Soro et Co. s\u2019ouvre sous haute surveillance en C\u00f4te-d\u2019Ivoire devant le tribunal criminel - C\u00f4te d&#039;Ivoire","isPartOf":{"@id":"https:\/\/www.africa-press.net\/cotedivoire\/#website"},"primaryImageOfPage":{"@id":"https:\/\/www.africa-press.net\/cotedivoire\/politique\/le-proces-de-soro-et-co-souvre-sous-haute-surveillance-en-cote-divoire-devant-le-tribunal-criminel-2#primaryimage"},"image":{"@id":"https:\/\/www.africa-press.net\/cotedivoire\/politique\/le-proces-de-soro-et-co-souvre-sous-haute-surveillance-en-cote-divoire-devant-le-tribunal-criminel-2#primaryimage"},"thumbnailUrl":"https:\/\/static.africa-press.net\/cote\/sites\/43\/2021\/05\/img-60a60f650490a.jpg","datePublished":"2021-05-20T07:29:45+00:00","dateModified":"2021-05-20T17:15:16+00:00","author":{"@id":"https:\/\/www.africa-press.net\/cotedivoire\/#\/schema\/person\/2b1cf3cd81a31e3cd26889ca66d677f1"},"description":"Edwige FIENDE En C\u00f4te d\u2019Ivoire, le proc\u00e8s devant le tribunal criminel de l\u2019ancien pr\u00e9sident de l\u2019Assembl\u00e9e nationale Gu ...","breadcrumb":{"@id":"https:\/\/www.africa-press.net\/cotedivoire\/politique\/le-proces-de-soro-et-co-souvre-sous-haute-surveillance-en-cote-divoire-devant-le-tribunal-criminel-2#breadcrumb"},"inLanguage":"fr-FR","potentialAction":[{"@type":"ReadAction","target":["https:\/\/www.africa-press.net\/cotedivoire\/politique\/le-proces-de-soro-et-co-souvre-sous-haute-surveillance-en-cote-divoire-devant-le-tribunal-criminel-2"]}]},{"@type":"ImageObject","inLanguage":"fr-FR","@id":"https:\/\/www.africa-press.net\/cotedivoire\/politique\/le-proces-de-soro-et-co-souvre-sous-haute-surveillance-en-cote-divoire-devant-le-tribunal-criminel-2#primaryimage","url":"https:\/\/static.africa-press.net\/cote\/sites\/43\/2021\/05\/img-60a60f650490a.jpg","contentUrl":"https:\/\/static.africa-press.net\/cote\/sites\/43\/2021\/05\/img-60a60f650490a.jpg","width":720,"height":720,"caption":"Le proc\u00e8s de Soro et Co. s\u2019ouvre sous haute surveillance en C\u00f4te-d\u2019Ivoire devant le tribunal criminel"},{"@type":"BreadcrumbList","@id":"https:\/\/www.africa-press.net\/cotedivoire\/politique\/le-proces-de-soro-et-co-souvre-sous-haute-surveillance-en-cote-divoire-devant-le-tribunal-criminel-2#breadcrumb","itemListElement":[{"@type":"ListItem","position":1,"name":"Accueil","item":"https:\/\/www.africa-press.net\/cotedivoire\/"},{"@type":"ListItem","position":2,"name":"Le proc\u00e8s de Soro et Co. s\u2019ouvre sous haute surveillance en C\u00f4te-d\u2019Ivoire devant le tribunal criminel"}]},{"@type":"WebSite","@id":"https:\/\/www.africa-press.net\/cotedivoire\/#website","url":"https:\/\/www.africa-press.net\/cotedivoire\/","name":"C\u00f4te d&#039;Ivoire","description":"Just another Africa News Agency Sites site","potentialAction":[{"@type":"SearchAction","target":{"@type":"EntryPoint","urlTemplate":"https:\/\/www.africa-press.net\/cotedivoire\/?s={search_term_string}"},"query-input":{"@type":"PropertyValueSpecification","valueRequired":true,"valueName":"search_term_string"}}],"inLanguage":"fr-FR"},{"@type":"Person","@id":"https:\/\/www.africa-press.net\/cotedivoire\/#\/schema\/person\/2b1cf3cd81a31e3cd26889ca66d677f1","name":"cfeditorfr"}]}},"_links":{"self":[{"href":"https:\/\/www.africa-press.net\/cotedivoire\/wp-json\/wp\/v2\/posts\/7985","targetHints":{"allow":["GET"]}}],"collection":[{"href":"https:\/\/www.africa-press.net\/cotedivoire\/wp-json\/wp\/v2\/posts"}],"about":[{"href":"https:\/\/www.africa-press.net\/cotedivoire\/wp-json\/wp\/v2\/types\/post"}],"author":[{"embeddable":true,"href":"https:\/\/www.africa-press.net\/cotedivoire\/wp-json\/wp\/v2\/users\/82"}],"replies":[{"embeddable":true,"href":"https:\/\/www.africa-press.net\/cotedivoire\/wp-json\/wp\/v2\/comments?post=7985"}],"version-history":[{"count":0,"href":"https:\/\/www.africa-press.net\/cotedivoire\/wp-json\/wp\/v2\/posts\/7985\/revisions"}],"wp:featuredmedia":[{"embeddable":true,"href":"https:\/\/www.africa-press.net\/cotedivoire\/wp-json\/wp\/v2\/media\/7984"}],"wp:attachment":[{"href":"https:\/\/www.africa-press.net\/cotedivoire\/wp-json\/wp\/v2\/media?parent=7985"}],"wp:term":[{"taxonomy":"category","embeddable":true,"href":"https:\/\/www.africa-press.net\/cotedivoire\/wp-json\/wp\/v2\/categories?post=7985"},{"taxonomy":"post_tag","embeddable":true,"href":"https:\/\/www.africa-press.net\/cotedivoire\/wp-json\/wp\/v2\/tags?post=7985"}],"curies":[{"name":"wp","href":"https:\/\/api.w.org\/{rel}","templated":true}]}}