{"id":7988,"date":"2021-05-20T07:39:31","date_gmt":"2021-05-20T07:39:31","guid":{"rendered":"https:\/\/www.africa-press.net\/cotedivoire\/?p=7988"},"modified":"2021-05-20T17:15:34","modified_gmt":"2021-05-20T17:15:34","slug":"des-violences-contre-des-nigeriens-font-10-blesses-des-vehicules-calcines-et-plusieurs-magasins-pilles-en-cote-divoire","status":"publish","type":"post","link":"https:\/\/www.africa-press.net\/cotedivoire\/politique\/des-violences-contre-des-nigeriens-font-10-blesses-des-vehicules-calcines-et-plusieurs-magasins-pilles-en-cote-divoire","title":{"rendered":"Des violences contre des Nig\u00e9riens font \u00ab\u00a010 bless\u00e9s, des v\u00e9hicules calcin\u00e9s et plusieurs magasins pill\u00e9s\u00a0\u00bb en C\u00f4te-d\u2019Ivoire"},"content":{"rendered":"<p><span style=\"color: #ff6600\"><strong><a href=\"https:\/\/www.africa-press.net\/\">Africa-Press<\/a> &#8211; <a href=\"https:\/\/www.africa-press.net\/cotedivoire\">C\u00f4te d&rsquo;Ivoire<\/a>.\u00a0 <\/strong><\/span>En C\u00f4te d\u2019Ivoire, dix personnes ont \u00e9t\u00e9 bless\u00e9es, six v\u00e9hicules calcin\u00e9s et une douzaine de magasins pill\u00e9s dans des violences \u00e0 Abidjan et Daloa \u00ab visant la communaut\u00e9 nig\u00e9rienne \u00bb, apr\u00e8s une vid\u00e9o d\u2019actes de violences sur de pr\u00e9sum\u00e9s ivoiriens \u00e0 l\u2019\u00e9tranger publi\u00e9e sur les r\u00e9seaux sociaux, selon un bilan du ministre de la S\u00e9curit\u00e9 Vagondo Diomand\u00e9.<\/p>\n<p>\u00ab Ces incidents ont provoqu\u00e9 en terme de bilan \u00ab 10 blesses, 12 interpelles, six v\u00e9hicules calcin\u00e9s, une douzaine de magasins pill\u00e9s \u00bb, a fait savoir M. Diomand\u00e9, sur la RTI, la t\u00e9l\u00e9vision nationale.<\/p>\n<p>Mercredi apr\u00e8s-midi, des incidents ont \u00e9t\u00e9 enregistr\u00e9s dans les communes Abidjanaises de Angr\u00e9, Abobo, Yopougon, Adjam\u00e9, Anyama suite \u00e0 la publication d\u2019une vid\u00e9o mettant en sc\u00e8ne des actes de violence sur des individus.<\/p>\n<p>Mardi \u00e0 Daloa, des individus \u00ab ont tent\u00e9 de molester des Nig\u00e9riens \u00bb.<\/p>\n<p>\u00ab Certaines personnes ont fait croire que c\u2019\u00e9tait des migrants ivoiriens. Suite \u00e0 cette interpr\u00e9tation, des actes de violence visant la communaut\u00e9 nig\u00e9rienne en C\u00f4te d\u2019Ivoire ont \u00e9t\u00e9 perp\u00e9tr\u00e9s \u00bb, a expliqu\u00e9 M. Diomand\u00e9.<\/p>\n<p>Selon lui, \u00ab des enqu\u00eates sont en cours \u00bb et \u00ab permettront de mettre \u00e0 nu l\u2019auteur de cette vid\u00e9o \u00bb.<\/p>\n<p>Interrog\u00e9 \u00e0 son tour, le consul honoraire de la C\u00f4te d\u2019Ivoire au Niger Victor Akess\u00e9 Akpro a assur\u00e9 qu\u2019il n\u2019y avait \u00ab pas d\u2019Ivoiriens maltrait\u00e9s au Niger \u00bb et \u00e9voqu\u00e9 \u00ab une vieille vid\u00e9o de membres de Boko Haram appr\u00e9hend\u00e9s qui subissaient la vindicte populaire \u00bb.<\/p>\n<p>&nbsp;<\/p>\n<p>Andr\u00e9 Silver Konan<br \/>\nCette affaire qui est partie d\u2019une vid\u00e9o anti-dat\u00e9e et ne concernant ni des Nig\u00e9riens, ni des Ivoiriens ; risque de conna\u00eetre des d\u00e9veloppements. C\u2019est ici au moins que la RTI, avec ses directs sur des sujets souvent inutiles, devrait jouer son r\u00f4le de service public. Des responsables de haut niveau devraient d\u00e8s maintenant dire aux t\u00e9l\u00e9spectateurs que la vid\u00e9o ne concerne pas les Ivoiriens. De son c\u00f4t\u00e9, l\u2019arm\u00e9e doit intervenir \u00e9nergiquement dans les quartiers touch\u00e9s \u00e0 Abobo ou potentiellement \u00e0 risque, dans d\u2019autres communes. La C\u00f4te d\u2019Ivoire ne saurait devenir un Afrique du Sud bis. L\u2019image du pays est d\u00e9j\u00e0 suffisamment massacr\u00e9e comme \u00e7a, avec les d\u00e9lestages. Dieu nous donne la bonne compr\u00e9hension !<\/p>\n","protected":false},"excerpt":{"rendered":"<p>Africa-Press &#8211; C\u00f4te d&rsquo;Ivoire.\u00a0 En C\u00f4te d\u2019Ivoire, dix personnes ont \u00e9t\u00e9 bless\u00e9es, six v\u00e9hicules calcin\u00e9s et une douzaine de magasins pill\u00e9s dans des violences \u00e0 Abidjan et Daloa \u00ab visant la communaut\u00e9 nig\u00e9rienne \u00bb, apr\u00e8s une vid\u00e9o d\u2019actes de violences sur de pr\u00e9sum\u00e9s ivoiriens \u00e0 l\u2019\u00e9tranger publi\u00e9e sur les r\u00e9seaux sociaux, selon un bilan du [&hellip;]<\/p>\n","protected":false},"author":82,"featured_media":7987,"comment_status":"open","ping_status":"closed","sticky":false,"template":"","format":"standard","meta":{"footnotes":""},"categories":[11,2,20,10],"tags":[56,63,29],"class_list":["post-7988","post","type-post","status-publish","format-standard","has-post-thumbnail","hentry","category-homepage-french","category-politique","category-top-nouvelles","category-toutes-les-actualites","tag-africa-press","tag-africa-press-cote-divoire","tag-cote-divoire"],"yoast_head":"<!-- This site is optimized with the Yoast SEO Premium plugin v26.1 (Yoast SEO v27.0) - https:\/\/yoast.com\/product\/yoast-seo-premium-wordpress\/ -->\n<title>Des violences contre des Nig\u00e9riens font \u00ab\u00a010 bless\u00e9s, des v\u00e9hicules calcin\u00e9s et plusieurs magasins pill\u00e9s\u00a0\u00bb en C\u00f4te-d\u2019Ivoire - C\u00f4te d&#039;Ivoire<\/title>\n<meta name=\"description\" content=\"Edwige FIENDE En C\u00f4te d\u2019Ivoire, dix personnes ont \u00e9t\u00e9 bless\u00e9es, six v\u00e9hicules calcin\u00e9s et une douzaine de magasins pill ...\" \/>\n<meta name=\"robots\" content=\"index, follow, max-snippet:-1, max-image-preview:large, max-video-preview:-1\" \/>\n<link rel=\"canonical\" href=\"https:\/\/www.africa-press.net\/cotedivoire\/politique\/des-violences-contre-des-nigeriens-font-10-blesses-des-vehicules-calcines-et-plusieurs-magasins-pilles-en-cote-divoire\" \/>\n<meta property=\"og:locale\" content=\"fr_FR\" \/>\n<meta property=\"og:type\" content=\"article\" \/>\n<meta property=\"og:title\" content=\"Des violences contre des Nig\u00e9riens font \u00ab\u00a010 bless\u00e9s, des v\u00e9hicules calcin\u00e9s et plusieurs magasins pill\u00e9s\u00a0\u00bb en C\u00f4te-d\u2019Ivoire\" \/>\n<meta property=\"og:description\" content=\"Edwige FIENDE En C\u00f4te d\u2019Ivoire, dix personnes ont \u00e9t\u00e9 bless\u00e9es, six v\u00e9hicules calcin\u00e9s et une douzaine de magasins pill ...\" \/>\n<meta property=\"og:url\" content=\"https:\/\/www.africa-press.net\/cotedivoire\/politique\/des-violences-contre-des-nigeriens-font-10-blesses-des-vehicules-calcines-et-plusieurs-magasins-pilles-en-cote-divoire\" \/>\n<meta property=\"og:site_name\" content=\"C\u00f4te d&#039;Ivoire\" \/>\n<meta property=\"article:published_time\" content=\"2021-05-20T07:39:31+00:00\" \/>\n<meta property=\"article:modified_time\" content=\"2021-05-20T17:15:34+00:00\" \/>\n<meta property=\"og:image\" content=\"https:\/\/static.africa-press.net\/cote\/sites\/43\/2021\/05\/img-60a60f90e6f92.jpg\" \/>\n\t<meta property=\"og:image:width\" content=\"932\" \/>\n\t<meta property=\"og:image:height\" content=\"582\" \/>\n\t<meta property=\"og:image:type\" content=\"image\/jpeg\" \/>\n<meta name=\"author\" content=\"cfeditorfr\" \/>\n<meta name=\"twitter:card\" content=\"summary_large_image\" \/>\n<meta name=\"twitter:label1\" content=\"\u00c9crit par\" \/>\n\t<meta name=\"twitter:data1\" content=\"cfeditorfr\" \/>\n\t<meta name=\"twitter:label2\" content=\"Dur\u00e9e de lecture estim\u00e9e\" \/>\n\t<meta name=\"twitter:data2\" content=\"2 minutes\" \/>\n<script type=\"application\/ld+json\" class=\"yoast-schema-graph\">{\"@context\":\"https:\/\/schema.org\",\"@graph\":[{\"@type\":\"Article\",\"@id\":\"https:\/\/www.africa-press.net\/cotedivoire\/politique\/des-violences-contre-des-nigeriens-font-10-blesses-des-vehicules-calcines-et-plusieurs-magasins-pilles-en-cote-divoire#article\",\"isPartOf\":{\"@id\":\"https:\/\/www.africa-press.net\/cotedivoire\/politique\/des-violences-contre-des-nigeriens-font-10-blesses-des-vehicules-calcines-et-plusieurs-magasins-pilles-en-cote-divoire\"},\"author\":{\"name\":\"cfeditorfr\",\"@id\":\"https:\/\/www.africa-press.net\/cotedivoire\/#\/schema\/person\/2b1cf3cd81a31e3cd26889ca66d677f1\"},\"headline\":\"Des violences contre des Nig\u00e9riens font \u00ab\u00a010 bless\u00e9s, des v\u00e9hicules calcin\u00e9s et plusieurs magasins pill\u00e9s\u00a0\u00bb en C\u00f4te-d\u2019Ivoire\",\"datePublished\":\"2021-05-20T07:39:31+00:00\",\"dateModified\":\"2021-05-20T17:15:34+00:00\",\"mainEntityOfPage\":{\"@id\":\"https:\/\/www.africa-press.net\/cotedivoire\/politique\/des-violences-contre-des-nigeriens-font-10-blesses-des-vehicules-calcines-et-plusieurs-magasins-pilles-en-cote-divoire\"},\"wordCount\":425,\"commentCount\":0,\"image\":{\"@id\":\"https:\/\/www.africa-press.net\/cotedivoire\/politique\/des-violences-contre-des-nigeriens-font-10-blesses-des-vehicules-calcines-et-plusieurs-magasins-pilles-en-cote-divoire#primaryimage\"},\"thumbnailUrl\":\"https:\/\/static.africa-press.net\/cote\/sites\/43\/2021\/05\/img-60a60f90e6f92.jpg\",\"keywords\":[\"Africa Press\",\"Africa Press-C\u00f4te d'Ivoire\",\"C\u00d4TE D'IVOIRE\"],\"articleSection\":[\"homepage-french\",\"Politique\",\"Top Nouvelles\",\"Toutes les actualit\u00e9s\"],\"inLanguage\":\"fr-FR\",\"potentialAction\":[{\"@type\":\"CommentAction\",\"name\":\"Comment\",\"target\":[\"https:\/\/www.africa-press.net\/cotedivoire\/politique\/des-violences-contre-des-nigeriens-font-10-blesses-des-vehicules-calcines-et-plusieurs-magasins-pilles-en-cote-divoire#respond\"]}]},{\"@type\":\"WebPage\",\"@id\":\"https:\/\/www.africa-press.net\/cotedivoire\/politique\/des-violences-contre-des-nigeriens-font-10-blesses-des-vehicules-calcines-et-plusieurs-magasins-pilles-en-cote-divoire\",\"url\":\"https:\/\/www.africa-press.net\/cotedivoire\/politique\/des-violences-contre-des-nigeriens-font-10-blesses-des-vehicules-calcines-et-plusieurs-magasins-pilles-en-cote-divoire\",\"name\":\"Des violences contre des Nig\u00e9riens font \u00ab\u00a010 bless\u00e9s, des v\u00e9hicules calcin\u00e9s et plusieurs magasins pill\u00e9s\u00a0\u00bb en C\u00f4te-d\u2019Ivoire - C\u00f4te d&#039;Ivoire\",\"isPartOf\":{\"@id\":\"https:\/\/www.africa-press.net\/cotedivoire\/#website\"},\"primaryImageOfPage\":{\"@id\":\"https:\/\/www.africa-press.net\/cotedivoire\/politique\/des-violences-contre-des-nigeriens-font-10-blesses-des-vehicules-calcines-et-plusieurs-magasins-pilles-en-cote-divoire#primaryimage\"},\"image\":{\"@id\":\"https:\/\/www.africa-press.net\/cotedivoire\/politique\/des-violences-contre-des-nigeriens-font-10-blesses-des-vehicules-calcines-et-plusieurs-magasins-pilles-en-cote-divoire#primaryimage\"},\"thumbnailUrl\":\"https:\/\/static.africa-press.net\/cote\/sites\/43\/2021\/05\/img-60a60f90e6f92.jpg\",\"datePublished\":\"2021-05-20T07:39:31+00:00\",\"dateModified\":\"2021-05-20T17:15:34+00:00\",\"author\":{\"@id\":\"https:\/\/www.africa-press.net\/cotedivoire\/#\/schema\/person\/2b1cf3cd81a31e3cd26889ca66d677f1\"},\"description\":\"Edwige FIENDE En C\u00f4te d\u2019Ivoire, dix personnes ont \u00e9t\u00e9 bless\u00e9es, six v\u00e9hicules calcin\u00e9s et une douzaine de magasins pill ...\",\"breadcrumb\":{\"@id\":\"https:\/\/www.africa-press.net\/cotedivoire\/politique\/des-violences-contre-des-nigeriens-font-10-blesses-des-vehicules-calcines-et-plusieurs-magasins-pilles-en-cote-divoire#breadcrumb\"},\"inLanguage\":\"fr-FR\",\"potentialAction\":[{\"@type\":\"ReadAction\",\"target\":[\"https:\/\/www.africa-press.net\/cotedivoire\/politique\/des-violences-contre-des-nigeriens-font-10-blesses-des-vehicules-calcines-et-plusieurs-magasins-pilles-en-cote-divoire\"]}]},{\"@type\":\"ImageObject\",\"inLanguage\":\"fr-FR\",\"@id\":\"https:\/\/www.africa-press.net\/cotedivoire\/politique\/des-violences-contre-des-nigeriens-font-10-blesses-des-vehicules-calcines-et-plusieurs-magasins-pilles-en-cote-divoire#primaryimage\",\"url\":\"https:\/\/static.africa-press.net\/cote\/sites\/43\/2021\/05\/img-60a60f90e6f92.jpg\",\"contentUrl\":\"https:\/\/static.africa-press.net\/cote\/sites\/43\/2021\/05\/img-60a60f90e6f92.jpg\",\"width\":932,\"height\":582,\"caption\":\"Des violences contre des Nig\u00e9riens font \u00ab\u00a010 bless\u00e9s, des v\u00e9hicules calcin\u00e9s et plusieurs magasins pill\u00e9s\u00a0\u00bb en C\u00f4te-d\u2019Ivoire\"},{\"@type\":\"BreadcrumbList\",\"@id\":\"https:\/\/www.africa-press.net\/cotedivoire\/politique\/des-violences-contre-des-nigeriens-font-10-blesses-des-vehicules-calcines-et-plusieurs-magasins-pilles-en-cote-divoire#breadcrumb\",\"itemListElement\":[{\"@type\":\"ListItem\",\"position\":1,\"name\":\"Accueil\",\"item\":\"https:\/\/www.africa-press.net\/cotedivoire\/\"},{\"@type\":\"ListItem\",\"position\":2,\"name\":\"Des violences contre des Nig\u00e9riens font \u00ab\u00a010 bless\u00e9s, des v\u00e9hicules calcin\u00e9s et plusieurs magasins pill\u00e9s\u00a0\u00bb en C\u00f4te-d\u2019Ivoire\"}]},{\"@type\":\"WebSite\",\"@id\":\"https:\/\/www.africa-press.net\/cotedivoire\/#website\",\"url\":\"https:\/\/www.africa-press.net\/cotedivoire\/\",\"name\":\"C\u00f4te d&#039;Ivoire\",\"description\":\"Just another Africa News Agency Sites site\",\"potentialAction\":[{\"@type\":\"SearchAction\",\"target\":{\"@type\":\"EntryPoint\",\"urlTemplate\":\"https:\/\/www.africa-press.net\/cotedivoire\/?s={search_term_string}\"},\"query-input\":{\"@type\":\"PropertyValueSpecification\",\"valueRequired\":true,\"valueName\":\"search_term_string\"}}],\"inLanguage\":\"fr-FR\"},{\"@type\":\"Person\",\"@id\":\"https:\/\/www.africa-press.net\/cotedivoire\/#\/schema\/person\/2b1cf3cd81a31e3cd26889ca66d677f1\",\"name\":\"cfeditorfr\"}]}<\/script>\n<!-- \/ Yoast SEO Premium plugin. -->","yoast_head_json":{"title":"Des violences contre des Nig\u00e9riens font \u00ab\u00a010 bless\u00e9s, des v\u00e9hicules calcin\u00e9s et plusieurs magasins pill\u00e9s\u00a0\u00bb en C\u00f4te-d\u2019Ivoire - C\u00f4te d&#039;Ivoire","description":"Edwige FIENDE En C\u00f4te d\u2019Ivoire, dix personnes ont \u00e9t\u00e9 bless\u00e9es, six v\u00e9hicules calcin\u00e9s et une douzaine de magasins pill ...","robots":{"index":"index","follow":"follow","max-snippet":"max-snippet:-1","max-image-preview":"max-image-preview:large","max-video-preview":"max-video-preview:-1"},"canonical":"https:\/\/www.africa-press.net\/cotedivoire\/politique\/des-violences-contre-des-nigeriens-font-10-blesses-des-vehicules-calcines-et-plusieurs-magasins-pilles-en-cote-divoire","og_locale":"fr_FR","og_type":"article","og_title":"Des violences contre des Nig\u00e9riens font \u00ab\u00a010 bless\u00e9s, des v\u00e9hicules calcin\u00e9s et plusieurs magasins pill\u00e9s\u00a0\u00bb en C\u00f4te-d\u2019Ivoire","og_description":"Edwige FIENDE En C\u00f4te d\u2019Ivoire, dix personnes ont \u00e9t\u00e9 bless\u00e9es, six v\u00e9hicules calcin\u00e9s et une douzaine de magasins pill ...","og_url":"https:\/\/www.africa-press.net\/cotedivoire\/politique\/des-violences-contre-des-nigeriens-font-10-blesses-des-vehicules-calcines-et-plusieurs-magasins-pilles-en-cote-divoire","og_site_name":"C\u00f4te d&#039;Ivoire","article_published_time":"2021-05-20T07:39:31+00:00","article_modified_time":"2021-05-20T17:15:34+00:00","og_image":[{"width":932,"height":582,"url":"https:\/\/static.africa-press.net\/cote\/sites\/43\/2021\/05\/img-60a60f90e6f92.jpg","type":"image\/jpeg"}],"author":"cfeditorfr","twitter_card":"summary_large_image","twitter_misc":{"\u00c9crit par":"cfeditorfr","Dur\u00e9e de lecture estim\u00e9e":"2 minutes"},"schema":{"@context":"https:\/\/schema.org","@graph":[{"@type":"Article","@id":"https:\/\/www.africa-press.net\/cotedivoire\/politique\/des-violences-contre-des-nigeriens-font-10-blesses-des-vehicules-calcines-et-plusieurs-magasins-pilles-en-cote-divoire#article","isPartOf":{"@id":"https:\/\/www.africa-press.net\/cotedivoire\/politique\/des-violences-contre-des-nigeriens-font-10-blesses-des-vehicules-calcines-et-plusieurs-magasins-pilles-en-cote-divoire"},"author":{"name":"cfeditorfr","@id":"https:\/\/www.africa-press.net\/cotedivoire\/#\/schema\/person\/2b1cf3cd81a31e3cd26889ca66d677f1"},"headline":"Des violences contre des Nig\u00e9riens font \u00ab\u00a010 bless\u00e9s, des v\u00e9hicules calcin\u00e9s et plusieurs magasins pill\u00e9s\u00a0\u00bb en C\u00f4te-d\u2019Ivoire","datePublished":"2021-05-20T07:39:31+00:00","dateModified":"2021-05-20T17:15:34+00:00","mainEntityOfPage":{"@id":"https:\/\/www.africa-press.net\/cotedivoire\/politique\/des-violences-contre-des-nigeriens-font-10-blesses-des-vehicules-calcines-et-plusieurs-magasins-pilles-en-cote-divoire"},"wordCount":425,"commentCount":0,"image":{"@id":"https:\/\/www.africa-press.net\/cotedivoire\/politique\/des-violences-contre-des-nigeriens-font-10-blesses-des-vehicules-calcines-et-plusieurs-magasins-pilles-en-cote-divoire#primaryimage"},"thumbnailUrl":"https:\/\/static.africa-press.net\/cote\/sites\/43\/2021\/05\/img-60a60f90e6f92.jpg","keywords":["Africa Press","Africa Press-C\u00f4te d'Ivoire","C\u00d4TE D'IVOIRE"],"articleSection":["homepage-french","Politique","Top Nouvelles","Toutes les actualit\u00e9s"],"inLanguage":"fr-FR","potentialAction":[{"@type":"CommentAction","name":"Comment","target":["https:\/\/www.africa-press.net\/cotedivoire\/politique\/des-violences-contre-des-nigeriens-font-10-blesses-des-vehicules-calcines-et-plusieurs-magasins-pilles-en-cote-divoire#respond"]}]},{"@type":"WebPage","@id":"https:\/\/www.africa-press.net\/cotedivoire\/politique\/des-violences-contre-des-nigeriens-font-10-blesses-des-vehicules-calcines-et-plusieurs-magasins-pilles-en-cote-divoire","url":"https:\/\/www.africa-press.net\/cotedivoire\/politique\/des-violences-contre-des-nigeriens-font-10-blesses-des-vehicules-calcines-et-plusieurs-magasins-pilles-en-cote-divoire","name":"Des violences contre des Nig\u00e9riens font \u00ab\u00a010 bless\u00e9s, des v\u00e9hicules calcin\u00e9s et plusieurs magasins pill\u00e9s\u00a0\u00bb en C\u00f4te-d\u2019Ivoire - C\u00f4te d&#039;Ivoire","isPartOf":{"@id":"https:\/\/www.africa-press.net\/cotedivoire\/#website"},"primaryImageOfPage":{"@id":"https:\/\/www.africa-press.net\/cotedivoire\/politique\/des-violences-contre-des-nigeriens-font-10-blesses-des-vehicules-calcines-et-plusieurs-magasins-pilles-en-cote-divoire#primaryimage"},"image":{"@id":"https:\/\/www.africa-press.net\/cotedivoire\/politique\/des-violences-contre-des-nigeriens-font-10-blesses-des-vehicules-calcines-et-plusieurs-magasins-pilles-en-cote-divoire#primaryimage"},"thumbnailUrl":"https:\/\/static.africa-press.net\/cote\/sites\/43\/2021\/05\/img-60a60f90e6f92.jpg","datePublished":"2021-05-20T07:39:31+00:00","dateModified":"2021-05-20T17:15:34+00:00","author":{"@id":"https:\/\/www.africa-press.net\/cotedivoire\/#\/schema\/person\/2b1cf3cd81a31e3cd26889ca66d677f1"},"description":"Edwige FIENDE En C\u00f4te d\u2019Ivoire, dix personnes ont \u00e9t\u00e9 bless\u00e9es, six v\u00e9hicules calcin\u00e9s et une douzaine de magasins pill ...","breadcrumb":{"@id":"https:\/\/www.africa-press.net\/cotedivoire\/politique\/des-violences-contre-des-nigeriens-font-10-blesses-des-vehicules-calcines-et-plusieurs-magasins-pilles-en-cote-divoire#breadcrumb"},"inLanguage":"fr-FR","potentialAction":[{"@type":"ReadAction","target":["https:\/\/www.africa-press.net\/cotedivoire\/politique\/des-violences-contre-des-nigeriens-font-10-blesses-des-vehicules-calcines-et-plusieurs-magasins-pilles-en-cote-divoire"]}]},{"@type":"ImageObject","inLanguage":"fr-FR","@id":"https:\/\/www.africa-press.net\/cotedivoire\/politique\/des-violences-contre-des-nigeriens-font-10-blesses-des-vehicules-calcines-et-plusieurs-magasins-pilles-en-cote-divoire#primaryimage","url":"https:\/\/static.africa-press.net\/cote\/sites\/43\/2021\/05\/img-60a60f90e6f92.jpg","contentUrl":"https:\/\/static.africa-press.net\/cote\/sites\/43\/2021\/05\/img-60a60f90e6f92.jpg","width":932,"height":582,"caption":"Des violences contre des Nig\u00e9riens font \u00ab\u00a010 bless\u00e9s, des v\u00e9hicules calcin\u00e9s et plusieurs magasins pill\u00e9s\u00a0\u00bb en C\u00f4te-d\u2019Ivoire"},{"@type":"BreadcrumbList","@id":"https:\/\/www.africa-press.net\/cotedivoire\/politique\/des-violences-contre-des-nigeriens-font-10-blesses-des-vehicules-calcines-et-plusieurs-magasins-pilles-en-cote-divoire#breadcrumb","itemListElement":[{"@type":"ListItem","position":1,"name":"Accueil","item":"https:\/\/www.africa-press.net\/cotedivoire\/"},{"@type":"ListItem","position":2,"name":"Des violences contre des Nig\u00e9riens font \u00ab\u00a010 bless\u00e9s, des v\u00e9hicules calcin\u00e9s et plusieurs magasins pill\u00e9s\u00a0\u00bb en C\u00f4te-d\u2019Ivoire"}]},{"@type":"WebSite","@id":"https:\/\/www.africa-press.net\/cotedivoire\/#website","url":"https:\/\/www.africa-press.net\/cotedivoire\/","name":"C\u00f4te d&#039;Ivoire","description":"Just another Africa News Agency Sites site","potentialAction":[{"@type":"SearchAction","target":{"@type":"EntryPoint","urlTemplate":"https:\/\/www.africa-press.net\/cotedivoire\/?s={search_term_string}"},"query-input":{"@type":"PropertyValueSpecification","valueRequired":true,"valueName":"search_term_string"}}],"inLanguage":"fr-FR"},{"@type":"Person","@id":"https:\/\/www.africa-press.net\/cotedivoire\/#\/schema\/person\/2b1cf3cd81a31e3cd26889ca66d677f1","name":"cfeditorfr"}]}},"_links":{"self":[{"href":"https:\/\/www.africa-press.net\/cotedivoire\/wp-json\/wp\/v2\/posts\/7988","targetHints":{"allow":["GET"]}}],"collection":[{"href":"https:\/\/www.africa-press.net\/cotedivoire\/wp-json\/wp\/v2\/posts"}],"about":[{"href":"https:\/\/www.africa-press.net\/cotedivoire\/wp-json\/wp\/v2\/types\/post"}],"author":[{"embeddable":true,"href":"https:\/\/www.africa-press.net\/cotedivoire\/wp-json\/wp\/v2\/users\/82"}],"replies":[{"embeddable":true,"href":"https:\/\/www.africa-press.net\/cotedivoire\/wp-json\/wp\/v2\/comments?post=7988"}],"version-history":[{"count":0,"href":"https:\/\/www.africa-press.net\/cotedivoire\/wp-json\/wp\/v2\/posts\/7988\/revisions"}],"wp:featuredmedia":[{"embeddable":true,"href":"https:\/\/www.africa-press.net\/cotedivoire\/wp-json\/wp\/v2\/media\/7987"}],"wp:attachment":[{"href":"https:\/\/www.africa-press.net\/cotedivoire\/wp-json\/wp\/v2\/media?parent=7988"}],"wp:term":[{"taxonomy":"category","embeddable":true,"href":"https:\/\/www.africa-press.net\/cotedivoire\/wp-json\/wp\/v2\/categories?post=7988"},{"taxonomy":"post_tag","embeddable":true,"href":"https:\/\/www.africa-press.net\/cotedivoire\/wp-json\/wp\/v2\/tags?post=7988"}],"curies":[{"name":"wp","href":"https:\/\/api.w.org\/{rel}","templated":true}]}}