{"id":7997,"date":"2021-05-20T15:51:42","date_gmt":"2021-05-20T15:51:42","guid":{"rendered":"https:\/\/www.africa-press.net\/cotedivoire\/?p=7997"},"modified":"2021-05-20T17:16:00","modified_gmt":"2021-05-20T17:16:00","slug":"cote-divoire-fin-dexil-pour-stephane-kipre-le-28-mai-partisans","status":"publish","type":"post","link":"https:\/\/www.africa-press.net\/cotedivoire\/politique\/cote-divoire-fin-dexil-pour-stephane-kipre-le-28-mai-partisans","title":{"rendered":"Fin d\u2019exil pour St\u00e9phane Kipr\u00e9 le 28 mai (partisans)"},"content":{"rendered":"<p><span style=\"color: #ff6600\"><strong><a href=\"https:\/\/www.africa-press.net\/\">Africa-Press<\/a> &#8211; <a href=\"https:\/\/www.africa-press.net\/cotedivoire\">C\u00f4te d&rsquo;Ivoire<\/a>. <\/strong><\/span>Le pr\u00e9sident de l\u2019Union des Nouvelles G\u00e9n\u00e9rations, St\u00e9phane Kipr\u00e9, regagnera la C\u00f4te d\u2019Ivoire le vendredi 28 mai prochain apr\u00e8s 10 ann\u00e9es d\u2019exil. L\u2019annonce a \u00e9t\u00e9 faite ce jeudi 20 mai par Paul Arnaud BOHUI, 1er Vice-pr\u00e9sident et porte-parole de son parti \u00e0 l\u2019occasion d\u2019une conf\u00e9rence de presse \u00e0 l\u2019espace Manvy Angr\u00e9 7e tranche.<\/p>\n<p>\u00ab Le pr\u00e9sident de l\u2019Union des Nouvelles G\u00e9n\u00e9rations, St\u00e9phane Kipr\u00e9 a \u00e9t\u00e9 contraint de quitter la C\u00f4te d\u2019Ivoire le 12 avril 2011 cons\u00e9cutivement \u00e0 la grave crise post\u00e9lectorale qu\u2019a connue notre pays. Depuis 10 ans, il s\u2019est engag\u00e9 aupr\u00e8s des compatriotes de la diaspora afin de faire triompher la justice par l\u2019acquittement de son r\u00e9f\u00e9rent politique, le pr\u00e9sident Laurent Gbagbo \u00bb. C\u2019est par ces propos que le conf\u00e9rencier du jour a plant\u00e9 le d\u00e9cor devant la presse nationale et internationale avant d\u2019ajouter que \u00ab l\u2019engagement de son leader a \u00e9t\u00e9 couronn\u00e9 par l\u2019acquittement d\u00e9finitif du pr\u00e9sident Laurent Gbagbo par la chambre d\u2019appel de la cour p\u00e9nale internationale le 31 mars 2021 \u00bb. En s\u2019inscrivant pleinement et r\u00e9solument dans la dynamique de la paix et de la r\u00e9conciliation et afin de prendre toute sa place dans les pr\u00e9paratifs du retour de son r\u00e9f\u00e9rent politique, dira Monsieur BOHUI, \u00ab le pr\u00e9sident St\u00e9phane Kipr\u00e9 a d\u00e9cid\u00e9 de rentrer en C\u00f4te d\u2019Ivoire afin de se joindre \u00e0 l\u2019ensemble de la grande famille pro-Gbagbo \u00bb.<br \/>\nLe retour en C\u00f4te d\u2019Ivoire de St\u00e9phane Kipr\u00e9 par ailleurs gendre de l\u2019ex-pr\u00e9sident Laurent Gbagbo est pr\u00e9vu pour le vendredi 28 mai 2021 et sera accueilli ce jour-l\u00e0 exclusivement par les vice-pr\u00e9sidents de son parti et quelques membres de sa famille biologique et s\u2019adressera ce m\u00eame jour \u00e0 la presse \u00e0 l\u2019h\u00f4tel Gestone \u00e0 Cocody.<br \/>\nMonsieur Paul Arnaud BOHUI pour conclure a remerci\u00e9 le gouvernement ivoirien pour sa disponibilit\u00e9 et les dispositions prises pour faciliter le retour du patron de l\u2019UNG non sans inviter l\u2019ensemble de ses militants \u00e0 la discipline et \u00e0 la s\u00e9r\u00e9nit\u00e9 pour donner chance \u00e0 la r\u00e9conciliation voulue par tous.<\/p>\n<p>&nbsp;<\/p>\n","protected":false},"excerpt":{"rendered":"<p>Africa-Press &#8211; C\u00f4te d&rsquo;Ivoire. Le pr\u00e9sident de l\u2019Union des Nouvelles G\u00e9n\u00e9rations, St\u00e9phane Kipr\u00e9, regagnera la C\u00f4te d\u2019Ivoire le vendredi 28 mai prochain apr\u00e8s 10 ann\u00e9es d\u2019exil. L\u2019annonce a \u00e9t\u00e9 faite ce jeudi 20 mai par Paul Arnaud BOHUI, 1er Vice-pr\u00e9sident et porte-parole de son parti \u00e0 l\u2019occasion d\u2019une conf\u00e9rence de presse \u00e0 l\u2019espace Manvy Angr\u00e9 [&hellip;]<\/p>\n","protected":false},"author":82,"featured_media":7996,"comment_status":"open","ping_status":"closed","sticky":false,"template":"","format":"standard","meta":{"footnotes":""},"categories":[11,2,20,10],"tags":[56,63,29],"class_list":["post-7997","post","type-post","status-publish","format-standard","has-post-thumbnail","hentry","category-homepage-french","category-politique","category-top-nouvelles","category-toutes-les-actualites","tag-africa-press","tag-africa-press-cote-divoire","tag-cote-divoire"],"yoast_head":"<!-- This site is optimized with the Yoast SEO Premium plugin v26.1 (Yoast SEO v27.0) - https:\/\/yoast.com\/product\/yoast-seo-premium-wordpress\/ -->\n<title>Fin d\u2019exil pour St\u00e9phane Kipr\u00e9 le 28 mai (partisans) - C\u00f4te d&#039;Ivoire<\/title>\n<meta name=\"description\" content=\"Le pr\u00e9sident de l\u2019Union des Nouvelles G\u00e9n\u00e9rations, St\u00e9phane Kipr\u00e9, regagnera la C\u00f4te d\u2019Ivoire le vendredi 28 mai prochai ...\" \/>\n<meta name=\"robots\" content=\"index, follow, max-snippet:-1, max-image-preview:large, max-video-preview:-1\" \/>\n<link rel=\"canonical\" href=\"https:\/\/www.africa-press.net\/cotedivoire\/politique\/cote-divoire-fin-dexil-pour-stephane-kipre-le-28-mai-partisans\" \/>\n<meta property=\"og:locale\" content=\"fr_FR\" \/>\n<meta property=\"og:type\" content=\"article\" \/>\n<meta property=\"og:title\" content=\"Fin d\u2019exil pour St\u00e9phane Kipr\u00e9 le 28 mai (partisans)\" \/>\n<meta property=\"og:description\" content=\"Le pr\u00e9sident de l\u2019Union des Nouvelles G\u00e9n\u00e9rations, St\u00e9phane Kipr\u00e9, regagnera la C\u00f4te d\u2019Ivoire le vendredi 28 mai prochai ...\" \/>\n<meta property=\"og:url\" content=\"https:\/\/www.africa-press.net\/cotedivoire\/politique\/cote-divoire-fin-dexil-pour-stephane-kipre-le-28-mai-partisans\" \/>\n<meta property=\"og:site_name\" content=\"C\u00f4te d&#039;Ivoire\" \/>\n<meta property=\"article:published_time\" content=\"2021-05-20T15:51:42+00:00\" \/>\n<meta property=\"article:modified_time\" content=\"2021-05-20T17:16:00+00:00\" \/>\n<meta property=\"og:image\" content=\"https:\/\/static.africa-press.net\/cote\/sites\/43\/2021\/05\/img-60a6849001045.jpg\" \/>\n\t<meta property=\"og:image:width\" content=\"832\" \/>\n\t<meta property=\"og:image:height\" content=\"624\" \/>\n\t<meta property=\"og:image:type\" content=\"image\/jpeg\" \/>\n<meta name=\"author\" content=\"cfeditorfr\" \/>\n<meta name=\"twitter:card\" content=\"summary_large_image\" \/>\n<meta name=\"twitter:label1\" content=\"\u00c9crit par\" \/>\n\t<meta name=\"twitter:data1\" content=\"cfeditorfr\" \/>\n\t<meta name=\"twitter:label2\" content=\"Dur\u00e9e de lecture estim\u00e9e\" \/>\n\t<meta name=\"twitter:data2\" content=\"2 minutes\" \/>\n<script type=\"application\/ld+json\" class=\"yoast-schema-graph\">{\"@context\":\"https:\/\/schema.org\",\"@graph\":[{\"@type\":\"Article\",\"@id\":\"https:\/\/www.africa-press.net\/cotedivoire\/politique\/cote-divoire-fin-dexil-pour-stephane-kipre-le-28-mai-partisans#article\",\"isPartOf\":{\"@id\":\"https:\/\/www.africa-press.net\/cotedivoire\/politique\/cote-divoire-fin-dexil-pour-stephane-kipre-le-28-mai-partisans\"},\"author\":{\"name\":\"cfeditorfr\",\"@id\":\"https:\/\/www.africa-press.net\/cotedivoire\/#\/schema\/person\/2b1cf3cd81a31e3cd26889ca66d677f1\"},\"headline\":\"Fin d\u2019exil pour St\u00e9phane Kipr\u00e9 le 28 mai (partisans)\",\"datePublished\":\"2021-05-20T15:51:42+00:00\",\"dateModified\":\"2021-05-20T17:16:00+00:00\",\"mainEntityOfPage\":{\"@id\":\"https:\/\/www.africa-press.net\/cotedivoire\/politique\/cote-divoire-fin-dexil-pour-stephane-kipre-le-28-mai-partisans\"},\"wordCount\":388,\"commentCount\":0,\"image\":{\"@id\":\"https:\/\/www.africa-press.net\/cotedivoire\/politique\/cote-divoire-fin-dexil-pour-stephane-kipre-le-28-mai-partisans#primaryimage\"},\"thumbnailUrl\":\"https:\/\/static.africa-press.net\/cote\/sites\/43\/2021\/05\/img-60a6849001045.jpg\",\"keywords\":[\"Africa Press\",\"Africa Press-C\u00f4te d'Ivoire\",\"C\u00d4TE D'IVOIRE\"],\"articleSection\":[\"homepage-french\",\"Politique\",\"Top Nouvelles\",\"Toutes les actualit\u00e9s\"],\"inLanguage\":\"fr-FR\",\"potentialAction\":[{\"@type\":\"CommentAction\",\"name\":\"Comment\",\"target\":[\"https:\/\/www.africa-press.net\/cotedivoire\/politique\/cote-divoire-fin-dexil-pour-stephane-kipre-le-28-mai-partisans#respond\"]}]},{\"@type\":\"WebPage\",\"@id\":\"https:\/\/www.africa-press.net\/cotedivoire\/politique\/cote-divoire-fin-dexil-pour-stephane-kipre-le-28-mai-partisans\",\"url\":\"https:\/\/www.africa-press.net\/cotedivoire\/politique\/cote-divoire-fin-dexil-pour-stephane-kipre-le-28-mai-partisans\",\"name\":\"Fin d\u2019exil pour St\u00e9phane Kipr\u00e9 le 28 mai (partisans) - C\u00f4te d&#039;Ivoire\",\"isPartOf\":{\"@id\":\"https:\/\/www.africa-press.net\/cotedivoire\/#website\"},\"primaryImageOfPage\":{\"@id\":\"https:\/\/www.africa-press.net\/cotedivoire\/politique\/cote-divoire-fin-dexil-pour-stephane-kipre-le-28-mai-partisans#primaryimage\"},\"image\":{\"@id\":\"https:\/\/www.africa-press.net\/cotedivoire\/politique\/cote-divoire-fin-dexil-pour-stephane-kipre-le-28-mai-partisans#primaryimage\"},\"thumbnailUrl\":\"https:\/\/static.africa-press.net\/cote\/sites\/43\/2021\/05\/img-60a6849001045.jpg\",\"datePublished\":\"2021-05-20T15:51:42+00:00\",\"dateModified\":\"2021-05-20T17:16:00+00:00\",\"author\":{\"@id\":\"https:\/\/www.africa-press.net\/cotedivoire\/#\/schema\/person\/2b1cf3cd81a31e3cd26889ca66d677f1\"},\"description\":\"Le pr\u00e9sident de l\u2019Union des Nouvelles G\u00e9n\u00e9rations, St\u00e9phane Kipr\u00e9, regagnera la C\u00f4te d\u2019Ivoire le vendredi 28 mai prochai ...\",\"breadcrumb\":{\"@id\":\"https:\/\/www.africa-press.net\/cotedivoire\/politique\/cote-divoire-fin-dexil-pour-stephane-kipre-le-28-mai-partisans#breadcrumb\"},\"inLanguage\":\"fr-FR\",\"potentialAction\":[{\"@type\":\"ReadAction\",\"target\":[\"https:\/\/www.africa-press.net\/cotedivoire\/politique\/cote-divoire-fin-dexil-pour-stephane-kipre-le-28-mai-partisans\"]}]},{\"@type\":\"ImageObject\",\"inLanguage\":\"fr-FR\",\"@id\":\"https:\/\/www.africa-press.net\/cotedivoire\/politique\/cote-divoire-fin-dexil-pour-stephane-kipre-le-28-mai-partisans#primaryimage\",\"url\":\"https:\/\/static.africa-press.net\/cote\/sites\/43\/2021\/05\/img-60a6849001045.jpg\",\"contentUrl\":\"https:\/\/static.africa-press.net\/cote\/sites\/43\/2021\/05\/img-60a6849001045.jpg\",\"width\":832,\"height\":624,\"caption\":\"C\u00f4te-d\u2019Ivoire: Fin d\u2019exil pour St\u00e9phane Kipr\u00e9 le 28 mai (partisans)\"},{\"@type\":\"BreadcrumbList\",\"@id\":\"https:\/\/www.africa-press.net\/cotedivoire\/politique\/cote-divoire-fin-dexil-pour-stephane-kipre-le-28-mai-partisans#breadcrumb\",\"itemListElement\":[{\"@type\":\"ListItem\",\"position\":1,\"name\":\"Accueil\",\"item\":\"https:\/\/www.africa-press.net\/cotedivoire\/\"},{\"@type\":\"ListItem\",\"position\":2,\"name\":\"Fin d\u2019exil pour St\u00e9phane Kipr\u00e9 le 28 mai (partisans)\"}]},{\"@type\":\"WebSite\",\"@id\":\"https:\/\/www.africa-press.net\/cotedivoire\/#website\",\"url\":\"https:\/\/www.africa-press.net\/cotedivoire\/\",\"name\":\"C\u00f4te d&#039;Ivoire\",\"description\":\"Just another Africa News Agency Sites site\",\"potentialAction\":[{\"@type\":\"SearchAction\",\"target\":{\"@type\":\"EntryPoint\",\"urlTemplate\":\"https:\/\/www.africa-press.net\/cotedivoire\/?s={search_term_string}\"},\"query-input\":{\"@type\":\"PropertyValueSpecification\",\"valueRequired\":true,\"valueName\":\"search_term_string\"}}],\"inLanguage\":\"fr-FR\"},{\"@type\":\"Person\",\"@id\":\"https:\/\/www.africa-press.net\/cotedivoire\/#\/schema\/person\/2b1cf3cd81a31e3cd26889ca66d677f1\",\"name\":\"cfeditorfr\"}]}<\/script>\n<!-- \/ Yoast SEO Premium plugin. -->","yoast_head_json":{"title":"Fin d\u2019exil pour St\u00e9phane Kipr\u00e9 le 28 mai (partisans) - C\u00f4te d&#039;Ivoire","description":"Le pr\u00e9sident de l\u2019Union des Nouvelles G\u00e9n\u00e9rations, St\u00e9phane Kipr\u00e9, regagnera la C\u00f4te d\u2019Ivoire le vendredi 28 mai prochai ...","robots":{"index":"index","follow":"follow","max-snippet":"max-snippet:-1","max-image-preview":"max-image-preview:large","max-video-preview":"max-video-preview:-1"},"canonical":"https:\/\/www.africa-press.net\/cotedivoire\/politique\/cote-divoire-fin-dexil-pour-stephane-kipre-le-28-mai-partisans","og_locale":"fr_FR","og_type":"article","og_title":"Fin d\u2019exil pour St\u00e9phane Kipr\u00e9 le 28 mai (partisans)","og_description":"Le pr\u00e9sident de l\u2019Union des Nouvelles G\u00e9n\u00e9rations, St\u00e9phane Kipr\u00e9, regagnera la C\u00f4te d\u2019Ivoire le vendredi 28 mai prochai ...","og_url":"https:\/\/www.africa-press.net\/cotedivoire\/politique\/cote-divoire-fin-dexil-pour-stephane-kipre-le-28-mai-partisans","og_site_name":"C\u00f4te d&#039;Ivoire","article_published_time":"2021-05-20T15:51:42+00:00","article_modified_time":"2021-05-20T17:16:00+00:00","og_image":[{"width":832,"height":624,"url":"https:\/\/static.africa-press.net\/cote\/sites\/43\/2021\/05\/img-60a6849001045.jpg","type":"image\/jpeg"}],"author":"cfeditorfr","twitter_card":"summary_large_image","twitter_misc":{"\u00c9crit par":"cfeditorfr","Dur\u00e9e de lecture estim\u00e9e":"2 minutes"},"schema":{"@context":"https:\/\/schema.org","@graph":[{"@type":"Article","@id":"https:\/\/www.africa-press.net\/cotedivoire\/politique\/cote-divoire-fin-dexil-pour-stephane-kipre-le-28-mai-partisans#article","isPartOf":{"@id":"https:\/\/www.africa-press.net\/cotedivoire\/politique\/cote-divoire-fin-dexil-pour-stephane-kipre-le-28-mai-partisans"},"author":{"name":"cfeditorfr","@id":"https:\/\/www.africa-press.net\/cotedivoire\/#\/schema\/person\/2b1cf3cd81a31e3cd26889ca66d677f1"},"headline":"Fin d\u2019exil pour St\u00e9phane Kipr\u00e9 le 28 mai (partisans)","datePublished":"2021-05-20T15:51:42+00:00","dateModified":"2021-05-20T17:16:00+00:00","mainEntityOfPage":{"@id":"https:\/\/www.africa-press.net\/cotedivoire\/politique\/cote-divoire-fin-dexil-pour-stephane-kipre-le-28-mai-partisans"},"wordCount":388,"commentCount":0,"image":{"@id":"https:\/\/www.africa-press.net\/cotedivoire\/politique\/cote-divoire-fin-dexil-pour-stephane-kipre-le-28-mai-partisans#primaryimage"},"thumbnailUrl":"https:\/\/static.africa-press.net\/cote\/sites\/43\/2021\/05\/img-60a6849001045.jpg","keywords":["Africa Press","Africa Press-C\u00f4te d'Ivoire","C\u00d4TE D'IVOIRE"],"articleSection":["homepage-french","Politique","Top Nouvelles","Toutes les actualit\u00e9s"],"inLanguage":"fr-FR","potentialAction":[{"@type":"CommentAction","name":"Comment","target":["https:\/\/www.africa-press.net\/cotedivoire\/politique\/cote-divoire-fin-dexil-pour-stephane-kipre-le-28-mai-partisans#respond"]}]},{"@type":"WebPage","@id":"https:\/\/www.africa-press.net\/cotedivoire\/politique\/cote-divoire-fin-dexil-pour-stephane-kipre-le-28-mai-partisans","url":"https:\/\/www.africa-press.net\/cotedivoire\/politique\/cote-divoire-fin-dexil-pour-stephane-kipre-le-28-mai-partisans","name":"Fin d\u2019exil pour St\u00e9phane Kipr\u00e9 le 28 mai (partisans) - C\u00f4te d&#039;Ivoire","isPartOf":{"@id":"https:\/\/www.africa-press.net\/cotedivoire\/#website"},"primaryImageOfPage":{"@id":"https:\/\/www.africa-press.net\/cotedivoire\/politique\/cote-divoire-fin-dexil-pour-stephane-kipre-le-28-mai-partisans#primaryimage"},"image":{"@id":"https:\/\/www.africa-press.net\/cotedivoire\/politique\/cote-divoire-fin-dexil-pour-stephane-kipre-le-28-mai-partisans#primaryimage"},"thumbnailUrl":"https:\/\/static.africa-press.net\/cote\/sites\/43\/2021\/05\/img-60a6849001045.jpg","datePublished":"2021-05-20T15:51:42+00:00","dateModified":"2021-05-20T17:16:00+00:00","author":{"@id":"https:\/\/www.africa-press.net\/cotedivoire\/#\/schema\/person\/2b1cf3cd81a31e3cd26889ca66d677f1"},"description":"Le pr\u00e9sident de l\u2019Union des Nouvelles G\u00e9n\u00e9rations, St\u00e9phane Kipr\u00e9, regagnera la C\u00f4te d\u2019Ivoire le vendredi 28 mai prochai ...","breadcrumb":{"@id":"https:\/\/www.africa-press.net\/cotedivoire\/politique\/cote-divoire-fin-dexil-pour-stephane-kipre-le-28-mai-partisans#breadcrumb"},"inLanguage":"fr-FR","potentialAction":[{"@type":"ReadAction","target":["https:\/\/www.africa-press.net\/cotedivoire\/politique\/cote-divoire-fin-dexil-pour-stephane-kipre-le-28-mai-partisans"]}]},{"@type":"ImageObject","inLanguage":"fr-FR","@id":"https:\/\/www.africa-press.net\/cotedivoire\/politique\/cote-divoire-fin-dexil-pour-stephane-kipre-le-28-mai-partisans#primaryimage","url":"https:\/\/static.africa-press.net\/cote\/sites\/43\/2021\/05\/img-60a6849001045.jpg","contentUrl":"https:\/\/static.africa-press.net\/cote\/sites\/43\/2021\/05\/img-60a6849001045.jpg","width":832,"height":624,"caption":"C\u00f4te-d\u2019Ivoire: Fin d\u2019exil pour St\u00e9phane Kipr\u00e9 le 28 mai (partisans)"},{"@type":"BreadcrumbList","@id":"https:\/\/www.africa-press.net\/cotedivoire\/politique\/cote-divoire-fin-dexil-pour-stephane-kipre-le-28-mai-partisans#breadcrumb","itemListElement":[{"@type":"ListItem","position":1,"name":"Accueil","item":"https:\/\/www.africa-press.net\/cotedivoire\/"},{"@type":"ListItem","position":2,"name":"Fin d\u2019exil pour St\u00e9phane Kipr\u00e9 le 28 mai (partisans)"}]},{"@type":"WebSite","@id":"https:\/\/www.africa-press.net\/cotedivoire\/#website","url":"https:\/\/www.africa-press.net\/cotedivoire\/","name":"C\u00f4te d&#039;Ivoire","description":"Just another Africa News Agency Sites site","potentialAction":[{"@type":"SearchAction","target":{"@type":"EntryPoint","urlTemplate":"https:\/\/www.africa-press.net\/cotedivoire\/?s={search_term_string}"},"query-input":{"@type":"PropertyValueSpecification","valueRequired":true,"valueName":"search_term_string"}}],"inLanguage":"fr-FR"},{"@type":"Person","@id":"https:\/\/www.africa-press.net\/cotedivoire\/#\/schema\/person\/2b1cf3cd81a31e3cd26889ca66d677f1","name":"cfeditorfr"}]}},"_links":{"self":[{"href":"https:\/\/www.africa-press.net\/cotedivoire\/wp-json\/wp\/v2\/posts\/7997","targetHints":{"allow":["GET"]}}],"collection":[{"href":"https:\/\/www.africa-press.net\/cotedivoire\/wp-json\/wp\/v2\/posts"}],"about":[{"href":"https:\/\/www.africa-press.net\/cotedivoire\/wp-json\/wp\/v2\/types\/post"}],"author":[{"embeddable":true,"href":"https:\/\/www.africa-press.net\/cotedivoire\/wp-json\/wp\/v2\/users\/82"}],"replies":[{"embeddable":true,"href":"https:\/\/www.africa-press.net\/cotedivoire\/wp-json\/wp\/v2\/comments?post=7997"}],"version-history":[{"count":0,"href":"https:\/\/www.africa-press.net\/cotedivoire\/wp-json\/wp\/v2\/posts\/7997\/revisions"}],"wp:featuredmedia":[{"embeddable":true,"href":"https:\/\/www.africa-press.net\/cotedivoire\/wp-json\/wp\/v2\/media\/7996"}],"wp:attachment":[{"href":"https:\/\/www.africa-press.net\/cotedivoire\/wp-json\/wp\/v2\/media?parent=7997"}],"wp:term":[{"taxonomy":"category","embeddable":true,"href":"https:\/\/www.africa-press.net\/cotedivoire\/wp-json\/wp\/v2\/categories?post=7997"},{"taxonomy":"post_tag","embeddable":true,"href":"https:\/\/www.africa-press.net\/cotedivoire\/wp-json\/wp\/v2\/tags?post=7997"}],"curies":[{"name":"wp","href":"https:\/\/api.w.org\/{rel}","templated":true}]}}