{"id":8000,"date":"2021-05-20T15:59:27","date_gmt":"2021-05-20T15:59:27","guid":{"rendered":"https:\/\/www.africa-press.net\/cotedivoire\/?p=8000"},"modified":"2021-05-20T17:16:11","modified_gmt":"2021-05-20T17:16:11","slug":"samba-kone-de-lanp-demande-une-ordonnance-modificative-de-la-loi-2017-sur-la-presse","status":"publish","type":"post","link":"https:\/\/www.africa-press.net\/cotedivoire\/culture-et-art\/samba-kone-de-lanp-demande-une-ordonnance-modificative-de-la-loi-2017-sur-la-presse","title":{"rendered":"Samba Kon\u00e9 de l\u2019ANP demande \u00ab\u00a0une ordonnance modificative\u00a0\u00bb de la loi 2017 sur la presse"},"content":{"rendered":"<p><span style=\"color: #ff6600\"><strong><a href=\"https:\/\/www.africa-press.net\/\">Africa-Press<\/a> &#8211; <a href=\"https:\/\/www.africa-press.net\/cotedivoire\">C\u00f4te d&rsquo;Ivoire<\/a>. <\/strong><\/span>Le pr\u00e9sident de l\u2019Autorit\u00e9 national de la presse, Samba Kon\u00e9 a \u00e9voqu\u00e9 \u00ab quelques insuffisances \u00bb de la loi portant r\u00e9gime juridique de la presse qui est entr\u00e9e en vigueur en mars 2018 et demand\u00e9 la prise d\u2019 \u00bbune ordonnance modificative \u00e0 l\u2019effet de les corriger \u00bb, en marge d\u2019une visite du ministre de la Communication Amadou Coulibaly au si\u00e8ge du r\u00e9gulateur mercredi.<\/p>\n<p>\u00ab A la pratique, cette loi renferme quelques insuffisances qui m\u00e9ritent d\u2019\u00eatre corrig\u00e9es. Des travaux entre mes pr\u00e9d\u00e9cesseurs et les acteurs du secteur ont permis de mettre en lumi\u00e8re les dispositions concern\u00e9es \u00bb, a dit M. Kon\u00e9<\/p>\n<p>\u00ab Le nouveau Conseil que je dirige fait sienne lesdites difficult\u00e9s et tiendra \u00e0 votre disposition ledit m\u00e9morandum afin que sous vos auspices, une ordonnance modificative de la loi soit prise, \u00e0 l\u2019effet de les corriger \u00bb, a-t-il ajout\u00e9 \u00e0 l\u2019endroit du ministre de la Communication.<\/p>\n<p>En retour, Amadou Coulibaly a promis que cette ordonnance sera introduite avec \u00ab c\u00e9l\u00e9rit\u00e9 afin que ces insuffisances soient corrig\u00e9es \u00bb.<\/p>\n<p>Vot\u00e9 par les d\u00e9putes en d\u00e9cembre 2018, le nouveau r\u00e9gime juridique de la presse renferme en ces dispositions, le retrait pur et simple l\u2019emprisonnement et d\u2019une amende de 300 000 \u00e0 3 000 000 de F CFA, quiconque par voie de presse ou par tout autre moyen de publication incite au vol, \u00e0 la haine, \u00e0 la violence. Prend en compte la presse en ligne, les agences de presse et permet aux entreprises de presse de se constituer dans les m\u00eames conditions qu\u2019une Soci\u00e9t\u00e9 \u00e0 responsabilit\u00e9 limit\u00e9e (SARL) ordinaire.<\/p>\n<p>En outre, la loi mentionne que \u00ab l\u2019infraction de diffamation n\u2019est pas constitu\u00e9e lorsque la v\u00e9racit\u00e9 des faits qualifi\u00e9s de diffamatoires est \u00e9tablie, sauf (entre autres) lorsque l\u2019imputation se r\u00e9f\u00e8re \u00e0 des faits qui remontent \u00e0 plus de dix ann\u00e9es \u00bb. Maintien le d\u00e9lit d\u2019offense au pr\u00e9sident de la R\u00e9publique, tandis que la garde \u00e0 vue, la d\u00e9tention pr\u00e9ventive et l\u2019emprisonnement sont exclus pour les infractions commises par voie de presse ou par tout autre moyen de publication.<\/p>\n<p>Bien avant, le pr\u00e9sident de l\u2019ANP a fait savoir que le secteur de la presse traverse \u00ab une crise \u00e0 la fois conjoncturelle et structurelle \u00bb.<\/p>\n<p>\u00ab Il nous suffit simplement de rappeler qu\u2019en l\u2019espace de 10 ans (2011-2020) les quotidiens nationaux ont perdu 76% de leurs chiffres d\u2019affaires. Concr\u00e8tement, cela revient \u00e0 dire que les ventes \u00e0 l\u2019exemplaire sont pass\u00e9es d\u2019environ 5.400.000.000 \u00e0 moins de 1.300.000.000 FCFA \u00bb, a-t-il affirm\u00e9.<\/p>\n<p>De plus, selon Samba Kon\u00e9 \u00ab les ventes des quotidiens au premier trimestre de cette ann\u00e9e 2021 sont en baisse de plus de 40% par rapport au premier trimestre 2020 \u00bb.<\/p>\n<p>Poursuivant, le pr\u00e9sident de l\u2019ANP a r\u00e9v\u00e9l\u00e9 \u00ab quelques difficult\u00e9s \u00bb en lien avec la presse en ligne en raison \u00ab des supports \u00bb, mais \u00ab surtout au dynamisme et \u00e0 la volatilit\u00e9 de ce secteur en mutation permanent \u00bb et des \u00ab difficult\u00e9s de mise en \u0153uvre des d\u00e9cisions de l\u2019ANP \u00bb.<\/p>\n<p>Pour Samba Kon\u00e9, il \u00ab apparait urgent pour des raisons \u00e9videntes, d\u2019entreprendre des r\u00e9flexions \u00bb.<\/p>\n<p>&nbsp;<\/p>\n","protected":false},"excerpt":{"rendered":"<p>Africa-Press &#8211; C\u00f4te d&rsquo;Ivoire. Le pr\u00e9sident de l\u2019Autorit\u00e9 national de la presse, Samba Kon\u00e9 a \u00e9voqu\u00e9 \u00ab quelques insuffisances \u00bb de la loi portant r\u00e9gime juridique de la presse qui est entr\u00e9e en vigueur en mars 2018 et demand\u00e9 la prise d\u2019 \u00bbune ordonnance modificative \u00e0 l\u2019effet de les corriger \u00bb, en marge d\u2019une visite [&hellip;]<\/p>\n","protected":false},"author":82,"featured_media":7999,"comment_status":"open","ping_status":"closed","sticky":false,"template":"","format":"standard","meta":{"footnotes":""},"categories":[5,11,10],"tags":[56,63,29],"class_list":["post-8000","post","type-post","status-publish","format-standard","has-post-thumbnail","hentry","category-culture-et-art","category-homepage-french","category-toutes-les-actualites","tag-africa-press","tag-africa-press-cote-divoire","tag-cote-divoire"],"yoast_head":"<!-- This site is optimized with the Yoast SEO Premium plugin v26.1 (Yoast SEO v27.0) - https:\/\/yoast.com\/product\/yoast-seo-premium-wordpress\/ -->\n<title>Samba Kon\u00e9 de l\u2019ANP demande \u00ab\u00a0une ordonnance modificative\u00a0\u00bb de la loi 2017 sur la presse - C\u00f4te d&#039;Ivoire<\/title>\n<meta name=\"description\" content=\"Djamal AKINBOLA Le pr\u00e9sident de l\u2019Autorit\u00e9 national de la presse, Samba Kon\u00e9 a \u00e9voqu\u00e9 \u00ab quelques insuffisances \u00bb de la ...\" \/>\n<meta name=\"robots\" content=\"index, follow, max-snippet:-1, max-image-preview:large, max-video-preview:-1\" \/>\n<link rel=\"canonical\" href=\"https:\/\/www.africa-press.net\/cotedivoire\/culture-et-art\/samba-kone-de-lanp-demande-une-ordonnance-modificative-de-la-loi-2017-sur-la-presse\" \/>\n<meta property=\"og:locale\" content=\"fr_FR\" \/>\n<meta property=\"og:type\" content=\"article\" \/>\n<meta property=\"og:title\" content=\"Samba Kon\u00e9 de l\u2019ANP demande \u00ab\u00a0une ordonnance modificative\u00a0\u00bb de la loi 2017 sur la presse\" \/>\n<meta property=\"og:description\" content=\"Djamal AKINBOLA Le pr\u00e9sident de l\u2019Autorit\u00e9 national de la presse, Samba Kon\u00e9 a \u00e9voqu\u00e9 \u00ab quelques insuffisances \u00bb de la ...\" \/>\n<meta property=\"og:url\" content=\"https:\/\/www.africa-press.net\/cotedivoire\/culture-et-art\/samba-kone-de-lanp-demande-une-ordonnance-modificative-de-la-loi-2017-sur-la-presse\" \/>\n<meta property=\"og:site_name\" content=\"C\u00f4te d&#039;Ivoire\" \/>\n<meta property=\"article:published_time\" content=\"2021-05-20T15:59:27+00:00\" \/>\n<meta property=\"article:modified_time\" content=\"2021-05-20T17:16:11+00:00\" \/>\n<meta property=\"og:image\" content=\"https:\/\/static.africa-press.net\/cote\/sites\/43\/2021\/05\/img-60a684bde6ef3.jpg\" \/>\n\t<meta property=\"og:image:width\" content=\"793\" \/>\n\t<meta property=\"og:image:height\" content=\"412\" \/>\n\t<meta property=\"og:image:type\" content=\"image\/jpeg\" \/>\n<meta name=\"author\" content=\"cfeditorfr\" \/>\n<meta name=\"twitter:card\" content=\"summary_large_image\" \/>\n<meta name=\"twitter:label1\" content=\"\u00c9crit par\" \/>\n\t<meta name=\"twitter:data1\" content=\"cfeditorfr\" \/>\n\t<meta name=\"twitter:label2\" content=\"Dur\u00e9e de lecture estim\u00e9e\" \/>\n\t<meta name=\"twitter:data2\" content=\"3 minutes\" \/>\n<script type=\"application\/ld+json\" class=\"yoast-schema-graph\">{\"@context\":\"https:\/\/schema.org\",\"@graph\":[{\"@type\":\"Article\",\"@id\":\"https:\/\/www.africa-press.net\/cotedivoire\/culture-et-art\/samba-kone-de-lanp-demande-une-ordonnance-modificative-de-la-loi-2017-sur-la-presse#article\",\"isPartOf\":{\"@id\":\"https:\/\/www.africa-press.net\/cotedivoire\/culture-et-art\/samba-kone-de-lanp-demande-une-ordonnance-modificative-de-la-loi-2017-sur-la-presse\"},\"author\":{\"name\":\"cfeditorfr\",\"@id\":\"https:\/\/www.africa-press.net\/cotedivoire\/#\/schema\/person\/2b1cf3cd81a31e3cd26889ca66d677f1\"},\"headline\":\"Samba Kon\u00e9 de l\u2019ANP demande \u00ab\u00a0une ordonnance modificative\u00a0\u00bb de la loi 2017 sur la presse\",\"datePublished\":\"2021-05-20T15:59:27+00:00\",\"dateModified\":\"2021-05-20T17:16:11+00:00\",\"mainEntityOfPage\":{\"@id\":\"https:\/\/www.africa-press.net\/cotedivoire\/culture-et-art\/samba-kone-de-lanp-demande-une-ordonnance-modificative-de-la-loi-2017-sur-la-presse\"},\"wordCount\":536,\"commentCount\":0,\"image\":{\"@id\":\"https:\/\/www.africa-press.net\/cotedivoire\/culture-et-art\/samba-kone-de-lanp-demande-une-ordonnance-modificative-de-la-loi-2017-sur-la-presse#primaryimage\"},\"thumbnailUrl\":\"https:\/\/static.africa-press.net\/cote\/sites\/43\/2021\/05\/img-60a684bde6ef3.jpg\",\"keywords\":[\"Africa Press\",\"Africa Press-C\u00f4te d'Ivoire\",\"C\u00d4TE D'IVOIRE\"],\"articleSection\":[\"Culture et Art\",\"homepage-french\",\"Toutes les actualit\u00e9s\"],\"inLanguage\":\"fr-FR\",\"potentialAction\":[{\"@type\":\"CommentAction\",\"name\":\"Comment\",\"target\":[\"https:\/\/www.africa-press.net\/cotedivoire\/culture-et-art\/samba-kone-de-lanp-demande-une-ordonnance-modificative-de-la-loi-2017-sur-la-presse#respond\"]}]},{\"@type\":\"WebPage\",\"@id\":\"https:\/\/www.africa-press.net\/cotedivoire\/culture-et-art\/samba-kone-de-lanp-demande-une-ordonnance-modificative-de-la-loi-2017-sur-la-presse\",\"url\":\"https:\/\/www.africa-press.net\/cotedivoire\/culture-et-art\/samba-kone-de-lanp-demande-une-ordonnance-modificative-de-la-loi-2017-sur-la-presse\",\"name\":\"Samba Kon\u00e9 de l\u2019ANP demande \u00ab\u00a0une ordonnance modificative\u00a0\u00bb de la loi 2017 sur la presse - C\u00f4te d&#039;Ivoire\",\"isPartOf\":{\"@id\":\"https:\/\/www.africa-press.net\/cotedivoire\/#website\"},\"primaryImageOfPage\":{\"@id\":\"https:\/\/www.africa-press.net\/cotedivoire\/culture-et-art\/samba-kone-de-lanp-demande-une-ordonnance-modificative-de-la-loi-2017-sur-la-presse#primaryimage\"},\"image\":{\"@id\":\"https:\/\/www.africa-press.net\/cotedivoire\/culture-et-art\/samba-kone-de-lanp-demande-une-ordonnance-modificative-de-la-loi-2017-sur-la-presse#primaryimage\"},\"thumbnailUrl\":\"https:\/\/static.africa-press.net\/cote\/sites\/43\/2021\/05\/img-60a684bde6ef3.jpg\",\"datePublished\":\"2021-05-20T15:59:27+00:00\",\"dateModified\":\"2021-05-20T17:16:11+00:00\",\"author\":{\"@id\":\"https:\/\/www.africa-press.net\/cotedivoire\/#\/schema\/person\/2b1cf3cd81a31e3cd26889ca66d677f1\"},\"description\":\"Djamal AKINBOLA Le pr\u00e9sident de l\u2019Autorit\u00e9 national de la presse, Samba Kon\u00e9 a \u00e9voqu\u00e9 \u00ab quelques insuffisances \u00bb de la ...\",\"breadcrumb\":{\"@id\":\"https:\/\/www.africa-press.net\/cotedivoire\/culture-et-art\/samba-kone-de-lanp-demande-une-ordonnance-modificative-de-la-loi-2017-sur-la-presse#breadcrumb\"},\"inLanguage\":\"fr-FR\",\"potentialAction\":[{\"@type\":\"ReadAction\",\"target\":[\"https:\/\/www.africa-press.net\/cotedivoire\/culture-et-art\/samba-kone-de-lanp-demande-une-ordonnance-modificative-de-la-loi-2017-sur-la-presse\"]}]},{\"@type\":\"ImageObject\",\"inLanguage\":\"fr-FR\",\"@id\":\"https:\/\/www.africa-press.net\/cotedivoire\/culture-et-art\/samba-kone-de-lanp-demande-une-ordonnance-modificative-de-la-loi-2017-sur-la-presse#primaryimage\",\"url\":\"https:\/\/static.africa-press.net\/cote\/sites\/43\/2021\/05\/img-60a684bde6ef3.jpg\",\"contentUrl\":\"https:\/\/static.africa-press.net\/cote\/sites\/43\/2021\/05\/img-60a684bde6ef3.jpg\",\"width\":793,\"height\":412,\"caption\":\"Samba Kon\u00e9 de l\u2019ANP demande \u00ab\u00a0une ordonnance modificative\u00a0\u00bb de la loi 2017 sur la presse\"},{\"@type\":\"BreadcrumbList\",\"@id\":\"https:\/\/www.africa-press.net\/cotedivoire\/culture-et-art\/samba-kone-de-lanp-demande-une-ordonnance-modificative-de-la-loi-2017-sur-la-presse#breadcrumb\",\"itemListElement\":[{\"@type\":\"ListItem\",\"position\":1,\"name\":\"Accueil\",\"item\":\"https:\/\/www.africa-press.net\/cotedivoire\/\"},{\"@type\":\"ListItem\",\"position\":2,\"name\":\"Samba Kon\u00e9 de l\u2019ANP demande \u00ab\u00a0une ordonnance modificative\u00a0\u00bb de la loi 2017 sur la presse\"}]},{\"@type\":\"WebSite\",\"@id\":\"https:\/\/www.africa-press.net\/cotedivoire\/#website\",\"url\":\"https:\/\/www.africa-press.net\/cotedivoire\/\",\"name\":\"C\u00f4te d&#039;Ivoire\",\"description\":\"Just another Africa News Agency Sites site\",\"potentialAction\":[{\"@type\":\"SearchAction\",\"target\":{\"@type\":\"EntryPoint\",\"urlTemplate\":\"https:\/\/www.africa-press.net\/cotedivoire\/?s={search_term_string}\"},\"query-input\":{\"@type\":\"PropertyValueSpecification\",\"valueRequired\":true,\"valueName\":\"search_term_string\"}}],\"inLanguage\":\"fr-FR\"},{\"@type\":\"Person\",\"@id\":\"https:\/\/www.africa-press.net\/cotedivoire\/#\/schema\/person\/2b1cf3cd81a31e3cd26889ca66d677f1\",\"name\":\"cfeditorfr\"}]}<\/script>\n<!-- \/ Yoast SEO Premium plugin. -->","yoast_head_json":{"title":"Samba Kon\u00e9 de l\u2019ANP demande \u00ab\u00a0une ordonnance modificative\u00a0\u00bb de la loi 2017 sur la presse - C\u00f4te d&#039;Ivoire","description":"Djamal AKINBOLA Le pr\u00e9sident de l\u2019Autorit\u00e9 national de la presse, Samba Kon\u00e9 a \u00e9voqu\u00e9 \u00ab quelques insuffisances \u00bb de la ...","robots":{"index":"index","follow":"follow","max-snippet":"max-snippet:-1","max-image-preview":"max-image-preview:large","max-video-preview":"max-video-preview:-1"},"canonical":"https:\/\/www.africa-press.net\/cotedivoire\/culture-et-art\/samba-kone-de-lanp-demande-une-ordonnance-modificative-de-la-loi-2017-sur-la-presse","og_locale":"fr_FR","og_type":"article","og_title":"Samba Kon\u00e9 de l\u2019ANP demande \u00ab\u00a0une ordonnance modificative\u00a0\u00bb de la loi 2017 sur la presse","og_description":"Djamal AKINBOLA Le pr\u00e9sident de l\u2019Autorit\u00e9 national de la presse, Samba Kon\u00e9 a \u00e9voqu\u00e9 \u00ab quelques insuffisances \u00bb de la ...","og_url":"https:\/\/www.africa-press.net\/cotedivoire\/culture-et-art\/samba-kone-de-lanp-demande-une-ordonnance-modificative-de-la-loi-2017-sur-la-presse","og_site_name":"C\u00f4te d&#039;Ivoire","article_published_time":"2021-05-20T15:59:27+00:00","article_modified_time":"2021-05-20T17:16:11+00:00","og_image":[{"width":793,"height":412,"url":"https:\/\/static.africa-press.net\/cote\/sites\/43\/2021\/05\/img-60a684bde6ef3.jpg","type":"image\/jpeg"}],"author":"cfeditorfr","twitter_card":"summary_large_image","twitter_misc":{"\u00c9crit par":"cfeditorfr","Dur\u00e9e de lecture estim\u00e9e":"3 minutes"},"schema":{"@context":"https:\/\/schema.org","@graph":[{"@type":"Article","@id":"https:\/\/www.africa-press.net\/cotedivoire\/culture-et-art\/samba-kone-de-lanp-demande-une-ordonnance-modificative-de-la-loi-2017-sur-la-presse#article","isPartOf":{"@id":"https:\/\/www.africa-press.net\/cotedivoire\/culture-et-art\/samba-kone-de-lanp-demande-une-ordonnance-modificative-de-la-loi-2017-sur-la-presse"},"author":{"name":"cfeditorfr","@id":"https:\/\/www.africa-press.net\/cotedivoire\/#\/schema\/person\/2b1cf3cd81a31e3cd26889ca66d677f1"},"headline":"Samba Kon\u00e9 de l\u2019ANP demande \u00ab\u00a0une ordonnance modificative\u00a0\u00bb de la loi 2017 sur la presse","datePublished":"2021-05-20T15:59:27+00:00","dateModified":"2021-05-20T17:16:11+00:00","mainEntityOfPage":{"@id":"https:\/\/www.africa-press.net\/cotedivoire\/culture-et-art\/samba-kone-de-lanp-demande-une-ordonnance-modificative-de-la-loi-2017-sur-la-presse"},"wordCount":536,"commentCount":0,"image":{"@id":"https:\/\/www.africa-press.net\/cotedivoire\/culture-et-art\/samba-kone-de-lanp-demande-une-ordonnance-modificative-de-la-loi-2017-sur-la-presse#primaryimage"},"thumbnailUrl":"https:\/\/static.africa-press.net\/cote\/sites\/43\/2021\/05\/img-60a684bde6ef3.jpg","keywords":["Africa Press","Africa Press-C\u00f4te d'Ivoire","C\u00d4TE D'IVOIRE"],"articleSection":["Culture et Art","homepage-french","Toutes les actualit\u00e9s"],"inLanguage":"fr-FR","potentialAction":[{"@type":"CommentAction","name":"Comment","target":["https:\/\/www.africa-press.net\/cotedivoire\/culture-et-art\/samba-kone-de-lanp-demande-une-ordonnance-modificative-de-la-loi-2017-sur-la-presse#respond"]}]},{"@type":"WebPage","@id":"https:\/\/www.africa-press.net\/cotedivoire\/culture-et-art\/samba-kone-de-lanp-demande-une-ordonnance-modificative-de-la-loi-2017-sur-la-presse","url":"https:\/\/www.africa-press.net\/cotedivoire\/culture-et-art\/samba-kone-de-lanp-demande-une-ordonnance-modificative-de-la-loi-2017-sur-la-presse","name":"Samba Kon\u00e9 de l\u2019ANP demande \u00ab\u00a0une ordonnance modificative\u00a0\u00bb de la loi 2017 sur la presse - C\u00f4te d&#039;Ivoire","isPartOf":{"@id":"https:\/\/www.africa-press.net\/cotedivoire\/#website"},"primaryImageOfPage":{"@id":"https:\/\/www.africa-press.net\/cotedivoire\/culture-et-art\/samba-kone-de-lanp-demande-une-ordonnance-modificative-de-la-loi-2017-sur-la-presse#primaryimage"},"image":{"@id":"https:\/\/www.africa-press.net\/cotedivoire\/culture-et-art\/samba-kone-de-lanp-demande-une-ordonnance-modificative-de-la-loi-2017-sur-la-presse#primaryimage"},"thumbnailUrl":"https:\/\/static.africa-press.net\/cote\/sites\/43\/2021\/05\/img-60a684bde6ef3.jpg","datePublished":"2021-05-20T15:59:27+00:00","dateModified":"2021-05-20T17:16:11+00:00","author":{"@id":"https:\/\/www.africa-press.net\/cotedivoire\/#\/schema\/person\/2b1cf3cd81a31e3cd26889ca66d677f1"},"description":"Djamal AKINBOLA Le pr\u00e9sident de l\u2019Autorit\u00e9 national de la presse, Samba Kon\u00e9 a \u00e9voqu\u00e9 \u00ab quelques insuffisances \u00bb de la ...","breadcrumb":{"@id":"https:\/\/www.africa-press.net\/cotedivoire\/culture-et-art\/samba-kone-de-lanp-demande-une-ordonnance-modificative-de-la-loi-2017-sur-la-presse#breadcrumb"},"inLanguage":"fr-FR","potentialAction":[{"@type":"ReadAction","target":["https:\/\/www.africa-press.net\/cotedivoire\/culture-et-art\/samba-kone-de-lanp-demande-une-ordonnance-modificative-de-la-loi-2017-sur-la-presse"]}]},{"@type":"ImageObject","inLanguage":"fr-FR","@id":"https:\/\/www.africa-press.net\/cotedivoire\/culture-et-art\/samba-kone-de-lanp-demande-une-ordonnance-modificative-de-la-loi-2017-sur-la-presse#primaryimage","url":"https:\/\/static.africa-press.net\/cote\/sites\/43\/2021\/05\/img-60a684bde6ef3.jpg","contentUrl":"https:\/\/static.africa-press.net\/cote\/sites\/43\/2021\/05\/img-60a684bde6ef3.jpg","width":793,"height":412,"caption":"Samba Kon\u00e9 de l\u2019ANP demande \u00ab\u00a0une ordonnance modificative\u00a0\u00bb de la loi 2017 sur la presse"},{"@type":"BreadcrumbList","@id":"https:\/\/www.africa-press.net\/cotedivoire\/culture-et-art\/samba-kone-de-lanp-demande-une-ordonnance-modificative-de-la-loi-2017-sur-la-presse#breadcrumb","itemListElement":[{"@type":"ListItem","position":1,"name":"Accueil","item":"https:\/\/www.africa-press.net\/cotedivoire\/"},{"@type":"ListItem","position":2,"name":"Samba Kon\u00e9 de l\u2019ANP demande \u00ab\u00a0une ordonnance modificative\u00a0\u00bb de la loi 2017 sur la presse"}]},{"@type":"WebSite","@id":"https:\/\/www.africa-press.net\/cotedivoire\/#website","url":"https:\/\/www.africa-press.net\/cotedivoire\/","name":"C\u00f4te d&#039;Ivoire","description":"Just another Africa News Agency Sites site","potentialAction":[{"@type":"SearchAction","target":{"@type":"EntryPoint","urlTemplate":"https:\/\/www.africa-press.net\/cotedivoire\/?s={search_term_string}"},"query-input":{"@type":"PropertyValueSpecification","valueRequired":true,"valueName":"search_term_string"}}],"inLanguage":"fr-FR"},{"@type":"Person","@id":"https:\/\/www.africa-press.net\/cotedivoire\/#\/schema\/person\/2b1cf3cd81a31e3cd26889ca66d677f1","name":"cfeditorfr"}]}},"_links":{"self":[{"href":"https:\/\/www.africa-press.net\/cotedivoire\/wp-json\/wp\/v2\/posts\/8000","targetHints":{"allow":["GET"]}}],"collection":[{"href":"https:\/\/www.africa-press.net\/cotedivoire\/wp-json\/wp\/v2\/posts"}],"about":[{"href":"https:\/\/www.africa-press.net\/cotedivoire\/wp-json\/wp\/v2\/types\/post"}],"author":[{"embeddable":true,"href":"https:\/\/www.africa-press.net\/cotedivoire\/wp-json\/wp\/v2\/users\/82"}],"replies":[{"embeddable":true,"href":"https:\/\/www.africa-press.net\/cotedivoire\/wp-json\/wp\/v2\/comments?post=8000"}],"version-history":[{"count":0,"href":"https:\/\/www.africa-press.net\/cotedivoire\/wp-json\/wp\/v2\/posts\/8000\/revisions"}],"wp:featuredmedia":[{"embeddable":true,"href":"https:\/\/www.africa-press.net\/cotedivoire\/wp-json\/wp\/v2\/media\/7999"}],"wp:attachment":[{"href":"https:\/\/www.africa-press.net\/cotedivoire\/wp-json\/wp\/v2\/media?parent=8000"}],"wp:term":[{"taxonomy":"category","embeddable":true,"href":"https:\/\/www.africa-press.net\/cotedivoire\/wp-json\/wp\/v2\/categories?post=8000"},{"taxonomy":"post_tag","embeddable":true,"href":"https:\/\/www.africa-press.net\/cotedivoire\/wp-json\/wp\/v2\/tags?post=8000"}],"curies":[{"name":"wp","href":"https:\/\/api.w.org\/{rel}","templated":true}]}}