{"id":80007,"date":"2024-05-13T18:35:41","date_gmt":"2024-05-13T18:35:41","guid":{"rendered":"https:\/\/www.africa-press.net\/cotedivoire\/politique\/le-conseil-cafe-cacao-va-t-il-indemniser-les-exportateurs"},"modified":"2024-05-13T18:56:10","modified_gmt":"2024-05-13T18:56:10","slug":"le-conseil-cafe-cacao-va-t-il-indemniser-les-exportateurs","status":"publish","type":"post","link":"https:\/\/www.africa-press.net\/cotedivoire\/economie\/le-conseil-cafe-cacao-va-t-il-indemniser-les-exportateurs","title":{"rendered":"Le Conseil Caf\u00e9-Cacao va-t-il indemniser les exportateurs ?"},"content":{"rendered":"<p><span style=\"color: #ff6600\"><strong>Africa-Press &#8211; C\u00f4te d&rsquo;Ivoire. <\/strong><\/span>Le Conseil Cafe\u0301-Cacao s\u2019appre\u0302te-t-il a\u0300 indemniser les exportateurs ? Selon des informations de sources concordantes, le re\u0301gulateur de la filie\u0300re a ce\u0301de\u0301 a\u0300 la demande de de\u0301dommagement des multinationales pour leurs contrats d&rsquo;achat de fe\u0300ves reporte\u0301s.<\/p>\n<p>En raison de la mauvaise re\u0301colte, ceux-ci n&rsquo;avaient pu e\u0302tre exe\u0301cute\u0301s lors de la campagne principale, qui s&rsquo;est termine\u0301e fin mars 2024.<\/p>\n<p>La Direction Ge\u0301ne\u0301rale du Conseil Cafe\u0301-Cacao devra donner plus de pre\u0301cisions sur cette information afin d\u2019e\u0301clairer la lanterne de l\u2019opinion sur affaire d\u2019indemnisation des exportateurs.<\/p>\n<p><strong>Pour plus d&rsquo;informations et d&rsquo;analyses sur la <a href=\"https:\/\/www.africa-press.net\/cotedivoire\">C\u00f4te d&rsquo;Ivoire<\/a>, suivez <a href=\"https:\/\/www.africa-press.net\/\">Africa-Press<\/a><\/strong><\/p>\n","protected":false},"excerpt":{"rendered":"<p>Africa-Press &#8211; C\u00f4te d&rsquo;Ivoire. Le Conseil Cafe\u0301-Cacao s\u2019appre\u0302te-t-il a\u0300 indemniser les exportateurs ? Selon des informations de sources concordantes, le re\u0301gulateur de la filie\u0300re a ce\u0301de\u0301 a\u0300 la demande de de\u0301dommagement des multinationales pour leurs contrats d&rsquo;achat de fe\u0300ves reporte\u0301s. En raison de la mauvaise re\u0301colte, ceux-ci n&rsquo;avaient pu e\u0302tre exe\u0301cute\u0301s lors de la campagne [&hellip;]<\/p>\n","protected":false},"author":82,"featured_media":80005,"comment_status":"open","ping_status":"closed","sticky":false,"template":"","format":"standard","meta":{"footnotes":""},"categories":[3,10],"tags":[56,63,1177,1744,29,4600,3093,13415],"class_list":["post-80007","post","type-post","status-publish","format-standard","has-post-thumbnail","hentry","category-economie","category-toutes-les-actualites","tag-africa-press","tag-africa-press-cote-divoire","tag-cafe-cacao","tag-conseil","tag-cote-divoire","tag-exportateurs","tag-indemnisation","tag-yves-brahilma-kone"],"yoast_head":"<!-- This site is optimized with the Yoast SEO Premium plugin v26.1 (Yoast SEO v27.0) - https:\/\/yoast.com\/product\/yoast-seo-premium-wordpress\/ -->\n<title>Le Conseil Caf\u00e9-Cacao va-t-il indemniser les exportateurs ? - C\u00f4te d&#039;Ivoire<\/title>\n<meta name=\"description\" content=\"Le Conseil Cafe\u0301-Cacao s\u2019appre\u0302te-t-il a\u0300 indemniser les exportateurs ? Selon des informations de sources concordantes, ...\" \/>\n<meta name=\"robots\" content=\"index, follow, max-snippet:-1, max-image-preview:large, max-video-preview:-1\" \/>\n<link rel=\"canonical\" href=\"https:\/\/www.africa-press.net\/cotedivoire\/economie\/le-conseil-cafe-cacao-va-t-il-indemniser-les-exportateurs\" \/>\n<meta property=\"og:locale\" content=\"fr_FR\" \/>\n<meta property=\"og:type\" content=\"article\" \/>\n<meta property=\"og:title\" content=\"Le Conseil Caf\u00e9-Cacao va-t-il indemniser les exportateurs ?\" \/>\n<meta property=\"og:description\" content=\"Le Conseil Cafe\u0301-Cacao s\u2019appre\u0302te-t-il a\u0300 indemniser les exportateurs ? Selon des informations de sources concordantes, ...\" \/>\n<meta property=\"og:url\" content=\"https:\/\/www.africa-press.net\/cotedivoire\/economie\/le-conseil-cafe-cacao-va-t-il-indemniser-les-exportateurs\" \/>\n<meta property=\"og:site_name\" content=\"C\u00f4te d&#039;Ivoire\" \/>\n<meta property=\"article:published_time\" content=\"2024-05-13T18:35:41+00:00\" \/>\n<meta property=\"article:modified_time\" content=\"2024-05-13T18:56:10+00:00\" \/>\n<meta property=\"og:image\" content=\"https:\/\/static.africa-press.net\/cote\/sites\/43\/2024\/05\/sm_1715613908.451761.jpg\" \/>\n\t<meta property=\"og:image:width\" content=\"720\" \/>\n\t<meta property=\"og:image:height\" content=\"345\" \/>\n\t<meta property=\"og:image:type\" content=\"image\/jpeg\" \/>\n<meta name=\"author\" content=\"cfeditorfr\" \/>\n<meta name=\"twitter:card\" content=\"summary_large_image\" \/>\n<meta name=\"twitter:label1\" content=\"\u00c9crit par\" \/>\n\t<meta name=\"twitter:data1\" content=\"cfeditorfr\" \/>\n\t<meta name=\"twitter:label2\" content=\"Dur\u00e9e de lecture estim\u00e9e\" \/>\n\t<meta name=\"twitter:data2\" content=\"1 minute\" \/>\n<script type=\"application\/ld+json\" class=\"yoast-schema-graph\">{\"@context\":\"https:\/\/schema.org\",\"@graph\":[{\"@type\":\"Article\",\"@id\":\"https:\/\/www.africa-press.net\/cotedivoire\/economie\/le-conseil-cafe-cacao-va-t-il-indemniser-les-exportateurs#article\",\"isPartOf\":{\"@id\":\"https:\/\/www.africa-press.net\/cotedivoire\/economie\/le-conseil-cafe-cacao-va-t-il-indemniser-les-exportateurs\"},\"author\":{\"name\":\"cfeditorfr\",\"@id\":\"https:\/\/www.africa-press.net\/cotedivoire\/#\/schema\/person\/2b1cf3cd81a31e3cd26889ca66d677f1\"},\"headline\":\"Le Conseil Caf\u00e9-Cacao va-t-il indemniser les exportateurs ?\",\"datePublished\":\"2024-05-13T18:35:41+00:00\",\"dateModified\":\"2024-05-13T18:56:10+00:00\",\"mainEntityOfPage\":{\"@id\":\"https:\/\/www.africa-press.net\/cotedivoire\/economie\/le-conseil-cafe-cacao-va-t-il-indemniser-les-exportateurs\"},\"wordCount\":135,\"commentCount\":0,\"image\":{\"@id\":\"https:\/\/www.africa-press.net\/cotedivoire\/economie\/le-conseil-cafe-cacao-va-t-il-indemniser-les-exportateurs#primaryimage\"},\"thumbnailUrl\":\"https:\/\/static.africa-press.net\/cote\/sites\/43\/2024\/05\/sm_1715613908.451761.jpg\",\"keywords\":[\"Africa Press\",\"Africa Press-C\u00f4te d'Ivoire\",\"Caf\u00e9-Cacao\",\"Conseil\",\"C\u00d4TE D'IVOIRE\",\"exportateurs\",\"indemnisation\",\"Yves Brahilma Kon\u00e9\"],\"articleSection\":[\"\u00c9conomie\",\"Toutes les actualit\u00e9s\"],\"inLanguage\":\"fr-FR\",\"potentialAction\":[{\"@type\":\"CommentAction\",\"name\":\"Comment\",\"target\":[\"https:\/\/www.africa-press.net\/cotedivoire\/economie\/le-conseil-cafe-cacao-va-t-il-indemniser-les-exportateurs#respond\"]}]},{\"@type\":\"WebPage\",\"@id\":\"https:\/\/www.africa-press.net\/cotedivoire\/economie\/le-conseil-cafe-cacao-va-t-il-indemniser-les-exportateurs\",\"url\":\"https:\/\/www.africa-press.net\/cotedivoire\/economie\/le-conseil-cafe-cacao-va-t-il-indemniser-les-exportateurs\",\"name\":\"Le Conseil Caf\u00e9-Cacao va-t-il indemniser les exportateurs ? - C\u00f4te d&#039;Ivoire\",\"isPartOf\":{\"@id\":\"https:\/\/www.africa-press.net\/cotedivoire\/#website\"},\"primaryImageOfPage\":{\"@id\":\"https:\/\/www.africa-press.net\/cotedivoire\/economie\/le-conseil-cafe-cacao-va-t-il-indemniser-les-exportateurs#primaryimage\"},\"image\":{\"@id\":\"https:\/\/www.africa-press.net\/cotedivoire\/economie\/le-conseil-cafe-cacao-va-t-il-indemniser-les-exportateurs#primaryimage\"},\"thumbnailUrl\":\"https:\/\/static.africa-press.net\/cote\/sites\/43\/2024\/05\/sm_1715613908.451761.jpg\",\"datePublished\":\"2024-05-13T18:35:41+00:00\",\"dateModified\":\"2024-05-13T18:56:10+00:00\",\"author\":{\"@id\":\"https:\/\/www.africa-press.net\/cotedivoire\/#\/schema\/person\/2b1cf3cd81a31e3cd26889ca66d677f1\"},\"description\":\"Le Conseil Cafe\u0301-Cacao s\u2019appre\u0302te-t-il a\u0300 indemniser les exportateurs ? Selon des informations de sources concordantes, ...\",\"breadcrumb\":{\"@id\":\"https:\/\/www.africa-press.net\/cotedivoire\/economie\/le-conseil-cafe-cacao-va-t-il-indemniser-les-exportateurs#breadcrumb\"},\"inLanguage\":\"fr-FR\",\"potentialAction\":[{\"@type\":\"ReadAction\",\"target\":[\"https:\/\/www.africa-press.net\/cotedivoire\/economie\/le-conseil-cafe-cacao-va-t-il-indemniser-les-exportateurs\"]}]},{\"@type\":\"ImageObject\",\"inLanguage\":\"fr-FR\",\"@id\":\"https:\/\/www.africa-press.net\/cotedivoire\/economie\/le-conseil-cafe-cacao-va-t-il-indemniser-les-exportateurs#primaryimage\",\"url\":\"https:\/\/static.africa-press.net\/cote\/sites\/43\/2024\/05\/sm_1715613908.451761.jpg\",\"contentUrl\":\"https:\/\/static.africa-press.net\/cote\/sites\/43\/2024\/05\/sm_1715613908.451761.jpg\",\"width\":720,\"height\":345,\"caption\":\"Le Conseil Caf\u00e9-Cacao va-t-il indemniser les exportateurs ?\"},{\"@type\":\"BreadcrumbList\",\"@id\":\"https:\/\/www.africa-press.net\/cotedivoire\/economie\/le-conseil-cafe-cacao-va-t-il-indemniser-les-exportateurs#breadcrumb\",\"itemListElement\":[{\"@type\":\"ListItem\",\"position\":1,\"name\":\"Accueil\",\"item\":\"https:\/\/www.africa-press.net\/cotedivoire\/\"},{\"@type\":\"ListItem\",\"position\":2,\"name\":\"Le Conseil Caf\u00e9-Cacao va-t-il indemniser les exportateurs ?\"}]},{\"@type\":\"WebSite\",\"@id\":\"https:\/\/www.africa-press.net\/cotedivoire\/#website\",\"url\":\"https:\/\/www.africa-press.net\/cotedivoire\/\",\"name\":\"C\u00f4te d&#039;Ivoire\",\"description\":\"Just another Africa News Agency Sites site\",\"potentialAction\":[{\"@type\":\"SearchAction\",\"target\":{\"@type\":\"EntryPoint\",\"urlTemplate\":\"https:\/\/www.africa-press.net\/cotedivoire\/?s={search_term_string}\"},\"query-input\":{\"@type\":\"PropertyValueSpecification\",\"valueRequired\":true,\"valueName\":\"search_term_string\"}}],\"inLanguage\":\"fr-FR\"},{\"@type\":\"Person\",\"@id\":\"https:\/\/www.africa-press.net\/cotedivoire\/#\/schema\/person\/2b1cf3cd81a31e3cd26889ca66d677f1\",\"name\":\"cfeditorfr\"}]}<\/script>\n<!-- \/ Yoast SEO Premium plugin. -->","yoast_head_json":{"title":"Le Conseil Caf\u00e9-Cacao va-t-il indemniser les exportateurs ? - C\u00f4te d&#039;Ivoire","description":"Le Conseil Cafe\u0301-Cacao s\u2019appre\u0302te-t-il a\u0300 indemniser les exportateurs ? Selon des informations de sources concordantes, ...","robots":{"index":"index","follow":"follow","max-snippet":"max-snippet:-1","max-image-preview":"max-image-preview:large","max-video-preview":"max-video-preview:-1"},"canonical":"https:\/\/www.africa-press.net\/cotedivoire\/economie\/le-conseil-cafe-cacao-va-t-il-indemniser-les-exportateurs","og_locale":"fr_FR","og_type":"article","og_title":"Le Conseil Caf\u00e9-Cacao va-t-il indemniser les exportateurs ?","og_description":"Le Conseil Cafe\u0301-Cacao s\u2019appre\u0302te-t-il a\u0300 indemniser les exportateurs ? Selon des informations de sources concordantes, ...","og_url":"https:\/\/www.africa-press.net\/cotedivoire\/economie\/le-conseil-cafe-cacao-va-t-il-indemniser-les-exportateurs","og_site_name":"C\u00f4te d&#039;Ivoire","article_published_time":"2024-05-13T18:35:41+00:00","article_modified_time":"2024-05-13T18:56:10+00:00","og_image":[{"width":720,"height":345,"url":"https:\/\/static.africa-press.net\/cote\/sites\/43\/2024\/05\/sm_1715613908.451761.jpg","type":"image\/jpeg"}],"author":"cfeditorfr","twitter_card":"summary_large_image","twitter_misc":{"\u00c9crit par":"cfeditorfr","Dur\u00e9e de lecture estim\u00e9e":"1 minute"},"schema":{"@context":"https:\/\/schema.org","@graph":[{"@type":"Article","@id":"https:\/\/www.africa-press.net\/cotedivoire\/economie\/le-conseil-cafe-cacao-va-t-il-indemniser-les-exportateurs#article","isPartOf":{"@id":"https:\/\/www.africa-press.net\/cotedivoire\/economie\/le-conseil-cafe-cacao-va-t-il-indemniser-les-exportateurs"},"author":{"name":"cfeditorfr","@id":"https:\/\/www.africa-press.net\/cotedivoire\/#\/schema\/person\/2b1cf3cd81a31e3cd26889ca66d677f1"},"headline":"Le Conseil Caf\u00e9-Cacao va-t-il indemniser les exportateurs ?","datePublished":"2024-05-13T18:35:41+00:00","dateModified":"2024-05-13T18:56:10+00:00","mainEntityOfPage":{"@id":"https:\/\/www.africa-press.net\/cotedivoire\/economie\/le-conseil-cafe-cacao-va-t-il-indemniser-les-exportateurs"},"wordCount":135,"commentCount":0,"image":{"@id":"https:\/\/www.africa-press.net\/cotedivoire\/economie\/le-conseil-cafe-cacao-va-t-il-indemniser-les-exportateurs#primaryimage"},"thumbnailUrl":"https:\/\/static.africa-press.net\/cote\/sites\/43\/2024\/05\/sm_1715613908.451761.jpg","keywords":["Africa Press","Africa Press-C\u00f4te d'Ivoire","Caf\u00e9-Cacao","Conseil","C\u00d4TE D'IVOIRE","exportateurs","indemnisation","Yves Brahilma Kon\u00e9"],"articleSection":["\u00c9conomie","Toutes les actualit\u00e9s"],"inLanguage":"fr-FR","potentialAction":[{"@type":"CommentAction","name":"Comment","target":["https:\/\/www.africa-press.net\/cotedivoire\/economie\/le-conseil-cafe-cacao-va-t-il-indemniser-les-exportateurs#respond"]}]},{"@type":"WebPage","@id":"https:\/\/www.africa-press.net\/cotedivoire\/economie\/le-conseil-cafe-cacao-va-t-il-indemniser-les-exportateurs","url":"https:\/\/www.africa-press.net\/cotedivoire\/economie\/le-conseil-cafe-cacao-va-t-il-indemniser-les-exportateurs","name":"Le Conseil Caf\u00e9-Cacao va-t-il indemniser les exportateurs ? - C\u00f4te d&#039;Ivoire","isPartOf":{"@id":"https:\/\/www.africa-press.net\/cotedivoire\/#website"},"primaryImageOfPage":{"@id":"https:\/\/www.africa-press.net\/cotedivoire\/economie\/le-conseil-cafe-cacao-va-t-il-indemniser-les-exportateurs#primaryimage"},"image":{"@id":"https:\/\/www.africa-press.net\/cotedivoire\/economie\/le-conseil-cafe-cacao-va-t-il-indemniser-les-exportateurs#primaryimage"},"thumbnailUrl":"https:\/\/static.africa-press.net\/cote\/sites\/43\/2024\/05\/sm_1715613908.451761.jpg","datePublished":"2024-05-13T18:35:41+00:00","dateModified":"2024-05-13T18:56:10+00:00","author":{"@id":"https:\/\/www.africa-press.net\/cotedivoire\/#\/schema\/person\/2b1cf3cd81a31e3cd26889ca66d677f1"},"description":"Le Conseil Cafe\u0301-Cacao s\u2019appre\u0302te-t-il a\u0300 indemniser les exportateurs ? Selon des informations de sources concordantes, ...","breadcrumb":{"@id":"https:\/\/www.africa-press.net\/cotedivoire\/economie\/le-conseil-cafe-cacao-va-t-il-indemniser-les-exportateurs#breadcrumb"},"inLanguage":"fr-FR","potentialAction":[{"@type":"ReadAction","target":["https:\/\/www.africa-press.net\/cotedivoire\/economie\/le-conseil-cafe-cacao-va-t-il-indemniser-les-exportateurs"]}]},{"@type":"ImageObject","inLanguage":"fr-FR","@id":"https:\/\/www.africa-press.net\/cotedivoire\/economie\/le-conseil-cafe-cacao-va-t-il-indemniser-les-exportateurs#primaryimage","url":"https:\/\/static.africa-press.net\/cote\/sites\/43\/2024\/05\/sm_1715613908.451761.jpg","contentUrl":"https:\/\/static.africa-press.net\/cote\/sites\/43\/2024\/05\/sm_1715613908.451761.jpg","width":720,"height":345,"caption":"Le Conseil Caf\u00e9-Cacao va-t-il indemniser les exportateurs ?"},{"@type":"BreadcrumbList","@id":"https:\/\/www.africa-press.net\/cotedivoire\/economie\/le-conseil-cafe-cacao-va-t-il-indemniser-les-exportateurs#breadcrumb","itemListElement":[{"@type":"ListItem","position":1,"name":"Accueil","item":"https:\/\/www.africa-press.net\/cotedivoire\/"},{"@type":"ListItem","position":2,"name":"Le Conseil Caf\u00e9-Cacao va-t-il indemniser les exportateurs ?"}]},{"@type":"WebSite","@id":"https:\/\/www.africa-press.net\/cotedivoire\/#website","url":"https:\/\/www.africa-press.net\/cotedivoire\/","name":"C\u00f4te d&#039;Ivoire","description":"Just another Africa News Agency Sites site","potentialAction":[{"@type":"SearchAction","target":{"@type":"EntryPoint","urlTemplate":"https:\/\/www.africa-press.net\/cotedivoire\/?s={search_term_string}"},"query-input":{"@type":"PropertyValueSpecification","valueRequired":true,"valueName":"search_term_string"}}],"inLanguage":"fr-FR"},{"@type":"Person","@id":"https:\/\/www.africa-press.net\/cotedivoire\/#\/schema\/person\/2b1cf3cd81a31e3cd26889ca66d677f1","name":"cfeditorfr"}]}},"_links":{"self":[{"href":"https:\/\/www.africa-press.net\/cotedivoire\/wp-json\/wp\/v2\/posts\/80007","targetHints":{"allow":["GET"]}}],"collection":[{"href":"https:\/\/www.africa-press.net\/cotedivoire\/wp-json\/wp\/v2\/posts"}],"about":[{"href":"https:\/\/www.africa-press.net\/cotedivoire\/wp-json\/wp\/v2\/types\/post"}],"author":[{"embeddable":true,"href":"https:\/\/www.africa-press.net\/cotedivoire\/wp-json\/wp\/v2\/users\/82"}],"replies":[{"embeddable":true,"href":"https:\/\/www.africa-press.net\/cotedivoire\/wp-json\/wp\/v2\/comments?post=80007"}],"version-history":[{"count":0,"href":"https:\/\/www.africa-press.net\/cotedivoire\/wp-json\/wp\/v2\/posts\/80007\/revisions"}],"wp:featuredmedia":[{"embeddable":true,"href":"https:\/\/www.africa-press.net\/cotedivoire\/wp-json\/wp\/v2\/media\/80005"}],"wp:attachment":[{"href":"https:\/\/www.africa-press.net\/cotedivoire\/wp-json\/wp\/v2\/media?parent=80007"}],"wp:term":[{"taxonomy":"category","embeddable":true,"href":"https:\/\/www.africa-press.net\/cotedivoire\/wp-json\/wp\/v2\/categories?post=80007"},{"taxonomy":"post_tag","embeddable":true,"href":"https:\/\/www.africa-press.net\/cotedivoire\/wp-json\/wp\/v2\/tags?post=80007"}],"curies":[{"name":"wp","href":"https:\/\/api.w.org\/{rel}","templated":true}]}}