{"id":80026,"date":"2024-05-13T18:37:51","date_gmt":"2024-05-13T18:37:51","guid":{"rendered":"https:\/\/www.africa-press.net\/cotedivoire\/politique\/le-chef-detat-major-francais-thierry-burkhard-a-abidjan-impressionne-par-la-qualite-de-lenseignement-et-de-lentrainement-des-faci"},"modified":"2024-05-13T19:00:34","modified_gmt":"2024-05-13T19:00:34","slug":"le-chef-detat-major-francais-thierry-burkhard-a-abidjan-impressionne-par-la-qualite-de-lenseignement-et-de-lentrainement-des-faci","status":"publish","type":"post","link":"https:\/\/www.africa-press.net\/cotedivoire\/politique\/le-chef-detat-major-francais-thierry-burkhard-a-abidjan-impressionne-par-la-qualite-de-lenseignement-et-de-lentrainement-des-faci","title":{"rendered":"Le chef d&rsquo;Etat-major fran\u00e7ais Thierry Burkhard \u00e0 Abidjan impressionn\u00e9 par la qualit\u00e9 de l&rsquo;enseignement et de l&rsquo;entra\u00eenement des FACI"},"content":{"rendered":"<p><span style=\"color: #ff6600\"><strong>Africa-Press &#8211; C\u00f4te d&rsquo;Ivoire. <\/strong><\/span>Le Chef d\u2019e\u0301tat-major de l\u2019Arme\u0301e Franc\u0327aise Thierry Burkhard est en visite en Co\u0302te d\u2019Ivoire.<\/p>\n<p>Il a rendu visite aux e\u0301le\u0301ments de la force franc\u0327aise en Co\u0302te d\u2019Ivoire (EFCI) au centre d\u2019aguerrissement de Ome\u0301 et l\u2019Ambassadeur de France, Jean-Christophe Belliard, sur les perspectives du partenariat entre les deux pays.<\/p>\n<p>Le Ge\u0301ne\u0301ral Burkhard qui pour rappel e\u0301tait en poste au 43e Bima durant les anne\u0301es de crise, a salue\u0301 la coope\u0301ration bilate\u0301rale avec les Forces Arme\u0301es de Co\u0302te d&rsquo;Ivoire.<\/p>\n<p>\u00ab En grand honneur d\u2019accompagner mon homologue le ge\u0301ne\u0301ral Doumbia a\u0300 la rencontre des Forces Arme\u0301es de Co\u0302te d&rsquo;Ivoire. Avec l\u2019Acade\u0301mie des Forces Arme\u0301es de Co\u0302te d\u2019Ivoire, en exercice synthe\u0300se dans la re\u0301gion de Yamoussoukro. Impressionne\u0301 par la qualite\u0301 de l\u2019enseignement et de l\u2019entrai\u0302nement des FACI. Tre\u0300s bonne synergie avec les EFCI pour des exercices, des formations et des stages d\u2019aguerrissement communs \u00bb, a relaye\u0301 le Ge\u0301ne\u0301ral Thierry Burkhard, via son compte officiel.<\/p>\n<p><strong>Pour plus d&rsquo;informations et d&rsquo;analyses sur la <a href=\"https:\/\/www.africa-press.net\/cotedivoire\">C\u00f4te d&rsquo;Ivoire<\/a>, suivez <a href=\"https:\/\/www.africa-press.net\/\">Africa-Press<\/a><\/strong><\/p>\n","protected":false},"excerpt":{"rendered":"<p>Africa-Press &#8211; C\u00f4te d&rsquo;Ivoire. Le Chef d\u2019e\u0301tat-major de l\u2019Arme\u0301e Franc\u0327aise Thierry Burkhard est en visite en Co\u0302te d\u2019Ivoire. Il a rendu visite aux e\u0301le\u0301ments de la force franc\u0327aise en Co\u0302te d\u2019Ivoire (EFCI) au centre d\u2019aguerrissement de Ome\u0301 et l\u2019Ambassadeur de France, Jean-Christophe Belliard, sur les perspectives du partenariat entre les deux pays. Le Ge\u0301ne\u0301ral Burkhard [&hellip;]<\/p>\n","protected":false},"author":82,"featured_media":80024,"comment_status":"open","ping_status":"closed","sticky":false,"template":"","format":"standard","meta":{"footnotes":""},"categories":[2,10],"tags":[56,63,29,5434,13422,1152,2813,4312],"class_list":["post-80026","post","type-post","status-publish","format-standard","has-post-thumbnail","hentry","category-politique","category-toutes-les-actualites","tag-africa-press","tag-africa-press-cote-divoire","tag-cote-divoire","tag-doumbia","tag-efci","tag-faci","tag-jean-christophe-belliard","tag-thierry-burkhard"],"yoast_head":"<!-- This site is optimized with the Yoast SEO Premium plugin v26.1 (Yoast SEO v27.0) - https:\/\/yoast.com\/product\/yoast-seo-premium-wordpress\/ -->\n<title>Le chef d&#039;Etat-major fran\u00e7ais Thierry Burkhard \u00e0 Abidjan impressionn\u00e9 par la qualit\u00e9 de l&#039;enseignement et de l&#039;entra\u00eenement des FACI - C\u00f4te d&#039;Ivoire<\/title>\n<meta name=\"description\" content=\"Le Chef d\u2019e\u0301tat-major de l\u2019Arme\u0301e Franc\u0327aise Thierry Burkhard est en visite en Co\u0302te d\u2019Ivoire. Il a rendu visite aux e\u0301 ...\" \/>\n<meta name=\"robots\" content=\"index, follow, max-snippet:-1, max-image-preview:large, max-video-preview:-1\" \/>\n<link rel=\"canonical\" href=\"https:\/\/www.africa-press.net\/cotedivoire\/politique\/le-chef-detat-major-francais-thierry-burkhard-a-abidjan-impressionne-par-la-qualite-de-lenseignement-et-de-lentrainement-des-faci\" \/>\n<meta property=\"og:locale\" content=\"fr_FR\" \/>\n<meta property=\"og:type\" content=\"article\" \/>\n<meta property=\"og:title\" content=\"Le chef d&#039;Etat-major fran\u00e7ais Thierry Burkhard \u00e0 Abidjan impressionn\u00e9 par la qualit\u00e9 de l&#039;enseignement et de l&#039;entra\u00eenement des FACI\" \/>\n<meta property=\"og:description\" content=\"Le Chef d\u2019e\u0301tat-major de l\u2019Arme\u0301e Franc\u0327aise Thierry Burkhard est en visite en Co\u0302te d\u2019Ivoire. Il a rendu visite aux e\u0301 ...\" \/>\n<meta property=\"og:url\" content=\"https:\/\/www.africa-press.net\/cotedivoire\/politique\/le-chef-detat-major-francais-thierry-burkhard-a-abidjan-impressionne-par-la-qualite-de-lenseignement-et-de-lentrainement-des-faci\" \/>\n<meta property=\"og:site_name\" content=\"C\u00f4te d&#039;Ivoire\" \/>\n<meta property=\"article:published_time\" content=\"2024-05-13T18:37:51+00:00\" \/>\n<meta property=\"article:modified_time\" content=\"2024-05-13T19:00:34+00:00\" \/>\n<meta property=\"og:image\" content=\"https:\/\/static.africa-press.net\/cote\/sites\/43\/2024\/05\/sm_1715614174.534103.jpg\" \/>\n\t<meta property=\"og:image:width\" content=\"720\" \/>\n\t<meta property=\"og:image:height\" content=\"481\" \/>\n\t<meta property=\"og:image:type\" content=\"image\/jpeg\" \/>\n<meta name=\"author\" content=\"cfeditorfr\" \/>\n<meta name=\"twitter:card\" content=\"summary_large_image\" \/>\n<meta name=\"twitter:label1\" content=\"\u00c9crit par\" \/>\n\t<meta name=\"twitter:data1\" content=\"cfeditorfr\" \/>\n\t<meta name=\"twitter:label2\" content=\"Dur\u00e9e de lecture estim\u00e9e\" \/>\n\t<meta name=\"twitter:data2\" content=\"2 minutes\" \/>\n<script type=\"application\/ld+json\" class=\"yoast-schema-graph\">{\"@context\":\"https:\/\/schema.org\",\"@graph\":[{\"@type\":\"Article\",\"@id\":\"https:\/\/www.africa-press.net\/cotedivoire\/politique\/le-chef-detat-major-francais-thierry-burkhard-a-abidjan-impressionne-par-la-qualite-de-lenseignement-et-de-lentrainement-des-faci#article\",\"isPartOf\":{\"@id\":\"https:\/\/www.africa-press.net\/cotedivoire\/politique\/le-chef-detat-major-francais-thierry-burkhard-a-abidjan-impressionne-par-la-qualite-de-lenseignement-et-de-lentrainement-des-faci\"},\"author\":{\"name\":\"cfeditorfr\",\"@id\":\"https:\/\/www.africa-press.net\/cotedivoire\/#\/schema\/person\/2b1cf3cd81a31e3cd26889ca66d677f1\"},\"headline\":\"Le chef d&rsquo;Etat-major fran\u00e7ais Thierry Burkhard \u00e0 Abidjan impressionn\u00e9 par la qualit\u00e9 de l&rsquo;enseignement et de l&rsquo;entra\u00eenement des FACI\",\"datePublished\":\"2024-05-13T18:37:51+00:00\",\"dateModified\":\"2024-05-13T19:00:34+00:00\",\"mainEntityOfPage\":{\"@id\":\"https:\/\/www.africa-press.net\/cotedivoire\/politique\/le-chef-detat-major-francais-thierry-burkhard-a-abidjan-impressionne-par-la-qualite-de-lenseignement-et-de-lentrainement-des-faci\"},\"wordCount\":235,\"commentCount\":0,\"image\":{\"@id\":\"https:\/\/www.africa-press.net\/cotedivoire\/politique\/le-chef-detat-major-francais-thierry-burkhard-a-abidjan-impressionne-par-la-qualite-de-lenseignement-et-de-lentrainement-des-faci#primaryimage\"},\"thumbnailUrl\":\"https:\/\/static.africa-press.net\/cote\/sites\/43\/2024\/05\/sm_1715614174.534103.jpg\",\"keywords\":[\"Africa Press\",\"Africa Press-C\u00f4te d'Ivoire\",\"C\u00d4TE D'IVOIRE\",\"Doumbia\",\"EFCI\",\"Faci\",\"Jean-Christophe Belliard\",\"Thierry Burkhard\"],\"articleSection\":[\"Politique\",\"Toutes les actualit\u00e9s\"],\"inLanguage\":\"fr-FR\",\"potentialAction\":[{\"@type\":\"CommentAction\",\"name\":\"Comment\",\"target\":[\"https:\/\/www.africa-press.net\/cotedivoire\/politique\/le-chef-detat-major-francais-thierry-burkhard-a-abidjan-impressionne-par-la-qualite-de-lenseignement-et-de-lentrainement-des-faci#respond\"]}]},{\"@type\":\"WebPage\",\"@id\":\"https:\/\/www.africa-press.net\/cotedivoire\/politique\/le-chef-detat-major-francais-thierry-burkhard-a-abidjan-impressionne-par-la-qualite-de-lenseignement-et-de-lentrainement-des-faci\",\"url\":\"https:\/\/www.africa-press.net\/cotedivoire\/politique\/le-chef-detat-major-francais-thierry-burkhard-a-abidjan-impressionne-par-la-qualite-de-lenseignement-et-de-lentrainement-des-faci\",\"name\":\"Le chef d'Etat-major fran\u00e7ais Thierry Burkhard \u00e0 Abidjan impressionn\u00e9 par la qualit\u00e9 de l'enseignement et de l'entra\u00eenement des FACI - C\u00f4te d&#039;Ivoire\",\"isPartOf\":{\"@id\":\"https:\/\/www.africa-press.net\/cotedivoire\/#website\"},\"primaryImageOfPage\":{\"@id\":\"https:\/\/www.africa-press.net\/cotedivoire\/politique\/le-chef-detat-major-francais-thierry-burkhard-a-abidjan-impressionne-par-la-qualite-de-lenseignement-et-de-lentrainement-des-faci#primaryimage\"},\"image\":{\"@id\":\"https:\/\/www.africa-press.net\/cotedivoire\/politique\/le-chef-detat-major-francais-thierry-burkhard-a-abidjan-impressionne-par-la-qualite-de-lenseignement-et-de-lentrainement-des-faci#primaryimage\"},\"thumbnailUrl\":\"https:\/\/static.africa-press.net\/cote\/sites\/43\/2024\/05\/sm_1715614174.534103.jpg\",\"datePublished\":\"2024-05-13T18:37:51+00:00\",\"dateModified\":\"2024-05-13T19:00:34+00:00\",\"author\":{\"@id\":\"https:\/\/www.africa-press.net\/cotedivoire\/#\/schema\/person\/2b1cf3cd81a31e3cd26889ca66d677f1\"},\"description\":\"Le Chef d\u2019e\u0301tat-major de l\u2019Arme\u0301e Franc\u0327aise Thierry Burkhard est en visite en Co\u0302te d\u2019Ivoire. Il a rendu visite aux e\u0301 ...\",\"breadcrumb\":{\"@id\":\"https:\/\/www.africa-press.net\/cotedivoire\/politique\/le-chef-detat-major-francais-thierry-burkhard-a-abidjan-impressionne-par-la-qualite-de-lenseignement-et-de-lentrainement-des-faci#breadcrumb\"},\"inLanguage\":\"fr-FR\",\"potentialAction\":[{\"@type\":\"ReadAction\",\"target\":[\"https:\/\/www.africa-press.net\/cotedivoire\/politique\/le-chef-detat-major-francais-thierry-burkhard-a-abidjan-impressionne-par-la-qualite-de-lenseignement-et-de-lentrainement-des-faci\"]}]},{\"@type\":\"ImageObject\",\"inLanguage\":\"fr-FR\",\"@id\":\"https:\/\/www.africa-press.net\/cotedivoire\/politique\/le-chef-detat-major-francais-thierry-burkhard-a-abidjan-impressionne-par-la-qualite-de-lenseignement-et-de-lentrainement-des-faci#primaryimage\",\"url\":\"https:\/\/static.africa-press.net\/cote\/sites\/43\/2024\/05\/sm_1715614174.534103.jpg\",\"contentUrl\":\"https:\/\/static.africa-press.net\/cote\/sites\/43\/2024\/05\/sm_1715614174.534103.jpg\",\"width\":720,\"height\":481,\"caption\":\"Le chef d'Etat-major fran\u00e7ais Thierry Burkhard \u00e0 Abidjan impressionn\u00e9 par la qualit\u00e9 de l'enseignement et de l'entra\u00eenement des FACI\"},{\"@type\":\"BreadcrumbList\",\"@id\":\"https:\/\/www.africa-press.net\/cotedivoire\/politique\/le-chef-detat-major-francais-thierry-burkhard-a-abidjan-impressionne-par-la-qualite-de-lenseignement-et-de-lentrainement-des-faci#breadcrumb\",\"itemListElement\":[{\"@type\":\"ListItem\",\"position\":1,\"name\":\"Accueil\",\"item\":\"https:\/\/www.africa-press.net\/cotedivoire\/\"},{\"@type\":\"ListItem\",\"position\":2,\"name\":\"Le chef d&#8217;Etat-major fran\u00e7ais Thierry Burkhard \u00e0 Abidjan impressionn\u00e9 par la qualit\u00e9 de l&#8217;enseignement et de l&#8217;entra\u00eenement des FACI\"}]},{\"@type\":\"WebSite\",\"@id\":\"https:\/\/www.africa-press.net\/cotedivoire\/#website\",\"url\":\"https:\/\/www.africa-press.net\/cotedivoire\/\",\"name\":\"C\u00f4te d&#039;Ivoire\",\"description\":\"Just another Africa News Agency Sites site\",\"potentialAction\":[{\"@type\":\"SearchAction\",\"target\":{\"@type\":\"EntryPoint\",\"urlTemplate\":\"https:\/\/www.africa-press.net\/cotedivoire\/?s={search_term_string}\"},\"query-input\":{\"@type\":\"PropertyValueSpecification\",\"valueRequired\":true,\"valueName\":\"search_term_string\"}}],\"inLanguage\":\"fr-FR\"},{\"@type\":\"Person\",\"@id\":\"https:\/\/www.africa-press.net\/cotedivoire\/#\/schema\/person\/2b1cf3cd81a31e3cd26889ca66d677f1\",\"name\":\"cfeditorfr\"}]}<\/script>\n<!-- \/ Yoast SEO Premium plugin. -->","yoast_head_json":{"title":"Le chef d'Etat-major fran\u00e7ais Thierry Burkhard \u00e0 Abidjan impressionn\u00e9 par la qualit\u00e9 de l'enseignement et de l'entra\u00eenement des FACI - C\u00f4te d&#039;Ivoire","description":"Le Chef d\u2019e\u0301tat-major de l\u2019Arme\u0301e Franc\u0327aise Thierry Burkhard est en visite en Co\u0302te d\u2019Ivoire. Il a rendu visite aux e\u0301 ...","robots":{"index":"index","follow":"follow","max-snippet":"max-snippet:-1","max-image-preview":"max-image-preview:large","max-video-preview":"max-video-preview:-1"},"canonical":"https:\/\/www.africa-press.net\/cotedivoire\/politique\/le-chef-detat-major-francais-thierry-burkhard-a-abidjan-impressionne-par-la-qualite-de-lenseignement-et-de-lentrainement-des-faci","og_locale":"fr_FR","og_type":"article","og_title":"Le chef d'Etat-major fran\u00e7ais Thierry Burkhard \u00e0 Abidjan impressionn\u00e9 par la qualit\u00e9 de l'enseignement et de l'entra\u00eenement des FACI","og_description":"Le Chef d\u2019e\u0301tat-major de l\u2019Arme\u0301e Franc\u0327aise Thierry Burkhard est en visite en Co\u0302te d\u2019Ivoire. Il a rendu visite aux e\u0301 ...","og_url":"https:\/\/www.africa-press.net\/cotedivoire\/politique\/le-chef-detat-major-francais-thierry-burkhard-a-abidjan-impressionne-par-la-qualite-de-lenseignement-et-de-lentrainement-des-faci","og_site_name":"C\u00f4te d&#039;Ivoire","article_published_time":"2024-05-13T18:37:51+00:00","article_modified_time":"2024-05-13T19:00:34+00:00","og_image":[{"width":720,"height":481,"url":"https:\/\/static.africa-press.net\/cote\/sites\/43\/2024\/05\/sm_1715614174.534103.jpg","type":"image\/jpeg"}],"author":"cfeditorfr","twitter_card":"summary_large_image","twitter_misc":{"\u00c9crit par":"cfeditorfr","Dur\u00e9e de lecture estim\u00e9e":"2 minutes"},"schema":{"@context":"https:\/\/schema.org","@graph":[{"@type":"Article","@id":"https:\/\/www.africa-press.net\/cotedivoire\/politique\/le-chef-detat-major-francais-thierry-burkhard-a-abidjan-impressionne-par-la-qualite-de-lenseignement-et-de-lentrainement-des-faci#article","isPartOf":{"@id":"https:\/\/www.africa-press.net\/cotedivoire\/politique\/le-chef-detat-major-francais-thierry-burkhard-a-abidjan-impressionne-par-la-qualite-de-lenseignement-et-de-lentrainement-des-faci"},"author":{"name":"cfeditorfr","@id":"https:\/\/www.africa-press.net\/cotedivoire\/#\/schema\/person\/2b1cf3cd81a31e3cd26889ca66d677f1"},"headline":"Le chef d&rsquo;Etat-major fran\u00e7ais Thierry Burkhard \u00e0 Abidjan impressionn\u00e9 par la qualit\u00e9 de l&rsquo;enseignement et de l&rsquo;entra\u00eenement des FACI","datePublished":"2024-05-13T18:37:51+00:00","dateModified":"2024-05-13T19:00:34+00:00","mainEntityOfPage":{"@id":"https:\/\/www.africa-press.net\/cotedivoire\/politique\/le-chef-detat-major-francais-thierry-burkhard-a-abidjan-impressionne-par-la-qualite-de-lenseignement-et-de-lentrainement-des-faci"},"wordCount":235,"commentCount":0,"image":{"@id":"https:\/\/www.africa-press.net\/cotedivoire\/politique\/le-chef-detat-major-francais-thierry-burkhard-a-abidjan-impressionne-par-la-qualite-de-lenseignement-et-de-lentrainement-des-faci#primaryimage"},"thumbnailUrl":"https:\/\/static.africa-press.net\/cote\/sites\/43\/2024\/05\/sm_1715614174.534103.jpg","keywords":["Africa Press","Africa Press-C\u00f4te d'Ivoire","C\u00d4TE D'IVOIRE","Doumbia","EFCI","Faci","Jean-Christophe Belliard","Thierry Burkhard"],"articleSection":["Politique","Toutes les actualit\u00e9s"],"inLanguage":"fr-FR","potentialAction":[{"@type":"CommentAction","name":"Comment","target":["https:\/\/www.africa-press.net\/cotedivoire\/politique\/le-chef-detat-major-francais-thierry-burkhard-a-abidjan-impressionne-par-la-qualite-de-lenseignement-et-de-lentrainement-des-faci#respond"]}]},{"@type":"WebPage","@id":"https:\/\/www.africa-press.net\/cotedivoire\/politique\/le-chef-detat-major-francais-thierry-burkhard-a-abidjan-impressionne-par-la-qualite-de-lenseignement-et-de-lentrainement-des-faci","url":"https:\/\/www.africa-press.net\/cotedivoire\/politique\/le-chef-detat-major-francais-thierry-burkhard-a-abidjan-impressionne-par-la-qualite-de-lenseignement-et-de-lentrainement-des-faci","name":"Le chef d'Etat-major fran\u00e7ais Thierry Burkhard \u00e0 Abidjan impressionn\u00e9 par la qualit\u00e9 de l'enseignement et de l'entra\u00eenement des FACI - C\u00f4te d&#039;Ivoire","isPartOf":{"@id":"https:\/\/www.africa-press.net\/cotedivoire\/#website"},"primaryImageOfPage":{"@id":"https:\/\/www.africa-press.net\/cotedivoire\/politique\/le-chef-detat-major-francais-thierry-burkhard-a-abidjan-impressionne-par-la-qualite-de-lenseignement-et-de-lentrainement-des-faci#primaryimage"},"image":{"@id":"https:\/\/www.africa-press.net\/cotedivoire\/politique\/le-chef-detat-major-francais-thierry-burkhard-a-abidjan-impressionne-par-la-qualite-de-lenseignement-et-de-lentrainement-des-faci#primaryimage"},"thumbnailUrl":"https:\/\/static.africa-press.net\/cote\/sites\/43\/2024\/05\/sm_1715614174.534103.jpg","datePublished":"2024-05-13T18:37:51+00:00","dateModified":"2024-05-13T19:00:34+00:00","author":{"@id":"https:\/\/www.africa-press.net\/cotedivoire\/#\/schema\/person\/2b1cf3cd81a31e3cd26889ca66d677f1"},"description":"Le Chef d\u2019e\u0301tat-major de l\u2019Arme\u0301e Franc\u0327aise Thierry Burkhard est en visite en Co\u0302te d\u2019Ivoire. Il a rendu visite aux e\u0301 ...","breadcrumb":{"@id":"https:\/\/www.africa-press.net\/cotedivoire\/politique\/le-chef-detat-major-francais-thierry-burkhard-a-abidjan-impressionne-par-la-qualite-de-lenseignement-et-de-lentrainement-des-faci#breadcrumb"},"inLanguage":"fr-FR","potentialAction":[{"@type":"ReadAction","target":["https:\/\/www.africa-press.net\/cotedivoire\/politique\/le-chef-detat-major-francais-thierry-burkhard-a-abidjan-impressionne-par-la-qualite-de-lenseignement-et-de-lentrainement-des-faci"]}]},{"@type":"ImageObject","inLanguage":"fr-FR","@id":"https:\/\/www.africa-press.net\/cotedivoire\/politique\/le-chef-detat-major-francais-thierry-burkhard-a-abidjan-impressionne-par-la-qualite-de-lenseignement-et-de-lentrainement-des-faci#primaryimage","url":"https:\/\/static.africa-press.net\/cote\/sites\/43\/2024\/05\/sm_1715614174.534103.jpg","contentUrl":"https:\/\/static.africa-press.net\/cote\/sites\/43\/2024\/05\/sm_1715614174.534103.jpg","width":720,"height":481,"caption":"Le chef d'Etat-major fran\u00e7ais Thierry Burkhard \u00e0 Abidjan impressionn\u00e9 par la qualit\u00e9 de l'enseignement et de l'entra\u00eenement des FACI"},{"@type":"BreadcrumbList","@id":"https:\/\/www.africa-press.net\/cotedivoire\/politique\/le-chef-detat-major-francais-thierry-burkhard-a-abidjan-impressionne-par-la-qualite-de-lenseignement-et-de-lentrainement-des-faci#breadcrumb","itemListElement":[{"@type":"ListItem","position":1,"name":"Accueil","item":"https:\/\/www.africa-press.net\/cotedivoire\/"},{"@type":"ListItem","position":2,"name":"Le chef d&#8217;Etat-major fran\u00e7ais Thierry Burkhard \u00e0 Abidjan impressionn\u00e9 par la qualit\u00e9 de l&#8217;enseignement et de l&#8217;entra\u00eenement des FACI"}]},{"@type":"WebSite","@id":"https:\/\/www.africa-press.net\/cotedivoire\/#website","url":"https:\/\/www.africa-press.net\/cotedivoire\/","name":"C\u00f4te d&#039;Ivoire","description":"Just another Africa News Agency Sites site","potentialAction":[{"@type":"SearchAction","target":{"@type":"EntryPoint","urlTemplate":"https:\/\/www.africa-press.net\/cotedivoire\/?s={search_term_string}"},"query-input":{"@type":"PropertyValueSpecification","valueRequired":true,"valueName":"search_term_string"}}],"inLanguage":"fr-FR"},{"@type":"Person","@id":"https:\/\/www.africa-press.net\/cotedivoire\/#\/schema\/person\/2b1cf3cd81a31e3cd26889ca66d677f1","name":"cfeditorfr"}]}},"_links":{"self":[{"href":"https:\/\/www.africa-press.net\/cotedivoire\/wp-json\/wp\/v2\/posts\/80026","targetHints":{"allow":["GET"]}}],"collection":[{"href":"https:\/\/www.africa-press.net\/cotedivoire\/wp-json\/wp\/v2\/posts"}],"about":[{"href":"https:\/\/www.africa-press.net\/cotedivoire\/wp-json\/wp\/v2\/types\/post"}],"author":[{"embeddable":true,"href":"https:\/\/www.africa-press.net\/cotedivoire\/wp-json\/wp\/v2\/users\/82"}],"replies":[{"embeddable":true,"href":"https:\/\/www.africa-press.net\/cotedivoire\/wp-json\/wp\/v2\/comments?post=80026"}],"version-history":[{"count":0,"href":"https:\/\/www.africa-press.net\/cotedivoire\/wp-json\/wp\/v2\/posts\/80026\/revisions"}],"wp:featuredmedia":[{"embeddable":true,"href":"https:\/\/www.africa-press.net\/cotedivoire\/wp-json\/wp\/v2\/media\/80024"}],"wp:attachment":[{"href":"https:\/\/www.africa-press.net\/cotedivoire\/wp-json\/wp\/v2\/media?parent=80026"}],"wp:term":[{"taxonomy":"category","embeddable":true,"href":"https:\/\/www.africa-press.net\/cotedivoire\/wp-json\/wp\/v2\/categories?post=80026"},{"taxonomy":"post_tag","embeddable":true,"href":"https:\/\/www.africa-press.net\/cotedivoire\/wp-json\/wp\/v2\/tags?post=80026"}],"curies":[{"name":"wp","href":"https:\/\/api.w.org\/{rel}","templated":true}]}}