{"id":8003,"date":"2021-05-20T16:07:07","date_gmt":"2021-05-20T16:07:07","guid":{"rendered":"https:\/\/www.africa-press.net\/cotedivoire\/?p=8003"},"modified":"2021-05-20T17:16:22","modified_gmt":"2021-05-20T17:16:22","slug":"150-postulants-retenus-pour-une-1ere-session-de-formation-politique-a-linstitut-agc-en-cote-divoire","status":"publish","type":"post","link":"https:\/\/www.africa-press.net\/cotedivoire\/politique\/150-postulants-retenus-pour-une-1ere-session-de-formation-politique-a-linstitut-agc-en-cote-divoire","title":{"rendered":"150 postulants retenus pour une 1\u00e8re session de formation politique \u00e0 l\u2019Institut AGC en C\u00f4te-d\u2019Ivoire"},"content":{"rendered":"<p><span style=\"color: #ff6600\"><strong><a href=\"https:\/\/www.africa-press.net\/\">Africa-Press<\/a> &#8211; <a href=\"https:\/\/www.africa-press.net\/cotedivoire\">C\u00f4te d&rsquo;Ivoire<\/a>.\u00a0 <\/strong><\/span>En C\u00f4te d\u2019Ivoire, 150 postulants ont \u00e9t\u00e9 retenus pour une premi\u00e8re session de formation politique \u00e0 l\u2019Institut Amadou Gon Coulibaly (AGC), \u00e0 partir du 29 mai, a annonc\u00e9 le directeur Bertin Yao, lors d\u2019une conf\u00e9rence de presse.<\/p>\n<p>Ces personnes ont \u00e9t\u00e9 s\u00e9lectionn\u00e9es apr\u00e8s un appel \u00e0 candidatures \u00e0 l\u2019endroit des jeunes de 18 \u00e0 35 ans qui \u00ab ont un int\u00e9r\u00eat pour les activit\u00e9s politiques \u00bb.<\/p>\n<p>\u00ab Du 29 mars au 04 avril, 3.406 demandes de candidatures ont \u00e9t\u00e9 enregistr\u00e9es. 150 postulants retenus \u00e0 l\u2019issue de la s\u00e9lection d\u00e9buteront la premi\u00e8re session de formation le 29 mai \u00bb, a indiqu\u00e9 M. Yao, pr\u00e9cisant que \u00ab 246 candidatures des pays de la sous-r\u00e9gion ont \u00e9galement \u00e9t\u00e9 re\u00e7ues \u00bb.<\/p>\n<p>La formation durera huit semaines, reparties en 41 s\u00e9ances les vendredis et samedis de chaque semaine, a-t-il ajout\u00e9.<\/p>\n<p>Ouvert \u00e0 tous les partis et groupements politiques, l\u2019Institut de formation politique AGC, qui porte le nom de l\u2019ex-Premier ministre Amadou Gon Coulibaly, est une association \u00e0 but non lucratif, qui veut \u00ab contribuer au renouvellement du d\u00e9bat politique par la formation des citoyens \u00bb.<\/p>\n<p>&nbsp;<\/p>\n","protected":false},"excerpt":{"rendered":"<p>Africa-Press &#8211; C\u00f4te d&rsquo;Ivoire.\u00a0 En C\u00f4te d\u2019Ivoire, 150 postulants ont \u00e9t\u00e9 retenus pour une premi\u00e8re session de formation politique \u00e0 l\u2019Institut Amadou Gon Coulibaly (AGC), \u00e0 partir du 29 mai, a annonc\u00e9 le directeur Bertin Yao, lors d\u2019une conf\u00e9rence de presse. Ces personnes ont \u00e9t\u00e9 s\u00e9lectionn\u00e9es apr\u00e8s un appel \u00e0 candidatures \u00e0 l\u2019endroit des jeunes [&hellip;]<\/p>\n","protected":false},"author":82,"featured_media":8002,"comment_status":"open","ping_status":"closed","sticky":false,"template":"","format":"standard","meta":{"footnotes":""},"categories":[11,2,10],"tags":[56,63,29],"class_list":["post-8003","post","type-post","status-publish","format-standard","has-post-thumbnail","hentry","category-homepage-french","category-politique","category-toutes-les-actualites","tag-africa-press","tag-africa-press-cote-divoire","tag-cote-divoire"],"yoast_head":"<!-- This site is optimized with the Yoast SEO Premium plugin v26.1 (Yoast SEO v27.0) - https:\/\/yoast.com\/product\/yoast-seo-premium-wordpress\/ -->\n<title>150 postulants retenus pour une 1\u00e8re session de formation politique \u00e0 l\u2019Institut AGC en C\u00f4te-d\u2019Ivoire - C\u00f4te d&#039;Ivoire<\/title>\n<meta name=\"description\" content=\"Edwige FIENDE En C\u00f4te d\u2019Ivoire, 150 postulants ont \u00e9t\u00e9 retenus pour une premi\u00e8re session de formation politique \u00e0 l\u2019Ins ...\" \/>\n<meta name=\"robots\" content=\"index, follow, max-snippet:-1, max-image-preview:large, max-video-preview:-1\" \/>\n<link rel=\"canonical\" href=\"https:\/\/www.africa-press.net\/cotedivoire\/politique\/150-postulants-retenus-pour-une-1ere-session-de-formation-politique-a-linstitut-agc-en-cote-divoire\" \/>\n<meta property=\"og:locale\" content=\"fr_FR\" \/>\n<meta property=\"og:type\" content=\"article\" \/>\n<meta property=\"og:title\" content=\"150 postulants retenus pour une 1\u00e8re session de formation politique \u00e0 l\u2019Institut AGC en C\u00f4te-d\u2019Ivoire\" \/>\n<meta property=\"og:description\" content=\"Edwige FIENDE En C\u00f4te d\u2019Ivoire, 150 postulants ont \u00e9t\u00e9 retenus pour une premi\u00e8re session de formation politique \u00e0 l\u2019Ins ...\" \/>\n<meta property=\"og:url\" content=\"https:\/\/www.africa-press.net\/cotedivoire\/politique\/150-postulants-retenus-pour-une-1ere-session-de-formation-politique-a-linstitut-agc-en-cote-divoire\" \/>\n<meta property=\"og:site_name\" content=\"C\u00f4te d&#039;Ivoire\" \/>\n<meta property=\"article:published_time\" content=\"2021-05-20T16:07:07+00:00\" \/>\n<meta property=\"article:modified_time\" content=\"2021-05-20T17:16:22+00:00\" \/>\n<meta property=\"og:image\" content=\"https:\/\/static.africa-press.net\/cote\/sites\/43\/2021\/05\/img-60a684e5388e0.jpg\" \/>\n\t<meta property=\"og:image:width\" content=\"1024\" \/>\n\t<meta property=\"og:image:height\" content=\"683\" \/>\n\t<meta property=\"og:image:type\" content=\"image\/jpeg\" \/>\n<meta name=\"author\" content=\"cfeditorfr\" \/>\n<meta name=\"twitter:card\" content=\"summary_large_image\" \/>\n<meta name=\"twitter:label1\" content=\"\u00c9crit par\" \/>\n\t<meta name=\"twitter:data1\" content=\"cfeditorfr\" \/>\n\t<meta name=\"twitter:label2\" content=\"Dur\u00e9e de lecture estim\u00e9e\" \/>\n\t<meta name=\"twitter:data2\" content=\"1 minute\" \/>\n<script type=\"application\/ld+json\" class=\"yoast-schema-graph\">{\"@context\":\"https:\/\/schema.org\",\"@graph\":[{\"@type\":\"Article\",\"@id\":\"https:\/\/www.africa-press.net\/cotedivoire\/politique\/150-postulants-retenus-pour-une-1ere-session-de-formation-politique-a-linstitut-agc-en-cote-divoire#article\",\"isPartOf\":{\"@id\":\"https:\/\/www.africa-press.net\/cotedivoire\/politique\/150-postulants-retenus-pour-une-1ere-session-de-formation-politique-a-linstitut-agc-en-cote-divoire\"},\"author\":{\"name\":\"cfeditorfr\",\"@id\":\"https:\/\/www.africa-press.net\/cotedivoire\/#\/schema\/person\/2b1cf3cd81a31e3cd26889ca66d677f1\"},\"headline\":\"150 postulants retenus pour une 1\u00e8re session de formation politique \u00e0 l\u2019Institut AGC en C\u00f4te-d\u2019Ivoire\",\"datePublished\":\"2021-05-20T16:07:07+00:00\",\"dateModified\":\"2021-05-20T17:16:22+00:00\",\"mainEntityOfPage\":{\"@id\":\"https:\/\/www.africa-press.net\/cotedivoire\/politique\/150-postulants-retenus-pour-une-1ere-session-de-formation-politique-a-linstitut-agc-en-cote-divoire\"},\"wordCount\":201,\"commentCount\":0,\"image\":{\"@id\":\"https:\/\/www.africa-press.net\/cotedivoire\/politique\/150-postulants-retenus-pour-une-1ere-session-de-formation-politique-a-linstitut-agc-en-cote-divoire#primaryimage\"},\"thumbnailUrl\":\"https:\/\/static.africa-press.net\/cote\/sites\/43\/2021\/05\/img-60a684e5388e0.jpg\",\"keywords\":[\"Africa Press\",\"Africa Press-C\u00f4te d'Ivoire\",\"C\u00d4TE D'IVOIRE\"],\"articleSection\":[\"homepage-french\",\"Politique\",\"Toutes les actualit\u00e9s\"],\"inLanguage\":\"fr-FR\",\"potentialAction\":[{\"@type\":\"CommentAction\",\"name\":\"Comment\",\"target\":[\"https:\/\/www.africa-press.net\/cotedivoire\/politique\/150-postulants-retenus-pour-une-1ere-session-de-formation-politique-a-linstitut-agc-en-cote-divoire#respond\"]}]},{\"@type\":\"WebPage\",\"@id\":\"https:\/\/www.africa-press.net\/cotedivoire\/politique\/150-postulants-retenus-pour-une-1ere-session-de-formation-politique-a-linstitut-agc-en-cote-divoire\",\"url\":\"https:\/\/www.africa-press.net\/cotedivoire\/politique\/150-postulants-retenus-pour-une-1ere-session-de-formation-politique-a-linstitut-agc-en-cote-divoire\",\"name\":\"150 postulants retenus pour une 1\u00e8re session de formation politique \u00e0 l\u2019Institut AGC en C\u00f4te-d\u2019Ivoire - C\u00f4te d&#039;Ivoire\",\"isPartOf\":{\"@id\":\"https:\/\/www.africa-press.net\/cotedivoire\/#website\"},\"primaryImageOfPage\":{\"@id\":\"https:\/\/www.africa-press.net\/cotedivoire\/politique\/150-postulants-retenus-pour-une-1ere-session-de-formation-politique-a-linstitut-agc-en-cote-divoire#primaryimage\"},\"image\":{\"@id\":\"https:\/\/www.africa-press.net\/cotedivoire\/politique\/150-postulants-retenus-pour-une-1ere-session-de-formation-politique-a-linstitut-agc-en-cote-divoire#primaryimage\"},\"thumbnailUrl\":\"https:\/\/static.africa-press.net\/cote\/sites\/43\/2021\/05\/img-60a684e5388e0.jpg\",\"datePublished\":\"2021-05-20T16:07:07+00:00\",\"dateModified\":\"2021-05-20T17:16:22+00:00\",\"author\":{\"@id\":\"https:\/\/www.africa-press.net\/cotedivoire\/#\/schema\/person\/2b1cf3cd81a31e3cd26889ca66d677f1\"},\"description\":\"Edwige FIENDE En C\u00f4te d\u2019Ivoire, 150 postulants ont \u00e9t\u00e9 retenus pour une premi\u00e8re session de formation politique \u00e0 l\u2019Ins ...\",\"breadcrumb\":{\"@id\":\"https:\/\/www.africa-press.net\/cotedivoire\/politique\/150-postulants-retenus-pour-une-1ere-session-de-formation-politique-a-linstitut-agc-en-cote-divoire#breadcrumb\"},\"inLanguage\":\"fr-FR\",\"potentialAction\":[{\"@type\":\"ReadAction\",\"target\":[\"https:\/\/www.africa-press.net\/cotedivoire\/politique\/150-postulants-retenus-pour-une-1ere-session-de-formation-politique-a-linstitut-agc-en-cote-divoire\"]}]},{\"@type\":\"ImageObject\",\"inLanguage\":\"fr-FR\",\"@id\":\"https:\/\/www.africa-press.net\/cotedivoire\/politique\/150-postulants-retenus-pour-une-1ere-session-de-formation-politique-a-linstitut-agc-en-cote-divoire#primaryimage\",\"url\":\"https:\/\/static.africa-press.net\/cote\/sites\/43\/2021\/05\/img-60a684e5388e0.jpg\",\"contentUrl\":\"https:\/\/static.africa-press.net\/cote\/sites\/43\/2021\/05\/img-60a684e5388e0.jpg\",\"width\":1024,\"height\":683,\"caption\":\"150 postulants retenus pour une 1\u00e8re session de formation politique \u00e0 l\u2019Institut AGC en C\u00f4te-d\u2019Ivoire\"},{\"@type\":\"BreadcrumbList\",\"@id\":\"https:\/\/www.africa-press.net\/cotedivoire\/politique\/150-postulants-retenus-pour-une-1ere-session-de-formation-politique-a-linstitut-agc-en-cote-divoire#breadcrumb\",\"itemListElement\":[{\"@type\":\"ListItem\",\"position\":1,\"name\":\"Accueil\",\"item\":\"https:\/\/www.africa-press.net\/cotedivoire\/\"},{\"@type\":\"ListItem\",\"position\":2,\"name\":\"150 postulants retenus pour une 1\u00e8re session de formation politique \u00e0 l\u2019Institut AGC en C\u00f4te-d\u2019Ivoire\"}]},{\"@type\":\"WebSite\",\"@id\":\"https:\/\/www.africa-press.net\/cotedivoire\/#website\",\"url\":\"https:\/\/www.africa-press.net\/cotedivoire\/\",\"name\":\"C\u00f4te d&#039;Ivoire\",\"description\":\"Just another Africa News Agency Sites site\",\"potentialAction\":[{\"@type\":\"SearchAction\",\"target\":{\"@type\":\"EntryPoint\",\"urlTemplate\":\"https:\/\/www.africa-press.net\/cotedivoire\/?s={search_term_string}\"},\"query-input\":{\"@type\":\"PropertyValueSpecification\",\"valueRequired\":true,\"valueName\":\"search_term_string\"}}],\"inLanguage\":\"fr-FR\"},{\"@type\":\"Person\",\"@id\":\"https:\/\/www.africa-press.net\/cotedivoire\/#\/schema\/person\/2b1cf3cd81a31e3cd26889ca66d677f1\",\"name\":\"cfeditorfr\"}]}<\/script>\n<!-- \/ Yoast SEO Premium plugin. -->","yoast_head_json":{"title":"150 postulants retenus pour une 1\u00e8re session de formation politique \u00e0 l\u2019Institut AGC en C\u00f4te-d\u2019Ivoire - C\u00f4te d&#039;Ivoire","description":"Edwige FIENDE En C\u00f4te d\u2019Ivoire, 150 postulants ont \u00e9t\u00e9 retenus pour une premi\u00e8re session de formation politique \u00e0 l\u2019Ins ...","robots":{"index":"index","follow":"follow","max-snippet":"max-snippet:-1","max-image-preview":"max-image-preview:large","max-video-preview":"max-video-preview:-1"},"canonical":"https:\/\/www.africa-press.net\/cotedivoire\/politique\/150-postulants-retenus-pour-une-1ere-session-de-formation-politique-a-linstitut-agc-en-cote-divoire","og_locale":"fr_FR","og_type":"article","og_title":"150 postulants retenus pour une 1\u00e8re session de formation politique \u00e0 l\u2019Institut AGC en C\u00f4te-d\u2019Ivoire","og_description":"Edwige FIENDE En C\u00f4te d\u2019Ivoire, 150 postulants ont \u00e9t\u00e9 retenus pour une premi\u00e8re session de formation politique \u00e0 l\u2019Ins ...","og_url":"https:\/\/www.africa-press.net\/cotedivoire\/politique\/150-postulants-retenus-pour-une-1ere-session-de-formation-politique-a-linstitut-agc-en-cote-divoire","og_site_name":"C\u00f4te d&#039;Ivoire","article_published_time":"2021-05-20T16:07:07+00:00","article_modified_time":"2021-05-20T17:16:22+00:00","og_image":[{"width":1024,"height":683,"url":"https:\/\/static.africa-press.net\/cote\/sites\/43\/2021\/05\/img-60a684e5388e0.jpg","type":"image\/jpeg"}],"author":"cfeditorfr","twitter_card":"summary_large_image","twitter_misc":{"\u00c9crit par":"cfeditorfr","Dur\u00e9e de lecture estim\u00e9e":"1 minute"},"schema":{"@context":"https:\/\/schema.org","@graph":[{"@type":"Article","@id":"https:\/\/www.africa-press.net\/cotedivoire\/politique\/150-postulants-retenus-pour-une-1ere-session-de-formation-politique-a-linstitut-agc-en-cote-divoire#article","isPartOf":{"@id":"https:\/\/www.africa-press.net\/cotedivoire\/politique\/150-postulants-retenus-pour-une-1ere-session-de-formation-politique-a-linstitut-agc-en-cote-divoire"},"author":{"name":"cfeditorfr","@id":"https:\/\/www.africa-press.net\/cotedivoire\/#\/schema\/person\/2b1cf3cd81a31e3cd26889ca66d677f1"},"headline":"150 postulants retenus pour une 1\u00e8re session de formation politique \u00e0 l\u2019Institut AGC en C\u00f4te-d\u2019Ivoire","datePublished":"2021-05-20T16:07:07+00:00","dateModified":"2021-05-20T17:16:22+00:00","mainEntityOfPage":{"@id":"https:\/\/www.africa-press.net\/cotedivoire\/politique\/150-postulants-retenus-pour-une-1ere-session-de-formation-politique-a-linstitut-agc-en-cote-divoire"},"wordCount":201,"commentCount":0,"image":{"@id":"https:\/\/www.africa-press.net\/cotedivoire\/politique\/150-postulants-retenus-pour-une-1ere-session-de-formation-politique-a-linstitut-agc-en-cote-divoire#primaryimage"},"thumbnailUrl":"https:\/\/static.africa-press.net\/cote\/sites\/43\/2021\/05\/img-60a684e5388e0.jpg","keywords":["Africa Press","Africa Press-C\u00f4te d'Ivoire","C\u00d4TE D'IVOIRE"],"articleSection":["homepage-french","Politique","Toutes les actualit\u00e9s"],"inLanguage":"fr-FR","potentialAction":[{"@type":"CommentAction","name":"Comment","target":["https:\/\/www.africa-press.net\/cotedivoire\/politique\/150-postulants-retenus-pour-une-1ere-session-de-formation-politique-a-linstitut-agc-en-cote-divoire#respond"]}]},{"@type":"WebPage","@id":"https:\/\/www.africa-press.net\/cotedivoire\/politique\/150-postulants-retenus-pour-une-1ere-session-de-formation-politique-a-linstitut-agc-en-cote-divoire","url":"https:\/\/www.africa-press.net\/cotedivoire\/politique\/150-postulants-retenus-pour-une-1ere-session-de-formation-politique-a-linstitut-agc-en-cote-divoire","name":"150 postulants retenus pour une 1\u00e8re session de formation politique \u00e0 l\u2019Institut AGC en C\u00f4te-d\u2019Ivoire - C\u00f4te d&#039;Ivoire","isPartOf":{"@id":"https:\/\/www.africa-press.net\/cotedivoire\/#website"},"primaryImageOfPage":{"@id":"https:\/\/www.africa-press.net\/cotedivoire\/politique\/150-postulants-retenus-pour-une-1ere-session-de-formation-politique-a-linstitut-agc-en-cote-divoire#primaryimage"},"image":{"@id":"https:\/\/www.africa-press.net\/cotedivoire\/politique\/150-postulants-retenus-pour-une-1ere-session-de-formation-politique-a-linstitut-agc-en-cote-divoire#primaryimage"},"thumbnailUrl":"https:\/\/static.africa-press.net\/cote\/sites\/43\/2021\/05\/img-60a684e5388e0.jpg","datePublished":"2021-05-20T16:07:07+00:00","dateModified":"2021-05-20T17:16:22+00:00","author":{"@id":"https:\/\/www.africa-press.net\/cotedivoire\/#\/schema\/person\/2b1cf3cd81a31e3cd26889ca66d677f1"},"description":"Edwige FIENDE En C\u00f4te d\u2019Ivoire, 150 postulants ont \u00e9t\u00e9 retenus pour une premi\u00e8re session de formation politique \u00e0 l\u2019Ins ...","breadcrumb":{"@id":"https:\/\/www.africa-press.net\/cotedivoire\/politique\/150-postulants-retenus-pour-une-1ere-session-de-formation-politique-a-linstitut-agc-en-cote-divoire#breadcrumb"},"inLanguage":"fr-FR","potentialAction":[{"@type":"ReadAction","target":["https:\/\/www.africa-press.net\/cotedivoire\/politique\/150-postulants-retenus-pour-une-1ere-session-de-formation-politique-a-linstitut-agc-en-cote-divoire"]}]},{"@type":"ImageObject","inLanguage":"fr-FR","@id":"https:\/\/www.africa-press.net\/cotedivoire\/politique\/150-postulants-retenus-pour-une-1ere-session-de-formation-politique-a-linstitut-agc-en-cote-divoire#primaryimage","url":"https:\/\/static.africa-press.net\/cote\/sites\/43\/2021\/05\/img-60a684e5388e0.jpg","contentUrl":"https:\/\/static.africa-press.net\/cote\/sites\/43\/2021\/05\/img-60a684e5388e0.jpg","width":1024,"height":683,"caption":"150 postulants retenus pour une 1\u00e8re session de formation politique \u00e0 l\u2019Institut AGC en C\u00f4te-d\u2019Ivoire"},{"@type":"BreadcrumbList","@id":"https:\/\/www.africa-press.net\/cotedivoire\/politique\/150-postulants-retenus-pour-une-1ere-session-de-formation-politique-a-linstitut-agc-en-cote-divoire#breadcrumb","itemListElement":[{"@type":"ListItem","position":1,"name":"Accueil","item":"https:\/\/www.africa-press.net\/cotedivoire\/"},{"@type":"ListItem","position":2,"name":"150 postulants retenus pour une 1\u00e8re session de formation politique \u00e0 l\u2019Institut AGC en C\u00f4te-d\u2019Ivoire"}]},{"@type":"WebSite","@id":"https:\/\/www.africa-press.net\/cotedivoire\/#website","url":"https:\/\/www.africa-press.net\/cotedivoire\/","name":"C\u00f4te d&#039;Ivoire","description":"Just another Africa News Agency Sites site","potentialAction":[{"@type":"SearchAction","target":{"@type":"EntryPoint","urlTemplate":"https:\/\/www.africa-press.net\/cotedivoire\/?s={search_term_string}"},"query-input":{"@type":"PropertyValueSpecification","valueRequired":true,"valueName":"search_term_string"}}],"inLanguage":"fr-FR"},{"@type":"Person","@id":"https:\/\/www.africa-press.net\/cotedivoire\/#\/schema\/person\/2b1cf3cd81a31e3cd26889ca66d677f1","name":"cfeditorfr"}]}},"_links":{"self":[{"href":"https:\/\/www.africa-press.net\/cotedivoire\/wp-json\/wp\/v2\/posts\/8003","targetHints":{"allow":["GET"]}}],"collection":[{"href":"https:\/\/www.africa-press.net\/cotedivoire\/wp-json\/wp\/v2\/posts"}],"about":[{"href":"https:\/\/www.africa-press.net\/cotedivoire\/wp-json\/wp\/v2\/types\/post"}],"author":[{"embeddable":true,"href":"https:\/\/www.africa-press.net\/cotedivoire\/wp-json\/wp\/v2\/users\/82"}],"replies":[{"embeddable":true,"href":"https:\/\/www.africa-press.net\/cotedivoire\/wp-json\/wp\/v2\/comments?post=8003"}],"version-history":[{"count":0,"href":"https:\/\/www.africa-press.net\/cotedivoire\/wp-json\/wp\/v2\/posts\/8003\/revisions"}],"wp:featuredmedia":[{"embeddable":true,"href":"https:\/\/www.africa-press.net\/cotedivoire\/wp-json\/wp\/v2\/media\/8002"}],"wp:attachment":[{"href":"https:\/\/www.africa-press.net\/cotedivoire\/wp-json\/wp\/v2\/media?parent=8003"}],"wp:term":[{"taxonomy":"category","embeddable":true,"href":"https:\/\/www.africa-press.net\/cotedivoire\/wp-json\/wp\/v2\/categories?post=8003"},{"taxonomy":"post_tag","embeddable":true,"href":"https:\/\/www.africa-press.net\/cotedivoire\/wp-json\/wp\/v2\/tags?post=8003"}],"curies":[{"name":"wp","href":"https:\/\/api.w.org\/{rel}","templated":true}]}}