{"id":80043,"date":"2024-05-13T18:40:48","date_gmt":"2024-05-13T18:40:48","guid":{"rendered":"https:\/\/www.africa-press.net\/cotedivoire\/politique\/ble-goude-depuis-yamoussoukro-2025-ne-se-passera-pas-sans-nous-cest-une-question-qui-est-non-negociable-et-je-lassume"},"modified":"2024-05-13T19:04:31","modified_gmt":"2024-05-13T19:04:31","slug":"ble-goude-depuis-yamoussoukro-2025-ne-se-passera-pas-sans-nous-cest-une-question-qui-est-non-negociable-et-je-lassume","status":"publish","type":"post","link":"https:\/\/www.africa-press.net\/cotedivoire\/politique\/ble-goude-depuis-yamoussoukro-2025-ne-se-passera-pas-sans-nous-cest-une-question-qui-est-non-negociable-et-je-lassume","title":{"rendered":"Bl\u00e9 Goud\u00e9 depuis Yamoussoukro \u00ab 2025 ne se passera pas sans nous, c&rsquo;est une question qui est non n\u00e9gociable et je l&rsquo;assume \u00bb"},"content":{"rendered":"<p><span style=\"color: #ff6600\"><strong>Africa-Press &#8211; C\u00f4te d&rsquo;Ivoire. <\/strong><\/span>Le Congre\u0300s panafricain pour la justice et l&rsquo;e\u0301galite\u0301 des peuples (COJEP), parti de Charles Ble\u0301 Goude\u0301 s&rsquo;est re\u0301uni hier dimanche 12 mai 2024 a\u0300 Yamoussoukro, capitale politique du pays du sa rentre\u0301e politique.<\/p>\n<p>A\u0300 ce rendez vous avec ses partisans, comme sur place constate\u0301 par KOACI, l&rsquo;ancien code\u0301tenu de Laurent Gbagbo a\u0300 la cour pe\u0301nale internationale (CPI) s&rsquo;est prononce\u0301 sur les pre\u0301mices de la course pre\u0301sidentielle 2025 en Co\u0302te d&rsquo;Ivoire.<\/p>\n<p>Ces pre\u0301mices voient de\u0301ja\u0300 e\u0301merger les premie\u0300res de\u0301clarations strate\u0301giques des acteurs politiques majeurs. Parmi eux, Charles Ble\u0301 Goude\u0301, figure influente du paysage politique ivoirien, lors de la rentre\u0301e politique de sa formation politique, a affiche\u0301 son intention de jouer un ro\u0302le crucial dans les e\u0301che\u0301ances a\u0300 venir.<\/p>\n<p>Dans son discours, Charles Ble\u0301 Goude\u0301 a laisse\u0301 transparai\u0302tre son ambition de gouverner la Co\u0302te d&rsquo;Ivoire sans toutefois officialiser sa candidature pour l&rsquo;e\u0301lection pre\u0301sidentielle de 2025.<\/p>\n<p>\u00ab Est-ce que ce soir, je vais pre\u0301senter ma candidature a\u0300 la pre\u0301sidentielle de 2025: non ! La seule chose que je peux vous dire, c&rsquo;est que je suis pre\u0302t pour gouverner la Co\u0302te d&rsquo;Ivoire \u00bb, a-t-il de\u0301clare\u0301, laissant ainsi planer le doute sur ses intentions e\u0301lectorales tout en affichant une de\u0301termination palpable.<\/p>\n<p>Malgre\u0301 sa non-e\u0301ligibilite\u0301 actuelle due a\u0300 une condamnation a\u0300 20 ans de prison lie\u0301e a\u0300 des e\u0301ve\u0301nements survenus lors de la crise poste\u0301lectorale de 2011, l&rsquo;ex-leader de la galaxie patriotique reste un acteur politique influent et une voix incontournable dans le paysage ivoirien.<\/p>\n<p>\u00ab 2025 ne se passera pas sans nous. C&rsquo;est une question qui est non ne\u0301gociable et je l&rsquo;assume \u00bb, a-t-il affirme\u0301, soulignant ainsi son engagement inde\u0301fectible envers l&rsquo;avenir politique de la Co\u0302te d&rsquo;Ivoire.<\/p>\n<p>Ses propos ont e\u0301galement mis en lumie\u0300re la ne\u0301cessite\u0301 d&rsquo;une solution politique a\u0300 sa situation juridique actuelle, arguant que tous ceux avec lesquels il a e\u0301te\u0301 condamne\u0301 ont be\u0301ne\u0301ficie\u0301 d&rsquo;une gra\u0302ce ou d&rsquo;une amnistie, a\u0300 l&rsquo;exception de lui-me\u0302me.<\/p>\n<p>\u00ab Je suis en train de demander qu&rsquo;une solution politique soit trouve\u0301e a\u0300 cette question-la\u0300. Je ne vais pas bru\u0302ler la Co\u0302te d&rsquo;Ivoire parce que je veux e\u0302tre candidat \u00bb, a-t-il de\u0301clare\u0301, exprimant ainsi sa volonte\u0301 de participer au processus de\u0301mocratique dans le respect des institutions et de l&rsquo;ordre public.<\/p>\n<p>Au-dela\u0300 de ses ambitions personnelles, le natif de Guibe\u0301roua a e\u0301galement pre\u0301sente\u0301 les grandes lignes de son projet politique axe\u0301 sur des the\u0301matiques cruciales telles que l&rsquo;e\u0301ducation, la sante\u0301 et la lutte contre la corruption.<\/p>\n<p>\u00ab Nous devons renouveler la classe politique ivoirienne et mettre en place des politiques qui re\u0301pondent aux besoins re\u0301els de notre population \u00bb, a-t-il souligne\u0301, appelant a\u0300 une vision politique plus inclusive et axe\u0301e sur le bien-e\u0302tre de tous les citoyens.<\/p>\n<p>Alors que l&rsquo;ex-pre\u0301sident Laurent Gbagbo a de\u0301ja\u0300 officialise\u0301 sa candidature a\u0300 l&rsquo;e\u0301lection pre\u0301sidentielle de 2025 sous les couleurs du PPA-CI, l&rsquo;avenir politique de la Co\u0302te d&rsquo;Ivoire s&rsquo;annonce ainsi marque\u0301 par une compe\u0301tition e\u0301lectorale passionnante et hautement strate\u0301gique.<\/p>\n<p><strong>Pour plus d&rsquo;informations et d&rsquo;analyses sur la <a href=\"https:\/\/www.africa-press.net\/cotedivoire\">C\u00f4te d&rsquo;Ivoire<\/a>, suivez <a href=\"https:\/\/www.africa-press.net\/\">Africa-Press<\/a><\/strong><\/p>\n","protected":false},"excerpt":{"rendered":"<p>Africa-Press &#8211; C\u00f4te d&rsquo;Ivoire. Le Congre\u0300s panafricain pour la justice et l&rsquo;e\u0301galite\u0301 des peuples (COJEP), parti de Charles Ble\u0301 Goude\u0301 s&rsquo;est re\u0301uni hier dimanche 12 mai 2024 a\u0300 Yamoussoukro, capitale politique du pays du sa rentre\u0301e politique. A\u0300 ce rendez vous avec ses partisans, comme sur place constate\u0301 par KOACI, l&rsquo;ancien code\u0301tenu de Laurent Gbagbo [&hellip;]<\/p>\n","protected":false},"author":82,"featured_media":80041,"comment_status":"open","ping_status":"closed","sticky":false,"template":"","format":"standard","meta":{"footnotes":""},"categories":[2,10],"tags":[56,63,495,493,29,693,320,13428,1952,33],"class_list":["post-80043","post","type-post","status-publish","format-standard","has-post-thumbnail","hentry","category-politique","category-toutes-les-actualites","tag-africa-press","tag-africa-press-cote-divoire","tag-ble-goude","tag-cojep","tag-cote-divoire","tag-cpi","tag-gbagbo","tag-partisan-2","tag-ppa-ci","tag-yamoussoukro"],"yoast_head":"<!-- This site is optimized with the Yoast SEO Premium plugin v26.1 (Yoast SEO v27.0) - https:\/\/yoast.com\/product\/yoast-seo-premium-wordpress\/ -->\n<title>Bl\u00e9 Goud\u00e9 depuis Yamoussoukro \u00ab 2025 ne se passera pas sans nous, c&#039;est une question qui est non n\u00e9gociable et je l&#039;assume \u00bb - C\u00f4te d&#039;Ivoire<\/title>\n<meta name=\"description\" content=\"Le Congre\u0300s panafricain pour la justice et l&#039;e\u0301galite\u0301 des peuples (COJEP), parti de Charles Ble\u0301 Goude\u0301 s&#039;est re\u0301uni hi ...\" \/>\n<meta name=\"robots\" content=\"index, follow, max-snippet:-1, max-image-preview:large, max-video-preview:-1\" \/>\n<link rel=\"canonical\" href=\"https:\/\/www.africa-press.net\/cotedivoire\/politique\/ble-goude-depuis-yamoussoukro-2025-ne-se-passera-pas-sans-nous-cest-une-question-qui-est-non-negociable-et-je-lassume\" \/>\n<meta property=\"og:locale\" content=\"fr_FR\" \/>\n<meta property=\"og:type\" content=\"article\" \/>\n<meta property=\"og:title\" content=\"Bl\u00e9 Goud\u00e9 depuis Yamoussoukro \u00ab 2025 ne se passera pas sans nous, c&#039;est une question qui est non n\u00e9gociable et je l&#039;assume \u00bb\" \/>\n<meta property=\"og:description\" content=\"Le Congre\u0300s panafricain pour la justice et l&#039;e\u0301galite\u0301 des peuples (COJEP), parti de Charles Ble\u0301 Goude\u0301 s&#039;est re\u0301uni hi ...\" \/>\n<meta property=\"og:url\" content=\"https:\/\/www.africa-press.net\/cotedivoire\/politique\/ble-goude-depuis-yamoussoukro-2025-ne-se-passera-pas-sans-nous-cest-une-question-qui-est-non-negociable-et-je-lassume\" \/>\n<meta property=\"og:site_name\" content=\"C\u00f4te d&#039;Ivoire\" \/>\n<meta property=\"article:published_time\" content=\"2024-05-13T18:40:48+00:00\" \/>\n<meta property=\"article:modified_time\" content=\"2024-05-13T19:04:31+00:00\" \/>\n<meta property=\"og:image\" content=\"https:\/\/static.africa-press.net\/cote\/sites\/43\/2024\/05\/sm_1715614402.67873.jpg\" \/>\n\t<meta property=\"og:image:width\" content=\"720\" \/>\n\t<meta property=\"og:image:height\" content=\"540\" \/>\n\t<meta property=\"og:image:type\" content=\"image\/jpeg\" \/>\n<meta name=\"author\" content=\"cfeditorfr\" \/>\n<meta name=\"twitter:card\" content=\"summary_large_image\" \/>\n<meta name=\"twitter:label1\" content=\"\u00c9crit par\" \/>\n\t<meta name=\"twitter:data1\" content=\"cfeditorfr\" \/>\n\t<meta name=\"twitter:label2\" content=\"Dur\u00e9e de lecture estim\u00e9e\" \/>\n\t<meta name=\"twitter:data2\" content=\"3 minutes\" \/>\n<script type=\"application\/ld+json\" class=\"yoast-schema-graph\">{\"@context\":\"https:\/\/schema.org\",\"@graph\":[{\"@type\":\"Article\",\"@id\":\"https:\/\/www.africa-press.net\/cotedivoire\/politique\/ble-goude-depuis-yamoussoukro-2025-ne-se-passera-pas-sans-nous-cest-une-question-qui-est-non-negociable-et-je-lassume#article\",\"isPartOf\":{\"@id\":\"https:\/\/www.africa-press.net\/cotedivoire\/politique\/ble-goude-depuis-yamoussoukro-2025-ne-se-passera-pas-sans-nous-cest-une-question-qui-est-non-negociable-et-je-lassume\"},\"author\":{\"name\":\"cfeditorfr\",\"@id\":\"https:\/\/www.africa-press.net\/cotedivoire\/#\/schema\/person\/2b1cf3cd81a31e3cd26889ca66d677f1\"},\"headline\":\"Bl\u00e9 Goud\u00e9 depuis Yamoussoukro \u00ab 2025 ne se passera pas sans nous, c&rsquo;est une question qui est non n\u00e9gociable et je l&rsquo;assume \u00bb\",\"datePublished\":\"2024-05-13T18:40:48+00:00\",\"dateModified\":\"2024-05-13T19:04:31+00:00\",\"mainEntityOfPage\":{\"@id\":\"https:\/\/www.africa-press.net\/cotedivoire\/politique\/ble-goude-depuis-yamoussoukro-2025-ne-se-passera-pas-sans-nous-cest-une-question-qui-est-non-negociable-et-je-lassume\"},\"wordCount\":595,\"commentCount\":0,\"image\":{\"@id\":\"https:\/\/www.africa-press.net\/cotedivoire\/politique\/ble-goude-depuis-yamoussoukro-2025-ne-se-passera-pas-sans-nous-cest-une-question-qui-est-non-negociable-et-je-lassume#primaryimage\"},\"thumbnailUrl\":\"https:\/\/static.africa-press.net\/cote\/sites\/43\/2024\/05\/sm_1715614402.67873.jpg\",\"keywords\":[\"Africa Press\",\"Africa Press-C\u00f4te d'Ivoire\",\"Bl\u00e9 Goud\u00e9\",\"Cojep\",\"C\u00d4TE D'IVOIRE\",\"Cpi\",\"Gbagbo\",\"partisan .\",\"PPA-CI\",\"Yamoussoukro\"],\"articleSection\":[\"Politique\",\"Toutes les actualit\u00e9s\"],\"inLanguage\":\"fr-FR\",\"potentialAction\":[{\"@type\":\"CommentAction\",\"name\":\"Comment\",\"target\":[\"https:\/\/www.africa-press.net\/cotedivoire\/politique\/ble-goude-depuis-yamoussoukro-2025-ne-se-passera-pas-sans-nous-cest-une-question-qui-est-non-negociable-et-je-lassume#respond\"]}]},{\"@type\":\"WebPage\",\"@id\":\"https:\/\/www.africa-press.net\/cotedivoire\/politique\/ble-goude-depuis-yamoussoukro-2025-ne-se-passera-pas-sans-nous-cest-une-question-qui-est-non-negociable-et-je-lassume\",\"url\":\"https:\/\/www.africa-press.net\/cotedivoire\/politique\/ble-goude-depuis-yamoussoukro-2025-ne-se-passera-pas-sans-nous-cest-une-question-qui-est-non-negociable-et-je-lassume\",\"name\":\"Bl\u00e9 Goud\u00e9 depuis Yamoussoukro \u00ab 2025 ne se passera pas sans nous, c'est une question qui est non n\u00e9gociable et je l'assume \u00bb - C\u00f4te d&#039;Ivoire\",\"isPartOf\":{\"@id\":\"https:\/\/www.africa-press.net\/cotedivoire\/#website\"},\"primaryImageOfPage\":{\"@id\":\"https:\/\/www.africa-press.net\/cotedivoire\/politique\/ble-goude-depuis-yamoussoukro-2025-ne-se-passera-pas-sans-nous-cest-une-question-qui-est-non-negociable-et-je-lassume#primaryimage\"},\"image\":{\"@id\":\"https:\/\/www.africa-press.net\/cotedivoire\/politique\/ble-goude-depuis-yamoussoukro-2025-ne-se-passera-pas-sans-nous-cest-une-question-qui-est-non-negociable-et-je-lassume#primaryimage\"},\"thumbnailUrl\":\"https:\/\/static.africa-press.net\/cote\/sites\/43\/2024\/05\/sm_1715614402.67873.jpg\",\"datePublished\":\"2024-05-13T18:40:48+00:00\",\"dateModified\":\"2024-05-13T19:04:31+00:00\",\"author\":{\"@id\":\"https:\/\/www.africa-press.net\/cotedivoire\/#\/schema\/person\/2b1cf3cd81a31e3cd26889ca66d677f1\"},\"description\":\"Le Congre\u0300s panafricain pour la justice et l'e\u0301galite\u0301 des peuples (COJEP), parti de Charles Ble\u0301 Goude\u0301 s'est re\u0301uni hi ...\",\"breadcrumb\":{\"@id\":\"https:\/\/www.africa-press.net\/cotedivoire\/politique\/ble-goude-depuis-yamoussoukro-2025-ne-se-passera-pas-sans-nous-cest-une-question-qui-est-non-negociable-et-je-lassume#breadcrumb\"},\"inLanguage\":\"fr-FR\",\"potentialAction\":[{\"@type\":\"ReadAction\",\"target\":[\"https:\/\/www.africa-press.net\/cotedivoire\/politique\/ble-goude-depuis-yamoussoukro-2025-ne-se-passera-pas-sans-nous-cest-une-question-qui-est-non-negociable-et-je-lassume\"]}]},{\"@type\":\"ImageObject\",\"inLanguage\":\"fr-FR\",\"@id\":\"https:\/\/www.africa-press.net\/cotedivoire\/politique\/ble-goude-depuis-yamoussoukro-2025-ne-se-passera-pas-sans-nous-cest-une-question-qui-est-non-negociable-et-je-lassume#primaryimage\",\"url\":\"https:\/\/static.africa-press.net\/cote\/sites\/43\/2024\/05\/sm_1715614402.67873.jpg\",\"contentUrl\":\"https:\/\/static.africa-press.net\/cote\/sites\/43\/2024\/05\/sm_1715614402.67873.jpg\",\"width\":720,\"height\":540,\"caption\":\"Bl\u00e9 Goud\u00e9 depuis Yamoussoukro \u00ab 2025 ne se passera pas sans nous, c'est une question qui est non n\u00e9gociable et je l'assume \u00bb\"},{\"@type\":\"BreadcrumbList\",\"@id\":\"https:\/\/www.africa-press.net\/cotedivoire\/politique\/ble-goude-depuis-yamoussoukro-2025-ne-se-passera-pas-sans-nous-cest-une-question-qui-est-non-negociable-et-je-lassume#breadcrumb\",\"itemListElement\":[{\"@type\":\"ListItem\",\"position\":1,\"name\":\"Accueil\",\"item\":\"https:\/\/www.africa-press.net\/cotedivoire\/\"},{\"@type\":\"ListItem\",\"position\":2,\"name\":\"Bl\u00e9 Goud\u00e9 depuis Yamoussoukro \u00ab 2025 ne se passera pas sans nous, c&#8217;est une question qui est non n\u00e9gociable et je l&#8217;assume \u00bb\"}]},{\"@type\":\"WebSite\",\"@id\":\"https:\/\/www.africa-press.net\/cotedivoire\/#website\",\"url\":\"https:\/\/www.africa-press.net\/cotedivoire\/\",\"name\":\"C\u00f4te d&#039;Ivoire\",\"description\":\"Just another Africa News Agency Sites site\",\"potentialAction\":[{\"@type\":\"SearchAction\",\"target\":{\"@type\":\"EntryPoint\",\"urlTemplate\":\"https:\/\/www.africa-press.net\/cotedivoire\/?s={search_term_string}\"},\"query-input\":{\"@type\":\"PropertyValueSpecification\",\"valueRequired\":true,\"valueName\":\"search_term_string\"}}],\"inLanguage\":\"fr-FR\"},{\"@type\":\"Person\",\"@id\":\"https:\/\/www.africa-press.net\/cotedivoire\/#\/schema\/person\/2b1cf3cd81a31e3cd26889ca66d677f1\",\"name\":\"cfeditorfr\"}]}<\/script>\n<!-- \/ Yoast SEO Premium plugin. -->","yoast_head_json":{"title":"Bl\u00e9 Goud\u00e9 depuis Yamoussoukro \u00ab 2025 ne se passera pas sans nous, c'est une question qui est non n\u00e9gociable et je l'assume \u00bb - C\u00f4te d&#039;Ivoire","description":"Le Congre\u0300s panafricain pour la justice et l'e\u0301galite\u0301 des peuples (COJEP), parti de Charles Ble\u0301 Goude\u0301 s'est re\u0301uni hi ...","robots":{"index":"index","follow":"follow","max-snippet":"max-snippet:-1","max-image-preview":"max-image-preview:large","max-video-preview":"max-video-preview:-1"},"canonical":"https:\/\/www.africa-press.net\/cotedivoire\/politique\/ble-goude-depuis-yamoussoukro-2025-ne-se-passera-pas-sans-nous-cest-une-question-qui-est-non-negociable-et-je-lassume","og_locale":"fr_FR","og_type":"article","og_title":"Bl\u00e9 Goud\u00e9 depuis Yamoussoukro \u00ab 2025 ne se passera pas sans nous, c'est une question qui est non n\u00e9gociable et je l'assume \u00bb","og_description":"Le Congre\u0300s panafricain pour la justice et l'e\u0301galite\u0301 des peuples (COJEP), parti de Charles Ble\u0301 Goude\u0301 s'est re\u0301uni hi ...","og_url":"https:\/\/www.africa-press.net\/cotedivoire\/politique\/ble-goude-depuis-yamoussoukro-2025-ne-se-passera-pas-sans-nous-cest-une-question-qui-est-non-negociable-et-je-lassume","og_site_name":"C\u00f4te d&#039;Ivoire","article_published_time":"2024-05-13T18:40:48+00:00","article_modified_time":"2024-05-13T19:04:31+00:00","og_image":[{"width":720,"height":540,"url":"https:\/\/static.africa-press.net\/cote\/sites\/43\/2024\/05\/sm_1715614402.67873.jpg","type":"image\/jpeg"}],"author":"cfeditorfr","twitter_card":"summary_large_image","twitter_misc":{"\u00c9crit par":"cfeditorfr","Dur\u00e9e de lecture estim\u00e9e":"3 minutes"},"schema":{"@context":"https:\/\/schema.org","@graph":[{"@type":"Article","@id":"https:\/\/www.africa-press.net\/cotedivoire\/politique\/ble-goude-depuis-yamoussoukro-2025-ne-se-passera-pas-sans-nous-cest-une-question-qui-est-non-negociable-et-je-lassume#article","isPartOf":{"@id":"https:\/\/www.africa-press.net\/cotedivoire\/politique\/ble-goude-depuis-yamoussoukro-2025-ne-se-passera-pas-sans-nous-cest-une-question-qui-est-non-negociable-et-je-lassume"},"author":{"name":"cfeditorfr","@id":"https:\/\/www.africa-press.net\/cotedivoire\/#\/schema\/person\/2b1cf3cd81a31e3cd26889ca66d677f1"},"headline":"Bl\u00e9 Goud\u00e9 depuis Yamoussoukro \u00ab 2025 ne se passera pas sans nous, c&rsquo;est une question qui est non n\u00e9gociable et je l&rsquo;assume \u00bb","datePublished":"2024-05-13T18:40:48+00:00","dateModified":"2024-05-13T19:04:31+00:00","mainEntityOfPage":{"@id":"https:\/\/www.africa-press.net\/cotedivoire\/politique\/ble-goude-depuis-yamoussoukro-2025-ne-se-passera-pas-sans-nous-cest-une-question-qui-est-non-negociable-et-je-lassume"},"wordCount":595,"commentCount":0,"image":{"@id":"https:\/\/www.africa-press.net\/cotedivoire\/politique\/ble-goude-depuis-yamoussoukro-2025-ne-se-passera-pas-sans-nous-cest-une-question-qui-est-non-negociable-et-je-lassume#primaryimage"},"thumbnailUrl":"https:\/\/static.africa-press.net\/cote\/sites\/43\/2024\/05\/sm_1715614402.67873.jpg","keywords":["Africa Press","Africa Press-C\u00f4te d'Ivoire","Bl\u00e9 Goud\u00e9","Cojep","C\u00d4TE D'IVOIRE","Cpi","Gbagbo","partisan .","PPA-CI","Yamoussoukro"],"articleSection":["Politique","Toutes les actualit\u00e9s"],"inLanguage":"fr-FR","potentialAction":[{"@type":"CommentAction","name":"Comment","target":["https:\/\/www.africa-press.net\/cotedivoire\/politique\/ble-goude-depuis-yamoussoukro-2025-ne-se-passera-pas-sans-nous-cest-une-question-qui-est-non-negociable-et-je-lassume#respond"]}]},{"@type":"WebPage","@id":"https:\/\/www.africa-press.net\/cotedivoire\/politique\/ble-goude-depuis-yamoussoukro-2025-ne-se-passera-pas-sans-nous-cest-une-question-qui-est-non-negociable-et-je-lassume","url":"https:\/\/www.africa-press.net\/cotedivoire\/politique\/ble-goude-depuis-yamoussoukro-2025-ne-se-passera-pas-sans-nous-cest-une-question-qui-est-non-negociable-et-je-lassume","name":"Bl\u00e9 Goud\u00e9 depuis Yamoussoukro \u00ab 2025 ne se passera pas sans nous, c'est une question qui est non n\u00e9gociable et je l'assume \u00bb - C\u00f4te d&#039;Ivoire","isPartOf":{"@id":"https:\/\/www.africa-press.net\/cotedivoire\/#website"},"primaryImageOfPage":{"@id":"https:\/\/www.africa-press.net\/cotedivoire\/politique\/ble-goude-depuis-yamoussoukro-2025-ne-se-passera-pas-sans-nous-cest-une-question-qui-est-non-negociable-et-je-lassume#primaryimage"},"image":{"@id":"https:\/\/www.africa-press.net\/cotedivoire\/politique\/ble-goude-depuis-yamoussoukro-2025-ne-se-passera-pas-sans-nous-cest-une-question-qui-est-non-negociable-et-je-lassume#primaryimage"},"thumbnailUrl":"https:\/\/static.africa-press.net\/cote\/sites\/43\/2024\/05\/sm_1715614402.67873.jpg","datePublished":"2024-05-13T18:40:48+00:00","dateModified":"2024-05-13T19:04:31+00:00","author":{"@id":"https:\/\/www.africa-press.net\/cotedivoire\/#\/schema\/person\/2b1cf3cd81a31e3cd26889ca66d677f1"},"description":"Le Congre\u0300s panafricain pour la justice et l'e\u0301galite\u0301 des peuples (COJEP), parti de Charles Ble\u0301 Goude\u0301 s'est re\u0301uni hi ...","breadcrumb":{"@id":"https:\/\/www.africa-press.net\/cotedivoire\/politique\/ble-goude-depuis-yamoussoukro-2025-ne-se-passera-pas-sans-nous-cest-une-question-qui-est-non-negociable-et-je-lassume#breadcrumb"},"inLanguage":"fr-FR","potentialAction":[{"@type":"ReadAction","target":["https:\/\/www.africa-press.net\/cotedivoire\/politique\/ble-goude-depuis-yamoussoukro-2025-ne-se-passera-pas-sans-nous-cest-une-question-qui-est-non-negociable-et-je-lassume"]}]},{"@type":"ImageObject","inLanguage":"fr-FR","@id":"https:\/\/www.africa-press.net\/cotedivoire\/politique\/ble-goude-depuis-yamoussoukro-2025-ne-se-passera-pas-sans-nous-cest-une-question-qui-est-non-negociable-et-je-lassume#primaryimage","url":"https:\/\/static.africa-press.net\/cote\/sites\/43\/2024\/05\/sm_1715614402.67873.jpg","contentUrl":"https:\/\/static.africa-press.net\/cote\/sites\/43\/2024\/05\/sm_1715614402.67873.jpg","width":720,"height":540,"caption":"Bl\u00e9 Goud\u00e9 depuis Yamoussoukro \u00ab 2025 ne se passera pas sans nous, c'est une question qui est non n\u00e9gociable et je l'assume \u00bb"},{"@type":"BreadcrumbList","@id":"https:\/\/www.africa-press.net\/cotedivoire\/politique\/ble-goude-depuis-yamoussoukro-2025-ne-se-passera-pas-sans-nous-cest-une-question-qui-est-non-negociable-et-je-lassume#breadcrumb","itemListElement":[{"@type":"ListItem","position":1,"name":"Accueil","item":"https:\/\/www.africa-press.net\/cotedivoire\/"},{"@type":"ListItem","position":2,"name":"Bl\u00e9 Goud\u00e9 depuis Yamoussoukro \u00ab 2025 ne se passera pas sans nous, c&#8217;est une question qui est non n\u00e9gociable et je l&#8217;assume \u00bb"}]},{"@type":"WebSite","@id":"https:\/\/www.africa-press.net\/cotedivoire\/#website","url":"https:\/\/www.africa-press.net\/cotedivoire\/","name":"C\u00f4te d&#039;Ivoire","description":"Just another Africa News Agency Sites site","potentialAction":[{"@type":"SearchAction","target":{"@type":"EntryPoint","urlTemplate":"https:\/\/www.africa-press.net\/cotedivoire\/?s={search_term_string}"},"query-input":{"@type":"PropertyValueSpecification","valueRequired":true,"valueName":"search_term_string"}}],"inLanguage":"fr-FR"},{"@type":"Person","@id":"https:\/\/www.africa-press.net\/cotedivoire\/#\/schema\/person\/2b1cf3cd81a31e3cd26889ca66d677f1","name":"cfeditorfr"}]}},"_links":{"self":[{"href":"https:\/\/www.africa-press.net\/cotedivoire\/wp-json\/wp\/v2\/posts\/80043","targetHints":{"allow":["GET"]}}],"collection":[{"href":"https:\/\/www.africa-press.net\/cotedivoire\/wp-json\/wp\/v2\/posts"}],"about":[{"href":"https:\/\/www.africa-press.net\/cotedivoire\/wp-json\/wp\/v2\/types\/post"}],"author":[{"embeddable":true,"href":"https:\/\/www.africa-press.net\/cotedivoire\/wp-json\/wp\/v2\/users\/82"}],"replies":[{"embeddable":true,"href":"https:\/\/www.africa-press.net\/cotedivoire\/wp-json\/wp\/v2\/comments?post=80043"}],"version-history":[{"count":0,"href":"https:\/\/www.africa-press.net\/cotedivoire\/wp-json\/wp\/v2\/posts\/80043\/revisions"}],"wp:featuredmedia":[{"embeddable":true,"href":"https:\/\/www.africa-press.net\/cotedivoire\/wp-json\/wp\/v2\/media\/80041"}],"wp:attachment":[{"href":"https:\/\/www.africa-press.net\/cotedivoire\/wp-json\/wp\/v2\/media?parent=80043"}],"wp:term":[{"taxonomy":"category","embeddable":true,"href":"https:\/\/www.africa-press.net\/cotedivoire\/wp-json\/wp\/v2\/categories?post=80043"},{"taxonomy":"post_tag","embeddable":true,"href":"https:\/\/www.africa-press.net\/cotedivoire\/wp-json\/wp\/v2\/tags?post=80043"}],"curies":[{"name":"wp","href":"https:\/\/api.w.org\/{rel}","templated":true}]}}