{"id":8009,"date":"2021-05-20T16:23:46","date_gmt":"2021-05-20T16:23:46","guid":{"rendered":"https:\/\/www.africa-press.net\/cotedivoire\/?p=8009"},"modified":"2021-05-20T17:16:41","modified_gmt":"2021-05-20T17:16:41","slug":"cote-divoire-alassane-ouattara-envisage-un-report-des-elections-locales","status":"publish","type":"post","link":"https:\/\/www.africa-press.net\/cotedivoire\/dossiers\/cote-divoire-alassane-ouattara-envisage-un-report-des-elections-locales","title":{"rendered":"Alassane Ouattara envisage un report des \u00e9lections locales"},"content":{"rendered":"<p><span style=\"color: #ff6600\"><strong><a href=\"https:\/\/www.africa-press.net\/\">Africa-Press<\/a> &#8211; <a href=\"https:\/\/www.africa-press.net\/cotedivoire\">C\u00f4te d&rsquo;Ivoire<\/a>. <\/strong><\/span>Le chef de l\u2019\u00c9tat \u00e9tudie la possibilit\u00e9 de d\u00e9caler les \u00e9lections municipales, s\u00e9natoriales et r\u00e9gionales initialement pr\u00e9vues en 2023. Voici pourquoi.<\/p>\n<p>Selon nos informations, Alassane Ouattara (ADO) \u00e9tudie la possibilit\u00e9 d\u2019organiser ces scrutins en m\u00eame temps que la pr\u00e9sidentielle et les l\u00e9gislatives, en 2025. Le pr\u00e9sident ivoirien a d\u00e9j\u00e0 transmis ce message fin avril \u00e0 certains partenaires de la C\u00f4te d\u2019Ivoire dont la France. L\u2019\u00c9lys\u00e9e, qui tient \u00e0 la stabilit\u00e9 du pays, n\u2019a \u00e9mis pour le moment aucune r\u00e9serve.<\/p>\n<p><b>\u00a0<\/b><\/p>\n","protected":false},"excerpt":{"rendered":"<p>Africa-Press &#8211; C\u00f4te d&rsquo;Ivoire. Le chef de l\u2019\u00c9tat \u00e9tudie la possibilit\u00e9 de d\u00e9caler les \u00e9lections municipales, s\u00e9natoriales et r\u00e9gionales initialement pr\u00e9vues en 2023. Voici pourquoi. Selon nos informations, Alassane Ouattara (ADO) \u00e9tudie la possibilit\u00e9 d\u2019organiser ces scrutins en m\u00eame temps que la pr\u00e9sidentielle et les l\u00e9gislatives, en 2025. Le pr\u00e9sident ivoirien a d\u00e9j\u00e0 transmis ce [&hellip;]<\/p>\n","protected":false},"author":82,"featured_media":8008,"comment_status":"open","ping_status":"closed","sticky":false,"template":"","format":"standard","meta":{"footnotes":""},"categories":[7,11,20,10],"tags":[56,63,29],"class_list":["post-8009","post","type-post","status-publish","format-standard","has-post-thumbnail","hentry","category-dossiers","category-homepage-french","category-top-nouvelles","category-toutes-les-actualites","tag-africa-press","tag-africa-press-cote-divoire","tag-cote-divoire"],"yoast_head":"<!-- This site is optimized with the Yoast SEO Premium plugin v26.1 (Yoast SEO v27.0) - https:\/\/yoast.com\/product\/yoast-seo-premium-wordpress\/ -->\n<title>Alassane Ouattara envisage un report des \u00e9lections locales - C\u00f4te d&#039;Ivoire<\/title>\n<meta name=\"description\" content=\"Le chef de l\u2019\u00c9tat \u00e9tudie la possibilit\u00e9 de d\u00e9caler les \u00e9lections municipales, s\u00e9natoriales et r\u00e9gionales initialement pr ...\" \/>\n<meta name=\"robots\" content=\"index, follow, max-snippet:-1, max-image-preview:large, max-video-preview:-1\" \/>\n<link rel=\"canonical\" href=\"https:\/\/www.africa-press.net\/cotedivoire\/dossiers\/cote-divoire-alassane-ouattara-envisage-un-report-des-elections-locales\" \/>\n<meta property=\"og:locale\" content=\"fr_FR\" \/>\n<meta property=\"og:type\" content=\"article\" \/>\n<meta property=\"og:title\" content=\"Alassane Ouattara envisage un report des \u00e9lections locales\" \/>\n<meta property=\"og:description\" content=\"Le chef de l\u2019\u00c9tat \u00e9tudie la possibilit\u00e9 de d\u00e9caler les \u00e9lections municipales, s\u00e9natoriales et r\u00e9gionales initialement pr ...\" \/>\n<meta property=\"og:url\" content=\"https:\/\/www.africa-press.net\/cotedivoire\/dossiers\/cote-divoire-alassane-ouattara-envisage-un-report-des-elections-locales\" \/>\n<meta property=\"og:site_name\" content=\"C\u00f4te d&#039;Ivoire\" \/>\n<meta property=\"article:published_time\" content=\"2021-05-20T16:23:46+00:00\" \/>\n<meta property=\"article:modified_time\" content=\"2021-05-20T17:16:41+00:00\" \/>\n<meta property=\"og:image\" content=\"https:\/\/static.africa-press.net\/cote\/sites\/43\/2021\/05\/img-60a68549789ba.jpg\" \/>\n\t<meta property=\"og:image:width\" content=\"720\" \/>\n\t<meta property=\"og:image:height\" content=\"360\" \/>\n\t<meta property=\"og:image:type\" content=\"image\/jpeg\" \/>\n<meta name=\"author\" content=\"cfeditorfr\" \/>\n<meta name=\"twitter:card\" content=\"summary_large_image\" \/>\n<meta name=\"twitter:label1\" content=\"\u00c9crit par\" \/>\n\t<meta name=\"twitter:data1\" content=\"cfeditorfr\" \/>\n\t<meta name=\"twitter:label2\" content=\"Dur\u00e9e de lecture estim\u00e9e\" \/>\n\t<meta name=\"twitter:data2\" content=\"1 minute\" \/>\n<script type=\"application\/ld+json\" class=\"yoast-schema-graph\">{\"@context\":\"https:\/\/schema.org\",\"@graph\":[{\"@type\":\"Article\",\"@id\":\"https:\/\/www.africa-press.net\/cotedivoire\/dossiers\/cote-divoire-alassane-ouattara-envisage-un-report-des-elections-locales#article\",\"isPartOf\":{\"@id\":\"https:\/\/www.africa-press.net\/cotedivoire\/dossiers\/cote-divoire-alassane-ouattara-envisage-un-report-des-elections-locales\"},\"author\":{\"name\":\"cfeditorfr\",\"@id\":\"https:\/\/www.africa-press.net\/cotedivoire\/#\/schema\/person\/2b1cf3cd81a31e3cd26889ca66d677f1\"},\"headline\":\"Alassane Ouattara envisage un report des \u00e9lections locales\",\"datePublished\":\"2021-05-20T16:23:46+00:00\",\"dateModified\":\"2021-05-20T17:16:41+00:00\",\"mainEntityOfPage\":{\"@id\":\"https:\/\/www.africa-press.net\/cotedivoire\/dossiers\/cote-divoire-alassane-ouattara-envisage-un-report-des-elections-locales\"},\"wordCount\":106,\"commentCount\":0,\"image\":{\"@id\":\"https:\/\/www.africa-press.net\/cotedivoire\/dossiers\/cote-divoire-alassane-ouattara-envisage-un-report-des-elections-locales#primaryimage\"},\"thumbnailUrl\":\"https:\/\/static.africa-press.net\/cote\/sites\/43\/2021\/05\/img-60a68549789ba.jpg\",\"keywords\":[\"Africa Press\",\"Africa Press-C\u00f4te d'Ivoire\",\"C\u00d4TE D'IVOIRE\"],\"articleSection\":[\"Dossiers\",\"homepage-french\",\"Top Nouvelles\",\"Toutes les actualit\u00e9s\"],\"inLanguage\":\"fr-FR\",\"potentialAction\":[{\"@type\":\"CommentAction\",\"name\":\"Comment\",\"target\":[\"https:\/\/www.africa-press.net\/cotedivoire\/dossiers\/cote-divoire-alassane-ouattara-envisage-un-report-des-elections-locales#respond\"]}]},{\"@type\":\"WebPage\",\"@id\":\"https:\/\/www.africa-press.net\/cotedivoire\/dossiers\/cote-divoire-alassane-ouattara-envisage-un-report-des-elections-locales\",\"url\":\"https:\/\/www.africa-press.net\/cotedivoire\/dossiers\/cote-divoire-alassane-ouattara-envisage-un-report-des-elections-locales\",\"name\":\"Alassane Ouattara envisage un report des \u00e9lections locales - C\u00f4te d&#039;Ivoire\",\"isPartOf\":{\"@id\":\"https:\/\/www.africa-press.net\/cotedivoire\/#website\"},\"primaryImageOfPage\":{\"@id\":\"https:\/\/www.africa-press.net\/cotedivoire\/dossiers\/cote-divoire-alassane-ouattara-envisage-un-report-des-elections-locales#primaryimage\"},\"image\":{\"@id\":\"https:\/\/www.africa-press.net\/cotedivoire\/dossiers\/cote-divoire-alassane-ouattara-envisage-un-report-des-elections-locales#primaryimage\"},\"thumbnailUrl\":\"https:\/\/static.africa-press.net\/cote\/sites\/43\/2021\/05\/img-60a68549789ba.jpg\",\"datePublished\":\"2021-05-20T16:23:46+00:00\",\"dateModified\":\"2021-05-20T17:16:41+00:00\",\"author\":{\"@id\":\"https:\/\/www.africa-press.net\/cotedivoire\/#\/schema\/person\/2b1cf3cd81a31e3cd26889ca66d677f1\"},\"description\":\"Le chef de l\u2019\u00c9tat \u00e9tudie la possibilit\u00e9 de d\u00e9caler les \u00e9lections municipales, s\u00e9natoriales et r\u00e9gionales initialement pr ...\",\"breadcrumb\":{\"@id\":\"https:\/\/www.africa-press.net\/cotedivoire\/dossiers\/cote-divoire-alassane-ouattara-envisage-un-report-des-elections-locales#breadcrumb\"},\"inLanguage\":\"fr-FR\",\"potentialAction\":[{\"@type\":\"ReadAction\",\"target\":[\"https:\/\/www.africa-press.net\/cotedivoire\/dossiers\/cote-divoire-alassane-ouattara-envisage-un-report-des-elections-locales\"]}]},{\"@type\":\"ImageObject\",\"inLanguage\":\"fr-FR\",\"@id\":\"https:\/\/www.africa-press.net\/cotedivoire\/dossiers\/cote-divoire-alassane-ouattara-envisage-un-report-des-elections-locales#primaryimage\",\"url\":\"https:\/\/static.africa-press.net\/cote\/sites\/43\/2021\/05\/img-60a68549789ba.jpg\",\"contentUrl\":\"https:\/\/static.africa-press.net\/cote\/sites\/43\/2021\/05\/img-60a68549789ba.jpg\",\"width\":720,\"height\":360,\"caption\":\"C\u00f4te d\u2019Ivoire : Alassane Ouattara envisage un report des \u00e9lections locales\"},{\"@type\":\"BreadcrumbList\",\"@id\":\"https:\/\/www.africa-press.net\/cotedivoire\/dossiers\/cote-divoire-alassane-ouattara-envisage-un-report-des-elections-locales#breadcrumb\",\"itemListElement\":[{\"@type\":\"ListItem\",\"position\":1,\"name\":\"Accueil\",\"item\":\"https:\/\/www.africa-press.net\/cotedivoire\/\"},{\"@type\":\"ListItem\",\"position\":2,\"name\":\"Alassane Ouattara envisage un report des \u00e9lections locales\"}]},{\"@type\":\"WebSite\",\"@id\":\"https:\/\/www.africa-press.net\/cotedivoire\/#website\",\"url\":\"https:\/\/www.africa-press.net\/cotedivoire\/\",\"name\":\"C\u00f4te d&#039;Ivoire\",\"description\":\"Just another Africa News Agency Sites site\",\"potentialAction\":[{\"@type\":\"SearchAction\",\"target\":{\"@type\":\"EntryPoint\",\"urlTemplate\":\"https:\/\/www.africa-press.net\/cotedivoire\/?s={search_term_string}\"},\"query-input\":{\"@type\":\"PropertyValueSpecification\",\"valueRequired\":true,\"valueName\":\"search_term_string\"}}],\"inLanguage\":\"fr-FR\"},{\"@type\":\"Person\",\"@id\":\"https:\/\/www.africa-press.net\/cotedivoire\/#\/schema\/person\/2b1cf3cd81a31e3cd26889ca66d677f1\",\"name\":\"cfeditorfr\"}]}<\/script>\n<!-- \/ Yoast SEO Premium plugin. -->","yoast_head_json":{"title":"Alassane Ouattara envisage un report des \u00e9lections locales - C\u00f4te d&#039;Ivoire","description":"Le chef de l\u2019\u00c9tat \u00e9tudie la possibilit\u00e9 de d\u00e9caler les \u00e9lections municipales, s\u00e9natoriales et r\u00e9gionales initialement pr ...","robots":{"index":"index","follow":"follow","max-snippet":"max-snippet:-1","max-image-preview":"max-image-preview:large","max-video-preview":"max-video-preview:-1"},"canonical":"https:\/\/www.africa-press.net\/cotedivoire\/dossiers\/cote-divoire-alassane-ouattara-envisage-un-report-des-elections-locales","og_locale":"fr_FR","og_type":"article","og_title":"Alassane Ouattara envisage un report des \u00e9lections locales","og_description":"Le chef de l\u2019\u00c9tat \u00e9tudie la possibilit\u00e9 de d\u00e9caler les \u00e9lections municipales, s\u00e9natoriales et r\u00e9gionales initialement pr ...","og_url":"https:\/\/www.africa-press.net\/cotedivoire\/dossiers\/cote-divoire-alassane-ouattara-envisage-un-report-des-elections-locales","og_site_name":"C\u00f4te d&#039;Ivoire","article_published_time":"2021-05-20T16:23:46+00:00","article_modified_time":"2021-05-20T17:16:41+00:00","og_image":[{"width":720,"height":360,"url":"https:\/\/static.africa-press.net\/cote\/sites\/43\/2021\/05\/img-60a68549789ba.jpg","type":"image\/jpeg"}],"author":"cfeditorfr","twitter_card":"summary_large_image","twitter_misc":{"\u00c9crit par":"cfeditorfr","Dur\u00e9e de lecture estim\u00e9e":"1 minute"},"schema":{"@context":"https:\/\/schema.org","@graph":[{"@type":"Article","@id":"https:\/\/www.africa-press.net\/cotedivoire\/dossiers\/cote-divoire-alassane-ouattara-envisage-un-report-des-elections-locales#article","isPartOf":{"@id":"https:\/\/www.africa-press.net\/cotedivoire\/dossiers\/cote-divoire-alassane-ouattara-envisage-un-report-des-elections-locales"},"author":{"name":"cfeditorfr","@id":"https:\/\/www.africa-press.net\/cotedivoire\/#\/schema\/person\/2b1cf3cd81a31e3cd26889ca66d677f1"},"headline":"Alassane Ouattara envisage un report des \u00e9lections locales","datePublished":"2021-05-20T16:23:46+00:00","dateModified":"2021-05-20T17:16:41+00:00","mainEntityOfPage":{"@id":"https:\/\/www.africa-press.net\/cotedivoire\/dossiers\/cote-divoire-alassane-ouattara-envisage-un-report-des-elections-locales"},"wordCount":106,"commentCount":0,"image":{"@id":"https:\/\/www.africa-press.net\/cotedivoire\/dossiers\/cote-divoire-alassane-ouattara-envisage-un-report-des-elections-locales#primaryimage"},"thumbnailUrl":"https:\/\/static.africa-press.net\/cote\/sites\/43\/2021\/05\/img-60a68549789ba.jpg","keywords":["Africa Press","Africa Press-C\u00f4te d'Ivoire","C\u00d4TE D'IVOIRE"],"articleSection":["Dossiers","homepage-french","Top Nouvelles","Toutes les actualit\u00e9s"],"inLanguage":"fr-FR","potentialAction":[{"@type":"CommentAction","name":"Comment","target":["https:\/\/www.africa-press.net\/cotedivoire\/dossiers\/cote-divoire-alassane-ouattara-envisage-un-report-des-elections-locales#respond"]}]},{"@type":"WebPage","@id":"https:\/\/www.africa-press.net\/cotedivoire\/dossiers\/cote-divoire-alassane-ouattara-envisage-un-report-des-elections-locales","url":"https:\/\/www.africa-press.net\/cotedivoire\/dossiers\/cote-divoire-alassane-ouattara-envisage-un-report-des-elections-locales","name":"Alassane Ouattara envisage un report des \u00e9lections locales - C\u00f4te d&#039;Ivoire","isPartOf":{"@id":"https:\/\/www.africa-press.net\/cotedivoire\/#website"},"primaryImageOfPage":{"@id":"https:\/\/www.africa-press.net\/cotedivoire\/dossiers\/cote-divoire-alassane-ouattara-envisage-un-report-des-elections-locales#primaryimage"},"image":{"@id":"https:\/\/www.africa-press.net\/cotedivoire\/dossiers\/cote-divoire-alassane-ouattara-envisage-un-report-des-elections-locales#primaryimage"},"thumbnailUrl":"https:\/\/static.africa-press.net\/cote\/sites\/43\/2021\/05\/img-60a68549789ba.jpg","datePublished":"2021-05-20T16:23:46+00:00","dateModified":"2021-05-20T17:16:41+00:00","author":{"@id":"https:\/\/www.africa-press.net\/cotedivoire\/#\/schema\/person\/2b1cf3cd81a31e3cd26889ca66d677f1"},"description":"Le chef de l\u2019\u00c9tat \u00e9tudie la possibilit\u00e9 de d\u00e9caler les \u00e9lections municipales, s\u00e9natoriales et r\u00e9gionales initialement pr ...","breadcrumb":{"@id":"https:\/\/www.africa-press.net\/cotedivoire\/dossiers\/cote-divoire-alassane-ouattara-envisage-un-report-des-elections-locales#breadcrumb"},"inLanguage":"fr-FR","potentialAction":[{"@type":"ReadAction","target":["https:\/\/www.africa-press.net\/cotedivoire\/dossiers\/cote-divoire-alassane-ouattara-envisage-un-report-des-elections-locales"]}]},{"@type":"ImageObject","inLanguage":"fr-FR","@id":"https:\/\/www.africa-press.net\/cotedivoire\/dossiers\/cote-divoire-alassane-ouattara-envisage-un-report-des-elections-locales#primaryimage","url":"https:\/\/static.africa-press.net\/cote\/sites\/43\/2021\/05\/img-60a68549789ba.jpg","contentUrl":"https:\/\/static.africa-press.net\/cote\/sites\/43\/2021\/05\/img-60a68549789ba.jpg","width":720,"height":360,"caption":"C\u00f4te d\u2019Ivoire : Alassane Ouattara envisage un report des \u00e9lections locales"},{"@type":"BreadcrumbList","@id":"https:\/\/www.africa-press.net\/cotedivoire\/dossiers\/cote-divoire-alassane-ouattara-envisage-un-report-des-elections-locales#breadcrumb","itemListElement":[{"@type":"ListItem","position":1,"name":"Accueil","item":"https:\/\/www.africa-press.net\/cotedivoire\/"},{"@type":"ListItem","position":2,"name":"Alassane Ouattara envisage un report des \u00e9lections locales"}]},{"@type":"WebSite","@id":"https:\/\/www.africa-press.net\/cotedivoire\/#website","url":"https:\/\/www.africa-press.net\/cotedivoire\/","name":"C\u00f4te d&#039;Ivoire","description":"Just another Africa News Agency Sites site","potentialAction":[{"@type":"SearchAction","target":{"@type":"EntryPoint","urlTemplate":"https:\/\/www.africa-press.net\/cotedivoire\/?s={search_term_string}"},"query-input":{"@type":"PropertyValueSpecification","valueRequired":true,"valueName":"search_term_string"}}],"inLanguage":"fr-FR"},{"@type":"Person","@id":"https:\/\/www.africa-press.net\/cotedivoire\/#\/schema\/person\/2b1cf3cd81a31e3cd26889ca66d677f1","name":"cfeditorfr"}]}},"_links":{"self":[{"href":"https:\/\/www.africa-press.net\/cotedivoire\/wp-json\/wp\/v2\/posts\/8009","targetHints":{"allow":["GET"]}}],"collection":[{"href":"https:\/\/www.africa-press.net\/cotedivoire\/wp-json\/wp\/v2\/posts"}],"about":[{"href":"https:\/\/www.africa-press.net\/cotedivoire\/wp-json\/wp\/v2\/types\/post"}],"author":[{"embeddable":true,"href":"https:\/\/www.africa-press.net\/cotedivoire\/wp-json\/wp\/v2\/users\/82"}],"replies":[{"embeddable":true,"href":"https:\/\/www.africa-press.net\/cotedivoire\/wp-json\/wp\/v2\/comments?post=8009"}],"version-history":[{"count":0,"href":"https:\/\/www.africa-press.net\/cotedivoire\/wp-json\/wp\/v2\/posts\/8009\/revisions"}],"wp:featuredmedia":[{"embeddable":true,"href":"https:\/\/www.africa-press.net\/cotedivoire\/wp-json\/wp\/v2\/media\/8008"}],"wp:attachment":[{"href":"https:\/\/www.africa-press.net\/cotedivoire\/wp-json\/wp\/v2\/media?parent=8009"}],"wp:term":[{"taxonomy":"category","embeddable":true,"href":"https:\/\/www.africa-press.net\/cotedivoire\/wp-json\/wp\/v2\/categories?post=8009"},{"taxonomy":"post_tag","embeddable":true,"href":"https:\/\/www.africa-press.net\/cotedivoire\/wp-json\/wp\/v2\/tags?post=8009"}],"curies":[{"name":"wp","href":"https:\/\/api.w.org\/{rel}","templated":true}]}}