{"id":8012,"date":"2021-05-20T16:30:29","date_gmt":"2021-05-20T16:30:29","guid":{"rendered":"https:\/\/www.africa-press.net\/cotedivoire\/?p=8012"},"modified":"2021-05-20T17:16:55","modified_gmt":"2021-05-20T17:16:55","slug":"alexandre-coster-baobab-nous-ciblons-10-millions-deuros-pour-notre-croissance-en-afrique-subsaharienne","status":"publish","type":"post","link":"https:\/\/www.africa-press.net\/cotedivoire\/economie\/alexandre-coster-baobab-nous-ciblons-10-millions-deuros-pour-notre-croissance-en-afrique-subsaharienne","title":{"rendered":"Alexandre Coster (Baobab+) : \u00ab\u00a0Nous ciblons 10\u00a0millions d\u2019euros pour notre croissance en Afrique subsaharienne\u00a0\u00bb"},"content":{"rendered":"<p><span style=\"color: #ff6600\"><strong><a href=\"https:\/\/www.africa-press.net\/\">Africa-Press<\/a> &#8211; <a href=\"https:\/\/www.africa-press.net\/cotedivoire\">C\u00f4te d&rsquo;Ivoire<\/a>. <\/strong><\/span>R\u00e9cemment install\u00e9 au Nigeria et en RD Congo, le sp\u00e9cialiste des \u00e9quipements solaires et digitaux vise un million de foyers \u00e9quip\u00e9s au sud du Sahara d\u2019ici \u00e0 cinq ans.<\/p>\n<p>Lanc\u00e9 en 2015 avec le soutien de Baobab Group (ex-Microcred, sp\u00e9cialiste de la microfinance), Baobab+ propose notamment des syst\u00e8mes \u00e9lectriques d\u00e9centralis\u00e9s et des \u00e9quipements digitaux \u00e0 destination des m\u00e9nages et des petites entreprises. L\u2019entreprise est pr\u00e9sente d\u00e9sormais dans une demi-douzaine de pays au sud du Sahara, mais vise une empreinte g\u00e9ographique encore plus large. Son fondateur et directeur g\u00e9n\u00e9ral, Alexandre Coster, ancien responsable du d\u00e9veloppement au sein de Microcred, pass\u00e9 par Paris I (Panth\u00e9on-Sorbonne) et HEC Paris, a r\u00e9pondu aux questions de Jeune Afrique.<\/p>\n<p><b>Jeune Afrique : Baobab+ a sign\u00e9 un partenariat r\u00e9cemment avec Samsung. Dans quel but ?<\/b><\/p>\n<p><b>Alexandre Coster :<\/b><\/p>\n<p>Nous avons int\u00e9gr\u00e9 \u00e0 nos syst\u00e8mes d\u2019informations une de leurs technologies, qui permet entre autres de contr\u00f4ler \u00e0 distance certaines appareils t\u00e9l\u00e9phoniques (activer, d\u00e9sactiver \u00e0 distance\u2026). Cela apporte une garantie suppl\u00e9mentaire. Et les clients de Baobab+ qui s\u2019\u00e9quipent en smartphones aupr\u00e8s de nous peuvent ainsi s\u2019acquitter chaque jour, chaque semaine ou chaque mois par mobile money du prix d\u2019achat au fur et \u00e0 mesure jusqu\u2019\u00e0 le poss\u00e9der d\u00e9finitivement. Cela permettra de d\u00e9mocratiser l\u2019acc\u00e8s aux smartphones pour des gens qui n\u2019ont pas forc\u00e9ment les moyens d\u2019acheter cash un t\u00e9l\u00e9phone de ce type. Alexandre Coster, fondateur de Baobab+.<\/p>\n<p><b>Quel impact ces \u00e9quipements peuvent avoir sur les populations cibles\u202f?<\/b><\/p>\n<p>Aujourd\u2019hui, l\u2019actualit\u00e9 s\u2019oriente autour de la r\u00e9volution digitale. Nous assistons au d\u00e9veloppement d\u2019applications initi\u00e9es dans plusieurs cas par de jeunes start-up africaines. L\u2019acquisition de smartphones ouvrira l\u2019acc\u00e8s \u00e0 plusieurs services et applications aux clients, ne serait-ce que, dans le domaine agricole, pour consulter la m\u00e9t\u00e9o ou suivre les cours des mati\u00e8res premi\u00e8res.<\/p>\n<p>Notre client\u00e8le-cible se trouve g\u00e9n\u00e9ralement dans les zones rurales ou p\u00e9riurbaines, qui ont des difficult\u00e9s d\u2019acc\u00e8s au r\u00e9seau \u00e9lectrique. Aussi, nous proposons des \u00e9quipements digitaux mais aussi l\u2019acc\u00e8s \u00e0 l\u2019\u00e9nergie solaire via nos kits en C\u00f4te d\u2019Ivoire, au S\u00e9n\u00e9gal, au Mali et \u00e0 Madagascar.<\/p>\n<p><b>En 2017, votre objectif \u00e9tait de donner l\u2019acc\u00e8s \u00e0 l\u2019\u00e9lectricit\u00e9 \u00e0 150 000 foyers. Y \u00eates-vous parvenus\u202f?<\/b><\/p>\n<p>Nous avons distribu\u00e9 des \u00e9quipements solaires \u00e0 220 000 foyers dans les quatre pays indiqu\u00e9s auparavant. Nous voulons atteindre un million de foyers d\u2019ici \u00e0 cinq ans. Nous avons aussi distribu\u00e9 environ 100\u202f000 \u00e9quipements digitaux.<\/p>\n<p><b>Quels sont vos plans de d\u00e9veloppement\u202f?<\/b><\/p>\n<p>Nous venons de nous implanter au Nigeria et en R\u00e9publique d\u00e9mocratique du Congo. Nos op\u00e9rations commenceront tr\u00e8s rapidement en ce qui concerne l\u2019\u00e9quipement des foyers.<\/p>\n<p>Nous avons d\u00e9j\u00e0 lev\u00e9 4 millions d\u2019euros. Pour aller plus loin, nous envisageons de lever 10 millions d\u2019euros, via une ouverture de capital. Nous esp\u00e9rons cl\u00f4turer cette op\u00e9ration en juillet prochain.<\/p>\n<p><b>Avez-vous des ambitions en Afrique de l\u2019Est\u202f?<\/b><\/p>\n<p>L\u2019Afrique de l\u2019Est est le berceau de la distribution de kits solaires et les syst\u00e8mes de financement sur le continent. C\u2019est une zone o\u00f9 il y a beaucoup plus d\u2019acteurs qu\u2019en Afrique de l\u2019Ouest. Nous cherchons \u00e0 aller dans des pays o\u00f9 il y a encore beaucoup \u00e0 faire.<\/p>\n","protected":false},"excerpt":{"rendered":"<p>Africa-Press &#8211; C\u00f4te d&rsquo;Ivoire. R\u00e9cemment install\u00e9 au Nigeria et en RD Congo, le sp\u00e9cialiste des \u00e9quipements solaires et digitaux vise un million de foyers \u00e9quip\u00e9s au sud du Sahara d\u2019ici \u00e0 cinq ans. Lanc\u00e9 en 2015 avec le soutien de Baobab Group (ex-Microcred, sp\u00e9cialiste de la microfinance), Baobab+ propose notamment des syst\u00e8mes \u00e9lectriques d\u00e9centralis\u00e9s et [&hellip;]<\/p>\n","protected":false},"author":82,"featured_media":8011,"comment_status":"open","ping_status":"closed","sticky":false,"template":"","format":"standard","meta":{"footnotes":""},"categories":[3,11,10],"tags":[56,63,29],"class_list":["post-8012","post","type-post","status-publish","format-standard","has-post-thumbnail","hentry","category-economie","category-homepage-french","category-toutes-les-actualites","tag-africa-press","tag-africa-press-cote-divoire","tag-cote-divoire"],"yoast_head":"<!-- This site is optimized with the Yoast SEO Premium plugin v26.1 (Yoast SEO v27.0) - https:\/\/yoast.com\/product\/yoast-seo-premium-wordpress\/ -->\n<title>Alexandre Coster (Baobab+) : \u00ab\u00a0Nous ciblons 10\u00a0millions d\u2019euros pour notre croissance en Afrique subsaharienne\u00a0\u00bb - C\u00f4te d&#039;Ivoire<\/title>\n<meta name=\"description\" content=\"R\u00e9cemment install\u00e9 au Nigeria et en RD Congo, le sp\u00e9cialiste des \u00e9quipements solaires et digitaux vise un million de foy ...\" \/>\n<meta name=\"robots\" content=\"index, follow, max-snippet:-1, max-image-preview:large, max-video-preview:-1\" \/>\n<link rel=\"canonical\" href=\"https:\/\/www.africa-press.net\/cotedivoire\/economie\/alexandre-coster-baobab-nous-ciblons-10-millions-deuros-pour-notre-croissance-en-afrique-subsaharienne\" \/>\n<meta property=\"og:locale\" content=\"fr_FR\" \/>\n<meta property=\"og:type\" content=\"article\" \/>\n<meta property=\"og:title\" content=\"Alexandre Coster (Baobab+) : \u00ab\u00a0Nous ciblons 10\u00a0millions d\u2019euros pour notre croissance en Afrique subsaharienne\u00a0\u00bb\" \/>\n<meta property=\"og:description\" content=\"R\u00e9cemment install\u00e9 au Nigeria et en RD Congo, le sp\u00e9cialiste des \u00e9quipements solaires et digitaux vise un million de foy ...\" \/>\n<meta property=\"og:url\" content=\"https:\/\/www.africa-press.net\/cotedivoire\/economie\/alexandre-coster-baobab-nous-ciblons-10-millions-deuros-pour-notre-croissance-en-afrique-subsaharienne\" \/>\n<meta property=\"og:site_name\" content=\"C\u00f4te d&#039;Ivoire\" \/>\n<meta property=\"article:published_time\" content=\"2021-05-20T16:30:29+00:00\" \/>\n<meta property=\"article:modified_time\" content=\"2021-05-20T17:16:55+00:00\" \/>\n<meta property=\"og:image\" content=\"https:\/\/static.africa-press.net\/cote\/sites\/43\/2021\/05\/img-60a6857379614.jpg\" \/>\n\t<meta property=\"og:image:width\" content=\"720\" \/>\n\t<meta property=\"og:image:height\" content=\"360\" \/>\n\t<meta property=\"og:image:type\" content=\"image\/jpeg\" \/>\n<meta name=\"author\" content=\"cfeditorfr\" \/>\n<meta name=\"twitter:card\" content=\"summary_large_image\" \/>\n<meta name=\"twitter:label1\" content=\"\u00c9crit par\" \/>\n\t<meta name=\"twitter:data1\" content=\"cfeditorfr\" \/>\n\t<meta name=\"twitter:label2\" content=\"Dur\u00e9e de lecture estim\u00e9e\" \/>\n\t<meta name=\"twitter:data2\" content=\"3 minutes\" \/>\n<script type=\"application\/ld+json\" class=\"yoast-schema-graph\">{\"@context\":\"https:\/\/schema.org\",\"@graph\":[{\"@type\":\"Article\",\"@id\":\"https:\/\/www.africa-press.net\/cotedivoire\/economie\/alexandre-coster-baobab-nous-ciblons-10-millions-deuros-pour-notre-croissance-en-afrique-subsaharienne#article\",\"isPartOf\":{\"@id\":\"https:\/\/www.africa-press.net\/cotedivoire\/economie\/alexandre-coster-baobab-nous-ciblons-10-millions-deuros-pour-notre-croissance-en-afrique-subsaharienne\"},\"author\":{\"name\":\"cfeditorfr\",\"@id\":\"https:\/\/www.africa-press.net\/cotedivoire\/#\/schema\/person\/2b1cf3cd81a31e3cd26889ca66d677f1\"},\"headline\":\"Alexandre Coster (Baobab+) : \u00ab\u00a0Nous ciblons 10\u00a0millions d\u2019euros pour notre croissance en Afrique subsaharienne\u00a0\u00bb\",\"datePublished\":\"2021-05-20T16:30:29+00:00\",\"dateModified\":\"2021-05-20T17:16:55+00:00\",\"mainEntityOfPage\":{\"@id\":\"https:\/\/www.africa-press.net\/cotedivoire\/economie\/alexandre-coster-baobab-nous-ciblons-10-millions-deuros-pour-notre-croissance-en-afrique-subsaharienne\"},\"wordCount\":591,\"commentCount\":0,\"image\":{\"@id\":\"https:\/\/www.africa-press.net\/cotedivoire\/economie\/alexandre-coster-baobab-nous-ciblons-10-millions-deuros-pour-notre-croissance-en-afrique-subsaharienne#primaryimage\"},\"thumbnailUrl\":\"https:\/\/static.africa-press.net\/cote\/sites\/43\/2021\/05\/img-60a6857379614.jpg\",\"keywords\":[\"Africa Press\",\"Africa Press-C\u00f4te d'Ivoire\",\"C\u00d4TE D'IVOIRE\"],\"articleSection\":[\"\u00c9conomie\",\"homepage-french\",\"Toutes les actualit\u00e9s\"],\"inLanguage\":\"fr-FR\",\"potentialAction\":[{\"@type\":\"CommentAction\",\"name\":\"Comment\",\"target\":[\"https:\/\/www.africa-press.net\/cotedivoire\/economie\/alexandre-coster-baobab-nous-ciblons-10-millions-deuros-pour-notre-croissance-en-afrique-subsaharienne#respond\"]}]},{\"@type\":\"WebPage\",\"@id\":\"https:\/\/www.africa-press.net\/cotedivoire\/economie\/alexandre-coster-baobab-nous-ciblons-10-millions-deuros-pour-notre-croissance-en-afrique-subsaharienne\",\"url\":\"https:\/\/www.africa-press.net\/cotedivoire\/economie\/alexandre-coster-baobab-nous-ciblons-10-millions-deuros-pour-notre-croissance-en-afrique-subsaharienne\",\"name\":\"Alexandre Coster (Baobab+) : \u00ab\u00a0Nous ciblons 10\u00a0millions d\u2019euros pour notre croissance en Afrique subsaharienne\u00a0\u00bb - C\u00f4te d&#039;Ivoire\",\"isPartOf\":{\"@id\":\"https:\/\/www.africa-press.net\/cotedivoire\/#website\"},\"primaryImageOfPage\":{\"@id\":\"https:\/\/www.africa-press.net\/cotedivoire\/economie\/alexandre-coster-baobab-nous-ciblons-10-millions-deuros-pour-notre-croissance-en-afrique-subsaharienne#primaryimage\"},\"image\":{\"@id\":\"https:\/\/www.africa-press.net\/cotedivoire\/economie\/alexandre-coster-baobab-nous-ciblons-10-millions-deuros-pour-notre-croissance-en-afrique-subsaharienne#primaryimage\"},\"thumbnailUrl\":\"https:\/\/static.africa-press.net\/cote\/sites\/43\/2021\/05\/img-60a6857379614.jpg\",\"datePublished\":\"2021-05-20T16:30:29+00:00\",\"dateModified\":\"2021-05-20T17:16:55+00:00\",\"author\":{\"@id\":\"https:\/\/www.africa-press.net\/cotedivoire\/#\/schema\/person\/2b1cf3cd81a31e3cd26889ca66d677f1\"},\"description\":\"R\u00e9cemment install\u00e9 au Nigeria et en RD Congo, le sp\u00e9cialiste des \u00e9quipements solaires et digitaux vise un million de foy ...\",\"breadcrumb\":{\"@id\":\"https:\/\/www.africa-press.net\/cotedivoire\/economie\/alexandre-coster-baobab-nous-ciblons-10-millions-deuros-pour-notre-croissance-en-afrique-subsaharienne#breadcrumb\"},\"inLanguage\":\"fr-FR\",\"potentialAction\":[{\"@type\":\"ReadAction\",\"target\":[\"https:\/\/www.africa-press.net\/cotedivoire\/economie\/alexandre-coster-baobab-nous-ciblons-10-millions-deuros-pour-notre-croissance-en-afrique-subsaharienne\"]}]},{\"@type\":\"ImageObject\",\"inLanguage\":\"fr-FR\",\"@id\":\"https:\/\/www.africa-press.net\/cotedivoire\/economie\/alexandre-coster-baobab-nous-ciblons-10-millions-deuros-pour-notre-croissance-en-afrique-subsaharienne#primaryimage\",\"url\":\"https:\/\/static.africa-press.net\/cote\/sites\/43\/2021\/05\/img-60a6857379614.jpg\",\"contentUrl\":\"https:\/\/static.africa-press.net\/cote\/sites\/43\/2021\/05\/img-60a6857379614.jpg\",\"width\":720,\"height\":360,\"caption\":\"Alexandre Coster (Baobab+) : \u00ab\u00a0Nous ciblons 10\u00a0millions d\u2019euros pour notre croissance en Afrique subsaharienne\u00a0\u00bb\"},{\"@type\":\"BreadcrumbList\",\"@id\":\"https:\/\/www.africa-press.net\/cotedivoire\/economie\/alexandre-coster-baobab-nous-ciblons-10-millions-deuros-pour-notre-croissance-en-afrique-subsaharienne#breadcrumb\",\"itemListElement\":[{\"@type\":\"ListItem\",\"position\":1,\"name\":\"Accueil\",\"item\":\"https:\/\/www.africa-press.net\/cotedivoire\/\"},{\"@type\":\"ListItem\",\"position\":2,\"name\":\"Alexandre Coster (Baobab+) : \u00ab\u00a0Nous ciblons 10\u00a0millions d\u2019euros pour notre croissance en Afrique subsaharienne\u00a0\u00bb\"}]},{\"@type\":\"WebSite\",\"@id\":\"https:\/\/www.africa-press.net\/cotedivoire\/#website\",\"url\":\"https:\/\/www.africa-press.net\/cotedivoire\/\",\"name\":\"C\u00f4te d&#039;Ivoire\",\"description\":\"Just another Africa News Agency Sites site\",\"potentialAction\":[{\"@type\":\"SearchAction\",\"target\":{\"@type\":\"EntryPoint\",\"urlTemplate\":\"https:\/\/www.africa-press.net\/cotedivoire\/?s={search_term_string}\"},\"query-input\":{\"@type\":\"PropertyValueSpecification\",\"valueRequired\":true,\"valueName\":\"search_term_string\"}}],\"inLanguage\":\"fr-FR\"},{\"@type\":\"Person\",\"@id\":\"https:\/\/www.africa-press.net\/cotedivoire\/#\/schema\/person\/2b1cf3cd81a31e3cd26889ca66d677f1\",\"name\":\"cfeditorfr\"}]}<\/script>\n<!-- \/ Yoast SEO Premium plugin. -->","yoast_head_json":{"title":"Alexandre Coster (Baobab+) : \u00ab\u00a0Nous ciblons 10\u00a0millions d\u2019euros pour notre croissance en Afrique subsaharienne\u00a0\u00bb - C\u00f4te d&#039;Ivoire","description":"R\u00e9cemment install\u00e9 au Nigeria et en RD Congo, le sp\u00e9cialiste des \u00e9quipements solaires et digitaux vise un million de foy ...","robots":{"index":"index","follow":"follow","max-snippet":"max-snippet:-1","max-image-preview":"max-image-preview:large","max-video-preview":"max-video-preview:-1"},"canonical":"https:\/\/www.africa-press.net\/cotedivoire\/economie\/alexandre-coster-baobab-nous-ciblons-10-millions-deuros-pour-notre-croissance-en-afrique-subsaharienne","og_locale":"fr_FR","og_type":"article","og_title":"Alexandre Coster (Baobab+) : \u00ab\u00a0Nous ciblons 10\u00a0millions d\u2019euros pour notre croissance en Afrique subsaharienne\u00a0\u00bb","og_description":"R\u00e9cemment install\u00e9 au Nigeria et en RD Congo, le sp\u00e9cialiste des \u00e9quipements solaires et digitaux vise un million de foy ...","og_url":"https:\/\/www.africa-press.net\/cotedivoire\/economie\/alexandre-coster-baobab-nous-ciblons-10-millions-deuros-pour-notre-croissance-en-afrique-subsaharienne","og_site_name":"C\u00f4te d&#039;Ivoire","article_published_time":"2021-05-20T16:30:29+00:00","article_modified_time":"2021-05-20T17:16:55+00:00","og_image":[{"width":720,"height":360,"url":"https:\/\/static.africa-press.net\/cote\/sites\/43\/2021\/05\/img-60a6857379614.jpg","type":"image\/jpeg"}],"author":"cfeditorfr","twitter_card":"summary_large_image","twitter_misc":{"\u00c9crit par":"cfeditorfr","Dur\u00e9e de lecture estim\u00e9e":"3 minutes"},"schema":{"@context":"https:\/\/schema.org","@graph":[{"@type":"Article","@id":"https:\/\/www.africa-press.net\/cotedivoire\/economie\/alexandre-coster-baobab-nous-ciblons-10-millions-deuros-pour-notre-croissance-en-afrique-subsaharienne#article","isPartOf":{"@id":"https:\/\/www.africa-press.net\/cotedivoire\/economie\/alexandre-coster-baobab-nous-ciblons-10-millions-deuros-pour-notre-croissance-en-afrique-subsaharienne"},"author":{"name":"cfeditorfr","@id":"https:\/\/www.africa-press.net\/cotedivoire\/#\/schema\/person\/2b1cf3cd81a31e3cd26889ca66d677f1"},"headline":"Alexandre Coster (Baobab+) : \u00ab\u00a0Nous ciblons 10\u00a0millions d\u2019euros pour notre croissance en Afrique subsaharienne\u00a0\u00bb","datePublished":"2021-05-20T16:30:29+00:00","dateModified":"2021-05-20T17:16:55+00:00","mainEntityOfPage":{"@id":"https:\/\/www.africa-press.net\/cotedivoire\/economie\/alexandre-coster-baobab-nous-ciblons-10-millions-deuros-pour-notre-croissance-en-afrique-subsaharienne"},"wordCount":591,"commentCount":0,"image":{"@id":"https:\/\/www.africa-press.net\/cotedivoire\/economie\/alexandre-coster-baobab-nous-ciblons-10-millions-deuros-pour-notre-croissance-en-afrique-subsaharienne#primaryimage"},"thumbnailUrl":"https:\/\/static.africa-press.net\/cote\/sites\/43\/2021\/05\/img-60a6857379614.jpg","keywords":["Africa Press","Africa Press-C\u00f4te d'Ivoire","C\u00d4TE D'IVOIRE"],"articleSection":["\u00c9conomie","homepage-french","Toutes les actualit\u00e9s"],"inLanguage":"fr-FR","potentialAction":[{"@type":"CommentAction","name":"Comment","target":["https:\/\/www.africa-press.net\/cotedivoire\/economie\/alexandre-coster-baobab-nous-ciblons-10-millions-deuros-pour-notre-croissance-en-afrique-subsaharienne#respond"]}]},{"@type":"WebPage","@id":"https:\/\/www.africa-press.net\/cotedivoire\/economie\/alexandre-coster-baobab-nous-ciblons-10-millions-deuros-pour-notre-croissance-en-afrique-subsaharienne","url":"https:\/\/www.africa-press.net\/cotedivoire\/economie\/alexandre-coster-baobab-nous-ciblons-10-millions-deuros-pour-notre-croissance-en-afrique-subsaharienne","name":"Alexandre Coster (Baobab+) : \u00ab\u00a0Nous ciblons 10\u00a0millions d\u2019euros pour notre croissance en Afrique subsaharienne\u00a0\u00bb - C\u00f4te d&#039;Ivoire","isPartOf":{"@id":"https:\/\/www.africa-press.net\/cotedivoire\/#website"},"primaryImageOfPage":{"@id":"https:\/\/www.africa-press.net\/cotedivoire\/economie\/alexandre-coster-baobab-nous-ciblons-10-millions-deuros-pour-notre-croissance-en-afrique-subsaharienne#primaryimage"},"image":{"@id":"https:\/\/www.africa-press.net\/cotedivoire\/economie\/alexandre-coster-baobab-nous-ciblons-10-millions-deuros-pour-notre-croissance-en-afrique-subsaharienne#primaryimage"},"thumbnailUrl":"https:\/\/static.africa-press.net\/cote\/sites\/43\/2021\/05\/img-60a6857379614.jpg","datePublished":"2021-05-20T16:30:29+00:00","dateModified":"2021-05-20T17:16:55+00:00","author":{"@id":"https:\/\/www.africa-press.net\/cotedivoire\/#\/schema\/person\/2b1cf3cd81a31e3cd26889ca66d677f1"},"description":"R\u00e9cemment install\u00e9 au Nigeria et en RD Congo, le sp\u00e9cialiste des \u00e9quipements solaires et digitaux vise un million de foy ...","breadcrumb":{"@id":"https:\/\/www.africa-press.net\/cotedivoire\/economie\/alexandre-coster-baobab-nous-ciblons-10-millions-deuros-pour-notre-croissance-en-afrique-subsaharienne#breadcrumb"},"inLanguage":"fr-FR","potentialAction":[{"@type":"ReadAction","target":["https:\/\/www.africa-press.net\/cotedivoire\/economie\/alexandre-coster-baobab-nous-ciblons-10-millions-deuros-pour-notre-croissance-en-afrique-subsaharienne"]}]},{"@type":"ImageObject","inLanguage":"fr-FR","@id":"https:\/\/www.africa-press.net\/cotedivoire\/economie\/alexandre-coster-baobab-nous-ciblons-10-millions-deuros-pour-notre-croissance-en-afrique-subsaharienne#primaryimage","url":"https:\/\/static.africa-press.net\/cote\/sites\/43\/2021\/05\/img-60a6857379614.jpg","contentUrl":"https:\/\/static.africa-press.net\/cote\/sites\/43\/2021\/05\/img-60a6857379614.jpg","width":720,"height":360,"caption":"Alexandre Coster (Baobab+) : \u00ab\u00a0Nous ciblons 10\u00a0millions d\u2019euros pour notre croissance en Afrique subsaharienne\u00a0\u00bb"},{"@type":"BreadcrumbList","@id":"https:\/\/www.africa-press.net\/cotedivoire\/economie\/alexandre-coster-baobab-nous-ciblons-10-millions-deuros-pour-notre-croissance-en-afrique-subsaharienne#breadcrumb","itemListElement":[{"@type":"ListItem","position":1,"name":"Accueil","item":"https:\/\/www.africa-press.net\/cotedivoire\/"},{"@type":"ListItem","position":2,"name":"Alexandre Coster (Baobab+) : \u00ab\u00a0Nous ciblons 10\u00a0millions d\u2019euros pour notre croissance en Afrique subsaharienne\u00a0\u00bb"}]},{"@type":"WebSite","@id":"https:\/\/www.africa-press.net\/cotedivoire\/#website","url":"https:\/\/www.africa-press.net\/cotedivoire\/","name":"C\u00f4te d&#039;Ivoire","description":"Just another Africa News Agency Sites site","potentialAction":[{"@type":"SearchAction","target":{"@type":"EntryPoint","urlTemplate":"https:\/\/www.africa-press.net\/cotedivoire\/?s={search_term_string}"},"query-input":{"@type":"PropertyValueSpecification","valueRequired":true,"valueName":"search_term_string"}}],"inLanguage":"fr-FR"},{"@type":"Person","@id":"https:\/\/www.africa-press.net\/cotedivoire\/#\/schema\/person\/2b1cf3cd81a31e3cd26889ca66d677f1","name":"cfeditorfr"}]}},"_links":{"self":[{"href":"https:\/\/www.africa-press.net\/cotedivoire\/wp-json\/wp\/v2\/posts\/8012","targetHints":{"allow":["GET"]}}],"collection":[{"href":"https:\/\/www.africa-press.net\/cotedivoire\/wp-json\/wp\/v2\/posts"}],"about":[{"href":"https:\/\/www.africa-press.net\/cotedivoire\/wp-json\/wp\/v2\/types\/post"}],"author":[{"embeddable":true,"href":"https:\/\/www.africa-press.net\/cotedivoire\/wp-json\/wp\/v2\/users\/82"}],"replies":[{"embeddable":true,"href":"https:\/\/www.africa-press.net\/cotedivoire\/wp-json\/wp\/v2\/comments?post=8012"}],"version-history":[{"count":0,"href":"https:\/\/www.africa-press.net\/cotedivoire\/wp-json\/wp\/v2\/posts\/8012\/revisions"}],"wp:featuredmedia":[{"embeddable":true,"href":"https:\/\/www.africa-press.net\/cotedivoire\/wp-json\/wp\/v2\/media\/8011"}],"wp:attachment":[{"href":"https:\/\/www.africa-press.net\/cotedivoire\/wp-json\/wp\/v2\/media?parent=8012"}],"wp:term":[{"taxonomy":"category","embeddable":true,"href":"https:\/\/www.africa-press.net\/cotedivoire\/wp-json\/wp\/v2\/categories?post=8012"},{"taxonomy":"post_tag","embeddable":true,"href":"https:\/\/www.africa-press.net\/cotedivoire\/wp-json\/wp\/v2\/tags?post=8012"}],"curies":[{"name":"wp","href":"https:\/\/api.w.org\/{rel}","templated":true}]}}