{"id":8016,"date":"2021-05-20T16:35:42","date_gmt":"2021-05-20T16:35:42","guid":{"rendered":"https:\/\/www.africa-press.net\/cotedivoire\/?p=8016"},"modified":"2021-05-20T17:17:09","modified_gmt":"2021-05-20T17:17:09","slug":"cote-divoire-proces-guillaume-soro-les-raisons-du-report","status":"publish","type":"post","link":"https:\/\/www.africa-press.net\/cotedivoire\/dossiers\/cote-divoire-proces-guillaume-soro-les-raisons-du-report","title":{"rendered":"Proc\u00e8s Guillaume Soro : les raisons du report"},"content":{"rendered":"<p><span style=\"color: #ff6600\"><strong><a href=\"https:\/\/www.africa-press.net\/\">Africa-Press<\/a> &#8211; <a href=\"https:\/\/www.africa-press.net\/cotedivoire\">C\u00f4te d&rsquo;Ivoire<\/a>. <\/strong><\/span>Le proc\u00e8s de Guillaume Soro et de dix-neuf de ses proches soup\u00e7onn\u00e9s d\u2019avoir tent\u00e9 de d\u00e9stabiliser les institutions de C\u00f4te d\u2019Ivoire s\u2019est ouvert mercredi \u00e0 Abidjan pour finalement \u00eatre renvoy\u00e9 au 26 mai. Un renvoi r\u00e9clam\u00e9 par les avocats de la d\u00e9fense, le temps pour eux d\u2019avoir acc\u00e8s \u00e0 certaines pi\u00e8ces du dossier.<\/p>\n<p>Des gardes d\u00e9bord\u00e9s et une porte qui a bien failli c\u00e9der sous la pression de la foule. Le proc\u00e8s de Guillaume Soro et de dix-neuf de ses proches ou membres de son mouvement politique, G\u00e9n\u00e9rations et peuples solidaires (GPS), soup\u00e7onn\u00e9s d\u2019 \u00ab atteinte \u00e0 la suret\u00e9 de l\u2019\u00c9tat \u00bb, de \u00ab complot \u00bb et de \u00ab diffusion de fausses informations \u00bb en 2019, s\u2019est ouvert hier dans la grande salle du Tribunal criminel d\u2019Abidjan. Un proc\u00e8s tr\u00e8s attendu finalement renvoy\u00e9 au 26 mai.<\/p>\n<p>Ce d\u00e9lai d\u2019une semaine doit permettre aux avocats de la d\u00e9fense d\u2019avoir acc\u00e8s \u00e0 certaines pi\u00e8ces du dossier, notamment \u00e0 l\u2019 enregistrement sonore de sept minutes d\u2019un \u00e9change entre Guillaume Soro et un interlocuteur. Dans cette conversation qui daterait de 2017, apr\u00e8s la deuxi\u00e8me mutinerie du mois de mai de cette ann\u00e9e-l\u00e0, l\u2019ancien pr\u00e9sident de l\u2019Assembl\u00e9e nationale dit s\u2019\u00eatre \u00ab positionn\u00e9 un peu partout \u00bb et avoir la \u00ab t\u00e9l\u00e9commande \u00bb pour passer \u00e0 l\u2019action. Cet enregistrement est la pi\u00e8ce ma\u00eetresse de l\u2019accusation pour appuyer la th\u00e8se d\u2019une tentative de d\u00e9stabilisation des institutions ivoiriennes.<\/p>\n<p><b>\u00ab Simulacre de proc\u00e8s \u00bb<\/b><\/p>\n<p>La d\u00e9fense r\u00e9clame aussi l\u2019acc\u00e8s aux scell\u00e9s des armes d\u00e9couvertes dans des locaux abidjanais de Soro ainsi qu\u2019 \u00e0 Assinie. \u00ab Nous ne savons rien de ces armes \u00bb, assure Me Diallo, membre du collectif des avocats. Il insiste : \u00ab en mati\u00e8re de proc\u00e9dure proc\u00e9durale, on ne fait pas n\u2019importe quoi, n\u2019importe comment. Il y a des r\u00e8gles qui gouvernent le proc\u00e8s p\u00e9nal, un proc\u00e8s qui doit pouvoir se tenir dans un esprit de clart\u00e9 et la transparence. Ainsi, il est indispensable que nous puissions examiner les pi\u00e8ces dont se pr\u00e9vaut le minist\u00e8re public \u00bb.<\/p>\n<p>La d\u00e9fense a \u00e9galement demand\u00e9 l\u2019application de l\u2019arr\u00eat rendu le 22 avril 2020 par la Cour africaine des droits de l\u2019homme et des peuples (CADHP) ordonnant que le mandat d\u2019arr\u00eat international \u00e9mis par la justice ivoirienne \u00e0 l\u2019encontre de Guillaume Soro soit suspendu et de \u00ab surseoir \u00e0 l\u2019ex\u00e9cution des mandats de d\u00e9p\u00f4t \u00bb contre ses proches, accus\u00e9s de complicit\u00e9 \u00e0 diff\u00e9rents degr\u00e9s. Une demande jug\u00e9e non-recevable par la justice ivoirienne. Le gouvernement ivoirien, qui ne souhaitait pas ex\u00e9cuter cet arr\u00eat, avait opt\u00e9 pour un retrait pur et simple du protocole.<\/p>\n<p>Guillaume Soro, exil\u00e9 en France depuis d\u00e9cembre 2009, est jug\u00e9 en son absence, comme six autres accus\u00e9s \u2013 l\u2019ancienne ministre Affoussiata Bamba Lamine, l\u2019ex-directeur de la communication de Soro, Moussa Tour\u00e9, son aide de camp, Abdoulaye Fofana, et l\u2019ancien d\u00e9put\u00e9 Issiaka Fofana-, eux-aussi en exil. Les d\u00e9fenseurs de l\u2019ancien pr\u00e9sident de l\u2019Assembl\u00e9e nationale ont fait savoir, par un courrier du 17 mai adress\u00e9 au pr\u00e9sident et aux juges du tribunal, qu\u2019ils ne \u00ab pr\u00eateront pas leur concours au simulacre de proc\u00e8s \u00bb. Dans le box des accus\u00e9s, ils ne sont donc que treize. Parmi eux, l\u2019ancien d\u00e9put\u00e9 Alain Lobognon, les deux fr\u00e8res de Guillaume Soro Simon et Rigobert Soro, et Souleymane Kamagat\u00e9, dit \u00ab Soul to Soul \u00bb.<\/p>\n","protected":false},"excerpt":{"rendered":"<p>Africa-Press &#8211; C\u00f4te d&rsquo;Ivoire. Le proc\u00e8s de Guillaume Soro et de dix-neuf de ses proches soup\u00e7onn\u00e9s d\u2019avoir tent\u00e9 de d\u00e9stabiliser les institutions de C\u00f4te d\u2019Ivoire s\u2019est ouvert mercredi \u00e0 Abidjan pour finalement \u00eatre renvoy\u00e9 au 26 mai. Un renvoi r\u00e9clam\u00e9 par les avocats de la d\u00e9fense, le temps pour eux d\u2019avoir acc\u00e8s \u00e0 certaines pi\u00e8ces [&hellip;]<\/p>\n","protected":false},"author":82,"featured_media":8015,"comment_status":"open","ping_status":"closed","sticky":false,"template":"","format":"standard","meta":{"footnotes":""},"categories":[7,11,20,10],"tags":[56,63,29],"class_list":["post-8016","post","type-post","status-publish","format-standard","has-post-thumbnail","hentry","category-dossiers","category-homepage-french","category-top-nouvelles","category-toutes-les-actualites","tag-africa-press","tag-africa-press-cote-divoire","tag-cote-divoire"],"yoast_head":"<!-- This site is optimized with the Yoast SEO Premium plugin v26.1 (Yoast SEO v27.0) - https:\/\/yoast.com\/product\/yoast-seo-premium-wordpress\/ -->\n<title>Proc\u00e8s Guillaume Soro : les raisons du report - C\u00f4te d&#039;Ivoire<\/title>\n<meta name=\"description\" content=\"Le proc\u00e8s de Guillaume Soro et de dix-neuf de ses proches soup\u00e7onn\u00e9s d\u2019avoir tent\u00e9 de d\u00e9stabiliser les institutions de C ...\" \/>\n<meta name=\"robots\" content=\"index, follow, max-snippet:-1, max-image-preview:large, max-video-preview:-1\" \/>\n<link rel=\"canonical\" href=\"https:\/\/www.africa-press.net\/cotedivoire\/dossiers\/cote-divoire-proces-guillaume-soro-les-raisons-du-report\" \/>\n<meta property=\"og:locale\" content=\"fr_FR\" \/>\n<meta property=\"og:type\" content=\"article\" \/>\n<meta property=\"og:title\" content=\"Proc\u00e8s Guillaume Soro : les raisons du report\" \/>\n<meta property=\"og:description\" content=\"Le proc\u00e8s de Guillaume Soro et de dix-neuf de ses proches soup\u00e7onn\u00e9s d\u2019avoir tent\u00e9 de d\u00e9stabiliser les institutions de C ...\" \/>\n<meta property=\"og:url\" content=\"https:\/\/www.africa-press.net\/cotedivoire\/dossiers\/cote-divoire-proces-guillaume-soro-les-raisons-du-report\" \/>\n<meta property=\"og:site_name\" content=\"C\u00f4te d&#039;Ivoire\" \/>\n<meta property=\"article:published_time\" content=\"2021-05-20T16:35:42+00:00\" \/>\n<meta property=\"article:modified_time\" content=\"2021-05-20T17:17:09+00:00\" \/>\n<meta property=\"og:image\" content=\"https:\/\/static.africa-press.net\/cote\/sites\/43\/2021\/05\/img-60a685bce5d1a.jpg\" \/>\n\t<meta property=\"og:image:width\" content=\"720\" \/>\n\t<meta property=\"og:image:height\" content=\"360\" \/>\n\t<meta property=\"og:image:type\" content=\"image\/jpeg\" \/>\n<meta name=\"author\" content=\"cfeditorfr\" \/>\n<meta name=\"twitter:card\" content=\"summary_large_image\" \/>\n<meta name=\"twitter:label1\" content=\"\u00c9crit par\" \/>\n\t<meta name=\"twitter:data1\" content=\"cfeditorfr\" \/>\n\t<meta name=\"twitter:label2\" content=\"Dur\u00e9e de lecture estim\u00e9e\" \/>\n\t<meta name=\"twitter:data2\" content=\"3 minutes\" \/>\n<script type=\"application\/ld+json\" class=\"yoast-schema-graph\">{\"@context\":\"https:\/\/schema.org\",\"@graph\":[{\"@type\":\"Article\",\"@id\":\"https:\/\/www.africa-press.net\/cotedivoire\/dossiers\/cote-divoire-proces-guillaume-soro-les-raisons-du-report#article\",\"isPartOf\":{\"@id\":\"https:\/\/www.africa-press.net\/cotedivoire\/dossiers\/cote-divoire-proces-guillaume-soro-les-raisons-du-report\"},\"author\":{\"name\":\"cfeditorfr\",\"@id\":\"https:\/\/www.africa-press.net\/cotedivoire\/#\/schema\/person\/2b1cf3cd81a31e3cd26889ca66d677f1\"},\"headline\":\"Proc\u00e8s Guillaume Soro : les raisons du report\",\"datePublished\":\"2021-05-20T16:35:42+00:00\",\"dateModified\":\"2021-05-20T17:17:09+00:00\",\"mainEntityOfPage\":{\"@id\":\"https:\/\/www.africa-press.net\/cotedivoire\/dossiers\/cote-divoire-proces-guillaume-soro-les-raisons-du-report\"},\"wordCount\":618,\"commentCount\":0,\"image\":{\"@id\":\"https:\/\/www.africa-press.net\/cotedivoire\/dossiers\/cote-divoire-proces-guillaume-soro-les-raisons-du-report#primaryimage\"},\"thumbnailUrl\":\"https:\/\/static.africa-press.net\/cote\/sites\/43\/2021\/05\/img-60a685bce5d1a.jpg\",\"keywords\":[\"Africa Press\",\"Africa Press-C\u00f4te d'Ivoire\",\"C\u00d4TE D'IVOIRE\"],\"articleSection\":[\"Dossiers\",\"homepage-french\",\"Top Nouvelles\",\"Toutes les actualit\u00e9s\"],\"inLanguage\":\"fr-FR\",\"potentialAction\":[{\"@type\":\"CommentAction\",\"name\":\"Comment\",\"target\":[\"https:\/\/www.africa-press.net\/cotedivoire\/dossiers\/cote-divoire-proces-guillaume-soro-les-raisons-du-report#respond\"]}]},{\"@type\":\"WebPage\",\"@id\":\"https:\/\/www.africa-press.net\/cotedivoire\/dossiers\/cote-divoire-proces-guillaume-soro-les-raisons-du-report\",\"url\":\"https:\/\/www.africa-press.net\/cotedivoire\/dossiers\/cote-divoire-proces-guillaume-soro-les-raisons-du-report\",\"name\":\"Proc\u00e8s Guillaume Soro : les raisons du report - C\u00f4te d&#039;Ivoire\",\"isPartOf\":{\"@id\":\"https:\/\/www.africa-press.net\/cotedivoire\/#website\"},\"primaryImageOfPage\":{\"@id\":\"https:\/\/www.africa-press.net\/cotedivoire\/dossiers\/cote-divoire-proces-guillaume-soro-les-raisons-du-report#primaryimage\"},\"image\":{\"@id\":\"https:\/\/www.africa-press.net\/cotedivoire\/dossiers\/cote-divoire-proces-guillaume-soro-les-raisons-du-report#primaryimage\"},\"thumbnailUrl\":\"https:\/\/static.africa-press.net\/cote\/sites\/43\/2021\/05\/img-60a685bce5d1a.jpg\",\"datePublished\":\"2021-05-20T16:35:42+00:00\",\"dateModified\":\"2021-05-20T17:17:09+00:00\",\"author\":{\"@id\":\"https:\/\/www.africa-press.net\/cotedivoire\/#\/schema\/person\/2b1cf3cd81a31e3cd26889ca66d677f1\"},\"description\":\"Le proc\u00e8s de Guillaume Soro et de dix-neuf de ses proches soup\u00e7onn\u00e9s d\u2019avoir tent\u00e9 de d\u00e9stabiliser les institutions de C ...\",\"breadcrumb\":{\"@id\":\"https:\/\/www.africa-press.net\/cotedivoire\/dossiers\/cote-divoire-proces-guillaume-soro-les-raisons-du-report#breadcrumb\"},\"inLanguage\":\"fr-FR\",\"potentialAction\":[{\"@type\":\"ReadAction\",\"target\":[\"https:\/\/www.africa-press.net\/cotedivoire\/dossiers\/cote-divoire-proces-guillaume-soro-les-raisons-du-report\"]}]},{\"@type\":\"ImageObject\",\"inLanguage\":\"fr-FR\",\"@id\":\"https:\/\/www.africa-press.net\/cotedivoire\/dossiers\/cote-divoire-proces-guillaume-soro-les-raisons-du-report#primaryimage\",\"url\":\"https:\/\/static.africa-press.net\/cote\/sites\/43\/2021\/05\/img-60a685bce5d1a.jpg\",\"contentUrl\":\"https:\/\/static.africa-press.net\/cote\/sites\/43\/2021\/05\/img-60a685bce5d1a.jpg\",\"width\":720,\"height\":360,\"caption\":\"C\u00f4te d\u2019Ivoire \u2013 Proc\u00e8s Guillaume Soro : les raisons du report\"},{\"@type\":\"BreadcrumbList\",\"@id\":\"https:\/\/www.africa-press.net\/cotedivoire\/dossiers\/cote-divoire-proces-guillaume-soro-les-raisons-du-report#breadcrumb\",\"itemListElement\":[{\"@type\":\"ListItem\",\"position\":1,\"name\":\"Accueil\",\"item\":\"https:\/\/www.africa-press.net\/cotedivoire\/\"},{\"@type\":\"ListItem\",\"position\":2,\"name\":\"Proc\u00e8s Guillaume Soro : les raisons du report\"}]},{\"@type\":\"WebSite\",\"@id\":\"https:\/\/www.africa-press.net\/cotedivoire\/#website\",\"url\":\"https:\/\/www.africa-press.net\/cotedivoire\/\",\"name\":\"C\u00f4te d&#039;Ivoire\",\"description\":\"Just another Africa News Agency Sites site\",\"potentialAction\":[{\"@type\":\"SearchAction\",\"target\":{\"@type\":\"EntryPoint\",\"urlTemplate\":\"https:\/\/www.africa-press.net\/cotedivoire\/?s={search_term_string}\"},\"query-input\":{\"@type\":\"PropertyValueSpecification\",\"valueRequired\":true,\"valueName\":\"search_term_string\"}}],\"inLanguage\":\"fr-FR\"},{\"@type\":\"Person\",\"@id\":\"https:\/\/www.africa-press.net\/cotedivoire\/#\/schema\/person\/2b1cf3cd81a31e3cd26889ca66d677f1\",\"name\":\"cfeditorfr\"}]}<\/script>\n<!-- \/ Yoast SEO Premium plugin. -->","yoast_head_json":{"title":"Proc\u00e8s Guillaume Soro : les raisons du report - C\u00f4te d&#039;Ivoire","description":"Le proc\u00e8s de Guillaume Soro et de dix-neuf de ses proches soup\u00e7onn\u00e9s d\u2019avoir tent\u00e9 de d\u00e9stabiliser les institutions de C ...","robots":{"index":"index","follow":"follow","max-snippet":"max-snippet:-1","max-image-preview":"max-image-preview:large","max-video-preview":"max-video-preview:-1"},"canonical":"https:\/\/www.africa-press.net\/cotedivoire\/dossiers\/cote-divoire-proces-guillaume-soro-les-raisons-du-report","og_locale":"fr_FR","og_type":"article","og_title":"Proc\u00e8s Guillaume Soro : les raisons du report","og_description":"Le proc\u00e8s de Guillaume Soro et de dix-neuf de ses proches soup\u00e7onn\u00e9s d\u2019avoir tent\u00e9 de d\u00e9stabiliser les institutions de C ...","og_url":"https:\/\/www.africa-press.net\/cotedivoire\/dossiers\/cote-divoire-proces-guillaume-soro-les-raisons-du-report","og_site_name":"C\u00f4te d&#039;Ivoire","article_published_time":"2021-05-20T16:35:42+00:00","article_modified_time":"2021-05-20T17:17:09+00:00","og_image":[{"width":720,"height":360,"url":"https:\/\/static.africa-press.net\/cote\/sites\/43\/2021\/05\/img-60a685bce5d1a.jpg","type":"image\/jpeg"}],"author":"cfeditorfr","twitter_card":"summary_large_image","twitter_misc":{"\u00c9crit par":"cfeditorfr","Dur\u00e9e de lecture estim\u00e9e":"3 minutes"},"schema":{"@context":"https:\/\/schema.org","@graph":[{"@type":"Article","@id":"https:\/\/www.africa-press.net\/cotedivoire\/dossiers\/cote-divoire-proces-guillaume-soro-les-raisons-du-report#article","isPartOf":{"@id":"https:\/\/www.africa-press.net\/cotedivoire\/dossiers\/cote-divoire-proces-guillaume-soro-les-raisons-du-report"},"author":{"name":"cfeditorfr","@id":"https:\/\/www.africa-press.net\/cotedivoire\/#\/schema\/person\/2b1cf3cd81a31e3cd26889ca66d677f1"},"headline":"Proc\u00e8s Guillaume Soro : les raisons du report","datePublished":"2021-05-20T16:35:42+00:00","dateModified":"2021-05-20T17:17:09+00:00","mainEntityOfPage":{"@id":"https:\/\/www.africa-press.net\/cotedivoire\/dossiers\/cote-divoire-proces-guillaume-soro-les-raisons-du-report"},"wordCount":618,"commentCount":0,"image":{"@id":"https:\/\/www.africa-press.net\/cotedivoire\/dossiers\/cote-divoire-proces-guillaume-soro-les-raisons-du-report#primaryimage"},"thumbnailUrl":"https:\/\/static.africa-press.net\/cote\/sites\/43\/2021\/05\/img-60a685bce5d1a.jpg","keywords":["Africa Press","Africa Press-C\u00f4te d'Ivoire","C\u00d4TE D'IVOIRE"],"articleSection":["Dossiers","homepage-french","Top Nouvelles","Toutes les actualit\u00e9s"],"inLanguage":"fr-FR","potentialAction":[{"@type":"CommentAction","name":"Comment","target":["https:\/\/www.africa-press.net\/cotedivoire\/dossiers\/cote-divoire-proces-guillaume-soro-les-raisons-du-report#respond"]}]},{"@type":"WebPage","@id":"https:\/\/www.africa-press.net\/cotedivoire\/dossiers\/cote-divoire-proces-guillaume-soro-les-raisons-du-report","url":"https:\/\/www.africa-press.net\/cotedivoire\/dossiers\/cote-divoire-proces-guillaume-soro-les-raisons-du-report","name":"Proc\u00e8s Guillaume Soro : les raisons du report - C\u00f4te d&#039;Ivoire","isPartOf":{"@id":"https:\/\/www.africa-press.net\/cotedivoire\/#website"},"primaryImageOfPage":{"@id":"https:\/\/www.africa-press.net\/cotedivoire\/dossiers\/cote-divoire-proces-guillaume-soro-les-raisons-du-report#primaryimage"},"image":{"@id":"https:\/\/www.africa-press.net\/cotedivoire\/dossiers\/cote-divoire-proces-guillaume-soro-les-raisons-du-report#primaryimage"},"thumbnailUrl":"https:\/\/static.africa-press.net\/cote\/sites\/43\/2021\/05\/img-60a685bce5d1a.jpg","datePublished":"2021-05-20T16:35:42+00:00","dateModified":"2021-05-20T17:17:09+00:00","author":{"@id":"https:\/\/www.africa-press.net\/cotedivoire\/#\/schema\/person\/2b1cf3cd81a31e3cd26889ca66d677f1"},"description":"Le proc\u00e8s de Guillaume Soro et de dix-neuf de ses proches soup\u00e7onn\u00e9s d\u2019avoir tent\u00e9 de d\u00e9stabiliser les institutions de C ...","breadcrumb":{"@id":"https:\/\/www.africa-press.net\/cotedivoire\/dossiers\/cote-divoire-proces-guillaume-soro-les-raisons-du-report#breadcrumb"},"inLanguage":"fr-FR","potentialAction":[{"@type":"ReadAction","target":["https:\/\/www.africa-press.net\/cotedivoire\/dossiers\/cote-divoire-proces-guillaume-soro-les-raisons-du-report"]}]},{"@type":"ImageObject","inLanguage":"fr-FR","@id":"https:\/\/www.africa-press.net\/cotedivoire\/dossiers\/cote-divoire-proces-guillaume-soro-les-raisons-du-report#primaryimage","url":"https:\/\/static.africa-press.net\/cote\/sites\/43\/2021\/05\/img-60a685bce5d1a.jpg","contentUrl":"https:\/\/static.africa-press.net\/cote\/sites\/43\/2021\/05\/img-60a685bce5d1a.jpg","width":720,"height":360,"caption":"C\u00f4te d\u2019Ivoire \u2013 Proc\u00e8s Guillaume Soro : les raisons du report"},{"@type":"BreadcrumbList","@id":"https:\/\/www.africa-press.net\/cotedivoire\/dossiers\/cote-divoire-proces-guillaume-soro-les-raisons-du-report#breadcrumb","itemListElement":[{"@type":"ListItem","position":1,"name":"Accueil","item":"https:\/\/www.africa-press.net\/cotedivoire\/"},{"@type":"ListItem","position":2,"name":"Proc\u00e8s Guillaume Soro : les raisons du report"}]},{"@type":"WebSite","@id":"https:\/\/www.africa-press.net\/cotedivoire\/#website","url":"https:\/\/www.africa-press.net\/cotedivoire\/","name":"C\u00f4te d&#039;Ivoire","description":"Just another Africa News Agency Sites site","potentialAction":[{"@type":"SearchAction","target":{"@type":"EntryPoint","urlTemplate":"https:\/\/www.africa-press.net\/cotedivoire\/?s={search_term_string}"},"query-input":{"@type":"PropertyValueSpecification","valueRequired":true,"valueName":"search_term_string"}}],"inLanguage":"fr-FR"},{"@type":"Person","@id":"https:\/\/www.africa-press.net\/cotedivoire\/#\/schema\/person\/2b1cf3cd81a31e3cd26889ca66d677f1","name":"cfeditorfr"}]}},"_links":{"self":[{"href":"https:\/\/www.africa-press.net\/cotedivoire\/wp-json\/wp\/v2\/posts\/8016","targetHints":{"allow":["GET"]}}],"collection":[{"href":"https:\/\/www.africa-press.net\/cotedivoire\/wp-json\/wp\/v2\/posts"}],"about":[{"href":"https:\/\/www.africa-press.net\/cotedivoire\/wp-json\/wp\/v2\/types\/post"}],"author":[{"embeddable":true,"href":"https:\/\/www.africa-press.net\/cotedivoire\/wp-json\/wp\/v2\/users\/82"}],"replies":[{"embeddable":true,"href":"https:\/\/www.africa-press.net\/cotedivoire\/wp-json\/wp\/v2\/comments?post=8016"}],"version-history":[{"count":0,"href":"https:\/\/www.africa-press.net\/cotedivoire\/wp-json\/wp\/v2\/posts\/8016\/revisions"}],"wp:featuredmedia":[{"embeddable":true,"href":"https:\/\/www.africa-press.net\/cotedivoire\/wp-json\/wp\/v2\/media\/8015"}],"wp:attachment":[{"href":"https:\/\/www.africa-press.net\/cotedivoire\/wp-json\/wp\/v2\/media?parent=8016"}],"wp:term":[{"taxonomy":"category","embeddable":true,"href":"https:\/\/www.africa-press.net\/cotedivoire\/wp-json\/wp\/v2\/categories?post=8016"},{"taxonomy":"post_tag","embeddable":true,"href":"https:\/\/www.africa-press.net\/cotedivoire\/wp-json\/wp\/v2\/tags?post=8016"}],"curies":[{"name":"wp","href":"https:\/\/api.w.org\/{rel}","templated":true}]}}