{"id":8055,"date":"2021-05-21T16:49:33","date_gmt":"2021-05-21T16:49:33","guid":{"rendered":"https:\/\/www.africa-press.net\/cotedivoire\/?p=8055"},"modified":"2021-05-21T17:15:14","modified_gmt":"2021-05-21T17:15:14","slug":"cote-divoire-un-mort-a-cause-dune-fausse-information-sur-les-reseaux-sociaux","status":"publish","type":"post","link":"https:\/\/www.africa-press.net\/cotedivoire\/politique\/cote-divoire-un-mort-a-cause-dune-fausse-information-sur-les-reseaux-sociaux","title":{"rendered":"un mort \u00e0 cause d&rsquo;une fausse information sur les r\u00e9seaux sociaux"},"content":{"rendered":"<p><span style=\"color: #ff6600\"><strong><a href=\"https:\/\/www.africa-press.net\/\">Africa-Press<\/a> &#8211; <a href=\"https:\/\/www.africa-press.net\/cotedivoire\">C\u00f4te d&rsquo;Ivoire<\/a>. <\/strong><\/span><b>Une personne a \u00e9t\u00e9 tu\u00e9e et plusieurs autres bless\u00e9es dans des violences x\u00e9nophobes visant la communaut\u00e9 nig\u00e9rienne qui ont \u00e9clat\u00e9 dans plusieurs quartiers d&rsquo;Abidjan, apr\u00e8s la diffusion d&rsquo;une vid\u00e9o sur les r\u00e9seaux sociaux, une \u00ab\u00a0fake news\u00a0\u00bb, selon les autorit\u00e9s ivoiriennes.<\/b><\/p>\n<p>Une vid\u00e9o diffus\u00e9e faisant croire \u00e0 l&rsquo;agression d&rsquo;Ivoiriens par des Nig\u00e9riens a provoqu\u00e9 des violences dans les communes populaires d&rsquo;Abobo et Yopougon, ainsi qu&rsquo;\u00e0 Anyama, Angr\u00e9 et Adjam\u00e9. Il s\u2019agissait en r\u00e9alit\u00e9 d\u2019une vid\u00e9o qui date de 2019 montrant des hommes du groupe jihadiste nig\u00e9rian Boko Haram interpell\u00e9s brutalement par l&rsquo;arm\u00e9e nig\u00e9riane, a indiqu\u00e9 jeudi soir le gouvernement ivoirien.<\/p>\n<p>Alerte FAKE NEWS .L\u2019origine et la date de la vid\u00e9o connues . Il s\u2019agit d\u2019une vid\u00e9o qui date de 2019 au Nig\u00e9ria . Il s\u2019agit d\u2019\u00e9l\u00e9ments de la secte Boko Haram interpell\u00e9s par les militaires de l\u2019OPERATION SAFE HEAVEN et la population au nord du Nigeria . pic.twitter.com\/XaPmrIhFa2\u2014 Police Secours (@PSecours225) May 19, 2021<\/p>\n<p>Le \u00ab\u00a0bilan provisoire\u00a0\u00bb de ces violences fait \u00e9tat d'\u00a0\u00bbun mort et plusieurs bless\u00e9s graves\u00a0\u00bb, ainsi que \u00ab\u00a0des commerces pill\u00e9s et incendi\u00e9s\u00a0\u00bb, a d\u00e9clar\u00e9 le procureur d&rsquo;Abidjan Richard Adou dans un communiqu\u00e9.<\/p>\n<p>\u00ab\u00a0Une vingtaine de personnes ont \u00e9t\u00e9 interpell\u00e9es\u00a0\u00bb et \u00ab\u00a0des enqu\u00eates sont en cours\u00a0\u00bb pour retrouver les auteurs des violences et celles \u00e0 l&rsquo;origine de la diffusion de la fausse vid\u00e9o, a pr\u00e9cis\u00e9 le procureur.<\/p>\n<p>&nbsp;<\/p>\n<p>Promettant d&rsquo;\u00eatre \u00ab\u00a0intransigeant avec tous les fauteurs de troubles qui mettent \u00e0 mal la coh\u00e9sion sociale\u00a0\u00bb, le ministre ivoirien de la S\u00e9curit\u00e9 Vagondo Diomand\u00e9 a lanc\u00e9 un appel au calme dans une intervention \u00e0 la t\u00e9l\u00e9vision publique.<\/p>\n<p>\u00ab\u00a0Nous sommes dans un pays qui accueille tout le monde, notamment nos fr\u00e8res de la sous-r\u00e9gion (&#8230;) Il faut que ces agissements cessent\u00a0\u00bb, a-t-il d\u00e9clar\u00e9. Le Niger, voisin de la C\u00f4te d&rsquo;Ivoire, a r\u00e9agi avec mod\u00e9ration, saluant la r\u00e9action prompte des autorit\u00e9s ivoiriennes.<\/p>\n<p>Le ministre nig\u00e9rien des Affaires \u00e9trang\u00e8res Hassoumi Massoudou a d\u00e9plor\u00e9 des \u00ab\u00a0\u00e9v\u00e9nements malheureux en C\u00f4te d&rsquo;Ivoire\u00a0\u00bb et exprim\u00e9 sa \u00ab\u00a0compassion vis-\u00e0-vis des compatriotes victimes d&rsquo;un malentendu\u00a0\u00bb.<\/p>\n<p>&nbsp;<\/p>\n","protected":false},"excerpt":{"rendered":"<p>Africa-Press &#8211; C\u00f4te d&rsquo;Ivoire. Une personne a \u00e9t\u00e9 tu\u00e9e et plusieurs autres bless\u00e9es dans des violences x\u00e9nophobes visant la communaut\u00e9 nig\u00e9rienne qui ont \u00e9clat\u00e9 dans plusieurs quartiers d&rsquo;Abidjan, apr\u00e8s la diffusion d&rsquo;une vid\u00e9o sur les r\u00e9seaux sociaux, une \u00ab\u00a0fake news\u00a0\u00bb, selon les autorit\u00e9s ivoiriennes. Une vid\u00e9o diffus\u00e9e faisant croire \u00e0 l&rsquo;agression d&rsquo;Ivoiriens par des Nig\u00e9riens [&hellip;]<\/p>\n","protected":false},"author":82,"featured_media":8054,"comment_status":"open","ping_status":"closed","sticky":false,"template":"","format":"standard","meta":{"footnotes":""},"categories":[11,2,20,10],"tags":[56,63,29],"class_list":["post-8055","post","type-post","status-publish","format-standard","has-post-thumbnail","hentry","category-homepage-french","category-politique","category-top-nouvelles","category-toutes-les-actualites","tag-africa-press","tag-africa-press-cote-divoire","tag-cote-divoire"],"yoast_head":"<!-- This site is optimized with the Yoast SEO Premium plugin v26.1 (Yoast SEO v27.0) - https:\/\/yoast.com\/product\/yoast-seo-premium-wordpress\/ -->\n<title>un mort \u00e0 cause d&#039;une fausse information sur les r\u00e9seaux sociaux - C\u00f4te d&#039;Ivoire<\/title>\n<meta name=\"description\" content=\"Une personne a \u00e9t\u00e9 tu\u00e9e et plusieurs autres bless\u00e9es dans des violences x\u00e9nophobes visant la communaut\u00e9 nig\u00e9rienne qu ...\" \/>\n<meta name=\"robots\" content=\"index, follow, max-snippet:-1, max-image-preview:large, max-video-preview:-1\" \/>\n<link rel=\"canonical\" href=\"https:\/\/www.africa-press.net\/cotedivoire\/politique\/cote-divoire-un-mort-a-cause-dune-fausse-information-sur-les-reseaux-sociaux\" \/>\n<meta property=\"og:locale\" content=\"fr_FR\" \/>\n<meta property=\"og:type\" content=\"article\" \/>\n<meta property=\"og:title\" content=\"un mort \u00e0 cause d&#039;une fausse information sur les r\u00e9seaux sociaux\" \/>\n<meta property=\"og:description\" content=\"Une personne a \u00e9t\u00e9 tu\u00e9e et plusieurs autres bless\u00e9es dans des violences x\u00e9nophobes visant la communaut\u00e9 nig\u00e9rienne qu ...\" \/>\n<meta property=\"og:url\" content=\"https:\/\/www.africa-press.net\/cotedivoire\/politique\/cote-divoire-un-mort-a-cause-dune-fausse-information-sur-les-reseaux-sociaux\" \/>\n<meta property=\"og:site_name\" content=\"C\u00f4te d&#039;Ivoire\" \/>\n<meta property=\"article:published_time\" content=\"2021-05-21T16:49:33+00:00\" \/>\n<meta property=\"article:modified_time\" content=\"2021-05-21T17:15:14+00:00\" \/>\n<meta property=\"og:image\" content=\"https:\/\/static.africa-press.net\/cote\/sites\/43\/2021\/05\/img-60a7e41360016.jpg\" \/>\n\t<meta property=\"og:image:width\" content=\"770\" \/>\n\t<meta property=\"og:image:height\" content=\"471\" \/>\n\t<meta property=\"og:image:type\" content=\"image\/jpeg\" \/>\n<meta name=\"author\" content=\"cfeditorfr\" \/>\n<meta name=\"twitter:card\" content=\"summary_large_image\" \/>\n<meta name=\"twitter:label1\" content=\"\u00c9crit par\" \/>\n\t<meta name=\"twitter:data1\" content=\"cfeditorfr\" \/>\n\t<meta name=\"twitter:label2\" content=\"Dur\u00e9e de lecture estim\u00e9e\" \/>\n\t<meta name=\"twitter:data2\" content=\"2 minutes\" \/>\n<script type=\"application\/ld+json\" class=\"yoast-schema-graph\">{\"@context\":\"https:\/\/schema.org\",\"@graph\":[{\"@type\":\"Article\",\"@id\":\"https:\/\/www.africa-press.net\/cotedivoire\/politique\/cote-divoire-un-mort-a-cause-dune-fausse-information-sur-les-reseaux-sociaux#article\",\"isPartOf\":{\"@id\":\"https:\/\/www.africa-press.net\/cotedivoire\/politique\/cote-divoire-un-mort-a-cause-dune-fausse-information-sur-les-reseaux-sociaux\"},\"author\":{\"name\":\"cfeditorfr\",\"@id\":\"https:\/\/www.africa-press.net\/cotedivoire\/#\/schema\/person\/2b1cf3cd81a31e3cd26889ca66d677f1\"},\"headline\":\"un mort \u00e0 cause d&rsquo;une fausse information sur les r\u00e9seaux sociaux\",\"datePublished\":\"2021-05-21T16:49:33+00:00\",\"dateModified\":\"2021-05-21T17:15:14+00:00\",\"mainEntityOfPage\":{\"@id\":\"https:\/\/www.africa-press.net\/cotedivoire\/politique\/cote-divoire-un-mort-a-cause-dune-fausse-information-sur-les-reseaux-sociaux\"},\"wordCount\":404,\"commentCount\":0,\"image\":{\"@id\":\"https:\/\/www.africa-press.net\/cotedivoire\/politique\/cote-divoire-un-mort-a-cause-dune-fausse-information-sur-les-reseaux-sociaux#primaryimage\"},\"thumbnailUrl\":\"https:\/\/static.africa-press.net\/cote\/sites\/43\/2021\/05\/img-60a7e41360016.jpg\",\"keywords\":[\"Africa Press\",\"Africa Press-C\u00f4te d'Ivoire\",\"C\u00d4TE D'IVOIRE\"],\"articleSection\":[\"homepage-french\",\"Politique\",\"Top Nouvelles\",\"Toutes les actualit\u00e9s\"],\"inLanguage\":\"fr-FR\",\"potentialAction\":[{\"@type\":\"CommentAction\",\"name\":\"Comment\",\"target\":[\"https:\/\/www.africa-press.net\/cotedivoire\/politique\/cote-divoire-un-mort-a-cause-dune-fausse-information-sur-les-reseaux-sociaux#respond\"]}]},{\"@type\":\"WebPage\",\"@id\":\"https:\/\/www.africa-press.net\/cotedivoire\/politique\/cote-divoire-un-mort-a-cause-dune-fausse-information-sur-les-reseaux-sociaux\",\"url\":\"https:\/\/www.africa-press.net\/cotedivoire\/politique\/cote-divoire-un-mort-a-cause-dune-fausse-information-sur-les-reseaux-sociaux\",\"name\":\"un mort \u00e0 cause d'une fausse information sur les r\u00e9seaux sociaux - C\u00f4te d&#039;Ivoire\",\"isPartOf\":{\"@id\":\"https:\/\/www.africa-press.net\/cotedivoire\/#website\"},\"primaryImageOfPage\":{\"@id\":\"https:\/\/www.africa-press.net\/cotedivoire\/politique\/cote-divoire-un-mort-a-cause-dune-fausse-information-sur-les-reseaux-sociaux#primaryimage\"},\"image\":{\"@id\":\"https:\/\/www.africa-press.net\/cotedivoire\/politique\/cote-divoire-un-mort-a-cause-dune-fausse-information-sur-les-reseaux-sociaux#primaryimage\"},\"thumbnailUrl\":\"https:\/\/static.africa-press.net\/cote\/sites\/43\/2021\/05\/img-60a7e41360016.jpg\",\"datePublished\":\"2021-05-21T16:49:33+00:00\",\"dateModified\":\"2021-05-21T17:15:14+00:00\",\"author\":{\"@id\":\"https:\/\/www.africa-press.net\/cotedivoire\/#\/schema\/person\/2b1cf3cd81a31e3cd26889ca66d677f1\"},\"description\":\"Une personne a \u00e9t\u00e9 tu\u00e9e et plusieurs autres bless\u00e9es dans des violences x\u00e9nophobes visant la communaut\u00e9 nig\u00e9rienne qu ...\",\"breadcrumb\":{\"@id\":\"https:\/\/www.africa-press.net\/cotedivoire\/politique\/cote-divoire-un-mort-a-cause-dune-fausse-information-sur-les-reseaux-sociaux#breadcrumb\"},\"inLanguage\":\"fr-FR\",\"potentialAction\":[{\"@type\":\"ReadAction\",\"target\":[\"https:\/\/www.africa-press.net\/cotedivoire\/politique\/cote-divoire-un-mort-a-cause-dune-fausse-information-sur-les-reseaux-sociaux\"]}]},{\"@type\":\"ImageObject\",\"inLanguage\":\"fr-FR\",\"@id\":\"https:\/\/www.africa-press.net\/cotedivoire\/politique\/cote-divoire-un-mort-a-cause-dune-fausse-information-sur-les-reseaux-sociaux#primaryimage\",\"url\":\"https:\/\/static.africa-press.net\/cote\/sites\/43\/2021\/05\/img-60a7e41360016.jpg\",\"contentUrl\":\"https:\/\/static.africa-press.net\/cote\/sites\/43\/2021\/05\/img-60a7e41360016.jpg\",\"width\":770,\"height\":471,\"caption\":\"C\u00f4te d'Ivoire : un mort \u00e0 cause d'une fausse information sur les r\u00e9seaux sociaux\"},{\"@type\":\"BreadcrumbList\",\"@id\":\"https:\/\/www.africa-press.net\/cotedivoire\/politique\/cote-divoire-un-mort-a-cause-dune-fausse-information-sur-les-reseaux-sociaux#breadcrumb\",\"itemListElement\":[{\"@type\":\"ListItem\",\"position\":1,\"name\":\"Accueil\",\"item\":\"https:\/\/www.africa-press.net\/cotedivoire\/\"},{\"@type\":\"ListItem\",\"position\":2,\"name\":\"un mort \u00e0 cause d&#8217;une fausse information sur les r\u00e9seaux sociaux\"}]},{\"@type\":\"WebSite\",\"@id\":\"https:\/\/www.africa-press.net\/cotedivoire\/#website\",\"url\":\"https:\/\/www.africa-press.net\/cotedivoire\/\",\"name\":\"C\u00f4te d&#039;Ivoire\",\"description\":\"Just another Africa News Agency Sites site\",\"potentialAction\":[{\"@type\":\"SearchAction\",\"target\":{\"@type\":\"EntryPoint\",\"urlTemplate\":\"https:\/\/www.africa-press.net\/cotedivoire\/?s={search_term_string}\"},\"query-input\":{\"@type\":\"PropertyValueSpecification\",\"valueRequired\":true,\"valueName\":\"search_term_string\"}}],\"inLanguage\":\"fr-FR\"},{\"@type\":\"Person\",\"@id\":\"https:\/\/www.africa-press.net\/cotedivoire\/#\/schema\/person\/2b1cf3cd81a31e3cd26889ca66d677f1\",\"name\":\"cfeditorfr\"}]}<\/script>\n<!-- \/ Yoast SEO Premium plugin. -->","yoast_head_json":{"title":"un mort \u00e0 cause d'une fausse information sur les r\u00e9seaux sociaux - C\u00f4te d&#039;Ivoire","description":"Une personne a \u00e9t\u00e9 tu\u00e9e et plusieurs autres bless\u00e9es dans des violences x\u00e9nophobes visant la communaut\u00e9 nig\u00e9rienne qu ...","robots":{"index":"index","follow":"follow","max-snippet":"max-snippet:-1","max-image-preview":"max-image-preview:large","max-video-preview":"max-video-preview:-1"},"canonical":"https:\/\/www.africa-press.net\/cotedivoire\/politique\/cote-divoire-un-mort-a-cause-dune-fausse-information-sur-les-reseaux-sociaux","og_locale":"fr_FR","og_type":"article","og_title":"un mort \u00e0 cause d'une fausse information sur les r\u00e9seaux sociaux","og_description":"Une personne a \u00e9t\u00e9 tu\u00e9e et plusieurs autres bless\u00e9es dans des violences x\u00e9nophobes visant la communaut\u00e9 nig\u00e9rienne qu ...","og_url":"https:\/\/www.africa-press.net\/cotedivoire\/politique\/cote-divoire-un-mort-a-cause-dune-fausse-information-sur-les-reseaux-sociaux","og_site_name":"C\u00f4te d&#039;Ivoire","article_published_time":"2021-05-21T16:49:33+00:00","article_modified_time":"2021-05-21T17:15:14+00:00","og_image":[{"width":770,"height":471,"url":"https:\/\/static.africa-press.net\/cote\/sites\/43\/2021\/05\/img-60a7e41360016.jpg","type":"image\/jpeg"}],"author":"cfeditorfr","twitter_card":"summary_large_image","twitter_misc":{"\u00c9crit par":"cfeditorfr","Dur\u00e9e de lecture estim\u00e9e":"2 minutes"},"schema":{"@context":"https:\/\/schema.org","@graph":[{"@type":"Article","@id":"https:\/\/www.africa-press.net\/cotedivoire\/politique\/cote-divoire-un-mort-a-cause-dune-fausse-information-sur-les-reseaux-sociaux#article","isPartOf":{"@id":"https:\/\/www.africa-press.net\/cotedivoire\/politique\/cote-divoire-un-mort-a-cause-dune-fausse-information-sur-les-reseaux-sociaux"},"author":{"name":"cfeditorfr","@id":"https:\/\/www.africa-press.net\/cotedivoire\/#\/schema\/person\/2b1cf3cd81a31e3cd26889ca66d677f1"},"headline":"un mort \u00e0 cause d&rsquo;une fausse information sur les r\u00e9seaux sociaux","datePublished":"2021-05-21T16:49:33+00:00","dateModified":"2021-05-21T17:15:14+00:00","mainEntityOfPage":{"@id":"https:\/\/www.africa-press.net\/cotedivoire\/politique\/cote-divoire-un-mort-a-cause-dune-fausse-information-sur-les-reseaux-sociaux"},"wordCount":404,"commentCount":0,"image":{"@id":"https:\/\/www.africa-press.net\/cotedivoire\/politique\/cote-divoire-un-mort-a-cause-dune-fausse-information-sur-les-reseaux-sociaux#primaryimage"},"thumbnailUrl":"https:\/\/static.africa-press.net\/cote\/sites\/43\/2021\/05\/img-60a7e41360016.jpg","keywords":["Africa Press","Africa Press-C\u00f4te d'Ivoire","C\u00d4TE D'IVOIRE"],"articleSection":["homepage-french","Politique","Top Nouvelles","Toutes les actualit\u00e9s"],"inLanguage":"fr-FR","potentialAction":[{"@type":"CommentAction","name":"Comment","target":["https:\/\/www.africa-press.net\/cotedivoire\/politique\/cote-divoire-un-mort-a-cause-dune-fausse-information-sur-les-reseaux-sociaux#respond"]}]},{"@type":"WebPage","@id":"https:\/\/www.africa-press.net\/cotedivoire\/politique\/cote-divoire-un-mort-a-cause-dune-fausse-information-sur-les-reseaux-sociaux","url":"https:\/\/www.africa-press.net\/cotedivoire\/politique\/cote-divoire-un-mort-a-cause-dune-fausse-information-sur-les-reseaux-sociaux","name":"un mort \u00e0 cause d'une fausse information sur les r\u00e9seaux sociaux - C\u00f4te d&#039;Ivoire","isPartOf":{"@id":"https:\/\/www.africa-press.net\/cotedivoire\/#website"},"primaryImageOfPage":{"@id":"https:\/\/www.africa-press.net\/cotedivoire\/politique\/cote-divoire-un-mort-a-cause-dune-fausse-information-sur-les-reseaux-sociaux#primaryimage"},"image":{"@id":"https:\/\/www.africa-press.net\/cotedivoire\/politique\/cote-divoire-un-mort-a-cause-dune-fausse-information-sur-les-reseaux-sociaux#primaryimage"},"thumbnailUrl":"https:\/\/static.africa-press.net\/cote\/sites\/43\/2021\/05\/img-60a7e41360016.jpg","datePublished":"2021-05-21T16:49:33+00:00","dateModified":"2021-05-21T17:15:14+00:00","author":{"@id":"https:\/\/www.africa-press.net\/cotedivoire\/#\/schema\/person\/2b1cf3cd81a31e3cd26889ca66d677f1"},"description":"Une personne a \u00e9t\u00e9 tu\u00e9e et plusieurs autres bless\u00e9es dans des violences x\u00e9nophobes visant la communaut\u00e9 nig\u00e9rienne qu ...","breadcrumb":{"@id":"https:\/\/www.africa-press.net\/cotedivoire\/politique\/cote-divoire-un-mort-a-cause-dune-fausse-information-sur-les-reseaux-sociaux#breadcrumb"},"inLanguage":"fr-FR","potentialAction":[{"@type":"ReadAction","target":["https:\/\/www.africa-press.net\/cotedivoire\/politique\/cote-divoire-un-mort-a-cause-dune-fausse-information-sur-les-reseaux-sociaux"]}]},{"@type":"ImageObject","inLanguage":"fr-FR","@id":"https:\/\/www.africa-press.net\/cotedivoire\/politique\/cote-divoire-un-mort-a-cause-dune-fausse-information-sur-les-reseaux-sociaux#primaryimage","url":"https:\/\/static.africa-press.net\/cote\/sites\/43\/2021\/05\/img-60a7e41360016.jpg","contentUrl":"https:\/\/static.africa-press.net\/cote\/sites\/43\/2021\/05\/img-60a7e41360016.jpg","width":770,"height":471,"caption":"C\u00f4te d'Ivoire : un mort \u00e0 cause d'une fausse information sur les r\u00e9seaux sociaux"},{"@type":"BreadcrumbList","@id":"https:\/\/www.africa-press.net\/cotedivoire\/politique\/cote-divoire-un-mort-a-cause-dune-fausse-information-sur-les-reseaux-sociaux#breadcrumb","itemListElement":[{"@type":"ListItem","position":1,"name":"Accueil","item":"https:\/\/www.africa-press.net\/cotedivoire\/"},{"@type":"ListItem","position":2,"name":"un mort \u00e0 cause d&#8217;une fausse information sur les r\u00e9seaux sociaux"}]},{"@type":"WebSite","@id":"https:\/\/www.africa-press.net\/cotedivoire\/#website","url":"https:\/\/www.africa-press.net\/cotedivoire\/","name":"C\u00f4te d&#039;Ivoire","description":"Just another Africa News Agency Sites site","potentialAction":[{"@type":"SearchAction","target":{"@type":"EntryPoint","urlTemplate":"https:\/\/www.africa-press.net\/cotedivoire\/?s={search_term_string}"},"query-input":{"@type":"PropertyValueSpecification","valueRequired":true,"valueName":"search_term_string"}}],"inLanguage":"fr-FR"},{"@type":"Person","@id":"https:\/\/www.africa-press.net\/cotedivoire\/#\/schema\/person\/2b1cf3cd81a31e3cd26889ca66d677f1","name":"cfeditorfr"}]}},"_links":{"self":[{"href":"https:\/\/www.africa-press.net\/cotedivoire\/wp-json\/wp\/v2\/posts\/8055","targetHints":{"allow":["GET"]}}],"collection":[{"href":"https:\/\/www.africa-press.net\/cotedivoire\/wp-json\/wp\/v2\/posts"}],"about":[{"href":"https:\/\/www.africa-press.net\/cotedivoire\/wp-json\/wp\/v2\/types\/post"}],"author":[{"embeddable":true,"href":"https:\/\/www.africa-press.net\/cotedivoire\/wp-json\/wp\/v2\/users\/82"}],"replies":[{"embeddable":true,"href":"https:\/\/www.africa-press.net\/cotedivoire\/wp-json\/wp\/v2\/comments?post=8055"}],"version-history":[{"count":0,"href":"https:\/\/www.africa-press.net\/cotedivoire\/wp-json\/wp\/v2\/posts\/8055\/revisions"}],"wp:featuredmedia":[{"embeddable":true,"href":"https:\/\/www.africa-press.net\/cotedivoire\/wp-json\/wp\/v2\/media\/8054"}],"wp:attachment":[{"href":"https:\/\/www.africa-press.net\/cotedivoire\/wp-json\/wp\/v2\/media?parent=8055"}],"wp:term":[{"taxonomy":"category","embeddable":true,"href":"https:\/\/www.africa-press.net\/cotedivoire\/wp-json\/wp\/v2\/categories?post=8055"},{"taxonomy":"post_tag","embeddable":true,"href":"https:\/\/www.africa-press.net\/cotedivoire\/wp-json\/wp\/v2\/tags?post=8055"}],"curies":[{"name":"wp","href":"https:\/\/api.w.org\/{rel}","templated":true}]}}