{"id":8064,"date":"2021-05-22T12:58:20","date_gmt":"2021-05-22T12:58:20","guid":{"rendered":"https:\/\/www.africa-press.net\/cotedivoire\/?p=8064"},"modified":"2021-05-22T14:44:08","modified_gmt":"2021-05-22T14:44:08","slug":"cote-divoire-kandia-camara-linfatigable-fidele-dalassane-ouattara","status":"publish","type":"post","link":"https:\/\/www.africa-press.net\/cotedivoire\/politique\/cote-divoire-kandia-camara-linfatigable-fidele-dalassane-ouattara","title":{"rendered":"Kandia Camara, l\u2019infatigable fid\u00e8le d\u2019Alassane Ouattara"},"content":{"rendered":"<p><span style=\"color: #ff6600\"><strong><a href=\"https:\/\/www.africa-press.net\/\">Africa-Press<\/a> &#8211; <a href=\"https:\/\/www.africa-press.net\/cotedivoire\">C\u00f4te d&rsquo;Ivoire<\/a>. <\/strong><\/span>Pr\u00e9sente en politique depuis une trentaine d\u2019ann\u00e9es, Kandia Camara a \u00e9t\u00e9 nomm\u00e9e ministre des Affaires \u00e9trang\u00e8res en avril, apr\u00e8s dix ann\u00e9es \u00e0 l\u2019\u00c9ducation. C\u2019est la premi\u00e8re fois qu\u2019une femme acc\u00e8de \u00e0 ce degr\u00e9 de responsabilit\u00e9 dans le pays.<\/p>\n<p>Dans le vaste hall du minist\u00e8re des Affaires \u00e9trang\u00e8res, \u00e0 Abidjan, les premiers mots de Kandia Camara sont pour le pr\u00e9sident ivoirien, Alassane Ouattara. Elle exprime d\u2019embl\u00e9e sa \u00ab sinc\u00e8re gratitude \u00bb au chef de l\u2019\u00c9tat \u00ab qui a bien voulu, pour la premi\u00e8re fois dans l\u2019histoire du pays, nommer une femme ministre d\u2019\u00c9tat et ministre des Affaires \u00e9trang\u00e8res \u00bb.<\/p>\n<p>Ce 8 avril, celle qui a \u00e9t\u00e9 ministre de l\u2019\u00c9ducation nationale pendant dix ans succ\u00e8de officiellement \u00e0 Ally Coulibaly, son \u00ab fr\u00e8re d\u2019arme \u00bb, \u00e0 la t\u00eate de la diplomatie ivoirienne. Ils partagent ensemble \u00ab les stigmates de 30 ans de vie politique et de lutte aupr\u00e8s d\u2019Alassane Ouattara \u00bb, souligne-t-elle dans son discours de passation de pouvoir.<\/p>\n<p>Trente ans d\u2019une immuable loyaut\u00e9 envers le pr\u00e9sident ivoirien couronn\u00e9e d\u2019une place au gouvernement \u00e0 un degr\u00e9 de responsabilit\u00e9 jamais \u00e9gal\u00e9 pour une femme en C\u00f4te d\u2019Ivoire. \u00ab Kandia Camara est au c\u0153ur de l\u2019action diplomatique et politique depuis longtemps, rappelle Ally Coulibaly au moment de lui passer le relai. C\u2019est une dame de conviction qui a l\u2019enti\u00e8re confiance du chef de l\u2019\u00c9tat \u00bb. Une confiance acquise au fil de pr\u00e8s de trois d\u00e9cennies de combats politiques.<\/p>\n<p><b>\u00a0<\/b><\/p>\n","protected":false},"excerpt":{"rendered":"<p>Africa-Press &#8211; C\u00f4te d&rsquo;Ivoire. Pr\u00e9sente en politique depuis une trentaine d\u2019ann\u00e9es, Kandia Camara a \u00e9t\u00e9 nomm\u00e9e ministre des Affaires \u00e9trang\u00e8res en avril, apr\u00e8s dix ann\u00e9es \u00e0 l\u2019\u00c9ducation. C\u2019est la premi\u00e8re fois qu\u2019une femme acc\u00e8de \u00e0 ce degr\u00e9 de responsabilit\u00e9 dans le pays. Dans le vaste hall du minist\u00e8re des Affaires \u00e9trang\u00e8res, \u00e0 Abidjan, les premiers [&hellip;]<\/p>\n","protected":false},"author":82,"featured_media":8063,"comment_status":"open","ping_status":"closed","sticky":false,"template":"","format":"standard","meta":{"footnotes":""},"categories":[11,2,20,10],"tags":[56,63,29],"class_list":["post-8064","post","type-post","status-publish","format-standard","has-post-thumbnail","hentry","category-homepage-french","category-politique","category-top-nouvelles","category-toutes-les-actualites","tag-africa-press","tag-africa-press-cote-divoire","tag-cote-divoire"],"yoast_head":"<!-- This site is optimized with the Yoast SEO Premium plugin v26.1 (Yoast SEO v27.0) - https:\/\/yoast.com\/product\/yoast-seo-premium-wordpress\/ -->\n<title>Kandia Camara, l\u2019infatigable fid\u00e8le d\u2019Alassane Ouattara - C\u00f4te d&#039;Ivoire<\/title>\n<meta name=\"description\" content=\"Pr\u00e9sente en politique depuis une trentaine d\u2019ann\u00e9es, Kandia Camara a \u00e9t\u00e9 nomm\u00e9e ministre des Affaires \u00e9trang\u00e8res en avri ...\" \/>\n<meta name=\"robots\" content=\"index, follow, max-snippet:-1, max-image-preview:large, max-video-preview:-1\" \/>\n<link rel=\"canonical\" href=\"https:\/\/www.africa-press.net\/cotedivoire\/politique\/cote-divoire-kandia-camara-linfatigable-fidele-dalassane-ouattara\" \/>\n<meta property=\"og:locale\" content=\"fr_FR\" \/>\n<meta property=\"og:type\" content=\"article\" \/>\n<meta property=\"og:title\" content=\"Kandia Camara, l\u2019infatigable fid\u00e8le d\u2019Alassane Ouattara\" \/>\n<meta property=\"og:description\" content=\"Pr\u00e9sente en politique depuis une trentaine d\u2019ann\u00e9es, Kandia Camara a \u00e9t\u00e9 nomm\u00e9e ministre des Affaires \u00e9trang\u00e8res en avri ...\" \/>\n<meta property=\"og:url\" content=\"https:\/\/www.africa-press.net\/cotedivoire\/politique\/cote-divoire-kandia-camara-linfatigable-fidele-dalassane-ouattara\" \/>\n<meta property=\"og:site_name\" content=\"C\u00f4te d&#039;Ivoire\" \/>\n<meta property=\"article:published_time\" content=\"2021-05-22T12:58:20+00:00\" \/>\n<meta property=\"article:modified_time\" content=\"2021-05-22T14:44:08+00:00\" \/>\n<meta property=\"og:image\" content=\"https:\/\/static.africa-press.net\/cote\/sites\/43\/2021\/05\/img-60a8feb1edb13.jpg\" \/>\n\t<meta property=\"og:image:width\" content=\"720\" \/>\n\t<meta property=\"og:image:height\" content=\"360\" \/>\n\t<meta property=\"og:image:type\" content=\"image\/jpeg\" \/>\n<meta name=\"author\" content=\"cfeditorfr\" \/>\n<meta name=\"twitter:card\" content=\"summary_large_image\" \/>\n<meta name=\"twitter:label1\" content=\"\u00c9crit par\" \/>\n\t<meta name=\"twitter:data1\" content=\"cfeditorfr\" \/>\n\t<meta name=\"twitter:label2\" content=\"Dur\u00e9e de lecture estim\u00e9e\" \/>\n\t<meta name=\"twitter:data2\" content=\"1 minute\" \/>\n<script type=\"application\/ld+json\" class=\"yoast-schema-graph\">{\"@context\":\"https:\/\/schema.org\",\"@graph\":[{\"@type\":\"Article\",\"@id\":\"https:\/\/www.africa-press.net\/cotedivoire\/politique\/cote-divoire-kandia-camara-linfatigable-fidele-dalassane-ouattara#article\",\"isPartOf\":{\"@id\":\"https:\/\/www.africa-press.net\/cotedivoire\/politique\/cote-divoire-kandia-camara-linfatigable-fidele-dalassane-ouattara\"},\"author\":{\"name\":\"cfeditorfr\",\"@id\":\"https:\/\/www.africa-press.net\/cotedivoire\/#\/schema\/person\/2b1cf3cd81a31e3cd26889ca66d677f1\"},\"headline\":\"Kandia Camara, l\u2019infatigable fid\u00e8le d\u2019Alassane Ouattara\",\"datePublished\":\"2021-05-22T12:58:20+00:00\",\"dateModified\":\"2021-05-22T14:44:08+00:00\",\"mainEntityOfPage\":{\"@id\":\"https:\/\/www.africa-press.net\/cotedivoire\/politique\/cote-divoire-kandia-camara-linfatigable-fidele-dalassane-ouattara\"},\"wordCount\":274,\"commentCount\":0,\"image\":{\"@id\":\"https:\/\/www.africa-press.net\/cotedivoire\/politique\/cote-divoire-kandia-camara-linfatigable-fidele-dalassane-ouattara#primaryimage\"},\"thumbnailUrl\":\"https:\/\/static.africa-press.net\/cote\/sites\/43\/2021\/05\/img-60a8feb1edb13.jpg\",\"keywords\":[\"Africa Press\",\"Africa Press-C\u00f4te d'Ivoire\",\"C\u00d4TE D'IVOIRE\"],\"articleSection\":[\"homepage-french\",\"Politique\",\"Top Nouvelles\",\"Toutes les actualit\u00e9s\"],\"inLanguage\":\"fr-FR\",\"potentialAction\":[{\"@type\":\"CommentAction\",\"name\":\"Comment\",\"target\":[\"https:\/\/www.africa-press.net\/cotedivoire\/politique\/cote-divoire-kandia-camara-linfatigable-fidele-dalassane-ouattara#respond\"]}]},{\"@type\":\"WebPage\",\"@id\":\"https:\/\/www.africa-press.net\/cotedivoire\/politique\/cote-divoire-kandia-camara-linfatigable-fidele-dalassane-ouattara\",\"url\":\"https:\/\/www.africa-press.net\/cotedivoire\/politique\/cote-divoire-kandia-camara-linfatigable-fidele-dalassane-ouattara\",\"name\":\"Kandia Camara, l\u2019infatigable fid\u00e8le d\u2019Alassane Ouattara - C\u00f4te d&#039;Ivoire\",\"isPartOf\":{\"@id\":\"https:\/\/www.africa-press.net\/cotedivoire\/#website\"},\"primaryImageOfPage\":{\"@id\":\"https:\/\/www.africa-press.net\/cotedivoire\/politique\/cote-divoire-kandia-camara-linfatigable-fidele-dalassane-ouattara#primaryimage\"},\"image\":{\"@id\":\"https:\/\/www.africa-press.net\/cotedivoire\/politique\/cote-divoire-kandia-camara-linfatigable-fidele-dalassane-ouattara#primaryimage\"},\"thumbnailUrl\":\"https:\/\/static.africa-press.net\/cote\/sites\/43\/2021\/05\/img-60a8feb1edb13.jpg\",\"datePublished\":\"2021-05-22T12:58:20+00:00\",\"dateModified\":\"2021-05-22T14:44:08+00:00\",\"author\":{\"@id\":\"https:\/\/www.africa-press.net\/cotedivoire\/#\/schema\/person\/2b1cf3cd81a31e3cd26889ca66d677f1\"},\"description\":\"Pr\u00e9sente en politique depuis une trentaine d\u2019ann\u00e9es, Kandia Camara a \u00e9t\u00e9 nomm\u00e9e ministre des Affaires \u00e9trang\u00e8res en avri ...\",\"breadcrumb\":{\"@id\":\"https:\/\/www.africa-press.net\/cotedivoire\/politique\/cote-divoire-kandia-camara-linfatigable-fidele-dalassane-ouattara#breadcrumb\"},\"inLanguage\":\"fr-FR\",\"potentialAction\":[{\"@type\":\"ReadAction\",\"target\":[\"https:\/\/www.africa-press.net\/cotedivoire\/politique\/cote-divoire-kandia-camara-linfatigable-fidele-dalassane-ouattara\"]}]},{\"@type\":\"ImageObject\",\"inLanguage\":\"fr-FR\",\"@id\":\"https:\/\/www.africa-press.net\/cotedivoire\/politique\/cote-divoire-kandia-camara-linfatigable-fidele-dalassane-ouattara#primaryimage\",\"url\":\"https:\/\/static.africa-press.net\/cote\/sites\/43\/2021\/05\/img-60a8feb1edb13.jpg\",\"contentUrl\":\"https:\/\/static.africa-press.net\/cote\/sites\/43\/2021\/05\/img-60a8feb1edb13.jpg\",\"width\":720,\"height\":360,\"caption\":\"C\u00f4te d\u2019Ivoire : Kandia Camara, l\u2019infatigable fid\u00e8le d\u2019Alassane Ouattara\"},{\"@type\":\"BreadcrumbList\",\"@id\":\"https:\/\/www.africa-press.net\/cotedivoire\/politique\/cote-divoire-kandia-camara-linfatigable-fidele-dalassane-ouattara#breadcrumb\",\"itemListElement\":[{\"@type\":\"ListItem\",\"position\":1,\"name\":\"Accueil\",\"item\":\"https:\/\/www.africa-press.net\/cotedivoire\/\"},{\"@type\":\"ListItem\",\"position\":2,\"name\":\"Kandia Camara, l\u2019infatigable fid\u00e8le d\u2019Alassane Ouattara\"}]},{\"@type\":\"WebSite\",\"@id\":\"https:\/\/www.africa-press.net\/cotedivoire\/#website\",\"url\":\"https:\/\/www.africa-press.net\/cotedivoire\/\",\"name\":\"C\u00f4te d&#039;Ivoire\",\"description\":\"Just another Africa News Agency Sites site\",\"potentialAction\":[{\"@type\":\"SearchAction\",\"target\":{\"@type\":\"EntryPoint\",\"urlTemplate\":\"https:\/\/www.africa-press.net\/cotedivoire\/?s={search_term_string}\"},\"query-input\":{\"@type\":\"PropertyValueSpecification\",\"valueRequired\":true,\"valueName\":\"search_term_string\"}}],\"inLanguage\":\"fr-FR\"},{\"@type\":\"Person\",\"@id\":\"https:\/\/www.africa-press.net\/cotedivoire\/#\/schema\/person\/2b1cf3cd81a31e3cd26889ca66d677f1\",\"name\":\"cfeditorfr\"}]}<\/script>\n<!-- \/ Yoast SEO Premium plugin. -->","yoast_head_json":{"title":"Kandia Camara, l\u2019infatigable fid\u00e8le d\u2019Alassane Ouattara - C\u00f4te d&#039;Ivoire","description":"Pr\u00e9sente en politique depuis une trentaine d\u2019ann\u00e9es, Kandia Camara a \u00e9t\u00e9 nomm\u00e9e ministre des Affaires \u00e9trang\u00e8res en avri ...","robots":{"index":"index","follow":"follow","max-snippet":"max-snippet:-1","max-image-preview":"max-image-preview:large","max-video-preview":"max-video-preview:-1"},"canonical":"https:\/\/www.africa-press.net\/cotedivoire\/politique\/cote-divoire-kandia-camara-linfatigable-fidele-dalassane-ouattara","og_locale":"fr_FR","og_type":"article","og_title":"Kandia Camara, l\u2019infatigable fid\u00e8le d\u2019Alassane Ouattara","og_description":"Pr\u00e9sente en politique depuis une trentaine d\u2019ann\u00e9es, Kandia Camara a \u00e9t\u00e9 nomm\u00e9e ministre des Affaires \u00e9trang\u00e8res en avri ...","og_url":"https:\/\/www.africa-press.net\/cotedivoire\/politique\/cote-divoire-kandia-camara-linfatigable-fidele-dalassane-ouattara","og_site_name":"C\u00f4te d&#039;Ivoire","article_published_time":"2021-05-22T12:58:20+00:00","article_modified_time":"2021-05-22T14:44:08+00:00","og_image":[{"width":720,"height":360,"url":"https:\/\/static.africa-press.net\/cote\/sites\/43\/2021\/05\/img-60a8feb1edb13.jpg","type":"image\/jpeg"}],"author":"cfeditorfr","twitter_card":"summary_large_image","twitter_misc":{"\u00c9crit par":"cfeditorfr","Dur\u00e9e de lecture estim\u00e9e":"1 minute"},"schema":{"@context":"https:\/\/schema.org","@graph":[{"@type":"Article","@id":"https:\/\/www.africa-press.net\/cotedivoire\/politique\/cote-divoire-kandia-camara-linfatigable-fidele-dalassane-ouattara#article","isPartOf":{"@id":"https:\/\/www.africa-press.net\/cotedivoire\/politique\/cote-divoire-kandia-camara-linfatigable-fidele-dalassane-ouattara"},"author":{"name":"cfeditorfr","@id":"https:\/\/www.africa-press.net\/cotedivoire\/#\/schema\/person\/2b1cf3cd81a31e3cd26889ca66d677f1"},"headline":"Kandia Camara, l\u2019infatigable fid\u00e8le d\u2019Alassane Ouattara","datePublished":"2021-05-22T12:58:20+00:00","dateModified":"2021-05-22T14:44:08+00:00","mainEntityOfPage":{"@id":"https:\/\/www.africa-press.net\/cotedivoire\/politique\/cote-divoire-kandia-camara-linfatigable-fidele-dalassane-ouattara"},"wordCount":274,"commentCount":0,"image":{"@id":"https:\/\/www.africa-press.net\/cotedivoire\/politique\/cote-divoire-kandia-camara-linfatigable-fidele-dalassane-ouattara#primaryimage"},"thumbnailUrl":"https:\/\/static.africa-press.net\/cote\/sites\/43\/2021\/05\/img-60a8feb1edb13.jpg","keywords":["Africa Press","Africa Press-C\u00f4te d'Ivoire","C\u00d4TE D'IVOIRE"],"articleSection":["homepage-french","Politique","Top Nouvelles","Toutes les actualit\u00e9s"],"inLanguage":"fr-FR","potentialAction":[{"@type":"CommentAction","name":"Comment","target":["https:\/\/www.africa-press.net\/cotedivoire\/politique\/cote-divoire-kandia-camara-linfatigable-fidele-dalassane-ouattara#respond"]}]},{"@type":"WebPage","@id":"https:\/\/www.africa-press.net\/cotedivoire\/politique\/cote-divoire-kandia-camara-linfatigable-fidele-dalassane-ouattara","url":"https:\/\/www.africa-press.net\/cotedivoire\/politique\/cote-divoire-kandia-camara-linfatigable-fidele-dalassane-ouattara","name":"Kandia Camara, l\u2019infatigable fid\u00e8le d\u2019Alassane Ouattara - C\u00f4te d&#039;Ivoire","isPartOf":{"@id":"https:\/\/www.africa-press.net\/cotedivoire\/#website"},"primaryImageOfPage":{"@id":"https:\/\/www.africa-press.net\/cotedivoire\/politique\/cote-divoire-kandia-camara-linfatigable-fidele-dalassane-ouattara#primaryimage"},"image":{"@id":"https:\/\/www.africa-press.net\/cotedivoire\/politique\/cote-divoire-kandia-camara-linfatigable-fidele-dalassane-ouattara#primaryimage"},"thumbnailUrl":"https:\/\/static.africa-press.net\/cote\/sites\/43\/2021\/05\/img-60a8feb1edb13.jpg","datePublished":"2021-05-22T12:58:20+00:00","dateModified":"2021-05-22T14:44:08+00:00","author":{"@id":"https:\/\/www.africa-press.net\/cotedivoire\/#\/schema\/person\/2b1cf3cd81a31e3cd26889ca66d677f1"},"description":"Pr\u00e9sente en politique depuis une trentaine d\u2019ann\u00e9es, Kandia Camara a \u00e9t\u00e9 nomm\u00e9e ministre des Affaires \u00e9trang\u00e8res en avri ...","breadcrumb":{"@id":"https:\/\/www.africa-press.net\/cotedivoire\/politique\/cote-divoire-kandia-camara-linfatigable-fidele-dalassane-ouattara#breadcrumb"},"inLanguage":"fr-FR","potentialAction":[{"@type":"ReadAction","target":["https:\/\/www.africa-press.net\/cotedivoire\/politique\/cote-divoire-kandia-camara-linfatigable-fidele-dalassane-ouattara"]}]},{"@type":"ImageObject","inLanguage":"fr-FR","@id":"https:\/\/www.africa-press.net\/cotedivoire\/politique\/cote-divoire-kandia-camara-linfatigable-fidele-dalassane-ouattara#primaryimage","url":"https:\/\/static.africa-press.net\/cote\/sites\/43\/2021\/05\/img-60a8feb1edb13.jpg","contentUrl":"https:\/\/static.africa-press.net\/cote\/sites\/43\/2021\/05\/img-60a8feb1edb13.jpg","width":720,"height":360,"caption":"C\u00f4te d\u2019Ivoire : Kandia Camara, l\u2019infatigable fid\u00e8le d\u2019Alassane Ouattara"},{"@type":"BreadcrumbList","@id":"https:\/\/www.africa-press.net\/cotedivoire\/politique\/cote-divoire-kandia-camara-linfatigable-fidele-dalassane-ouattara#breadcrumb","itemListElement":[{"@type":"ListItem","position":1,"name":"Accueil","item":"https:\/\/www.africa-press.net\/cotedivoire\/"},{"@type":"ListItem","position":2,"name":"Kandia Camara, l\u2019infatigable fid\u00e8le d\u2019Alassane Ouattara"}]},{"@type":"WebSite","@id":"https:\/\/www.africa-press.net\/cotedivoire\/#website","url":"https:\/\/www.africa-press.net\/cotedivoire\/","name":"C\u00f4te d&#039;Ivoire","description":"Just another Africa News Agency Sites site","potentialAction":[{"@type":"SearchAction","target":{"@type":"EntryPoint","urlTemplate":"https:\/\/www.africa-press.net\/cotedivoire\/?s={search_term_string}"},"query-input":{"@type":"PropertyValueSpecification","valueRequired":true,"valueName":"search_term_string"}}],"inLanguage":"fr-FR"},{"@type":"Person","@id":"https:\/\/www.africa-press.net\/cotedivoire\/#\/schema\/person\/2b1cf3cd81a31e3cd26889ca66d677f1","name":"cfeditorfr"}]}},"_links":{"self":[{"href":"https:\/\/www.africa-press.net\/cotedivoire\/wp-json\/wp\/v2\/posts\/8064","targetHints":{"allow":["GET"]}}],"collection":[{"href":"https:\/\/www.africa-press.net\/cotedivoire\/wp-json\/wp\/v2\/posts"}],"about":[{"href":"https:\/\/www.africa-press.net\/cotedivoire\/wp-json\/wp\/v2\/types\/post"}],"author":[{"embeddable":true,"href":"https:\/\/www.africa-press.net\/cotedivoire\/wp-json\/wp\/v2\/users\/82"}],"replies":[{"embeddable":true,"href":"https:\/\/www.africa-press.net\/cotedivoire\/wp-json\/wp\/v2\/comments?post=8064"}],"version-history":[{"count":0,"href":"https:\/\/www.africa-press.net\/cotedivoire\/wp-json\/wp\/v2\/posts\/8064\/revisions"}],"wp:featuredmedia":[{"embeddable":true,"href":"https:\/\/www.africa-press.net\/cotedivoire\/wp-json\/wp\/v2\/media\/8063"}],"wp:attachment":[{"href":"https:\/\/www.africa-press.net\/cotedivoire\/wp-json\/wp\/v2\/media?parent=8064"}],"wp:term":[{"taxonomy":"category","embeddable":true,"href":"https:\/\/www.africa-press.net\/cotedivoire\/wp-json\/wp\/v2\/categories?post=8064"},{"taxonomy":"post_tag","embeddable":true,"href":"https:\/\/www.africa-press.net\/cotedivoire\/wp-json\/wp\/v2\/tags?post=8064"}],"curies":[{"name":"wp","href":"https:\/\/api.w.org\/{rel}","templated":true}]}}