{"id":8067,"date":"2021-05-22T13:02:17","date_gmt":"2021-05-22T13:02:17","guid":{"rendered":"https:\/\/www.africa-press.net\/cotedivoire\/?p=8067"},"modified":"2021-05-22T14:44:18","modified_gmt":"2021-05-22T14:44:18","slug":"politique-retour-dexil-ahoua-don-mello-annonce-en-cote-divoire","status":"publish","type":"post","link":"https:\/\/www.africa-press.net\/cotedivoire\/politique\/politique-retour-dexil-ahoua-don-mello-annonce-en-cote-divoire","title":{"rendered":"Politique Retour d\u2019exil: Ahoua Don Mello annonc\u00e9 en C\u00f4te d\u2019Ivoire"},"content":{"rendered":"<p><span style=\"color: #ff6600\"><strong><a href=\"https:\/\/www.africa-press.net\/\">Africa-Press<\/a> &#8211; <a href=\"https:\/\/www.africa-press.net\/cotedivoire\">C\u00f4te d&rsquo;Ivoire<\/a>. <\/strong><\/span>Apr\u00e8s dix ann\u00e9es<\/p>\n<p>pass\u00e9es en exil suite \u00e0 la crise post-\u00e9lectorale de 2010-2011, l\u2019ex<\/p>\n<p>ministre et porte-parole de Laurent Gbagbo, Ahoua Don Mello s\u2019est rendu<\/p>\n<p>jeudi \u00e0 l\u2019ambassade de C\u00f4te d\u2019Ivoire en Guin\u00e9e pour une demande de<\/p>\n<p>passeport r\u00e9gulier ivoirien afin de regagner son pays, a annonc\u00e9 son<\/p>\n<p>service de communication, dans une note.<\/p>\n<p>\u00ab Le Ministre Ahoua Don Mello s\u2019est rendu ce matin du Jeudi 20 Mai 2021 \u00e0<\/p>\n<p>l\u2019Ambassade de C\u00f4te d\u2019Ivoire en GUIN\u00c9E pour une demande de passeport<\/p>\n<p>r\u00e9gulier ivoirien, afin de regagner sa terre natale \u00bb, peut-on lire dans<\/p>\n<p>la note.<\/p>\n<p>Selon la note, \u00ab la proc\u00e9dure de demande de passeport r\u00e9gulier ivoirien a<\/p>\n<p>\u00e9t\u00e9 enclench\u00e9e \u00bb et Don Mello, conseiller sp\u00e9cial en charge des grands<\/p>\n<p>travaux du pr\u00e9sident guin\u00e9en Alpha Cond\u00e9 depuis ao\u00fbt 2017 \u00ab recevra, dans<\/p>\n<p>quelques jours, son passeport pour son retour en C\u00f4te d\u2019Ivoire, apr\u00e8s<\/p>\n<p>des ann\u00e9es en exil (Ghana, Afrique du Sud, Rwanda, et Guin\u00e9e). \u00bb<\/p>\n<p>Le 30 avril, six personnalit\u00e9s proches de l\u2019ex-pr\u00e9sident Laurent Gbagbo<\/p>\n<p>dont Katinan Kon\u00e9, Jeannette Koudou et Damana Pickass sont rentr\u00e9es en<\/p>\n<p>C\u00f4te d\u2019Ivoire apr\u00e8s dix ans d\u2019exil au Ghana.<\/p>\n<p>&nbsp;<\/p>\n","protected":false},"excerpt":{"rendered":"<p>Africa-Press &#8211; C\u00f4te d&rsquo;Ivoire. Apr\u00e8s dix ann\u00e9es pass\u00e9es en exil suite \u00e0 la crise post-\u00e9lectorale de 2010-2011, l\u2019ex ministre et porte-parole de Laurent Gbagbo, Ahoua Don Mello s\u2019est rendu jeudi \u00e0 l\u2019ambassade de C\u00f4te d\u2019Ivoire en Guin\u00e9e pour une demande de passeport r\u00e9gulier ivoirien afin de regagner son pays, a annonc\u00e9 son service de communication, [&hellip;]<\/p>\n","protected":false},"author":82,"featured_media":8066,"comment_status":"open","ping_status":"closed","sticky":false,"template":"","format":"standard","meta":{"footnotes":""},"categories":[11,2,20,10],"tags":[56,63,29],"class_list":["post-8067","post","type-post","status-publish","format-standard","has-post-thumbnail","hentry","category-homepage-french","category-politique","category-top-nouvelles","category-toutes-les-actualites","tag-africa-press","tag-africa-press-cote-divoire","tag-cote-divoire"],"yoast_head":"<!-- This site is optimized with the Yoast SEO Premium plugin v26.1 (Yoast SEO v27.0) - https:\/\/yoast.com\/product\/yoast-seo-premium-wordpress\/ -->\n<title>Politique Retour d\u2019exil: Ahoua Don Mello annonc\u00e9 en C\u00f4te d\u2019Ivoire - C\u00f4te d&#039;Ivoire<\/title>\n<meta name=\"description\" content=\"Apr\u00e8s dix ann\u00e9es pass\u00e9es en exil suite \u00e0 la crise post-\u00e9lectorale de 2010-2011, l\u2019ex ministre et porte-parole de Laure ...\" \/>\n<meta name=\"robots\" content=\"index, follow, max-snippet:-1, max-image-preview:large, max-video-preview:-1\" \/>\n<link rel=\"canonical\" href=\"https:\/\/www.africa-press.net\/cotedivoire\/politique\/politique-retour-dexil-ahoua-don-mello-annonce-en-cote-divoire\" \/>\n<meta property=\"og:locale\" content=\"fr_FR\" \/>\n<meta property=\"og:type\" content=\"article\" \/>\n<meta property=\"og:title\" content=\"Politique Retour d\u2019exil: Ahoua Don Mello annonc\u00e9 en C\u00f4te d\u2019Ivoire\" \/>\n<meta property=\"og:description\" content=\"Apr\u00e8s dix ann\u00e9es pass\u00e9es en exil suite \u00e0 la crise post-\u00e9lectorale de 2010-2011, l\u2019ex ministre et porte-parole de Laure ...\" \/>\n<meta property=\"og:url\" content=\"https:\/\/www.africa-press.net\/cotedivoire\/politique\/politique-retour-dexil-ahoua-don-mello-annonce-en-cote-divoire\" \/>\n<meta property=\"og:site_name\" content=\"C\u00f4te d&#039;Ivoire\" \/>\n<meta property=\"article:published_time\" content=\"2021-05-22T13:02:17+00:00\" \/>\n<meta property=\"article:modified_time\" content=\"2021-05-22T14:44:18+00:00\" \/>\n<meta property=\"og:image\" content=\"https:\/\/static.africa-press.net\/cote\/sites\/43\/2021\/05\/img-60a8feeb319a5.jpg\" \/>\n\t<meta property=\"og:image:width\" content=\"720\" \/>\n\t<meta property=\"og:image:height\" content=\"360\" \/>\n\t<meta property=\"og:image:type\" content=\"image\/jpeg\" \/>\n<meta name=\"author\" content=\"cfeditorfr\" \/>\n<meta name=\"twitter:card\" content=\"summary_large_image\" \/>\n<meta name=\"twitter:label1\" content=\"\u00c9crit par\" \/>\n\t<meta name=\"twitter:data1\" content=\"cfeditorfr\" \/>\n\t<meta name=\"twitter:label2\" content=\"Dur\u00e9e de lecture estim\u00e9e\" \/>\n\t<meta name=\"twitter:data2\" content=\"1 minute\" \/>\n<script type=\"application\/ld+json\" class=\"yoast-schema-graph\">{\"@context\":\"https:\/\/schema.org\",\"@graph\":[{\"@type\":\"Article\",\"@id\":\"https:\/\/www.africa-press.net\/cotedivoire\/politique\/politique-retour-dexil-ahoua-don-mello-annonce-en-cote-divoire#article\",\"isPartOf\":{\"@id\":\"https:\/\/www.africa-press.net\/cotedivoire\/politique\/politique-retour-dexil-ahoua-don-mello-annonce-en-cote-divoire\"},\"author\":{\"name\":\"cfeditorfr\",\"@id\":\"https:\/\/www.africa-press.net\/cotedivoire\/#\/schema\/person\/2b1cf3cd81a31e3cd26889ca66d677f1\"},\"headline\":\"Politique Retour d\u2019exil: Ahoua Don Mello annonc\u00e9 en C\u00f4te d\u2019Ivoire\",\"datePublished\":\"2021-05-22T13:02:17+00:00\",\"dateModified\":\"2021-05-22T14:44:18+00:00\",\"mainEntityOfPage\":{\"@id\":\"https:\/\/www.africa-press.net\/cotedivoire\/politique\/politique-retour-dexil-ahoua-don-mello-annonce-en-cote-divoire\"},\"wordCount\":228,\"commentCount\":0,\"image\":{\"@id\":\"https:\/\/www.africa-press.net\/cotedivoire\/politique\/politique-retour-dexil-ahoua-don-mello-annonce-en-cote-divoire#primaryimage\"},\"thumbnailUrl\":\"https:\/\/static.africa-press.net\/cote\/sites\/43\/2021\/05\/img-60a8feeb319a5.jpg\",\"keywords\":[\"Africa Press\",\"Africa Press-C\u00f4te d'Ivoire\",\"C\u00d4TE D'IVOIRE\"],\"articleSection\":[\"homepage-french\",\"Politique\",\"Top Nouvelles\",\"Toutes les actualit\u00e9s\"],\"inLanguage\":\"fr-FR\",\"potentialAction\":[{\"@type\":\"CommentAction\",\"name\":\"Comment\",\"target\":[\"https:\/\/www.africa-press.net\/cotedivoire\/politique\/politique-retour-dexil-ahoua-don-mello-annonce-en-cote-divoire#respond\"]}]},{\"@type\":\"WebPage\",\"@id\":\"https:\/\/www.africa-press.net\/cotedivoire\/politique\/politique-retour-dexil-ahoua-don-mello-annonce-en-cote-divoire\",\"url\":\"https:\/\/www.africa-press.net\/cotedivoire\/politique\/politique-retour-dexil-ahoua-don-mello-annonce-en-cote-divoire\",\"name\":\"Politique Retour d\u2019exil: Ahoua Don Mello annonc\u00e9 en C\u00f4te d\u2019Ivoire - C\u00f4te d&#039;Ivoire\",\"isPartOf\":{\"@id\":\"https:\/\/www.africa-press.net\/cotedivoire\/#website\"},\"primaryImageOfPage\":{\"@id\":\"https:\/\/www.africa-press.net\/cotedivoire\/politique\/politique-retour-dexil-ahoua-don-mello-annonce-en-cote-divoire#primaryimage\"},\"image\":{\"@id\":\"https:\/\/www.africa-press.net\/cotedivoire\/politique\/politique-retour-dexil-ahoua-don-mello-annonce-en-cote-divoire#primaryimage\"},\"thumbnailUrl\":\"https:\/\/static.africa-press.net\/cote\/sites\/43\/2021\/05\/img-60a8feeb319a5.jpg\",\"datePublished\":\"2021-05-22T13:02:17+00:00\",\"dateModified\":\"2021-05-22T14:44:18+00:00\",\"author\":{\"@id\":\"https:\/\/www.africa-press.net\/cotedivoire\/#\/schema\/person\/2b1cf3cd81a31e3cd26889ca66d677f1\"},\"description\":\"Apr\u00e8s dix ann\u00e9es pass\u00e9es en exil suite \u00e0 la crise post-\u00e9lectorale de 2010-2011, l\u2019ex ministre et porte-parole de Laure ...\",\"breadcrumb\":{\"@id\":\"https:\/\/www.africa-press.net\/cotedivoire\/politique\/politique-retour-dexil-ahoua-don-mello-annonce-en-cote-divoire#breadcrumb\"},\"inLanguage\":\"fr-FR\",\"potentialAction\":[{\"@type\":\"ReadAction\",\"target\":[\"https:\/\/www.africa-press.net\/cotedivoire\/politique\/politique-retour-dexil-ahoua-don-mello-annonce-en-cote-divoire\"]}]},{\"@type\":\"ImageObject\",\"inLanguage\":\"fr-FR\",\"@id\":\"https:\/\/www.africa-press.net\/cotedivoire\/politique\/politique-retour-dexil-ahoua-don-mello-annonce-en-cote-divoire#primaryimage\",\"url\":\"https:\/\/static.africa-press.net\/cote\/sites\/43\/2021\/05\/img-60a8feeb319a5.jpg\",\"contentUrl\":\"https:\/\/static.africa-press.net\/cote\/sites\/43\/2021\/05\/img-60a8feeb319a5.jpg\",\"width\":720,\"height\":360,\"caption\":\"Politique Retour d\u2019exil: Ahoua Don Mello annonc\u00e9 en C\u00f4te d\u2019Ivoire\"},{\"@type\":\"BreadcrumbList\",\"@id\":\"https:\/\/www.africa-press.net\/cotedivoire\/politique\/politique-retour-dexil-ahoua-don-mello-annonce-en-cote-divoire#breadcrumb\",\"itemListElement\":[{\"@type\":\"ListItem\",\"position\":1,\"name\":\"Accueil\",\"item\":\"https:\/\/www.africa-press.net\/cotedivoire\/\"},{\"@type\":\"ListItem\",\"position\":2,\"name\":\"Politique Retour d\u2019exil: Ahoua Don Mello annonc\u00e9 en C\u00f4te d\u2019Ivoire\"}]},{\"@type\":\"WebSite\",\"@id\":\"https:\/\/www.africa-press.net\/cotedivoire\/#website\",\"url\":\"https:\/\/www.africa-press.net\/cotedivoire\/\",\"name\":\"C\u00f4te d&#039;Ivoire\",\"description\":\"Just another Africa News Agency Sites site\",\"potentialAction\":[{\"@type\":\"SearchAction\",\"target\":{\"@type\":\"EntryPoint\",\"urlTemplate\":\"https:\/\/www.africa-press.net\/cotedivoire\/?s={search_term_string}\"},\"query-input\":{\"@type\":\"PropertyValueSpecification\",\"valueRequired\":true,\"valueName\":\"search_term_string\"}}],\"inLanguage\":\"fr-FR\"},{\"@type\":\"Person\",\"@id\":\"https:\/\/www.africa-press.net\/cotedivoire\/#\/schema\/person\/2b1cf3cd81a31e3cd26889ca66d677f1\",\"name\":\"cfeditorfr\"}]}<\/script>\n<!-- \/ Yoast SEO Premium plugin. -->","yoast_head_json":{"title":"Politique Retour d\u2019exil: Ahoua Don Mello annonc\u00e9 en C\u00f4te d\u2019Ivoire - C\u00f4te d&#039;Ivoire","description":"Apr\u00e8s dix ann\u00e9es pass\u00e9es en exil suite \u00e0 la crise post-\u00e9lectorale de 2010-2011, l\u2019ex ministre et porte-parole de Laure ...","robots":{"index":"index","follow":"follow","max-snippet":"max-snippet:-1","max-image-preview":"max-image-preview:large","max-video-preview":"max-video-preview:-1"},"canonical":"https:\/\/www.africa-press.net\/cotedivoire\/politique\/politique-retour-dexil-ahoua-don-mello-annonce-en-cote-divoire","og_locale":"fr_FR","og_type":"article","og_title":"Politique Retour d\u2019exil: Ahoua Don Mello annonc\u00e9 en C\u00f4te d\u2019Ivoire","og_description":"Apr\u00e8s dix ann\u00e9es pass\u00e9es en exil suite \u00e0 la crise post-\u00e9lectorale de 2010-2011, l\u2019ex ministre et porte-parole de Laure ...","og_url":"https:\/\/www.africa-press.net\/cotedivoire\/politique\/politique-retour-dexil-ahoua-don-mello-annonce-en-cote-divoire","og_site_name":"C\u00f4te d&#039;Ivoire","article_published_time":"2021-05-22T13:02:17+00:00","article_modified_time":"2021-05-22T14:44:18+00:00","og_image":[{"width":720,"height":360,"url":"https:\/\/static.africa-press.net\/cote\/sites\/43\/2021\/05\/img-60a8feeb319a5.jpg","type":"image\/jpeg"}],"author":"cfeditorfr","twitter_card":"summary_large_image","twitter_misc":{"\u00c9crit par":"cfeditorfr","Dur\u00e9e de lecture estim\u00e9e":"1 minute"},"schema":{"@context":"https:\/\/schema.org","@graph":[{"@type":"Article","@id":"https:\/\/www.africa-press.net\/cotedivoire\/politique\/politique-retour-dexil-ahoua-don-mello-annonce-en-cote-divoire#article","isPartOf":{"@id":"https:\/\/www.africa-press.net\/cotedivoire\/politique\/politique-retour-dexil-ahoua-don-mello-annonce-en-cote-divoire"},"author":{"name":"cfeditorfr","@id":"https:\/\/www.africa-press.net\/cotedivoire\/#\/schema\/person\/2b1cf3cd81a31e3cd26889ca66d677f1"},"headline":"Politique Retour d\u2019exil: Ahoua Don Mello annonc\u00e9 en C\u00f4te d\u2019Ivoire","datePublished":"2021-05-22T13:02:17+00:00","dateModified":"2021-05-22T14:44:18+00:00","mainEntityOfPage":{"@id":"https:\/\/www.africa-press.net\/cotedivoire\/politique\/politique-retour-dexil-ahoua-don-mello-annonce-en-cote-divoire"},"wordCount":228,"commentCount":0,"image":{"@id":"https:\/\/www.africa-press.net\/cotedivoire\/politique\/politique-retour-dexil-ahoua-don-mello-annonce-en-cote-divoire#primaryimage"},"thumbnailUrl":"https:\/\/static.africa-press.net\/cote\/sites\/43\/2021\/05\/img-60a8feeb319a5.jpg","keywords":["Africa Press","Africa Press-C\u00f4te d'Ivoire","C\u00d4TE D'IVOIRE"],"articleSection":["homepage-french","Politique","Top Nouvelles","Toutes les actualit\u00e9s"],"inLanguage":"fr-FR","potentialAction":[{"@type":"CommentAction","name":"Comment","target":["https:\/\/www.africa-press.net\/cotedivoire\/politique\/politique-retour-dexil-ahoua-don-mello-annonce-en-cote-divoire#respond"]}]},{"@type":"WebPage","@id":"https:\/\/www.africa-press.net\/cotedivoire\/politique\/politique-retour-dexil-ahoua-don-mello-annonce-en-cote-divoire","url":"https:\/\/www.africa-press.net\/cotedivoire\/politique\/politique-retour-dexil-ahoua-don-mello-annonce-en-cote-divoire","name":"Politique Retour d\u2019exil: Ahoua Don Mello annonc\u00e9 en C\u00f4te d\u2019Ivoire - C\u00f4te d&#039;Ivoire","isPartOf":{"@id":"https:\/\/www.africa-press.net\/cotedivoire\/#website"},"primaryImageOfPage":{"@id":"https:\/\/www.africa-press.net\/cotedivoire\/politique\/politique-retour-dexil-ahoua-don-mello-annonce-en-cote-divoire#primaryimage"},"image":{"@id":"https:\/\/www.africa-press.net\/cotedivoire\/politique\/politique-retour-dexil-ahoua-don-mello-annonce-en-cote-divoire#primaryimage"},"thumbnailUrl":"https:\/\/static.africa-press.net\/cote\/sites\/43\/2021\/05\/img-60a8feeb319a5.jpg","datePublished":"2021-05-22T13:02:17+00:00","dateModified":"2021-05-22T14:44:18+00:00","author":{"@id":"https:\/\/www.africa-press.net\/cotedivoire\/#\/schema\/person\/2b1cf3cd81a31e3cd26889ca66d677f1"},"description":"Apr\u00e8s dix ann\u00e9es pass\u00e9es en exil suite \u00e0 la crise post-\u00e9lectorale de 2010-2011, l\u2019ex ministre et porte-parole de Laure ...","breadcrumb":{"@id":"https:\/\/www.africa-press.net\/cotedivoire\/politique\/politique-retour-dexil-ahoua-don-mello-annonce-en-cote-divoire#breadcrumb"},"inLanguage":"fr-FR","potentialAction":[{"@type":"ReadAction","target":["https:\/\/www.africa-press.net\/cotedivoire\/politique\/politique-retour-dexil-ahoua-don-mello-annonce-en-cote-divoire"]}]},{"@type":"ImageObject","inLanguage":"fr-FR","@id":"https:\/\/www.africa-press.net\/cotedivoire\/politique\/politique-retour-dexil-ahoua-don-mello-annonce-en-cote-divoire#primaryimage","url":"https:\/\/static.africa-press.net\/cote\/sites\/43\/2021\/05\/img-60a8feeb319a5.jpg","contentUrl":"https:\/\/static.africa-press.net\/cote\/sites\/43\/2021\/05\/img-60a8feeb319a5.jpg","width":720,"height":360,"caption":"Politique Retour d\u2019exil: Ahoua Don Mello annonc\u00e9 en C\u00f4te d\u2019Ivoire"},{"@type":"BreadcrumbList","@id":"https:\/\/www.africa-press.net\/cotedivoire\/politique\/politique-retour-dexil-ahoua-don-mello-annonce-en-cote-divoire#breadcrumb","itemListElement":[{"@type":"ListItem","position":1,"name":"Accueil","item":"https:\/\/www.africa-press.net\/cotedivoire\/"},{"@type":"ListItem","position":2,"name":"Politique Retour d\u2019exil: Ahoua Don Mello annonc\u00e9 en C\u00f4te d\u2019Ivoire"}]},{"@type":"WebSite","@id":"https:\/\/www.africa-press.net\/cotedivoire\/#website","url":"https:\/\/www.africa-press.net\/cotedivoire\/","name":"C\u00f4te d&#039;Ivoire","description":"Just another Africa News Agency Sites site","potentialAction":[{"@type":"SearchAction","target":{"@type":"EntryPoint","urlTemplate":"https:\/\/www.africa-press.net\/cotedivoire\/?s={search_term_string}"},"query-input":{"@type":"PropertyValueSpecification","valueRequired":true,"valueName":"search_term_string"}}],"inLanguage":"fr-FR"},{"@type":"Person","@id":"https:\/\/www.africa-press.net\/cotedivoire\/#\/schema\/person\/2b1cf3cd81a31e3cd26889ca66d677f1","name":"cfeditorfr"}]}},"_links":{"self":[{"href":"https:\/\/www.africa-press.net\/cotedivoire\/wp-json\/wp\/v2\/posts\/8067","targetHints":{"allow":["GET"]}}],"collection":[{"href":"https:\/\/www.africa-press.net\/cotedivoire\/wp-json\/wp\/v2\/posts"}],"about":[{"href":"https:\/\/www.africa-press.net\/cotedivoire\/wp-json\/wp\/v2\/types\/post"}],"author":[{"embeddable":true,"href":"https:\/\/www.africa-press.net\/cotedivoire\/wp-json\/wp\/v2\/users\/82"}],"replies":[{"embeddable":true,"href":"https:\/\/www.africa-press.net\/cotedivoire\/wp-json\/wp\/v2\/comments?post=8067"}],"version-history":[{"count":0,"href":"https:\/\/www.africa-press.net\/cotedivoire\/wp-json\/wp\/v2\/posts\/8067\/revisions"}],"wp:featuredmedia":[{"embeddable":true,"href":"https:\/\/www.africa-press.net\/cotedivoire\/wp-json\/wp\/v2\/media\/8066"}],"wp:attachment":[{"href":"https:\/\/www.africa-press.net\/cotedivoire\/wp-json\/wp\/v2\/media?parent=8067"}],"wp:term":[{"taxonomy":"category","embeddable":true,"href":"https:\/\/www.africa-press.net\/cotedivoire\/wp-json\/wp\/v2\/categories?post=8067"},{"taxonomy":"post_tag","embeddable":true,"href":"https:\/\/www.africa-press.net\/cotedivoire\/wp-json\/wp\/v2\/tags?post=8067"}],"curies":[{"name":"wp","href":"https:\/\/api.w.org\/{rel}","templated":true}]}}