{"id":80680,"date":"2024-05-25T14:58:06","date_gmt":"2024-05-25T14:58:06","guid":{"rendered":"https:\/\/www.africa-press.net\/cotedivoire\/politique\/intemperies-a-daoukro-les-installations-funeraires-de-bedie-volent-en-eclat"},"modified":"2024-05-25T15:36:15","modified_gmt":"2024-05-25T15:36:15","slug":"intemperies-a-daoukro-les-installations-funeraires-de-bedie-volent-en-eclat","status":"publish","type":"post","link":"https:\/\/www.africa-press.net\/cotedivoire\/politique\/intemperies-a-daoukro-les-installations-funeraires-de-bedie-volent-en-eclat","title":{"rendered":"Intemp\u00e9ries \u00e0 Daoukro, les installations fun\u00e9raires de B\u00e9di\u00e9 volent en \u00e9clat"},"content":{"rendered":"<p><span style=\"color: #ff6600\"><strong>Africa-Press &#8211; C\u00f4te d&rsquo;Ivoire. <\/strong><\/span>La ville de Daoukro a e\u0301te\u0301 le the\u0301a\u0302tre d&rsquo;un bouleversement majeur ce samedi 25 mai 2024. Une forte pluie s&rsquo;est abattue sur la re\u0301gion, provoquant des de\u0301ga\u0302ts conside\u0301rables et de\u0301truisant toutes les installations pre\u0301vues pour accueillir la de\u0301pouille du pre\u0301sident Henri Konan Be\u0301die\u0301, pre\u0301vue pour demain, dimanche 26 mai 2024.<\/p>\n<p>Aux premie\u0300res heures de la matine\u0301e, des nuages sombres ont envahi le ciel de Daoukro. Ce qui a commence\u0301 comme une simple averse s&rsquo;est rapidement transforme\u0301 en une pluie torrentielle, inondant les rues et cre\u0301ant des torrents d&rsquo;eau impitoyables qui ont balaye\u0301 tout sur leur passage.<\/p>\n<p>Les installations temporaires e\u0301rige\u0301es pour l&rsquo;occasion e\u0301taient nombreuses: des tentes, des estrades, des syste\u0300mes de sonorisation et de nombreuses chaises pour accueillir les dignitaires et les milliers de sympathisants venus rendre un dernier hommage a\u0300 l&rsquo;ancien pre\u0301sident. Malheureusement, ces structures n&rsquo;ont pas re\u0301siste\u0301 a\u0300 la violence des e\u0301le\u0301ments.<\/p>\n<p>Des te\u0301moins ont rapporte\u0301 avoir vu les tentes s&rsquo;effondrer sous la pression de l&rsquo;eau, tandis que les estrades e\u0301taient litte\u0301ralement emporte\u0301es par les flots. Les syste\u0300mes de sonorisation, cruciaux pour les discours et les hommages, ont e\u0301te\u0301 noye\u0301s, rendant toute utilisation future impossible sans re\u0301parations majeures.<\/p>\n<p>L&rsquo;e\u0301quipe en charge de l&rsquo;organisation des fune\u0301railles s&rsquo;est retrouve\u0301e de\u0301sempare\u0301e devant l&rsquo;ampleur des de\u0301ga\u0302ts.<\/p>\n<p>Les be\u0301ne\u0301voles et les membres de la communaute\u0301 se sont imme\u0301diatement mobilise\u0301s pour tenter de sauver ce qui pouvait l&rsquo;e\u0302tre. Malgre\u0301 leurs efforts acharne\u0301s, il est clair que la ta\u0302che qui les attend est colossale.<\/p>\n<p>Malgre\u0301 cet e\u0301lan de solidarite\u0301, plusieurs de\u0301fis logistiques demeurent. De plus, la me\u0301te\u0301o reste incertaine, et des pre\u0301visions annoncent encore des averses pour les heures a\u0300 venir.<\/p>\n<p>La pluie qui s&rsquo;est abattue sur Daoukro ce samedi a frappe\u0301 un coup dur a\u0300 une communaute\u0301 de\u0301ja\u0300 e\u0301prouve\u0301e par la perte d&rsquo;un de ses plus illustres membres. Cependant, l&rsquo;esprit de re\u0301silience et de solidarite\u0301 qui anime les habitants et les sympathisants du pre\u0301sident Be\u0301die\u0301 pourrait bien triompher de cette e\u0301preuve.<\/p>\n\r\n                <style type=\"text\/css\">\r\n                    \r\n                    #td_uid_1_69f4bc1dcc800  .td-doubleSlider-2 .td-item1 {\r\n                        background: url(https:\/\/static.africa-press.net\/cote\/sites\/43\/2024\/05\/sm_1716638678.763979-80x60.jpg) 0 0 no-repeat;\r\n                    }\r\n                    #td_uid_1_69f4bc1dcc800  .td-doubleSlider-2 .td-item2 {\r\n                        background: url(https:\/\/static.africa-press.net\/cote\/sites\/43\/2024\/05\/sm_1716638694.13777-80x60.jpg) 0 0 no-repeat;\r\n                    }\r\n                <\/style>\r\n\r\n                <div id=\"td_uid_1_69f4bc1dcc800\" class=\"td-gallery td-slide-on-2-columns\">\r\n                    <div class=\"post_td_gallery\">\r\n                        <div class=\"td-gallery-slide-top\">\r\n                           <div class=\"td-gallery-title\"><\/div>\r\n\r\n                            <div class=\"td-gallery-controls-wrapper\">\r\n                                <div class=\"td-gallery-slide-count\"><span class=\"td-gallery-slide-item-focus\">1<\/span> de 2<\/div>\r\n                                <div class=\"td-gallery-slide-prev-next-but\">\r\n                                    <i class = \"td-icon-left doubleSliderPrevButton\"><\/i>\r\n                                    <i class = \"td-icon-right doubleSliderNextButton\"><\/i>\r\n                                <\/div>\r\n                            <\/div>\r\n                        <\/div>\r\n\r\n                        <div class = \"td-doubleSlider-1 \">\r\n                            <div class = \"td-slider\">\r\n                                \r\n                    <div class = \"td-slide-item td-item1\">\r\n                        <figure class=\"td-slide-galery-figure td-slide-popup-gallery\">\r\n                            <a class=\"slide-gallery-image-link\" href=\"https:\/\/static.africa-press.net\/cote\/sites\/43\/2024\/05\/sm_1716638678.763979.jpg\" title=\"sm_1716638678.763979\"  data-caption=\"\"  data-description=\"\">\r\n                                <img decoding=\"async\" src=\"https:\/\/static.africa-press.net\/cote\/sites\/43\/2024\/05\/sm_1716638678.763979.jpg\" srcset=\"https:\/\/static.africa-press.net\/cote\/sites\/43\/2024\/05\/sm_1716638678.763979.jpg 1000w, https:\/\/static.africa-press.net\/cote\/sites\/43\/2024\/05\/sm_1716638678.763979-300x158.jpg 300w, https:\/\/static.africa-press.net\/cote\/sites\/43\/2024\/05\/sm_1716638678.763979-768x403.jpg 768w\" sizes=\"(max-width: 1000px) 100vw, 1000px\" alt=\"\">\r\n                            <\/a>\r\n                            \r\n                        <\/figure>\r\n                    <\/div>\r\n                    <div class = \"td-slide-item td-item2\">\r\n                        <figure class=\"td-slide-galery-figure td-slide-popup-gallery\">\r\n                            <a class=\"slide-gallery-image-link\" href=\"https:\/\/static.africa-press.net\/cote\/sites\/43\/2024\/05\/sm_1716638694.13777.jpg\" title=\"sm_1716638694.13777\"  data-caption=\"\"  data-description=\"\">\r\n                                <img decoding=\"async\" src=\"https:\/\/static.africa-press.net\/cote\/sites\/43\/2024\/05\/sm_1716638694.13777.jpg\" srcset=\"https:\/\/static.africa-press.net\/cote\/sites\/43\/2024\/05\/sm_1716638694.13777.jpg 1000w, https:\/\/static.africa-press.net\/cote\/sites\/43\/2024\/05\/sm_1716638694.13777-300x153.jpg 300w, https:\/\/static.africa-press.net\/cote\/sites\/43\/2024\/05\/sm_1716638694.13777-768x392.jpg 768w\" sizes=\"(max-width: 1000px) 100vw, 1000px\" alt=\"\">\r\n                            <\/a>\r\n                            \r\n                        <\/figure>\r\n                    <\/div>\r\n                            <\/div>\r\n                        <\/div>\r\n\r\n                        <div class = \"td-doubleSlider-2\">\r\n                            <div class = \"td-slider\">\r\n                                \r\n                    <div class = \"td-button td-item1\">\r\n                        <div class = \"td-border\"><\/div>\r\n                    <\/div>\r\n                    <div class = \"td-button td-item2\">\r\n                        <div class = \"td-border\"><\/div>\r\n                    <\/div>\r\n                            <\/div>\r\n                        <\/div>\r\n\r\n                    <\/div>\r\n\r\n                <\/div>\r\n                \n<p><strong>Pour plus d&rsquo;informations et d&rsquo;analyses sur la <a href=\"https:\/\/www.africa-press.net\/cotedivoire\">C\u00f4te d&rsquo;Ivoire<\/a>, suivez <a href=\"https:\/\/www.africa-press.net\/\">Africa-Press<\/a><\/strong><\/p>\n","protected":false},"excerpt":{"rendered":"<p>Africa-Press &#8211; C\u00f4te d&rsquo;Ivoire. La ville de Daoukro a e\u0301te\u0301 le the\u0301a\u0302tre d&rsquo;un bouleversement majeur ce samedi 25 mai 2024. Une forte pluie s&rsquo;est abattue sur la re\u0301gion, provoquant des de\u0301ga\u0302ts conside\u0301rables et de\u0301truisant toutes les installations pre\u0301vues pour accueillir la de\u0301pouille du pre\u0301sident Henri Konan Be\u0301die\u0301, pre\u0301vue pour demain, dimanche 26 mai 2024. Aux [&hellip;]<\/p>\n","protected":false},"author":82,"featured_media":80678,"comment_status":"open","ping_status":"closed","sticky":false,"template":"","format":"standard","meta":{"footnotes":""},"categories":[8,2,10],"tags":[56,63,422,29,410,2089,1592,1886],"class_list":["post-80680","post","type-post","status-publish","format-standard","has-post-thumbnail","hentry","category-photo","category-politique","category-toutes-les-actualites","tag-africa-press","tag-africa-press-cote-divoire","tag-bedie","tag-cote-divoire","tag-daoukro","tag-eau","tag-pluie","tag-ville"],"yoast_head":"<!-- This site is optimized with the Yoast SEO Premium plugin v26.1 (Yoast SEO v27.0) - https:\/\/yoast.com\/product\/yoast-seo-premium-wordpress\/ -->\n<title>Intemp\u00e9ries \u00e0 Daoukro, les installations fun\u00e9raires de B\u00e9di\u00e9 volent en \u00e9clat - C\u00f4te d&#039;Ivoire<\/title>\n<meta name=\"description\" content=\"La ville de Daoukro a e\u0301te\u0301 le the\u0301a\u0302tre d&#039;un bouleversement majeur ce samedi 25 mai 2024. Une forte pluie s&#039;est abattue ...\" \/>\n<meta name=\"robots\" content=\"index, follow, max-snippet:-1, max-image-preview:large, max-video-preview:-1\" \/>\n<link rel=\"canonical\" href=\"https:\/\/www.africa-press.net\/cotedivoire\/politique\/intemperies-a-daoukro-les-installations-funeraires-de-bedie-volent-en-eclat\" \/>\n<meta property=\"og:locale\" content=\"fr_FR\" \/>\n<meta property=\"og:type\" content=\"article\" \/>\n<meta property=\"og:title\" content=\"Intemp\u00e9ries \u00e0 Daoukro, les installations fun\u00e9raires de B\u00e9di\u00e9 volent en \u00e9clat\" \/>\n<meta property=\"og:description\" content=\"La ville de Daoukro a e\u0301te\u0301 le the\u0301a\u0302tre d&#039;un bouleversement majeur ce samedi 25 mai 2024. Une forte pluie s&#039;est abattue ...\" \/>\n<meta property=\"og:url\" content=\"https:\/\/www.africa-press.net\/cotedivoire\/politique\/intemperies-a-daoukro-les-installations-funeraires-de-bedie-volent-en-eclat\" \/>\n<meta property=\"og:site_name\" content=\"C\u00f4te d&#039;Ivoire\" \/>\n<meta property=\"article:published_time\" content=\"2024-05-25T14:58:06+00:00\" \/>\n<meta property=\"article:modified_time\" content=\"2024-05-25T15:36:15+00:00\" \/>\n<meta property=\"og:image\" content=\"https:\/\/static.africa-press.net\/cote\/sites\/43\/2024\/05\/sm_1716638703.393398.jpg\" \/>\n\t<meta property=\"og:image:width\" content=\"720\" \/>\n\t<meta property=\"og:image:height\" content=\"352\" \/>\n\t<meta property=\"og:image:type\" content=\"image\/jpeg\" \/>\n<meta name=\"author\" content=\"cfeditorfr\" \/>\n<meta name=\"twitter:card\" content=\"summary_large_image\" \/>\n<meta name=\"twitter:label1\" content=\"\u00c9crit par\" \/>\n\t<meta name=\"twitter:data1\" content=\"cfeditorfr\" \/>\n\t<meta name=\"twitter:label2\" content=\"Dur\u00e9e de lecture estim\u00e9e\" \/>\n\t<meta name=\"twitter:data2\" content=\"2 minutes\" \/>\n<script type=\"application\/ld+json\" class=\"yoast-schema-graph\">{\"@context\":\"https:\/\/schema.org\",\"@graph\":[{\"@type\":\"Article\",\"@id\":\"https:\/\/www.africa-press.net\/cotedivoire\/politique\/intemperies-a-daoukro-les-installations-funeraires-de-bedie-volent-en-eclat#article\",\"isPartOf\":{\"@id\":\"https:\/\/www.africa-press.net\/cotedivoire\/politique\/intemperies-a-daoukro-les-installations-funeraires-de-bedie-volent-en-eclat\"},\"author\":{\"name\":\"cfeditorfr\",\"@id\":\"https:\/\/www.africa-press.net\/cotedivoire\/#\/schema\/person\/2b1cf3cd81a31e3cd26889ca66d677f1\"},\"headline\":\"Intemp\u00e9ries \u00e0 Daoukro, les installations fun\u00e9raires de B\u00e9di\u00e9 volent en \u00e9clat\",\"datePublished\":\"2024-05-25T14:58:06+00:00\",\"dateModified\":\"2024-05-25T15:36:15+00:00\",\"mainEntityOfPage\":{\"@id\":\"https:\/\/www.africa-press.net\/cotedivoire\/politique\/intemperies-a-daoukro-les-installations-funeraires-de-bedie-volent-en-eclat\"},\"wordCount\":432,\"commentCount\":0,\"image\":{\"@id\":\"https:\/\/www.africa-press.net\/cotedivoire\/politique\/intemperies-a-daoukro-les-installations-funeraires-de-bedie-volent-en-eclat#primaryimage\"},\"thumbnailUrl\":\"https:\/\/static.africa-press.net\/cote\/sites\/43\/2024\/05\/sm_1716638703.393398.jpg\",\"keywords\":[\"Africa Press\",\"Africa Press-C\u00f4te d'Ivoire\",\"B\u00e9di\u00e9\",\"C\u00d4TE D'IVOIRE\",\"Daoukro\",\"eau\",\"pluie\",\"ville\"],\"articleSection\":[\"Photo\",\"Politique\",\"Toutes les actualit\u00e9s\"],\"inLanguage\":\"fr-FR\",\"potentialAction\":[{\"@type\":\"CommentAction\",\"name\":\"Comment\",\"target\":[\"https:\/\/www.africa-press.net\/cotedivoire\/politique\/intemperies-a-daoukro-les-installations-funeraires-de-bedie-volent-en-eclat#respond\"]}]},{\"@type\":\"WebPage\",\"@id\":\"https:\/\/www.africa-press.net\/cotedivoire\/politique\/intemperies-a-daoukro-les-installations-funeraires-de-bedie-volent-en-eclat\",\"url\":\"https:\/\/www.africa-press.net\/cotedivoire\/politique\/intemperies-a-daoukro-les-installations-funeraires-de-bedie-volent-en-eclat\",\"name\":\"Intemp\u00e9ries \u00e0 Daoukro, les installations fun\u00e9raires de B\u00e9di\u00e9 volent en \u00e9clat - C\u00f4te d&#039;Ivoire\",\"isPartOf\":{\"@id\":\"https:\/\/www.africa-press.net\/cotedivoire\/#website\"},\"primaryImageOfPage\":{\"@id\":\"https:\/\/www.africa-press.net\/cotedivoire\/politique\/intemperies-a-daoukro-les-installations-funeraires-de-bedie-volent-en-eclat#primaryimage\"},\"image\":{\"@id\":\"https:\/\/www.africa-press.net\/cotedivoire\/politique\/intemperies-a-daoukro-les-installations-funeraires-de-bedie-volent-en-eclat#primaryimage\"},\"thumbnailUrl\":\"https:\/\/static.africa-press.net\/cote\/sites\/43\/2024\/05\/sm_1716638703.393398.jpg\",\"datePublished\":\"2024-05-25T14:58:06+00:00\",\"dateModified\":\"2024-05-25T15:36:15+00:00\",\"author\":{\"@id\":\"https:\/\/www.africa-press.net\/cotedivoire\/#\/schema\/person\/2b1cf3cd81a31e3cd26889ca66d677f1\"},\"description\":\"La ville de Daoukro a e\u0301te\u0301 le the\u0301a\u0302tre d'un bouleversement majeur ce samedi 25 mai 2024. Une forte pluie s'est abattue ...\",\"breadcrumb\":{\"@id\":\"https:\/\/www.africa-press.net\/cotedivoire\/politique\/intemperies-a-daoukro-les-installations-funeraires-de-bedie-volent-en-eclat#breadcrumb\"},\"inLanguage\":\"fr-FR\",\"potentialAction\":[{\"@type\":\"ReadAction\",\"target\":[\"https:\/\/www.africa-press.net\/cotedivoire\/politique\/intemperies-a-daoukro-les-installations-funeraires-de-bedie-volent-en-eclat\"]}]},{\"@type\":\"ImageObject\",\"inLanguage\":\"fr-FR\",\"@id\":\"https:\/\/www.africa-press.net\/cotedivoire\/politique\/intemperies-a-daoukro-les-installations-funeraires-de-bedie-volent-en-eclat#primaryimage\",\"url\":\"https:\/\/static.africa-press.net\/cote\/sites\/43\/2024\/05\/sm_1716638703.393398.jpg\",\"contentUrl\":\"https:\/\/static.africa-press.net\/cote\/sites\/43\/2024\/05\/sm_1716638703.393398.jpg\",\"width\":720,\"height\":352,\"caption\":\"Intemp\u00e9ries \u00e0 Daoukro, les installations fun\u00e9raires de B\u00e9di\u00e9 volent en \u00e9clat\"},{\"@type\":\"BreadcrumbList\",\"@id\":\"https:\/\/www.africa-press.net\/cotedivoire\/politique\/intemperies-a-daoukro-les-installations-funeraires-de-bedie-volent-en-eclat#breadcrumb\",\"itemListElement\":[{\"@type\":\"ListItem\",\"position\":1,\"name\":\"Accueil\",\"item\":\"https:\/\/www.africa-press.net\/cotedivoire\/\"},{\"@type\":\"ListItem\",\"position\":2,\"name\":\"Intemp\u00e9ries \u00e0 Daoukro, les installations fun\u00e9raires de B\u00e9di\u00e9 volent en \u00e9clat\"}]},{\"@type\":\"WebSite\",\"@id\":\"https:\/\/www.africa-press.net\/cotedivoire\/#website\",\"url\":\"https:\/\/www.africa-press.net\/cotedivoire\/\",\"name\":\"C\u00f4te d&#039;Ivoire\",\"description\":\"Just another Africa News Agency Sites site\",\"potentialAction\":[{\"@type\":\"SearchAction\",\"target\":{\"@type\":\"EntryPoint\",\"urlTemplate\":\"https:\/\/www.africa-press.net\/cotedivoire\/?s={search_term_string}\"},\"query-input\":{\"@type\":\"PropertyValueSpecification\",\"valueRequired\":true,\"valueName\":\"search_term_string\"}}],\"inLanguage\":\"fr-FR\"},{\"@type\":\"Person\",\"@id\":\"https:\/\/www.africa-press.net\/cotedivoire\/#\/schema\/person\/2b1cf3cd81a31e3cd26889ca66d677f1\",\"name\":\"cfeditorfr\"}]}<\/script>\n<!-- \/ Yoast SEO Premium plugin. -->","yoast_head_json":{"title":"Intemp\u00e9ries \u00e0 Daoukro, les installations fun\u00e9raires de B\u00e9di\u00e9 volent en \u00e9clat - C\u00f4te d&#039;Ivoire","description":"La ville de Daoukro a e\u0301te\u0301 le the\u0301a\u0302tre d'un bouleversement majeur ce samedi 25 mai 2024. Une forte pluie s'est abattue ...","robots":{"index":"index","follow":"follow","max-snippet":"max-snippet:-1","max-image-preview":"max-image-preview:large","max-video-preview":"max-video-preview:-1"},"canonical":"https:\/\/www.africa-press.net\/cotedivoire\/politique\/intemperies-a-daoukro-les-installations-funeraires-de-bedie-volent-en-eclat","og_locale":"fr_FR","og_type":"article","og_title":"Intemp\u00e9ries \u00e0 Daoukro, les installations fun\u00e9raires de B\u00e9di\u00e9 volent en \u00e9clat","og_description":"La ville de Daoukro a e\u0301te\u0301 le the\u0301a\u0302tre d'un bouleversement majeur ce samedi 25 mai 2024. Une forte pluie s'est abattue ...","og_url":"https:\/\/www.africa-press.net\/cotedivoire\/politique\/intemperies-a-daoukro-les-installations-funeraires-de-bedie-volent-en-eclat","og_site_name":"C\u00f4te d&#039;Ivoire","article_published_time":"2024-05-25T14:58:06+00:00","article_modified_time":"2024-05-25T15:36:15+00:00","og_image":[{"width":720,"height":352,"url":"https:\/\/static.africa-press.net\/cote\/sites\/43\/2024\/05\/sm_1716638703.393398.jpg","type":"image\/jpeg"}],"author":"cfeditorfr","twitter_card":"summary_large_image","twitter_misc":{"\u00c9crit par":"cfeditorfr","Dur\u00e9e de lecture estim\u00e9e":"2 minutes"},"schema":{"@context":"https:\/\/schema.org","@graph":[{"@type":"Article","@id":"https:\/\/www.africa-press.net\/cotedivoire\/politique\/intemperies-a-daoukro-les-installations-funeraires-de-bedie-volent-en-eclat#article","isPartOf":{"@id":"https:\/\/www.africa-press.net\/cotedivoire\/politique\/intemperies-a-daoukro-les-installations-funeraires-de-bedie-volent-en-eclat"},"author":{"name":"cfeditorfr","@id":"https:\/\/www.africa-press.net\/cotedivoire\/#\/schema\/person\/2b1cf3cd81a31e3cd26889ca66d677f1"},"headline":"Intemp\u00e9ries \u00e0 Daoukro, les installations fun\u00e9raires de B\u00e9di\u00e9 volent en \u00e9clat","datePublished":"2024-05-25T14:58:06+00:00","dateModified":"2024-05-25T15:36:15+00:00","mainEntityOfPage":{"@id":"https:\/\/www.africa-press.net\/cotedivoire\/politique\/intemperies-a-daoukro-les-installations-funeraires-de-bedie-volent-en-eclat"},"wordCount":432,"commentCount":0,"image":{"@id":"https:\/\/www.africa-press.net\/cotedivoire\/politique\/intemperies-a-daoukro-les-installations-funeraires-de-bedie-volent-en-eclat#primaryimage"},"thumbnailUrl":"https:\/\/static.africa-press.net\/cote\/sites\/43\/2024\/05\/sm_1716638703.393398.jpg","keywords":["Africa Press","Africa Press-C\u00f4te d'Ivoire","B\u00e9di\u00e9","C\u00d4TE D'IVOIRE","Daoukro","eau","pluie","ville"],"articleSection":["Photo","Politique","Toutes les actualit\u00e9s"],"inLanguage":"fr-FR","potentialAction":[{"@type":"CommentAction","name":"Comment","target":["https:\/\/www.africa-press.net\/cotedivoire\/politique\/intemperies-a-daoukro-les-installations-funeraires-de-bedie-volent-en-eclat#respond"]}]},{"@type":"WebPage","@id":"https:\/\/www.africa-press.net\/cotedivoire\/politique\/intemperies-a-daoukro-les-installations-funeraires-de-bedie-volent-en-eclat","url":"https:\/\/www.africa-press.net\/cotedivoire\/politique\/intemperies-a-daoukro-les-installations-funeraires-de-bedie-volent-en-eclat","name":"Intemp\u00e9ries \u00e0 Daoukro, les installations fun\u00e9raires de B\u00e9di\u00e9 volent en \u00e9clat - C\u00f4te d&#039;Ivoire","isPartOf":{"@id":"https:\/\/www.africa-press.net\/cotedivoire\/#website"},"primaryImageOfPage":{"@id":"https:\/\/www.africa-press.net\/cotedivoire\/politique\/intemperies-a-daoukro-les-installations-funeraires-de-bedie-volent-en-eclat#primaryimage"},"image":{"@id":"https:\/\/www.africa-press.net\/cotedivoire\/politique\/intemperies-a-daoukro-les-installations-funeraires-de-bedie-volent-en-eclat#primaryimage"},"thumbnailUrl":"https:\/\/static.africa-press.net\/cote\/sites\/43\/2024\/05\/sm_1716638703.393398.jpg","datePublished":"2024-05-25T14:58:06+00:00","dateModified":"2024-05-25T15:36:15+00:00","author":{"@id":"https:\/\/www.africa-press.net\/cotedivoire\/#\/schema\/person\/2b1cf3cd81a31e3cd26889ca66d677f1"},"description":"La ville de Daoukro a e\u0301te\u0301 le the\u0301a\u0302tre d'un bouleversement majeur ce samedi 25 mai 2024. Une forte pluie s'est abattue ...","breadcrumb":{"@id":"https:\/\/www.africa-press.net\/cotedivoire\/politique\/intemperies-a-daoukro-les-installations-funeraires-de-bedie-volent-en-eclat#breadcrumb"},"inLanguage":"fr-FR","potentialAction":[{"@type":"ReadAction","target":["https:\/\/www.africa-press.net\/cotedivoire\/politique\/intemperies-a-daoukro-les-installations-funeraires-de-bedie-volent-en-eclat"]}]},{"@type":"ImageObject","inLanguage":"fr-FR","@id":"https:\/\/www.africa-press.net\/cotedivoire\/politique\/intemperies-a-daoukro-les-installations-funeraires-de-bedie-volent-en-eclat#primaryimage","url":"https:\/\/static.africa-press.net\/cote\/sites\/43\/2024\/05\/sm_1716638703.393398.jpg","contentUrl":"https:\/\/static.africa-press.net\/cote\/sites\/43\/2024\/05\/sm_1716638703.393398.jpg","width":720,"height":352,"caption":"Intemp\u00e9ries \u00e0 Daoukro, les installations fun\u00e9raires de B\u00e9di\u00e9 volent en \u00e9clat"},{"@type":"BreadcrumbList","@id":"https:\/\/www.africa-press.net\/cotedivoire\/politique\/intemperies-a-daoukro-les-installations-funeraires-de-bedie-volent-en-eclat#breadcrumb","itemListElement":[{"@type":"ListItem","position":1,"name":"Accueil","item":"https:\/\/www.africa-press.net\/cotedivoire\/"},{"@type":"ListItem","position":2,"name":"Intemp\u00e9ries \u00e0 Daoukro, les installations fun\u00e9raires de B\u00e9di\u00e9 volent en \u00e9clat"}]},{"@type":"WebSite","@id":"https:\/\/www.africa-press.net\/cotedivoire\/#website","url":"https:\/\/www.africa-press.net\/cotedivoire\/","name":"C\u00f4te d&#039;Ivoire","description":"Just another Africa News Agency Sites site","potentialAction":[{"@type":"SearchAction","target":{"@type":"EntryPoint","urlTemplate":"https:\/\/www.africa-press.net\/cotedivoire\/?s={search_term_string}"},"query-input":{"@type":"PropertyValueSpecification","valueRequired":true,"valueName":"search_term_string"}}],"inLanguage":"fr-FR"},{"@type":"Person","@id":"https:\/\/www.africa-press.net\/cotedivoire\/#\/schema\/person\/2b1cf3cd81a31e3cd26889ca66d677f1","name":"cfeditorfr"}]}},"_links":{"self":[{"href":"https:\/\/www.africa-press.net\/cotedivoire\/wp-json\/wp\/v2\/posts\/80680","targetHints":{"allow":["GET"]}}],"collection":[{"href":"https:\/\/www.africa-press.net\/cotedivoire\/wp-json\/wp\/v2\/posts"}],"about":[{"href":"https:\/\/www.africa-press.net\/cotedivoire\/wp-json\/wp\/v2\/types\/post"}],"author":[{"embeddable":true,"href":"https:\/\/www.africa-press.net\/cotedivoire\/wp-json\/wp\/v2\/users\/82"}],"replies":[{"embeddable":true,"href":"https:\/\/www.africa-press.net\/cotedivoire\/wp-json\/wp\/v2\/comments?post=80680"}],"version-history":[{"count":0,"href":"https:\/\/www.africa-press.net\/cotedivoire\/wp-json\/wp\/v2\/posts\/80680\/revisions"}],"wp:featuredmedia":[{"embeddable":true,"href":"https:\/\/www.africa-press.net\/cotedivoire\/wp-json\/wp\/v2\/media\/80678"}],"wp:attachment":[{"href":"https:\/\/www.africa-press.net\/cotedivoire\/wp-json\/wp\/v2\/media?parent=80680"}],"wp:term":[{"taxonomy":"category","embeddable":true,"href":"https:\/\/www.africa-press.net\/cotedivoire\/wp-json\/wp\/v2\/categories?post=80680"},{"taxonomy":"post_tag","embeddable":true,"href":"https:\/\/www.africa-press.net\/cotedivoire\/wp-json\/wp\/v2\/tags?post=80680"}],"curies":[{"name":"wp","href":"https:\/\/api.w.org\/{rel}","templated":true}]}}