{"id":80703,"date":"2024-05-26T16:40:15","date_gmt":"2024-05-26T16:40:15","guid":{"rendered":"https:\/\/www.africa-press.net\/cotedivoire\/politique\/conseil-des-ministres-du-cames-adama-diawara-discute-avec-ses-homologues-du-maroc-et-du-congo-sur-les-problemes-structurels-de-leurs-systemes-denseignement-superieur"},"modified":"2024-05-26T18:00:44","modified_gmt":"2024-05-26T18:00:44","slug":"conseil-des-ministres-du-cames-adama-diawara-discute-avec-ses-homologues-du-maroc-et-du-congo-sur-les-problemes-structurels-de-leurs-systemes-denseignement-superieur","status":"publish","type":"post","link":"https:\/\/www.africa-press.net\/cotedivoire\/culture-et-art\/conseil-des-ministres-du-cames-adama-diawara-discute-avec-ses-homologues-du-maroc-et-du-congo-sur-les-problemes-structurels-de-leurs-systemes-denseignement-superieur","title":{"rendered":"Conseil des ministres du CAMES, Adama Diawara discute avec ses homologues du Maroc et du Congo sur les probl\u00e8mes structurels de leurs syst\u00e8mes d&rsquo;enseignement sup\u00e9rieur"},"content":{"rendered":"<p><span style=\"color: #ff6600\"><strong>Africa-Press &#8211; C\u00f4te d&rsquo;Ivoire. <\/strong><\/span>Pre\u0301sent au Congo Brazzaville ou\u0300 il prend part a\u0300 la 41e\u0300me session ordinaire du Conseil des ministres du CAMES, le Ministre Adama Diawara, en marge de l\u2019e\u0301ve\u0301nement, a e\u0301change\u0301 avec ses homologues du Maroc et du Congo.<\/p>\n<p>Avec Abdellatif MIRAOUI, le ministre marocain de l&rsquo;Enseignement supe\u0301rieur, de la Recherche scientifique et de l\u2019Innovation, le professeur Adama Diawara a aborde\u0301 les proble\u0300mes structurels de leurs syste\u0300mes d&rsquo;enseignement supe\u0301rieur, et ont de\u0301cide\u0301 de se rencontrer prochainement au Maroc pour tisser des partenariats fructueux entre les universite\u0301s ivoiriennes et marocaines.<\/p>\n<p>Il s&rsquo;est en outre, entretenu avec son homologue du Congo, Delphine E\u0301dith Emmanuel Adouki. Au sortir de cette audience, Adama Diawara a indique\u0301 avoir remercie\u0301 le pays ho\u0302te de son soutien dans l\u2019accession de l\u2019Ivoirien, le Professeur Konate\u0301 Souleymane au poste de Secre\u0301taire ge\u0301ne\u0301ral du CAMES. \u00ab Aujourd\u2019hui a\u0300 la te\u0302te du CAMES, nous avons un Ivoirien, le Prof Konate\u0301, qui a e\u0301te\u0301 brillamment e\u0301lu lors de la dernie\u0300re session e\u0301lective du CAMES, et je peux vous assurer que pour que notre compatriote puisse acce\u0301der a\u0300 cette charge, il a fallu qu\u2019un certain nombre de pays nous soutiennent. Parmi ces pays, il y a la Re\u0301publique s\u0153ur du Congo \u00bb, a indique\u0301 le ministre Diawara.<\/p>\n<p>\u00ab Je puis vous dire que lors de la campagne pour l\u2019e\u0301lection du Prof Konate\u0301, nous sommes passe\u0301s par Brazzaville et nous avons e\u0301te\u0301 chaleureusement accueillis par la ministre et surtout par le chef de l\u2019E\u0301tat congolais \u00bb, a-t-il ajoute\u0301. \u00ab Le soutien du Congo a e\u0301te\u0301 tre\u0300s de\u0301terminant \u00bb, a fait savoir le patron de l\u2019Enseignement supe\u0301rieur ivoirien.<\/p>\n<p>Au cours de cette audience, les ministres Adama Diawara et Delphine E\u0301dith Emmanuel Adouki ont e\u0301galement aborde\u0301 les proble\u0300mes structurels communs aux syste\u0300mes d\u2019enseignement supe\u0301rieur des deux pays. \u00ab Nous avons profite\u0301 de cette entrevue pour revoir ensemble un certain nombre de pre\u0301occupations, un certain nombre de proble\u0300mes syste\u0301miques qui se posent a\u0300 nos diffe\u0301rents syste\u0300mes d\u2019enseignement supe\u0301rieur \u00bb, a indique\u0301 le ministre Adama Diawara. \u00ab Il y a beaucoup de proble\u0300mes qui sont communs a\u0300 nos sous-secteurs. Il y a donc des retours d\u2019expe\u0301riences entre nos pays. Lorsqu\u2019il y a un proble\u0300me qui se pose au sous-secteur, on essaie chacun de son co\u0302te\u0301, de demander a\u0300 l\u2019autre comment le proble\u0300me est re\u0301solu a\u0300 son niveau et on s&rsquo;en inspire\u201d, a pre\u0301cise\u0301 le Ministre ivoirien.<\/p>\n<p><strong>Pour plus d&rsquo;informations et d&rsquo;analyses sur la <a href=\"https:\/\/www.africa-press.net\/cotedivoire\">C\u00f4te d&rsquo;Ivoire<\/a>, suivez <a href=\"https:\/\/www.africa-press.net\/\">Africa-Press<\/a><\/strong><\/p>\n","protected":false},"excerpt":{"rendered":"<p>Africa-Press &#8211; C\u00f4te d&rsquo;Ivoire. Pre\u0301sent au Congo Brazzaville ou\u0300 il prend part a\u0300 la 41e\u0300me session ordinaire du Conseil des ministres du CAMES, le Ministre Adama Diawara, en marge de l\u2019e\u0301ve\u0301nement, a e\u0301change\u0301 avec ses homologues du Maroc et du Congo. Avec Abdellatif MIRAOUI, le ministre marocain de l&rsquo;Enseignement supe\u0301rieur, de la Recherche scientifique et [&hellip;]<\/p>\n","protected":false},"author":82,"featured_media":80702,"comment_status":"open","ping_status":"closed","sticky":false,"template":"","format":"standard","meta":{"footnotes":""},"categories":[5,10],"tags":[617,56,63,2573,5014,29,87,615,119],"class_list":["post-80703","post","type-post","status-publish","format-standard","has-post-thumbnail","hentry","category-culture-et-art","category-toutes-les-actualites","tag-adama-diawara","tag-africa-press","tag-africa-press-cote-divoire","tag-benin","tag-cames","tag-cote-divoire","tag-enseignement","tag-superieur","tag-togo"],"yoast_head":"<!-- This site is optimized with the Yoast SEO Premium plugin v26.1 (Yoast SEO v27.0) - https:\/\/yoast.com\/product\/yoast-seo-premium-wordpress\/ -->\n<title>Conseil des ministres du CAMES, Adama Diawara discute avec ses homologues du Maroc et du Congo sur les probl\u00e8mes structurels de leurs syst\u00e8mes d&#039;enseignement sup\u00e9rieur - C\u00f4te d&#039;Ivoire<\/title>\n<meta name=\"description\" content=\"Pre\u0301sent au Congo Brazzaville ou\u0300 il prend part a\u0300 la 41e\u0300me session ordinaire du Conseil des ministres du CAMES, le Min ...\" \/>\n<meta name=\"robots\" content=\"index, follow, max-snippet:-1, max-image-preview:large, max-video-preview:-1\" \/>\n<link rel=\"canonical\" href=\"https:\/\/www.africa-press.net\/cotedivoire\/culture-et-art\/conseil-des-ministres-du-cames-adama-diawara-discute-avec-ses-homologues-du-maroc-et-du-congo-sur-les-problemes-structurels-de-leurs-systemes-denseignement-superieur\" \/>\n<meta property=\"og:locale\" content=\"fr_FR\" \/>\n<meta property=\"og:type\" content=\"article\" \/>\n<meta property=\"og:title\" content=\"Conseil des ministres du CAMES, Adama Diawara discute avec ses homologues du Maroc et du Congo sur les probl\u00e8mes structurels de leurs syst\u00e8mes d&#039;enseignement sup\u00e9rieur\" \/>\n<meta property=\"og:description\" content=\"Pre\u0301sent au Congo Brazzaville ou\u0300 il prend part a\u0300 la 41e\u0300me session ordinaire du Conseil des ministres du CAMES, le Min ...\" \/>\n<meta property=\"og:url\" content=\"https:\/\/www.africa-press.net\/cotedivoire\/culture-et-art\/conseil-des-ministres-du-cames-adama-diawara-discute-avec-ses-homologues-du-maroc-et-du-congo-sur-les-problemes-structurels-de-leurs-systemes-denseignement-superieur\" \/>\n<meta property=\"og:site_name\" content=\"C\u00f4te d&#039;Ivoire\" \/>\n<meta property=\"article:published_time\" content=\"2024-05-26T16:40:15+00:00\" \/>\n<meta property=\"article:modified_time\" content=\"2024-05-26T18:00:44+00:00\" \/>\n<meta property=\"og:image\" content=\"https:\/\/static.africa-press.net\/cote\/sites\/43\/2024\/05\/sm_1716733717.623349.jpg\" \/>\n\t<meta property=\"og:image:width\" content=\"720\" \/>\n\t<meta property=\"og:image:height\" content=\"540\" \/>\n\t<meta property=\"og:image:type\" content=\"image\/jpeg\" \/>\n<meta name=\"author\" content=\"cfeditorfr\" \/>\n<meta name=\"twitter:card\" content=\"summary_large_image\" \/>\n<meta name=\"twitter:label1\" content=\"\u00c9crit par\" \/>\n\t<meta name=\"twitter:data1\" content=\"cfeditorfr\" \/>\n\t<meta name=\"twitter:label2\" content=\"Dur\u00e9e de lecture estim\u00e9e\" \/>\n\t<meta name=\"twitter:data2\" content=\"2 minutes\" \/>\n<script type=\"application\/ld+json\" class=\"yoast-schema-graph\">{\"@context\":\"https:\/\/schema.org\",\"@graph\":[{\"@type\":\"Article\",\"@id\":\"https:\/\/www.africa-press.net\/cotedivoire\/culture-et-art\/conseil-des-ministres-du-cames-adama-diawara-discute-avec-ses-homologues-du-maroc-et-du-congo-sur-les-problemes-structurels-de-leurs-systemes-denseignement-superieur#article\",\"isPartOf\":{\"@id\":\"https:\/\/www.africa-press.net\/cotedivoire\/culture-et-art\/conseil-des-ministres-du-cames-adama-diawara-discute-avec-ses-homologues-du-maroc-et-du-congo-sur-les-problemes-structurels-de-leurs-systemes-denseignement-superieur\"},\"author\":{\"name\":\"cfeditorfr\",\"@id\":\"https:\/\/www.africa-press.net\/cotedivoire\/#\/schema\/person\/2b1cf3cd81a31e3cd26889ca66d677f1\"},\"headline\":\"Conseil des ministres du CAMES, Adama Diawara discute avec ses homologues du Maroc et du Congo sur les probl\u00e8mes structurels de leurs syst\u00e8mes d&rsquo;enseignement sup\u00e9rieur\",\"datePublished\":\"2024-05-26T16:40:15+00:00\",\"dateModified\":\"2024-05-26T18:00:44+00:00\",\"mainEntityOfPage\":{\"@id\":\"https:\/\/www.africa-press.net\/cotedivoire\/culture-et-art\/conseil-des-ministres-du-cames-adama-diawara-discute-avec-ses-homologues-du-maroc-et-du-congo-sur-les-problemes-structurels-de-leurs-systemes-denseignement-superieur\"},\"wordCount\":495,\"commentCount\":0,\"image\":{\"@id\":\"https:\/\/www.africa-press.net\/cotedivoire\/culture-et-art\/conseil-des-ministres-du-cames-adama-diawara-discute-avec-ses-homologues-du-maroc-et-du-congo-sur-les-problemes-structurels-de-leurs-systemes-denseignement-superieur#primaryimage\"},\"thumbnailUrl\":\"https:\/\/static.africa-press.net\/cote\/sites\/43\/2024\/05\/sm_1716733717.623349.jpg\",\"keywords\":[\"Adama Diawara\",\"Africa Press\",\"Africa Press-C\u00f4te d'Ivoire\",\"B\u00e9nin\",\"CAMES\",\"C\u00d4TE D'IVOIRE\",\"Enseignement\",\"sup\u00e9rieur\",\"Togo\"],\"articleSection\":[\"Culture et Art\",\"Toutes les actualit\u00e9s\"],\"inLanguage\":\"fr-FR\",\"potentialAction\":[{\"@type\":\"CommentAction\",\"name\":\"Comment\",\"target\":[\"https:\/\/www.africa-press.net\/cotedivoire\/culture-et-art\/conseil-des-ministres-du-cames-adama-diawara-discute-avec-ses-homologues-du-maroc-et-du-congo-sur-les-problemes-structurels-de-leurs-systemes-denseignement-superieur#respond\"]}]},{\"@type\":\"WebPage\",\"@id\":\"https:\/\/www.africa-press.net\/cotedivoire\/culture-et-art\/conseil-des-ministres-du-cames-adama-diawara-discute-avec-ses-homologues-du-maroc-et-du-congo-sur-les-problemes-structurels-de-leurs-systemes-denseignement-superieur\",\"url\":\"https:\/\/www.africa-press.net\/cotedivoire\/culture-et-art\/conseil-des-ministres-du-cames-adama-diawara-discute-avec-ses-homologues-du-maroc-et-du-congo-sur-les-problemes-structurels-de-leurs-systemes-denseignement-superieur\",\"name\":\"Conseil des ministres du CAMES, Adama Diawara discute avec ses homologues du Maroc et du Congo sur les probl\u00e8mes structurels de leurs syst\u00e8mes d'enseignement sup\u00e9rieur - C\u00f4te d&#039;Ivoire\",\"isPartOf\":{\"@id\":\"https:\/\/www.africa-press.net\/cotedivoire\/#website\"},\"primaryImageOfPage\":{\"@id\":\"https:\/\/www.africa-press.net\/cotedivoire\/culture-et-art\/conseil-des-ministres-du-cames-adama-diawara-discute-avec-ses-homologues-du-maroc-et-du-congo-sur-les-problemes-structurels-de-leurs-systemes-denseignement-superieur#primaryimage\"},\"image\":{\"@id\":\"https:\/\/www.africa-press.net\/cotedivoire\/culture-et-art\/conseil-des-ministres-du-cames-adama-diawara-discute-avec-ses-homologues-du-maroc-et-du-congo-sur-les-problemes-structurels-de-leurs-systemes-denseignement-superieur#primaryimage\"},\"thumbnailUrl\":\"https:\/\/static.africa-press.net\/cote\/sites\/43\/2024\/05\/sm_1716733717.623349.jpg\",\"datePublished\":\"2024-05-26T16:40:15+00:00\",\"dateModified\":\"2024-05-26T18:00:44+00:00\",\"author\":{\"@id\":\"https:\/\/www.africa-press.net\/cotedivoire\/#\/schema\/person\/2b1cf3cd81a31e3cd26889ca66d677f1\"},\"description\":\"Pre\u0301sent au Congo Brazzaville ou\u0300 il prend part a\u0300 la 41e\u0300me session ordinaire du Conseil des ministres du CAMES, le Min ...\",\"breadcrumb\":{\"@id\":\"https:\/\/www.africa-press.net\/cotedivoire\/culture-et-art\/conseil-des-ministres-du-cames-adama-diawara-discute-avec-ses-homologues-du-maroc-et-du-congo-sur-les-problemes-structurels-de-leurs-systemes-denseignement-superieur#breadcrumb\"},\"inLanguage\":\"fr-FR\",\"potentialAction\":[{\"@type\":\"ReadAction\",\"target\":[\"https:\/\/www.africa-press.net\/cotedivoire\/culture-et-art\/conseil-des-ministres-du-cames-adama-diawara-discute-avec-ses-homologues-du-maroc-et-du-congo-sur-les-problemes-structurels-de-leurs-systemes-denseignement-superieur\"]}]},{\"@type\":\"ImageObject\",\"inLanguage\":\"fr-FR\",\"@id\":\"https:\/\/www.africa-press.net\/cotedivoire\/culture-et-art\/conseil-des-ministres-du-cames-adama-diawara-discute-avec-ses-homologues-du-maroc-et-du-congo-sur-les-problemes-structurels-de-leurs-systemes-denseignement-superieur#primaryimage\",\"url\":\"https:\/\/static.africa-press.net\/cote\/sites\/43\/2024\/05\/sm_1716733717.623349.jpg\",\"contentUrl\":\"https:\/\/static.africa-press.net\/cote\/sites\/43\/2024\/05\/sm_1716733717.623349.jpg\",\"width\":720,\"height\":540,\"caption\":\"Conseil des ministres du CAMES, Adama Diawara discute avec ses homologues du Maroc et du Congo sur les probl\u00e8mes structurels de leurs syst\u00e8mes d'enseignement sup\u00e9rieur\"},{\"@type\":\"BreadcrumbList\",\"@id\":\"https:\/\/www.africa-press.net\/cotedivoire\/culture-et-art\/conseil-des-ministres-du-cames-adama-diawara-discute-avec-ses-homologues-du-maroc-et-du-congo-sur-les-problemes-structurels-de-leurs-systemes-denseignement-superieur#breadcrumb\",\"itemListElement\":[{\"@type\":\"ListItem\",\"position\":1,\"name\":\"Accueil\",\"item\":\"https:\/\/www.africa-press.net\/cotedivoire\/\"},{\"@type\":\"ListItem\",\"position\":2,\"name\":\"Conseil des ministres du CAMES, Adama Diawara discute avec ses homologues du Maroc et du Congo sur les probl\u00e8mes structurels de leurs syst\u00e8mes d&#8217;enseignement sup\u00e9rieur\"}]},{\"@type\":\"WebSite\",\"@id\":\"https:\/\/www.africa-press.net\/cotedivoire\/#website\",\"url\":\"https:\/\/www.africa-press.net\/cotedivoire\/\",\"name\":\"C\u00f4te d&#039;Ivoire\",\"description\":\"Just another Africa News Agency Sites site\",\"potentialAction\":[{\"@type\":\"SearchAction\",\"target\":{\"@type\":\"EntryPoint\",\"urlTemplate\":\"https:\/\/www.africa-press.net\/cotedivoire\/?s={search_term_string}\"},\"query-input\":{\"@type\":\"PropertyValueSpecification\",\"valueRequired\":true,\"valueName\":\"search_term_string\"}}],\"inLanguage\":\"fr-FR\"},{\"@type\":\"Person\",\"@id\":\"https:\/\/www.africa-press.net\/cotedivoire\/#\/schema\/person\/2b1cf3cd81a31e3cd26889ca66d677f1\",\"name\":\"cfeditorfr\"}]}<\/script>\n<!-- \/ Yoast SEO Premium plugin. -->","yoast_head_json":{"title":"Conseil des ministres du CAMES, Adama Diawara discute avec ses homologues du Maroc et du Congo sur les probl\u00e8mes structurels de leurs syst\u00e8mes d'enseignement sup\u00e9rieur - C\u00f4te d&#039;Ivoire","description":"Pre\u0301sent au Congo Brazzaville ou\u0300 il prend part a\u0300 la 41e\u0300me session ordinaire du Conseil des ministres du CAMES, le Min ...","robots":{"index":"index","follow":"follow","max-snippet":"max-snippet:-1","max-image-preview":"max-image-preview:large","max-video-preview":"max-video-preview:-1"},"canonical":"https:\/\/www.africa-press.net\/cotedivoire\/culture-et-art\/conseil-des-ministres-du-cames-adama-diawara-discute-avec-ses-homologues-du-maroc-et-du-congo-sur-les-problemes-structurels-de-leurs-systemes-denseignement-superieur","og_locale":"fr_FR","og_type":"article","og_title":"Conseil des ministres du CAMES, Adama Diawara discute avec ses homologues du Maroc et du Congo sur les probl\u00e8mes structurels de leurs syst\u00e8mes d'enseignement sup\u00e9rieur","og_description":"Pre\u0301sent au Congo Brazzaville ou\u0300 il prend part a\u0300 la 41e\u0300me session ordinaire du Conseil des ministres du CAMES, le Min ...","og_url":"https:\/\/www.africa-press.net\/cotedivoire\/culture-et-art\/conseil-des-ministres-du-cames-adama-diawara-discute-avec-ses-homologues-du-maroc-et-du-congo-sur-les-problemes-structurels-de-leurs-systemes-denseignement-superieur","og_site_name":"C\u00f4te d&#039;Ivoire","article_published_time":"2024-05-26T16:40:15+00:00","article_modified_time":"2024-05-26T18:00:44+00:00","og_image":[{"width":720,"height":540,"url":"https:\/\/static.africa-press.net\/cote\/sites\/43\/2024\/05\/sm_1716733717.623349.jpg","type":"image\/jpeg"}],"author":"cfeditorfr","twitter_card":"summary_large_image","twitter_misc":{"\u00c9crit par":"cfeditorfr","Dur\u00e9e de lecture estim\u00e9e":"2 minutes"},"schema":{"@context":"https:\/\/schema.org","@graph":[{"@type":"Article","@id":"https:\/\/www.africa-press.net\/cotedivoire\/culture-et-art\/conseil-des-ministres-du-cames-adama-diawara-discute-avec-ses-homologues-du-maroc-et-du-congo-sur-les-problemes-structurels-de-leurs-systemes-denseignement-superieur#article","isPartOf":{"@id":"https:\/\/www.africa-press.net\/cotedivoire\/culture-et-art\/conseil-des-ministres-du-cames-adama-diawara-discute-avec-ses-homologues-du-maroc-et-du-congo-sur-les-problemes-structurels-de-leurs-systemes-denseignement-superieur"},"author":{"name":"cfeditorfr","@id":"https:\/\/www.africa-press.net\/cotedivoire\/#\/schema\/person\/2b1cf3cd81a31e3cd26889ca66d677f1"},"headline":"Conseil des ministres du CAMES, Adama Diawara discute avec ses homologues du Maroc et du Congo sur les probl\u00e8mes structurels de leurs syst\u00e8mes d&rsquo;enseignement sup\u00e9rieur","datePublished":"2024-05-26T16:40:15+00:00","dateModified":"2024-05-26T18:00:44+00:00","mainEntityOfPage":{"@id":"https:\/\/www.africa-press.net\/cotedivoire\/culture-et-art\/conseil-des-ministres-du-cames-adama-diawara-discute-avec-ses-homologues-du-maroc-et-du-congo-sur-les-problemes-structurels-de-leurs-systemes-denseignement-superieur"},"wordCount":495,"commentCount":0,"image":{"@id":"https:\/\/www.africa-press.net\/cotedivoire\/culture-et-art\/conseil-des-ministres-du-cames-adama-diawara-discute-avec-ses-homologues-du-maroc-et-du-congo-sur-les-problemes-structurels-de-leurs-systemes-denseignement-superieur#primaryimage"},"thumbnailUrl":"https:\/\/static.africa-press.net\/cote\/sites\/43\/2024\/05\/sm_1716733717.623349.jpg","keywords":["Adama Diawara","Africa Press","Africa Press-C\u00f4te d'Ivoire","B\u00e9nin","CAMES","C\u00d4TE D'IVOIRE","Enseignement","sup\u00e9rieur","Togo"],"articleSection":["Culture et Art","Toutes les actualit\u00e9s"],"inLanguage":"fr-FR","potentialAction":[{"@type":"CommentAction","name":"Comment","target":["https:\/\/www.africa-press.net\/cotedivoire\/culture-et-art\/conseil-des-ministres-du-cames-adama-diawara-discute-avec-ses-homologues-du-maroc-et-du-congo-sur-les-problemes-structurels-de-leurs-systemes-denseignement-superieur#respond"]}]},{"@type":"WebPage","@id":"https:\/\/www.africa-press.net\/cotedivoire\/culture-et-art\/conseil-des-ministres-du-cames-adama-diawara-discute-avec-ses-homologues-du-maroc-et-du-congo-sur-les-problemes-structurels-de-leurs-systemes-denseignement-superieur","url":"https:\/\/www.africa-press.net\/cotedivoire\/culture-et-art\/conseil-des-ministres-du-cames-adama-diawara-discute-avec-ses-homologues-du-maroc-et-du-congo-sur-les-problemes-structurels-de-leurs-systemes-denseignement-superieur","name":"Conseil des ministres du CAMES, Adama Diawara discute avec ses homologues du Maroc et du Congo sur les probl\u00e8mes structurels de leurs syst\u00e8mes d'enseignement sup\u00e9rieur - C\u00f4te d&#039;Ivoire","isPartOf":{"@id":"https:\/\/www.africa-press.net\/cotedivoire\/#website"},"primaryImageOfPage":{"@id":"https:\/\/www.africa-press.net\/cotedivoire\/culture-et-art\/conseil-des-ministres-du-cames-adama-diawara-discute-avec-ses-homologues-du-maroc-et-du-congo-sur-les-problemes-structurels-de-leurs-systemes-denseignement-superieur#primaryimage"},"image":{"@id":"https:\/\/www.africa-press.net\/cotedivoire\/culture-et-art\/conseil-des-ministres-du-cames-adama-diawara-discute-avec-ses-homologues-du-maroc-et-du-congo-sur-les-problemes-structurels-de-leurs-systemes-denseignement-superieur#primaryimage"},"thumbnailUrl":"https:\/\/static.africa-press.net\/cote\/sites\/43\/2024\/05\/sm_1716733717.623349.jpg","datePublished":"2024-05-26T16:40:15+00:00","dateModified":"2024-05-26T18:00:44+00:00","author":{"@id":"https:\/\/www.africa-press.net\/cotedivoire\/#\/schema\/person\/2b1cf3cd81a31e3cd26889ca66d677f1"},"description":"Pre\u0301sent au Congo Brazzaville ou\u0300 il prend part a\u0300 la 41e\u0300me session ordinaire du Conseil des ministres du CAMES, le Min ...","breadcrumb":{"@id":"https:\/\/www.africa-press.net\/cotedivoire\/culture-et-art\/conseil-des-ministres-du-cames-adama-diawara-discute-avec-ses-homologues-du-maroc-et-du-congo-sur-les-problemes-structurels-de-leurs-systemes-denseignement-superieur#breadcrumb"},"inLanguage":"fr-FR","potentialAction":[{"@type":"ReadAction","target":["https:\/\/www.africa-press.net\/cotedivoire\/culture-et-art\/conseil-des-ministres-du-cames-adama-diawara-discute-avec-ses-homologues-du-maroc-et-du-congo-sur-les-problemes-structurels-de-leurs-systemes-denseignement-superieur"]}]},{"@type":"ImageObject","inLanguage":"fr-FR","@id":"https:\/\/www.africa-press.net\/cotedivoire\/culture-et-art\/conseil-des-ministres-du-cames-adama-diawara-discute-avec-ses-homologues-du-maroc-et-du-congo-sur-les-problemes-structurels-de-leurs-systemes-denseignement-superieur#primaryimage","url":"https:\/\/static.africa-press.net\/cote\/sites\/43\/2024\/05\/sm_1716733717.623349.jpg","contentUrl":"https:\/\/static.africa-press.net\/cote\/sites\/43\/2024\/05\/sm_1716733717.623349.jpg","width":720,"height":540,"caption":"Conseil des ministres du CAMES, Adama Diawara discute avec ses homologues du Maroc et du Congo sur les probl\u00e8mes structurels de leurs syst\u00e8mes d'enseignement sup\u00e9rieur"},{"@type":"BreadcrumbList","@id":"https:\/\/www.africa-press.net\/cotedivoire\/culture-et-art\/conseil-des-ministres-du-cames-adama-diawara-discute-avec-ses-homologues-du-maroc-et-du-congo-sur-les-problemes-structurels-de-leurs-systemes-denseignement-superieur#breadcrumb","itemListElement":[{"@type":"ListItem","position":1,"name":"Accueil","item":"https:\/\/www.africa-press.net\/cotedivoire\/"},{"@type":"ListItem","position":2,"name":"Conseil des ministres du CAMES, Adama Diawara discute avec ses homologues du Maroc et du Congo sur les probl\u00e8mes structurels de leurs syst\u00e8mes d&#8217;enseignement sup\u00e9rieur"}]},{"@type":"WebSite","@id":"https:\/\/www.africa-press.net\/cotedivoire\/#website","url":"https:\/\/www.africa-press.net\/cotedivoire\/","name":"C\u00f4te d&#039;Ivoire","description":"Just another Africa News Agency Sites site","potentialAction":[{"@type":"SearchAction","target":{"@type":"EntryPoint","urlTemplate":"https:\/\/www.africa-press.net\/cotedivoire\/?s={search_term_string}"},"query-input":{"@type":"PropertyValueSpecification","valueRequired":true,"valueName":"search_term_string"}}],"inLanguage":"fr-FR"},{"@type":"Person","@id":"https:\/\/www.africa-press.net\/cotedivoire\/#\/schema\/person\/2b1cf3cd81a31e3cd26889ca66d677f1","name":"cfeditorfr"}]}},"_links":{"self":[{"href":"https:\/\/www.africa-press.net\/cotedivoire\/wp-json\/wp\/v2\/posts\/80703","targetHints":{"allow":["GET"]}}],"collection":[{"href":"https:\/\/www.africa-press.net\/cotedivoire\/wp-json\/wp\/v2\/posts"}],"about":[{"href":"https:\/\/www.africa-press.net\/cotedivoire\/wp-json\/wp\/v2\/types\/post"}],"author":[{"embeddable":true,"href":"https:\/\/www.africa-press.net\/cotedivoire\/wp-json\/wp\/v2\/users\/82"}],"replies":[{"embeddable":true,"href":"https:\/\/www.africa-press.net\/cotedivoire\/wp-json\/wp\/v2\/comments?post=80703"}],"version-history":[{"count":0,"href":"https:\/\/www.africa-press.net\/cotedivoire\/wp-json\/wp\/v2\/posts\/80703\/revisions"}],"wp:featuredmedia":[{"embeddable":true,"href":"https:\/\/www.africa-press.net\/cotedivoire\/wp-json\/wp\/v2\/media\/80702"}],"wp:attachment":[{"href":"https:\/\/www.africa-press.net\/cotedivoire\/wp-json\/wp\/v2\/media?parent=80703"}],"wp:term":[{"taxonomy":"category","embeddable":true,"href":"https:\/\/www.africa-press.net\/cotedivoire\/wp-json\/wp\/v2\/categories?post=80703"},{"taxonomy":"post_tag","embeddable":true,"href":"https:\/\/www.africa-press.net\/cotedivoire\/wp-json\/wp\/v2\/tags?post=80703"}],"curies":[{"name":"wp","href":"https:\/\/api.w.org\/{rel}","templated":true}]}}