{"id":8078,"date":"2021-05-22T13:18:15","date_gmt":"2021-05-22T13:18:15","guid":{"rendered":"https:\/\/www.africa-press.net\/cotedivoire\/?p=8078"},"modified":"2021-05-22T14:44:37","modified_gmt":"2021-05-22T14:44:37","slug":"en-cote-divoire-la-date-du-retour-du-president-laurent-gbagbo-toujours-pas-connue","status":"publish","type":"post","link":"https:\/\/www.africa-press.net\/cotedivoire\/politique\/en-cote-divoire-la-date-du-retour-du-president-laurent-gbagbo-toujours-pas-connue","title":{"rendered":"En C\u00f4te-d\u2019Ivoire la date du retour du Pr\u00e9sident Laurent Gbagbo toujours pas connue"},"content":{"rendered":"<p><span style=\"color: #ff6600\"><strong><a href=\"https:\/\/www.africa-press.net\/\">Africa-Press<\/a> &#8211; <a href=\"https:\/\/www.africa-press.net\/cotedivoire\">C\u00f4te d&rsquo;Ivoire<\/a>. <\/strong><\/span>Le pr\u00e9sident Laurent Gbagbo annoncera lui-m\u00eame la date de son retour quand toutes les questions li\u00e9es \u00e0 son retour seront r\u00e9gl\u00e9es parce que nous voulons un retour triomphal et aux allure d\u2019une f\u00eate populaire mais s\u00e9curis\u00e9.<\/p>\n<p>\u00ab Gbagbo Laurent est en route pour Abidjan et cela n\u2019est plus un sujet \u00e0 d\u00e9bat. Il a \u00e9t\u00e9 totalement acquitt\u00e9 par la cour p\u00e9nale internationale depuis le 31 mars. Mais avant ce jour tant attendu par l\u2019ensemble des ivoiriens et des d\u00e9mocrates du monde entier, le comit\u00e9 charg\u00e9 des pr\u00e9paratifs de ce retour a \u00e9t\u00e9 officiellement pr\u00e9sent\u00e9 ce jour \u00e0 l\u2019occasion d\u2019une conf\u00e9rence de presse anim\u00e9e par Emmanuel L\u00e9on MONNET par ailleurs coordonnateur g\u00e9n\u00e9ral dudit comit\u00e9 ce jeudi 20 mai 2021 \u00e0 l\u2019h\u00f4tel Palm club Cocody.<\/p>\n<p>L\u00c9ON MONNET PRESENTE SON COMIT\u00c9<\/p>\n<p>Le comit\u00e9 en charge des pr\u00e9paratifs pour le retour de l\u2019ex-pr\u00e9sident Laurent Gbagbo est compos\u00e9 d\u2019une coordination g\u00e9n\u00e9rale, un comit\u00e9 national et d\u2019une commission technique. Le conf\u00e9rencier a lanc\u00e9 un appel \u00e0 l\u2019encontre de toutes les initiatives qui s\u2019inscrivent dans les pr\u00e9paratifs \u00e0 prendre attache avec la coordination g\u00e9n\u00e9rale pour un travail en synergie car dira-t-il \u00ab nous devons r\u00e9server un accueil digne \u00e0 Laurent Gbagbo. Laurent Gbagbo pour sa capacit\u00e9 \u00e0 faire face \u00e0 toutes les adversit\u00e9s, pour avoir triomph\u00e9 de la justice internationale m\u00e9rite que nous nous mobilisons pour lui r\u00e9server un accueil m\u00e9morable qui devra marquer les esprits \u00bb. Et de continuer que \u00ab Laurent Gbagbo revient dans son pays pour la paix, pour donner chance \u00e0 la r\u00e9conciliation entre les filles et les fils de notre beau pays \u00bb. A cet effet, le conf\u00e9rencier a \u00e9gren\u00e9 toutes les d\u00e9marches effectu\u00e9es par la coordination depuis sa nomination, les actions \u00e0 court et moyen terme. \u00ab Nous sommes en contact avec toutes les chancelleries et travaillons en parfaite intelligence avec les autorit\u00e9s publiques \u00bb.<\/p>\n<p>Quant aux marches organis\u00e9es par ceux qui s\u2019opposent au retour de son r\u00e9f\u00e9rent politique, L\u00e9on Monnet a dit observer avec stup\u00e9faction ces agissements et dit s\u2019en remettre aux autorit\u00e9s publiques pour rendre irr\u00e9versible le processus de r\u00e9conciliation d\u00e9j\u00e0 enclench\u00e9. \u00ab Dans ce qui s\u2019est pass\u00e9 dans notre pays, nous sommes tous des victimes, chacun \u00e0 son niveau. Le pr\u00e9sident Laurent Gbagbo qui a injustement pass\u00e9 10 ann\u00e9es de sa vie dans diff\u00e9rentes prisons est lui-m\u00eame une grande victime. Mais allons \u00e0 la paix et \u00e0 la r\u00e9conciliation \u00bb dira-t-il pour conclure.<\/p>\n<p>&nbsp;<\/p>\n","protected":false},"excerpt":{"rendered":"<p>Africa-Press &#8211; C\u00f4te d&rsquo;Ivoire. Le pr\u00e9sident Laurent Gbagbo annoncera lui-m\u00eame la date de son retour quand toutes les questions li\u00e9es \u00e0 son retour seront r\u00e9gl\u00e9es parce que nous voulons un retour triomphal et aux allure d\u2019une f\u00eate populaire mais s\u00e9curis\u00e9. \u00ab Gbagbo Laurent est en route pour Abidjan et cela n\u2019est plus un sujet \u00e0 [&hellip;]<\/p>\n","protected":false},"author":82,"featured_media":8077,"comment_status":"open","ping_status":"closed","sticky":false,"template":"","format":"standard","meta":{"footnotes":""},"categories":[11,2,10],"tags":[56,63,29],"class_list":["post-8078","post","type-post","status-publish","format-standard","has-post-thumbnail","hentry","category-homepage-french","category-politique","category-toutes-les-actualites","tag-africa-press","tag-africa-press-cote-divoire","tag-cote-divoire"],"yoast_head":"<!-- This site is optimized with the Yoast SEO Premium plugin v26.1 (Yoast SEO v27.0) - https:\/\/yoast.com\/product\/yoast-seo-premium-wordpress\/ -->\n<title>En C\u00f4te-d\u2019Ivoire la date du retour du Pr\u00e9sident Laurent Gbagbo toujours pas connue - C\u00f4te d&#039;Ivoire<\/title>\n<meta name=\"description\" content=\"Le pr\u00e9sident Laurent Gbagbo annoncera lui-m\u00eame la date de son retour quand toutes les questions li\u00e9es \u00e0 son retour seron ...\" \/>\n<meta name=\"robots\" content=\"index, follow, max-snippet:-1, max-image-preview:large, max-video-preview:-1\" \/>\n<link rel=\"canonical\" href=\"https:\/\/www.africa-press.net\/cotedivoire\/politique\/en-cote-divoire-la-date-du-retour-du-president-laurent-gbagbo-toujours-pas-connue\" \/>\n<meta property=\"og:locale\" content=\"fr_FR\" \/>\n<meta property=\"og:type\" content=\"article\" \/>\n<meta property=\"og:title\" content=\"En C\u00f4te-d\u2019Ivoire la date du retour du Pr\u00e9sident Laurent Gbagbo toujours pas connue\" \/>\n<meta property=\"og:description\" content=\"Le pr\u00e9sident Laurent Gbagbo annoncera lui-m\u00eame la date de son retour quand toutes les questions li\u00e9es \u00e0 son retour seron ...\" \/>\n<meta property=\"og:url\" content=\"https:\/\/www.africa-press.net\/cotedivoire\/politique\/en-cote-divoire-la-date-du-retour-du-president-laurent-gbagbo-toujours-pas-connue\" \/>\n<meta property=\"og:site_name\" content=\"C\u00f4te d&#039;Ivoire\" \/>\n<meta property=\"article:published_time\" content=\"2021-05-22T13:18:15+00:00\" \/>\n<meta property=\"article:modified_time\" content=\"2021-05-22T14:44:37+00:00\" \/>\n<meta property=\"og:image\" content=\"https:\/\/static.africa-press.net\/cote\/sites\/43\/2021\/05\/img-60a8ff5ebf108.jpg\" \/>\n\t<meta property=\"og:image:width\" content=\"1040\" \/>\n\t<meta property=\"og:image:height\" content=\"780\" \/>\n\t<meta property=\"og:image:type\" content=\"image\/jpeg\" \/>\n<meta name=\"author\" content=\"cfeditorfr\" \/>\n<meta name=\"twitter:card\" content=\"summary_large_image\" \/>\n<meta name=\"twitter:label1\" content=\"\u00c9crit par\" \/>\n\t<meta name=\"twitter:data1\" content=\"cfeditorfr\" \/>\n\t<meta name=\"twitter:label2\" content=\"Dur\u00e9e de lecture estim\u00e9e\" \/>\n\t<meta name=\"twitter:data2\" content=\"2 minutes\" \/>\n<script type=\"application\/ld+json\" class=\"yoast-schema-graph\">{\"@context\":\"https:\/\/schema.org\",\"@graph\":[{\"@type\":\"Article\",\"@id\":\"https:\/\/www.africa-press.net\/cotedivoire\/politique\/en-cote-divoire-la-date-du-retour-du-president-laurent-gbagbo-toujours-pas-connue#article\",\"isPartOf\":{\"@id\":\"https:\/\/www.africa-press.net\/cotedivoire\/politique\/en-cote-divoire-la-date-du-retour-du-president-laurent-gbagbo-toujours-pas-connue\"},\"author\":{\"name\":\"cfeditorfr\",\"@id\":\"https:\/\/www.africa-press.net\/cotedivoire\/#\/schema\/person\/2b1cf3cd81a31e3cd26889ca66d677f1\"},\"headline\":\"En C\u00f4te-d\u2019Ivoire la date du retour du Pr\u00e9sident Laurent Gbagbo toujours pas connue\",\"datePublished\":\"2021-05-22T13:18:15+00:00\",\"dateModified\":\"2021-05-22T14:44:37+00:00\",\"mainEntityOfPage\":{\"@id\":\"https:\/\/www.africa-press.net\/cotedivoire\/politique\/en-cote-divoire-la-date-du-retour-du-president-laurent-gbagbo-toujours-pas-connue\"},\"wordCount\":456,\"commentCount\":0,\"image\":{\"@id\":\"https:\/\/www.africa-press.net\/cotedivoire\/politique\/en-cote-divoire-la-date-du-retour-du-president-laurent-gbagbo-toujours-pas-connue#primaryimage\"},\"thumbnailUrl\":\"https:\/\/static.africa-press.net\/cote\/sites\/43\/2021\/05\/img-60a8ff5ebf108.jpg\",\"keywords\":[\"Africa Press\",\"Africa Press-C\u00f4te d'Ivoire\",\"C\u00d4TE D'IVOIRE\"],\"articleSection\":[\"homepage-french\",\"Politique\",\"Toutes les actualit\u00e9s\"],\"inLanguage\":\"fr-FR\",\"potentialAction\":[{\"@type\":\"CommentAction\",\"name\":\"Comment\",\"target\":[\"https:\/\/www.africa-press.net\/cotedivoire\/politique\/en-cote-divoire-la-date-du-retour-du-president-laurent-gbagbo-toujours-pas-connue#respond\"]}]},{\"@type\":\"WebPage\",\"@id\":\"https:\/\/www.africa-press.net\/cotedivoire\/politique\/en-cote-divoire-la-date-du-retour-du-president-laurent-gbagbo-toujours-pas-connue\",\"url\":\"https:\/\/www.africa-press.net\/cotedivoire\/politique\/en-cote-divoire-la-date-du-retour-du-president-laurent-gbagbo-toujours-pas-connue\",\"name\":\"En C\u00f4te-d\u2019Ivoire la date du retour du Pr\u00e9sident Laurent Gbagbo toujours pas connue - C\u00f4te d&#039;Ivoire\",\"isPartOf\":{\"@id\":\"https:\/\/www.africa-press.net\/cotedivoire\/#website\"},\"primaryImageOfPage\":{\"@id\":\"https:\/\/www.africa-press.net\/cotedivoire\/politique\/en-cote-divoire-la-date-du-retour-du-president-laurent-gbagbo-toujours-pas-connue#primaryimage\"},\"image\":{\"@id\":\"https:\/\/www.africa-press.net\/cotedivoire\/politique\/en-cote-divoire-la-date-du-retour-du-president-laurent-gbagbo-toujours-pas-connue#primaryimage\"},\"thumbnailUrl\":\"https:\/\/static.africa-press.net\/cote\/sites\/43\/2021\/05\/img-60a8ff5ebf108.jpg\",\"datePublished\":\"2021-05-22T13:18:15+00:00\",\"dateModified\":\"2021-05-22T14:44:37+00:00\",\"author\":{\"@id\":\"https:\/\/www.africa-press.net\/cotedivoire\/#\/schema\/person\/2b1cf3cd81a31e3cd26889ca66d677f1\"},\"description\":\"Le pr\u00e9sident Laurent Gbagbo annoncera lui-m\u00eame la date de son retour quand toutes les questions li\u00e9es \u00e0 son retour seron ...\",\"breadcrumb\":{\"@id\":\"https:\/\/www.africa-press.net\/cotedivoire\/politique\/en-cote-divoire-la-date-du-retour-du-president-laurent-gbagbo-toujours-pas-connue#breadcrumb\"},\"inLanguage\":\"fr-FR\",\"potentialAction\":[{\"@type\":\"ReadAction\",\"target\":[\"https:\/\/www.africa-press.net\/cotedivoire\/politique\/en-cote-divoire-la-date-du-retour-du-president-laurent-gbagbo-toujours-pas-connue\"]}]},{\"@type\":\"ImageObject\",\"inLanguage\":\"fr-FR\",\"@id\":\"https:\/\/www.africa-press.net\/cotedivoire\/politique\/en-cote-divoire-la-date-du-retour-du-president-laurent-gbagbo-toujours-pas-connue#primaryimage\",\"url\":\"https:\/\/static.africa-press.net\/cote\/sites\/43\/2021\/05\/img-60a8ff5ebf108.jpg\",\"contentUrl\":\"https:\/\/static.africa-press.net\/cote\/sites\/43\/2021\/05\/img-60a8ff5ebf108.jpg\",\"width\":1040,\"height\":780,\"caption\":\"En C\u00f4te-d\u2019Ivoire la date du retour du Pr\u00e9sident Laurent Gbagbo toujours pas connue\"},{\"@type\":\"BreadcrumbList\",\"@id\":\"https:\/\/www.africa-press.net\/cotedivoire\/politique\/en-cote-divoire-la-date-du-retour-du-president-laurent-gbagbo-toujours-pas-connue#breadcrumb\",\"itemListElement\":[{\"@type\":\"ListItem\",\"position\":1,\"name\":\"Accueil\",\"item\":\"https:\/\/www.africa-press.net\/cotedivoire\/\"},{\"@type\":\"ListItem\",\"position\":2,\"name\":\"En C\u00f4te-d\u2019Ivoire la date du retour du Pr\u00e9sident Laurent Gbagbo toujours pas connue\"}]},{\"@type\":\"WebSite\",\"@id\":\"https:\/\/www.africa-press.net\/cotedivoire\/#website\",\"url\":\"https:\/\/www.africa-press.net\/cotedivoire\/\",\"name\":\"C\u00f4te d&#039;Ivoire\",\"description\":\"Just another Africa News Agency Sites site\",\"potentialAction\":[{\"@type\":\"SearchAction\",\"target\":{\"@type\":\"EntryPoint\",\"urlTemplate\":\"https:\/\/www.africa-press.net\/cotedivoire\/?s={search_term_string}\"},\"query-input\":{\"@type\":\"PropertyValueSpecification\",\"valueRequired\":true,\"valueName\":\"search_term_string\"}}],\"inLanguage\":\"fr-FR\"},{\"@type\":\"Person\",\"@id\":\"https:\/\/www.africa-press.net\/cotedivoire\/#\/schema\/person\/2b1cf3cd81a31e3cd26889ca66d677f1\",\"name\":\"cfeditorfr\"}]}<\/script>\n<!-- \/ Yoast SEO Premium plugin. -->","yoast_head_json":{"title":"En C\u00f4te-d\u2019Ivoire la date du retour du Pr\u00e9sident Laurent Gbagbo toujours pas connue - C\u00f4te d&#039;Ivoire","description":"Le pr\u00e9sident Laurent Gbagbo annoncera lui-m\u00eame la date de son retour quand toutes les questions li\u00e9es \u00e0 son retour seron ...","robots":{"index":"index","follow":"follow","max-snippet":"max-snippet:-1","max-image-preview":"max-image-preview:large","max-video-preview":"max-video-preview:-1"},"canonical":"https:\/\/www.africa-press.net\/cotedivoire\/politique\/en-cote-divoire-la-date-du-retour-du-president-laurent-gbagbo-toujours-pas-connue","og_locale":"fr_FR","og_type":"article","og_title":"En C\u00f4te-d\u2019Ivoire la date du retour du Pr\u00e9sident Laurent Gbagbo toujours pas connue","og_description":"Le pr\u00e9sident Laurent Gbagbo annoncera lui-m\u00eame la date de son retour quand toutes les questions li\u00e9es \u00e0 son retour seron ...","og_url":"https:\/\/www.africa-press.net\/cotedivoire\/politique\/en-cote-divoire-la-date-du-retour-du-president-laurent-gbagbo-toujours-pas-connue","og_site_name":"C\u00f4te d&#039;Ivoire","article_published_time":"2021-05-22T13:18:15+00:00","article_modified_time":"2021-05-22T14:44:37+00:00","og_image":[{"width":1040,"height":780,"url":"https:\/\/static.africa-press.net\/cote\/sites\/43\/2021\/05\/img-60a8ff5ebf108.jpg","type":"image\/jpeg"}],"author":"cfeditorfr","twitter_card":"summary_large_image","twitter_misc":{"\u00c9crit par":"cfeditorfr","Dur\u00e9e de lecture estim\u00e9e":"2 minutes"},"schema":{"@context":"https:\/\/schema.org","@graph":[{"@type":"Article","@id":"https:\/\/www.africa-press.net\/cotedivoire\/politique\/en-cote-divoire-la-date-du-retour-du-president-laurent-gbagbo-toujours-pas-connue#article","isPartOf":{"@id":"https:\/\/www.africa-press.net\/cotedivoire\/politique\/en-cote-divoire-la-date-du-retour-du-president-laurent-gbagbo-toujours-pas-connue"},"author":{"name":"cfeditorfr","@id":"https:\/\/www.africa-press.net\/cotedivoire\/#\/schema\/person\/2b1cf3cd81a31e3cd26889ca66d677f1"},"headline":"En C\u00f4te-d\u2019Ivoire la date du retour du Pr\u00e9sident Laurent Gbagbo toujours pas connue","datePublished":"2021-05-22T13:18:15+00:00","dateModified":"2021-05-22T14:44:37+00:00","mainEntityOfPage":{"@id":"https:\/\/www.africa-press.net\/cotedivoire\/politique\/en-cote-divoire-la-date-du-retour-du-president-laurent-gbagbo-toujours-pas-connue"},"wordCount":456,"commentCount":0,"image":{"@id":"https:\/\/www.africa-press.net\/cotedivoire\/politique\/en-cote-divoire-la-date-du-retour-du-president-laurent-gbagbo-toujours-pas-connue#primaryimage"},"thumbnailUrl":"https:\/\/static.africa-press.net\/cote\/sites\/43\/2021\/05\/img-60a8ff5ebf108.jpg","keywords":["Africa Press","Africa Press-C\u00f4te d'Ivoire","C\u00d4TE D'IVOIRE"],"articleSection":["homepage-french","Politique","Toutes les actualit\u00e9s"],"inLanguage":"fr-FR","potentialAction":[{"@type":"CommentAction","name":"Comment","target":["https:\/\/www.africa-press.net\/cotedivoire\/politique\/en-cote-divoire-la-date-du-retour-du-president-laurent-gbagbo-toujours-pas-connue#respond"]}]},{"@type":"WebPage","@id":"https:\/\/www.africa-press.net\/cotedivoire\/politique\/en-cote-divoire-la-date-du-retour-du-president-laurent-gbagbo-toujours-pas-connue","url":"https:\/\/www.africa-press.net\/cotedivoire\/politique\/en-cote-divoire-la-date-du-retour-du-president-laurent-gbagbo-toujours-pas-connue","name":"En C\u00f4te-d\u2019Ivoire la date du retour du Pr\u00e9sident Laurent Gbagbo toujours pas connue - C\u00f4te d&#039;Ivoire","isPartOf":{"@id":"https:\/\/www.africa-press.net\/cotedivoire\/#website"},"primaryImageOfPage":{"@id":"https:\/\/www.africa-press.net\/cotedivoire\/politique\/en-cote-divoire-la-date-du-retour-du-president-laurent-gbagbo-toujours-pas-connue#primaryimage"},"image":{"@id":"https:\/\/www.africa-press.net\/cotedivoire\/politique\/en-cote-divoire-la-date-du-retour-du-president-laurent-gbagbo-toujours-pas-connue#primaryimage"},"thumbnailUrl":"https:\/\/static.africa-press.net\/cote\/sites\/43\/2021\/05\/img-60a8ff5ebf108.jpg","datePublished":"2021-05-22T13:18:15+00:00","dateModified":"2021-05-22T14:44:37+00:00","author":{"@id":"https:\/\/www.africa-press.net\/cotedivoire\/#\/schema\/person\/2b1cf3cd81a31e3cd26889ca66d677f1"},"description":"Le pr\u00e9sident Laurent Gbagbo annoncera lui-m\u00eame la date de son retour quand toutes les questions li\u00e9es \u00e0 son retour seron ...","breadcrumb":{"@id":"https:\/\/www.africa-press.net\/cotedivoire\/politique\/en-cote-divoire-la-date-du-retour-du-president-laurent-gbagbo-toujours-pas-connue#breadcrumb"},"inLanguage":"fr-FR","potentialAction":[{"@type":"ReadAction","target":["https:\/\/www.africa-press.net\/cotedivoire\/politique\/en-cote-divoire-la-date-du-retour-du-president-laurent-gbagbo-toujours-pas-connue"]}]},{"@type":"ImageObject","inLanguage":"fr-FR","@id":"https:\/\/www.africa-press.net\/cotedivoire\/politique\/en-cote-divoire-la-date-du-retour-du-president-laurent-gbagbo-toujours-pas-connue#primaryimage","url":"https:\/\/static.africa-press.net\/cote\/sites\/43\/2021\/05\/img-60a8ff5ebf108.jpg","contentUrl":"https:\/\/static.africa-press.net\/cote\/sites\/43\/2021\/05\/img-60a8ff5ebf108.jpg","width":1040,"height":780,"caption":"En C\u00f4te-d\u2019Ivoire la date du retour du Pr\u00e9sident Laurent Gbagbo toujours pas connue"},{"@type":"BreadcrumbList","@id":"https:\/\/www.africa-press.net\/cotedivoire\/politique\/en-cote-divoire-la-date-du-retour-du-president-laurent-gbagbo-toujours-pas-connue#breadcrumb","itemListElement":[{"@type":"ListItem","position":1,"name":"Accueil","item":"https:\/\/www.africa-press.net\/cotedivoire\/"},{"@type":"ListItem","position":2,"name":"En C\u00f4te-d\u2019Ivoire la date du retour du Pr\u00e9sident Laurent Gbagbo toujours pas connue"}]},{"@type":"WebSite","@id":"https:\/\/www.africa-press.net\/cotedivoire\/#website","url":"https:\/\/www.africa-press.net\/cotedivoire\/","name":"C\u00f4te d&#039;Ivoire","description":"Just another Africa News Agency Sites site","potentialAction":[{"@type":"SearchAction","target":{"@type":"EntryPoint","urlTemplate":"https:\/\/www.africa-press.net\/cotedivoire\/?s={search_term_string}"},"query-input":{"@type":"PropertyValueSpecification","valueRequired":true,"valueName":"search_term_string"}}],"inLanguage":"fr-FR"},{"@type":"Person","@id":"https:\/\/www.africa-press.net\/cotedivoire\/#\/schema\/person\/2b1cf3cd81a31e3cd26889ca66d677f1","name":"cfeditorfr"}]}},"_links":{"self":[{"href":"https:\/\/www.africa-press.net\/cotedivoire\/wp-json\/wp\/v2\/posts\/8078","targetHints":{"allow":["GET"]}}],"collection":[{"href":"https:\/\/www.africa-press.net\/cotedivoire\/wp-json\/wp\/v2\/posts"}],"about":[{"href":"https:\/\/www.africa-press.net\/cotedivoire\/wp-json\/wp\/v2\/types\/post"}],"author":[{"embeddable":true,"href":"https:\/\/www.africa-press.net\/cotedivoire\/wp-json\/wp\/v2\/users\/82"}],"replies":[{"embeddable":true,"href":"https:\/\/www.africa-press.net\/cotedivoire\/wp-json\/wp\/v2\/comments?post=8078"}],"version-history":[{"count":0,"href":"https:\/\/www.africa-press.net\/cotedivoire\/wp-json\/wp\/v2\/posts\/8078\/revisions"}],"wp:featuredmedia":[{"embeddable":true,"href":"https:\/\/www.africa-press.net\/cotedivoire\/wp-json\/wp\/v2\/media\/8077"}],"wp:attachment":[{"href":"https:\/\/www.africa-press.net\/cotedivoire\/wp-json\/wp\/v2\/media?parent=8078"}],"wp:term":[{"taxonomy":"category","embeddable":true,"href":"https:\/\/www.africa-press.net\/cotedivoire\/wp-json\/wp\/v2\/categories?post=8078"},{"taxonomy":"post_tag","embeddable":true,"href":"https:\/\/www.africa-press.net\/cotedivoire\/wp-json\/wp\/v2\/tags?post=8078"}],"curies":[{"name":"wp","href":"https:\/\/api.w.org\/{rel}","templated":true}]}}