{"id":80794,"date":"2024-05-28T14:32:35","date_gmt":"2024-05-28T14:32:35","guid":{"rendered":"https:\/\/www.africa-press.net\/cotedivoire\/politique\/installation-de-la-coordination-estudiantine-epr-pro-rhdp-solomann-sanogo-les-enfants-dalassane-ouattara-on-ne-sait-pas-bavarder-on-travaille"},"modified":"2024-05-28T15:03:00","modified_gmt":"2024-05-28T15:03:00","slug":"installation-de-la-coordination-estudiantine-epr-pro-rhdp-solomann-sanogo-les-enfants-dalassane-ouattara-on-ne-sait-pas-bavarder-on-travaille","status":"publish","type":"post","link":"https:\/\/www.africa-press.net\/cotedivoire\/politique\/installation-de-la-coordination-estudiantine-epr-pro-rhdp-solomann-sanogo-les-enfants-dalassane-ouattara-on-ne-sait-pas-bavarder-on-travaille","title":{"rendered":"Installation de la coordination estudiantine EPR (pro-RHDP), Solomann Sanogo : \u00ab  Les enfants d&rsquo;Alassane Ouattara on ne sait pas bavarder, on travaille&#8230; \u00bb"},"content":{"rendered":"<p><span style=\"color: #ff6600\"><strong>Africa-Press &#8211; C\u00f4te d&rsquo;Ivoire. <\/strong><\/span>Le mouvement \u00ab Engage\u0301s Pour la Re\u0301publique \u00bb (EPR), proche du Rassemblement des Houphoue\u0308tistes pour la De\u0301mocratie et la Re\u0301publique (RHDP), a installe\u0301 sa section estudiantine le dimanche 26 mai 2024 a\u0300 Abidjan.<\/p>\n<p>Le pre\u0301sident Solomann Abraham Sanogo, a re\u0301ite\u0301re\u0301 a\u0300 l\u2019occasion de cette ce\u0301re\u0301monie pour proposer Alassane Ouattara comme candidat aux e\u0301lections pre\u0301sidentielles de 2025.<\/p>\n<p>Bien avant, il a souhaite\u0301 que les jeunes apportent apporteront toute leur e\u0301nergie et leur expertise pour faire avancer le cercle de re\u0301flexion et \u0153uvrer en faveur de leur mission.<\/p>\n<p>\u00ab. Votre engagement et votre dynamisme sont la preuve vivante de l&rsquo;avenir prometteur de notre nation. Vous e\u0302tes les piliers sur lesquels repose notre espoir de ba\u0302tir une Co\u0302te d&rsquo;Ivoire prospe\u0300re et solidaire \u00bb, a-t-il exhorte\u0301, avant de poursuivre.<\/p>\n<p>\u00ab Votre engagement, votre de\u0301termination et votre cre\u0301ativite\u0301 sont essentiels pour la victoire du RHDP en 2025, En soutenant les ide\u0301aux et les actions du Pre\u0301sident Alassane Ouattara, vous contribuez a\u0300 l&rsquo;e\u0301dification d&rsquo;une nation forte, unie et prospe\u0300re. En tant qu&rsquo;e\u0301tudiants, vous (levez continuer a\u0300 exceller dans vos e\u0301tudes, a\u0300 vous impliquer activement dans les projets communautaires ct a\u0300 porter haut les valeurs de notre Ensemble, nous pouvons ba\u0302tir une Co\u0302te d&rsquo;Ivoire ou\u0300 chaque jeune a la possibilite\u0301 de re\u0301aliser son potentiel, de contribuer au de\u0301veloppement de notre pays ct dc vivre dignement. C&rsquo;est un immense honneur et une grande responsabilite\u0301 que vous portez, et je suis convaincu que vous serez a\u0300 la hauteur de cette mission, Ensemble, avec de\u0301termination et solidarite\u0301, nous conduirons le RHDP a\u0300 la victoire en 2025 et poursuivrons l\u2019\u0153uvre de transformation de notre che\u0300re Co\u0302te d&rsquo;Ivoire. C&rsquo;est ainsi que je vais vous donner votre feuille de route, ici et maintenant ct de fac\u0327on solennelle \u00bb, a-t-il soutenu.<\/p>\n<p>M. Solomann a invite\u0301 les jeunes de son mouvement a\u0300 ne pas ce\u0301der a\u0300 la provocation car selon lui, ceux qui gagnent quand il y a la paix et la stabilite\u0301, ce sont eux.<\/p>\n<p>\u00ab C&rsquo;est nous qui avons inte\u0301re\u0302t a\u0300 ce que l\u2019ivoirien et le monde entier continuent de chanter les louanges ct les me\u0301rites du Pre\u0301sident Alassane Ouattara, car c&rsquo;est lui notre candidat a\u0300 l&rsquo;e\u0301lection pre\u0301sidentielle d&rsquo;octobre 2025. Il faut vous enro\u0302ler et faire enro\u0302ler tous vos amis, vos fre\u0300res et s\u0153urs sur la liste e\u0301lectorale lorsque le Commission Electorale Inde\u0301pendante (CEI) va lancer le processus. C&rsquo;est cet important travail d&rsquo;inscription sur la liste e\u0301lectorale des nouveaux majeurs qui va garantir la victoire de notre candidat au premier tour de l&rsquo;e\u0301lection pre\u0301sidentielle d&rsquo;octobre 2025. Chers amis e\u0301tudiants, donc l&rsquo;heure n&rsquo;est plus au bavardage. Nous les enfants d&rsquo;Alassane Ouattara, on ne sait pas bavarder, on travaille comme notre papa ADO. Allez donc partout en Co\u0302te d&rsquo;Ivoire, organisez des campagnes de sensibilisation dans les universite\u0301s, les grandes e\u0301coles pour inciter vos amis a\u0300 se faire enro\u0302ler car l&rsquo;inscription sur la liste e\u0301lectorale est une action citoyenne \u00bb, a-t-il conclu.<\/p>\n<p>Notons que, l\u2019investiture de la jeunesse du mouvement EPR proche du RHDP intervient apre\u0300s l\u2019installation de la coordination d\u2019Adjame\u0301.<\/p>\n<p><strong>Pour plus d&rsquo;informations et d&rsquo;analyses sur la <a href=\"https:\/\/www.africa-press.net\/cotedivoire\">C\u00f4te d&rsquo;Ivoire<\/a>, suivez <a href=\"https:\/\/www.africa-press.net\/\">Africa-Press<\/a><\/strong><\/p>\n","protected":false},"excerpt":{"rendered":"<p>Africa-Press &#8211; C\u00f4te d&rsquo;Ivoire. Le mouvement \u00ab Engage\u0301s Pour la Re\u0301publique \u00bb (EPR), proche du Rassemblement des Houphoue\u0308tistes pour la De\u0301mocratie et la Re\u0301publique (RHDP), a installe\u0301 sa section estudiantine le dimanche 26 mai 2024 a\u0300 Abidjan. Le pre\u0301sident Solomann Abraham Sanogo, a re\u0301ite\u0301re\u0301 a\u0300 l\u2019occasion de cette ce\u0301re\u0301monie pour proposer Alassane Ouattara comme candidat [&hellip;]<\/p>\n","protected":false},"author":82,"featured_media":80793,"comment_status":"open","ping_status":"closed","sticky":false,"template":"","format":"standard","meta":{"footnotes":""},"categories":[2,10],"tags":[56,63,29,9670,2548,371,12668],"class_list":["post-80794","post","type-post","status-publish","format-standard","has-post-thumbnail","hentry","category-politique","category-toutes-les-actualites","tag-africa-press","tag-africa-press-cote-divoire","tag-cote-divoire","tag-epr","tag-presidentielles","tag-rhdp","tag-solomann-sanogo"],"yoast_head":"<!-- This site is optimized with the Yoast SEO Premium plugin v26.1 (Yoast SEO v27.0) - https:\/\/yoast.com\/product\/yoast-seo-premium-wordpress\/ -->\n<title>Installation de la coordination estudiantine EPR (pro-RHDP), Solomann Sanogo : \u00ab Les enfants d&#039;Alassane Ouattara on ne sait pas bavarder, on travaille... \u00bb - C\u00f4te d&#039;Ivoire<\/title>\n<meta name=\"description\" content=\"Le mouvement \u00ab Engage\u0301s Pour la Re\u0301publique \u00bb (EPR), proche du Rassemblement des Houphoue\u0308tistes pour la De\u0301mocratie et ...\" \/>\n<meta name=\"robots\" content=\"index, follow, max-snippet:-1, max-image-preview:large, max-video-preview:-1\" \/>\n<link rel=\"canonical\" href=\"https:\/\/www.africa-press.net\/cotedivoire\/politique\/installation-de-la-coordination-estudiantine-epr-pro-rhdp-solomann-sanogo-les-enfants-dalassane-ouattara-on-ne-sait-pas-bavarder-on-travaille\" \/>\n<meta property=\"og:locale\" content=\"fr_FR\" \/>\n<meta property=\"og:type\" content=\"article\" \/>\n<meta property=\"og:title\" content=\"Installation de la coordination estudiantine EPR (pro-RHDP), Solomann Sanogo : \u00ab Les enfants d&#039;Alassane Ouattara on ne sait pas bavarder, on travaille... \u00bb\" \/>\n<meta property=\"og:description\" content=\"Le mouvement \u00ab Engage\u0301s Pour la Re\u0301publique \u00bb (EPR), proche du Rassemblement des Houphoue\u0308tistes pour la De\u0301mocratie et ...\" \/>\n<meta property=\"og:url\" content=\"https:\/\/www.africa-press.net\/cotedivoire\/politique\/installation-de-la-coordination-estudiantine-epr-pro-rhdp-solomann-sanogo-les-enfants-dalassane-ouattara-on-ne-sait-pas-bavarder-on-travaille\" \/>\n<meta property=\"og:site_name\" content=\"C\u00f4te d&#039;Ivoire\" \/>\n<meta property=\"article:published_time\" content=\"2024-05-28T14:32:35+00:00\" \/>\n<meta property=\"article:modified_time\" content=\"2024-05-28T15:03:00+00:00\" \/>\n<meta property=\"og:image\" content=\"https:\/\/static.africa-press.net\/cote\/sites\/43\/2024\/05\/sm_1716895775.140656.jpg\" \/>\n\t<meta property=\"og:image:width\" content=\"720\" \/>\n\t<meta property=\"og:image:height\" content=\"480\" \/>\n\t<meta property=\"og:image:type\" content=\"image\/jpeg\" \/>\n<meta name=\"author\" content=\"cfeditorfr\" \/>\n<meta name=\"twitter:card\" content=\"summary_large_image\" \/>\n<meta name=\"twitter:label1\" content=\"\u00c9crit par\" \/>\n\t<meta name=\"twitter:data1\" content=\"cfeditorfr\" \/>\n\t<meta name=\"twitter:label2\" content=\"Dur\u00e9e de lecture estim\u00e9e\" \/>\n\t<meta name=\"twitter:data2\" content=\"3 minutes\" \/>\n<script type=\"application\/ld+json\" class=\"yoast-schema-graph\">{\"@context\":\"https:\/\/schema.org\",\"@graph\":[{\"@type\":\"Article\",\"@id\":\"https:\/\/www.africa-press.net\/cotedivoire\/politique\/installation-de-la-coordination-estudiantine-epr-pro-rhdp-solomann-sanogo-les-enfants-dalassane-ouattara-on-ne-sait-pas-bavarder-on-travaille#article\",\"isPartOf\":{\"@id\":\"https:\/\/www.africa-press.net\/cotedivoire\/politique\/installation-de-la-coordination-estudiantine-epr-pro-rhdp-solomann-sanogo-les-enfants-dalassane-ouattara-on-ne-sait-pas-bavarder-on-travaille\"},\"author\":{\"name\":\"cfeditorfr\",\"@id\":\"https:\/\/www.africa-press.net\/cotedivoire\/#\/schema\/person\/2b1cf3cd81a31e3cd26889ca66d677f1\"},\"headline\":\"Installation de la coordination estudiantine EPR (pro-RHDP), Solomann Sanogo : \u00ab Les enfants d&rsquo;Alassane Ouattara on ne sait pas bavarder, on travaille&#8230; \u00bb\",\"datePublished\":\"2024-05-28T14:32:35+00:00\",\"dateModified\":\"2024-05-28T15:03:00+00:00\",\"mainEntityOfPage\":{\"@id\":\"https:\/\/www.africa-press.net\/cotedivoire\/politique\/installation-de-la-coordination-estudiantine-epr-pro-rhdp-solomann-sanogo-les-enfants-dalassane-ouattara-on-ne-sait-pas-bavarder-on-travaille\"},\"wordCount\":607,\"commentCount\":0,\"image\":{\"@id\":\"https:\/\/www.africa-press.net\/cotedivoire\/politique\/installation-de-la-coordination-estudiantine-epr-pro-rhdp-solomann-sanogo-les-enfants-dalassane-ouattara-on-ne-sait-pas-bavarder-on-travaille#primaryimage\"},\"thumbnailUrl\":\"https:\/\/static.africa-press.net\/cote\/sites\/43\/2024\/05\/sm_1716895775.140656.jpg\",\"keywords\":[\"Africa Press\",\"Africa Press-C\u00f4te d'Ivoire\",\"C\u00d4TE D'IVOIRE\",\"EPR\",\"pr\u00e9sidentielles\",\"RHDP\",\"Solomann Sanogo\"],\"articleSection\":[\"Politique\",\"Toutes les actualit\u00e9s\"],\"inLanguage\":\"fr-FR\",\"potentialAction\":[{\"@type\":\"CommentAction\",\"name\":\"Comment\",\"target\":[\"https:\/\/www.africa-press.net\/cotedivoire\/politique\/installation-de-la-coordination-estudiantine-epr-pro-rhdp-solomann-sanogo-les-enfants-dalassane-ouattara-on-ne-sait-pas-bavarder-on-travaille#respond\"]}]},{\"@type\":\"WebPage\",\"@id\":\"https:\/\/www.africa-press.net\/cotedivoire\/politique\/installation-de-la-coordination-estudiantine-epr-pro-rhdp-solomann-sanogo-les-enfants-dalassane-ouattara-on-ne-sait-pas-bavarder-on-travaille\",\"url\":\"https:\/\/www.africa-press.net\/cotedivoire\/politique\/installation-de-la-coordination-estudiantine-epr-pro-rhdp-solomann-sanogo-les-enfants-dalassane-ouattara-on-ne-sait-pas-bavarder-on-travaille\",\"name\":\"Installation de la coordination estudiantine EPR (pro-RHDP), Solomann Sanogo : \u00ab Les enfants d'Alassane Ouattara on ne sait pas bavarder, on travaille... \u00bb - C\u00f4te d&#039;Ivoire\",\"isPartOf\":{\"@id\":\"https:\/\/www.africa-press.net\/cotedivoire\/#website\"},\"primaryImageOfPage\":{\"@id\":\"https:\/\/www.africa-press.net\/cotedivoire\/politique\/installation-de-la-coordination-estudiantine-epr-pro-rhdp-solomann-sanogo-les-enfants-dalassane-ouattara-on-ne-sait-pas-bavarder-on-travaille#primaryimage\"},\"image\":{\"@id\":\"https:\/\/www.africa-press.net\/cotedivoire\/politique\/installation-de-la-coordination-estudiantine-epr-pro-rhdp-solomann-sanogo-les-enfants-dalassane-ouattara-on-ne-sait-pas-bavarder-on-travaille#primaryimage\"},\"thumbnailUrl\":\"https:\/\/static.africa-press.net\/cote\/sites\/43\/2024\/05\/sm_1716895775.140656.jpg\",\"datePublished\":\"2024-05-28T14:32:35+00:00\",\"dateModified\":\"2024-05-28T15:03:00+00:00\",\"author\":{\"@id\":\"https:\/\/www.africa-press.net\/cotedivoire\/#\/schema\/person\/2b1cf3cd81a31e3cd26889ca66d677f1\"},\"description\":\"Le mouvement \u00ab Engage\u0301s Pour la Re\u0301publique \u00bb (EPR), proche du Rassemblement des Houphoue\u0308tistes pour la De\u0301mocratie et ...\",\"breadcrumb\":{\"@id\":\"https:\/\/www.africa-press.net\/cotedivoire\/politique\/installation-de-la-coordination-estudiantine-epr-pro-rhdp-solomann-sanogo-les-enfants-dalassane-ouattara-on-ne-sait-pas-bavarder-on-travaille#breadcrumb\"},\"inLanguage\":\"fr-FR\",\"potentialAction\":[{\"@type\":\"ReadAction\",\"target\":[\"https:\/\/www.africa-press.net\/cotedivoire\/politique\/installation-de-la-coordination-estudiantine-epr-pro-rhdp-solomann-sanogo-les-enfants-dalassane-ouattara-on-ne-sait-pas-bavarder-on-travaille\"]}]},{\"@type\":\"ImageObject\",\"inLanguage\":\"fr-FR\",\"@id\":\"https:\/\/www.africa-press.net\/cotedivoire\/politique\/installation-de-la-coordination-estudiantine-epr-pro-rhdp-solomann-sanogo-les-enfants-dalassane-ouattara-on-ne-sait-pas-bavarder-on-travaille#primaryimage\",\"url\":\"https:\/\/static.africa-press.net\/cote\/sites\/43\/2024\/05\/sm_1716895775.140656.jpg\",\"contentUrl\":\"https:\/\/static.africa-press.net\/cote\/sites\/43\/2024\/05\/sm_1716895775.140656.jpg\",\"width\":720,\"height\":480,\"caption\":\"Installation de la coordination estudiantine EPR (pro-RHDP), Solomann Sanogo : \u00ab Les enfants d'Alassane Ouattara on ne sait pas bavarder, on travaille... \u00bb\"},{\"@type\":\"BreadcrumbList\",\"@id\":\"https:\/\/www.africa-press.net\/cotedivoire\/politique\/installation-de-la-coordination-estudiantine-epr-pro-rhdp-solomann-sanogo-les-enfants-dalassane-ouattara-on-ne-sait-pas-bavarder-on-travaille#breadcrumb\",\"itemListElement\":[{\"@type\":\"ListItem\",\"position\":1,\"name\":\"Accueil\",\"item\":\"https:\/\/www.africa-press.net\/cotedivoire\/\"},{\"@type\":\"ListItem\",\"position\":2,\"name\":\"Installation de la coordination estudiantine EPR (pro-RHDP), Solomann Sanogo : \u00ab Les enfants d&#8217;Alassane Ouattara on ne sait pas bavarder, on travaille&#8230; \u00bb\"}]},{\"@type\":\"WebSite\",\"@id\":\"https:\/\/www.africa-press.net\/cotedivoire\/#website\",\"url\":\"https:\/\/www.africa-press.net\/cotedivoire\/\",\"name\":\"C\u00f4te d&#039;Ivoire\",\"description\":\"Just another Africa News Agency Sites site\",\"potentialAction\":[{\"@type\":\"SearchAction\",\"target\":{\"@type\":\"EntryPoint\",\"urlTemplate\":\"https:\/\/www.africa-press.net\/cotedivoire\/?s={search_term_string}\"},\"query-input\":{\"@type\":\"PropertyValueSpecification\",\"valueRequired\":true,\"valueName\":\"search_term_string\"}}],\"inLanguage\":\"fr-FR\"},{\"@type\":\"Person\",\"@id\":\"https:\/\/www.africa-press.net\/cotedivoire\/#\/schema\/person\/2b1cf3cd81a31e3cd26889ca66d677f1\",\"name\":\"cfeditorfr\"}]}<\/script>\n<!-- \/ Yoast SEO Premium plugin. -->","yoast_head_json":{"title":"Installation de la coordination estudiantine EPR (pro-RHDP), Solomann Sanogo : \u00ab Les enfants d'Alassane Ouattara on ne sait pas bavarder, on travaille... \u00bb - C\u00f4te d&#039;Ivoire","description":"Le mouvement \u00ab Engage\u0301s Pour la Re\u0301publique \u00bb (EPR), proche du Rassemblement des Houphoue\u0308tistes pour la De\u0301mocratie et ...","robots":{"index":"index","follow":"follow","max-snippet":"max-snippet:-1","max-image-preview":"max-image-preview:large","max-video-preview":"max-video-preview:-1"},"canonical":"https:\/\/www.africa-press.net\/cotedivoire\/politique\/installation-de-la-coordination-estudiantine-epr-pro-rhdp-solomann-sanogo-les-enfants-dalassane-ouattara-on-ne-sait-pas-bavarder-on-travaille","og_locale":"fr_FR","og_type":"article","og_title":"Installation de la coordination estudiantine EPR (pro-RHDP), Solomann Sanogo : \u00ab Les enfants d'Alassane Ouattara on ne sait pas bavarder, on travaille... \u00bb","og_description":"Le mouvement \u00ab Engage\u0301s Pour la Re\u0301publique \u00bb (EPR), proche du Rassemblement des Houphoue\u0308tistes pour la De\u0301mocratie et ...","og_url":"https:\/\/www.africa-press.net\/cotedivoire\/politique\/installation-de-la-coordination-estudiantine-epr-pro-rhdp-solomann-sanogo-les-enfants-dalassane-ouattara-on-ne-sait-pas-bavarder-on-travaille","og_site_name":"C\u00f4te d&#039;Ivoire","article_published_time":"2024-05-28T14:32:35+00:00","article_modified_time":"2024-05-28T15:03:00+00:00","og_image":[{"width":720,"height":480,"url":"https:\/\/static.africa-press.net\/cote\/sites\/43\/2024\/05\/sm_1716895775.140656.jpg","type":"image\/jpeg"}],"author":"cfeditorfr","twitter_card":"summary_large_image","twitter_misc":{"\u00c9crit par":"cfeditorfr","Dur\u00e9e de lecture estim\u00e9e":"3 minutes"},"schema":{"@context":"https:\/\/schema.org","@graph":[{"@type":"Article","@id":"https:\/\/www.africa-press.net\/cotedivoire\/politique\/installation-de-la-coordination-estudiantine-epr-pro-rhdp-solomann-sanogo-les-enfants-dalassane-ouattara-on-ne-sait-pas-bavarder-on-travaille#article","isPartOf":{"@id":"https:\/\/www.africa-press.net\/cotedivoire\/politique\/installation-de-la-coordination-estudiantine-epr-pro-rhdp-solomann-sanogo-les-enfants-dalassane-ouattara-on-ne-sait-pas-bavarder-on-travaille"},"author":{"name":"cfeditorfr","@id":"https:\/\/www.africa-press.net\/cotedivoire\/#\/schema\/person\/2b1cf3cd81a31e3cd26889ca66d677f1"},"headline":"Installation de la coordination estudiantine EPR (pro-RHDP), Solomann Sanogo : \u00ab Les enfants d&rsquo;Alassane Ouattara on ne sait pas bavarder, on travaille&#8230; \u00bb","datePublished":"2024-05-28T14:32:35+00:00","dateModified":"2024-05-28T15:03:00+00:00","mainEntityOfPage":{"@id":"https:\/\/www.africa-press.net\/cotedivoire\/politique\/installation-de-la-coordination-estudiantine-epr-pro-rhdp-solomann-sanogo-les-enfants-dalassane-ouattara-on-ne-sait-pas-bavarder-on-travaille"},"wordCount":607,"commentCount":0,"image":{"@id":"https:\/\/www.africa-press.net\/cotedivoire\/politique\/installation-de-la-coordination-estudiantine-epr-pro-rhdp-solomann-sanogo-les-enfants-dalassane-ouattara-on-ne-sait-pas-bavarder-on-travaille#primaryimage"},"thumbnailUrl":"https:\/\/static.africa-press.net\/cote\/sites\/43\/2024\/05\/sm_1716895775.140656.jpg","keywords":["Africa Press","Africa Press-C\u00f4te d'Ivoire","C\u00d4TE D'IVOIRE","EPR","pr\u00e9sidentielles","RHDP","Solomann Sanogo"],"articleSection":["Politique","Toutes les actualit\u00e9s"],"inLanguage":"fr-FR","potentialAction":[{"@type":"CommentAction","name":"Comment","target":["https:\/\/www.africa-press.net\/cotedivoire\/politique\/installation-de-la-coordination-estudiantine-epr-pro-rhdp-solomann-sanogo-les-enfants-dalassane-ouattara-on-ne-sait-pas-bavarder-on-travaille#respond"]}]},{"@type":"WebPage","@id":"https:\/\/www.africa-press.net\/cotedivoire\/politique\/installation-de-la-coordination-estudiantine-epr-pro-rhdp-solomann-sanogo-les-enfants-dalassane-ouattara-on-ne-sait-pas-bavarder-on-travaille","url":"https:\/\/www.africa-press.net\/cotedivoire\/politique\/installation-de-la-coordination-estudiantine-epr-pro-rhdp-solomann-sanogo-les-enfants-dalassane-ouattara-on-ne-sait-pas-bavarder-on-travaille","name":"Installation de la coordination estudiantine EPR (pro-RHDP), Solomann Sanogo : \u00ab Les enfants d'Alassane Ouattara on ne sait pas bavarder, on travaille... \u00bb - C\u00f4te d&#039;Ivoire","isPartOf":{"@id":"https:\/\/www.africa-press.net\/cotedivoire\/#website"},"primaryImageOfPage":{"@id":"https:\/\/www.africa-press.net\/cotedivoire\/politique\/installation-de-la-coordination-estudiantine-epr-pro-rhdp-solomann-sanogo-les-enfants-dalassane-ouattara-on-ne-sait-pas-bavarder-on-travaille#primaryimage"},"image":{"@id":"https:\/\/www.africa-press.net\/cotedivoire\/politique\/installation-de-la-coordination-estudiantine-epr-pro-rhdp-solomann-sanogo-les-enfants-dalassane-ouattara-on-ne-sait-pas-bavarder-on-travaille#primaryimage"},"thumbnailUrl":"https:\/\/static.africa-press.net\/cote\/sites\/43\/2024\/05\/sm_1716895775.140656.jpg","datePublished":"2024-05-28T14:32:35+00:00","dateModified":"2024-05-28T15:03:00+00:00","author":{"@id":"https:\/\/www.africa-press.net\/cotedivoire\/#\/schema\/person\/2b1cf3cd81a31e3cd26889ca66d677f1"},"description":"Le mouvement \u00ab Engage\u0301s Pour la Re\u0301publique \u00bb (EPR), proche du Rassemblement des Houphoue\u0308tistes pour la De\u0301mocratie et ...","breadcrumb":{"@id":"https:\/\/www.africa-press.net\/cotedivoire\/politique\/installation-de-la-coordination-estudiantine-epr-pro-rhdp-solomann-sanogo-les-enfants-dalassane-ouattara-on-ne-sait-pas-bavarder-on-travaille#breadcrumb"},"inLanguage":"fr-FR","potentialAction":[{"@type":"ReadAction","target":["https:\/\/www.africa-press.net\/cotedivoire\/politique\/installation-de-la-coordination-estudiantine-epr-pro-rhdp-solomann-sanogo-les-enfants-dalassane-ouattara-on-ne-sait-pas-bavarder-on-travaille"]}]},{"@type":"ImageObject","inLanguage":"fr-FR","@id":"https:\/\/www.africa-press.net\/cotedivoire\/politique\/installation-de-la-coordination-estudiantine-epr-pro-rhdp-solomann-sanogo-les-enfants-dalassane-ouattara-on-ne-sait-pas-bavarder-on-travaille#primaryimage","url":"https:\/\/static.africa-press.net\/cote\/sites\/43\/2024\/05\/sm_1716895775.140656.jpg","contentUrl":"https:\/\/static.africa-press.net\/cote\/sites\/43\/2024\/05\/sm_1716895775.140656.jpg","width":720,"height":480,"caption":"Installation de la coordination estudiantine EPR (pro-RHDP), Solomann Sanogo : \u00ab Les enfants d'Alassane Ouattara on ne sait pas bavarder, on travaille... \u00bb"},{"@type":"BreadcrumbList","@id":"https:\/\/www.africa-press.net\/cotedivoire\/politique\/installation-de-la-coordination-estudiantine-epr-pro-rhdp-solomann-sanogo-les-enfants-dalassane-ouattara-on-ne-sait-pas-bavarder-on-travaille#breadcrumb","itemListElement":[{"@type":"ListItem","position":1,"name":"Accueil","item":"https:\/\/www.africa-press.net\/cotedivoire\/"},{"@type":"ListItem","position":2,"name":"Installation de la coordination estudiantine EPR (pro-RHDP), Solomann Sanogo : \u00ab Les enfants d&#8217;Alassane Ouattara on ne sait pas bavarder, on travaille&#8230; \u00bb"}]},{"@type":"WebSite","@id":"https:\/\/www.africa-press.net\/cotedivoire\/#website","url":"https:\/\/www.africa-press.net\/cotedivoire\/","name":"C\u00f4te d&#039;Ivoire","description":"Just another Africa News Agency Sites site","potentialAction":[{"@type":"SearchAction","target":{"@type":"EntryPoint","urlTemplate":"https:\/\/www.africa-press.net\/cotedivoire\/?s={search_term_string}"},"query-input":{"@type":"PropertyValueSpecification","valueRequired":true,"valueName":"search_term_string"}}],"inLanguage":"fr-FR"},{"@type":"Person","@id":"https:\/\/www.africa-press.net\/cotedivoire\/#\/schema\/person\/2b1cf3cd81a31e3cd26889ca66d677f1","name":"cfeditorfr"}]}},"_links":{"self":[{"href":"https:\/\/www.africa-press.net\/cotedivoire\/wp-json\/wp\/v2\/posts\/80794","targetHints":{"allow":["GET"]}}],"collection":[{"href":"https:\/\/www.africa-press.net\/cotedivoire\/wp-json\/wp\/v2\/posts"}],"about":[{"href":"https:\/\/www.africa-press.net\/cotedivoire\/wp-json\/wp\/v2\/types\/post"}],"author":[{"embeddable":true,"href":"https:\/\/www.africa-press.net\/cotedivoire\/wp-json\/wp\/v2\/users\/82"}],"replies":[{"embeddable":true,"href":"https:\/\/www.africa-press.net\/cotedivoire\/wp-json\/wp\/v2\/comments?post=80794"}],"version-history":[{"count":0,"href":"https:\/\/www.africa-press.net\/cotedivoire\/wp-json\/wp\/v2\/posts\/80794\/revisions"}],"wp:featuredmedia":[{"embeddable":true,"href":"https:\/\/www.africa-press.net\/cotedivoire\/wp-json\/wp\/v2\/media\/80793"}],"wp:attachment":[{"href":"https:\/\/www.africa-press.net\/cotedivoire\/wp-json\/wp\/v2\/media?parent=80794"}],"wp:term":[{"taxonomy":"category","embeddable":true,"href":"https:\/\/www.africa-press.net\/cotedivoire\/wp-json\/wp\/v2\/categories?post=80794"},{"taxonomy":"post_tag","embeddable":true,"href":"https:\/\/www.africa-press.net\/cotedivoire\/wp-json\/wp\/v2\/tags?post=80794"}],"curies":[{"name":"wp","href":"https:\/\/api.w.org\/{rel}","templated":true}]}}