{"id":8081,"date":"2021-05-22T13:26:06","date_gmt":"2021-05-22T13:26:06","guid":{"rendered":"https:\/\/www.africa-press.net\/cotedivoire\/?p=8081"},"modified":"2021-05-22T14:44:53","modified_gmt":"2021-05-22T14:44:53","slug":"cote-divoire-cacao-les-operations-commerciales-connaissent-un-leger-ralentissement-regulateur","status":"publish","type":"post","link":"https:\/\/www.africa-press.net\/cotedivoire\/economie\/cote-divoire-cacao-les-operations-commerciales-connaissent-un-leger-ralentissement-regulateur","title":{"rendered":"Cacao: Les op\u00e9rations commerciales connaissent \u00ab\u00a0un l\u00e9ger ralentissement\u00a0\u00bb (r\u00e9gulateur)"},"content":{"rendered":"<p><span style=\"color: #ff6600\"><strong><a href=\"https:\/\/www.africa-press.net\/\">Africa-Press<\/a> &#8211; <a href=\"https:\/\/www.africa-press.net\/cotedivoire\">C\u00f4te d&rsquo;Ivoire<\/a>.\u00a0 <\/strong><\/span>Les op\u00e9rations commerciales pour la campagne interm\u00e9diaire du cacao ouverte le 1er avril 2021 avec la fixation du prix bord champ \u00e0 750 FCFA\/Kg, connaissent un \u00ab l\u00e9ger ralentissement \u00bb en raison de \u00ab la baisse du rythme d\u2019approvisionnement de certains exportateurs du fait du rationnement de la fourniture de l\u2019\u00e9lectricit\u00e9 \u00bb, selon le Conseil Caf\u00e9-Cacao, le r\u00e9gulateur du secteur.<\/p>\n<p>\u00ab Le d\u00e9roulement des op\u00e9rations commerciales (achats bord champ et livraisons usines) conna\u00eet depuis le d\u00e9but du mois de mai 2021 un l\u00e9ger ralentissement suite \u00e0 la baisse du rythme d\u2019approvisionnement de certains exportateurs du fait du rationnement de la fourniture de l\u2019\u00e9lectricit\u00e9 dans les usines de conditionnement et de transformation \u00bb, peut-on lire dans la note de la direction g\u00e9n\u00e9rale du Conseil.<\/p>\n<p>La C\u00f4te d\u2019Ivoire, premier producteur mondial de l\u2019or brun fait face \u00e0 une \u00ab crise \u00e9nerg\u00e9tique \u00bb caract\u00e9ris\u00e9e par des coupures intempestives de l\u2019\u00e9lectricit\u00e9.<\/p>\n<p>Selon les autorit\u00e9s, cette situation est due \u00e0 une baisse de production de l\u2019\u00e9nergie \u00e9lectrique en raison du contexte climatique de la saison s\u00e8che qui prive d\u2019une partie importante de la production de l\u2019\u00e9nergie hydraulique et du retard, en raison de la Covid-19, de la r\u00e9alisation des investissements pr\u00e9vus pour augmenter la production en \u00e9nergie thermique.<\/p>\n<p>Pour r\u00e9sorber le probl\u00e8me, le gouvernement a \u00e9tabli un programme de rationnement de la fourniture de l\u2019\u00e9lectricit\u00e9 avec des coupures pouvant aller jusqu\u2019\u00e0 6 heures.<\/p>\n<p>Face \u00e0 cette situation, le Conseil Caf\u00e9-Cacao a tenu \u00e0 rassurer les op\u00e9rateurs que \u00ab les dispositions sont prises pour un retour \u00e0 la normale du rythme de commercialisation \u00bb.<\/p>\n<p>\u00ab Tous les stocks de cacao disponibles seront r\u00e9guli\u00e8rement absorb\u00e9s par les exportateurs conform\u00e9ment \u00e0 leurs engagements contractuels sur la campagne 2020-2021 \u00bb, a ajout\u00e9 le r\u00e9gulateur.<\/p>\n<p>Au niveau de la production, le pays a r\u00e9colt\u00e9 2,225 millions de tonnes de f\u00e8ves, soit 1,675 million de tonnes pour la campagne principale et 550.000 tonnes pour la campagne interm\u00e9diaire.<\/p>\n<p>Selon le directeur du Conseil Caf\u00e9-Cacao, le Diff\u00e9rentiel de revenu d\u00e9cent (DRD), une prime de 400 dollars par tonne, a g\u00e9n\u00e9r\u00e9 \u00ab 516 milliards FCFA pay\u00e9s \u00bb aux planteurs au titre de la campagne 2020-2021.<\/p>\n<p>&nbsp;<\/p>\n","protected":false},"excerpt":{"rendered":"<p>Africa-Press &#8211; C\u00f4te d&rsquo;Ivoire.\u00a0 Les op\u00e9rations commerciales pour la campagne interm\u00e9diaire du cacao ouverte le 1er avril 2021 avec la fixation du prix bord champ \u00e0 750 FCFA\/Kg, connaissent un \u00ab l\u00e9ger ralentissement \u00bb en raison de \u00ab la baisse du rythme d\u2019approvisionnement de certains exportateurs du fait du rationnement de la fourniture de l\u2019\u00e9lectricit\u00e9 [&hellip;]<\/p>\n","protected":false},"author":82,"featured_media":8080,"comment_status":"open","ping_status":"closed","sticky":false,"template":"","format":"standard","meta":{"footnotes":""},"categories":[3,11,20,10],"tags":[56,63,29],"class_list":["post-8081","post","type-post","status-publish","format-standard","has-post-thumbnail","hentry","category-economie","category-homepage-french","category-top-nouvelles","category-toutes-les-actualites","tag-africa-press","tag-africa-press-cote-divoire","tag-cote-divoire"],"yoast_head":"<!-- This site is optimized with the Yoast SEO Premium plugin v26.1 (Yoast SEO v27.0) - https:\/\/yoast.com\/product\/yoast-seo-premium-wordpress\/ -->\n<title>Cacao: Les op\u00e9rations commerciales connaissent \u00ab\u00a0un l\u00e9ger ralentissement\u00a0\u00bb (r\u00e9gulateur) - C\u00f4te d&#039;Ivoire<\/title>\n<meta name=\"description\" content=\"Djamal AKINBOLA Les op\u00e9rations commerciales pour la campagne interm\u00e9diaire du cacao ouverte le 1er avril 2021 avec la f ...\" \/>\n<meta name=\"robots\" content=\"index, follow, max-snippet:-1, max-image-preview:large, max-video-preview:-1\" \/>\n<link rel=\"canonical\" href=\"https:\/\/www.africa-press.net\/cotedivoire\/economie\/cote-divoire-cacao-les-operations-commerciales-connaissent-un-leger-ralentissement-regulateur\" \/>\n<meta property=\"og:locale\" content=\"fr_FR\" \/>\n<meta property=\"og:type\" content=\"article\" \/>\n<meta property=\"og:title\" content=\"Cacao: Les op\u00e9rations commerciales connaissent \u00ab\u00a0un l\u00e9ger ralentissement\u00a0\u00bb (r\u00e9gulateur)\" \/>\n<meta property=\"og:description\" content=\"Djamal AKINBOLA Les op\u00e9rations commerciales pour la campagne interm\u00e9diaire du cacao ouverte le 1er avril 2021 avec la f ...\" \/>\n<meta property=\"og:url\" content=\"https:\/\/www.africa-press.net\/cotedivoire\/economie\/cote-divoire-cacao-les-operations-commerciales-connaissent-un-leger-ralentissement-regulateur\" \/>\n<meta property=\"og:site_name\" content=\"C\u00f4te d&#039;Ivoire\" \/>\n<meta property=\"article:published_time\" content=\"2021-05-22T13:26:06+00:00\" \/>\n<meta property=\"article:modified_time\" content=\"2021-05-22T14:44:53+00:00\" \/>\n<meta property=\"og:image\" content=\"https:\/\/static.africa-press.net\/cote\/sites\/43\/2021\/05\/img-60a8ff93cdd99.jpg\" \/>\n\t<meta property=\"og:image:width\" content=\"720\" \/>\n\t<meta property=\"og:image:height\" content=\"404\" \/>\n\t<meta property=\"og:image:type\" content=\"image\/jpeg\" \/>\n<meta name=\"author\" content=\"cfeditorfr\" \/>\n<meta name=\"twitter:card\" content=\"summary_large_image\" \/>\n<meta name=\"twitter:label1\" content=\"\u00c9crit par\" \/>\n\t<meta name=\"twitter:data1\" content=\"cfeditorfr\" \/>\n\t<meta name=\"twitter:label2\" content=\"Dur\u00e9e de lecture estim\u00e9e\" \/>\n\t<meta name=\"twitter:data2\" content=\"2 minutes\" \/>\n<script type=\"application\/ld+json\" class=\"yoast-schema-graph\">{\"@context\":\"https:\/\/schema.org\",\"@graph\":[{\"@type\":\"Article\",\"@id\":\"https:\/\/www.africa-press.net\/cotedivoire\/economie\/cote-divoire-cacao-les-operations-commerciales-connaissent-un-leger-ralentissement-regulateur#article\",\"isPartOf\":{\"@id\":\"https:\/\/www.africa-press.net\/cotedivoire\/economie\/cote-divoire-cacao-les-operations-commerciales-connaissent-un-leger-ralentissement-regulateur\"},\"author\":{\"name\":\"cfeditorfr\",\"@id\":\"https:\/\/www.africa-press.net\/cotedivoire\/#\/schema\/person\/2b1cf3cd81a31e3cd26889ca66d677f1\"},\"headline\":\"Cacao: Les op\u00e9rations commerciales connaissent \u00ab\u00a0un l\u00e9ger ralentissement\u00a0\u00bb (r\u00e9gulateur)\",\"datePublished\":\"2021-05-22T13:26:06+00:00\",\"dateModified\":\"2021-05-22T14:44:53+00:00\",\"mainEntityOfPage\":{\"@id\":\"https:\/\/www.africa-press.net\/cotedivoire\/economie\/cote-divoire-cacao-les-operations-commerciales-connaissent-un-leger-ralentissement-regulateur\"},\"wordCount\":389,\"commentCount\":0,\"image\":{\"@id\":\"https:\/\/www.africa-press.net\/cotedivoire\/economie\/cote-divoire-cacao-les-operations-commerciales-connaissent-un-leger-ralentissement-regulateur#primaryimage\"},\"thumbnailUrl\":\"https:\/\/static.africa-press.net\/cote\/sites\/43\/2021\/05\/img-60a8ff93cdd99.jpg\",\"keywords\":[\"Africa Press\",\"Africa Press-C\u00f4te d'Ivoire\",\"C\u00d4TE D'IVOIRE\"],\"articleSection\":[\"\u00c9conomie\",\"homepage-french\",\"Top Nouvelles\",\"Toutes les actualit\u00e9s\"],\"inLanguage\":\"fr-FR\",\"potentialAction\":[{\"@type\":\"CommentAction\",\"name\":\"Comment\",\"target\":[\"https:\/\/www.africa-press.net\/cotedivoire\/economie\/cote-divoire-cacao-les-operations-commerciales-connaissent-un-leger-ralentissement-regulateur#respond\"]}]},{\"@type\":\"WebPage\",\"@id\":\"https:\/\/www.africa-press.net\/cotedivoire\/economie\/cote-divoire-cacao-les-operations-commerciales-connaissent-un-leger-ralentissement-regulateur\",\"url\":\"https:\/\/www.africa-press.net\/cotedivoire\/economie\/cote-divoire-cacao-les-operations-commerciales-connaissent-un-leger-ralentissement-regulateur\",\"name\":\"Cacao: Les op\u00e9rations commerciales connaissent \u00ab\u00a0un l\u00e9ger ralentissement\u00a0\u00bb (r\u00e9gulateur) - C\u00f4te d&#039;Ivoire\",\"isPartOf\":{\"@id\":\"https:\/\/www.africa-press.net\/cotedivoire\/#website\"},\"primaryImageOfPage\":{\"@id\":\"https:\/\/www.africa-press.net\/cotedivoire\/economie\/cote-divoire-cacao-les-operations-commerciales-connaissent-un-leger-ralentissement-regulateur#primaryimage\"},\"image\":{\"@id\":\"https:\/\/www.africa-press.net\/cotedivoire\/economie\/cote-divoire-cacao-les-operations-commerciales-connaissent-un-leger-ralentissement-regulateur#primaryimage\"},\"thumbnailUrl\":\"https:\/\/static.africa-press.net\/cote\/sites\/43\/2021\/05\/img-60a8ff93cdd99.jpg\",\"datePublished\":\"2021-05-22T13:26:06+00:00\",\"dateModified\":\"2021-05-22T14:44:53+00:00\",\"author\":{\"@id\":\"https:\/\/www.africa-press.net\/cotedivoire\/#\/schema\/person\/2b1cf3cd81a31e3cd26889ca66d677f1\"},\"description\":\"Djamal AKINBOLA Les op\u00e9rations commerciales pour la campagne interm\u00e9diaire du cacao ouverte le 1er avril 2021 avec la f ...\",\"breadcrumb\":{\"@id\":\"https:\/\/www.africa-press.net\/cotedivoire\/economie\/cote-divoire-cacao-les-operations-commerciales-connaissent-un-leger-ralentissement-regulateur#breadcrumb\"},\"inLanguage\":\"fr-FR\",\"potentialAction\":[{\"@type\":\"ReadAction\",\"target\":[\"https:\/\/www.africa-press.net\/cotedivoire\/economie\/cote-divoire-cacao-les-operations-commerciales-connaissent-un-leger-ralentissement-regulateur\"]}]},{\"@type\":\"ImageObject\",\"inLanguage\":\"fr-FR\",\"@id\":\"https:\/\/www.africa-press.net\/cotedivoire\/economie\/cote-divoire-cacao-les-operations-commerciales-connaissent-un-leger-ralentissement-regulateur#primaryimage\",\"url\":\"https:\/\/static.africa-press.net\/cote\/sites\/43\/2021\/05\/img-60a8ff93cdd99.jpg\",\"contentUrl\":\"https:\/\/static.africa-press.net\/cote\/sites\/43\/2021\/05\/img-60a8ff93cdd99.jpg\",\"width\":720,\"height\":404,\"caption\":\"C\u00f4te d\u2019Ivoire\/Cacao: Les op\u00e9rations commerciales connaissent \u00ab\u00a0un l\u00e9ger ralentissement\u00a0\u00bb (r\u00e9gulateur)\"},{\"@type\":\"BreadcrumbList\",\"@id\":\"https:\/\/www.africa-press.net\/cotedivoire\/economie\/cote-divoire-cacao-les-operations-commerciales-connaissent-un-leger-ralentissement-regulateur#breadcrumb\",\"itemListElement\":[{\"@type\":\"ListItem\",\"position\":1,\"name\":\"Accueil\",\"item\":\"https:\/\/www.africa-press.net\/cotedivoire\/\"},{\"@type\":\"ListItem\",\"position\":2,\"name\":\"Cacao: Les op\u00e9rations commerciales connaissent \u00ab\u00a0un l\u00e9ger ralentissement\u00a0\u00bb (r\u00e9gulateur)\"}]},{\"@type\":\"WebSite\",\"@id\":\"https:\/\/www.africa-press.net\/cotedivoire\/#website\",\"url\":\"https:\/\/www.africa-press.net\/cotedivoire\/\",\"name\":\"C\u00f4te d&#039;Ivoire\",\"description\":\"Just another Africa News Agency Sites site\",\"potentialAction\":[{\"@type\":\"SearchAction\",\"target\":{\"@type\":\"EntryPoint\",\"urlTemplate\":\"https:\/\/www.africa-press.net\/cotedivoire\/?s={search_term_string}\"},\"query-input\":{\"@type\":\"PropertyValueSpecification\",\"valueRequired\":true,\"valueName\":\"search_term_string\"}}],\"inLanguage\":\"fr-FR\"},{\"@type\":\"Person\",\"@id\":\"https:\/\/www.africa-press.net\/cotedivoire\/#\/schema\/person\/2b1cf3cd81a31e3cd26889ca66d677f1\",\"name\":\"cfeditorfr\"}]}<\/script>\n<!-- \/ Yoast SEO Premium plugin. -->","yoast_head_json":{"title":"Cacao: Les op\u00e9rations commerciales connaissent \u00ab\u00a0un l\u00e9ger ralentissement\u00a0\u00bb (r\u00e9gulateur) - C\u00f4te d&#039;Ivoire","description":"Djamal AKINBOLA Les op\u00e9rations commerciales pour la campagne interm\u00e9diaire du cacao ouverte le 1er avril 2021 avec la f ...","robots":{"index":"index","follow":"follow","max-snippet":"max-snippet:-1","max-image-preview":"max-image-preview:large","max-video-preview":"max-video-preview:-1"},"canonical":"https:\/\/www.africa-press.net\/cotedivoire\/economie\/cote-divoire-cacao-les-operations-commerciales-connaissent-un-leger-ralentissement-regulateur","og_locale":"fr_FR","og_type":"article","og_title":"Cacao: Les op\u00e9rations commerciales connaissent \u00ab\u00a0un l\u00e9ger ralentissement\u00a0\u00bb (r\u00e9gulateur)","og_description":"Djamal AKINBOLA Les op\u00e9rations commerciales pour la campagne interm\u00e9diaire du cacao ouverte le 1er avril 2021 avec la f ...","og_url":"https:\/\/www.africa-press.net\/cotedivoire\/economie\/cote-divoire-cacao-les-operations-commerciales-connaissent-un-leger-ralentissement-regulateur","og_site_name":"C\u00f4te d&#039;Ivoire","article_published_time":"2021-05-22T13:26:06+00:00","article_modified_time":"2021-05-22T14:44:53+00:00","og_image":[{"width":720,"height":404,"url":"https:\/\/static.africa-press.net\/cote\/sites\/43\/2021\/05\/img-60a8ff93cdd99.jpg","type":"image\/jpeg"}],"author":"cfeditorfr","twitter_card":"summary_large_image","twitter_misc":{"\u00c9crit par":"cfeditorfr","Dur\u00e9e de lecture estim\u00e9e":"2 minutes"},"schema":{"@context":"https:\/\/schema.org","@graph":[{"@type":"Article","@id":"https:\/\/www.africa-press.net\/cotedivoire\/economie\/cote-divoire-cacao-les-operations-commerciales-connaissent-un-leger-ralentissement-regulateur#article","isPartOf":{"@id":"https:\/\/www.africa-press.net\/cotedivoire\/economie\/cote-divoire-cacao-les-operations-commerciales-connaissent-un-leger-ralentissement-regulateur"},"author":{"name":"cfeditorfr","@id":"https:\/\/www.africa-press.net\/cotedivoire\/#\/schema\/person\/2b1cf3cd81a31e3cd26889ca66d677f1"},"headline":"Cacao: Les op\u00e9rations commerciales connaissent \u00ab\u00a0un l\u00e9ger ralentissement\u00a0\u00bb (r\u00e9gulateur)","datePublished":"2021-05-22T13:26:06+00:00","dateModified":"2021-05-22T14:44:53+00:00","mainEntityOfPage":{"@id":"https:\/\/www.africa-press.net\/cotedivoire\/economie\/cote-divoire-cacao-les-operations-commerciales-connaissent-un-leger-ralentissement-regulateur"},"wordCount":389,"commentCount":0,"image":{"@id":"https:\/\/www.africa-press.net\/cotedivoire\/economie\/cote-divoire-cacao-les-operations-commerciales-connaissent-un-leger-ralentissement-regulateur#primaryimage"},"thumbnailUrl":"https:\/\/static.africa-press.net\/cote\/sites\/43\/2021\/05\/img-60a8ff93cdd99.jpg","keywords":["Africa Press","Africa Press-C\u00f4te d'Ivoire","C\u00d4TE D'IVOIRE"],"articleSection":["\u00c9conomie","homepage-french","Top Nouvelles","Toutes les actualit\u00e9s"],"inLanguage":"fr-FR","potentialAction":[{"@type":"CommentAction","name":"Comment","target":["https:\/\/www.africa-press.net\/cotedivoire\/economie\/cote-divoire-cacao-les-operations-commerciales-connaissent-un-leger-ralentissement-regulateur#respond"]}]},{"@type":"WebPage","@id":"https:\/\/www.africa-press.net\/cotedivoire\/economie\/cote-divoire-cacao-les-operations-commerciales-connaissent-un-leger-ralentissement-regulateur","url":"https:\/\/www.africa-press.net\/cotedivoire\/economie\/cote-divoire-cacao-les-operations-commerciales-connaissent-un-leger-ralentissement-regulateur","name":"Cacao: Les op\u00e9rations commerciales connaissent \u00ab\u00a0un l\u00e9ger ralentissement\u00a0\u00bb (r\u00e9gulateur) - C\u00f4te d&#039;Ivoire","isPartOf":{"@id":"https:\/\/www.africa-press.net\/cotedivoire\/#website"},"primaryImageOfPage":{"@id":"https:\/\/www.africa-press.net\/cotedivoire\/economie\/cote-divoire-cacao-les-operations-commerciales-connaissent-un-leger-ralentissement-regulateur#primaryimage"},"image":{"@id":"https:\/\/www.africa-press.net\/cotedivoire\/economie\/cote-divoire-cacao-les-operations-commerciales-connaissent-un-leger-ralentissement-regulateur#primaryimage"},"thumbnailUrl":"https:\/\/static.africa-press.net\/cote\/sites\/43\/2021\/05\/img-60a8ff93cdd99.jpg","datePublished":"2021-05-22T13:26:06+00:00","dateModified":"2021-05-22T14:44:53+00:00","author":{"@id":"https:\/\/www.africa-press.net\/cotedivoire\/#\/schema\/person\/2b1cf3cd81a31e3cd26889ca66d677f1"},"description":"Djamal AKINBOLA Les op\u00e9rations commerciales pour la campagne interm\u00e9diaire du cacao ouverte le 1er avril 2021 avec la f ...","breadcrumb":{"@id":"https:\/\/www.africa-press.net\/cotedivoire\/economie\/cote-divoire-cacao-les-operations-commerciales-connaissent-un-leger-ralentissement-regulateur#breadcrumb"},"inLanguage":"fr-FR","potentialAction":[{"@type":"ReadAction","target":["https:\/\/www.africa-press.net\/cotedivoire\/economie\/cote-divoire-cacao-les-operations-commerciales-connaissent-un-leger-ralentissement-regulateur"]}]},{"@type":"ImageObject","inLanguage":"fr-FR","@id":"https:\/\/www.africa-press.net\/cotedivoire\/economie\/cote-divoire-cacao-les-operations-commerciales-connaissent-un-leger-ralentissement-regulateur#primaryimage","url":"https:\/\/static.africa-press.net\/cote\/sites\/43\/2021\/05\/img-60a8ff93cdd99.jpg","contentUrl":"https:\/\/static.africa-press.net\/cote\/sites\/43\/2021\/05\/img-60a8ff93cdd99.jpg","width":720,"height":404,"caption":"C\u00f4te d\u2019Ivoire\/Cacao: Les op\u00e9rations commerciales connaissent \u00ab\u00a0un l\u00e9ger ralentissement\u00a0\u00bb (r\u00e9gulateur)"},{"@type":"BreadcrumbList","@id":"https:\/\/www.africa-press.net\/cotedivoire\/economie\/cote-divoire-cacao-les-operations-commerciales-connaissent-un-leger-ralentissement-regulateur#breadcrumb","itemListElement":[{"@type":"ListItem","position":1,"name":"Accueil","item":"https:\/\/www.africa-press.net\/cotedivoire\/"},{"@type":"ListItem","position":2,"name":"Cacao: Les op\u00e9rations commerciales connaissent \u00ab\u00a0un l\u00e9ger ralentissement\u00a0\u00bb (r\u00e9gulateur)"}]},{"@type":"WebSite","@id":"https:\/\/www.africa-press.net\/cotedivoire\/#website","url":"https:\/\/www.africa-press.net\/cotedivoire\/","name":"C\u00f4te d&#039;Ivoire","description":"Just another Africa News Agency Sites site","potentialAction":[{"@type":"SearchAction","target":{"@type":"EntryPoint","urlTemplate":"https:\/\/www.africa-press.net\/cotedivoire\/?s={search_term_string}"},"query-input":{"@type":"PropertyValueSpecification","valueRequired":true,"valueName":"search_term_string"}}],"inLanguage":"fr-FR"},{"@type":"Person","@id":"https:\/\/www.africa-press.net\/cotedivoire\/#\/schema\/person\/2b1cf3cd81a31e3cd26889ca66d677f1","name":"cfeditorfr"}]}},"_links":{"self":[{"href":"https:\/\/www.africa-press.net\/cotedivoire\/wp-json\/wp\/v2\/posts\/8081","targetHints":{"allow":["GET"]}}],"collection":[{"href":"https:\/\/www.africa-press.net\/cotedivoire\/wp-json\/wp\/v2\/posts"}],"about":[{"href":"https:\/\/www.africa-press.net\/cotedivoire\/wp-json\/wp\/v2\/types\/post"}],"author":[{"embeddable":true,"href":"https:\/\/www.africa-press.net\/cotedivoire\/wp-json\/wp\/v2\/users\/82"}],"replies":[{"embeddable":true,"href":"https:\/\/www.africa-press.net\/cotedivoire\/wp-json\/wp\/v2\/comments?post=8081"}],"version-history":[{"count":0,"href":"https:\/\/www.africa-press.net\/cotedivoire\/wp-json\/wp\/v2\/posts\/8081\/revisions"}],"wp:featuredmedia":[{"embeddable":true,"href":"https:\/\/www.africa-press.net\/cotedivoire\/wp-json\/wp\/v2\/media\/8080"}],"wp:attachment":[{"href":"https:\/\/www.africa-press.net\/cotedivoire\/wp-json\/wp\/v2\/media?parent=8081"}],"wp:term":[{"taxonomy":"category","embeddable":true,"href":"https:\/\/www.africa-press.net\/cotedivoire\/wp-json\/wp\/v2\/categories?post=8081"},{"taxonomy":"post_tag","embeddable":true,"href":"https:\/\/www.africa-press.net\/cotedivoire\/wp-json\/wp\/v2\/tags?post=8081"}],"curies":[{"name":"wp","href":"https:\/\/api.w.org\/{rel}","templated":true}]}}