{"id":8099,"date":"2021-05-23T13:02:20","date_gmt":"2021-05-23T13:02:20","guid":{"rendered":"https:\/\/www.africa-press.net\/cotedivoire\/?p=8099"},"modified":"2021-05-23T17:35:08","modified_gmt":"2021-05-23T17:35:08","slug":"a-man-en-cote-divoire-les-secrets-de-la-residence-des-ex-gouverneurs-a-1300m-daltitude","status":"publish","type":"post","link":"https:\/\/www.africa-press.net\/cotedivoire\/culture-et-art\/a-man-en-cote-divoire-les-secrets-de-la-residence-des-ex-gouverneurs-a-1300m-daltitude","title":{"rendered":"A Man en C\u00f4te d\u2019Ivoire les secrets de la R\u00e9sidence des ex-gouverneurs \u00e0 1300m d\u2019altitude"},"content":{"rendered":"<p><span style=\"color: #ff6600\"><strong><a href=\"https:\/\/www.africa-press.net\/\">Africa-Press<\/a> &#8211; <a href=\"https:\/\/www.africa-press.net\/cotedivoire\">C\u00f4te d&rsquo;Ivoire<\/a>. <\/strong><\/span>La R\u00e9sidence des Gouverneurs, dans la r\u00e9gion du Grand Cercle de Man, pendant la p\u00e9riode coloniale, \u00e9tait au sommet du Tonkpi, \u00e0 environ 1300 m\u00e8tres d\u2019altitude. Une habitation dont les travaux ont d\u00e9but\u00e9 vers 1930 et se sont achev\u00e9s en 1935. Route menant au sommet du Tonkpi construite \u00e0 la main; r\u00e9sidence \u00e0 l\u2019allure d\u2019une forteresse, construite avec d\u2019\u00e9normes masses de pierres granitiques transport\u00e9es sur la t\u00eate et polies \u00e0 la main : le tout r\u00e9alis\u00e9 par les populations autochtones locales, sous la supervision des gardes de cercle tr\u00e8s z\u00e9l\u00e9s et parfois violents. Apr\u00e8s une r\u00e9cente randonn\u00e9e au sommet du Tonkpi, nous avons voulu en savoir davantage.<\/p>\n<p>\u00ab \u00catre en altitude pour dominer \u00bb nous a dit un jour, feu Diomand\u00e9 Gbind\u00e9, alors chef de terre et chef du village Biangouin (village originel de Biankouma), une localit\u00e9 autrefois situ\u00e9e au sommet du Mont-Bian \u00e0 plus de 600 m\u00e8tres d\u2019altitude. Une seule piste en forme de spirale menait \u00e0 ce village. Configuration topographique presque identique pour tous les villages toura et yacouba dans l\u2019Ouest montagneux de la C\u00f4te d\u2019Ivoire bien avant la p\u00e9riode coloniale . \u00catre en altitude, permettait jadis aux populations autochtones desdites localit\u00e9s de ma\u00eetriser les \u00e9ventuels mouvements des potentiels ennemis.<\/p>\n<p>Le patriarche Gonss\u00e9 Pierre, chef de tribu et du village de Gb\u00e9pleu, dans la commune de Man dit presque la m\u00eame chose : \u00ab Les premiers colons venus dans la r\u00e9gion se m\u00e9fiaient des populations indig\u00e8nes. Ils cherchaient toujours des zones s\u00e9curis\u00e9es. Cependant, je pense surtout que c\u2019est par imitation que les colons ont choisi de s\u2019\u00e9tablir au sommet du Tonkpi. Car, la quasi-totalit\u00e9 des chefs de villages originaires de Man, qui participaient aux diff\u00e9rentes s\u00e9ances de travail avec les responsables administratifs avaient leur village respectif situ\u00e9 \u00e0 la cime d\u2019une montagne. En s\u2019\u00e9tablissant au sommet du Tonkpi, le colonisateur avait la ma\u00eetrise des diff\u00e9rents mouvements des populations \u00bb.<\/p>\n<p>Un peu plus loin, Louaty Soumahoro, actuel chef de village de Dingouin, une localit\u00e9 situ\u00e9e \u00e0 6 km du chef- lieu de la sous-pr\u00e9fecture de Biankouma, \u00e2g\u00e9 de plus de 80 ans, cheveux grisonnants, instituteur \u00e0 la retraite, celui qui a v\u00e9cu dans le cercle familial restreint du gouverneur Pierre Mesmin souligne : \u00ab \u00c0 la dimension s\u00e9curitaire, il faut ajouter le climat atypique au sommet du Tonkpi. Un climat unique en son genre en C\u00f4te d\u2019Ivoire, qui rappelle aux Europ\u00e9ens, celui de la France \u00bb.<\/p>\n<p>\u00ab Le gouverneur Pierre Mesmin ne r\u00e9sidait pas en permanence au sommet du Tonkpi. Il s\u2019y rendait une fois par semaine, selon son agenda. Il n\u2019y allait pas seul. Il \u00e9tait presque tout le temps accompagn\u00e9 par d\u2019autres amis europ\u00e9ens. Avec pour principal objectif : se d\u00e9tendre, et surtout respirer l\u2019air frais et l\u00e9ger du sommet du Tonkpi. Par ailleurs, c\u2019est \u00e9galement, ce climat particulier au sommet du Tonkpi, qui a donn\u00e9 l\u2019id\u00e9e de l\u2019exploitation agricole du sapin, du quinquina, des plantes de th\u00e9 et d\u2019autres plantes exotiques au gouverneur Pierre Mesmin.\u00bb<\/p>\n<p><b>T\u00e9moignage sur l\u2019avant-dernier gouverneur<\/b><\/p>\n<p>\u00ab La r\u00e9sidence principale des gouverneurs, \u00e0 l\u2019\u00e9poque coloniale, est l\u2019actuel local qui abrite la Pr\u00e9sidence de la R\u00e9publique de C\u00f4te d\u2019Ivoire, dans le quartier Plateau \u00e0 Abidjan. Petit ramasseur de balles du gouverneur Pierre Mesmin, j\u2019\u00e9tais de presque tous les voyages \u00e0 Man, au sommet du Tonkpi. Le gouverneur Pierre Mesmin aimait beaucoup jouer au ping-pong les apr\u00e8s-midi et j\u2019\u00e9tais son principal ramasseur de balles. Je me souviens, j\u2019\u00e9tais encore \u00e9colier. De la r\u00e9sidence du gouverneur au Plateau (Abidjan), je me rendais \u00e0 l\u2019\u00e9cole primaire priv\u00e9e \u00ab Go Boni Alphonse \u00bb \u00e0 Treichville.<\/p>\n<p>\u00ab Mon oncle Gba Sadia a, pendant plusieurs d\u00e9cennies \u00e9t\u00e9 le cuisinier principal des gouverneurs qui se sont succ\u00e9d\u00e9 en C\u00f4te d\u2019Ivoire pendant la p\u00e9riode coloniale, ce, jusqu\u2019en 1960. C\u2019est lui qui a favoris\u00e9 mon introduction dans le cercle familial du gouverneur Pierre Mesmin. Un administrateur travailleur, gentil et tr\u00e8s g\u00e9n\u00e9reux qui, \u00e0 la veille des f\u00eates de No\u00ebl et de Nouvel An partageait un repas d\u2019ensemble avec la presque totalit\u00e9 des chefs de canton et de villages. Chacun d\u2019eux rejoignait son village respectif avec un cadeau de la main du gouverneur. \u00c0 moi, de nombreux pr\u00e9sents ont \u00e9t\u00e9 offerts. Mais, je retiens qu\u2019\u00e0 chacune des rentr\u00e9es scolaires, le gouverneur m\u2019offrait : une chaussure ferm\u00e9e, un cartable et une tenue kaki bien cousue.<\/p>\n<p>\u00ab C\u2019est ici le lieu d\u2019\u00e9clairer la lanterne des uns et des autres. Pierre Mesmin n\u2019a pas \u00e9t\u00e9 le dernier gouverneur fran\u00e7ais en C\u00f4te d\u2019ivoire. Pierre Mesmin a quitt\u00e9 la C\u00f4te d\u2019ivoire en 1955, avec pour destination Dakar, capitale du S\u00e9n\u00e9gal, mais \u00e9galement capitale de l\u2019Afrique occidentale fran\u00e7aise (AOF). Il rejoindra sa France natale peu avant 1960, date de l\u2019ind\u00e9pendance du S\u00e9n\u00e9gal.<\/p>\n<p>Avec lui, son cousin Seydou Soumahoro, l\u2019unique enfant africain que le couple a adopt\u00e9 \u00bb. En 1955, il sera remplac\u00e9 par le gouverneur Pierre Lamy.\u00bb<\/p>\n<p><b>\u00a0<\/b><\/p>\n","protected":false},"excerpt":{"rendered":"<p>Africa-Press &#8211; C\u00f4te d&rsquo;Ivoire. La R\u00e9sidence des Gouverneurs, dans la r\u00e9gion du Grand Cercle de Man, pendant la p\u00e9riode coloniale, \u00e9tait au sommet du Tonkpi, \u00e0 environ 1300 m\u00e8tres d\u2019altitude. Une habitation dont les travaux ont d\u00e9but\u00e9 vers 1930 et se sont achev\u00e9s en 1935. Route menant au sommet du Tonkpi construite \u00e0 la main; [&hellip;]<\/p>\n","protected":false},"author":82,"featured_media":8098,"comment_status":"open","ping_status":"closed","sticky":false,"template":"","format":"standard","meta":{"footnotes":""},"categories":[5,11,10],"tags":[56,63,29],"class_list":["post-8099","post","type-post","status-publish","format-standard","has-post-thumbnail","hentry","category-culture-et-art","category-homepage-french","category-toutes-les-actualites","tag-africa-press","tag-africa-press-cote-divoire","tag-cote-divoire"],"yoast_head":"<!-- This site is optimized with the Yoast SEO Premium plugin v26.1 (Yoast SEO v27.0) - https:\/\/yoast.com\/product\/yoast-seo-premium-wordpress\/ -->\n<title>A Man en C\u00f4te d\u2019Ivoire les secrets de la R\u00e9sidence des ex-gouverneurs \u00e0 1300m d\u2019altitude - C\u00f4te d&#039;Ivoire<\/title>\n<meta name=\"description\" content=\"La R\u00e9sidence des Gouverneurs, dans la r\u00e9gion du Grand Cercle de Man, pendant la p\u00e9riode coloniale, \u00e9tait au sommet du To ...\" \/>\n<meta name=\"robots\" content=\"index, follow, max-snippet:-1, max-image-preview:large, max-video-preview:-1\" \/>\n<link rel=\"canonical\" href=\"https:\/\/www.africa-press.net\/cotedivoire\/culture-et-art\/a-man-en-cote-divoire-les-secrets-de-la-residence-des-ex-gouverneurs-a-1300m-daltitude\" \/>\n<meta property=\"og:locale\" content=\"fr_FR\" \/>\n<meta property=\"og:type\" content=\"article\" \/>\n<meta property=\"og:title\" content=\"A Man en C\u00f4te d\u2019Ivoire les secrets de la R\u00e9sidence des ex-gouverneurs \u00e0 1300m d\u2019altitude\" \/>\n<meta property=\"og:description\" content=\"La R\u00e9sidence des Gouverneurs, dans la r\u00e9gion du Grand Cercle de Man, pendant la p\u00e9riode coloniale, \u00e9tait au sommet du To ...\" \/>\n<meta property=\"og:url\" content=\"https:\/\/www.africa-press.net\/cotedivoire\/culture-et-art\/a-man-en-cote-divoire-les-secrets-de-la-residence-des-ex-gouverneurs-a-1300m-daltitude\" \/>\n<meta property=\"og:site_name\" content=\"C\u00f4te d&#039;Ivoire\" \/>\n<meta property=\"article:published_time\" content=\"2021-05-23T13:02:20+00:00\" \/>\n<meta property=\"article:modified_time\" content=\"2021-05-23T17:35:08+00:00\" \/>\n<meta property=\"og:image\" content=\"https:\/\/static.africa-press.net\/cote\/sites\/43\/2021\/05\/img-60aa4fbc7901f.jpg\" \/>\n\t<meta property=\"og:image:width\" content=\"720\" \/>\n\t<meta property=\"og:image:height\" content=\"480\" \/>\n\t<meta property=\"og:image:type\" content=\"image\/jpeg\" \/>\n<meta name=\"author\" content=\"cfeditorfr\" \/>\n<meta name=\"twitter:card\" content=\"summary_large_image\" \/>\n<meta name=\"twitter:label1\" content=\"\u00c9crit par\" \/>\n\t<meta name=\"twitter:data1\" content=\"cfeditorfr\" \/>\n\t<meta name=\"twitter:label2\" content=\"Dur\u00e9e de lecture estim\u00e9e\" \/>\n\t<meta name=\"twitter:data2\" content=\"4 minutes\" \/>\n<script type=\"application\/ld+json\" class=\"yoast-schema-graph\">{\"@context\":\"https:\/\/schema.org\",\"@graph\":[{\"@type\":\"Article\",\"@id\":\"https:\/\/www.africa-press.net\/cotedivoire\/culture-et-art\/a-man-en-cote-divoire-les-secrets-de-la-residence-des-ex-gouverneurs-a-1300m-daltitude#article\",\"isPartOf\":{\"@id\":\"https:\/\/www.africa-press.net\/cotedivoire\/culture-et-art\/a-man-en-cote-divoire-les-secrets-de-la-residence-des-ex-gouverneurs-a-1300m-daltitude\"},\"author\":{\"name\":\"cfeditorfr\",\"@id\":\"https:\/\/www.africa-press.net\/cotedivoire\/#\/schema\/person\/2b1cf3cd81a31e3cd26889ca66d677f1\"},\"headline\":\"A Man en C\u00f4te d\u2019Ivoire les secrets de la R\u00e9sidence des ex-gouverneurs \u00e0 1300m d\u2019altitude\",\"datePublished\":\"2021-05-23T13:02:20+00:00\",\"dateModified\":\"2021-05-23T17:35:08+00:00\",\"mainEntityOfPage\":{\"@id\":\"https:\/\/www.africa-press.net\/cotedivoire\/culture-et-art\/a-man-en-cote-divoire-les-secrets-de-la-residence-des-ex-gouverneurs-a-1300m-daltitude\"},\"wordCount\":890,\"commentCount\":0,\"image\":{\"@id\":\"https:\/\/www.africa-press.net\/cotedivoire\/culture-et-art\/a-man-en-cote-divoire-les-secrets-de-la-residence-des-ex-gouverneurs-a-1300m-daltitude#primaryimage\"},\"thumbnailUrl\":\"https:\/\/static.africa-press.net\/cote\/sites\/43\/2021\/05\/img-60aa4fbc7901f.jpg\",\"keywords\":[\"Africa Press\",\"Africa Press-C\u00f4te d'Ivoire\",\"C\u00d4TE D'IVOIRE\"],\"articleSection\":[\"Culture et Art\",\"homepage-french\",\"Toutes les actualit\u00e9s\"],\"inLanguage\":\"fr-FR\",\"potentialAction\":[{\"@type\":\"CommentAction\",\"name\":\"Comment\",\"target\":[\"https:\/\/www.africa-press.net\/cotedivoire\/culture-et-art\/a-man-en-cote-divoire-les-secrets-de-la-residence-des-ex-gouverneurs-a-1300m-daltitude#respond\"]}]},{\"@type\":\"WebPage\",\"@id\":\"https:\/\/www.africa-press.net\/cotedivoire\/culture-et-art\/a-man-en-cote-divoire-les-secrets-de-la-residence-des-ex-gouverneurs-a-1300m-daltitude\",\"url\":\"https:\/\/www.africa-press.net\/cotedivoire\/culture-et-art\/a-man-en-cote-divoire-les-secrets-de-la-residence-des-ex-gouverneurs-a-1300m-daltitude\",\"name\":\"A Man en C\u00f4te d\u2019Ivoire les secrets de la R\u00e9sidence des ex-gouverneurs \u00e0 1300m d\u2019altitude - C\u00f4te d&#039;Ivoire\",\"isPartOf\":{\"@id\":\"https:\/\/www.africa-press.net\/cotedivoire\/#website\"},\"primaryImageOfPage\":{\"@id\":\"https:\/\/www.africa-press.net\/cotedivoire\/culture-et-art\/a-man-en-cote-divoire-les-secrets-de-la-residence-des-ex-gouverneurs-a-1300m-daltitude#primaryimage\"},\"image\":{\"@id\":\"https:\/\/www.africa-press.net\/cotedivoire\/culture-et-art\/a-man-en-cote-divoire-les-secrets-de-la-residence-des-ex-gouverneurs-a-1300m-daltitude#primaryimage\"},\"thumbnailUrl\":\"https:\/\/static.africa-press.net\/cote\/sites\/43\/2021\/05\/img-60aa4fbc7901f.jpg\",\"datePublished\":\"2021-05-23T13:02:20+00:00\",\"dateModified\":\"2021-05-23T17:35:08+00:00\",\"author\":{\"@id\":\"https:\/\/www.africa-press.net\/cotedivoire\/#\/schema\/person\/2b1cf3cd81a31e3cd26889ca66d677f1\"},\"description\":\"La R\u00e9sidence des Gouverneurs, dans la r\u00e9gion du Grand Cercle de Man, pendant la p\u00e9riode coloniale, \u00e9tait au sommet du To ...\",\"breadcrumb\":{\"@id\":\"https:\/\/www.africa-press.net\/cotedivoire\/culture-et-art\/a-man-en-cote-divoire-les-secrets-de-la-residence-des-ex-gouverneurs-a-1300m-daltitude#breadcrumb\"},\"inLanguage\":\"fr-FR\",\"potentialAction\":[{\"@type\":\"ReadAction\",\"target\":[\"https:\/\/www.africa-press.net\/cotedivoire\/culture-et-art\/a-man-en-cote-divoire-les-secrets-de-la-residence-des-ex-gouverneurs-a-1300m-daltitude\"]}]},{\"@type\":\"ImageObject\",\"inLanguage\":\"fr-FR\",\"@id\":\"https:\/\/www.africa-press.net\/cotedivoire\/culture-et-art\/a-man-en-cote-divoire-les-secrets-de-la-residence-des-ex-gouverneurs-a-1300m-daltitude#primaryimage\",\"url\":\"https:\/\/static.africa-press.net\/cote\/sites\/43\/2021\/05\/img-60aa4fbc7901f.jpg\",\"contentUrl\":\"https:\/\/static.africa-press.net\/cote\/sites\/43\/2021\/05\/img-60aa4fbc7901f.jpg\",\"width\":720,\"height\":480,\"caption\":\"A Man en C\u00f4te d\u2019Ivoire les secrets de la R\u00e9sidence des ex-gouverneurs \u00e0 1300m d\u2019altitude\"},{\"@type\":\"BreadcrumbList\",\"@id\":\"https:\/\/www.africa-press.net\/cotedivoire\/culture-et-art\/a-man-en-cote-divoire-les-secrets-de-la-residence-des-ex-gouverneurs-a-1300m-daltitude#breadcrumb\",\"itemListElement\":[{\"@type\":\"ListItem\",\"position\":1,\"name\":\"Accueil\",\"item\":\"https:\/\/www.africa-press.net\/cotedivoire\/\"},{\"@type\":\"ListItem\",\"position\":2,\"name\":\"A Man en C\u00f4te d\u2019Ivoire les secrets de la R\u00e9sidence des ex-gouverneurs \u00e0 1300m d\u2019altitude\"}]},{\"@type\":\"WebSite\",\"@id\":\"https:\/\/www.africa-press.net\/cotedivoire\/#website\",\"url\":\"https:\/\/www.africa-press.net\/cotedivoire\/\",\"name\":\"C\u00f4te d&#039;Ivoire\",\"description\":\"Just another Africa News Agency Sites site\",\"potentialAction\":[{\"@type\":\"SearchAction\",\"target\":{\"@type\":\"EntryPoint\",\"urlTemplate\":\"https:\/\/www.africa-press.net\/cotedivoire\/?s={search_term_string}\"},\"query-input\":{\"@type\":\"PropertyValueSpecification\",\"valueRequired\":true,\"valueName\":\"search_term_string\"}}],\"inLanguage\":\"fr-FR\"},{\"@type\":\"Person\",\"@id\":\"https:\/\/www.africa-press.net\/cotedivoire\/#\/schema\/person\/2b1cf3cd81a31e3cd26889ca66d677f1\",\"name\":\"cfeditorfr\"}]}<\/script>\n<!-- \/ Yoast SEO Premium plugin. -->","yoast_head_json":{"title":"A Man en C\u00f4te d\u2019Ivoire les secrets de la R\u00e9sidence des ex-gouverneurs \u00e0 1300m d\u2019altitude - C\u00f4te d&#039;Ivoire","description":"La R\u00e9sidence des Gouverneurs, dans la r\u00e9gion du Grand Cercle de Man, pendant la p\u00e9riode coloniale, \u00e9tait au sommet du To ...","robots":{"index":"index","follow":"follow","max-snippet":"max-snippet:-1","max-image-preview":"max-image-preview:large","max-video-preview":"max-video-preview:-1"},"canonical":"https:\/\/www.africa-press.net\/cotedivoire\/culture-et-art\/a-man-en-cote-divoire-les-secrets-de-la-residence-des-ex-gouverneurs-a-1300m-daltitude","og_locale":"fr_FR","og_type":"article","og_title":"A Man en C\u00f4te d\u2019Ivoire les secrets de la R\u00e9sidence des ex-gouverneurs \u00e0 1300m d\u2019altitude","og_description":"La R\u00e9sidence des Gouverneurs, dans la r\u00e9gion du Grand Cercle de Man, pendant la p\u00e9riode coloniale, \u00e9tait au sommet du To ...","og_url":"https:\/\/www.africa-press.net\/cotedivoire\/culture-et-art\/a-man-en-cote-divoire-les-secrets-de-la-residence-des-ex-gouverneurs-a-1300m-daltitude","og_site_name":"C\u00f4te d&#039;Ivoire","article_published_time":"2021-05-23T13:02:20+00:00","article_modified_time":"2021-05-23T17:35:08+00:00","og_image":[{"width":720,"height":480,"url":"https:\/\/static.africa-press.net\/cote\/sites\/43\/2021\/05\/img-60aa4fbc7901f.jpg","type":"image\/jpeg"}],"author":"cfeditorfr","twitter_card":"summary_large_image","twitter_misc":{"\u00c9crit par":"cfeditorfr","Dur\u00e9e de lecture estim\u00e9e":"4 minutes"},"schema":{"@context":"https:\/\/schema.org","@graph":[{"@type":"Article","@id":"https:\/\/www.africa-press.net\/cotedivoire\/culture-et-art\/a-man-en-cote-divoire-les-secrets-de-la-residence-des-ex-gouverneurs-a-1300m-daltitude#article","isPartOf":{"@id":"https:\/\/www.africa-press.net\/cotedivoire\/culture-et-art\/a-man-en-cote-divoire-les-secrets-de-la-residence-des-ex-gouverneurs-a-1300m-daltitude"},"author":{"name":"cfeditorfr","@id":"https:\/\/www.africa-press.net\/cotedivoire\/#\/schema\/person\/2b1cf3cd81a31e3cd26889ca66d677f1"},"headline":"A Man en C\u00f4te d\u2019Ivoire les secrets de la R\u00e9sidence des ex-gouverneurs \u00e0 1300m d\u2019altitude","datePublished":"2021-05-23T13:02:20+00:00","dateModified":"2021-05-23T17:35:08+00:00","mainEntityOfPage":{"@id":"https:\/\/www.africa-press.net\/cotedivoire\/culture-et-art\/a-man-en-cote-divoire-les-secrets-de-la-residence-des-ex-gouverneurs-a-1300m-daltitude"},"wordCount":890,"commentCount":0,"image":{"@id":"https:\/\/www.africa-press.net\/cotedivoire\/culture-et-art\/a-man-en-cote-divoire-les-secrets-de-la-residence-des-ex-gouverneurs-a-1300m-daltitude#primaryimage"},"thumbnailUrl":"https:\/\/static.africa-press.net\/cote\/sites\/43\/2021\/05\/img-60aa4fbc7901f.jpg","keywords":["Africa Press","Africa Press-C\u00f4te d'Ivoire","C\u00d4TE D'IVOIRE"],"articleSection":["Culture et Art","homepage-french","Toutes les actualit\u00e9s"],"inLanguage":"fr-FR","potentialAction":[{"@type":"CommentAction","name":"Comment","target":["https:\/\/www.africa-press.net\/cotedivoire\/culture-et-art\/a-man-en-cote-divoire-les-secrets-de-la-residence-des-ex-gouverneurs-a-1300m-daltitude#respond"]}]},{"@type":"WebPage","@id":"https:\/\/www.africa-press.net\/cotedivoire\/culture-et-art\/a-man-en-cote-divoire-les-secrets-de-la-residence-des-ex-gouverneurs-a-1300m-daltitude","url":"https:\/\/www.africa-press.net\/cotedivoire\/culture-et-art\/a-man-en-cote-divoire-les-secrets-de-la-residence-des-ex-gouverneurs-a-1300m-daltitude","name":"A Man en C\u00f4te d\u2019Ivoire les secrets de la R\u00e9sidence des ex-gouverneurs \u00e0 1300m d\u2019altitude - C\u00f4te d&#039;Ivoire","isPartOf":{"@id":"https:\/\/www.africa-press.net\/cotedivoire\/#website"},"primaryImageOfPage":{"@id":"https:\/\/www.africa-press.net\/cotedivoire\/culture-et-art\/a-man-en-cote-divoire-les-secrets-de-la-residence-des-ex-gouverneurs-a-1300m-daltitude#primaryimage"},"image":{"@id":"https:\/\/www.africa-press.net\/cotedivoire\/culture-et-art\/a-man-en-cote-divoire-les-secrets-de-la-residence-des-ex-gouverneurs-a-1300m-daltitude#primaryimage"},"thumbnailUrl":"https:\/\/static.africa-press.net\/cote\/sites\/43\/2021\/05\/img-60aa4fbc7901f.jpg","datePublished":"2021-05-23T13:02:20+00:00","dateModified":"2021-05-23T17:35:08+00:00","author":{"@id":"https:\/\/www.africa-press.net\/cotedivoire\/#\/schema\/person\/2b1cf3cd81a31e3cd26889ca66d677f1"},"description":"La R\u00e9sidence des Gouverneurs, dans la r\u00e9gion du Grand Cercle de Man, pendant la p\u00e9riode coloniale, \u00e9tait au sommet du To ...","breadcrumb":{"@id":"https:\/\/www.africa-press.net\/cotedivoire\/culture-et-art\/a-man-en-cote-divoire-les-secrets-de-la-residence-des-ex-gouverneurs-a-1300m-daltitude#breadcrumb"},"inLanguage":"fr-FR","potentialAction":[{"@type":"ReadAction","target":["https:\/\/www.africa-press.net\/cotedivoire\/culture-et-art\/a-man-en-cote-divoire-les-secrets-de-la-residence-des-ex-gouverneurs-a-1300m-daltitude"]}]},{"@type":"ImageObject","inLanguage":"fr-FR","@id":"https:\/\/www.africa-press.net\/cotedivoire\/culture-et-art\/a-man-en-cote-divoire-les-secrets-de-la-residence-des-ex-gouverneurs-a-1300m-daltitude#primaryimage","url":"https:\/\/static.africa-press.net\/cote\/sites\/43\/2021\/05\/img-60aa4fbc7901f.jpg","contentUrl":"https:\/\/static.africa-press.net\/cote\/sites\/43\/2021\/05\/img-60aa4fbc7901f.jpg","width":720,"height":480,"caption":"A Man en C\u00f4te d\u2019Ivoire les secrets de la R\u00e9sidence des ex-gouverneurs \u00e0 1300m d\u2019altitude"},{"@type":"BreadcrumbList","@id":"https:\/\/www.africa-press.net\/cotedivoire\/culture-et-art\/a-man-en-cote-divoire-les-secrets-de-la-residence-des-ex-gouverneurs-a-1300m-daltitude#breadcrumb","itemListElement":[{"@type":"ListItem","position":1,"name":"Accueil","item":"https:\/\/www.africa-press.net\/cotedivoire\/"},{"@type":"ListItem","position":2,"name":"A Man en C\u00f4te d\u2019Ivoire les secrets de la R\u00e9sidence des ex-gouverneurs \u00e0 1300m d\u2019altitude"}]},{"@type":"WebSite","@id":"https:\/\/www.africa-press.net\/cotedivoire\/#website","url":"https:\/\/www.africa-press.net\/cotedivoire\/","name":"C\u00f4te d&#039;Ivoire","description":"Just another Africa News Agency Sites site","potentialAction":[{"@type":"SearchAction","target":{"@type":"EntryPoint","urlTemplate":"https:\/\/www.africa-press.net\/cotedivoire\/?s={search_term_string}"},"query-input":{"@type":"PropertyValueSpecification","valueRequired":true,"valueName":"search_term_string"}}],"inLanguage":"fr-FR"},{"@type":"Person","@id":"https:\/\/www.africa-press.net\/cotedivoire\/#\/schema\/person\/2b1cf3cd81a31e3cd26889ca66d677f1","name":"cfeditorfr"}]}},"_links":{"self":[{"href":"https:\/\/www.africa-press.net\/cotedivoire\/wp-json\/wp\/v2\/posts\/8099","targetHints":{"allow":["GET"]}}],"collection":[{"href":"https:\/\/www.africa-press.net\/cotedivoire\/wp-json\/wp\/v2\/posts"}],"about":[{"href":"https:\/\/www.africa-press.net\/cotedivoire\/wp-json\/wp\/v2\/types\/post"}],"author":[{"embeddable":true,"href":"https:\/\/www.africa-press.net\/cotedivoire\/wp-json\/wp\/v2\/users\/82"}],"replies":[{"embeddable":true,"href":"https:\/\/www.africa-press.net\/cotedivoire\/wp-json\/wp\/v2\/comments?post=8099"}],"version-history":[{"count":0,"href":"https:\/\/www.africa-press.net\/cotedivoire\/wp-json\/wp\/v2\/posts\/8099\/revisions"}],"wp:featuredmedia":[{"embeddable":true,"href":"https:\/\/www.africa-press.net\/cotedivoire\/wp-json\/wp\/v2\/media\/8098"}],"wp:attachment":[{"href":"https:\/\/www.africa-press.net\/cotedivoire\/wp-json\/wp\/v2\/media?parent=8099"}],"wp:term":[{"taxonomy":"category","embeddable":true,"href":"https:\/\/www.africa-press.net\/cotedivoire\/wp-json\/wp\/v2\/categories?post=8099"},{"taxonomy":"post_tag","embeddable":true,"href":"https:\/\/www.africa-press.net\/cotedivoire\/wp-json\/wp\/v2\/tags?post=8099"}],"curies":[{"name":"wp","href":"https:\/\/api.w.org\/{rel}","templated":true}]}}